{"id":178710,"date":"2024-10-28T23:00:00","date_gmt":"2024-10-29T02:00:00","guid":{"rendered":"https:\/\/www.gaveanews.com\/?p=178710"},"modified":"2024-10-28T22:23:58","modified_gmt":"2024-10-29T01:23:58","slug":"flamengo-emite-nota-oficial-direcionada-ao-palmeiras","status":"publish","type":"post","link":"https:\/\/www.gaveanews.com\/index.php\/2024\/10\/28\/flamengo-emite-nota-oficial-direcionada-ao-palmeiras\/","title":{"rendered":"Flamengo emite nota oficial direcionada ao Palmeiras"},"content":{"rendered":"\n<h2 class=\"wp-block-heading\" id=\"h-flamengo-repudia-emboscada-de-torcida-organizada\">Flamengo repudia emboscada de Torcida Organizada<\/h2>\n\n\n\n<p>O Flamengo pressionou as autoridades governamentais sobre a armadilha planejada pela Mancha Verde, a principal torcida organizada do Palmeiras, que promoveu cenas de conflito entre as torcidas advers\u00e1rias no \u00faltimo domingo (28). O ataque ao \u00f4nibus da M\u00e1fia Azul, torcida organizada do Cruzeiro, resultou na morte de um torcedor e deixou outros 17 feridos, sendo 12 em estado grave no hospital.<\/p>\n\n\n\n<ul class=\"wp-block-list\">\n<li><a href=\"https:\/\/www.gaveanews.com\/index.php\/2024\/10\/28\/gabigol-hulk-fabio-santos-raphael-veiga-reinaldo-edenilson-thiago-galhardo-guilherme-bissoli-wellington-paulista-e-gilberto-os-jogadores-com-mais-gols-de-penalti-no-brasileirao\/\">Gabigol, Hulk, F\u00e1bio Santos, Raphael Veiga, Reinaldo, Edenilson, Thiago Galhardo, Guilherme Bissoli, Wellington Paulista e Gilberto: os jogadores com mais gols de p\u00eanalti no Brasileir\u00e3o<\/a><\/li>\n\n\n\n<li><a href=\"https:\/\/www.gaveanews.com\/index.php\/2024\/10\/28\/atacante-do-flamengo-everton-cebolinha-reata-com-isa-ranieri\/\">Atacante do Flamengo, Everton Cebolinha reata com Isa Ranieri<br><\/a><\/li>\n<\/ul>\n\n\n\n<p>A emboscada armada por membros da Mancha Verde contra os cruzeirenses, que regressavam do rev\u00e9s contra o Athletico em Curitiba, aconteceu na manh\u00e3 do domingo passado. O ve\u00edculo circulava pela Rodovia Fern\u00e3o Dias, perto de Mairipor\u00e3, na \u00e1rea metropolitana de S\u00e3o Paulo, quando foi atacado pelos torcedores do Palmeiras. N\u00e3o existem registros de les\u00f5es entre os adeptos do Palmeiras.<\/p>\n\n\n\n<p>A Procuradoria Geral de Justi\u00e7a de S\u00e3o Paulo estabeleceu que a investiga\u00e7\u00e3o do caso ser\u00e1 conduzida diretamente pelo Minist\u00e9rio P\u00fablico. O Grupo de Atua\u00e7\u00e3o Especial de Combate ao Crime Organizado (GAECO) foi tamb\u00e9m mobilizado, pois o Procurador Paulo S\u00e9rgio de Oliveira e Costa acredita que existem ind\u00edcios de que certas organiza\u00e7\u00f5es agem como fac\u00e7\u00f5es criminosas. Portanto, a interven\u00e7\u00e3o do GAECO \u00e9 justificada.<\/p>\n\n\n\n<figure class=\"wp-block-image size-full\"><img loading=\"lazy\" decoding=\"async\" width=\"640\" height=\"360\" src=\"https:\/\/www.gaveanews.com\/wp-content\/uploads\/torcida-do-palmeiras.webp\" alt=\"\" class=\"wp-image-155979\" srcset=\"https:\/\/www.gaveanews.com\/wp-content\/uploads\/torcida-do-palmeiras.webp 640w, https:\/\/www.gaveanews.com\/wp-content\/uploads\/torcida-do-palmeiras-300x169.webp 300w, https:\/\/www.gaveanews.com\/wp-content\/uploads\/torcida-do-palmeiras-100x56.webp 100w\" sizes=\"auto, (max-width: 640px) 100vw, 640px\" \/><figcaption class=\"wp-element-caption\">torcida do palmeiras (Foto: Cesar Greco\/Palmeiras)<\/figcaption><\/figure>\n\n\n\n<h2 class=\"wp-block-heading\" id=\"h-veja-a-nota-do-flamengo-em-repudio-sobre-o-ato\">Veja a nota do Flamengo em repudio sobre o ato:<\/h2>\n\n\n\n<p><em>&#8220;Uma vez mais, o futebol brasileiro testemunha cenas de guerra entre torcidas rivais. Mas, desta vez, um torcedor do Cruzeiro perdeu a vida e v\u00e1rios outros ficaram feridos em uma emboscada orquestrada por uma organizada do Palmeiras. Essas cenas s\u00e3o absurdas e inaceit\u00e1veis.<\/em><\/p>\n\n\n\n<p><em>As autoridades governamentais e os dirigentes do futebol brasileiro precisam unir for\u00e7as para combater esse problema com a\u00e7\u00f5es firmes e rigorosas contra esses delinquentes.<\/em><\/p>\n\n\n\n<p><em>O Flamengo lamenta profundamente esse epis\u00f3dio tr\u00e1gico e se solidariza com os familiares e amigos do torcedor falecido. Desejamos ainda uma pronta recupera\u00e7\u00e3o aos feridos.<\/em><\/p>\n\n\n\n<p><em>Pedimos \u00e0s autoridades e clubes coirm\u00e3os total dedica\u00e7\u00e3o para combatermos juntos essa viol\u00eancia desmedida e despropositada&#8221;.<\/em><\/p>\n","protected":false},"excerpt":{"rendered":"<p>Flamengo repudia emboscada de Torcida Organizada O Flamengo pressionou as autoridades governamentais sobre a armadilha planejada pela Mancha Verde, a principal torcida organizada do Palmeiras, que promoveu cenas de conflito entre as torcidas advers\u00e1rias no \u00faltimo domingo (28). O ataque ao \u00f4nibus da M\u00e1fia Azul, torcida organizada do Cruzeiro, resultou na morte de um torcedor [&hellip;]<\/p>\n","protected":false},"author":16,"featured_media":118011,"comment_status":"open","ping_status":"closed","sticky":false,"template":"","format":"standard","meta":{"footnotes":""},"categories":[1,150],"tags":[],"class_list":["post-178710","post","type-post","status-publish","format-standard","has-post-thumbnail","hentry","category-flamengo","category-palmeiras"],"yoast_head":"<!-- This site is optimized with the Yoast SEO Premium plugin v24.2 (Yoast SEO v26.9) - https:\/\/yoast.com\/product\/yoast-seo-premium-wordpress\/ -->\n<title>Flamengo emite nota oficial direcionada ao Palmeiras<\/title>\n<meta name=\"description\" content=\"Flamengo emite nota oficial direcionada ao Palmeiras\" \/>\n<meta name=\"robots\" content=\"index, follow, max-snippet:-1, max-image-preview:large, max-video-preview:-1\" \/>\n<link rel=\"canonical\" href=\"https:\/\/www.gaveanews.com\/index.php\/2024\/10\/28\/flamengo-emite-nota-oficial-direcionada-ao-palmeiras\/\" \/>\n<meta property=\"og:locale\" content=\"pt_BR\" \/>\n<meta property=\"og:type\" content=\"article\" \/>\n<meta property=\"og:title\" content=\"Flamengo emite nota oficial direcionada ao Palmeiras\" \/>\n<meta property=\"og:description\" content=\"Flamengo emite nota oficial direcionada ao Palmeiras\" \/>\n<meta property=\"og:url\" content=\"https:\/\/www.gaveanews.com\/index.php\/2024\/10\/28\/flamengo-emite-nota-oficial-direcionada-ao-palmeiras\/\" \/>\n<meta property=\"og:site_name\" content=\"G\u00e1vea News\" \/>\n<meta property=\"article:publisher\" content=\"https:\/\/facebook.com\/gaveaNews\/\" \/>\n<meta property=\"article:published_time\" content=\"2024-10-29T02:00:00+00:00\" \/>\n<meta property=\"og:image\" content=\"https:\/\/www.gaveanews.com\/wp-content\/uploads\/landim-e-marco-braz.webp\" \/>\n\t<meta property=\"og:image:width\" content=\"1500\" \/>\n\t<meta property=\"og:image:height\" content=\"844\" \/>\n\t<meta property=\"og:image:type\" content=\"image\/webp\" \/>\n<meta name=\"author\" content=\"D\u00e9bora Figueiredo\" \/>\n<meta name=\"twitter:card\" content=\"summary_large_image\" \/>\n<meta name=\"twitter:label1\" content=\"Escrito por\" \/>\n\t<meta name=\"twitter:data1\" content=\"D\u00e9bora Figueiredo\" \/>\n\t<meta name=\"twitter:label2\" content=\"Est. tempo de leitura\" \/>\n\t<meta name=\"twitter:data2\" content=\"3 minutos\" \/>\n<script type=\"application\/ld+json\" class=\"yoast-schema-graph\">{\"@context\":\"https:\/\/schema.org\",\"@graph\":[{\"@type\":\"NewsArticle\",\"@id\":\"https:\/\/www.gaveanews.com\/index.php\/2024\/10\/28\/flamengo-emite-nota-oficial-direcionada-ao-palmeiras\/#article\",\"isPartOf\":{\"@id\":\"https:\/\/www.gaveanews.com\/index.php\/2024\/10\/28\/flamengo-emite-nota-oficial-direcionada-ao-palmeiras\/\"},\"author\":{\"name\":\"D\u00e9bora Figueiredo\",\"@id\":\"https:\/\/www.gaveanews.com\/#\/schema\/person\/37122681a8575a5c8db05a56f099a5e4\"},\"headline\":\"Flamengo emite nota oficial direcionada ao Palmeiras\",\"datePublished\":\"2024-10-29T02:00:00+00:00\",\"mainEntityOfPage\":{\"@id\":\"https:\/\/www.gaveanews.com\/index.php\/2024\/10\/28\/flamengo-emite-nota-oficial-direcionada-ao-palmeiras\/\"},\"wordCount\":384,\"commentCount\":0,\"image\":{\"@id\":\"https:\/\/www.gaveanews.com\/index.php\/2024\/10\/28\/flamengo-emite-nota-oficial-direcionada-ao-palmeiras\/#primaryimage\"},\"thumbnailUrl\":\"https:\/\/www.gaveanews.com\/wp-content\/uploads\/landim-e-marco-braz.webp\",\"articleSection\":[\"Flamengo\",\"Palmeiras\"],\"inLanguage\":\"pt-BR\",\"potentialAction\":[{\"@type\":\"CommentAction\",\"name\":\"Comment\",\"target\":[\"https:\/\/www.gaveanews.com\/index.php\/2024\/10\/28\/flamengo-emite-nota-oficial-direcionada-ao-palmeiras\/#respond\"]}],\"copyrightYear\":\"2024\",\"copyrightHolder\":{\"@id\":\"https:\/\/www.gaveanews.com\/#organization\"}},{\"@type\":\"WebPage\",\"@id\":\"https:\/\/www.gaveanews.com\/index.php\/2024\/10\/28\/flamengo-emite-nota-oficial-direcionada-ao-palmeiras\/\",\"url\":\"https:\/\/www.gaveanews.com\/index.php\/2024\/10\/28\/flamengo-emite-nota-oficial-direcionada-ao-palmeiras\/\",\"name\":\"Flamengo emite nota oficial direcionada ao Palmeiras\",\"isPartOf\":{\"@id\":\"https:\/\/www.gaveanews.com\/#website\"},\"primaryImageOfPage\":{\"@id\":\"https:\/\/www.gaveanews.com\/index.php\/2024\/10\/28\/flamengo-emite-nota-oficial-direcionada-ao-palmeiras\/#primaryimage\"},\"image\":{\"@id\":\"https:\/\/www.gaveanews.com\/index.php\/2024\/10\/28\/flamengo-emite-nota-oficial-direcionada-ao-palmeiras\/#primaryimage\"},\"thumbnailUrl\":\"https:\/\/www.gaveanews.com\/wp-content\/uploads\/landim-e-marco-braz.webp\",\"datePublished\":\"2024-10-29T02:00:00+00:00\",\"author\":{\"@id\":\"https:\/\/www.gaveanews.com\/#\/schema\/person\/37122681a8575a5c8db05a56f099a5e4\"},\"description\":\"Flamengo emite nota oficial direcionada ao Palmeiras\",\"breadcrumb\":{\"@id\":\"https:\/\/www.gaveanews.com\/index.php\/2024\/10\/28\/flamengo-emite-nota-oficial-direcionada-ao-palmeiras\/#breadcrumb\"},\"inLanguage\":\"pt-BR\",\"potentialAction\":[{\"@type\":\"ReadAction\",\"target\":[\"https:\/\/www.gaveanews.com\/index.php\/2024\/10\/28\/flamengo-emite-nota-oficial-direcionada-ao-palmeiras\/\"]}]},{\"@type\":\"ImageObject\",\"inLanguage\":\"pt-BR\",\"@id\":\"https:\/\/www.gaveanews.com\/index.php\/2024\/10\/28\/flamengo-emite-nota-oficial-direcionada-ao-palmeiras\/#primaryimage\",\"url\":\"https:\/\/www.gaveanews.com\/wp-content\/uploads\/landim-e-marco-braz.webp\",\"contentUrl\":\"https:\/\/www.gaveanews.com\/wp-content\/uploads\/landim-e-marco-braz.webp\",\"width\":1500,\"height\":844,\"caption\":\"Rodolfo Landim, presidente do Flamengo, e Marcos Braz, vice de futebol do clube (Foto: Reprodu\u00e7\u00e3o\/ Goal)\"},{\"@type\":\"BreadcrumbList\",\"@id\":\"https:\/\/www.gaveanews.com\/index.php\/2024\/10\/28\/flamengo-emite-nota-oficial-direcionada-ao-palmeiras\/#breadcrumb\",\"itemListElement\":[{\"@type\":\"ListItem\",\"position\":1,\"name\":\"Home\",\"item\":\"https:\/\/www.gaveanews.com\/\"},{\"@type\":\"ListItem\",\"position\":2,\"name\":\"Flamengo emite nota oficial direcionada ao Palmeiras\"}]},{\"@type\":\"WebSite\",\"@id\":\"https:\/\/www.gaveanews.com\/#website\",\"url\":\"https:\/\/www.gaveanews.com\/\",\"name\":\"G\u00e1vea News\",\"description\":\"Veja todas as not\u00edcias sobre o Flamengo: Contrata\u00e7\u00f5es, categorias de base, resultados das partidas, tabela de classifica\u00e7\u00e3o, pr\u00f3ximos jogos!\",\"potentialAction\":[{\"@type\":\"SearchAction\",\"target\":{\"@type\":\"EntryPoint\",\"urlTemplate\":\"https:\/\/www.gaveanews.com\/?s={search_term_string}\"},\"query-input\":{\"@type\":\"PropertyValueSpecification\",\"valueRequired\":true,\"valueName\":\"search_term_string\"}}],\"inLanguage\":\"pt-BR\"},{\"@type\":\"Person\",\"@id\":\"https:\/\/www.gaveanews.com\/#\/schema\/person\/37122681a8575a5c8db05a56f099a5e4\",\"name\":\"D\u00e9bora Figueiredo\",\"image\":{\"@type\":\"ImageObject\",\"inLanguage\":\"pt-BR\",\"@id\":\"https:\/\/www.gaveanews.com\/#\/schema\/person\/image\/\",\"url\":\"https:\/\/secure.gravatar.com\/avatar\/1f44802859351588499d26f52aed1d15796ce17e67602895b72837c08018868d?s=96&d=mm&r=g\",\"contentUrl\":\"https:\/\/secure.gravatar.com\/avatar\/1f44802859351588499d26f52aed1d15796ce17e67602895b72837c08018868d?s=96&d=mm&r=g\",\"caption\":\"D\u00e9bora Figueiredo\"}}]}<\/script>\n<!-- \/ Yoast SEO Premium plugin. -->","yoast_head_json":{"title":"Flamengo emite nota oficial direcionada ao Palmeiras","description":"Flamengo emite nota oficial direcionada ao Palmeiras","robots":{"index":"index","follow":"follow","max-snippet":"max-snippet:-1","max-image-preview":"max-image-preview:large","max-video-preview":"max-video-preview:-1"},"canonical":"https:\/\/www.gaveanews.com\/index.php\/2024\/10\/28\/flamengo-emite-nota-oficial-direcionada-ao-palmeiras\/","og_locale":"pt_BR","og_type":"article","og_title":"Flamengo emite nota oficial direcionada ao Palmeiras","og_description":"Flamengo emite nota oficial direcionada ao Palmeiras","og_url":"https:\/\/www.gaveanews.com\/index.php\/2024\/10\/28\/flamengo-emite-nota-oficial-direcionada-ao-palmeiras\/","og_site_name":"G\u00e1vea News","article_publisher":"https:\/\/facebook.com\/gaveaNews\/","article_published_time":"2024-10-29T02:00:00+00:00","og_image":[{"width":1500,"height":844,"url":"https:\/\/www.gaveanews.com\/wp-content\/uploads\/landim-e-marco-braz.webp","type":"image\/webp"}],"author":"D\u00e9bora Figueiredo","twitter_card":"summary_large_image","twitter_misc":{"Escrito por":"D\u00e9bora Figueiredo","Est. tempo de leitura":"3 minutos"},"schema":{"@context":"https:\/\/schema.org","@graph":[{"@type":"NewsArticle","@id":"https:\/\/www.gaveanews.com\/index.php\/2024\/10\/28\/flamengo-emite-nota-oficial-direcionada-ao-palmeiras\/#article","isPartOf":{"@id":"https:\/\/www.gaveanews.com\/index.php\/2024\/10\/28\/flamengo-emite-nota-oficial-direcionada-ao-palmeiras\/"},"author":{"name":"D\u00e9bora Figueiredo","@id":"https:\/\/www.gaveanews.com\/#\/schema\/person\/37122681a8575a5c8db05a56f099a5e4"},"headline":"Flamengo emite nota oficial direcionada ao Palmeiras","datePublished":"2024-10-29T02:00:00+00:00","mainEntityOfPage":{"@id":"https:\/\/www.gaveanews.com\/index.php\/2024\/10\/28\/flamengo-emite-nota-oficial-direcionada-ao-palmeiras\/"},"wordCount":384,"commentCount":0,"image":{"@id":"https:\/\/www.gaveanews.com\/index.php\/2024\/10\/28\/flamengo-emite-nota-oficial-direcionada-ao-palmeiras\/#primaryimage"},"thumbnailUrl":"https:\/\/www.gaveanews.com\/wp-content\/uploads\/landim-e-marco-braz.webp","articleSection":["Flamengo","Palmeiras"],"inLanguage":"pt-BR","potentialAction":[{"@type":"CommentAction","name":"Comment","target":["https:\/\/www.gaveanews.com\/index.php\/2024\/10\/28\/flamengo-emite-nota-oficial-direcionada-ao-palmeiras\/#respond"]}],"copyrightYear":"2024","copyrightHolder":{"@id":"https:\/\/www.gaveanews.com\/#organization"}},{"@type":"WebPage","@id":"https:\/\/www.gaveanews.com\/index.php\/2024\/10\/28\/flamengo-emite-nota-oficial-direcionada-ao-palmeiras\/","url":"https:\/\/www.gaveanews.com\/index.php\/2024\/10\/28\/flamengo-emite-nota-oficial-direcionada-ao-palmeiras\/","name":"Flamengo emite nota oficial direcionada ao Palmeiras","isPartOf":{"@id":"https:\/\/www.gaveanews.com\/#website"},"primaryImageOfPage":{"@id":"https:\/\/www.gaveanews.com\/index.php\/2024\/10\/28\/flamengo-emite-nota-oficial-direcionada-ao-palmeiras\/#primaryimage"},"image":{"@id":"https:\/\/www.gaveanews.com\/index.php\/2024\/10\/28\/flamengo-emite-nota-oficial-direcionada-ao-palmeiras\/#primaryimage"},"thumbnailUrl":"https:\/\/www.gaveanews.com\/wp-content\/uploads\/landim-e-marco-braz.webp","datePublished":"2024-10-29T02:00:00+00:00","author":{"@id":"https:\/\/www.gaveanews.com\/#\/schema\/person\/37122681a8575a5c8db05a56f099a5e4"},"description":"Flamengo emite nota oficial direcionada ao Palmeiras","breadcrumb":{"@id":"https:\/\/www.gaveanews.com\/index.php\/2024\/10\/28\/flamengo-emite-nota-oficial-direcionada-ao-palmeiras\/#breadcrumb"},"inLanguage":"pt-BR","potentialAction":[{"@type":"ReadAction","target":["https:\/\/www.gaveanews.com\/index.php\/2024\/10\/28\/flamengo-emite-nota-oficial-direcionada-ao-palmeiras\/"]}]},{"@type":"ImageObject","inLanguage":"pt-BR","@id":"https:\/\/www.gaveanews.com\/index.php\/2024\/10\/28\/flamengo-emite-nota-oficial-direcionada-ao-palmeiras\/#primaryimage","url":"https:\/\/www.gaveanews.com\/wp-content\/uploads\/landim-e-marco-braz.webp","contentUrl":"https:\/\/www.gaveanews.com\/wp-content\/uploads\/landim-e-marco-braz.webp","width":1500,"height":844,"caption":"Rodolfo Landim, presidente do Flamengo, e Marcos Braz, vice de futebol do clube (Foto: Reprodu\u00e7\u00e3o\/ Goal)"},{"@type":"BreadcrumbList","@id":"https:\/\/www.gaveanews.com\/index.php\/2024\/10\/28\/flamengo-emite-nota-oficial-direcionada-ao-palmeiras\/#breadcrumb","itemListElement":[{"@type":"ListItem","position":1,"name":"Home","item":"https:\/\/www.gaveanews.com\/"},{"@type":"ListItem","position":2,"name":"Flamengo emite nota oficial direcionada ao Palmeiras"}]},{"@type":"WebSite","@id":"https:\/\/www.gaveanews.com\/#website","url":"https:\/\/www.gaveanews.com\/","name":"G\u00e1vea News","description":"Veja todas as not\u00edcias sobre o Flamengo: Contrata\u00e7\u00f5es, categorias de base, resultados das partidas, tabela de classifica\u00e7\u00e3o, pr\u00f3ximos jogos!","potentialAction":[{"@type":"SearchAction","target":{"@type":"EntryPoint","urlTemplate":"https:\/\/www.gaveanews.com\/?s={search_term_string}"},"query-input":{"@type":"PropertyValueSpecification","valueRequired":true,"valueName":"search_term_string"}}],"inLanguage":"pt-BR"},{"@type":"Person","@id":"https:\/\/www.gaveanews.com\/#\/schema\/person\/37122681a8575a5c8db05a56f099a5e4","name":"D\u00e9bora Figueiredo","image":{"@type":"ImageObject","inLanguage":"pt-BR","@id":"https:\/\/www.gaveanews.com\/#\/schema\/person\/image\/","url":"https:\/\/secure.gravatar.com\/avatar\/1f44802859351588499d26f52aed1d15796ce17e67602895b72837c08018868d?s=96&d=mm&r=g","contentUrl":"https:\/\/secure.gravatar.com\/avatar\/1f44802859351588499d26f52aed1d15796ce17e67602895b72837c08018868d?s=96&d=mm&r=g","caption":"D\u00e9bora Figueiredo"}}]}},"_links":{"self":[{"href":"https:\/\/www.gaveanews.com\/index.php\/wp-json\/wp\/v2\/posts\/178710","targetHints":{"allow":["GET"]}}],"collection":[{"href":"https:\/\/www.gaveanews.com\/index.php\/wp-json\/wp\/v2\/posts"}],"about":[{"href":"https:\/\/www.gaveanews.com\/index.php\/wp-json\/wp\/v2\/types\/post"}],"author":[{"embeddable":true,"href":"https:\/\/www.gaveanews.com\/index.php\/wp-json\/wp\/v2\/users\/16"}],"replies":[{"embeddable":true,"href":"https:\/\/www.gaveanews.com\/index.php\/wp-json\/wp\/v2\/comments?post=178710"}],"version-history":[{"count":1,"href":"https:\/\/www.gaveanews.com\/index.php\/wp-json\/wp\/v2\/posts\/178710\/revisions"}],"predecessor-version":[{"id":178713,"href":"https:\/\/www.gaveanews.com\/index.php\/wp-json\/wp\/v2\/posts\/178710\/revisions\/178713"}],"wp:featuredmedia":[{"embeddable":true,"href":"https:\/\/www.gaveanews.com\/index.php\/wp-json\/wp\/v2\/media\/118011"}],"wp:attachment":[{"href":"https:\/\/www.gaveanews.com\/index.php\/wp-json\/wp\/v2\/media?parent=178710"}],"wp:term":[{"taxonomy":"category","embeddable":true,"href":"https:\/\/www.gaveanews.com\/index.php\/wp-json\/wp\/v2\/categories?post=178710"},{"taxonomy":"post_tag","embeddable":true,"href":"https:\/\/www.gaveanews.com\/index.php\/wp-json\/wp\/v2\/tags?post=178710"}],"curies":[{"name":"wp","href":"https:\/\/api.w.org\/{rel}","templated":true}]}}