{"id":178798,"date":"2024-10-29T08:50:43","date_gmt":"2024-10-29T11:50:43","guid":{"rendered":"https:\/\/www.gaveanews.com\/?p=178798"},"modified":"2024-10-29T08:33:10","modified_gmt":"2024-10-29T11:33:10","slug":"atitude-importante-antes-do-classico-jogador-suspenso-pelo-stjd-e-revolta-da-torcida-com-abel-ferreira-as-ultimas-noticias-do-palmeiras","status":"publish","type":"post","link":"https:\/\/www.gaveanews.com\/index.php\/2024\/10\/29\/atitude-importante-antes-do-classico-jogador-suspenso-pelo-stjd-e-revolta-da-torcida-com-abel-ferreira-as-ultimas-noticias-do-palmeiras\/","title":{"rendered":"Atitude importante antes do cl\u00e1ssico, jogador suspenso pelo STJD e revolta da torcida com Abel Ferreira: as \u00faltimas not\u00edcias do Palmeiras"},"content":{"rendered":"\n<p>Nas \u00faltimas horas, o foco das not\u00edcias sobre o Palmeiras se concentram nos bastidores do clube, com destaques como o jogador suspenso pelo STJD e revolta da torcida com Abel Ferreira.<\/p>\n\n\n\n<p>Por conta deste contexto, leia abaixo um resumo preparado pela equipe do portal G\u00e1vea News para lhe manter muito bem informado!<\/p>\n\n\n\n<h2 class=\"wp-block-heading\" id=\"h-revolta-da-torcida-com-abel-ferreira\">Revolta da torcida com Abel Ferreira<\/h2>\n\n\n\n<p>Ap\u00f3s o empate do Palmeiras com o Fortaleza por 2 a 2, o t\u00e9cnico Abel Ferreira manifestou sua insatisfa\u00e7\u00e3o com a torcida palmeirense, sugerindo que esperava mais apoio nos \u00faltimos minutos do jogo. Abel destacou que o incentivo da arquibancada \u00e9 essencial para empurrar o time em momentos decisivos, mas observou que, nos minutos finais, esse suporte foi insuficiente. <strong><a href=\"https:\/\/www.gaveanews.com\/index.php\/2024\/10\/28\/declaracao-de-abel-ferreira-revolta-a-torcida-do-palmeiras\/\">(leia a mat\u00e9ria completa)<\/a><\/strong><\/p>\n\n\n\n<figure class=\"wp-block-image size-large\"><img loading=\"lazy\" decoding=\"async\" width=\"1024\" height=\"576\" src=\"https:\/\/www.gaveanews.com\/wp-content\/uploads\/Abel-Ferreira-e-fotografado-passando-instrucoes-durante-um-jogo-do-Palmeiras-1024x576.webp\" alt=\"\" class=\"wp-image-157845\" srcset=\"https:\/\/www.gaveanews.com\/wp-content\/uploads\/Abel-Ferreira-e-fotografado-passando-instrucoes-durante-um-jogo-do-Palmeiras-1024x576.webp 1024w, https:\/\/www.gaveanews.com\/wp-content\/uploads\/Abel-Ferreira-e-fotografado-passando-instrucoes-durante-um-jogo-do-Palmeiras-300x169.webp 300w, https:\/\/www.gaveanews.com\/wp-content\/uploads\/Abel-Ferreira-e-fotografado-passando-instrucoes-durante-um-jogo-do-Palmeiras-768x432.webp 768w, https:\/\/www.gaveanews.com\/wp-content\/uploads\/Abel-Ferreira-e-fotografado-passando-instrucoes-durante-um-jogo-do-Palmeiras-746x420.webp 746w, https:\/\/www.gaveanews.com\/wp-content\/uploads\/Abel-Ferreira-e-fotografado-passando-instrucoes-durante-um-jogo-do-Palmeiras-1493x840.webp 1493w, https:\/\/www.gaveanews.com\/wp-content\/uploads\/Abel-Ferreira-e-fotografado-passando-instrucoes-durante-um-jogo-do-Palmeiras-640x360.webp 640w, https:\/\/www.gaveanews.com\/wp-content\/uploads\/Abel-Ferreira-e-fotografado-passando-instrucoes-durante-um-jogo-do-Palmeiras-1280x720.webp 1280w, https:\/\/www.gaveanews.com\/wp-content\/uploads\/Abel-Ferreira-e-fotografado-passando-instrucoes-durante-um-jogo-do-Palmeiras-681x383.webp 681w, https:\/\/www.gaveanews.com\/wp-content\/uploads\/Abel-Ferreira-e-fotografado-passando-instrucoes-durante-um-jogo-do-Palmeiras-1362x766.webp 1362w, https:\/\/www.gaveanews.com\/wp-content\/uploads\/Abel-Ferreira-e-fotografado-passando-instrucoes-durante-um-jogo-do-Palmeiras-100x56.webp 100w, https:\/\/www.gaveanews.com\/wp-content\/uploads\/Abel-Ferreira-e-fotografado-passando-instrucoes-durante-um-jogo-do-Palmeiras.webp 1500w\" sizes=\"auto, (max-width: 1024px) 100vw, 1024px\" \/><figcaption class=\"wp-element-caption\">Abel Ferreira \u00e9 fotografado passando instru\u00e7\u00f5es durante um jogo do Palmeiras (Foto: Cesar Greco\/Palmeiras)<\/figcaption><\/figure>\n\n\n\n<p>Ele tamb\u00e9m mencionou que sentiu uma falta de entusiasmo dos torcedores, sugerindo que &#8220;n\u00e3o est\u00e3o fartos de ganhar t\u00edtulos&#8221;, mas refor\u00e7ou a import\u00e2ncia de sua presen\u00e7a em campo.<\/p>\n\n\n\n<p>A declara\u00e7\u00e3o de Abel n\u00e3o foi bem recebida por muitos torcedores, que se expressaram nas redes sociais, criticando o treinador por n\u00e3o assumir sua parcela de responsabilidade pelo resultado. Um torcedor comentou que Abel deveria reconhecer sua parte na falha do time, refletindo o sentimento de parte da torcida de que a cobran\u00e7a foi excessiva.<\/p>\n\n\n\n<p>Esse resultado deixou o Palmeiras com 61 pontos, permitindo que o Botafogo ampliasse sua lideran\u00e7a na tabela. As declara\u00e7\u00f5es de Abel geraram uma onda de debates, evidenciando a press\u00e3o que acompanha a reta final da temporada.<\/p>\n\n\n\n<h2 class=\"wp-block-heading\" id=\"h-jogador-suspenso-pelo-stjd\">Jogador suspenso pelo STJD <\/h2>\n\n\n\n<p>O goleiro Weverton, do Palmeiras, pode enfrentar suspens\u00e3o pelo STJD ap\u00f3s um incidente no empate de 2 a 2 contra o Fortaleza. Durante a partida, Weverton empurrou Yago Pikachu, que caiu contra uma c\u00e2mera e precisou de pontos na cabe\u00e7a. Embora o ato n\u00e3o tenha sido registrado na s\u00famula, a Procuradoria do STJD est\u00e1 avaliando as imagens e pode denunciar o jogador com base no artigo 250 do C\u00f3digo Brasileiro de Justi\u00e7a Desportiva (CBJD), que lida com atos hostis. Caso condenado, Weverton pode desfalcar o Palmeiras no cl\u00e1ssico contra o Corinthians. <strong><a href=\"https:\/\/www.gaveanews.com\/index.php\/2024\/10\/28\/titular-do-palmeiras-podera-ser-suspenso-pelo-stjd\/\">(leia a mat\u00e9ria completa)<\/a><\/strong><\/p>\n\n\n\n<figure class=\"wp-block-image size-full\"><img loading=\"lazy\" decoding=\"async\" width=\"603\" height=\"338\" src=\"https:\/\/www.gaveanews.com\/wp-content\/uploads\/Superior-Tribunal-de-Justica-Desportiva.webp\" alt=\"STJD\" class=\"wp-image-84905\" srcset=\"https:\/\/www.gaveanews.com\/wp-content\/uploads\/Superior-Tribunal-de-Justica-Desportiva.webp 603w, https:\/\/www.gaveanews.com\/wp-content\/uploads\/Superior-Tribunal-de-Justica-Desportiva-300x168.webp 300w, https:\/\/www.gaveanews.com\/wp-content\/uploads\/Superior-Tribunal-de-Justica-Desportiva-100x56.webp 100w\" sizes=\"auto, (max-width: 603px) 100vw, 603px\" \/><figcaption class=\"wp-element-caption\">Superior Tribunal de Justi\u00e7a Desportiva (Foto: Divulga\u00e7\u00e3o\/Site STJD)<\/figcaption><\/figure>\n\n\n\n<p>Al\u00e9m do caso de Weverton, o STJD tamb\u00e9m examina um soco de Emmanuel Mart\u00ednez, do Fortaleza, nas costas do jogador Richard R\u00edos, do Palmeiras, o que pode resultar em outra den\u00fancia. O julgamento dos casos pode demorar, mas se uma puni\u00e7\u00e3o for aplicada, o Palmeiras poder\u00e1 enfrentar importantes desfalques na reta final do Brasileir\u00e3o, o que impactaria suas chances de t\u00edtulo, j\u00e1 que o empate com o Fortaleza ampliou a vantagem do Botafogo na lideran\u00e7a.<\/p>\n\n\n\n<p>Apesar de ter solicitado atendimento para Pikachu, o gesto n\u00e3o isenta Weverton de poss\u00edveis consequ\u00eancias. A decis\u00e3o final do STJD, no entanto, pode levar dias, demandando que o Palmeiras prepare alternativas para manter o desempenho na busca pelo t\u00edtulo.<\/p>\n\n\n\n<h2 class=\"wp-block-heading\" id=\"h-atitude-importante-antes-do-classico\">Atitude importante antes do cl\u00e1ssico<\/h2>\n\n\n\n<p>Ap\u00f3s empatar com o Fortaleza e perder a chance de assumir a lideran\u00e7a do Brasileir\u00e3o, o Palmeiras iniciou imediatamente sua prepara\u00e7\u00e3o para o cl\u00e1ssico contra o Corinthians, que ser\u00e1 disputado na Neo Qu\u00edmica Arena. No domingo (27), o elenco realizou um jogo-treino em dois tempos de 30 minutos, no qual a equipe com colete verde venceu por 2 a 1, com dois gols de Gabriel Menino e um de R\u00f4mulo. Os titulares da \u00faltima partida fizeram apenas um treino regenerativo para estarem prontos para a semana de prepara\u00e7\u00e3o intensa. <strong><a href=\"https:\/\/www.gaveanews.com\/index.php\/2024\/10\/28\/palmeiras-fara-jogo-treino-nos-proximos-dias\/\">(leia a mat\u00e9ria completa)<\/a><\/strong><\/p>\n\n\n\n<figure class=\"wp-block-image size-large\"><img loading=\"lazy\" decoding=\"async\" width=\"1024\" height=\"576\" src=\"https:\/\/www.gaveanews.com\/wp-content\/uploads\/Marcos-Rocha-durante-treinamento-do-Palmeiras-na-Academia-de-Futebol-1024x576.webp\" alt=\"\" class=\"wp-image-157820\" srcset=\"https:\/\/www.gaveanews.com\/wp-content\/uploads\/Marcos-Rocha-durante-treinamento-do-Palmeiras-na-Academia-de-Futebol-1024x576.webp 1024w, https:\/\/www.gaveanews.com\/wp-content\/uploads\/Marcos-Rocha-durante-treinamento-do-Palmeiras-na-Academia-de-Futebol-300x169.webp 300w, https:\/\/www.gaveanews.com\/wp-content\/uploads\/Marcos-Rocha-durante-treinamento-do-Palmeiras-na-Academia-de-Futebol-768x432.webp 768w, https:\/\/www.gaveanews.com\/wp-content\/uploads\/Marcos-Rocha-durante-treinamento-do-Palmeiras-na-Academia-de-Futebol-746x420.webp 746w, https:\/\/www.gaveanews.com\/wp-content\/uploads\/Marcos-Rocha-durante-treinamento-do-Palmeiras-na-Academia-de-Futebol-1493x840.webp 1493w, https:\/\/www.gaveanews.com\/wp-content\/uploads\/Marcos-Rocha-durante-treinamento-do-Palmeiras-na-Academia-de-Futebol-640x360.webp 640w, https:\/\/www.gaveanews.com\/wp-content\/uploads\/Marcos-Rocha-durante-treinamento-do-Palmeiras-na-Academia-de-Futebol-1280x720.webp 1280w, https:\/\/www.gaveanews.com\/wp-content\/uploads\/Marcos-Rocha-durante-treinamento-do-Palmeiras-na-Academia-de-Futebol-681x383.webp 681w, https:\/\/www.gaveanews.com\/wp-content\/uploads\/Marcos-Rocha-durante-treinamento-do-Palmeiras-na-Academia-de-Futebol-1362x766.webp 1362w, https:\/\/www.gaveanews.com\/wp-content\/uploads\/Marcos-Rocha-durante-treinamento-do-Palmeiras-na-Academia-de-Futebol-100x56.webp 100w, https:\/\/www.gaveanews.com\/wp-content\/uploads\/Marcos-Rocha-durante-treinamento-do-Palmeiras-na-Academia-de-Futebol.webp 1500w\" sizes=\"auto, (max-width: 1024px) 100vw, 1024px\" \/><figcaption class=\"wp-element-caption\">Marcos Rocha durante treinamento do Palmeiras na Academia de Futebol (Foto: Cesar Greco\/Palmeiras)<\/figcaption><\/figure>\n\n\n\n<p>Atualmente, o Palmeiras possui 61 pontos e est\u00e1 a tr\u00eas do l\u00edder Botafogo. O cl\u00e1ssico \u00e9 crucial para o Verd\u00e3o, que deseja manter-se na disputa pelo t\u00edtulo. Enquanto isso, o Corinthians, lutando contra o rebaixamento, estar\u00e1 focado em somar pontos para escapar da zona de perigo.<\/p>\n\n\n\n<p>O Palmeiras retornar\u00e1 aos treinos com sua equipe titular na quarta-feira (30), visando um desempenho competitivo no cl\u00e1ssico e a possibilidade de reduzir a diferen\u00e7a para o topo da tabela.<\/p>\n","protected":false},"excerpt":{"rendered":"<p>Nas \u00faltimas horas, o foco das not\u00edcias sobre o Palmeiras se concentram nos bastidores do clube, com destaques como o jogador suspenso pelo STJD e revolta da torcida com Abel Ferreira. Por conta deste contexto, leia abaixo um resumo preparado pela equipe do portal G\u00e1vea News para lhe manter muito bem informado! Revolta da torcida [&hellip;]<\/p>\n","protected":false},"author":27,"featured_media":152159,"comment_status":"open","ping_status":"closed","sticky":false,"template":"","format":"standard","meta":{"footnotes":""},"categories":[150],"tags":[],"class_list":["post-178798","post","type-post","status-publish","format-standard","has-post-thumbnail","hentry","category-palmeiras"],"yoast_head":"<!-- This site is optimized with the Yoast SEO Premium plugin v24.2 (Yoast SEO v26.9) - https:\/\/yoast.com\/product\/yoast-seo-premium-wordpress\/ -->\n<title>Atitude importante antes do cl\u00e1ssico, jogador suspenso pelo STJD e revolta da torcida com Abel Ferreira: as \u00faltimas not\u00edcias do Palmeiras<\/title>\n<meta name=\"robots\" content=\"index, follow, max-snippet:-1, max-image-preview:large, max-video-preview:-1\" \/>\n<link rel=\"canonical\" href=\"https:\/\/www.gaveanews.com\/index.php\/2024\/10\/29\/atitude-importante-antes-do-classico-jogador-suspenso-pelo-stjd-e-revolta-da-torcida-com-abel-ferreira-as-ultimas-noticias-do-palmeiras\/\" \/>\n<meta property=\"og:locale\" content=\"pt_BR\" \/>\n<meta property=\"og:type\" content=\"article\" \/>\n<meta property=\"og:title\" content=\"Atitude importante antes do cl\u00e1ssico, jogador suspenso pelo STJD e revolta da torcida com Abel Ferreira: as \u00faltimas not\u00edcias do Palmeiras\" \/>\n<meta property=\"og:description\" content=\"Nas \u00faltimas horas, o foco das not\u00edcias sobre o Palmeiras se concentram nos bastidores do clube, com destaques como o jogador suspenso pelo STJD e revolta da torcida com Abel Ferreira. Por conta deste contexto, leia abaixo um resumo preparado pela equipe do portal G\u00e1vea News para lhe manter muito bem informado! Revolta da torcida [&hellip;]\" \/>\n<meta property=\"og:url\" content=\"https:\/\/www.gaveanews.com\/index.php\/2024\/10\/29\/atitude-importante-antes-do-classico-jogador-suspenso-pelo-stjd-e-revolta-da-torcida-com-abel-ferreira-as-ultimas-noticias-do-palmeiras\/\" \/>\n<meta property=\"og:site_name\" content=\"G\u00e1vea News\" \/>\n<meta property=\"article:publisher\" content=\"https:\/\/facebook.com\/gaveaNews\/\" \/>\n<meta property=\"article:published_time\" content=\"2024-10-29T11:50:43+00:00\" \/>\n<meta property=\"og:image\" content=\"https:\/\/www.gaveanews.com\/wp-content\/uploads\/Escudo-do-Palmeiras.webp\" \/>\n\t<meta property=\"og:image:width\" content=\"1000\" \/>\n\t<meta property=\"og:image:height\" content=\"667\" \/>\n\t<meta property=\"og:image:type\" content=\"image\/webp\" \/>\n<meta name=\"author\" content=\"Matheus Felipe\" \/>\n<meta name=\"twitter:card\" content=\"summary_large_image\" \/>\n<meta name=\"twitter:label1\" content=\"Escrito por\" \/>\n\t<meta name=\"twitter:data1\" content=\"Matheus Felipe\" \/>\n\t<meta name=\"twitter:label2\" content=\"Est. tempo de leitura\" \/>\n\t<meta name=\"twitter:data2\" content=\"5 minutos\" \/>\n<script type=\"application\/ld+json\" class=\"yoast-schema-graph\">{\"@context\":\"https:\/\/schema.org\",\"@graph\":[{\"@type\":\"NewsArticle\",\"@id\":\"https:\/\/www.gaveanews.com\/index.php\/2024\/10\/29\/atitude-importante-antes-do-classico-jogador-suspenso-pelo-stjd-e-revolta-da-torcida-com-abel-ferreira-as-ultimas-noticias-do-palmeiras\/#article\",\"isPartOf\":{\"@id\":\"https:\/\/www.gaveanews.com\/index.php\/2024\/10\/29\/atitude-importante-antes-do-classico-jogador-suspenso-pelo-stjd-e-revolta-da-torcida-com-abel-ferreira-as-ultimas-noticias-do-palmeiras\/\"},\"author\":{\"name\":\"Matheus Felipe\",\"@id\":\"https:\/\/www.gaveanews.com\/#\/schema\/person\/8207cd4627f56151707418bfc835b2fb\"},\"headline\":\"Atitude importante antes do cl\u00e1ssico, jogador suspenso pelo STJD e revolta da torcida com Abel Ferreira: as \u00faltimas not\u00edcias do Palmeiras\",\"datePublished\":\"2024-10-29T11:50:43+00:00\",\"mainEntityOfPage\":{\"@id\":\"https:\/\/www.gaveanews.com\/index.php\/2024\/10\/29\/atitude-importante-antes-do-classico-jogador-suspenso-pelo-stjd-e-revolta-da-torcida-com-abel-ferreira-as-ultimas-noticias-do-palmeiras\/\"},\"wordCount\":737,\"commentCount\":0,\"image\":{\"@id\":\"https:\/\/www.gaveanews.com\/index.php\/2024\/10\/29\/atitude-importante-antes-do-classico-jogador-suspenso-pelo-stjd-e-revolta-da-torcida-com-abel-ferreira-as-ultimas-noticias-do-palmeiras\/#primaryimage\"},\"thumbnailUrl\":\"https:\/\/www.gaveanews.com\/wp-content\/uploads\/Escudo-do-Palmeiras.webp\",\"articleSection\":[\"Palmeiras\"],\"inLanguage\":\"pt-BR\",\"potentialAction\":[{\"@type\":\"CommentAction\",\"name\":\"Comment\",\"target\":[\"https:\/\/www.gaveanews.com\/index.php\/2024\/10\/29\/atitude-importante-antes-do-classico-jogador-suspenso-pelo-stjd-e-revolta-da-torcida-com-abel-ferreira-as-ultimas-noticias-do-palmeiras\/#respond\"]}],\"copyrightYear\":\"2024\",\"copyrightHolder\":{\"@id\":\"https:\/\/www.gaveanews.com\/#organization\"}},{\"@type\":\"WebPage\",\"@id\":\"https:\/\/www.gaveanews.com\/index.php\/2024\/10\/29\/atitude-importante-antes-do-classico-jogador-suspenso-pelo-stjd-e-revolta-da-torcida-com-abel-ferreira-as-ultimas-noticias-do-palmeiras\/\",\"url\":\"https:\/\/www.gaveanews.com\/index.php\/2024\/10\/29\/atitude-importante-antes-do-classico-jogador-suspenso-pelo-stjd-e-revolta-da-torcida-com-abel-ferreira-as-ultimas-noticias-do-palmeiras\/\",\"name\":\"Atitude importante antes do cl\u00e1ssico, jogador suspenso pelo STJD e revolta da torcida com Abel Ferreira: as \u00faltimas not\u00edcias do Palmeiras\",\"isPartOf\":{\"@id\":\"https:\/\/www.gaveanews.com\/#website\"},\"primaryImageOfPage\":{\"@id\":\"https:\/\/www.gaveanews.com\/index.php\/2024\/10\/29\/atitude-importante-antes-do-classico-jogador-suspenso-pelo-stjd-e-revolta-da-torcida-com-abel-ferreira-as-ultimas-noticias-do-palmeiras\/#primaryimage\"},\"image\":{\"@id\":\"https:\/\/www.gaveanews.com\/index.php\/2024\/10\/29\/atitude-importante-antes-do-classico-jogador-suspenso-pelo-stjd-e-revolta-da-torcida-com-abel-ferreira-as-ultimas-noticias-do-palmeiras\/#primaryimage\"},\"thumbnailUrl\":\"https:\/\/www.gaveanews.com\/wp-content\/uploads\/Escudo-do-Palmeiras.webp\",\"datePublished\":\"2024-10-29T11:50:43+00:00\",\"author\":{\"@id\":\"https:\/\/www.gaveanews.com\/#\/schema\/person\/8207cd4627f56151707418bfc835b2fb\"},\"breadcrumb\":{\"@id\":\"https:\/\/www.gaveanews.com\/index.php\/2024\/10\/29\/atitude-importante-antes-do-classico-jogador-suspenso-pelo-stjd-e-revolta-da-torcida-com-abel-ferreira-as-ultimas-noticias-do-palmeiras\/#breadcrumb\"},\"inLanguage\":\"pt-BR\",\"potentialAction\":[{\"@type\":\"ReadAction\",\"target\":[\"https:\/\/www.gaveanews.com\/index.php\/2024\/10\/29\/atitude-importante-antes-do-classico-jogador-suspenso-pelo-stjd-e-revolta-da-torcida-com-abel-ferreira-as-ultimas-noticias-do-palmeiras\/\"]}]},{\"@type\":\"ImageObject\",\"inLanguage\":\"pt-BR\",\"@id\":\"https:\/\/www.gaveanews.com\/index.php\/2024\/10\/29\/atitude-importante-antes-do-classico-jogador-suspenso-pelo-stjd-e-revolta-da-torcida-com-abel-ferreira-as-ultimas-noticias-do-palmeiras\/#primaryimage\",\"url\":\"https:\/\/www.gaveanews.com\/wp-content\/uploads\/Escudo-do-Palmeiras.webp\",\"contentUrl\":\"https:\/\/www.gaveanews.com\/wp-content\/uploads\/Escudo-do-Palmeiras.webp\",\"width\":1000,\"height\":667,\"caption\":\"Escudo do Palmeiras (Foto Reprodu\u00e7\u00e3o\/Instagram)\"},{\"@type\":\"BreadcrumbList\",\"@id\":\"https:\/\/www.gaveanews.com\/index.php\/2024\/10\/29\/atitude-importante-antes-do-classico-jogador-suspenso-pelo-stjd-e-revolta-da-torcida-com-abel-ferreira-as-ultimas-noticias-do-palmeiras\/#breadcrumb\",\"itemListElement\":[{\"@type\":\"ListItem\",\"position\":1,\"name\":\"Home\",\"item\":\"https:\/\/www.gaveanews.com\/\"},{\"@type\":\"ListItem\",\"position\":2,\"name\":\"Atitude importante antes do cl\u00e1ssico, jogador suspenso pelo STJD e revolta da torcida com Abel Ferreira: as \u00faltimas not\u00edcias do Palmeiras\"}]},{\"@type\":\"WebSite\",\"@id\":\"https:\/\/www.gaveanews.com\/#website\",\"url\":\"https:\/\/www.gaveanews.com\/\",\"name\":\"G\u00e1vea News\",\"description\":\"Veja todas as not\u00edcias sobre o Flamengo: Contrata\u00e7\u00f5es, categorias de base, resultados das partidas, tabela de classifica\u00e7\u00e3o, pr\u00f3ximos jogos!\",\"potentialAction\":[{\"@type\":\"SearchAction\",\"target\":{\"@type\":\"EntryPoint\",\"urlTemplate\":\"https:\/\/www.gaveanews.com\/?s={search_term_string}\"},\"query-input\":{\"@type\":\"PropertyValueSpecification\",\"valueRequired\":true,\"valueName\":\"search_term_string\"}}],\"inLanguage\":\"pt-BR\"},{\"@type\":\"Person\",\"@id\":\"https:\/\/www.gaveanews.com\/#\/schema\/person\/8207cd4627f56151707418bfc835b2fb\",\"name\":\"Matheus Felipe\",\"image\":{\"@type\":\"ImageObject\",\"inLanguage\":\"pt-BR\",\"@id\":\"https:\/\/www.gaveanews.com\/#\/schema\/person\/image\/\",\"url\":\"https:\/\/secure.gravatar.com\/avatar\/a452ffbed9130f726358b298bb3a99ce4bd3c5338411f8440e87e14d74c7c087?s=96&d=mm&r=g\",\"contentUrl\":\"https:\/\/secure.gravatar.com\/avatar\/a452ffbed9130f726358b298bb3a99ce4bd3c5338411f8440e87e14d74c7c087?s=96&d=mm&r=g\",\"caption\":\"Matheus Felipe\"}}]}<\/script>\n<!-- \/ Yoast SEO Premium plugin. -->","yoast_head_json":{"title":"Atitude importante antes do cl\u00e1ssico, jogador suspenso pelo STJD e revolta da torcida com Abel Ferreira: as \u00faltimas not\u00edcias do Palmeiras","robots":{"index":"index","follow":"follow","max-snippet":"max-snippet:-1","max-image-preview":"max-image-preview:large","max-video-preview":"max-video-preview:-1"},"canonical":"https:\/\/www.gaveanews.com\/index.php\/2024\/10\/29\/atitude-importante-antes-do-classico-jogador-suspenso-pelo-stjd-e-revolta-da-torcida-com-abel-ferreira-as-ultimas-noticias-do-palmeiras\/","og_locale":"pt_BR","og_type":"article","og_title":"Atitude importante antes do cl\u00e1ssico, jogador suspenso pelo STJD e revolta da torcida com Abel Ferreira: as \u00faltimas not\u00edcias do Palmeiras","og_description":"Nas \u00faltimas horas, o foco das not\u00edcias sobre o Palmeiras se concentram nos bastidores do clube, com destaques como o jogador suspenso pelo STJD e revolta da torcida com Abel Ferreira. Por conta deste contexto, leia abaixo um resumo preparado pela equipe do portal G\u00e1vea News para lhe manter muito bem informado! Revolta da torcida [&hellip;]","og_url":"https:\/\/www.gaveanews.com\/index.php\/2024\/10\/29\/atitude-importante-antes-do-classico-jogador-suspenso-pelo-stjd-e-revolta-da-torcida-com-abel-ferreira-as-ultimas-noticias-do-palmeiras\/","og_site_name":"G\u00e1vea News","article_publisher":"https:\/\/facebook.com\/gaveaNews\/","article_published_time":"2024-10-29T11:50:43+00:00","og_image":[{"width":1000,"height":667,"url":"https:\/\/www.gaveanews.com\/wp-content\/uploads\/Escudo-do-Palmeiras.webp","type":"image\/webp"}],"author":"Matheus Felipe","twitter_card":"summary_large_image","twitter_misc":{"Escrito por":"Matheus Felipe","Est. tempo de leitura":"5 minutos"},"schema":{"@context":"https:\/\/schema.org","@graph":[{"@type":"NewsArticle","@id":"https:\/\/www.gaveanews.com\/index.php\/2024\/10\/29\/atitude-importante-antes-do-classico-jogador-suspenso-pelo-stjd-e-revolta-da-torcida-com-abel-ferreira-as-ultimas-noticias-do-palmeiras\/#article","isPartOf":{"@id":"https:\/\/www.gaveanews.com\/index.php\/2024\/10\/29\/atitude-importante-antes-do-classico-jogador-suspenso-pelo-stjd-e-revolta-da-torcida-com-abel-ferreira-as-ultimas-noticias-do-palmeiras\/"},"author":{"name":"Matheus Felipe","@id":"https:\/\/www.gaveanews.com\/#\/schema\/person\/8207cd4627f56151707418bfc835b2fb"},"headline":"Atitude importante antes do cl\u00e1ssico, jogador suspenso pelo STJD e revolta da torcida com Abel Ferreira: as \u00faltimas not\u00edcias do Palmeiras","datePublished":"2024-10-29T11:50:43+00:00","mainEntityOfPage":{"@id":"https:\/\/www.gaveanews.com\/index.php\/2024\/10\/29\/atitude-importante-antes-do-classico-jogador-suspenso-pelo-stjd-e-revolta-da-torcida-com-abel-ferreira-as-ultimas-noticias-do-palmeiras\/"},"wordCount":737,"commentCount":0,"image":{"@id":"https:\/\/www.gaveanews.com\/index.php\/2024\/10\/29\/atitude-importante-antes-do-classico-jogador-suspenso-pelo-stjd-e-revolta-da-torcida-com-abel-ferreira-as-ultimas-noticias-do-palmeiras\/#primaryimage"},"thumbnailUrl":"https:\/\/www.gaveanews.com\/wp-content\/uploads\/Escudo-do-Palmeiras.webp","articleSection":["Palmeiras"],"inLanguage":"pt-BR","potentialAction":[{"@type":"CommentAction","name":"Comment","target":["https:\/\/www.gaveanews.com\/index.php\/2024\/10\/29\/atitude-importante-antes-do-classico-jogador-suspenso-pelo-stjd-e-revolta-da-torcida-com-abel-ferreira-as-ultimas-noticias-do-palmeiras\/#respond"]}],"copyrightYear":"2024","copyrightHolder":{"@id":"https:\/\/www.gaveanews.com\/#organization"}},{"@type":"WebPage","@id":"https:\/\/www.gaveanews.com\/index.php\/2024\/10\/29\/atitude-importante-antes-do-classico-jogador-suspenso-pelo-stjd-e-revolta-da-torcida-com-abel-ferreira-as-ultimas-noticias-do-palmeiras\/","url":"https:\/\/www.gaveanews.com\/index.php\/2024\/10\/29\/atitude-importante-antes-do-classico-jogador-suspenso-pelo-stjd-e-revolta-da-torcida-com-abel-ferreira-as-ultimas-noticias-do-palmeiras\/","name":"Atitude importante antes do cl\u00e1ssico, jogador suspenso pelo STJD e revolta da torcida com Abel Ferreira: as \u00faltimas not\u00edcias do Palmeiras","isPartOf":{"@id":"https:\/\/www.gaveanews.com\/#website"},"primaryImageOfPage":{"@id":"https:\/\/www.gaveanews.com\/index.php\/2024\/10\/29\/atitude-importante-antes-do-classico-jogador-suspenso-pelo-stjd-e-revolta-da-torcida-com-abel-ferreira-as-ultimas-noticias-do-palmeiras\/#primaryimage"},"image":{"@id":"https:\/\/www.gaveanews.com\/index.php\/2024\/10\/29\/atitude-importante-antes-do-classico-jogador-suspenso-pelo-stjd-e-revolta-da-torcida-com-abel-ferreira-as-ultimas-noticias-do-palmeiras\/#primaryimage"},"thumbnailUrl":"https:\/\/www.gaveanews.com\/wp-content\/uploads\/Escudo-do-Palmeiras.webp","datePublished":"2024-10-29T11:50:43+00:00","author":{"@id":"https:\/\/www.gaveanews.com\/#\/schema\/person\/8207cd4627f56151707418bfc835b2fb"},"breadcrumb":{"@id":"https:\/\/www.gaveanews.com\/index.php\/2024\/10\/29\/atitude-importante-antes-do-classico-jogador-suspenso-pelo-stjd-e-revolta-da-torcida-com-abel-ferreira-as-ultimas-noticias-do-palmeiras\/#breadcrumb"},"inLanguage":"pt-BR","potentialAction":[{"@type":"ReadAction","target":["https:\/\/www.gaveanews.com\/index.php\/2024\/10\/29\/atitude-importante-antes-do-classico-jogador-suspenso-pelo-stjd-e-revolta-da-torcida-com-abel-ferreira-as-ultimas-noticias-do-palmeiras\/"]}]},{"@type":"ImageObject","inLanguage":"pt-BR","@id":"https:\/\/www.gaveanews.com\/index.php\/2024\/10\/29\/atitude-importante-antes-do-classico-jogador-suspenso-pelo-stjd-e-revolta-da-torcida-com-abel-ferreira-as-ultimas-noticias-do-palmeiras\/#primaryimage","url":"https:\/\/www.gaveanews.com\/wp-content\/uploads\/Escudo-do-Palmeiras.webp","contentUrl":"https:\/\/www.gaveanews.com\/wp-content\/uploads\/Escudo-do-Palmeiras.webp","width":1000,"height":667,"caption":"Escudo do Palmeiras (Foto Reprodu\u00e7\u00e3o\/Instagram)"},{"@type":"BreadcrumbList","@id":"https:\/\/www.gaveanews.com\/index.php\/2024\/10\/29\/atitude-importante-antes-do-classico-jogador-suspenso-pelo-stjd-e-revolta-da-torcida-com-abel-ferreira-as-ultimas-noticias-do-palmeiras\/#breadcrumb","itemListElement":[{"@type":"ListItem","position":1,"name":"Home","item":"https:\/\/www.gaveanews.com\/"},{"@type":"ListItem","position":2,"name":"Atitude importante antes do cl\u00e1ssico, jogador suspenso pelo STJD e revolta da torcida com Abel Ferreira: as \u00faltimas not\u00edcias do Palmeiras"}]},{"@type":"WebSite","@id":"https:\/\/www.gaveanews.com\/#website","url":"https:\/\/www.gaveanews.com\/","name":"G\u00e1vea News","description":"Veja todas as not\u00edcias sobre o Flamengo: Contrata\u00e7\u00f5es, categorias de base, resultados das partidas, tabela de classifica\u00e7\u00e3o, pr\u00f3ximos jogos!","potentialAction":[{"@type":"SearchAction","target":{"@type":"EntryPoint","urlTemplate":"https:\/\/www.gaveanews.com\/?s={search_term_string}"},"query-input":{"@type":"PropertyValueSpecification","valueRequired":true,"valueName":"search_term_string"}}],"inLanguage":"pt-BR"},{"@type":"Person","@id":"https:\/\/www.gaveanews.com\/#\/schema\/person\/8207cd4627f56151707418bfc835b2fb","name":"Matheus Felipe","image":{"@type":"ImageObject","inLanguage":"pt-BR","@id":"https:\/\/www.gaveanews.com\/#\/schema\/person\/image\/","url":"https:\/\/secure.gravatar.com\/avatar\/a452ffbed9130f726358b298bb3a99ce4bd3c5338411f8440e87e14d74c7c087?s=96&d=mm&r=g","contentUrl":"https:\/\/secure.gravatar.com\/avatar\/a452ffbed9130f726358b298bb3a99ce4bd3c5338411f8440e87e14d74c7c087?s=96&d=mm&r=g","caption":"Matheus Felipe"}}]}},"_links":{"self":[{"href":"https:\/\/www.gaveanews.com\/index.php\/wp-json\/wp\/v2\/posts\/178798","targetHints":{"allow":["GET"]}}],"collection":[{"href":"https:\/\/www.gaveanews.com\/index.php\/wp-json\/wp\/v2\/posts"}],"about":[{"href":"https:\/\/www.gaveanews.com\/index.php\/wp-json\/wp\/v2\/types\/post"}],"author":[{"embeddable":true,"href":"https:\/\/www.gaveanews.com\/index.php\/wp-json\/wp\/v2\/users\/27"}],"replies":[{"embeddable":true,"href":"https:\/\/www.gaveanews.com\/index.php\/wp-json\/wp\/v2\/comments?post=178798"}],"version-history":[{"count":1,"href":"https:\/\/www.gaveanews.com\/index.php\/wp-json\/wp\/v2\/posts\/178798\/revisions"}],"predecessor-version":[{"id":178799,"href":"https:\/\/www.gaveanews.com\/index.php\/wp-json\/wp\/v2\/posts\/178798\/revisions\/178799"}],"wp:featuredmedia":[{"embeddable":true,"href":"https:\/\/www.gaveanews.com\/index.php\/wp-json\/wp\/v2\/media\/152159"}],"wp:attachment":[{"href":"https:\/\/www.gaveanews.com\/index.php\/wp-json\/wp\/v2\/media?parent=178798"}],"wp:term":[{"taxonomy":"category","embeddable":true,"href":"https:\/\/www.gaveanews.com\/index.php\/wp-json\/wp\/v2\/categories?post=178798"},{"taxonomy":"post_tag","embeddable":true,"href":"https:\/\/www.gaveanews.com\/index.php\/wp-json\/wp\/v2\/tags?post=178798"}],"curies":[{"name":"wp","href":"https:\/\/api.w.org\/{rel}","templated":true}]}}