{"id":178801,"date":"2024-10-29T08:40:50","date_gmt":"2024-10-29T11:40:50","guid":{"rendered":"https:\/\/www.gaveanews.com\/?p=178801"},"modified":"2024-10-29T08:32:15","modified_gmt":"2024-10-29T11:32:15","slug":"boa-noticia-antes-do-classico-nota-oficial-do-cruzeiro-e-revolta-de-vojvoda-as-ultimas-noticias-do-palmeiras","status":"publish","type":"post","link":"https:\/\/www.gaveanews.com\/index.php\/2024\/10\/29\/boa-noticia-antes-do-classico-nota-oficial-do-cruzeiro-e-revolta-de-vojvoda-as-ultimas-noticias-do-palmeiras\/","title":{"rendered":"Boa not\u00edcia antes do cl\u00e1ssico, nota oficial do Cruzeiro e revolta de Vojvoda: as \u00faltimas not\u00edcias do Palmeiras"},"content":{"rendered":"\n<p>Nas \u00faltimas horas, o foco das not\u00edcias sobre o Palmeiras se concentram nos bastidores do clube, com destaques como a  nota oficial do Cruzeiro e revolta de Vojvoda.<\/p>\n\n\n\n<p>Por conta deste contexto, leia abaixo um resumo preparado pela equipe do portal G\u00e1vea News para lhe manter muito bem informado!<\/p>\n\n\n\n<h2 class=\"wp-block-heading\" id=\"h-revolta-de-vojvoda\">Revolta de Vojvoda<\/h2>\n\n\n\n<p>Ap\u00f3s o empate entre Palmeiras e Fortaleza por 2 a 2, o t\u00e9cnico do Fortaleza, Juan Pablo Vojvoda, expressou sua insatisfa\u00e7\u00e3o com a arbitragem, criticando a marca\u00e7\u00e3o de dois p\u00eanaltis a favor do Palmeiras. Vojvoda pediu que a CBF revisasse os lances, afirmando que, embora sua equipe tenha controlado bem a partida e executado o plano de jogo, o controle sobre a arbitragem estava fora de suas m\u00e3os. <strong><a href=\"https:\/\/www.gaveanews.com\/index.php\/2024\/10\/28\/palmeiras-x-fortaleza-vojvoda-se-revolta-apos-o-jogo\/\">(leia a mat\u00e9ria completa)<\/a><\/strong><\/p>\n\n\n\n<figure class=\"wp-block-image size-large\"><img loading=\"lazy\" decoding=\"async\" width=\"1024\" height=\"576\" src=\"https:\/\/www.gaveanews.com\/wp-content\/uploads\/Vojvoda-durante-um-treino-do-Fortaleza-1024x576.webp\" alt=\"\" class=\"wp-image-72672\" srcset=\"https:\/\/www.gaveanews.com\/wp-content\/uploads\/Vojvoda-durante-um-treino-do-Fortaleza-1024x576.webp 1024w, https:\/\/www.gaveanews.com\/wp-content\/uploads\/Vojvoda-durante-um-treino-do-Fortaleza-300x169.webp 300w, https:\/\/www.gaveanews.com\/wp-content\/uploads\/Vojvoda-durante-um-treino-do-Fortaleza-768x432.webp 768w, https:\/\/www.gaveanews.com\/wp-content\/uploads\/Vojvoda-durante-um-treino-do-Fortaleza-747x420.webp 747w, https:\/\/www.gaveanews.com\/wp-content\/uploads\/Vojvoda-durante-um-treino-do-Fortaleza-640x360.webp 640w, https:\/\/www.gaveanews.com\/wp-content\/uploads\/Vojvoda-durante-um-treino-do-Fortaleza-681x383.webp 681w, https:\/\/www.gaveanews.com\/wp-content\/uploads\/Vojvoda-durante-um-treino-do-Fortaleza-100x56.webp 100w, https:\/\/www.gaveanews.com\/wp-content\/uploads\/Vojvoda-durante-um-treino-do-Fortaleza.webp 1280w\" sizes=\"auto, (max-width: 1024px) 100vw, 1024px\" \/><figcaption class=\"wp-element-caption\">Vojvoda durante um treino do Fortaleza (Foto: Leonardo Moreira\/Fortaleza)<\/figcaption><\/figure>\n\n\n\n<p>Al\u00e9m de Vojvoda, Marcelo Paz, CEO do Fortaleza, ironizou nas redes sociais a quantidade de p\u00eanaltis a favor do Palmeiras, questionando se haveria mais algum marcado. O empate deixou o Fortaleza com 57 pontos, ocupando a terceira posi\u00e7\u00e3o, enquanto o Palmeiras se manteve em segundo lugar, com 61 pontos.<\/p>\n\n\n\n<p>O Fortaleza retorna aos gramados no pr\u00f3ximo s\u00e1bado contra o Juventude, buscando consolidar sua posi\u00e7\u00e3o no G4 do Campeonato Brasileiro.<\/p>\n\n\n\n<h2 class=\"wp-block-heading\" id=\"h-nota-oficial-do-cruzeiro\">Nota oficial do Cruzeiro <\/h2>\n\n\n\n<p>O Cruzeiro emitiu uma nota oficial lamentando um ataque violento de torcedores do Palmeiras contra \u00f4nibus com cruzeirenses na Rodovia Fern\u00e3o Dias, em Mairipor\u00e3 (SP), na madrugada do domingo. O confronto resultou na morte de Jos\u00e9 Victor dos Santos Miranda, integrante da M\u00e1fia Azul de Sete Lagoas, e deixou 20 pessoas feridas. Segundo relatos da Pol\u00edcia Rodovi\u00e1ria Federal (PRF), cerca de 150 palmeirenses emboscaram os \u00f4nibus, queimando um dos ve\u00edculos e usando peda\u00e7os de madeira como armas. <strong><a href=\"https:\/\/www.gaveanews.com\/index.php\/2024\/10\/27\/cruzeiro-emite-nota-oficial-apos-confusao-de-torcedores-do-palmeiras\/\">(leia a mat\u00e9ria completa)<\/a><\/strong><\/p>\n\n\n\n<figure class=\"wp-block-image size-full\"><img loading=\"lazy\" decoding=\"async\" width=\"640\" height=\"360\" src=\"https:\/\/www.gaveanews.com\/wp-content\/uploads\/torcida-do-palmeiras.webp\" alt=\"\" class=\"wp-image-155979\" srcset=\"https:\/\/www.gaveanews.com\/wp-content\/uploads\/torcida-do-palmeiras.webp 640w, https:\/\/www.gaveanews.com\/wp-content\/uploads\/torcida-do-palmeiras-300x169.webp 300w, https:\/\/www.gaveanews.com\/wp-content\/uploads\/torcida-do-palmeiras-100x56.webp 100w\" sizes=\"auto, (max-width: 640px) 100vw, 640px\" \/><figcaption class=\"wp-element-caption\">torcida do palmeiras (Foto: Cesar Greco\/Palmeiras)<\/figcaption><\/figure>\n\n\n\n<p>Em sua declara\u00e7\u00e3o, o Cruzeiro repudiou a viol\u00eancia entre torcedores e apelou para o fim dos atos criminosos no futebol, destacando que o esporte deveria unir, n\u00e3o dividir. <\/p>\n\n\n\n<p>O Palmeiras tamb\u00e9m se manifestou, condenando o incidente e solicitando uma investiga\u00e7\u00e3o rigorosa para que os respons\u00e1veis sejam punidos.<\/p>\n\n\n\n<p>Esse tr\u00e1gico epis\u00f3dio ocorre em meio a um hist\u00f3rico de confrontos violentos entre as torcidas organizadas dos dois clubes, que j\u00e1 protagonizaram embates graves anteriormente.<\/p>\n\n\n\n<h2 class=\"wp-block-heading\" id=\"h-boa-noticia-antes-do-classico\">Boa not\u00edcia antes do cl\u00e1ssico<\/h2>\n\n\n\n<p>O Palmeiras ter\u00e1 praticamente todo o elenco \u00e0 disposi\u00e7\u00e3o para o cl\u00e1ssico contra o Corinthians, ap\u00f3s nenhum dos seis jogadores pendurados receber cart\u00e3o na \u00faltima partida. Isso inclui Weverton, Vitor Reis, Fabinho, Richard R\u00edos, Maur\u00edcio e Est\u00eav\u00e3o, aliviando as preocupa\u00e7\u00f5es do t\u00e9cnico Abel Ferreira. O \u00fanico advertido foi o lateral Mayke, que n\u00e3o estava sob risco de suspens\u00e3o. <strong><a href=\"https:\/\/www.gaveanews.com\/index.php\/2024\/10\/27\/torcida-palmeirense-recebe-boa-noticia-para-o-jogo-entre-palmeiras-x-corinthians\/\">(leia a mat\u00e9ria completa)<\/a><\/strong><\/p>\n\n\n\n<figure class=\"wp-block-image size-large is-resized\"><img loading=\"lazy\" decoding=\"async\" width=\"822\" height=\"1024\" src=\"https:\/\/www.gaveanews.com\/wp-content\/uploads\/Gabriel-Menino-em-acao-pelo-Palmeiras-no-Allianz-Parque-822x1024.webp\" alt=\"\" class=\"wp-image-139704\" style=\"width:668px;height:auto\" srcset=\"https:\/\/www.gaveanews.com\/wp-content\/uploads\/Gabriel-Menino-em-acao-pelo-Palmeiras-no-Allianz-Parque-822x1024.webp 822w, https:\/\/www.gaveanews.com\/wp-content\/uploads\/Gabriel-Menino-em-acao-pelo-Palmeiras-no-Allianz-Parque-241x300.webp 241w, https:\/\/www.gaveanews.com\/wp-content\/uploads\/Gabriel-Menino-em-acao-pelo-Palmeiras-no-Allianz-Parque-768x957.webp 768w, https:\/\/www.gaveanews.com\/wp-content\/uploads\/Gabriel-Menino-em-acao-pelo-Palmeiras-no-Allianz-Parque-337x420.webp 337w, https:\/\/www.gaveanews.com\/wp-content\/uploads\/Gabriel-Menino-em-acao-pelo-Palmeiras-no-Allianz-Parque-674x840.webp 674w, https:\/\/www.gaveanews.com\/wp-content\/uploads\/Gabriel-Menino-em-acao-pelo-Palmeiras-no-Allianz-Parque-640x798.webp 640w, https:\/\/www.gaveanews.com\/wp-content\/uploads\/Gabriel-Menino-em-acao-pelo-Palmeiras-no-Allianz-Parque-681x849.webp 681w, https:\/\/www.gaveanews.com\/wp-content\/uploads\/Gabriel-Menino-em-acao-pelo-Palmeiras-no-Allianz-Parque-100x125.webp 100w, https:\/\/www.gaveanews.com\/wp-content\/uploads\/Gabriel-Menino-em-acao-pelo-Palmeiras-no-Allianz-Parque.webp 1080w\" sizes=\"auto, (max-width: 822px) 100vw, 822px\" \/><figcaption class=\"wp-element-caption\">Gabriel Menino em a\u00e7\u00e3o pelo Palmeiras no Allianz Parque (Foto: Reprodu\u00e7\u00e3o\/Instagram)<\/figcaption><\/figure>\n\n\n\n<p>Al\u00e9m disso, o Palmeiras contar\u00e1 com o retorno de tr\u00eas jogadores importantes que cumpriram suspens\u00e3o: Gabriel Menino, Marcos Rocha e An\u00edbal Moreno, que devem refor\u00e7ar a equipe titular. Entre as aus\u00eancias, est\u00e3o o zagueiro Murilo e o atacante Bruno Rodrigues, ambos lesionados. Piquerez, ainda em recupera\u00e7\u00e3o de cirurgia, e o meia-atacante L\u00e1zaro, com dores no joelho, tamb\u00e9m s\u00e3o d\u00favidas.<\/p>\n\n\n\n<p>O confronto v\u00e1lido pela 32\u00aa rodada do Brasileir\u00e3o acontecer\u00e1 na Neo Qu\u00edmica Arena, \u00e0s 20h do dia 4 de novembro.<\/p>\n","protected":false},"excerpt":{"rendered":"<p>Nas \u00faltimas horas, o foco das not\u00edcias sobre o Palmeiras se concentram nos bastidores do clube, com destaques como a nota oficial do Cruzeiro e revolta de Vojvoda. Por conta deste contexto, leia abaixo um resumo preparado pela equipe do portal G\u00e1vea News para lhe manter muito bem informado! Revolta de Vojvoda Ap\u00f3s o empate [&hellip;]<\/p>\n","protected":false},"author":27,"featured_media":142887,"comment_status":"open","ping_status":"closed","sticky":false,"template":"","format":"standard","meta":{"footnotes":""},"categories":[150],"tags":[],"class_list":["post-178801","post","type-post","status-publish","format-standard","has-post-thumbnail","hentry","category-palmeiras"],"yoast_head":"<!-- This site is optimized with the Yoast SEO Premium plugin v24.2 (Yoast SEO v26.9) - https:\/\/yoast.com\/product\/yoast-seo-premium-wordpress\/ -->\n<title>Boa not\u00edcia antes do cl\u00e1ssico, nota oficial do Cruzeiro e revolta de Vojvoda: as \u00faltimas not\u00edcias do Palmeiras<\/title>\n<meta name=\"robots\" content=\"index, follow, max-snippet:-1, max-image-preview:large, max-video-preview:-1\" \/>\n<link rel=\"canonical\" href=\"https:\/\/www.gaveanews.com\/index.php\/2024\/10\/29\/boa-noticia-antes-do-classico-nota-oficial-do-cruzeiro-e-revolta-de-vojvoda-as-ultimas-noticias-do-palmeiras\/\" \/>\n<meta property=\"og:locale\" content=\"pt_BR\" \/>\n<meta property=\"og:type\" content=\"article\" \/>\n<meta property=\"og:title\" content=\"Boa not\u00edcia antes do cl\u00e1ssico, nota oficial do Cruzeiro e revolta de Vojvoda: as \u00faltimas not\u00edcias do Palmeiras\" \/>\n<meta property=\"og:description\" content=\"Nas \u00faltimas horas, o foco das not\u00edcias sobre o Palmeiras se concentram nos bastidores do clube, com destaques como a nota oficial do Cruzeiro e revolta de Vojvoda. Por conta deste contexto, leia abaixo um resumo preparado pela equipe do portal G\u00e1vea News para lhe manter muito bem informado! Revolta de Vojvoda Ap\u00f3s o empate [&hellip;]\" \/>\n<meta property=\"og:url\" content=\"https:\/\/www.gaveanews.com\/index.php\/2024\/10\/29\/boa-noticia-antes-do-classico-nota-oficial-do-cruzeiro-e-revolta-de-vojvoda-as-ultimas-noticias-do-palmeiras\/\" \/>\n<meta property=\"og:site_name\" content=\"G\u00e1vea News\" \/>\n<meta property=\"article:publisher\" content=\"https:\/\/facebook.com\/gaveaNews\/\" \/>\n<meta property=\"article:published_time\" content=\"2024-10-29T11:40:50+00:00\" \/>\n<meta property=\"og:image\" content=\"https:\/\/www.gaveanews.com\/wp-content\/uploads\/Escudo-do-Palmeiras.webp\" \/>\n\t<meta property=\"og:image:width\" content=\"680\" \/>\n\t<meta property=\"og:image:height\" content=\"510\" \/>\n\t<meta property=\"og:image:type\" content=\"image\/jpeg\" \/>\n<meta name=\"author\" content=\"Matheus Felipe\" \/>\n<meta name=\"twitter:card\" content=\"summary_large_image\" \/>\n<meta name=\"twitter:label1\" content=\"Escrito por\" \/>\n\t<meta name=\"twitter:data1\" content=\"Matheus Felipe\" \/>\n\t<meta name=\"twitter:label2\" content=\"Est. tempo de leitura\" \/>\n\t<meta name=\"twitter:data2\" content=\"4 minutos\" \/>\n<script type=\"application\/ld+json\" class=\"yoast-schema-graph\">{\"@context\":\"https:\/\/schema.org\",\"@graph\":[{\"@type\":\"NewsArticle\",\"@id\":\"https:\/\/www.gaveanews.com\/index.php\/2024\/10\/29\/boa-noticia-antes-do-classico-nota-oficial-do-cruzeiro-e-revolta-de-vojvoda-as-ultimas-noticias-do-palmeiras\/#article\",\"isPartOf\":{\"@id\":\"https:\/\/www.gaveanews.com\/index.php\/2024\/10\/29\/boa-noticia-antes-do-classico-nota-oficial-do-cruzeiro-e-revolta-de-vojvoda-as-ultimas-noticias-do-palmeiras\/\"},\"author\":{\"name\":\"Matheus Felipe\",\"@id\":\"https:\/\/www.gaveanews.com\/#\/schema\/person\/8207cd4627f56151707418bfc835b2fb\"},\"headline\":\"Boa not\u00edcia antes do cl\u00e1ssico, nota oficial do Cruzeiro e revolta de Vojvoda: as \u00faltimas not\u00edcias do Palmeiras\",\"datePublished\":\"2024-10-29T11:40:50+00:00\",\"mainEntityOfPage\":{\"@id\":\"https:\/\/www.gaveanews.com\/index.php\/2024\/10\/29\/boa-noticia-antes-do-classico-nota-oficial-do-cruzeiro-e-revolta-de-vojvoda-as-ultimas-noticias-do-palmeiras\/\"},\"wordCount\":600,\"commentCount\":0,\"image\":{\"@id\":\"https:\/\/www.gaveanews.com\/index.php\/2024\/10\/29\/boa-noticia-antes-do-classico-nota-oficial-do-cruzeiro-e-revolta-de-vojvoda-as-ultimas-noticias-do-palmeiras\/#primaryimage\"},\"thumbnailUrl\":\"https:\/\/www.gaveanews.com\/wp-content\/uploads\/Escudo-do-Palmeiras.webp\",\"articleSection\":[\"Palmeiras\"],\"inLanguage\":\"pt-BR\",\"potentialAction\":[{\"@type\":\"CommentAction\",\"name\":\"Comment\",\"target\":[\"https:\/\/www.gaveanews.com\/index.php\/2024\/10\/29\/boa-noticia-antes-do-classico-nota-oficial-do-cruzeiro-e-revolta-de-vojvoda-as-ultimas-noticias-do-palmeiras\/#respond\"]}],\"copyrightYear\":\"2024\",\"copyrightHolder\":{\"@id\":\"https:\/\/www.gaveanews.com\/#organization\"}},{\"@type\":\"WebPage\",\"@id\":\"https:\/\/www.gaveanews.com\/index.php\/2024\/10\/29\/boa-noticia-antes-do-classico-nota-oficial-do-cruzeiro-e-revolta-de-vojvoda-as-ultimas-noticias-do-palmeiras\/\",\"url\":\"https:\/\/www.gaveanews.com\/index.php\/2024\/10\/29\/boa-noticia-antes-do-classico-nota-oficial-do-cruzeiro-e-revolta-de-vojvoda-as-ultimas-noticias-do-palmeiras\/\",\"name\":\"Boa not\u00edcia antes do cl\u00e1ssico, nota oficial do Cruzeiro e revolta de Vojvoda: as \u00faltimas not\u00edcias do Palmeiras\",\"isPartOf\":{\"@id\":\"https:\/\/www.gaveanews.com\/#website\"},\"primaryImageOfPage\":{\"@id\":\"https:\/\/www.gaveanews.com\/index.php\/2024\/10\/29\/boa-noticia-antes-do-classico-nota-oficial-do-cruzeiro-e-revolta-de-vojvoda-as-ultimas-noticias-do-palmeiras\/#primaryimage\"},\"image\":{\"@id\":\"https:\/\/www.gaveanews.com\/index.php\/2024\/10\/29\/boa-noticia-antes-do-classico-nota-oficial-do-cruzeiro-e-revolta-de-vojvoda-as-ultimas-noticias-do-palmeiras\/#primaryimage\"},\"thumbnailUrl\":\"https:\/\/www.gaveanews.com\/wp-content\/uploads\/Escudo-do-Palmeiras.webp\",\"datePublished\":\"2024-10-29T11:40:50+00:00\",\"author\":{\"@id\":\"https:\/\/www.gaveanews.com\/#\/schema\/person\/8207cd4627f56151707418bfc835b2fb\"},\"breadcrumb\":{\"@id\":\"https:\/\/www.gaveanews.com\/index.php\/2024\/10\/29\/boa-noticia-antes-do-classico-nota-oficial-do-cruzeiro-e-revolta-de-vojvoda-as-ultimas-noticias-do-palmeiras\/#breadcrumb\"},\"inLanguage\":\"pt-BR\",\"potentialAction\":[{\"@type\":\"ReadAction\",\"target\":[\"https:\/\/www.gaveanews.com\/index.php\/2024\/10\/29\/boa-noticia-antes-do-classico-nota-oficial-do-cruzeiro-e-revolta-de-vojvoda-as-ultimas-noticias-do-palmeiras\/\"]}]},{\"@type\":\"ImageObject\",\"inLanguage\":\"pt-BR\",\"@id\":\"https:\/\/www.gaveanews.com\/index.php\/2024\/10\/29\/boa-noticia-antes-do-classico-nota-oficial-do-cruzeiro-e-revolta-de-vojvoda-as-ultimas-noticias-do-palmeiras\/#primaryimage\",\"url\":\"https:\/\/www.gaveanews.com\/wp-content\/uploads\/Escudo-do-Palmeiras.webp\",\"contentUrl\":\"https:\/\/www.gaveanews.com\/wp-content\/uploads\/Escudo-do-Palmeiras.webp\",\"width\":680,\"height\":510,\"caption\":\"Escudo do Palmeiras (Foto Reprodu\u00e7\u00e3o\/Instagram)\"},{\"@type\":\"BreadcrumbList\",\"@id\":\"https:\/\/www.gaveanews.com\/index.php\/2024\/10\/29\/boa-noticia-antes-do-classico-nota-oficial-do-cruzeiro-e-revolta-de-vojvoda-as-ultimas-noticias-do-palmeiras\/#breadcrumb\",\"itemListElement\":[{\"@type\":\"ListItem\",\"position\":1,\"name\":\"Home\",\"item\":\"https:\/\/www.gaveanews.com\/\"},{\"@type\":\"ListItem\",\"position\":2,\"name\":\"Boa not\u00edcia antes do cl\u00e1ssico, nota oficial do Cruzeiro e revolta de Vojvoda: as \u00faltimas not\u00edcias do Palmeiras\"}]},{\"@type\":\"WebSite\",\"@id\":\"https:\/\/www.gaveanews.com\/#website\",\"url\":\"https:\/\/www.gaveanews.com\/\",\"name\":\"G\u00e1vea News\",\"description\":\"Veja todas as not\u00edcias sobre o Flamengo: Contrata\u00e7\u00f5es, categorias de base, resultados das partidas, tabela de classifica\u00e7\u00e3o, pr\u00f3ximos jogos!\",\"potentialAction\":[{\"@type\":\"SearchAction\",\"target\":{\"@type\":\"EntryPoint\",\"urlTemplate\":\"https:\/\/www.gaveanews.com\/?s={search_term_string}\"},\"query-input\":{\"@type\":\"PropertyValueSpecification\",\"valueRequired\":true,\"valueName\":\"search_term_string\"}}],\"inLanguage\":\"pt-BR\"},{\"@type\":\"Person\",\"@id\":\"https:\/\/www.gaveanews.com\/#\/schema\/person\/8207cd4627f56151707418bfc835b2fb\",\"name\":\"Matheus Felipe\",\"image\":{\"@type\":\"ImageObject\",\"inLanguage\":\"pt-BR\",\"@id\":\"https:\/\/www.gaveanews.com\/#\/schema\/person\/image\/\",\"url\":\"https:\/\/secure.gravatar.com\/avatar\/a452ffbed9130f726358b298bb3a99ce4bd3c5338411f8440e87e14d74c7c087?s=96&d=mm&r=g\",\"contentUrl\":\"https:\/\/secure.gravatar.com\/avatar\/a452ffbed9130f726358b298bb3a99ce4bd3c5338411f8440e87e14d74c7c087?s=96&d=mm&r=g\",\"caption\":\"Matheus Felipe\"}}]}<\/script>\n<!-- \/ Yoast SEO Premium plugin. -->","yoast_head_json":{"title":"Boa not\u00edcia antes do cl\u00e1ssico, nota oficial do Cruzeiro e revolta de Vojvoda: as \u00faltimas not\u00edcias do Palmeiras","robots":{"index":"index","follow":"follow","max-snippet":"max-snippet:-1","max-image-preview":"max-image-preview:large","max-video-preview":"max-video-preview:-1"},"canonical":"https:\/\/www.gaveanews.com\/index.php\/2024\/10\/29\/boa-noticia-antes-do-classico-nota-oficial-do-cruzeiro-e-revolta-de-vojvoda-as-ultimas-noticias-do-palmeiras\/","og_locale":"pt_BR","og_type":"article","og_title":"Boa not\u00edcia antes do cl\u00e1ssico, nota oficial do Cruzeiro e revolta de Vojvoda: as \u00faltimas not\u00edcias do Palmeiras","og_description":"Nas \u00faltimas horas, o foco das not\u00edcias sobre o Palmeiras se concentram nos bastidores do clube, com destaques como a nota oficial do Cruzeiro e revolta de Vojvoda. Por conta deste contexto, leia abaixo um resumo preparado pela equipe do portal G\u00e1vea News para lhe manter muito bem informado! Revolta de Vojvoda Ap\u00f3s o empate [&hellip;]","og_url":"https:\/\/www.gaveanews.com\/index.php\/2024\/10\/29\/boa-noticia-antes-do-classico-nota-oficial-do-cruzeiro-e-revolta-de-vojvoda-as-ultimas-noticias-do-palmeiras\/","og_site_name":"G\u00e1vea News","article_publisher":"https:\/\/facebook.com\/gaveaNews\/","article_published_time":"2024-10-29T11:40:50+00:00","og_image":[{"width":680,"height":510,"url":"https:\/\/www.gaveanews.com\/wp-content\/uploads\/Escudo-do-Palmeiras.webp","type":"image\/jpeg"}],"author":"Matheus Felipe","twitter_card":"summary_large_image","twitter_misc":{"Escrito por":"Matheus Felipe","Est. tempo de leitura":"4 minutos"},"schema":{"@context":"https:\/\/schema.org","@graph":[{"@type":"NewsArticle","@id":"https:\/\/www.gaveanews.com\/index.php\/2024\/10\/29\/boa-noticia-antes-do-classico-nota-oficial-do-cruzeiro-e-revolta-de-vojvoda-as-ultimas-noticias-do-palmeiras\/#article","isPartOf":{"@id":"https:\/\/www.gaveanews.com\/index.php\/2024\/10\/29\/boa-noticia-antes-do-classico-nota-oficial-do-cruzeiro-e-revolta-de-vojvoda-as-ultimas-noticias-do-palmeiras\/"},"author":{"name":"Matheus Felipe","@id":"https:\/\/www.gaveanews.com\/#\/schema\/person\/8207cd4627f56151707418bfc835b2fb"},"headline":"Boa not\u00edcia antes do cl\u00e1ssico, nota oficial do Cruzeiro e revolta de Vojvoda: as \u00faltimas not\u00edcias do Palmeiras","datePublished":"2024-10-29T11:40:50+00:00","mainEntityOfPage":{"@id":"https:\/\/www.gaveanews.com\/index.php\/2024\/10\/29\/boa-noticia-antes-do-classico-nota-oficial-do-cruzeiro-e-revolta-de-vojvoda-as-ultimas-noticias-do-palmeiras\/"},"wordCount":600,"commentCount":0,"image":{"@id":"https:\/\/www.gaveanews.com\/index.php\/2024\/10\/29\/boa-noticia-antes-do-classico-nota-oficial-do-cruzeiro-e-revolta-de-vojvoda-as-ultimas-noticias-do-palmeiras\/#primaryimage"},"thumbnailUrl":"https:\/\/www.gaveanews.com\/wp-content\/uploads\/Escudo-do-Palmeiras.webp","articleSection":["Palmeiras"],"inLanguage":"pt-BR","potentialAction":[{"@type":"CommentAction","name":"Comment","target":["https:\/\/www.gaveanews.com\/index.php\/2024\/10\/29\/boa-noticia-antes-do-classico-nota-oficial-do-cruzeiro-e-revolta-de-vojvoda-as-ultimas-noticias-do-palmeiras\/#respond"]}],"copyrightYear":"2024","copyrightHolder":{"@id":"https:\/\/www.gaveanews.com\/#organization"}},{"@type":"WebPage","@id":"https:\/\/www.gaveanews.com\/index.php\/2024\/10\/29\/boa-noticia-antes-do-classico-nota-oficial-do-cruzeiro-e-revolta-de-vojvoda-as-ultimas-noticias-do-palmeiras\/","url":"https:\/\/www.gaveanews.com\/index.php\/2024\/10\/29\/boa-noticia-antes-do-classico-nota-oficial-do-cruzeiro-e-revolta-de-vojvoda-as-ultimas-noticias-do-palmeiras\/","name":"Boa not\u00edcia antes do cl\u00e1ssico, nota oficial do Cruzeiro e revolta de Vojvoda: as \u00faltimas not\u00edcias do Palmeiras","isPartOf":{"@id":"https:\/\/www.gaveanews.com\/#website"},"primaryImageOfPage":{"@id":"https:\/\/www.gaveanews.com\/index.php\/2024\/10\/29\/boa-noticia-antes-do-classico-nota-oficial-do-cruzeiro-e-revolta-de-vojvoda-as-ultimas-noticias-do-palmeiras\/#primaryimage"},"image":{"@id":"https:\/\/www.gaveanews.com\/index.php\/2024\/10\/29\/boa-noticia-antes-do-classico-nota-oficial-do-cruzeiro-e-revolta-de-vojvoda-as-ultimas-noticias-do-palmeiras\/#primaryimage"},"thumbnailUrl":"https:\/\/www.gaveanews.com\/wp-content\/uploads\/Escudo-do-Palmeiras.webp","datePublished":"2024-10-29T11:40:50+00:00","author":{"@id":"https:\/\/www.gaveanews.com\/#\/schema\/person\/8207cd4627f56151707418bfc835b2fb"},"breadcrumb":{"@id":"https:\/\/www.gaveanews.com\/index.php\/2024\/10\/29\/boa-noticia-antes-do-classico-nota-oficial-do-cruzeiro-e-revolta-de-vojvoda-as-ultimas-noticias-do-palmeiras\/#breadcrumb"},"inLanguage":"pt-BR","potentialAction":[{"@type":"ReadAction","target":["https:\/\/www.gaveanews.com\/index.php\/2024\/10\/29\/boa-noticia-antes-do-classico-nota-oficial-do-cruzeiro-e-revolta-de-vojvoda-as-ultimas-noticias-do-palmeiras\/"]}]},{"@type":"ImageObject","inLanguage":"pt-BR","@id":"https:\/\/www.gaveanews.com\/index.php\/2024\/10\/29\/boa-noticia-antes-do-classico-nota-oficial-do-cruzeiro-e-revolta-de-vojvoda-as-ultimas-noticias-do-palmeiras\/#primaryimage","url":"https:\/\/www.gaveanews.com\/wp-content\/uploads\/Escudo-do-Palmeiras.webp","contentUrl":"https:\/\/www.gaveanews.com\/wp-content\/uploads\/Escudo-do-Palmeiras.webp","width":680,"height":510,"caption":"Escudo do Palmeiras (Foto Reprodu\u00e7\u00e3o\/Instagram)"},{"@type":"BreadcrumbList","@id":"https:\/\/www.gaveanews.com\/index.php\/2024\/10\/29\/boa-noticia-antes-do-classico-nota-oficial-do-cruzeiro-e-revolta-de-vojvoda-as-ultimas-noticias-do-palmeiras\/#breadcrumb","itemListElement":[{"@type":"ListItem","position":1,"name":"Home","item":"https:\/\/www.gaveanews.com\/"},{"@type":"ListItem","position":2,"name":"Boa not\u00edcia antes do cl\u00e1ssico, nota oficial do Cruzeiro e revolta de Vojvoda: as \u00faltimas not\u00edcias do Palmeiras"}]},{"@type":"WebSite","@id":"https:\/\/www.gaveanews.com\/#website","url":"https:\/\/www.gaveanews.com\/","name":"G\u00e1vea News","description":"Veja todas as not\u00edcias sobre o Flamengo: Contrata\u00e7\u00f5es, categorias de base, resultados das partidas, tabela de classifica\u00e7\u00e3o, pr\u00f3ximos jogos!","potentialAction":[{"@type":"SearchAction","target":{"@type":"EntryPoint","urlTemplate":"https:\/\/www.gaveanews.com\/?s={search_term_string}"},"query-input":{"@type":"PropertyValueSpecification","valueRequired":true,"valueName":"search_term_string"}}],"inLanguage":"pt-BR"},{"@type":"Person","@id":"https:\/\/www.gaveanews.com\/#\/schema\/person\/8207cd4627f56151707418bfc835b2fb","name":"Matheus Felipe","image":{"@type":"ImageObject","inLanguage":"pt-BR","@id":"https:\/\/www.gaveanews.com\/#\/schema\/person\/image\/","url":"https:\/\/secure.gravatar.com\/avatar\/a452ffbed9130f726358b298bb3a99ce4bd3c5338411f8440e87e14d74c7c087?s=96&d=mm&r=g","contentUrl":"https:\/\/secure.gravatar.com\/avatar\/a452ffbed9130f726358b298bb3a99ce4bd3c5338411f8440e87e14d74c7c087?s=96&d=mm&r=g","caption":"Matheus Felipe"}}]}},"_links":{"self":[{"href":"https:\/\/www.gaveanews.com\/index.php\/wp-json\/wp\/v2\/posts\/178801","targetHints":{"allow":["GET"]}}],"collection":[{"href":"https:\/\/www.gaveanews.com\/index.php\/wp-json\/wp\/v2\/posts"}],"about":[{"href":"https:\/\/www.gaveanews.com\/index.php\/wp-json\/wp\/v2\/types\/post"}],"author":[{"embeddable":true,"href":"https:\/\/www.gaveanews.com\/index.php\/wp-json\/wp\/v2\/users\/27"}],"replies":[{"embeddable":true,"href":"https:\/\/www.gaveanews.com\/index.php\/wp-json\/wp\/v2\/comments?post=178801"}],"version-history":[{"count":1,"href":"https:\/\/www.gaveanews.com\/index.php\/wp-json\/wp\/v2\/posts\/178801\/revisions"}],"predecessor-version":[{"id":178803,"href":"https:\/\/www.gaveanews.com\/index.php\/wp-json\/wp\/v2\/posts\/178801\/revisions\/178803"}],"wp:featuredmedia":[{"embeddable":true,"href":"https:\/\/www.gaveanews.com\/index.php\/wp-json\/wp\/v2\/media\/142887"}],"wp:attachment":[{"href":"https:\/\/www.gaveanews.com\/index.php\/wp-json\/wp\/v2\/media?parent=178801"}],"wp:term":[{"taxonomy":"category","embeddable":true,"href":"https:\/\/www.gaveanews.com\/index.php\/wp-json\/wp\/v2\/categories?post=178801"},{"taxonomy":"post_tag","embeddable":true,"href":"https:\/\/www.gaveanews.com\/index.php\/wp-json\/wp\/v2\/tags?post=178801"}],"curies":[{"name":"wp","href":"https:\/\/api.w.org\/{rel}","templated":true}]}}