{"id":178827,"date":"2024-10-29T12:31:22","date_gmt":"2024-10-29T15:31:22","guid":{"rendered":"https:\/\/www.gaveanews.com\/?p=178827"},"modified":"2024-10-29T12:32:33","modified_gmt":"2024-10-29T15:32:33","slug":"vini-jr-reprova-atitude-da-propria-torcida-do-real-madrid","status":"publish","type":"post","link":"https:\/\/www.gaveanews.com\/index.php\/2024\/10\/29\/vini-jr-reprova-atitude-da-propria-torcida-do-real-madrid\/","title":{"rendered":"Vini Jr. reprova atitude da pr\u00f3pria torcida do Real Madrid"},"content":{"rendered":"\n<h2 class=\"wp-block-heading\" id=\"h-vini-jr-se-pronuncia-apos-casos-de-racismo-em-real-x-barcelona\">Vini Jr. se pronuncia ap\u00f3s casos de racismo em Real x Barcelona<\/h2>\n\n\n\n<p>Outro epis\u00f3dio de racismo na Espanha envolvendo Vini Jr ocorreu durante o cl\u00e1ssico entre Barcelona e Real Madrid, realizado neste s\u00e1bado, 26, pela 11\u00aa rodada da La Liga. O jogo n\u00e3o apenas resultou em uma expressiva vit\u00f3ria de 4 a 0 para os catal\u00e3es, mas tamb\u00e9m exp\u00f4s comportamentos inaceit\u00e1veis nas arquibancadas do Santiago Bernab\u00e9u.<\/p>\n\n\n\n<ul class=\"wp-block-list\">\n<li><a href=\"https:\/\/www.gaveanews.com\/index.php\/2024\/10\/28\/real-madrid-emite-nota-oficial-sobre-a-bola-de-ouro\/\">Real Madrid emite nota oficial sobre a Bola de Ouro<\/a><\/li>\n\n\n\n<li><a href=\"https:\/\/www.gaveanews.com\/index.php\/2024\/10\/28\/o-motivo-pelo-qual-vini-jr-realmente-nao-levou-a-bola-de-ouro\/\">O motivo pelo qual Vini Jr realmente n\u00e3o levou a Bola de Ouro<br><\/a><\/li>\n<\/ul>\n\n\n\n<p>Ao longo da partida, torcedores do Real Madrid protagonizaram cenas deplor\u00e1veis. Um f\u00e3 chegou a sugerir que os catal\u00e3es vendessem len\u00e7os no sem\u00e1foro, enquanto ao fundo, uma crian\u00e7a repetia ofensas racistas direcionadas aos jogadores advers\u00e1rios, clamando de momo.<\/p>\n\n\n\n<p>Essas atitudes lament\u00e1veis foram documentadas. V\u00eddeos compartilhados nas redes sociais mostraram torcedores do Real Madrid insultando Raphinha e Lamine Yamal, que marcaram um gol cada, sendo o belo gol de Raphinha destaque da partida. Robert Lewandowski tamb\u00e9m se destacou ao anotar mais dois gols para a equipe do Barcelona.<\/p>\n\n\n\n<figure class=\"wp-block-image size-large\"><img loading=\"lazy\" decoding=\"async\" width=\"1024\" height=\"566\" src=\"https:\/\/www.gaveanews.com\/wp-content\/uploads\/Real-Madrid-e-Barcelona-se-enfrentando-Raphinha-Vinicius-Junior-1024x566.webp\" alt=\"\" class=\"wp-image-130954\" srcset=\"https:\/\/www.gaveanews.com\/wp-content\/uploads\/Real-Madrid-e-Barcelona-se-enfrentando-Raphinha-Vinicius-Junior-1024x566.webp 1024w, https:\/\/www.gaveanews.com\/wp-content\/uploads\/Real-Madrid-e-Barcelona-se-enfrentando-Raphinha-Vinicius-Junior-300x166.webp 300w, https:\/\/www.gaveanews.com\/wp-content\/uploads\/Real-Madrid-e-Barcelona-se-enfrentando-Raphinha-Vinicius-Junior-768x424.webp 768w, https:\/\/www.gaveanews.com\/wp-content\/uploads\/Real-Madrid-e-Barcelona-se-enfrentando-Raphinha-Vinicius-Junior-760x420.webp 760w, https:\/\/www.gaveanews.com\/wp-content\/uploads\/Real-Madrid-e-Barcelona-se-enfrentando-Raphinha-Vinicius-Junior-640x354.webp 640w, https:\/\/www.gaveanews.com\/wp-content\/uploads\/Real-Madrid-e-Barcelona-se-enfrentando-Raphinha-Vinicius-Junior-681x376.webp 681w, https:\/\/www.gaveanews.com\/wp-content\/uploads\/Real-Madrid-e-Barcelona-se-enfrentando-Raphinha-Vinicius-Junior-100x55.webp 100w, https:\/\/www.gaveanews.com\/wp-content\/uploads\/Real-Madrid-e-Barcelona-se-enfrentando-Raphinha-Vinicius-Junior.webp 1220w\" sizes=\"auto, (max-width: 1024px) 100vw, 1024px\" \/><figcaption class=\"wp-element-caption\">Real Madrid e Barcelona se enfrentando (Foto: Gongora\/NurPhoto via Getty Images)<\/figcaption><\/figure>\n\n\n\n<p>Neste domingo, Vinicius Junior, um dos principais defensores da luta contra o racismo no esporte, usou suas redes sociais para comentar as cenas chocantes que viralizaram na internet. Sua voz continua firme e relevante na luta contra o racismo no futebol mundial.<\/p>\n\n\n\n<p><em>-\u00c9 lament\u00e1vel o que aconteceu ontem no Bernab\u00e9u com insultos racistas. N\u00e3o h\u00e1 espa\u00e7o para esses criminosos em nossa sociedade. Todo o meu apoio ao Lamine, Ansu e Raphinha. Eu sei que Madrid e a pol\u00edcia v\u00e3o fazer coisas para identificar e punir os culpados!!, escreveu Vini Jr em seu perfil oficial no X (antigo Twitter).<\/em><\/p>\n\n\n\n<p>O Real Madrid tamb\u00e9m se pronunciou e divulgou uma nota em seu site oficial condenando as a\u00e7\u00f5es de seus f\u00e3s, evidenciando que o combate \u00e0 intoler\u00e2ncia \u00e9 uma prioridade para o clube. A La Liga ainda n\u00e3o se pronunciou sobre o incidente, que, infelizmente, continua sendo comum no futebol espanhol.<\/p>\n\n\n\n<h2 class=\"wp-block-heading\" id=\"confira-abaixo-o-comunicado-oficial-do-real-madrid\">Confira, abaixo, o comunicado oficial do Real Madrid:<\/h2>\n\n\n\n<p><em>O Real Madrid condena veementemente qualquer tipo de comportamento que envolva racismo, xenofobia ou viol\u00eancia no futebol e no esporte, e lamenta profundamente os insultos que alguns adeptos proferiram ontem \u00e0 noite num dos cantos do est\u00e1dio.<\/em><\/p>\n\n\n\n<p><em>O Real Madrid abriu uma investiga\u00e7\u00e3o para localizar e identificar os autores destes lament\u00e1veis e desprez\u00edveis insultos, a fim de adotar as medidas disciplinares e judiciais pertinentes.<\/em><a href=\"https:\/\/ofertas.estadao.com.br\/?referrer_url=https:\/\/www.estadao.com.br\/esportes\/futebol\/vini-jr-racismo-real-madrid-x-barcelona-la-liga-npres\/&amp;utm_source=estadao:house-ads&amp;utm_medium=display&amp;utm_campaign=alwayson:conversao&amp;utm_content=banner-responsivo:ver-ofertas-anonimo-controle:&amp;utm_term=\"><\/a><\/p>\n","protected":false},"excerpt":{"rendered":"<p>Vini Jr. se pronuncia ap\u00f3s casos de racismo em Real x Barcelona Outro epis\u00f3dio de racismo na Espanha envolvendo Vini Jr ocorreu durante o cl\u00e1ssico entre Barcelona e Real Madrid, realizado neste s\u00e1bado, 26, pela 11\u00aa rodada da La Liga. O jogo n\u00e3o apenas resultou em uma expressiva vit\u00f3ria de 4 a 0 para os [&hellip;]<\/p>\n","protected":false},"author":16,"featured_media":131354,"comment_status":"open","ping_status":"closed","sticky":false,"template":"","format":"standard","meta":{"footnotes":""},"categories":[1,88],"tags":[],"class_list":["post-178827","post","type-post","status-publish","format-standard","has-post-thumbnail","hentry","category-flamengo","category-real-madrid"],"yoast_head":"<!-- This site is optimized with the Yoast SEO Premium plugin v24.2 (Yoast SEO v26.9) - https:\/\/yoast.com\/product\/yoast-seo-premium-wordpress\/ -->\n<title>Vini Jr. reprova atitude da pr\u00f3pria torcida do Real Madrid<\/title>\n<meta name=\"description\" content=\"Vini Jr. reprova atitude da pr\u00f3pria torcida do Real Madrid\" \/>\n<meta name=\"robots\" content=\"index, follow, max-snippet:-1, max-image-preview:large, max-video-preview:-1\" \/>\n<link rel=\"canonical\" href=\"https:\/\/www.gaveanews.com\/index.php\/2024\/10\/29\/vini-jr-reprova-atitude-da-propria-torcida-do-real-madrid\/\" \/>\n<meta property=\"og:locale\" content=\"pt_BR\" \/>\n<meta property=\"og:type\" content=\"article\" \/>\n<meta property=\"og:title\" content=\"Vini Jr. reprova atitude da pr\u00f3pria torcida do Real Madrid\" \/>\n<meta property=\"og:description\" content=\"Vini Jr. reprova atitude da pr\u00f3pria torcida do Real Madrid\" \/>\n<meta property=\"og:url\" content=\"https:\/\/www.gaveanews.com\/index.php\/2024\/10\/29\/vini-jr-reprova-atitude-da-propria-torcida-do-real-madrid\/\" \/>\n<meta property=\"og:site_name\" content=\"G\u00e1vea News\" \/>\n<meta property=\"article:publisher\" content=\"https:\/\/facebook.com\/gaveaNews\/\" \/>\n<meta property=\"article:published_time\" content=\"2024-10-29T15:31:22+00:00\" \/>\n<meta property=\"article:modified_time\" content=\"2024-10-29T15:32:33+00:00\" \/>\n<meta property=\"og:image\" content=\"https:\/\/www.gaveanews.com\/wp-content\/uploads\/vinicius-junior-hat-trick-real-madrid-barcelona.webp\" \/>\n\t<meta property=\"og:image:width\" content=\"1080\" \/>\n\t<meta property=\"og:image:height\" content=\"607\" \/>\n\t<meta property=\"og:image:type\" content=\"image\/webp\" \/>\n<meta name=\"author\" content=\"D\u00e9bora Figueiredo\" \/>\n<meta name=\"twitter:card\" content=\"summary_large_image\" \/>\n<meta name=\"twitter:label1\" content=\"Escrito por\" \/>\n\t<meta name=\"twitter:data1\" content=\"D\u00e9bora Figueiredo\" \/>\n\t<meta name=\"twitter:label2\" content=\"Est. tempo de leitura\" \/>\n\t<meta name=\"twitter:data2\" content=\"3 minutos\" \/>\n<script type=\"application\/ld+json\" class=\"yoast-schema-graph\">{\"@context\":\"https:\/\/schema.org\",\"@graph\":[{\"@type\":\"NewsArticle\",\"@id\":\"https:\/\/www.gaveanews.com\/index.php\/2024\/10\/29\/vini-jr-reprova-atitude-da-propria-torcida-do-real-madrid\/#article\",\"isPartOf\":{\"@id\":\"https:\/\/www.gaveanews.com\/index.php\/2024\/10\/29\/vini-jr-reprova-atitude-da-propria-torcida-do-real-madrid\/\"},\"author\":{\"name\":\"D\u00e9bora Figueiredo\",\"@id\":\"https:\/\/www.gaveanews.com\/#\/schema\/person\/37122681a8575a5c8db05a56f099a5e4\"},\"headline\":\"Vini Jr. reprova atitude da pr\u00f3pria torcida do Real Madrid\",\"datePublished\":\"2024-10-29T15:31:22+00:00\",\"dateModified\":\"2024-10-29T15:32:33+00:00\",\"mainEntityOfPage\":{\"@id\":\"https:\/\/www.gaveanews.com\/index.php\/2024\/10\/29\/vini-jr-reprova-atitude-da-propria-torcida-do-real-madrid\/\"},\"wordCount\":449,\"commentCount\":0,\"image\":{\"@id\":\"https:\/\/www.gaveanews.com\/index.php\/2024\/10\/29\/vini-jr-reprova-atitude-da-propria-torcida-do-real-madrid\/#primaryimage\"},\"thumbnailUrl\":\"https:\/\/www.gaveanews.com\/wp-content\/uploads\/vinicius-junior-hat-trick-real-madrid-barcelona.webp\",\"articleSection\":[\"Flamengo\",\"Real Madrid\"],\"inLanguage\":\"pt-BR\",\"potentialAction\":[{\"@type\":\"CommentAction\",\"name\":\"Comment\",\"target\":[\"https:\/\/www.gaveanews.com\/index.php\/2024\/10\/29\/vini-jr-reprova-atitude-da-propria-torcida-do-real-madrid\/#respond\"]}],\"copyrightYear\":\"2024\",\"copyrightHolder\":{\"@id\":\"https:\/\/www.gaveanews.com\/#organization\"}},{\"@type\":\"WebPage\",\"@id\":\"https:\/\/www.gaveanews.com\/index.php\/2024\/10\/29\/vini-jr-reprova-atitude-da-propria-torcida-do-real-madrid\/\",\"url\":\"https:\/\/www.gaveanews.com\/index.php\/2024\/10\/29\/vini-jr-reprova-atitude-da-propria-torcida-do-real-madrid\/\",\"name\":\"Vini Jr. reprova atitude da pr\u00f3pria torcida do Real Madrid\",\"isPartOf\":{\"@id\":\"https:\/\/www.gaveanews.com\/#website\"},\"primaryImageOfPage\":{\"@id\":\"https:\/\/www.gaveanews.com\/index.php\/2024\/10\/29\/vini-jr-reprova-atitude-da-propria-torcida-do-real-madrid\/#primaryimage\"},\"image\":{\"@id\":\"https:\/\/www.gaveanews.com\/index.php\/2024\/10\/29\/vini-jr-reprova-atitude-da-propria-torcida-do-real-madrid\/#primaryimage\"},\"thumbnailUrl\":\"https:\/\/www.gaveanews.com\/wp-content\/uploads\/vinicius-junior-hat-trick-real-madrid-barcelona.webp\",\"datePublished\":\"2024-10-29T15:31:22+00:00\",\"dateModified\":\"2024-10-29T15:32:33+00:00\",\"author\":{\"@id\":\"https:\/\/www.gaveanews.com\/#\/schema\/person\/37122681a8575a5c8db05a56f099a5e4\"},\"description\":\"Vini Jr. reprova atitude da pr\u00f3pria torcida do Real Madrid\",\"breadcrumb\":{\"@id\":\"https:\/\/www.gaveanews.com\/index.php\/2024\/10\/29\/vini-jr-reprova-atitude-da-propria-torcida-do-real-madrid\/#breadcrumb\"},\"inLanguage\":\"pt-BR\",\"potentialAction\":[{\"@type\":\"ReadAction\",\"target\":[\"https:\/\/www.gaveanews.com\/index.php\/2024\/10\/29\/vini-jr-reprova-atitude-da-propria-torcida-do-real-madrid\/\"]}]},{\"@type\":\"ImageObject\",\"inLanguage\":\"pt-BR\",\"@id\":\"https:\/\/www.gaveanews.com\/index.php\/2024\/10\/29\/vini-jr-reprova-atitude-da-propria-torcida-do-real-madrid\/#primaryimage\",\"url\":\"https:\/\/www.gaveanews.com\/wp-content\/uploads\/vinicius-junior-hat-trick-real-madrid-barcelona.webp\",\"contentUrl\":\"https:\/\/www.gaveanews.com\/wp-content\/uploads\/vinicius-junior-hat-trick-real-madrid-barcelona.webp\",\"width\":1080,\"height\":607,\"caption\":\"Vin\u00edcius J\u00fanior ao comemorar gol marcado contra o Barcelona (Foto: Reprodu\u00e7\u00e3o\/Real Madrid)\"},{\"@type\":\"BreadcrumbList\",\"@id\":\"https:\/\/www.gaveanews.com\/index.php\/2024\/10\/29\/vini-jr-reprova-atitude-da-propria-torcida-do-real-madrid\/#breadcrumb\",\"itemListElement\":[{\"@type\":\"ListItem\",\"position\":1,\"name\":\"Home\",\"item\":\"https:\/\/www.gaveanews.com\/\"},{\"@type\":\"ListItem\",\"position\":2,\"name\":\"Vini Jr. reprova atitude da pr\u00f3pria torcida do Real Madrid\"}]},{\"@type\":\"WebSite\",\"@id\":\"https:\/\/www.gaveanews.com\/#website\",\"url\":\"https:\/\/www.gaveanews.com\/\",\"name\":\"G\u00e1vea News\",\"description\":\"Veja todas as not\u00edcias sobre o Flamengo: Contrata\u00e7\u00f5es, categorias de base, resultados das partidas, tabela de classifica\u00e7\u00e3o, pr\u00f3ximos jogos!\",\"potentialAction\":[{\"@type\":\"SearchAction\",\"target\":{\"@type\":\"EntryPoint\",\"urlTemplate\":\"https:\/\/www.gaveanews.com\/?s={search_term_string}\"},\"query-input\":{\"@type\":\"PropertyValueSpecification\",\"valueRequired\":true,\"valueName\":\"search_term_string\"}}],\"inLanguage\":\"pt-BR\"},{\"@type\":\"Person\",\"@id\":\"https:\/\/www.gaveanews.com\/#\/schema\/person\/37122681a8575a5c8db05a56f099a5e4\",\"name\":\"D\u00e9bora Figueiredo\",\"image\":{\"@type\":\"ImageObject\",\"inLanguage\":\"pt-BR\",\"@id\":\"https:\/\/www.gaveanews.com\/#\/schema\/person\/image\/\",\"url\":\"https:\/\/secure.gravatar.com\/avatar\/1f44802859351588499d26f52aed1d15796ce17e67602895b72837c08018868d?s=96&d=mm&r=g\",\"contentUrl\":\"https:\/\/secure.gravatar.com\/avatar\/1f44802859351588499d26f52aed1d15796ce17e67602895b72837c08018868d?s=96&d=mm&r=g\",\"caption\":\"D\u00e9bora Figueiredo\"}}]}<\/script>\n<!-- \/ Yoast SEO Premium plugin. -->","yoast_head_json":{"title":"Vini Jr. reprova atitude da pr\u00f3pria torcida do Real Madrid","description":"Vini Jr. reprova atitude da pr\u00f3pria torcida do Real Madrid","robots":{"index":"index","follow":"follow","max-snippet":"max-snippet:-1","max-image-preview":"max-image-preview:large","max-video-preview":"max-video-preview:-1"},"canonical":"https:\/\/www.gaveanews.com\/index.php\/2024\/10\/29\/vini-jr-reprova-atitude-da-propria-torcida-do-real-madrid\/","og_locale":"pt_BR","og_type":"article","og_title":"Vini Jr. reprova atitude da pr\u00f3pria torcida do Real Madrid","og_description":"Vini Jr. reprova atitude da pr\u00f3pria torcida do Real Madrid","og_url":"https:\/\/www.gaveanews.com\/index.php\/2024\/10\/29\/vini-jr-reprova-atitude-da-propria-torcida-do-real-madrid\/","og_site_name":"G\u00e1vea News","article_publisher":"https:\/\/facebook.com\/gaveaNews\/","article_published_time":"2024-10-29T15:31:22+00:00","article_modified_time":"2024-10-29T15:32:33+00:00","og_image":[{"width":1080,"height":607,"url":"https:\/\/www.gaveanews.com\/wp-content\/uploads\/vinicius-junior-hat-trick-real-madrid-barcelona.webp","type":"image\/webp"}],"author":"D\u00e9bora Figueiredo","twitter_card":"summary_large_image","twitter_misc":{"Escrito por":"D\u00e9bora Figueiredo","Est. tempo de leitura":"3 minutos"},"schema":{"@context":"https:\/\/schema.org","@graph":[{"@type":"NewsArticle","@id":"https:\/\/www.gaveanews.com\/index.php\/2024\/10\/29\/vini-jr-reprova-atitude-da-propria-torcida-do-real-madrid\/#article","isPartOf":{"@id":"https:\/\/www.gaveanews.com\/index.php\/2024\/10\/29\/vini-jr-reprova-atitude-da-propria-torcida-do-real-madrid\/"},"author":{"name":"D\u00e9bora Figueiredo","@id":"https:\/\/www.gaveanews.com\/#\/schema\/person\/37122681a8575a5c8db05a56f099a5e4"},"headline":"Vini Jr. reprova atitude da pr\u00f3pria torcida do Real Madrid","datePublished":"2024-10-29T15:31:22+00:00","dateModified":"2024-10-29T15:32:33+00:00","mainEntityOfPage":{"@id":"https:\/\/www.gaveanews.com\/index.php\/2024\/10\/29\/vini-jr-reprova-atitude-da-propria-torcida-do-real-madrid\/"},"wordCount":449,"commentCount":0,"image":{"@id":"https:\/\/www.gaveanews.com\/index.php\/2024\/10\/29\/vini-jr-reprova-atitude-da-propria-torcida-do-real-madrid\/#primaryimage"},"thumbnailUrl":"https:\/\/www.gaveanews.com\/wp-content\/uploads\/vinicius-junior-hat-trick-real-madrid-barcelona.webp","articleSection":["Flamengo","Real Madrid"],"inLanguage":"pt-BR","potentialAction":[{"@type":"CommentAction","name":"Comment","target":["https:\/\/www.gaveanews.com\/index.php\/2024\/10\/29\/vini-jr-reprova-atitude-da-propria-torcida-do-real-madrid\/#respond"]}],"copyrightYear":"2024","copyrightHolder":{"@id":"https:\/\/www.gaveanews.com\/#organization"}},{"@type":"WebPage","@id":"https:\/\/www.gaveanews.com\/index.php\/2024\/10\/29\/vini-jr-reprova-atitude-da-propria-torcida-do-real-madrid\/","url":"https:\/\/www.gaveanews.com\/index.php\/2024\/10\/29\/vini-jr-reprova-atitude-da-propria-torcida-do-real-madrid\/","name":"Vini Jr. reprova atitude da pr\u00f3pria torcida do Real Madrid","isPartOf":{"@id":"https:\/\/www.gaveanews.com\/#website"},"primaryImageOfPage":{"@id":"https:\/\/www.gaveanews.com\/index.php\/2024\/10\/29\/vini-jr-reprova-atitude-da-propria-torcida-do-real-madrid\/#primaryimage"},"image":{"@id":"https:\/\/www.gaveanews.com\/index.php\/2024\/10\/29\/vini-jr-reprova-atitude-da-propria-torcida-do-real-madrid\/#primaryimage"},"thumbnailUrl":"https:\/\/www.gaveanews.com\/wp-content\/uploads\/vinicius-junior-hat-trick-real-madrid-barcelona.webp","datePublished":"2024-10-29T15:31:22+00:00","dateModified":"2024-10-29T15:32:33+00:00","author":{"@id":"https:\/\/www.gaveanews.com\/#\/schema\/person\/37122681a8575a5c8db05a56f099a5e4"},"description":"Vini Jr. reprova atitude da pr\u00f3pria torcida do Real Madrid","breadcrumb":{"@id":"https:\/\/www.gaveanews.com\/index.php\/2024\/10\/29\/vini-jr-reprova-atitude-da-propria-torcida-do-real-madrid\/#breadcrumb"},"inLanguage":"pt-BR","potentialAction":[{"@type":"ReadAction","target":["https:\/\/www.gaveanews.com\/index.php\/2024\/10\/29\/vini-jr-reprova-atitude-da-propria-torcida-do-real-madrid\/"]}]},{"@type":"ImageObject","inLanguage":"pt-BR","@id":"https:\/\/www.gaveanews.com\/index.php\/2024\/10\/29\/vini-jr-reprova-atitude-da-propria-torcida-do-real-madrid\/#primaryimage","url":"https:\/\/www.gaveanews.com\/wp-content\/uploads\/vinicius-junior-hat-trick-real-madrid-barcelona.webp","contentUrl":"https:\/\/www.gaveanews.com\/wp-content\/uploads\/vinicius-junior-hat-trick-real-madrid-barcelona.webp","width":1080,"height":607,"caption":"Vin\u00edcius J\u00fanior ao comemorar gol marcado contra o Barcelona (Foto: Reprodu\u00e7\u00e3o\/Real Madrid)"},{"@type":"BreadcrumbList","@id":"https:\/\/www.gaveanews.com\/index.php\/2024\/10\/29\/vini-jr-reprova-atitude-da-propria-torcida-do-real-madrid\/#breadcrumb","itemListElement":[{"@type":"ListItem","position":1,"name":"Home","item":"https:\/\/www.gaveanews.com\/"},{"@type":"ListItem","position":2,"name":"Vini Jr. reprova atitude da pr\u00f3pria torcida do Real Madrid"}]},{"@type":"WebSite","@id":"https:\/\/www.gaveanews.com\/#website","url":"https:\/\/www.gaveanews.com\/","name":"G\u00e1vea News","description":"Veja todas as not\u00edcias sobre o Flamengo: Contrata\u00e7\u00f5es, categorias de base, resultados das partidas, tabela de classifica\u00e7\u00e3o, pr\u00f3ximos jogos!","potentialAction":[{"@type":"SearchAction","target":{"@type":"EntryPoint","urlTemplate":"https:\/\/www.gaveanews.com\/?s={search_term_string}"},"query-input":{"@type":"PropertyValueSpecification","valueRequired":true,"valueName":"search_term_string"}}],"inLanguage":"pt-BR"},{"@type":"Person","@id":"https:\/\/www.gaveanews.com\/#\/schema\/person\/37122681a8575a5c8db05a56f099a5e4","name":"D\u00e9bora Figueiredo","image":{"@type":"ImageObject","inLanguage":"pt-BR","@id":"https:\/\/www.gaveanews.com\/#\/schema\/person\/image\/","url":"https:\/\/secure.gravatar.com\/avatar\/1f44802859351588499d26f52aed1d15796ce17e67602895b72837c08018868d?s=96&d=mm&r=g","contentUrl":"https:\/\/secure.gravatar.com\/avatar\/1f44802859351588499d26f52aed1d15796ce17e67602895b72837c08018868d?s=96&d=mm&r=g","caption":"D\u00e9bora Figueiredo"}}]}},"_links":{"self":[{"href":"https:\/\/www.gaveanews.com\/index.php\/wp-json\/wp\/v2\/posts\/178827","targetHints":{"allow":["GET"]}}],"collection":[{"href":"https:\/\/www.gaveanews.com\/index.php\/wp-json\/wp\/v2\/posts"}],"about":[{"href":"https:\/\/www.gaveanews.com\/index.php\/wp-json\/wp\/v2\/types\/post"}],"author":[{"embeddable":true,"href":"https:\/\/www.gaveanews.com\/index.php\/wp-json\/wp\/v2\/users\/16"}],"replies":[{"embeddable":true,"href":"https:\/\/www.gaveanews.com\/index.php\/wp-json\/wp\/v2\/comments?post=178827"}],"version-history":[{"count":2,"href":"https:\/\/www.gaveanews.com\/index.php\/wp-json\/wp\/v2\/posts\/178827\/revisions"}],"predecessor-version":[{"id":178957,"href":"https:\/\/www.gaveanews.com\/index.php\/wp-json\/wp\/v2\/posts\/178827\/revisions\/178957"}],"wp:featuredmedia":[{"embeddable":true,"href":"https:\/\/www.gaveanews.com\/index.php\/wp-json\/wp\/v2\/media\/131354"}],"wp:attachment":[{"href":"https:\/\/www.gaveanews.com\/index.php\/wp-json\/wp\/v2\/media?parent=178827"}],"wp:term":[{"taxonomy":"category","embeddable":true,"href":"https:\/\/www.gaveanews.com\/index.php\/wp-json\/wp\/v2\/categories?post=178827"},{"taxonomy":"post_tag","embeddable":true,"href":"https:\/\/www.gaveanews.com\/index.php\/wp-json\/wp\/v2\/tags?post=178827"}],"curies":[{"name":"wp","href":"https:\/\/api.w.org\/{rel}","templated":true}]}}