{"id":178856,"date":"2024-10-29T12:01:02","date_gmt":"2024-10-29T15:01:02","guid":{"rendered":"https:\/\/www.gaveanews.com\/?p=178856"},"modified":"2024-10-29T12:03:22","modified_gmt":"2024-10-29T15:03:22","slug":"a-declaracao-de-galvao-bueno-direcionada-a-vini-jr","status":"publish","type":"post","link":"https:\/\/www.gaveanews.com\/index.php\/2024\/10\/29\/a-declaracao-de-galvao-bueno-direcionada-a-vini-jr\/","title":{"rendered":"A declara\u00e7\u00e3o de Galv\u00e3o Bueno direcionada a Vini Jr"},"content":{"rendered":"\n<p>A decis\u00e3o da Bola de Ouro 2024 gerou indigna\u00e7\u00e3o e questionamentos. Rodri, meio-campista do Manchester City, foi eleito o melhor jogador do mundo, superando Vinicius Junior, que era o favorito para muitos. <\/p>\n\n\n\n<ul class=\"wp-block-list\">\n<li><a href=\"https:\/\/www.gaveanews.com\/index.php\/2024\/10\/29\/a-publicacao-de-marta-direcionada-a-vini-jr-do-real-madrid\/\">A publica\u00e7\u00e3o de Marta direcionada a Vini Jr, do Real Madrid<\/a><\/li>\n\n\n\n<li><a href=\"https:\/\/www.gaveanews.com\/index.php\/2024\/10\/29\/motivo-de-vini-jr-nao-ganhar-a-bola-de-ouro-declaracao-de-ronaldo-e-atitude-lamentavel-da-imprensa-europeia-as-ultimas-noticias-do-flamengo\/\">Motivo de Vini Jr. n\u00e3o ganhar a Bola de Ouro, declara\u00e7\u00e3o de Ronaldo e atitude lament\u00e1vel da imprensa europeia: as \u00faltimas not\u00edcias do Flamengo<\/a><\/li>\n<\/ul>\n\n\n\n<p>A derrota do atacante do Real Madrid levantou debates sobre a premia\u00e7\u00e3o, incluindo uma forte declara\u00e7\u00e3o do narrador Galv\u00e3o Bueno. Al\u00e9m de criticar o resultado, ele tocou em temas sens\u00edveis, como o racismo, exaltando a postura combativa de Vini Jr. dentro e fora de campo.<\/p>\n\n\n\n<h2 class=\"wp-block-heading\" id=\"h-vini-jr-e-o-cara-afirma-galvao-bueno\">&#8220;Vini Jr \u00e9 o cara&#8221;, afirma Galv\u00e3o Bueno<\/h2>\n\n\n\n<p>Galv\u00e3o foi direto ao comentar o segundo lugar do atacante brasileiro. Segundo ele, o resultado foi influenciado por fatores que v\u00e3o al\u00e9m do desempenho esportivo. <em>&#8220;Quarenta por cento dos votos v\u00eam da Europa, ent\u00e3o n\u00e3o \u00e9 s\u00f3 uma quest\u00e3o de quem joga mais bola&#8221;<\/em>, declarou o narrador. Isso porque, segundo ele, a personalidade forte de Vini Jr incomoda, e a escolha por Rodri, um atleta europeu, foi mais &#8220;pr\u00e1tica&#8221;.<\/p>\n\n\n\n<p>Al\u00e9m disso, Galv\u00e3o destacou a relev\u00e2ncia de Vini Jr na luta contra o racismo, apontando que o brasileiro \u00e9 hoje uma das vozes mais influentes no combate \u00e0s ofensas raciais. <em>&#8220;O Vini Jr \u00e9 o cara. Decide quando \u00e9 necess\u00e1rio, ele encara, encara todo mundo. Personalidade forte. O Vinicius n\u00e3o aceita ofensas e o horror do racismo. Ele \u00e9 a voz mais forte do mundo contra o racismo&#8221;<\/em>, disse o narrador, elogiando a postura firme do jogador.<\/p>\n\n\n\n<h2 class=\"wp-block-heading\" id=\"h-desempenho-no-campo-e-impacto-social\">Desempenho no campo e impacto social<\/h2>\n\n\n\n<p>Vale destacar que Vini Jr teve uma temporada not\u00e1vel, consolidando-se como pe\u00e7a fundamental no Real Madrid. No entanto, Galv\u00e3o acredita que o impacto do atacante fora de campo tamb\u00e9m pode ter influenciado a decis\u00e3o da Bola de Ouro. <em>&#8220;Rodri \u00e9 um grande jogador, mas ele n\u00e3o \u00e9 o cara&#8221;<\/em>, declarou Galv\u00e3o.<\/p>\n\n\n\n<p>Por isso, para muitos, o pr\u00eamio deveria ter ido para Vini Jr, n\u00e3o apenas pelo seu desempenho esportivo, mas pela representatividade e relev\u00e2ncia social que ele carrega. Sendo assim, o reconhecimento do jogador brasileiro pode ter sido postergado, mas a admira\u00e7\u00e3o por sua trajet\u00f3ria segue crescendo.<\/p>\n\n\n\n<h2 class=\"wp-block-heading\" id=\"h-a-vitoria-na-vida-continua\">A vit\u00f3ria na vida continua<\/h2>\n\n\n\n<p>Cabe ressaltar que, apesar da derrota na premia\u00e7\u00e3o, a trajet\u00f3ria de Vini Jr \u00e9 marcada por vit\u00f3rias dentro e fora de campo. &#8220;<em>Muito mais pr\u00e1tico, mais simples, escolher um europeu, espanhol, branco. Do que o Vini Jr, um preto, que tem orgulho de ser negro, da cor de sua pele, orgulho da capacidade que tem para ser o cara e para resolver as paradas. Vinicius, sempre firme e forte. Voc\u00ea \u00e9 o cara<\/em>&#8220;, concluiu Galv\u00e3o. Dessa maneira, o brasileiro segue sua jornada firme, mostrando que, com isso, a luta por reconhecimento e justi\u00e7a nunca deve parar.<\/p>\n","protected":false},"excerpt":{"rendered":"<p>A decis\u00e3o da Bola de Ouro 2024 gerou indigna\u00e7\u00e3o e questionamentos. Rodri, meio-campista do Manchester City, foi eleito o melhor jogador do mundo, superando Vinicius Junior, que era o favorito para muitos. A derrota do atacante do Real Madrid levantou debates sobre a premia\u00e7\u00e3o, incluindo uma forte declara\u00e7\u00e3o do narrador Galv\u00e3o Bueno. Al\u00e9m de criticar [&hellip;]<\/p>\n","protected":false},"author":24,"featured_media":47962,"comment_status":"open","ping_status":"closed","sticky":false,"template":"","format":"standard","meta":{"footnotes":""},"categories":[1,88],"tags":[],"class_list":["post-178856","post","type-post","status-publish","format-standard","has-post-thumbnail","hentry","category-flamengo","category-real-madrid"],"yoast_head":"<!-- This site is optimized with the Yoast SEO Premium plugin v24.2 (Yoast SEO v26.9) - https:\/\/yoast.com\/product\/yoast-seo-premium-wordpress\/ -->\n<title>A declara\u00e7\u00e3o de Galv\u00e3o Bueno direcionada a Vini Jr<\/title>\n<meta name=\"robots\" content=\"index, follow, max-snippet:-1, max-image-preview:large, max-video-preview:-1\" \/>\n<link rel=\"canonical\" href=\"https:\/\/www.gaveanews.com\/index.php\/2024\/10\/29\/a-declaracao-de-galvao-bueno-direcionada-a-vini-jr\/\" \/>\n<meta property=\"og:locale\" content=\"pt_BR\" \/>\n<meta property=\"og:type\" content=\"article\" \/>\n<meta property=\"og:title\" content=\"A declara\u00e7\u00e3o de Galv\u00e3o Bueno direcionada a Vini Jr\" \/>\n<meta property=\"og:description\" content=\"A decis\u00e3o da Bola de Ouro 2024 gerou indigna\u00e7\u00e3o e questionamentos. Rodri, meio-campista do Manchester City, foi eleito o melhor jogador do mundo, superando Vinicius Junior, que era o favorito para muitos. A derrota do atacante do Real Madrid levantou debates sobre a premia\u00e7\u00e3o, incluindo uma forte declara\u00e7\u00e3o do narrador Galv\u00e3o Bueno. Al\u00e9m de criticar [&hellip;]\" \/>\n<meta property=\"og:url\" content=\"https:\/\/www.gaveanews.com\/index.php\/2024\/10\/29\/a-declaracao-de-galvao-bueno-direcionada-a-vini-jr\/\" \/>\n<meta property=\"og:site_name\" content=\"G\u00e1vea News\" \/>\n<meta property=\"article:publisher\" content=\"https:\/\/facebook.com\/gaveaNews\/\" \/>\n<meta property=\"article:published_time\" content=\"2024-10-29T15:01:02+00:00\" \/>\n<meta property=\"article:modified_time\" content=\"2024-10-29T15:03:22+00:00\" \/>\n<meta property=\"og:image\" content=\"https:\/\/www.gaveanews.com\/wp-content\/uploads\/Galvao-Bueno-com-o-terno-da-Rede-Globo-e-da-SporTV.webp\" \/>\n\t<meta property=\"og:image:width\" content=\"1200\" \/>\n\t<meta property=\"og:image:height\" content=\"912\" \/>\n\t<meta property=\"og:image:type\" content=\"image\/jpeg\" \/>\n<meta name=\"author\" content=\"Leandro Cardoso\" \/>\n<meta name=\"twitter:card\" content=\"summary_large_image\" \/>\n<meta name=\"twitter:label1\" content=\"Escrito por\" \/>\n\t<meta name=\"twitter:data1\" content=\"Leandro Cardoso\" \/>\n\t<meta name=\"twitter:label2\" content=\"Est. tempo de leitura\" \/>\n\t<meta name=\"twitter:data2\" content=\"3 minutos\" \/>\n<script type=\"application\/ld+json\" class=\"yoast-schema-graph\">{\"@context\":\"https:\/\/schema.org\",\"@graph\":[{\"@type\":\"NewsArticle\",\"@id\":\"https:\/\/www.gaveanews.com\/index.php\/2024\/10\/29\/a-declaracao-de-galvao-bueno-direcionada-a-vini-jr\/#article\",\"isPartOf\":{\"@id\":\"https:\/\/www.gaveanews.com\/index.php\/2024\/10\/29\/a-declaracao-de-galvao-bueno-direcionada-a-vini-jr\/\"},\"author\":{\"name\":\"Leandro Cardoso\",\"@id\":\"https:\/\/www.gaveanews.com\/#\/schema\/person\/2424ec6409bc3f068411fc5e4e9b6168\"},\"headline\":\"A declara\u00e7\u00e3o de Galv\u00e3o Bueno direcionada a Vini Jr\",\"datePublished\":\"2024-10-29T15:01:02+00:00\",\"dateModified\":\"2024-10-29T15:03:22+00:00\",\"mainEntityOfPage\":{\"@id\":\"https:\/\/www.gaveanews.com\/index.php\/2024\/10\/29\/a-declaracao-de-galvao-bueno-direcionada-a-vini-jr\/\"},\"wordCount\":515,\"commentCount\":0,\"image\":{\"@id\":\"https:\/\/www.gaveanews.com\/index.php\/2024\/10\/29\/a-declaracao-de-galvao-bueno-direcionada-a-vini-jr\/#primaryimage\"},\"thumbnailUrl\":\"https:\/\/www.gaveanews.com\/wp-content\/uploads\/Galvao-Bueno-com-o-terno-da-Rede-Globo-e-da-SporTV.webp\",\"articleSection\":[\"Flamengo\",\"Real Madrid\"],\"inLanguage\":\"pt-BR\",\"potentialAction\":[{\"@type\":\"CommentAction\",\"name\":\"Comment\",\"target\":[\"https:\/\/www.gaveanews.com\/index.php\/2024\/10\/29\/a-declaracao-de-galvao-bueno-direcionada-a-vini-jr\/#respond\"]}],\"copyrightYear\":\"2024\",\"copyrightHolder\":{\"@id\":\"https:\/\/www.gaveanews.com\/#organization\"}},{\"@type\":\"WebPage\",\"@id\":\"https:\/\/www.gaveanews.com\/index.php\/2024\/10\/29\/a-declaracao-de-galvao-bueno-direcionada-a-vini-jr\/\",\"url\":\"https:\/\/www.gaveanews.com\/index.php\/2024\/10\/29\/a-declaracao-de-galvao-bueno-direcionada-a-vini-jr\/\",\"name\":\"A declara\u00e7\u00e3o de Galv\u00e3o Bueno direcionada a Vini Jr\",\"isPartOf\":{\"@id\":\"https:\/\/www.gaveanews.com\/#website\"},\"primaryImageOfPage\":{\"@id\":\"https:\/\/www.gaveanews.com\/index.php\/2024\/10\/29\/a-declaracao-de-galvao-bueno-direcionada-a-vini-jr\/#primaryimage\"},\"image\":{\"@id\":\"https:\/\/www.gaveanews.com\/index.php\/2024\/10\/29\/a-declaracao-de-galvao-bueno-direcionada-a-vini-jr\/#primaryimage\"},\"thumbnailUrl\":\"https:\/\/www.gaveanews.com\/wp-content\/uploads\/Galvao-Bueno-com-o-terno-da-Rede-Globo-e-da-SporTV.webp\",\"datePublished\":\"2024-10-29T15:01:02+00:00\",\"dateModified\":\"2024-10-29T15:03:22+00:00\",\"author\":{\"@id\":\"https:\/\/www.gaveanews.com\/#\/schema\/person\/2424ec6409bc3f068411fc5e4e9b6168\"},\"breadcrumb\":{\"@id\":\"https:\/\/www.gaveanews.com\/index.php\/2024\/10\/29\/a-declaracao-de-galvao-bueno-direcionada-a-vini-jr\/#breadcrumb\"},\"inLanguage\":\"pt-BR\",\"potentialAction\":[{\"@type\":\"ReadAction\",\"target\":[\"https:\/\/www.gaveanews.com\/index.php\/2024\/10\/29\/a-declaracao-de-galvao-bueno-direcionada-a-vini-jr\/\"]}]},{\"@type\":\"ImageObject\",\"inLanguage\":\"pt-BR\",\"@id\":\"https:\/\/www.gaveanews.com\/index.php\/2024\/10\/29\/a-declaracao-de-galvao-bueno-direcionada-a-vini-jr\/#primaryimage\",\"url\":\"https:\/\/www.gaveanews.com\/wp-content\/uploads\/Galvao-Bueno-com-o-terno-da-Rede-Globo-e-da-SporTV.webp\",\"contentUrl\":\"https:\/\/www.gaveanews.com\/wp-content\/uploads\/Galvao-Bueno-com-o-terno-da-Rede-Globo-e-da-SporTV.webp\",\"width\":1200,\"height\":912,\"caption\":\"Galv\u00e3o Bueno com o terno da Rede Globo e da SporTV (Foto: Divulga\u00e7\u00e3o)\"},{\"@type\":\"BreadcrumbList\",\"@id\":\"https:\/\/www.gaveanews.com\/index.php\/2024\/10\/29\/a-declaracao-de-galvao-bueno-direcionada-a-vini-jr\/#breadcrumb\",\"itemListElement\":[{\"@type\":\"ListItem\",\"position\":1,\"name\":\"Home\",\"item\":\"https:\/\/www.gaveanews.com\/\"},{\"@type\":\"ListItem\",\"position\":2,\"name\":\"A declara\u00e7\u00e3o de Galv\u00e3o Bueno direcionada a Vini Jr\"}]},{\"@type\":\"WebSite\",\"@id\":\"https:\/\/www.gaveanews.com\/#website\",\"url\":\"https:\/\/www.gaveanews.com\/\",\"name\":\"G\u00e1vea News\",\"description\":\"Veja todas as not\u00edcias sobre o Flamengo: Contrata\u00e7\u00f5es, categorias de base, resultados das partidas, tabela de classifica\u00e7\u00e3o, pr\u00f3ximos jogos!\",\"potentialAction\":[{\"@type\":\"SearchAction\",\"target\":{\"@type\":\"EntryPoint\",\"urlTemplate\":\"https:\/\/www.gaveanews.com\/?s={search_term_string}\"},\"query-input\":{\"@type\":\"PropertyValueSpecification\",\"valueRequired\":true,\"valueName\":\"search_term_string\"}}],\"inLanguage\":\"pt-BR\"},{\"@type\":\"Person\",\"@id\":\"https:\/\/www.gaveanews.com\/#\/schema\/person\/2424ec6409bc3f068411fc5e4e9b6168\",\"name\":\"Leandro Cardoso\",\"image\":{\"@type\":\"ImageObject\",\"inLanguage\":\"pt-BR\",\"@id\":\"https:\/\/www.gaveanews.com\/#\/schema\/person\/image\/\",\"url\":\"https:\/\/secure.gravatar.com\/avatar\/8ca179f9b55eefe9f376f5493ef25475bfa59fbc28ce937f6076ce20e523098f?s=96&d=mm&r=g\",\"contentUrl\":\"https:\/\/secure.gravatar.com\/avatar\/8ca179f9b55eefe9f376f5493ef25475bfa59fbc28ce937f6076ce20e523098f?s=96&d=mm&r=g\",\"caption\":\"Leandro Cardoso\"}}]}<\/script>\n<!-- \/ Yoast SEO Premium plugin. -->","yoast_head_json":{"title":"A declara\u00e7\u00e3o de Galv\u00e3o Bueno direcionada a Vini Jr","robots":{"index":"index","follow":"follow","max-snippet":"max-snippet:-1","max-image-preview":"max-image-preview:large","max-video-preview":"max-video-preview:-1"},"canonical":"https:\/\/www.gaveanews.com\/index.php\/2024\/10\/29\/a-declaracao-de-galvao-bueno-direcionada-a-vini-jr\/","og_locale":"pt_BR","og_type":"article","og_title":"A declara\u00e7\u00e3o de Galv\u00e3o Bueno direcionada a Vini Jr","og_description":"A decis\u00e3o da Bola de Ouro 2024 gerou indigna\u00e7\u00e3o e questionamentos. Rodri, meio-campista do Manchester City, foi eleito o melhor jogador do mundo, superando Vinicius Junior, que era o favorito para muitos. A derrota do atacante do Real Madrid levantou debates sobre a premia\u00e7\u00e3o, incluindo uma forte declara\u00e7\u00e3o do narrador Galv\u00e3o Bueno. Al\u00e9m de criticar [&hellip;]","og_url":"https:\/\/www.gaveanews.com\/index.php\/2024\/10\/29\/a-declaracao-de-galvao-bueno-direcionada-a-vini-jr\/","og_site_name":"G\u00e1vea News","article_publisher":"https:\/\/facebook.com\/gaveaNews\/","article_published_time":"2024-10-29T15:01:02+00:00","article_modified_time":"2024-10-29T15:03:22+00:00","og_image":[{"width":1200,"height":912,"url":"https:\/\/www.gaveanews.com\/wp-content\/uploads\/Galvao-Bueno-com-o-terno-da-Rede-Globo-e-da-SporTV.webp","type":"image\/jpeg"}],"author":"Leandro Cardoso","twitter_card":"summary_large_image","twitter_misc":{"Escrito por":"Leandro Cardoso","Est. tempo de leitura":"3 minutos"},"schema":{"@context":"https:\/\/schema.org","@graph":[{"@type":"NewsArticle","@id":"https:\/\/www.gaveanews.com\/index.php\/2024\/10\/29\/a-declaracao-de-galvao-bueno-direcionada-a-vini-jr\/#article","isPartOf":{"@id":"https:\/\/www.gaveanews.com\/index.php\/2024\/10\/29\/a-declaracao-de-galvao-bueno-direcionada-a-vini-jr\/"},"author":{"name":"Leandro Cardoso","@id":"https:\/\/www.gaveanews.com\/#\/schema\/person\/2424ec6409bc3f068411fc5e4e9b6168"},"headline":"A declara\u00e7\u00e3o de Galv\u00e3o Bueno direcionada a Vini Jr","datePublished":"2024-10-29T15:01:02+00:00","dateModified":"2024-10-29T15:03:22+00:00","mainEntityOfPage":{"@id":"https:\/\/www.gaveanews.com\/index.php\/2024\/10\/29\/a-declaracao-de-galvao-bueno-direcionada-a-vini-jr\/"},"wordCount":515,"commentCount":0,"image":{"@id":"https:\/\/www.gaveanews.com\/index.php\/2024\/10\/29\/a-declaracao-de-galvao-bueno-direcionada-a-vini-jr\/#primaryimage"},"thumbnailUrl":"https:\/\/www.gaveanews.com\/wp-content\/uploads\/Galvao-Bueno-com-o-terno-da-Rede-Globo-e-da-SporTV.webp","articleSection":["Flamengo","Real Madrid"],"inLanguage":"pt-BR","potentialAction":[{"@type":"CommentAction","name":"Comment","target":["https:\/\/www.gaveanews.com\/index.php\/2024\/10\/29\/a-declaracao-de-galvao-bueno-direcionada-a-vini-jr\/#respond"]}],"copyrightYear":"2024","copyrightHolder":{"@id":"https:\/\/www.gaveanews.com\/#organization"}},{"@type":"WebPage","@id":"https:\/\/www.gaveanews.com\/index.php\/2024\/10\/29\/a-declaracao-de-galvao-bueno-direcionada-a-vini-jr\/","url":"https:\/\/www.gaveanews.com\/index.php\/2024\/10\/29\/a-declaracao-de-galvao-bueno-direcionada-a-vini-jr\/","name":"A declara\u00e7\u00e3o de Galv\u00e3o Bueno direcionada a Vini Jr","isPartOf":{"@id":"https:\/\/www.gaveanews.com\/#website"},"primaryImageOfPage":{"@id":"https:\/\/www.gaveanews.com\/index.php\/2024\/10\/29\/a-declaracao-de-galvao-bueno-direcionada-a-vini-jr\/#primaryimage"},"image":{"@id":"https:\/\/www.gaveanews.com\/index.php\/2024\/10\/29\/a-declaracao-de-galvao-bueno-direcionada-a-vini-jr\/#primaryimage"},"thumbnailUrl":"https:\/\/www.gaveanews.com\/wp-content\/uploads\/Galvao-Bueno-com-o-terno-da-Rede-Globo-e-da-SporTV.webp","datePublished":"2024-10-29T15:01:02+00:00","dateModified":"2024-10-29T15:03:22+00:00","author":{"@id":"https:\/\/www.gaveanews.com\/#\/schema\/person\/2424ec6409bc3f068411fc5e4e9b6168"},"breadcrumb":{"@id":"https:\/\/www.gaveanews.com\/index.php\/2024\/10\/29\/a-declaracao-de-galvao-bueno-direcionada-a-vini-jr\/#breadcrumb"},"inLanguage":"pt-BR","potentialAction":[{"@type":"ReadAction","target":["https:\/\/www.gaveanews.com\/index.php\/2024\/10\/29\/a-declaracao-de-galvao-bueno-direcionada-a-vini-jr\/"]}]},{"@type":"ImageObject","inLanguage":"pt-BR","@id":"https:\/\/www.gaveanews.com\/index.php\/2024\/10\/29\/a-declaracao-de-galvao-bueno-direcionada-a-vini-jr\/#primaryimage","url":"https:\/\/www.gaveanews.com\/wp-content\/uploads\/Galvao-Bueno-com-o-terno-da-Rede-Globo-e-da-SporTV.webp","contentUrl":"https:\/\/www.gaveanews.com\/wp-content\/uploads\/Galvao-Bueno-com-o-terno-da-Rede-Globo-e-da-SporTV.webp","width":1200,"height":912,"caption":"Galv\u00e3o Bueno com o terno da Rede Globo e da SporTV (Foto: Divulga\u00e7\u00e3o)"},{"@type":"BreadcrumbList","@id":"https:\/\/www.gaveanews.com\/index.php\/2024\/10\/29\/a-declaracao-de-galvao-bueno-direcionada-a-vini-jr\/#breadcrumb","itemListElement":[{"@type":"ListItem","position":1,"name":"Home","item":"https:\/\/www.gaveanews.com\/"},{"@type":"ListItem","position":2,"name":"A declara\u00e7\u00e3o de Galv\u00e3o Bueno direcionada a Vini Jr"}]},{"@type":"WebSite","@id":"https:\/\/www.gaveanews.com\/#website","url":"https:\/\/www.gaveanews.com\/","name":"G\u00e1vea News","description":"Veja todas as not\u00edcias sobre o Flamengo: Contrata\u00e7\u00f5es, categorias de base, resultados das partidas, tabela de classifica\u00e7\u00e3o, pr\u00f3ximos jogos!","potentialAction":[{"@type":"SearchAction","target":{"@type":"EntryPoint","urlTemplate":"https:\/\/www.gaveanews.com\/?s={search_term_string}"},"query-input":{"@type":"PropertyValueSpecification","valueRequired":true,"valueName":"search_term_string"}}],"inLanguage":"pt-BR"},{"@type":"Person","@id":"https:\/\/www.gaveanews.com\/#\/schema\/person\/2424ec6409bc3f068411fc5e4e9b6168","name":"Leandro Cardoso","image":{"@type":"ImageObject","inLanguage":"pt-BR","@id":"https:\/\/www.gaveanews.com\/#\/schema\/person\/image\/","url":"https:\/\/secure.gravatar.com\/avatar\/8ca179f9b55eefe9f376f5493ef25475bfa59fbc28ce937f6076ce20e523098f?s=96&d=mm&r=g","contentUrl":"https:\/\/secure.gravatar.com\/avatar\/8ca179f9b55eefe9f376f5493ef25475bfa59fbc28ce937f6076ce20e523098f?s=96&d=mm&r=g","caption":"Leandro Cardoso"}}]}},"_links":{"self":[{"href":"https:\/\/www.gaveanews.com\/index.php\/wp-json\/wp\/v2\/posts\/178856","targetHints":{"allow":["GET"]}}],"collection":[{"href":"https:\/\/www.gaveanews.com\/index.php\/wp-json\/wp\/v2\/posts"}],"about":[{"href":"https:\/\/www.gaveanews.com\/index.php\/wp-json\/wp\/v2\/types\/post"}],"author":[{"embeddable":true,"href":"https:\/\/www.gaveanews.com\/index.php\/wp-json\/wp\/v2\/users\/24"}],"replies":[{"embeddable":true,"href":"https:\/\/www.gaveanews.com\/index.php\/wp-json\/wp\/v2\/comments?post=178856"}],"version-history":[{"count":1,"href":"https:\/\/www.gaveanews.com\/index.php\/wp-json\/wp\/v2\/posts\/178856\/revisions"}],"predecessor-version":[{"id":178875,"href":"https:\/\/www.gaveanews.com\/index.php\/wp-json\/wp\/v2\/posts\/178856\/revisions\/178875"}],"wp:featuredmedia":[{"embeddable":true,"href":"https:\/\/www.gaveanews.com\/index.php\/wp-json\/wp\/v2\/media\/47962"}],"wp:attachment":[{"href":"https:\/\/www.gaveanews.com\/index.php\/wp-json\/wp\/v2\/media?parent=178856"}],"wp:term":[{"taxonomy":"category","embeddable":true,"href":"https:\/\/www.gaveanews.com\/index.php\/wp-json\/wp\/v2\/categories?post=178856"},{"taxonomy":"post_tag","embeddable":true,"href":"https:\/\/www.gaveanews.com\/index.php\/wp-json\/wp\/v2\/tags?post=178856"}],"curies":[{"name":"wp","href":"https:\/\/api.w.org\/{rel}","templated":true}]}}