{"id":178993,"date":"2024-10-29T16:00:00","date_gmt":"2024-10-29T19:00:00","guid":{"rendered":"https:\/\/www.gaveanews.com\/?p=178993"},"modified":"2024-10-29T15:25:32","modified_gmt":"2024-10-29T18:25:32","slug":"a-publicacao-de-adriano-imperador-direcionada-a-vinicius-junior","status":"publish","type":"post","link":"https:\/\/www.gaveanews.com\/index.php\/2024\/10\/29\/a-publicacao-de-adriano-imperador-direcionada-a-vinicius-junior\/","title":{"rendered":"A publica\u00e7\u00e3o de Adriano Imperador direcionada a Vinicius Junior"},"content":{"rendered":"\n<h2 class=\"wp-block-heading\" id=\"h-nbsp-adriano-imperador-nbsp-posta-foto-de-nbsp-vini-nbsp-jr\">&nbsp;Adriano Imperador&nbsp;posta foto de&nbsp;Vini&nbsp;Jr<\/h2>\n\n\n\n<p>A segunda coloca\u00e7\u00e3o de Vini Jr no Pr\u00eamio Bola de Ouro, concedido pela revista francesa France Football, causou indigna\u00e7\u00e3o global. Afinal, o jogador do Real Madrid (ESP) se destacou na temporada passada e era considerado o grande favorito. Indignados, personalidades hist\u00f3ricas do Flamengo, como Adriano Imperador, fez uma publica\u00e7\u00e3o direcionada ao cria do Meng\u00e3o.<\/p>\n\n\n\n<ul class=\"wp-block-list\">\n<li><a href=\"https:\/\/www.gaveanews.com\/index.php\/2024\/10\/29\/a-declaracao-de-galvao-bueno-direcionada-a-vini-jr\/\">A declara\u00e7\u00e3o de Galv\u00e3o Bueno direcionada a Vini Jr<\/a><\/li>\n\n\n\n<li><a href=\"https:\/\/www.gaveanews.com\/index.php\/2024\/10\/29\/a-publicacao-do-meia-arrascaeta-direcionada-a-vini-jr\/\">A publica\u00e7\u00e3o do meia Arrascaeta direcionada a Vini Jr<br><\/a><\/li>\n<\/ul>\n\n\n\n<h2 class=\"wp-block-heading\" id=\"h-veja-a-pubicacao-do-idolo-do-flamengo-veja-a-publicacao-do-idolo-do-flamengo\">VEJA A PUBICA\u00c7\u00c3O DO \u00cdDOLO DO FLAMENGO: Veja a publica\u00e7\u00e3o do \u00eddolo do Flamengo:<\/h2>\n\n\n\n<figure class=\"wp-block-embed is-type-photo is-provider-flickr wp-block-embed-flickr\"><div class=\"wp-block-embed__wrapper\">\n<a href=\"https:\/\/flic.kr\/p\/2qqTLXQ\"><img loading=\"lazy\" decoding=\"async\" src=\"https:\/\/live.staticflickr.com\/65535\/54102952846_c6cbefd656_c.webp\" alt=\"imagem_2024-10-29_152221122\" width=\"473\" height=\"720\" \/><\/a>\n<\/div><\/figure>\n\n\n\n<p>Vini Jr se destacou na campanha do Real Madrid para conquistar o t\u00edtulo espanhol na temporada 2023\/24. Ademais, o garoto do Flamengo se destacou na Champions League, marcando gols em todas as fases eliminat\u00f3rias, inclusive na final contra o Borussia Dortmund (ALE), concedendo ao clube da capital espanhola o 15o t\u00edtulo da competi\u00e7\u00e3o.<\/p>\n\n\n\n<p>Foram 24 bolas na rede e nove assist\u00eancias em 39 partidas. Em outras palavras, quase uma participa\u00e7\u00e3o em gol por jogo. Personalidades globais acreditavam que o pr\u00eamio seria entregue a Vini Jr. At\u00e9 mesmo o treinador do Real Madrid, Carlo Ancelotti, sugeriu que o jogador j\u00e1 deveria ter em mente o bicampeonato em 2025.<\/p>\n\n\n\n<p>Depois da cerim\u00f4nia da Bola de Ouro, que aconteceu em Paris, Vini Jr desabafou. O atacante formado pelo Flamengo postou nas redes sociais: <strong>&#8220;Eu farei dez vezes se for preciso. Eles ainda n\u00e3o est\u00e3o preparados.<\/strong>&#8220;<\/p>\n\n\n\n<p>A entrega do pr\u00eamio Bola de Ouro foi marcada por controv\u00e9rsias. Al\u00e9m de n\u00e3o ter escolhido Vini Jr como o melhor jogador do mundo, o evento decepou o atacante ao proclamar o Real Madrid como a equipe do ano. A postura, inclusive, irritou torcedores e admiradores do futebol brasileiro.<\/p>\n\n\n\n<p>\u00c9 crucial destacar que todas as ocorr\u00eancias mencionadas aconteceram sem a participa\u00e7\u00e3o de Vini Jr ou de qualquer membro do Real Madrid no evento. Em resumo, ap\u00f3s a divulga\u00e7\u00e3o antecipada do resultado, a equipe espanhola decidiu cancelar a viagem para Paris, na Fran\u00e7a. Assim, ningu\u00e9m foi pessoalmente premiado com os pr\u00eamios individuais e coletivos do clube.<\/p>\n\n\n\n<p>Portanto, ap\u00f3s a decep\u00e7\u00e3o, Vini Jr agora se concentra em se recuperar e calar os cr\u00edticos. Na verdade, o craque joga contra o Valencia no s\u00e1bado (02), jogando fora de casa, no Est\u00e1dio Mestalla, palco de um dos piores incidentes racistas na Espanha, durante a temporada anterior.<\/p>\n","protected":false},"excerpt":{"rendered":"<p>&nbsp;Adriano Imperador&nbsp;posta foto de&nbsp;Vini&nbsp;Jr A segunda coloca\u00e7\u00e3o de Vini Jr no Pr\u00eamio Bola de Ouro, concedido pela revista francesa France Football, causou indigna\u00e7\u00e3o global. Afinal, o jogador do Real Madrid (ESP) se destacou na temporada passada e era considerado o grande favorito. Indignados, personalidades hist\u00f3ricas do Flamengo, como Adriano Imperador, fez uma publica\u00e7\u00e3o direcionada ao [&hellip;]<\/p>\n","protected":false},"author":16,"featured_media":112549,"comment_status":"open","ping_status":"closed","sticky":false,"template":"","format":"standard","meta":{"footnotes":""},"categories":[1,88],"tags":[],"class_list":["post-178993","post","type-post","status-publish","format-standard","has-post-thumbnail","hentry","category-flamengo","category-real-madrid"],"yoast_head":"<!-- This site is optimized with the Yoast SEO Premium plugin v24.2 (Yoast SEO v26.9) - https:\/\/yoast.com\/product\/yoast-seo-premium-wordpress\/ -->\n<title>A publica\u00e7\u00e3o de Adriano Imperador direcionada a Vinicius Junior<\/title>\n<meta name=\"robots\" content=\"index, follow, max-snippet:-1, max-image-preview:large, max-video-preview:-1\" \/>\n<link rel=\"canonical\" href=\"https:\/\/www.gaveanews.com\/index.php\/2024\/10\/29\/a-publicacao-de-adriano-imperador-direcionada-a-vinicius-junior\/\" \/>\n<meta property=\"og:locale\" content=\"pt_BR\" \/>\n<meta property=\"og:type\" content=\"article\" \/>\n<meta property=\"og:title\" content=\"A publica\u00e7\u00e3o de Adriano Imperador direcionada a Vinicius Junior\" \/>\n<meta property=\"og:description\" content=\"&nbsp;Adriano Imperador&nbsp;posta foto de&nbsp;Vini&nbsp;Jr A segunda coloca\u00e7\u00e3o de Vini Jr no Pr\u00eamio Bola de Ouro, concedido pela revista francesa France Football, causou indigna\u00e7\u00e3o global. Afinal, o jogador do Real Madrid (ESP) se destacou na temporada passada e era considerado o grande favorito. Indignados, personalidades hist\u00f3ricas do Flamengo, como Adriano Imperador, fez uma publica\u00e7\u00e3o direcionada ao [&hellip;]\" \/>\n<meta property=\"og:url\" content=\"https:\/\/www.gaveanews.com\/index.php\/2024\/10\/29\/a-publicacao-de-adriano-imperador-direcionada-a-vinicius-junior\/\" \/>\n<meta property=\"og:site_name\" content=\"G\u00e1vea News\" \/>\n<meta property=\"article:publisher\" content=\"https:\/\/facebook.com\/gaveaNews\/\" \/>\n<meta property=\"article:published_time\" content=\"2024-10-29T19:00:00+00:00\" \/>\n<meta property=\"og:image\" content=\"https:\/\/www.gaveanews.com\/wp-content\/uploads\/adriano-imperador-flamengo.webp\" \/>\n\t<meta property=\"og:image:width\" content=\"640\" \/>\n\t<meta property=\"og:image:height\" content=\"400\" \/>\n\t<meta property=\"og:image:type\" content=\"image\/jpeg\" \/>\n<meta name=\"author\" content=\"D\u00e9bora Figueiredo\" \/>\n<meta name=\"twitter:card\" content=\"summary_large_image\" \/>\n<meta name=\"twitter:label1\" content=\"Escrito por\" \/>\n\t<meta name=\"twitter:data1\" content=\"D\u00e9bora Figueiredo\" \/>\n\t<meta name=\"twitter:label2\" content=\"Est. tempo de leitura\" \/>\n\t<meta name=\"twitter:data2\" content=\"3 minutos\" \/>\n<script type=\"application\/ld+json\" class=\"yoast-schema-graph\">{\"@context\":\"https:\/\/schema.org\",\"@graph\":[{\"@type\":\"NewsArticle\",\"@id\":\"https:\/\/www.gaveanews.com\/index.php\/2024\/10\/29\/a-publicacao-de-adriano-imperador-direcionada-a-vinicius-junior\/#article\",\"isPartOf\":{\"@id\":\"https:\/\/www.gaveanews.com\/index.php\/2024\/10\/29\/a-publicacao-de-adriano-imperador-direcionada-a-vinicius-junior\/\"},\"author\":{\"name\":\"D\u00e9bora Figueiredo\",\"@id\":\"https:\/\/www.gaveanews.com\/#\/schema\/person\/37122681a8575a5c8db05a56f099a5e4\"},\"headline\":\"A publica\u00e7\u00e3o de Adriano Imperador direcionada a Vinicius Junior\",\"datePublished\":\"2024-10-29T19:00:00+00:00\",\"mainEntityOfPage\":{\"@id\":\"https:\/\/www.gaveanews.com\/index.php\/2024\/10\/29\/a-publicacao-de-adriano-imperador-direcionada-a-vinicius-junior\/\"},\"wordCount\":437,\"commentCount\":0,\"image\":{\"@id\":\"https:\/\/www.gaveanews.com\/index.php\/2024\/10\/29\/a-publicacao-de-adriano-imperador-direcionada-a-vinicius-junior\/#primaryimage\"},\"thumbnailUrl\":\"https:\/\/www.gaveanews.com\/wp-content\/uploads\/adriano-imperador-flamengo.webp\",\"articleSection\":[\"Flamengo\",\"Real Madrid\"],\"inLanguage\":\"pt-BR\",\"potentialAction\":[{\"@type\":\"CommentAction\",\"name\":\"Comment\",\"target\":[\"https:\/\/www.gaveanews.com\/index.php\/2024\/10\/29\/a-publicacao-de-adriano-imperador-direcionada-a-vinicius-junior\/#respond\"]}],\"copyrightYear\":\"2024\",\"copyrightHolder\":{\"@id\":\"https:\/\/www.gaveanews.com\/#organization\"}},{\"@type\":\"WebPage\",\"@id\":\"https:\/\/www.gaveanews.com\/index.php\/2024\/10\/29\/a-publicacao-de-adriano-imperador-direcionada-a-vinicius-junior\/\",\"url\":\"https:\/\/www.gaveanews.com\/index.php\/2024\/10\/29\/a-publicacao-de-adriano-imperador-direcionada-a-vinicius-junior\/\",\"name\":\"A publica\u00e7\u00e3o de Adriano Imperador direcionada a Vinicius Junior\",\"isPartOf\":{\"@id\":\"https:\/\/www.gaveanews.com\/#website\"},\"primaryImageOfPage\":{\"@id\":\"https:\/\/www.gaveanews.com\/index.php\/2024\/10\/29\/a-publicacao-de-adriano-imperador-direcionada-a-vinicius-junior\/#primaryimage\"},\"image\":{\"@id\":\"https:\/\/www.gaveanews.com\/index.php\/2024\/10\/29\/a-publicacao-de-adriano-imperador-direcionada-a-vinicius-junior\/#primaryimage\"},\"thumbnailUrl\":\"https:\/\/www.gaveanews.com\/wp-content\/uploads\/adriano-imperador-flamengo.webp\",\"datePublished\":\"2024-10-29T19:00:00+00:00\",\"author\":{\"@id\":\"https:\/\/www.gaveanews.com\/#\/schema\/person\/37122681a8575a5c8db05a56f099a5e4\"},\"breadcrumb\":{\"@id\":\"https:\/\/www.gaveanews.com\/index.php\/2024\/10\/29\/a-publicacao-de-adriano-imperador-direcionada-a-vinicius-junior\/#breadcrumb\"},\"inLanguage\":\"pt-BR\",\"potentialAction\":[{\"@type\":\"ReadAction\",\"target\":[\"https:\/\/www.gaveanews.com\/index.php\/2024\/10\/29\/a-publicacao-de-adriano-imperador-direcionada-a-vinicius-junior\/\"]}]},{\"@type\":\"ImageObject\",\"inLanguage\":\"pt-BR\",\"@id\":\"https:\/\/www.gaveanews.com\/index.php\/2024\/10\/29\/a-publicacao-de-adriano-imperador-direcionada-a-vinicius-junior\/#primaryimage\",\"url\":\"https:\/\/www.gaveanews.com\/wp-content\/uploads\/adriano-imperador-flamengo.webp\",\"contentUrl\":\"https:\/\/www.gaveanews.com\/wp-content\/uploads\/adriano-imperador-flamengo.webp\",\"width\":640,\"height\":400,\"caption\":\"Adriano Imperador em a\u00e7\u00e3o pelo Flamengo (Foto: Reprodu\u00e7\u00e3o)\"},{\"@type\":\"BreadcrumbList\",\"@id\":\"https:\/\/www.gaveanews.com\/index.php\/2024\/10\/29\/a-publicacao-de-adriano-imperador-direcionada-a-vinicius-junior\/#breadcrumb\",\"itemListElement\":[{\"@type\":\"ListItem\",\"position\":1,\"name\":\"Home\",\"item\":\"https:\/\/www.gaveanews.com\/\"},{\"@type\":\"ListItem\",\"position\":2,\"name\":\"A publica\u00e7\u00e3o de Adriano Imperador direcionada a Vinicius Junior\"}]},{\"@type\":\"WebSite\",\"@id\":\"https:\/\/www.gaveanews.com\/#website\",\"url\":\"https:\/\/www.gaveanews.com\/\",\"name\":\"G\u00e1vea News\",\"description\":\"Veja todas as not\u00edcias sobre o Flamengo: Contrata\u00e7\u00f5es, categorias de base, resultados das partidas, tabela de classifica\u00e7\u00e3o, pr\u00f3ximos jogos!\",\"potentialAction\":[{\"@type\":\"SearchAction\",\"target\":{\"@type\":\"EntryPoint\",\"urlTemplate\":\"https:\/\/www.gaveanews.com\/?s={search_term_string}\"},\"query-input\":{\"@type\":\"PropertyValueSpecification\",\"valueRequired\":true,\"valueName\":\"search_term_string\"}}],\"inLanguage\":\"pt-BR\"},{\"@type\":\"Person\",\"@id\":\"https:\/\/www.gaveanews.com\/#\/schema\/person\/37122681a8575a5c8db05a56f099a5e4\",\"name\":\"D\u00e9bora Figueiredo\",\"image\":{\"@type\":\"ImageObject\",\"inLanguage\":\"pt-BR\",\"@id\":\"https:\/\/www.gaveanews.com\/#\/schema\/person\/image\/\",\"url\":\"https:\/\/secure.gravatar.com\/avatar\/1f44802859351588499d26f52aed1d15796ce17e67602895b72837c08018868d?s=96&d=mm&r=g\",\"contentUrl\":\"https:\/\/secure.gravatar.com\/avatar\/1f44802859351588499d26f52aed1d15796ce17e67602895b72837c08018868d?s=96&d=mm&r=g\",\"caption\":\"D\u00e9bora Figueiredo\"}}]}<\/script>\n<!-- \/ Yoast SEO Premium plugin. -->","yoast_head_json":{"title":"A publica\u00e7\u00e3o de Adriano Imperador direcionada a Vinicius Junior","robots":{"index":"index","follow":"follow","max-snippet":"max-snippet:-1","max-image-preview":"max-image-preview:large","max-video-preview":"max-video-preview:-1"},"canonical":"https:\/\/www.gaveanews.com\/index.php\/2024\/10\/29\/a-publicacao-de-adriano-imperador-direcionada-a-vinicius-junior\/","og_locale":"pt_BR","og_type":"article","og_title":"A publica\u00e7\u00e3o de Adriano Imperador direcionada a Vinicius Junior","og_description":"&nbsp;Adriano Imperador&nbsp;posta foto de&nbsp;Vini&nbsp;Jr A segunda coloca\u00e7\u00e3o de Vini Jr no Pr\u00eamio Bola de Ouro, concedido pela revista francesa France Football, causou indigna\u00e7\u00e3o global. Afinal, o jogador do Real Madrid (ESP) se destacou na temporada passada e era considerado o grande favorito. Indignados, personalidades hist\u00f3ricas do Flamengo, como Adriano Imperador, fez uma publica\u00e7\u00e3o direcionada ao [&hellip;]","og_url":"https:\/\/www.gaveanews.com\/index.php\/2024\/10\/29\/a-publicacao-de-adriano-imperador-direcionada-a-vinicius-junior\/","og_site_name":"G\u00e1vea News","article_publisher":"https:\/\/facebook.com\/gaveaNews\/","article_published_time":"2024-10-29T19:00:00+00:00","og_image":[{"width":640,"height":400,"url":"https:\/\/www.gaveanews.com\/wp-content\/uploads\/adriano-imperador-flamengo.webp","type":"image\/jpeg"}],"author":"D\u00e9bora Figueiredo","twitter_card":"summary_large_image","twitter_misc":{"Escrito por":"D\u00e9bora Figueiredo","Est. tempo de leitura":"3 minutos"},"schema":{"@context":"https:\/\/schema.org","@graph":[{"@type":"NewsArticle","@id":"https:\/\/www.gaveanews.com\/index.php\/2024\/10\/29\/a-publicacao-de-adriano-imperador-direcionada-a-vinicius-junior\/#article","isPartOf":{"@id":"https:\/\/www.gaveanews.com\/index.php\/2024\/10\/29\/a-publicacao-de-adriano-imperador-direcionada-a-vinicius-junior\/"},"author":{"name":"D\u00e9bora Figueiredo","@id":"https:\/\/www.gaveanews.com\/#\/schema\/person\/37122681a8575a5c8db05a56f099a5e4"},"headline":"A publica\u00e7\u00e3o de Adriano Imperador direcionada a Vinicius Junior","datePublished":"2024-10-29T19:00:00+00:00","mainEntityOfPage":{"@id":"https:\/\/www.gaveanews.com\/index.php\/2024\/10\/29\/a-publicacao-de-adriano-imperador-direcionada-a-vinicius-junior\/"},"wordCount":437,"commentCount":0,"image":{"@id":"https:\/\/www.gaveanews.com\/index.php\/2024\/10\/29\/a-publicacao-de-adriano-imperador-direcionada-a-vinicius-junior\/#primaryimage"},"thumbnailUrl":"https:\/\/www.gaveanews.com\/wp-content\/uploads\/adriano-imperador-flamengo.webp","articleSection":["Flamengo","Real Madrid"],"inLanguage":"pt-BR","potentialAction":[{"@type":"CommentAction","name":"Comment","target":["https:\/\/www.gaveanews.com\/index.php\/2024\/10\/29\/a-publicacao-de-adriano-imperador-direcionada-a-vinicius-junior\/#respond"]}],"copyrightYear":"2024","copyrightHolder":{"@id":"https:\/\/www.gaveanews.com\/#organization"}},{"@type":"WebPage","@id":"https:\/\/www.gaveanews.com\/index.php\/2024\/10\/29\/a-publicacao-de-adriano-imperador-direcionada-a-vinicius-junior\/","url":"https:\/\/www.gaveanews.com\/index.php\/2024\/10\/29\/a-publicacao-de-adriano-imperador-direcionada-a-vinicius-junior\/","name":"A publica\u00e7\u00e3o de Adriano Imperador direcionada a Vinicius Junior","isPartOf":{"@id":"https:\/\/www.gaveanews.com\/#website"},"primaryImageOfPage":{"@id":"https:\/\/www.gaveanews.com\/index.php\/2024\/10\/29\/a-publicacao-de-adriano-imperador-direcionada-a-vinicius-junior\/#primaryimage"},"image":{"@id":"https:\/\/www.gaveanews.com\/index.php\/2024\/10\/29\/a-publicacao-de-adriano-imperador-direcionada-a-vinicius-junior\/#primaryimage"},"thumbnailUrl":"https:\/\/www.gaveanews.com\/wp-content\/uploads\/adriano-imperador-flamengo.webp","datePublished":"2024-10-29T19:00:00+00:00","author":{"@id":"https:\/\/www.gaveanews.com\/#\/schema\/person\/37122681a8575a5c8db05a56f099a5e4"},"breadcrumb":{"@id":"https:\/\/www.gaveanews.com\/index.php\/2024\/10\/29\/a-publicacao-de-adriano-imperador-direcionada-a-vinicius-junior\/#breadcrumb"},"inLanguage":"pt-BR","potentialAction":[{"@type":"ReadAction","target":["https:\/\/www.gaveanews.com\/index.php\/2024\/10\/29\/a-publicacao-de-adriano-imperador-direcionada-a-vinicius-junior\/"]}]},{"@type":"ImageObject","inLanguage":"pt-BR","@id":"https:\/\/www.gaveanews.com\/index.php\/2024\/10\/29\/a-publicacao-de-adriano-imperador-direcionada-a-vinicius-junior\/#primaryimage","url":"https:\/\/www.gaveanews.com\/wp-content\/uploads\/adriano-imperador-flamengo.webp","contentUrl":"https:\/\/www.gaveanews.com\/wp-content\/uploads\/adriano-imperador-flamengo.webp","width":640,"height":400,"caption":"Adriano Imperador em a\u00e7\u00e3o pelo Flamengo (Foto: Reprodu\u00e7\u00e3o)"},{"@type":"BreadcrumbList","@id":"https:\/\/www.gaveanews.com\/index.php\/2024\/10\/29\/a-publicacao-de-adriano-imperador-direcionada-a-vinicius-junior\/#breadcrumb","itemListElement":[{"@type":"ListItem","position":1,"name":"Home","item":"https:\/\/www.gaveanews.com\/"},{"@type":"ListItem","position":2,"name":"A publica\u00e7\u00e3o de Adriano Imperador direcionada a Vinicius Junior"}]},{"@type":"WebSite","@id":"https:\/\/www.gaveanews.com\/#website","url":"https:\/\/www.gaveanews.com\/","name":"G\u00e1vea News","description":"Veja todas as not\u00edcias sobre o Flamengo: Contrata\u00e7\u00f5es, categorias de base, resultados das partidas, tabela de classifica\u00e7\u00e3o, pr\u00f3ximos jogos!","potentialAction":[{"@type":"SearchAction","target":{"@type":"EntryPoint","urlTemplate":"https:\/\/www.gaveanews.com\/?s={search_term_string}"},"query-input":{"@type":"PropertyValueSpecification","valueRequired":true,"valueName":"search_term_string"}}],"inLanguage":"pt-BR"},{"@type":"Person","@id":"https:\/\/www.gaveanews.com\/#\/schema\/person\/37122681a8575a5c8db05a56f099a5e4","name":"D\u00e9bora Figueiredo","image":{"@type":"ImageObject","inLanguage":"pt-BR","@id":"https:\/\/www.gaveanews.com\/#\/schema\/person\/image\/","url":"https:\/\/secure.gravatar.com\/avatar\/1f44802859351588499d26f52aed1d15796ce17e67602895b72837c08018868d?s=96&d=mm&r=g","contentUrl":"https:\/\/secure.gravatar.com\/avatar\/1f44802859351588499d26f52aed1d15796ce17e67602895b72837c08018868d?s=96&d=mm&r=g","caption":"D\u00e9bora Figueiredo"}}]}},"_links":{"self":[{"href":"https:\/\/www.gaveanews.com\/index.php\/wp-json\/wp\/v2\/posts\/178993","targetHints":{"allow":["GET"]}}],"collection":[{"href":"https:\/\/www.gaveanews.com\/index.php\/wp-json\/wp\/v2\/posts"}],"about":[{"href":"https:\/\/www.gaveanews.com\/index.php\/wp-json\/wp\/v2\/types\/post"}],"author":[{"embeddable":true,"href":"https:\/\/www.gaveanews.com\/index.php\/wp-json\/wp\/v2\/users\/16"}],"replies":[{"embeddable":true,"href":"https:\/\/www.gaveanews.com\/index.php\/wp-json\/wp\/v2\/comments?post=178993"}],"version-history":[{"count":2,"href":"https:\/\/www.gaveanews.com\/index.php\/wp-json\/wp\/v2\/posts\/178993\/revisions"}],"predecessor-version":[{"id":179001,"href":"https:\/\/www.gaveanews.com\/index.php\/wp-json\/wp\/v2\/posts\/178993\/revisions\/179001"}],"wp:featuredmedia":[{"embeddable":true,"href":"https:\/\/www.gaveanews.com\/index.php\/wp-json\/wp\/v2\/media\/112549"}],"wp:attachment":[{"href":"https:\/\/www.gaveanews.com\/index.php\/wp-json\/wp\/v2\/media?parent=178993"}],"wp:term":[{"taxonomy":"category","embeddable":true,"href":"https:\/\/www.gaveanews.com\/index.php\/wp-json\/wp\/v2\/categories?post=178993"},{"taxonomy":"post_tag","embeddable":true,"href":"https:\/\/www.gaveanews.com\/index.php\/wp-json\/wp\/v2\/tags?post=178993"}],"curies":[{"name":"wp","href":"https:\/\/api.w.org\/{rel}","templated":true}]}}