{"id":179011,"date":"2024-10-29T17:00:00","date_gmt":"2024-10-29T20:00:00","guid":{"rendered":"https:\/\/www.gaveanews.com\/?p=179011"},"modified":"2024-10-29T15:58:13","modified_gmt":"2024-10-29T18:58:13","slug":"momento-fofura-pedro-compartilha-foto-de-suas-filhas-gemeas","status":"publish","type":"post","link":"https:\/\/www.gaveanews.com\/index.php\/2024\/10\/29\/momento-fofura-pedro-compartilha-foto-de-suas-filhas-gemeas\/","title":{"rendered":"Momento fofura! Pedro compartilha foto de suas filhas g\u00eameas"},"content":{"rendered":"\n<h2 class=\"wp-block-heading\" id=\"h-atacante-do-flamengo-posta-foto-das-filhas-sorrindo\">Atacante do Flamengo posta foto das filhas sorrindo<\/h2>\n\n\n\n<p>Pedro Guilherme, atacante do Flamengo, utilizou as redes sociais no domingo, 27, para divulgar uma nova imagem de suas filhas g\u00eameas, Isabela e Ant\u00f4nia. As beb\u00eas, de apenas 2 meses, s\u00e3o o resultado do casamento do atleta com a psic\u00f3loga Fernanda Nogueira.<\/p>\n\n\n\n<ul class=\"wp-block-list\">\n<li><a href=\"https:\/\/www.gaveanews.com\/index.php\/2024\/10\/28\/atacante-do-flamengo-everton-cebolinha-reata-com-isa-ranieri\/\">Atacante do Flamengo, Everton Cebolinha reata com Isa Ranieri<\/a><\/li>\n\n\n\n<li><a href=\"https:\/\/www.gaveanews.com\/index.php\/2024\/10\/28\/jogo-do-flamengo-em-belo-horizonte-sera-disputado-em-estadio-alternativo\/\">Jogo do Flamengo em Belo Horizonte ser\u00e1 disputado em est\u00e1dio alternativo<br><\/a><\/li>\n<\/ul>\n\n\n\n<p>Pedro se derreteu de amores ao exibir as beb\u00eas com um sorriso na sua conta no Instagram. As g\u00eameas do jogador de futebol, esbanjando delicadeza, apareceram com roupas id\u00eanticas em cores claras e um la\u00e7o no cabelo.<\/p>\n\n\n\n<p><em>-Amor que n\u00e3o cabe. Felizes com o bom dia do papai, escreveu Pedro Guilherme na legenda da publica\u00e7\u00e3o, acrescentando emojis de cora\u00e7\u00e3o rosa.<\/em><\/p>\n\n\n\n<figure class=\"wp-block-embed is-type-photo is-provider-flickr wp-block-embed-flickr\"><div class=\"wp-block-embed__wrapper\">\n<a href=\"https:\/\/www.flickr.com\/photos\/201636948@N07\/54103480210\/in\/dateposted-public\/\"><img loading=\"lazy\" decoding=\"async\" src=\"https:\/\/live.staticflickr.com\/65535\/54103480210_0ff779a700_c.webp\" alt=\"filhas-de-pedro-guilherme\" width=\"451\" height=\"800\" \/><\/a>\n<\/div><figcaption class=\"wp-element-caption\">Isabela e Ant\u00f4nia<br><\/figcaption><\/figure>\n\n\n\n<p>Recentemente, o atacante comemorou o mesvers\u00e1rio das filhas com uma foto muito especial ao lado da esposa, ressaltando que compreendeu o amor paterno com o nascimento das pequenas.<\/p>\n\n\n\n<p><em>-2 meses que minha vida mudou e que eu entendi o amor de pai! Obrigado, Jesus, pela fam\u00edlia que o Senhor me deu!, escreveu ele. Na foto nota-se que uma das crian\u00e7as olha fixamente para o papai coruja.<\/em><\/p>\n\n\n\n<p>\u00c9 importante destacar que Fernanda Nogueira \u00e9 reservada e evita estar no centro das aten\u00e7\u00f5es. O casal deu \u00e0 luz a g\u00eameas no dia 12 de agosto, e a descoberta da gravidez ocorreu em fevereiro deste ano, quando o jogador estava em campo e marcou um gol contra o Fluminense.<\/p>\n\n\n\n<p>O jogador Pedro Guilherme, do Flamengo, utilizou as redes sociais em agosto deste ano para mostrar pormenores da decora\u00e7\u00e3o da maternidade onde as filhas g\u00eameas nasceram.<\/p>\n\n\n\n<p>No seu perfil oficial do Instagram no dia do nascimento das filhas, Pedro Guilherme compartilhou um v\u00eddeo exibindo, em primeira m\u00e3o, a ornamenta\u00e7\u00e3o das mesas na sala de parto. Naquele momento, o ambiente foi ornamentado com flores brancas e rosas, al\u00e9m de vestidos femininos. O casal tamb\u00e9m presenteou os familiares que visitaram as meninas com doces e lembran\u00e7as.<\/p>\n","protected":false},"excerpt":{"rendered":"<p>Atacante do Flamengo posta foto das filhas sorrindo Pedro Guilherme, atacante do Flamengo, utilizou as redes sociais no domingo, 27, para divulgar uma nova imagem de suas filhas g\u00eameas, Isabela e Ant\u00f4nia. As beb\u00eas, de apenas 2 meses, s\u00e3o o resultado do casamento do atleta com a psic\u00f3loga Fernanda Nogueira. Pedro se derreteu de amores [&hellip;]<\/p>\n","protected":false},"author":16,"featured_media":158916,"comment_status":"open","ping_status":"closed","sticky":false,"template":"","format":"standard","meta":{"footnotes":""},"categories":[1],"tags":[],"class_list":["post-179011","post","type-post","status-publish","format-standard","has-post-thumbnail","hentry","category-flamengo"],"yoast_head":"<!-- This site is optimized with the Yoast SEO Premium plugin v24.2 (Yoast SEO v26.9) - https:\/\/yoast.com\/product\/yoast-seo-premium-wordpress\/ -->\n<title>Momento fofura! Pedro compartilha foto de suas filhas g\u00eameas<\/title>\n<meta name=\"description\" content=\"Momento fofura! Pedro compartilha foto de suas filhas g\u00eameas\" \/>\n<meta name=\"robots\" content=\"index, follow, max-snippet:-1, max-image-preview:large, max-video-preview:-1\" \/>\n<link rel=\"canonical\" href=\"https:\/\/www.gaveanews.com\/index.php\/2024\/10\/29\/momento-fofura-pedro-compartilha-foto-de-suas-filhas-gemeas\/\" \/>\n<meta property=\"og:locale\" content=\"pt_BR\" \/>\n<meta property=\"og:type\" content=\"article\" \/>\n<meta property=\"og:title\" content=\"Momento fofura! Pedro compartilha foto de suas filhas g\u00eameas\" \/>\n<meta property=\"og:description\" content=\"Momento fofura! Pedro compartilha foto de suas filhas g\u00eameas\" \/>\n<meta property=\"og:url\" content=\"https:\/\/www.gaveanews.com\/index.php\/2024\/10\/29\/momento-fofura-pedro-compartilha-foto-de-suas-filhas-gemeas\/\" \/>\n<meta property=\"og:site_name\" content=\"G\u00e1vea News\" \/>\n<meta property=\"article:publisher\" content=\"https:\/\/facebook.com\/gaveaNews\/\" \/>\n<meta property=\"article:published_time\" content=\"2024-10-29T20:00:00+00:00\" \/>\n<meta property=\"og:image\" content=\"https:\/\/www.gaveanews.com\/wp-content\/uploads\/Pedro-em-acao-pelo-Flamengo.webp\" \/>\n\t<meta property=\"og:image:width\" content=\"1600\" \/>\n\t<meta property=\"og:image:height\" content=\"999\" \/>\n\t<meta property=\"og:image:type\" content=\"image\/jpeg\" \/>\n<meta name=\"author\" content=\"D\u00e9bora Figueiredo\" \/>\n<meta name=\"twitter:card\" content=\"summary_large_image\" \/>\n<meta name=\"twitter:label1\" content=\"Escrito por\" \/>\n\t<meta name=\"twitter:data1\" content=\"D\u00e9bora Figueiredo\" \/>\n\t<meta name=\"twitter:label2\" content=\"Est. tempo de leitura\" \/>\n\t<meta name=\"twitter:data2\" content=\"3 minutos\" \/>\n<script type=\"application\/ld+json\" class=\"yoast-schema-graph\">{\"@context\":\"https:\/\/schema.org\",\"@graph\":[{\"@type\":\"NewsArticle\",\"@id\":\"https:\/\/www.gaveanews.com\/index.php\/2024\/10\/29\/momento-fofura-pedro-compartilha-foto-de-suas-filhas-gemeas\/#article\",\"isPartOf\":{\"@id\":\"https:\/\/www.gaveanews.com\/index.php\/2024\/10\/29\/momento-fofura-pedro-compartilha-foto-de-suas-filhas-gemeas\/\"},\"author\":{\"name\":\"D\u00e9bora Figueiredo\",\"@id\":\"https:\/\/www.gaveanews.com\/#\/schema\/person\/37122681a8575a5c8db05a56f099a5e4\"},\"headline\":\"Momento fofura! Pedro compartilha foto de suas filhas g\u00eameas\",\"datePublished\":\"2024-10-29T20:00:00+00:00\",\"mainEntityOfPage\":{\"@id\":\"https:\/\/www.gaveanews.com\/index.php\/2024\/10\/29\/momento-fofura-pedro-compartilha-foto-de-suas-filhas-gemeas\/\"},\"wordCount\":372,\"commentCount\":0,\"image\":{\"@id\":\"https:\/\/www.gaveanews.com\/index.php\/2024\/10\/29\/momento-fofura-pedro-compartilha-foto-de-suas-filhas-gemeas\/#primaryimage\"},\"thumbnailUrl\":\"https:\/\/www.gaveanews.com\/wp-content\/uploads\/Pedro-em-acao-pelo-Flamengo.webp\",\"articleSection\":[\"Flamengo\"],\"inLanguage\":\"pt-BR\",\"potentialAction\":[{\"@type\":\"CommentAction\",\"name\":\"Comment\",\"target\":[\"https:\/\/www.gaveanews.com\/index.php\/2024\/10\/29\/momento-fofura-pedro-compartilha-foto-de-suas-filhas-gemeas\/#respond\"]}],\"copyrightYear\":\"2024\",\"copyrightHolder\":{\"@id\":\"https:\/\/www.gaveanews.com\/#organization\"}},{\"@type\":\"WebPage\",\"@id\":\"https:\/\/www.gaveanews.com\/index.php\/2024\/10\/29\/momento-fofura-pedro-compartilha-foto-de-suas-filhas-gemeas\/\",\"url\":\"https:\/\/www.gaveanews.com\/index.php\/2024\/10\/29\/momento-fofura-pedro-compartilha-foto-de-suas-filhas-gemeas\/\",\"name\":\"Momento fofura! Pedro compartilha foto de suas filhas g\u00eameas\",\"isPartOf\":{\"@id\":\"https:\/\/www.gaveanews.com\/#website\"},\"primaryImageOfPage\":{\"@id\":\"https:\/\/www.gaveanews.com\/index.php\/2024\/10\/29\/momento-fofura-pedro-compartilha-foto-de-suas-filhas-gemeas\/#primaryimage\"},\"image\":{\"@id\":\"https:\/\/www.gaveanews.com\/index.php\/2024\/10\/29\/momento-fofura-pedro-compartilha-foto-de-suas-filhas-gemeas\/#primaryimage\"},\"thumbnailUrl\":\"https:\/\/www.gaveanews.com\/wp-content\/uploads\/Pedro-em-acao-pelo-Flamengo.webp\",\"datePublished\":\"2024-10-29T20:00:00+00:00\",\"author\":{\"@id\":\"https:\/\/www.gaveanews.com\/#\/schema\/person\/37122681a8575a5c8db05a56f099a5e4\"},\"description\":\"Momento fofura! Pedro compartilha foto de suas filhas g\u00eameas\",\"breadcrumb\":{\"@id\":\"https:\/\/www.gaveanews.com\/index.php\/2024\/10\/29\/momento-fofura-pedro-compartilha-foto-de-suas-filhas-gemeas\/#breadcrumb\"},\"inLanguage\":\"pt-BR\",\"potentialAction\":[{\"@type\":\"ReadAction\",\"target\":[\"https:\/\/www.gaveanews.com\/index.php\/2024\/10\/29\/momento-fofura-pedro-compartilha-foto-de-suas-filhas-gemeas\/\"]}]},{\"@type\":\"ImageObject\",\"inLanguage\":\"pt-BR\",\"@id\":\"https:\/\/www.gaveanews.com\/index.php\/2024\/10\/29\/momento-fofura-pedro-compartilha-foto-de-suas-filhas-gemeas\/#primaryimage\",\"url\":\"https:\/\/www.gaveanews.com\/wp-content\/uploads\/Pedro-em-acao-pelo-Flamengo.webp\",\"contentUrl\":\"https:\/\/www.gaveanews.com\/wp-content\/uploads\/Pedro-em-acao-pelo-Flamengo.webp\",\"width\":1600,\"height\":999,\"caption\":\"Pedro em a\u00e7\u00e3o pelo Flamengo (Foto: Divulga\u00e7\u00e3o\/Flamengo)\"},{\"@type\":\"BreadcrumbList\",\"@id\":\"https:\/\/www.gaveanews.com\/index.php\/2024\/10\/29\/momento-fofura-pedro-compartilha-foto-de-suas-filhas-gemeas\/#breadcrumb\",\"itemListElement\":[{\"@type\":\"ListItem\",\"position\":1,\"name\":\"Home\",\"item\":\"https:\/\/www.gaveanews.com\/\"},{\"@type\":\"ListItem\",\"position\":2,\"name\":\"Momento fofura! Pedro compartilha foto de suas filhas g\u00eameas\"}]},{\"@type\":\"WebSite\",\"@id\":\"https:\/\/www.gaveanews.com\/#website\",\"url\":\"https:\/\/www.gaveanews.com\/\",\"name\":\"G\u00e1vea News\",\"description\":\"Veja todas as not\u00edcias sobre o Flamengo: Contrata\u00e7\u00f5es, categorias de base, resultados das partidas, tabela de classifica\u00e7\u00e3o, pr\u00f3ximos jogos!\",\"potentialAction\":[{\"@type\":\"SearchAction\",\"target\":{\"@type\":\"EntryPoint\",\"urlTemplate\":\"https:\/\/www.gaveanews.com\/?s={search_term_string}\"},\"query-input\":{\"@type\":\"PropertyValueSpecification\",\"valueRequired\":true,\"valueName\":\"search_term_string\"}}],\"inLanguage\":\"pt-BR\"},{\"@type\":\"Person\",\"@id\":\"https:\/\/www.gaveanews.com\/#\/schema\/person\/37122681a8575a5c8db05a56f099a5e4\",\"name\":\"D\u00e9bora Figueiredo\",\"image\":{\"@type\":\"ImageObject\",\"inLanguage\":\"pt-BR\",\"@id\":\"https:\/\/www.gaveanews.com\/#\/schema\/person\/image\/\",\"url\":\"https:\/\/secure.gravatar.com\/avatar\/1f44802859351588499d26f52aed1d15796ce17e67602895b72837c08018868d?s=96&d=mm&r=g\",\"contentUrl\":\"https:\/\/secure.gravatar.com\/avatar\/1f44802859351588499d26f52aed1d15796ce17e67602895b72837c08018868d?s=96&d=mm&r=g\",\"caption\":\"D\u00e9bora Figueiredo\"}}]}<\/script>\n<!-- \/ Yoast SEO Premium plugin. -->","yoast_head_json":{"title":"Momento fofura! Pedro compartilha foto de suas filhas g\u00eameas","description":"Momento fofura! Pedro compartilha foto de suas filhas g\u00eameas","robots":{"index":"index","follow":"follow","max-snippet":"max-snippet:-1","max-image-preview":"max-image-preview:large","max-video-preview":"max-video-preview:-1"},"canonical":"https:\/\/www.gaveanews.com\/index.php\/2024\/10\/29\/momento-fofura-pedro-compartilha-foto-de-suas-filhas-gemeas\/","og_locale":"pt_BR","og_type":"article","og_title":"Momento fofura! Pedro compartilha foto de suas filhas g\u00eameas","og_description":"Momento fofura! Pedro compartilha foto de suas filhas g\u00eameas","og_url":"https:\/\/www.gaveanews.com\/index.php\/2024\/10\/29\/momento-fofura-pedro-compartilha-foto-de-suas-filhas-gemeas\/","og_site_name":"G\u00e1vea News","article_publisher":"https:\/\/facebook.com\/gaveaNews\/","article_published_time":"2024-10-29T20:00:00+00:00","og_image":[{"width":1600,"height":999,"url":"https:\/\/www.gaveanews.com\/wp-content\/uploads\/Pedro-em-acao-pelo-Flamengo.webp","type":"image\/jpeg"}],"author":"D\u00e9bora Figueiredo","twitter_card":"summary_large_image","twitter_misc":{"Escrito por":"D\u00e9bora Figueiredo","Est. tempo de leitura":"3 minutos"},"schema":{"@context":"https:\/\/schema.org","@graph":[{"@type":"NewsArticle","@id":"https:\/\/www.gaveanews.com\/index.php\/2024\/10\/29\/momento-fofura-pedro-compartilha-foto-de-suas-filhas-gemeas\/#article","isPartOf":{"@id":"https:\/\/www.gaveanews.com\/index.php\/2024\/10\/29\/momento-fofura-pedro-compartilha-foto-de-suas-filhas-gemeas\/"},"author":{"name":"D\u00e9bora Figueiredo","@id":"https:\/\/www.gaveanews.com\/#\/schema\/person\/37122681a8575a5c8db05a56f099a5e4"},"headline":"Momento fofura! Pedro compartilha foto de suas filhas g\u00eameas","datePublished":"2024-10-29T20:00:00+00:00","mainEntityOfPage":{"@id":"https:\/\/www.gaveanews.com\/index.php\/2024\/10\/29\/momento-fofura-pedro-compartilha-foto-de-suas-filhas-gemeas\/"},"wordCount":372,"commentCount":0,"image":{"@id":"https:\/\/www.gaveanews.com\/index.php\/2024\/10\/29\/momento-fofura-pedro-compartilha-foto-de-suas-filhas-gemeas\/#primaryimage"},"thumbnailUrl":"https:\/\/www.gaveanews.com\/wp-content\/uploads\/Pedro-em-acao-pelo-Flamengo.webp","articleSection":["Flamengo"],"inLanguage":"pt-BR","potentialAction":[{"@type":"CommentAction","name":"Comment","target":["https:\/\/www.gaveanews.com\/index.php\/2024\/10\/29\/momento-fofura-pedro-compartilha-foto-de-suas-filhas-gemeas\/#respond"]}],"copyrightYear":"2024","copyrightHolder":{"@id":"https:\/\/www.gaveanews.com\/#organization"}},{"@type":"WebPage","@id":"https:\/\/www.gaveanews.com\/index.php\/2024\/10\/29\/momento-fofura-pedro-compartilha-foto-de-suas-filhas-gemeas\/","url":"https:\/\/www.gaveanews.com\/index.php\/2024\/10\/29\/momento-fofura-pedro-compartilha-foto-de-suas-filhas-gemeas\/","name":"Momento fofura! Pedro compartilha foto de suas filhas g\u00eameas","isPartOf":{"@id":"https:\/\/www.gaveanews.com\/#website"},"primaryImageOfPage":{"@id":"https:\/\/www.gaveanews.com\/index.php\/2024\/10\/29\/momento-fofura-pedro-compartilha-foto-de-suas-filhas-gemeas\/#primaryimage"},"image":{"@id":"https:\/\/www.gaveanews.com\/index.php\/2024\/10\/29\/momento-fofura-pedro-compartilha-foto-de-suas-filhas-gemeas\/#primaryimage"},"thumbnailUrl":"https:\/\/www.gaveanews.com\/wp-content\/uploads\/Pedro-em-acao-pelo-Flamengo.webp","datePublished":"2024-10-29T20:00:00+00:00","author":{"@id":"https:\/\/www.gaveanews.com\/#\/schema\/person\/37122681a8575a5c8db05a56f099a5e4"},"description":"Momento fofura! Pedro compartilha foto de suas filhas g\u00eameas","breadcrumb":{"@id":"https:\/\/www.gaveanews.com\/index.php\/2024\/10\/29\/momento-fofura-pedro-compartilha-foto-de-suas-filhas-gemeas\/#breadcrumb"},"inLanguage":"pt-BR","potentialAction":[{"@type":"ReadAction","target":["https:\/\/www.gaveanews.com\/index.php\/2024\/10\/29\/momento-fofura-pedro-compartilha-foto-de-suas-filhas-gemeas\/"]}]},{"@type":"ImageObject","inLanguage":"pt-BR","@id":"https:\/\/www.gaveanews.com\/index.php\/2024\/10\/29\/momento-fofura-pedro-compartilha-foto-de-suas-filhas-gemeas\/#primaryimage","url":"https:\/\/www.gaveanews.com\/wp-content\/uploads\/Pedro-em-acao-pelo-Flamengo.webp","contentUrl":"https:\/\/www.gaveanews.com\/wp-content\/uploads\/Pedro-em-acao-pelo-Flamengo.webp","width":1600,"height":999,"caption":"Pedro em a\u00e7\u00e3o pelo Flamengo (Foto: Divulga\u00e7\u00e3o\/Flamengo)"},{"@type":"BreadcrumbList","@id":"https:\/\/www.gaveanews.com\/index.php\/2024\/10\/29\/momento-fofura-pedro-compartilha-foto-de-suas-filhas-gemeas\/#breadcrumb","itemListElement":[{"@type":"ListItem","position":1,"name":"Home","item":"https:\/\/www.gaveanews.com\/"},{"@type":"ListItem","position":2,"name":"Momento fofura! Pedro compartilha foto de suas filhas g\u00eameas"}]},{"@type":"WebSite","@id":"https:\/\/www.gaveanews.com\/#website","url":"https:\/\/www.gaveanews.com\/","name":"G\u00e1vea News","description":"Veja todas as not\u00edcias sobre o Flamengo: Contrata\u00e7\u00f5es, categorias de base, resultados das partidas, tabela de classifica\u00e7\u00e3o, pr\u00f3ximos jogos!","potentialAction":[{"@type":"SearchAction","target":{"@type":"EntryPoint","urlTemplate":"https:\/\/www.gaveanews.com\/?s={search_term_string}"},"query-input":{"@type":"PropertyValueSpecification","valueRequired":true,"valueName":"search_term_string"}}],"inLanguage":"pt-BR"},{"@type":"Person","@id":"https:\/\/www.gaveanews.com\/#\/schema\/person\/37122681a8575a5c8db05a56f099a5e4","name":"D\u00e9bora Figueiredo","image":{"@type":"ImageObject","inLanguage":"pt-BR","@id":"https:\/\/www.gaveanews.com\/#\/schema\/person\/image\/","url":"https:\/\/secure.gravatar.com\/avatar\/1f44802859351588499d26f52aed1d15796ce17e67602895b72837c08018868d?s=96&d=mm&r=g","contentUrl":"https:\/\/secure.gravatar.com\/avatar\/1f44802859351588499d26f52aed1d15796ce17e67602895b72837c08018868d?s=96&d=mm&r=g","caption":"D\u00e9bora Figueiredo"}}]}},"_links":{"self":[{"href":"https:\/\/www.gaveanews.com\/index.php\/wp-json\/wp\/v2\/posts\/179011","targetHints":{"allow":["GET"]}}],"collection":[{"href":"https:\/\/www.gaveanews.com\/index.php\/wp-json\/wp\/v2\/posts"}],"about":[{"href":"https:\/\/www.gaveanews.com\/index.php\/wp-json\/wp\/v2\/types\/post"}],"author":[{"embeddable":true,"href":"https:\/\/www.gaveanews.com\/index.php\/wp-json\/wp\/v2\/users\/16"}],"replies":[{"embeddable":true,"href":"https:\/\/www.gaveanews.com\/index.php\/wp-json\/wp\/v2\/comments?post=179011"}],"version-history":[{"count":1,"href":"https:\/\/www.gaveanews.com\/index.php\/wp-json\/wp\/v2\/posts\/179011\/revisions"}],"predecessor-version":[{"id":179014,"href":"https:\/\/www.gaveanews.com\/index.php\/wp-json\/wp\/v2\/posts\/179011\/revisions\/179014"}],"wp:featuredmedia":[{"embeddable":true,"href":"https:\/\/www.gaveanews.com\/index.php\/wp-json\/wp\/v2\/media\/158916"}],"wp:attachment":[{"href":"https:\/\/www.gaveanews.com\/index.php\/wp-json\/wp\/v2\/media?parent=179011"}],"wp:term":[{"taxonomy":"category","embeddable":true,"href":"https:\/\/www.gaveanews.com\/index.php\/wp-json\/wp\/v2\/categories?post=179011"},{"taxonomy":"post_tag","embeddable":true,"href":"https:\/\/www.gaveanews.com\/index.php\/wp-json\/wp\/v2\/tags?post=179011"}],"curies":[{"name":"wp","href":"https:\/\/api.w.org\/{rel}","templated":true}]}}