{"id":179049,"date":"2024-10-30T09:05:00","date_gmt":"2024-10-30T12:05:00","guid":{"rendered":"https:\/\/www.gaveanews.com\/?p=179049"},"modified":"2024-10-30T08:59:22","modified_gmt":"2024-10-30T11:59:22","slug":"conmebol-pode-tomar-atitude-surpreendente-na-libertadores","status":"publish","type":"post","link":"https:\/\/www.gaveanews.com\/index.php\/2024\/10\/30\/conmebol-pode-tomar-atitude-surpreendente-na-libertadores\/","title":{"rendered":"Conmebol pode tomar atitude surpreendente na Libertadores"},"content":{"rendered":"\n<p>A Confedera\u00e7\u00e3o Sul-Americana de Futebol, mais conhecida como Conmebol, exigiu a libera\u00e7\u00e3o da torcida do Botafogo para a partida diante do Pe\u00f1arol.<\/p>\n\n\n\n<ul class=\"wp-block-list\">\n<li><a href=\"https:\/\/www.gaveanews.com\/index.php\/2024\/10\/29\/a-probabilidade-do-internacional-classificar-se-para-a-copa-libertadores\/\">A probabilidade do Internacional classificar-se para a Copa Libertadores<\/a><\/li>\n\n\n\n<li><a href=\"https:\/\/www.gaveanews.com\/index.php\/2024\/10\/29\/titular-do-atletico-mg-pode-ficar-de-fora-da-copa-libertadores\/\">Titular do Atl\u00e9tico-MG pode ficar de fora da Copa Libertadores<\/a><\/li>\n<\/ul>\n\n\n\n<p>Que acontecer\u00e1 nesta quarta-feira (30), no Campe\u00f3n del Siglo, em Montevid\u00e9u, em um jogo v\u00e1lido pela volta da semifinal da Copa Libertadores.<\/p>\n\n\n\n<p>Ocorreu uma reuni\u00e3o com representantes do Botafogo, do Pe\u00f1arol, da Conmebol e dos \u00f3rg\u00e3os p\u00fablicos uruguaios, na \u00faltima ter\u00e7a-feira (29). Por\u00e9m, nesta reuni\u00e3o n\u00e3o houve um acordo sobre o pedido da Conmebol para a partida ter o p\u00fablico visitante no est\u00e1dio. <\/p>\n\n\n\n<p>Assim ent\u00e3o foi decidido pelos \u00f3rg\u00e3os competentes do Uruguai que ent\u00e3o mantivessem a sua posi\u00e7\u00e3o de n\u00e3o autorizar a presen\u00e7a de torcedores do Botafogo. Por isso, a atual orienta\u00e7\u00e3o da Conmebol \u00e9 para que os Aurinegros e o Glorioso aguardem uma decis\u00e3o final.<\/p>\n\n\n\n<h2 class=\"wp-block-heading\" id=\"h-portoes-fechados-ou-mudanca-de-local\">Port\u00f5es fechados ou mudan\u00e7a de local<\/h2>\n\n\n\n<p>E como est\u00e1 havendo uma inflexibilidade dos uruguaios, corre-se o risco da partida ser de port\u00f5es fechados, ou at\u00e9 mesmo ter que mudar de local.<\/p>\n\n\n\n<p>At\u00e9 porque a Conmebol j\u00e1 deixou bem claro que n\u00e3o admitir\u00e1 que o jogo n\u00e3o tenha torcedores visitantes, o que infelizmente o Uruguai n\u00e3o est\u00e1 aceitando.<\/p>\n\n\n\n<p>J\u00e1 por sua vez, a equipe brasileira, Botafogo, refor\u00e7ou que o clube s\u00f3 quer que o regulamento seja cumprido da forma correta.<\/p>\n\n\n\n<p>Logo em seguida, o Pe\u00f1arol diz que cumprir\u00e1 o que as autoridades locais determinaram para essa partida da semifinal.<\/p>\n\n\n\n<p>Pois o clube de Montevid\u00e9u tamb\u00e9m n\u00e3o deu nenhuma solu\u00e7\u00e3o para a situa\u00e7\u00e3o. E agora, todos aguardam a decis\u00e3o final da Conmebol.<\/p>\n\n\n\n<h2 class=\"wp-block-heading\" id=\"h-teme-uma-vinganca-da-torcida-do-penarol\">Teme uma vingan\u00e7a da torcida do Pe\u00f1arol<\/h2>\n\n\n\n<p>O ministro uruguaio Nicolas Martinelli divulgou um of\u00edcio, onde dizia que teme uma vingan\u00e7a da torcida do Pe\u00f1arol, ap\u00f3s as brigas que ocorreram no Rio de Janeiro.<\/p>\n\n\n\n<p>Assim, a Federa\u00e7\u00e3o Uruguaia pediu a torcida \u00fanica, e a Conmebol exigiu que o clube uruguaio garantisse a seguran\u00e7a e o acesso da torcida do Botafogo.<\/p>\n\n\n\n<p>Por fim, a Confedera\u00e7\u00e3o Brasileira de Futebol (CBF) tamb\u00e9m entrou no debate e solicitou que a Conmebol permita a presen\u00e7a de torcedores do Botafogo.<\/p>\n","protected":false},"excerpt":{"rendered":"<p>A Confedera\u00e7\u00e3o Sul-Americana de Futebol, mais conhecida como Conmebol, exigiu a libera\u00e7\u00e3o da torcida do Botafogo para a partida diante do Pe\u00f1arol. Que acontecer\u00e1 nesta quarta-feira (30), no Campe\u00f3n del Siglo, em Montevid\u00e9u, em um jogo v\u00e1lido pela volta da semifinal da Copa Libertadores. Ocorreu uma reuni\u00e3o com representantes do Botafogo, do Pe\u00f1arol, da Conmebol [&hellip;]<\/p>\n","protected":false},"author":22,"featured_media":108717,"comment_status":"open","ping_status":"closed","sticky":false,"template":"","format":"standard","meta":{"footnotes":""},"categories":[138],"tags":[],"class_list":["post-179049","post","type-post","status-publish","format-standard","has-post-thumbnail","hentry","category-botafogo"],"yoast_head":"<!-- This site is optimized with the Yoast SEO Premium plugin v24.2 (Yoast SEO v26.9) - https:\/\/yoast.com\/product\/yoast-seo-premium-wordpress\/ -->\n<title>Conmebol pode tomar atitude surpreendente na Libertadores<\/title>\n<meta name=\"robots\" content=\"index, follow, max-snippet:-1, max-image-preview:large, max-video-preview:-1\" \/>\n<link rel=\"canonical\" href=\"https:\/\/www.gaveanews.com\/index.php\/2024\/10\/30\/conmebol-pode-tomar-atitude-surpreendente-na-libertadores\/\" \/>\n<meta property=\"og:locale\" content=\"pt_BR\" \/>\n<meta property=\"og:type\" content=\"article\" \/>\n<meta property=\"og:title\" content=\"Conmebol pode tomar atitude surpreendente na Libertadores\" \/>\n<meta property=\"og:description\" content=\"A Confedera\u00e7\u00e3o Sul-Americana de Futebol, mais conhecida como Conmebol, exigiu a libera\u00e7\u00e3o da torcida do Botafogo para a partida diante do Pe\u00f1arol. Que acontecer\u00e1 nesta quarta-feira (30), no Campe\u00f3n del Siglo, em Montevid\u00e9u, em um jogo v\u00e1lido pela volta da semifinal da Copa Libertadores. Ocorreu uma reuni\u00e3o com representantes do Botafogo, do Pe\u00f1arol, da Conmebol [&hellip;]\" \/>\n<meta property=\"og:url\" content=\"https:\/\/www.gaveanews.com\/index.php\/2024\/10\/30\/conmebol-pode-tomar-atitude-surpreendente-na-libertadores\/\" \/>\n<meta property=\"og:site_name\" content=\"G\u00e1vea News\" \/>\n<meta property=\"article:publisher\" content=\"https:\/\/facebook.com\/gaveaNews\/\" \/>\n<meta property=\"article:published_time\" content=\"2024-10-30T12:05:00+00:00\" \/>\n<meta property=\"og:image\" content=\"https:\/\/www.gaveanews.com\/wp-content\/uploads\/sede-conmebol.webp\" \/>\n\t<meta property=\"og:image:width\" content=\"1200\" \/>\n\t<meta property=\"og:image:height\" content=\"793\" \/>\n\t<meta property=\"og:image:type\" content=\"image\/jpeg\" \/>\n<meta name=\"author\" content=\"Emilly Lima\" \/>\n<meta name=\"twitter:card\" content=\"summary_large_image\" \/>\n<meta name=\"twitter:label1\" content=\"Escrito por\" \/>\n\t<meta name=\"twitter:data1\" content=\"Emilly Lima\" \/>\n\t<meta name=\"twitter:label2\" content=\"Est. tempo de leitura\" \/>\n\t<meta name=\"twitter:data2\" content=\"3 minutos\" \/>\n<script type=\"application\/ld+json\" class=\"yoast-schema-graph\">{\"@context\":\"https:\/\/schema.org\",\"@graph\":[{\"@type\":\"NewsArticle\",\"@id\":\"https:\/\/www.gaveanews.com\/index.php\/2024\/10\/30\/conmebol-pode-tomar-atitude-surpreendente-na-libertadores\/#article\",\"isPartOf\":{\"@id\":\"https:\/\/www.gaveanews.com\/index.php\/2024\/10\/30\/conmebol-pode-tomar-atitude-surpreendente-na-libertadores\/\"},\"author\":{\"name\":\"Emilly Lima\",\"@id\":\"https:\/\/www.gaveanews.com\/#\/schema\/person\/8597dbe3f4d8513dd20048ce95a1895b\"},\"headline\":\"Conmebol pode tomar atitude surpreendente na Libertadores\",\"datePublished\":\"2024-10-30T12:05:00+00:00\",\"mainEntityOfPage\":{\"@id\":\"https:\/\/www.gaveanews.com\/index.php\/2024\/10\/30\/conmebol-pode-tomar-atitude-surpreendente-na-libertadores\/\"},\"wordCount\":405,\"commentCount\":0,\"image\":{\"@id\":\"https:\/\/www.gaveanews.com\/index.php\/2024\/10\/30\/conmebol-pode-tomar-atitude-surpreendente-na-libertadores\/#primaryimage\"},\"thumbnailUrl\":\"https:\/\/www.gaveanews.com\/wp-content\/uploads\/sede-conmebol.webp\",\"articleSection\":[\"Botafogo\"],\"inLanguage\":\"pt-BR\",\"potentialAction\":[{\"@type\":\"CommentAction\",\"name\":\"Comment\",\"target\":[\"https:\/\/www.gaveanews.com\/index.php\/2024\/10\/30\/conmebol-pode-tomar-atitude-surpreendente-na-libertadores\/#respond\"]}],\"copyrightYear\":\"2024\",\"copyrightHolder\":{\"@id\":\"https:\/\/www.gaveanews.com\/#organization\"}},{\"@type\":\"WebPage\",\"@id\":\"https:\/\/www.gaveanews.com\/index.php\/2024\/10\/30\/conmebol-pode-tomar-atitude-surpreendente-na-libertadores\/\",\"url\":\"https:\/\/www.gaveanews.com\/index.php\/2024\/10\/30\/conmebol-pode-tomar-atitude-surpreendente-na-libertadores\/\",\"name\":\"Conmebol pode tomar atitude surpreendente na Libertadores\",\"isPartOf\":{\"@id\":\"https:\/\/www.gaveanews.com\/#website\"},\"primaryImageOfPage\":{\"@id\":\"https:\/\/www.gaveanews.com\/index.php\/2024\/10\/30\/conmebol-pode-tomar-atitude-surpreendente-na-libertadores\/#primaryimage\"},\"image\":{\"@id\":\"https:\/\/www.gaveanews.com\/index.php\/2024\/10\/30\/conmebol-pode-tomar-atitude-surpreendente-na-libertadores\/#primaryimage\"},\"thumbnailUrl\":\"https:\/\/www.gaveanews.com\/wp-content\/uploads\/sede-conmebol.webp\",\"datePublished\":\"2024-10-30T12:05:00+00:00\",\"author\":{\"@id\":\"https:\/\/www.gaveanews.com\/#\/schema\/person\/8597dbe3f4d8513dd20048ce95a1895b\"},\"breadcrumb\":{\"@id\":\"https:\/\/www.gaveanews.com\/index.php\/2024\/10\/30\/conmebol-pode-tomar-atitude-surpreendente-na-libertadores\/#breadcrumb\"},\"inLanguage\":\"pt-BR\",\"potentialAction\":[{\"@type\":\"ReadAction\",\"target\":[\"https:\/\/www.gaveanews.com\/index.php\/2024\/10\/30\/conmebol-pode-tomar-atitude-surpreendente-na-libertadores\/\"]}]},{\"@type\":\"ImageObject\",\"inLanguage\":\"pt-BR\",\"@id\":\"https:\/\/www.gaveanews.com\/index.php\/2024\/10\/30\/conmebol-pode-tomar-atitude-surpreendente-na-libertadores\/#primaryimage\",\"url\":\"https:\/\/www.gaveanews.com\/wp-content\/uploads\/sede-conmebol.webp\",\"contentUrl\":\"https:\/\/www.gaveanews.com\/wp-content\/uploads\/sede-conmebol.webp\",\"width\":1200,\"height\":793,\"caption\":\"Sede da Conmebol em Luque, no Paraguai (Foto: Tossiro Neto)\"},{\"@type\":\"BreadcrumbList\",\"@id\":\"https:\/\/www.gaveanews.com\/index.php\/2024\/10\/30\/conmebol-pode-tomar-atitude-surpreendente-na-libertadores\/#breadcrumb\",\"itemListElement\":[{\"@type\":\"ListItem\",\"position\":1,\"name\":\"Home\",\"item\":\"https:\/\/www.gaveanews.com\/\"},{\"@type\":\"ListItem\",\"position\":2,\"name\":\"Conmebol pode tomar atitude surpreendente na Libertadores\"}]},{\"@type\":\"WebSite\",\"@id\":\"https:\/\/www.gaveanews.com\/#website\",\"url\":\"https:\/\/www.gaveanews.com\/\",\"name\":\"G\u00e1vea News\",\"description\":\"Veja todas as not\u00edcias sobre o Flamengo: Contrata\u00e7\u00f5es, categorias de base, resultados das partidas, tabela de classifica\u00e7\u00e3o, pr\u00f3ximos jogos!\",\"potentialAction\":[{\"@type\":\"SearchAction\",\"target\":{\"@type\":\"EntryPoint\",\"urlTemplate\":\"https:\/\/www.gaveanews.com\/?s={search_term_string}\"},\"query-input\":{\"@type\":\"PropertyValueSpecification\",\"valueRequired\":true,\"valueName\":\"search_term_string\"}}],\"inLanguage\":\"pt-BR\"},{\"@type\":\"Person\",\"@id\":\"https:\/\/www.gaveanews.com\/#\/schema\/person\/8597dbe3f4d8513dd20048ce95a1895b\",\"name\":\"Emilly Lima\",\"image\":{\"@type\":\"ImageObject\",\"inLanguage\":\"pt-BR\",\"@id\":\"https:\/\/www.gaveanews.com\/#\/schema\/person\/image\/\",\"url\":\"https:\/\/secure.gravatar.com\/avatar\/ddb4d0548bae01de3cb52e0fe30386754e9c41797565aa0a5bf4440ab4f7c0be?s=96&d=mm&r=g\",\"contentUrl\":\"https:\/\/secure.gravatar.com\/avatar\/ddb4d0548bae01de3cb52e0fe30386754e9c41797565aa0a5bf4440ab4f7c0be?s=96&d=mm&r=g\",\"caption\":\"Emilly Lima\"}}]}<\/script>\n<!-- \/ Yoast SEO Premium plugin. -->","yoast_head_json":{"title":"Conmebol pode tomar atitude surpreendente na Libertadores","robots":{"index":"index","follow":"follow","max-snippet":"max-snippet:-1","max-image-preview":"max-image-preview:large","max-video-preview":"max-video-preview:-1"},"canonical":"https:\/\/www.gaveanews.com\/index.php\/2024\/10\/30\/conmebol-pode-tomar-atitude-surpreendente-na-libertadores\/","og_locale":"pt_BR","og_type":"article","og_title":"Conmebol pode tomar atitude surpreendente na Libertadores","og_description":"A Confedera\u00e7\u00e3o Sul-Americana de Futebol, mais conhecida como Conmebol, exigiu a libera\u00e7\u00e3o da torcida do Botafogo para a partida diante do Pe\u00f1arol. Que acontecer\u00e1 nesta quarta-feira (30), no Campe\u00f3n del Siglo, em Montevid\u00e9u, em um jogo v\u00e1lido pela volta da semifinal da Copa Libertadores. Ocorreu uma reuni\u00e3o com representantes do Botafogo, do Pe\u00f1arol, da Conmebol [&hellip;]","og_url":"https:\/\/www.gaveanews.com\/index.php\/2024\/10\/30\/conmebol-pode-tomar-atitude-surpreendente-na-libertadores\/","og_site_name":"G\u00e1vea News","article_publisher":"https:\/\/facebook.com\/gaveaNews\/","article_published_time":"2024-10-30T12:05:00+00:00","og_image":[{"width":1200,"height":793,"url":"https:\/\/www.gaveanews.com\/wp-content\/uploads\/sede-conmebol.webp","type":"image\/jpeg"}],"author":"Emilly Lima","twitter_card":"summary_large_image","twitter_misc":{"Escrito por":"Emilly Lima","Est. tempo de leitura":"3 minutos"},"schema":{"@context":"https:\/\/schema.org","@graph":[{"@type":"NewsArticle","@id":"https:\/\/www.gaveanews.com\/index.php\/2024\/10\/30\/conmebol-pode-tomar-atitude-surpreendente-na-libertadores\/#article","isPartOf":{"@id":"https:\/\/www.gaveanews.com\/index.php\/2024\/10\/30\/conmebol-pode-tomar-atitude-surpreendente-na-libertadores\/"},"author":{"name":"Emilly Lima","@id":"https:\/\/www.gaveanews.com\/#\/schema\/person\/8597dbe3f4d8513dd20048ce95a1895b"},"headline":"Conmebol pode tomar atitude surpreendente na Libertadores","datePublished":"2024-10-30T12:05:00+00:00","mainEntityOfPage":{"@id":"https:\/\/www.gaveanews.com\/index.php\/2024\/10\/30\/conmebol-pode-tomar-atitude-surpreendente-na-libertadores\/"},"wordCount":405,"commentCount":0,"image":{"@id":"https:\/\/www.gaveanews.com\/index.php\/2024\/10\/30\/conmebol-pode-tomar-atitude-surpreendente-na-libertadores\/#primaryimage"},"thumbnailUrl":"https:\/\/www.gaveanews.com\/wp-content\/uploads\/sede-conmebol.webp","articleSection":["Botafogo"],"inLanguage":"pt-BR","potentialAction":[{"@type":"CommentAction","name":"Comment","target":["https:\/\/www.gaveanews.com\/index.php\/2024\/10\/30\/conmebol-pode-tomar-atitude-surpreendente-na-libertadores\/#respond"]}],"copyrightYear":"2024","copyrightHolder":{"@id":"https:\/\/www.gaveanews.com\/#organization"}},{"@type":"WebPage","@id":"https:\/\/www.gaveanews.com\/index.php\/2024\/10\/30\/conmebol-pode-tomar-atitude-surpreendente-na-libertadores\/","url":"https:\/\/www.gaveanews.com\/index.php\/2024\/10\/30\/conmebol-pode-tomar-atitude-surpreendente-na-libertadores\/","name":"Conmebol pode tomar atitude surpreendente na Libertadores","isPartOf":{"@id":"https:\/\/www.gaveanews.com\/#website"},"primaryImageOfPage":{"@id":"https:\/\/www.gaveanews.com\/index.php\/2024\/10\/30\/conmebol-pode-tomar-atitude-surpreendente-na-libertadores\/#primaryimage"},"image":{"@id":"https:\/\/www.gaveanews.com\/index.php\/2024\/10\/30\/conmebol-pode-tomar-atitude-surpreendente-na-libertadores\/#primaryimage"},"thumbnailUrl":"https:\/\/www.gaveanews.com\/wp-content\/uploads\/sede-conmebol.webp","datePublished":"2024-10-30T12:05:00+00:00","author":{"@id":"https:\/\/www.gaveanews.com\/#\/schema\/person\/8597dbe3f4d8513dd20048ce95a1895b"},"breadcrumb":{"@id":"https:\/\/www.gaveanews.com\/index.php\/2024\/10\/30\/conmebol-pode-tomar-atitude-surpreendente-na-libertadores\/#breadcrumb"},"inLanguage":"pt-BR","potentialAction":[{"@type":"ReadAction","target":["https:\/\/www.gaveanews.com\/index.php\/2024\/10\/30\/conmebol-pode-tomar-atitude-surpreendente-na-libertadores\/"]}]},{"@type":"ImageObject","inLanguage":"pt-BR","@id":"https:\/\/www.gaveanews.com\/index.php\/2024\/10\/30\/conmebol-pode-tomar-atitude-surpreendente-na-libertadores\/#primaryimage","url":"https:\/\/www.gaveanews.com\/wp-content\/uploads\/sede-conmebol.webp","contentUrl":"https:\/\/www.gaveanews.com\/wp-content\/uploads\/sede-conmebol.webp","width":1200,"height":793,"caption":"Sede da Conmebol em Luque, no Paraguai (Foto: Tossiro Neto)"},{"@type":"BreadcrumbList","@id":"https:\/\/www.gaveanews.com\/index.php\/2024\/10\/30\/conmebol-pode-tomar-atitude-surpreendente-na-libertadores\/#breadcrumb","itemListElement":[{"@type":"ListItem","position":1,"name":"Home","item":"https:\/\/www.gaveanews.com\/"},{"@type":"ListItem","position":2,"name":"Conmebol pode tomar atitude surpreendente na Libertadores"}]},{"@type":"WebSite","@id":"https:\/\/www.gaveanews.com\/#website","url":"https:\/\/www.gaveanews.com\/","name":"G\u00e1vea News","description":"Veja todas as not\u00edcias sobre o Flamengo: Contrata\u00e7\u00f5es, categorias de base, resultados das partidas, tabela de classifica\u00e7\u00e3o, pr\u00f3ximos jogos!","potentialAction":[{"@type":"SearchAction","target":{"@type":"EntryPoint","urlTemplate":"https:\/\/www.gaveanews.com\/?s={search_term_string}"},"query-input":{"@type":"PropertyValueSpecification","valueRequired":true,"valueName":"search_term_string"}}],"inLanguage":"pt-BR"},{"@type":"Person","@id":"https:\/\/www.gaveanews.com\/#\/schema\/person\/8597dbe3f4d8513dd20048ce95a1895b","name":"Emilly Lima","image":{"@type":"ImageObject","inLanguage":"pt-BR","@id":"https:\/\/www.gaveanews.com\/#\/schema\/person\/image\/","url":"https:\/\/secure.gravatar.com\/avatar\/ddb4d0548bae01de3cb52e0fe30386754e9c41797565aa0a5bf4440ab4f7c0be?s=96&d=mm&r=g","contentUrl":"https:\/\/secure.gravatar.com\/avatar\/ddb4d0548bae01de3cb52e0fe30386754e9c41797565aa0a5bf4440ab4f7c0be?s=96&d=mm&r=g","caption":"Emilly Lima"}}]}},"_links":{"self":[{"href":"https:\/\/www.gaveanews.com\/index.php\/wp-json\/wp\/v2\/posts\/179049","targetHints":{"allow":["GET"]}}],"collection":[{"href":"https:\/\/www.gaveanews.com\/index.php\/wp-json\/wp\/v2\/posts"}],"about":[{"href":"https:\/\/www.gaveanews.com\/index.php\/wp-json\/wp\/v2\/types\/post"}],"author":[{"embeddable":true,"href":"https:\/\/www.gaveanews.com\/index.php\/wp-json\/wp\/v2\/users\/22"}],"replies":[{"embeddable":true,"href":"https:\/\/www.gaveanews.com\/index.php\/wp-json\/wp\/v2\/comments?post=179049"}],"version-history":[{"count":2,"href":"https:\/\/www.gaveanews.com\/index.php\/wp-json\/wp\/v2\/posts\/179049\/revisions"}],"predecessor-version":[{"id":179190,"href":"https:\/\/www.gaveanews.com\/index.php\/wp-json\/wp\/v2\/posts\/179049\/revisions\/179190"}],"wp:featuredmedia":[{"embeddable":true,"href":"https:\/\/www.gaveanews.com\/index.php\/wp-json\/wp\/v2\/media\/108717"}],"wp:attachment":[{"href":"https:\/\/www.gaveanews.com\/index.php\/wp-json\/wp\/v2\/media?parent=179049"}],"wp:term":[{"taxonomy":"category","embeddable":true,"href":"https:\/\/www.gaveanews.com\/index.php\/wp-json\/wp\/v2\/categories?post=179049"},{"taxonomy":"post_tag","embeddable":true,"href":"https:\/\/www.gaveanews.com\/index.php\/wp-json\/wp\/v2\/tags?post=179049"}],"curies":[{"name":"wp","href":"https:\/\/api.w.org\/{rel}","templated":true}]}}