{"id":179053,"date":"2024-10-30T09:00:00","date_gmt":"2024-10-30T12:00:00","guid":{"rendered":"https:\/\/www.gaveanews.com\/?p=179053"},"modified":"2024-10-30T08:56:30","modified_gmt":"2024-10-30T11:56:30","slug":"a-declaracao-de-andre-rizek-direcionada-ao-time-do-corinthians","status":"publish","type":"post","link":"https:\/\/www.gaveanews.com\/index.php\/2024\/10\/30\/a-declaracao-de-andre-rizek-direcionada-ao-time-do-corinthians\/","title":{"rendered":"A declara\u00e7\u00e3o de Andr\u00e9 Rizek direcionada ao time do Corinthians"},"content":{"rendered":"\n<h2 class=\"wp-block-heading\" id=\"h-apresentador-falou-sobre-pessima-campanha-do-time-no-brasileirao\">Apresentador falou sobre p\u00e9ssima campanha do time no Brasileir\u00e3o<\/h2>\n\n\n\n<p>O Corinthians venceu o Cuiab\u00e1 por 1 a 0, com gol de p\u00eanalti de Memphis Depay, na \u00faltima segunda-feira (28). Apesar do triunfo conquistado, o apresentador Andr\u00e9 Rizek, do Grupo Globo, comentou sobre a p\u00e9ssima campanha do time paulista no Campeonato Brasileiro. <\/p>\n\n\n\n<ul class=\"wp-block-list\">\n<li><a href=\"https:\/\/www.gaveanews.com\/index.php\/2024\/10\/29\/a-declaracao-de-depay-apos-o-jogo-entre-corinthians-x-cuiaba\/\">A declara\u00e7\u00e3o de Depay ap\u00f3s o jogo entre Corinthians x Cuiab\u00e1<\/a><\/li>\n\n\n\n<li><a href=\"https:\/\/www.gaveanews.com\/index.php\/2024\/10\/29\/a-probabilidade-atualizada-do-corinthians-ser-rebaixado\/\">A probabilidade atualizada do Corinthians ser rebaixado<\/a><\/li>\n<\/ul>\n\n\n\n<p>Durante o programa \u201cSele\u00e7\u00e3o SporTV\u201d, o apresentador relembrou e comentou sobre a campanha corintiana at\u00e9 aqui e desceu cr\u00edticas ao time. Rizek chegou at\u00e9 chamar de\u00a0\u201cmed\u00edocre\u201d o desempenho do Corinthians na competi\u00e7\u00e3o, clube no qual possui uma das maiores folhas salariais do Brasil. <\/p>\n\n\n\n<p>\u201cMostra a mediocridade que \u00e9 o Corinthians nesse Campeonato Brasileiro. A melhor coloca\u00e7\u00e3o do time na competi\u00e7\u00e3o \u00e9 a 13\u00aa posi\u00e7\u00e3o, na primeira rodada. \u00c9 um campeonato no qual o Corinthians passa 20 rodadas das 30 rodadas disputadas, n\u00e3o de forma consecutiva, entre os quatro \u00faltimos. De l\u00e1 pra c\u00e1 \u00e9 s\u00f3 sofrimento. Um campeonato de sofrimento\u201d, disse Andr\u00e9 Rizek.<\/p>\n\n\n\n<p>O apresentador ainda relembrou que o time est\u00e1 vivo na Copa Sul-Americana e busca se classificar para a final da competi\u00e7\u00e3o, podendo assim conquistar at\u00e9 uma vaga na pr\u00f3xima Conmebol Libertadores. No entanto, Rizek diz que ainda sim, o Corinthians \u00e9 uma decep\u00e7\u00e3o no Campeonato Brasileiro. <\/p>\n\n\n\n<p>\u201cEsse ano ainda pode terminar com t\u00edtulo internacional, vaga na Libertadores e na Copa do Brasil, pode mudar tudo, mas no Brasileiro \u00e9 um campeonato de muita mediocridade\u201d, complementou Rizek.<\/p>\n\n\n\n<p>Com a vit\u00f3ria sobre o Cuiab\u00e1 na \u00faltima segunda-feira (28), o Corinthians deixou a zona de rebaixamento e &#8220;colocou&#8221; o Bragantino neste momento. O Tim\u00e3o possui 35 pontos, na 15\u00b0 coloca\u00e7\u00e3o. Por\u00e9m, Athletico-PR (16\u00b0), Juventude (17\u00b0) e Bragantino (18\u00b0) somam 34 pontos. <\/p>\n\n\n\n<p>O Corinthians volta a campo na segunda-feira (4) em cl\u00e1ssico contra o Palmeiras, na Neo Qu\u00edmica Arena, \u00e0s 20h (hor\u00e1rio de Bras\u00edlia). Al\u00e9m do Derby, o Tim\u00e3o ter\u00e1 Vit\u00f3ria (F), Cruzeiro (C), Vasco (C), Crici\u00fama (F), Bahia (C) e Gr\u00eamio (F). <\/p>\n","protected":false},"excerpt":{"rendered":"<p>Apresentador falou sobre p\u00e9ssima campanha do time no Brasileir\u00e3o O Corinthians venceu o Cuiab\u00e1 por 1 a 0, com gol de p\u00eanalti de Memphis Depay, na \u00faltima segunda-feira (28). Apesar do triunfo conquistado, o apresentador Andr\u00e9 Rizek, do Grupo Globo, comentou sobre a p\u00e9ssima campanha do time paulista no Campeonato Brasileiro. Durante o programa \u201cSele\u00e7\u00e3o [&hellip;]<\/p>\n","protected":false},"author":21,"featured_media":101875,"comment_status":"open","ping_status":"closed","sticky":false,"template":"","format":"standard","meta":{"footnotes":""},"categories":[141],"tags":[],"class_list":["post-179053","post","type-post","status-publish","format-standard","has-post-thumbnail","hentry","category-corinthians"],"yoast_head":"<!-- This site is optimized with the Yoast SEO Premium plugin v24.2 (Yoast SEO v26.9) - https:\/\/yoast.com\/product\/yoast-seo-premium-wordpress\/ -->\n<title>A declara\u00e7\u00e3o de Andr\u00e9 Rizek direcionada ao time do Corinthians<\/title>\n<meta name=\"robots\" content=\"index, follow, max-snippet:-1, max-image-preview:large, max-video-preview:-1\" \/>\n<link rel=\"canonical\" href=\"https:\/\/www.gaveanews.com\/index.php\/2024\/10\/30\/a-declaracao-de-andre-rizek-direcionada-ao-time-do-corinthians\/\" \/>\n<meta property=\"og:locale\" content=\"pt_BR\" \/>\n<meta property=\"og:type\" content=\"article\" \/>\n<meta property=\"og:title\" content=\"A declara\u00e7\u00e3o de Andr\u00e9 Rizek direcionada ao time do Corinthians\" \/>\n<meta property=\"og:description\" content=\"Apresentador falou sobre p\u00e9ssima campanha do time no Brasileir\u00e3o O Corinthians venceu o Cuiab\u00e1 por 1 a 0, com gol de p\u00eanalti de Memphis Depay, na \u00faltima segunda-feira (28). Apesar do triunfo conquistado, o apresentador Andr\u00e9 Rizek, do Grupo Globo, comentou sobre a p\u00e9ssima campanha do time paulista no Campeonato Brasileiro. Durante o programa \u201cSele\u00e7\u00e3o [&hellip;]\" \/>\n<meta property=\"og:url\" content=\"https:\/\/www.gaveanews.com\/index.php\/2024\/10\/30\/a-declaracao-de-andre-rizek-direcionada-ao-time-do-corinthians\/\" \/>\n<meta property=\"og:site_name\" content=\"G\u00e1vea News\" \/>\n<meta property=\"article:publisher\" content=\"https:\/\/facebook.com\/gaveaNews\/\" \/>\n<meta property=\"article:published_time\" content=\"2024-10-30T12:00:00+00:00\" \/>\n<meta property=\"og:image\" content=\"https:\/\/www.gaveanews.com\/wp-content\/uploads\/Andre-Rizek-durante-um-programa-do-SporTV.webp\" \/>\n\t<meta property=\"og:image:width\" content=\"795\" \/>\n\t<meta property=\"og:image:height\" content=\"448\" \/>\n\t<meta property=\"og:image:type\" content=\"image\/jpeg\" \/>\n<meta name=\"author\" content=\"Andr\u00e9 Serra\" \/>\n<meta name=\"twitter:card\" content=\"summary_large_image\" \/>\n<meta name=\"twitter:label1\" content=\"Escrito por\" \/>\n\t<meta name=\"twitter:data1\" content=\"Andr\u00e9 Serra\" \/>\n\t<meta name=\"twitter:label2\" content=\"Est. tempo de leitura\" \/>\n\t<meta name=\"twitter:data2\" content=\"3 minutos\" \/>\n<script type=\"application\/ld+json\" class=\"yoast-schema-graph\">{\"@context\":\"https:\/\/schema.org\",\"@graph\":[{\"@type\":\"NewsArticle\",\"@id\":\"https:\/\/www.gaveanews.com\/index.php\/2024\/10\/30\/a-declaracao-de-andre-rizek-direcionada-ao-time-do-corinthians\/#article\",\"isPartOf\":{\"@id\":\"https:\/\/www.gaveanews.com\/index.php\/2024\/10\/30\/a-declaracao-de-andre-rizek-direcionada-ao-time-do-corinthians\/\"},\"author\":{\"name\":\"Andr\u00e9 Serra\",\"@id\":\"https:\/\/www.gaveanews.com\/#\/schema\/person\/0277a79a1289c451c281ec0411d84f0c\"},\"headline\":\"A declara\u00e7\u00e3o de Andr\u00e9 Rizek direcionada ao time do Corinthians\",\"datePublished\":\"2024-10-30T12:00:00+00:00\",\"mainEntityOfPage\":{\"@id\":\"https:\/\/www.gaveanews.com\/index.php\/2024\/10\/30\/a-declaracao-de-andre-rizek-direcionada-ao-time-do-corinthians\/\"},\"wordCount\":354,\"commentCount\":0,\"image\":{\"@id\":\"https:\/\/www.gaveanews.com\/index.php\/2024\/10\/30\/a-declaracao-de-andre-rizek-direcionada-ao-time-do-corinthians\/#primaryimage\"},\"thumbnailUrl\":\"https:\/\/www.gaveanews.com\/wp-content\/uploads\/Andre-Rizek-durante-um-programa-do-SporTV.webp\",\"articleSection\":[\"Corinthians\"],\"inLanguage\":\"pt-BR\",\"potentialAction\":[{\"@type\":\"CommentAction\",\"name\":\"Comment\",\"target\":[\"https:\/\/www.gaveanews.com\/index.php\/2024\/10\/30\/a-declaracao-de-andre-rizek-direcionada-ao-time-do-corinthians\/#respond\"]}],\"copyrightYear\":\"2024\",\"copyrightHolder\":{\"@id\":\"https:\/\/www.gaveanews.com\/#organization\"}},{\"@type\":\"WebPage\",\"@id\":\"https:\/\/www.gaveanews.com\/index.php\/2024\/10\/30\/a-declaracao-de-andre-rizek-direcionada-ao-time-do-corinthians\/\",\"url\":\"https:\/\/www.gaveanews.com\/index.php\/2024\/10\/30\/a-declaracao-de-andre-rizek-direcionada-ao-time-do-corinthians\/\",\"name\":\"A declara\u00e7\u00e3o de Andr\u00e9 Rizek direcionada ao time do Corinthians\",\"isPartOf\":{\"@id\":\"https:\/\/www.gaveanews.com\/#website\"},\"primaryImageOfPage\":{\"@id\":\"https:\/\/www.gaveanews.com\/index.php\/2024\/10\/30\/a-declaracao-de-andre-rizek-direcionada-ao-time-do-corinthians\/#primaryimage\"},\"image\":{\"@id\":\"https:\/\/www.gaveanews.com\/index.php\/2024\/10\/30\/a-declaracao-de-andre-rizek-direcionada-ao-time-do-corinthians\/#primaryimage\"},\"thumbnailUrl\":\"https:\/\/www.gaveanews.com\/wp-content\/uploads\/Andre-Rizek-durante-um-programa-do-SporTV.webp\",\"datePublished\":\"2024-10-30T12:00:00+00:00\",\"author\":{\"@id\":\"https:\/\/www.gaveanews.com\/#\/schema\/person\/0277a79a1289c451c281ec0411d84f0c\"},\"breadcrumb\":{\"@id\":\"https:\/\/www.gaveanews.com\/index.php\/2024\/10\/30\/a-declaracao-de-andre-rizek-direcionada-ao-time-do-corinthians\/#breadcrumb\"},\"inLanguage\":\"pt-BR\",\"potentialAction\":[{\"@type\":\"ReadAction\",\"target\":[\"https:\/\/www.gaveanews.com\/index.php\/2024\/10\/30\/a-declaracao-de-andre-rizek-direcionada-ao-time-do-corinthians\/\"]}]},{\"@type\":\"ImageObject\",\"inLanguage\":\"pt-BR\",\"@id\":\"https:\/\/www.gaveanews.com\/index.php\/2024\/10\/30\/a-declaracao-de-andre-rizek-direcionada-ao-time-do-corinthians\/#primaryimage\",\"url\":\"https:\/\/www.gaveanews.com\/wp-content\/uploads\/Andre-Rizek-durante-um-programa-do-SporTV.webp\",\"contentUrl\":\"https:\/\/www.gaveanews.com\/wp-content\/uploads\/Andre-Rizek-durante-um-programa-do-SporTV.webp\",\"width\":795,\"height\":448,\"caption\":\"Andr\u00e9 Rizek durante um programa do SporTV (Foto: Reprodu\u00e7\u00e3o\/SporTV)\"},{\"@type\":\"BreadcrumbList\",\"@id\":\"https:\/\/www.gaveanews.com\/index.php\/2024\/10\/30\/a-declaracao-de-andre-rizek-direcionada-ao-time-do-corinthians\/#breadcrumb\",\"itemListElement\":[{\"@type\":\"ListItem\",\"position\":1,\"name\":\"Home\",\"item\":\"https:\/\/www.gaveanews.com\/\"},{\"@type\":\"ListItem\",\"position\":2,\"name\":\"A declara\u00e7\u00e3o de Andr\u00e9 Rizek direcionada ao time do Corinthians\"}]},{\"@type\":\"WebSite\",\"@id\":\"https:\/\/www.gaveanews.com\/#website\",\"url\":\"https:\/\/www.gaveanews.com\/\",\"name\":\"G\u00e1vea News\",\"description\":\"Veja todas as not\u00edcias sobre o Flamengo: Contrata\u00e7\u00f5es, categorias de base, resultados das partidas, tabela de classifica\u00e7\u00e3o, pr\u00f3ximos jogos!\",\"potentialAction\":[{\"@type\":\"SearchAction\",\"target\":{\"@type\":\"EntryPoint\",\"urlTemplate\":\"https:\/\/www.gaveanews.com\/?s={search_term_string}\"},\"query-input\":{\"@type\":\"PropertyValueSpecification\",\"valueRequired\":true,\"valueName\":\"search_term_string\"}}],\"inLanguage\":\"pt-BR\"},{\"@type\":\"Person\",\"@id\":\"https:\/\/www.gaveanews.com\/#\/schema\/person\/0277a79a1289c451c281ec0411d84f0c\",\"name\":\"Andr\u00e9 Serra\",\"image\":{\"@type\":\"ImageObject\",\"inLanguage\":\"pt-BR\",\"@id\":\"https:\/\/www.gaveanews.com\/#\/schema\/person\/image\/\",\"url\":\"https:\/\/secure.gravatar.com\/avatar\/d7231369fe48db93292b3e88eb2162dbd9a34a47a8437d9ef3bcaca2a86a83d7?s=96&d=mm&r=g\",\"contentUrl\":\"https:\/\/secure.gravatar.com\/avatar\/d7231369fe48db93292b3e88eb2162dbd9a34a47a8437d9ef3bcaca2a86a83d7?s=96&d=mm&r=g\",\"caption\":\"Andr\u00e9 Serra\"}}]}<\/script>\n<!-- \/ Yoast SEO Premium plugin. -->","yoast_head_json":{"title":"A declara\u00e7\u00e3o de Andr\u00e9 Rizek direcionada ao time do Corinthians","robots":{"index":"index","follow":"follow","max-snippet":"max-snippet:-1","max-image-preview":"max-image-preview:large","max-video-preview":"max-video-preview:-1"},"canonical":"https:\/\/www.gaveanews.com\/index.php\/2024\/10\/30\/a-declaracao-de-andre-rizek-direcionada-ao-time-do-corinthians\/","og_locale":"pt_BR","og_type":"article","og_title":"A declara\u00e7\u00e3o de Andr\u00e9 Rizek direcionada ao time do Corinthians","og_description":"Apresentador falou sobre p\u00e9ssima campanha do time no Brasileir\u00e3o O Corinthians venceu o Cuiab\u00e1 por 1 a 0, com gol de p\u00eanalti de Memphis Depay, na \u00faltima segunda-feira (28). Apesar do triunfo conquistado, o apresentador Andr\u00e9 Rizek, do Grupo Globo, comentou sobre a p\u00e9ssima campanha do time paulista no Campeonato Brasileiro. Durante o programa \u201cSele\u00e7\u00e3o [&hellip;]","og_url":"https:\/\/www.gaveanews.com\/index.php\/2024\/10\/30\/a-declaracao-de-andre-rizek-direcionada-ao-time-do-corinthians\/","og_site_name":"G\u00e1vea News","article_publisher":"https:\/\/facebook.com\/gaveaNews\/","article_published_time":"2024-10-30T12:00:00+00:00","og_image":[{"width":795,"height":448,"url":"https:\/\/www.gaveanews.com\/wp-content\/uploads\/Andre-Rizek-durante-um-programa-do-SporTV.webp","type":"image\/jpeg"}],"author":"Andr\u00e9 Serra","twitter_card":"summary_large_image","twitter_misc":{"Escrito por":"Andr\u00e9 Serra","Est. tempo de leitura":"3 minutos"},"schema":{"@context":"https:\/\/schema.org","@graph":[{"@type":"NewsArticle","@id":"https:\/\/www.gaveanews.com\/index.php\/2024\/10\/30\/a-declaracao-de-andre-rizek-direcionada-ao-time-do-corinthians\/#article","isPartOf":{"@id":"https:\/\/www.gaveanews.com\/index.php\/2024\/10\/30\/a-declaracao-de-andre-rizek-direcionada-ao-time-do-corinthians\/"},"author":{"name":"Andr\u00e9 Serra","@id":"https:\/\/www.gaveanews.com\/#\/schema\/person\/0277a79a1289c451c281ec0411d84f0c"},"headline":"A declara\u00e7\u00e3o de Andr\u00e9 Rizek direcionada ao time do Corinthians","datePublished":"2024-10-30T12:00:00+00:00","mainEntityOfPage":{"@id":"https:\/\/www.gaveanews.com\/index.php\/2024\/10\/30\/a-declaracao-de-andre-rizek-direcionada-ao-time-do-corinthians\/"},"wordCount":354,"commentCount":0,"image":{"@id":"https:\/\/www.gaveanews.com\/index.php\/2024\/10\/30\/a-declaracao-de-andre-rizek-direcionada-ao-time-do-corinthians\/#primaryimage"},"thumbnailUrl":"https:\/\/www.gaveanews.com\/wp-content\/uploads\/Andre-Rizek-durante-um-programa-do-SporTV.webp","articleSection":["Corinthians"],"inLanguage":"pt-BR","potentialAction":[{"@type":"CommentAction","name":"Comment","target":["https:\/\/www.gaveanews.com\/index.php\/2024\/10\/30\/a-declaracao-de-andre-rizek-direcionada-ao-time-do-corinthians\/#respond"]}],"copyrightYear":"2024","copyrightHolder":{"@id":"https:\/\/www.gaveanews.com\/#organization"}},{"@type":"WebPage","@id":"https:\/\/www.gaveanews.com\/index.php\/2024\/10\/30\/a-declaracao-de-andre-rizek-direcionada-ao-time-do-corinthians\/","url":"https:\/\/www.gaveanews.com\/index.php\/2024\/10\/30\/a-declaracao-de-andre-rizek-direcionada-ao-time-do-corinthians\/","name":"A declara\u00e7\u00e3o de Andr\u00e9 Rizek direcionada ao time do Corinthians","isPartOf":{"@id":"https:\/\/www.gaveanews.com\/#website"},"primaryImageOfPage":{"@id":"https:\/\/www.gaveanews.com\/index.php\/2024\/10\/30\/a-declaracao-de-andre-rizek-direcionada-ao-time-do-corinthians\/#primaryimage"},"image":{"@id":"https:\/\/www.gaveanews.com\/index.php\/2024\/10\/30\/a-declaracao-de-andre-rizek-direcionada-ao-time-do-corinthians\/#primaryimage"},"thumbnailUrl":"https:\/\/www.gaveanews.com\/wp-content\/uploads\/Andre-Rizek-durante-um-programa-do-SporTV.webp","datePublished":"2024-10-30T12:00:00+00:00","author":{"@id":"https:\/\/www.gaveanews.com\/#\/schema\/person\/0277a79a1289c451c281ec0411d84f0c"},"breadcrumb":{"@id":"https:\/\/www.gaveanews.com\/index.php\/2024\/10\/30\/a-declaracao-de-andre-rizek-direcionada-ao-time-do-corinthians\/#breadcrumb"},"inLanguage":"pt-BR","potentialAction":[{"@type":"ReadAction","target":["https:\/\/www.gaveanews.com\/index.php\/2024\/10\/30\/a-declaracao-de-andre-rizek-direcionada-ao-time-do-corinthians\/"]}]},{"@type":"ImageObject","inLanguage":"pt-BR","@id":"https:\/\/www.gaveanews.com\/index.php\/2024\/10\/30\/a-declaracao-de-andre-rizek-direcionada-ao-time-do-corinthians\/#primaryimage","url":"https:\/\/www.gaveanews.com\/wp-content\/uploads\/Andre-Rizek-durante-um-programa-do-SporTV.webp","contentUrl":"https:\/\/www.gaveanews.com\/wp-content\/uploads\/Andre-Rizek-durante-um-programa-do-SporTV.webp","width":795,"height":448,"caption":"Andr\u00e9 Rizek durante um programa do SporTV (Foto: Reprodu\u00e7\u00e3o\/SporTV)"},{"@type":"BreadcrumbList","@id":"https:\/\/www.gaveanews.com\/index.php\/2024\/10\/30\/a-declaracao-de-andre-rizek-direcionada-ao-time-do-corinthians\/#breadcrumb","itemListElement":[{"@type":"ListItem","position":1,"name":"Home","item":"https:\/\/www.gaveanews.com\/"},{"@type":"ListItem","position":2,"name":"A declara\u00e7\u00e3o de Andr\u00e9 Rizek direcionada ao time do Corinthians"}]},{"@type":"WebSite","@id":"https:\/\/www.gaveanews.com\/#website","url":"https:\/\/www.gaveanews.com\/","name":"G\u00e1vea News","description":"Veja todas as not\u00edcias sobre o Flamengo: Contrata\u00e7\u00f5es, categorias de base, resultados das partidas, tabela de classifica\u00e7\u00e3o, pr\u00f3ximos jogos!","potentialAction":[{"@type":"SearchAction","target":{"@type":"EntryPoint","urlTemplate":"https:\/\/www.gaveanews.com\/?s={search_term_string}"},"query-input":{"@type":"PropertyValueSpecification","valueRequired":true,"valueName":"search_term_string"}}],"inLanguage":"pt-BR"},{"@type":"Person","@id":"https:\/\/www.gaveanews.com\/#\/schema\/person\/0277a79a1289c451c281ec0411d84f0c","name":"Andr\u00e9 Serra","image":{"@type":"ImageObject","inLanguage":"pt-BR","@id":"https:\/\/www.gaveanews.com\/#\/schema\/person\/image\/","url":"https:\/\/secure.gravatar.com\/avatar\/d7231369fe48db93292b3e88eb2162dbd9a34a47a8437d9ef3bcaca2a86a83d7?s=96&d=mm&r=g","contentUrl":"https:\/\/secure.gravatar.com\/avatar\/d7231369fe48db93292b3e88eb2162dbd9a34a47a8437d9ef3bcaca2a86a83d7?s=96&d=mm&r=g","caption":"Andr\u00e9 Serra"}}]}},"_links":{"self":[{"href":"https:\/\/www.gaveanews.com\/index.php\/wp-json\/wp\/v2\/posts\/179053","targetHints":{"allow":["GET"]}}],"collection":[{"href":"https:\/\/www.gaveanews.com\/index.php\/wp-json\/wp\/v2\/posts"}],"about":[{"href":"https:\/\/www.gaveanews.com\/index.php\/wp-json\/wp\/v2\/types\/post"}],"author":[{"embeddable":true,"href":"https:\/\/www.gaveanews.com\/index.php\/wp-json\/wp\/v2\/users\/21"}],"replies":[{"embeddable":true,"href":"https:\/\/www.gaveanews.com\/index.php\/wp-json\/wp\/v2\/comments?post=179053"}],"version-history":[{"count":1,"href":"https:\/\/www.gaveanews.com\/index.php\/wp-json\/wp\/v2\/posts\/179053\/revisions"}],"predecessor-version":[{"id":179058,"href":"https:\/\/www.gaveanews.com\/index.php\/wp-json\/wp\/v2\/posts\/179053\/revisions\/179058"}],"wp:featuredmedia":[{"embeddable":true,"href":"https:\/\/www.gaveanews.com\/index.php\/wp-json\/wp\/v2\/media\/101875"}],"wp:attachment":[{"href":"https:\/\/www.gaveanews.com\/index.php\/wp-json\/wp\/v2\/media?parent=179053"}],"wp:term":[{"taxonomy":"category","embeddable":true,"href":"https:\/\/www.gaveanews.com\/index.php\/wp-json\/wp\/v2\/categories?post=179053"},{"taxonomy":"post_tag","embeddable":true,"href":"https:\/\/www.gaveanews.com\/index.php\/wp-json\/wp\/v2\/tags?post=179053"}],"curies":[{"name":"wp","href":"https:\/\/api.w.org\/{rel}","templated":true}]}}