{"id":179084,"date":"2024-10-30T10:50:00","date_gmt":"2024-10-30T13:50:00","guid":{"rendered":"https:\/\/www.gaveanews.com\/?p=179084"},"modified":"2024-10-30T09:39:39","modified_gmt":"2024-10-30T12:39:39","slug":"a-declaracao-de-joel-santana-direcionada-a-bastos-do-botafogo","status":"publish","type":"post","link":"https:\/\/www.gaveanews.com\/index.php\/2024\/10\/30\/a-declaracao-de-joel-santana-direcionada-a-bastos-do-botafogo\/","title":{"rendered":"A declara\u00e7\u00e3o de Joel Santana direcionada a Bastos, do Botafogo"},"content":{"rendered":"\n<p>Joel Santana, ex-treinador e ex-jogador brasileiro que atuava como zagueiro, repercutiu a vit\u00f3ria do Botafogo que manteve a equipe carioca na lideran\u00e7a do Brasileir\u00e3o Betano.<\/p>\n\n\n\n<ul class=\"wp-block-list\">\n<li><a href=\"https:\/\/www.gaveanews.com\/index.php\/2024\/10\/29\/conmebol-faz-exigencia-ao-penarol-para-ajudar-o-botafogo\/\">Conmebol faz exig\u00eancia ao Pe\u00f1arol para ajudar o Botafogo<\/a><\/li>\n\n\n\n<li><a href=\"https:\/\/www.gaveanews.com\/index.php\/2024\/10\/29\/damian-suarez-igor-jesus-junior-santos-luiz-henrique-marlon-freitas-mateo-ponte-oscar-romero-savarino-tche-tche-e-tiquinho-soares-os-jogadores-do-botafogo-com-mais-passes-decisivos-por-jogo-n\/\">Dami\u00e1n Su\u00e1rez, Igor Jesus, J\u00fanior Santos, Luiz Henrique, Marlon Freitas, Mateo Ponte, \u00d3scar Romero, Savarino, Tch\u00ea Tch\u00ea e Tiquinho Soares: os jogadores do Botafogo com mais passes decisivos por jogo no Brasileir\u00e3o<\/a><\/li>\n<\/ul>\n\n\n\n<p>Onde o gol de Gregore no final da partida contra o Red Bull Bragantino no Nabi Abi Chedid, deu uma grande tranquilidade aos torcedores do Fog\u00e3o.<\/p>\n\n\n\n<p>Afinal, o trope\u00e7o da equipe do Palmeiras em casa contra o Fortaleza no empate em 2 a 2 fez com que a dist\u00e2ncia a favor do Glorioso voltasse a ser de <strong>tr\u00eas <\/strong>pontos.<\/p>\n\n\n\n<h2 class=\"wp-block-heading\" id=\"h-destaque-de-algumas-individualidades\">Destaque de algumas individualidades<\/h2>\n\n\n\n<p>Al\u00e9m disso, o t\u00e9cnico aposentado destacou algumas individualidades que existem no time que est\u00e1 sendo comandado por Artur Jorge.<\/p>\n\n\n\n<p>Pois na opini\u00e3o de Joel Santana, o jogador Bastos, defensor angolano do Botafogo, ser\u00e1 uma presen\u00e7a certa na sele\u00e7\u00e3o do Brasileir\u00e3o S\u00e9rie A, que vai ser definida no fim da competi\u00e7\u00e3o.<\/p>\n\n\n\n<p>\u201cO Bastos fica na dele, voc\u00ea nem v\u00ea o Bastos em campo. Esse rapaz, o Bastos, \u00e9 um dos bons zagueiros que eu vi nesse Campeonato Brasileiro\u201d, declarou, em seu Canal do Joel no YouTube.<\/p>\n\n\n\n<p>J\u00e1 sobre a disputa pelo t\u00edtulo entre Botafogo e Palmeiras, o ex-treinador Joel pediu para que os torcedores botafoguenses tenham p\u00e9 no ch\u00e3o com a disputa em aberto: <\/p>\n\n\n\n<p>\u201cMuita calma nessa hora\u201d, alertou Joel.<\/p>\n\n\n\n<h2 class=\"wp-block-heading\" id=\"h-criticou-o-antijogo\">Criticou o antijogo<\/h2>\n\n\n\n<p>Ent\u00e3o, o treinador criticou o antijogo que foi praticado pelo Massa Bruta neste fim-de-semana:<\/p>\n\n\n\n<p>\u201cEsse time do Bragantino entrou s\u00f3 para atrapalhar o Botafogo. Os caras n\u00e3o jogaram, meu irm\u00e3o. Os caras paravam o jogo, empurravam os caras\u201d, protestou Joel Santana, que confessou ter se aborrecido com a catimba dos paulistas.<\/p>\n\n\n\n<p>\u201cN\u00e3o teve jogo e eu quase quebrei uma coisa em casa, porque eu cheguei a jogar no ch\u00e3o\u201d, admitiu.<\/p>\n\n\n\n<p>Por fim, Joel Santana pontuou que foi uma vit\u00f3ria justa do Botafogo: \u201cSegue o l\u00edder, vit\u00f3ria merecida do clube que trabalhou, do clube que lutou\u201d, festejou.<\/p>\n","protected":false},"excerpt":{"rendered":"<p>Joel Santana, ex-treinador e ex-jogador brasileiro que atuava como zagueiro, repercutiu a vit\u00f3ria do Botafogo que manteve a equipe carioca na lideran\u00e7a do Brasileir\u00e3o Betano. Onde o gol de Gregore no final da partida contra o Red Bull Bragantino no Nabi Abi Chedid, deu uma grande tranquilidade aos torcedores do Fog\u00e3o. Afinal, o trope\u00e7o da [&hellip;]<\/p>\n","protected":false},"author":22,"featured_media":170336,"comment_status":"open","ping_status":"closed","sticky":false,"template":"","format":"standard","meta":{"footnotes":""},"categories":[138],"tags":[],"class_list":["post-179084","post","type-post","status-publish","format-standard","has-post-thumbnail","hentry","category-botafogo"],"yoast_head":"<!-- This site is optimized with the Yoast SEO Premium plugin v24.2 (Yoast SEO v26.9) - https:\/\/yoast.com\/product\/yoast-seo-premium-wordpress\/ -->\n<title>A declara\u00e7\u00e3o de Joel Santana direcionada a Bastos, do Botafogo<\/title>\n<meta name=\"robots\" content=\"index, follow, max-snippet:-1, max-image-preview:large, max-video-preview:-1\" \/>\n<link rel=\"canonical\" href=\"https:\/\/www.gaveanews.com\/index.php\/2024\/10\/30\/a-declaracao-de-joel-santana-direcionada-a-bastos-do-botafogo\/\" \/>\n<meta property=\"og:locale\" content=\"pt_BR\" \/>\n<meta property=\"og:type\" content=\"article\" \/>\n<meta property=\"og:title\" content=\"A declara\u00e7\u00e3o de Joel Santana direcionada a Bastos, do Botafogo\" \/>\n<meta property=\"og:description\" content=\"Joel Santana, ex-treinador e ex-jogador brasileiro que atuava como zagueiro, repercutiu a vit\u00f3ria do Botafogo que manteve a equipe carioca na lideran\u00e7a do Brasileir\u00e3o Betano. Onde o gol de Gregore no final da partida contra o Red Bull Bragantino no Nabi Abi Chedid, deu uma grande tranquilidade aos torcedores do Fog\u00e3o. Afinal, o trope\u00e7o da [&hellip;]\" \/>\n<meta property=\"og:url\" content=\"https:\/\/www.gaveanews.com\/index.php\/2024\/10\/30\/a-declaracao-de-joel-santana-direcionada-a-bastos-do-botafogo\/\" \/>\n<meta property=\"og:site_name\" content=\"G\u00e1vea News\" \/>\n<meta property=\"article:publisher\" content=\"https:\/\/facebook.com\/gaveaNews\/\" \/>\n<meta property=\"article:published_time\" content=\"2024-10-30T13:50:00+00:00\" \/>\n<meta property=\"og:image\" content=\"https:\/\/www.gaveanews.com\/wp-content\/uploads\/Bastos-em-acao-pelo-Botafogo.webp\" \/>\n\t<meta property=\"og:image:width\" content=\"667\" \/>\n\t<meta property=\"og:image:height\" content=\"592\" \/>\n\t<meta property=\"og:image:type\" content=\"image\/jpeg\" \/>\n<meta name=\"author\" content=\"Emilly Lima\" \/>\n<meta name=\"twitter:card\" content=\"summary_large_image\" \/>\n<meta name=\"twitter:label1\" content=\"Escrito por\" \/>\n\t<meta name=\"twitter:data1\" content=\"Emilly Lima\" \/>\n\t<meta name=\"twitter:label2\" content=\"Est. tempo de leitura\" \/>\n\t<meta name=\"twitter:data2\" content=\"3 minutos\" \/>\n<script type=\"application\/ld+json\" class=\"yoast-schema-graph\">{\"@context\":\"https:\/\/schema.org\",\"@graph\":[{\"@type\":\"NewsArticle\",\"@id\":\"https:\/\/www.gaveanews.com\/index.php\/2024\/10\/30\/a-declaracao-de-joel-santana-direcionada-a-bastos-do-botafogo\/#article\",\"isPartOf\":{\"@id\":\"https:\/\/www.gaveanews.com\/index.php\/2024\/10\/30\/a-declaracao-de-joel-santana-direcionada-a-bastos-do-botafogo\/\"},\"author\":{\"name\":\"Emilly Lima\",\"@id\":\"https:\/\/www.gaveanews.com\/#\/schema\/person\/8597dbe3f4d8513dd20048ce95a1895b\"},\"headline\":\"A declara\u00e7\u00e3o de Joel Santana direcionada a Bastos, do Botafogo\",\"datePublished\":\"2024-10-30T13:50:00+00:00\",\"mainEntityOfPage\":{\"@id\":\"https:\/\/www.gaveanews.com\/index.php\/2024\/10\/30\/a-declaracao-de-joel-santana-direcionada-a-bastos-do-botafogo\/\"},\"wordCount\":386,\"commentCount\":0,\"image\":{\"@id\":\"https:\/\/www.gaveanews.com\/index.php\/2024\/10\/30\/a-declaracao-de-joel-santana-direcionada-a-bastos-do-botafogo\/#primaryimage\"},\"thumbnailUrl\":\"https:\/\/www.gaveanews.com\/wp-content\/uploads\/Bastos-em-acao-pelo-Botafogo.webp\",\"articleSection\":[\"Botafogo\"],\"inLanguage\":\"pt-BR\",\"potentialAction\":[{\"@type\":\"CommentAction\",\"name\":\"Comment\",\"target\":[\"https:\/\/www.gaveanews.com\/index.php\/2024\/10\/30\/a-declaracao-de-joel-santana-direcionada-a-bastos-do-botafogo\/#respond\"]}],\"copyrightYear\":\"2024\",\"copyrightHolder\":{\"@id\":\"https:\/\/www.gaveanews.com\/#organization\"}},{\"@type\":\"WebPage\",\"@id\":\"https:\/\/www.gaveanews.com\/index.php\/2024\/10\/30\/a-declaracao-de-joel-santana-direcionada-a-bastos-do-botafogo\/\",\"url\":\"https:\/\/www.gaveanews.com\/index.php\/2024\/10\/30\/a-declaracao-de-joel-santana-direcionada-a-bastos-do-botafogo\/\",\"name\":\"A declara\u00e7\u00e3o de Joel Santana direcionada a Bastos, do Botafogo\",\"isPartOf\":{\"@id\":\"https:\/\/www.gaveanews.com\/#website\"},\"primaryImageOfPage\":{\"@id\":\"https:\/\/www.gaveanews.com\/index.php\/2024\/10\/30\/a-declaracao-de-joel-santana-direcionada-a-bastos-do-botafogo\/#primaryimage\"},\"image\":{\"@id\":\"https:\/\/www.gaveanews.com\/index.php\/2024\/10\/30\/a-declaracao-de-joel-santana-direcionada-a-bastos-do-botafogo\/#primaryimage\"},\"thumbnailUrl\":\"https:\/\/www.gaveanews.com\/wp-content\/uploads\/Bastos-em-acao-pelo-Botafogo.webp\",\"datePublished\":\"2024-10-30T13:50:00+00:00\",\"author\":{\"@id\":\"https:\/\/www.gaveanews.com\/#\/schema\/person\/8597dbe3f4d8513dd20048ce95a1895b\"},\"breadcrumb\":{\"@id\":\"https:\/\/www.gaveanews.com\/index.php\/2024\/10\/30\/a-declaracao-de-joel-santana-direcionada-a-bastos-do-botafogo\/#breadcrumb\"},\"inLanguage\":\"pt-BR\",\"potentialAction\":[{\"@type\":\"ReadAction\",\"target\":[\"https:\/\/www.gaveanews.com\/index.php\/2024\/10\/30\/a-declaracao-de-joel-santana-direcionada-a-bastos-do-botafogo\/\"]}]},{\"@type\":\"ImageObject\",\"inLanguage\":\"pt-BR\",\"@id\":\"https:\/\/www.gaveanews.com\/index.php\/2024\/10\/30\/a-declaracao-de-joel-santana-direcionada-a-bastos-do-botafogo\/#primaryimage\",\"url\":\"https:\/\/www.gaveanews.com\/wp-content\/uploads\/Bastos-em-acao-pelo-Botafogo.webp\",\"contentUrl\":\"https:\/\/www.gaveanews.com\/wp-content\/uploads\/Bastos-em-acao-pelo-Botafogo.webp\",\"width\":667,\"height\":592,\"caption\":\"Bastos em a\u00e7\u00e3o pelo Botafogo (Foto: Vitor Silva\/Botafogo)\"},{\"@type\":\"BreadcrumbList\",\"@id\":\"https:\/\/www.gaveanews.com\/index.php\/2024\/10\/30\/a-declaracao-de-joel-santana-direcionada-a-bastos-do-botafogo\/#breadcrumb\",\"itemListElement\":[{\"@type\":\"ListItem\",\"position\":1,\"name\":\"Home\",\"item\":\"https:\/\/www.gaveanews.com\/\"},{\"@type\":\"ListItem\",\"position\":2,\"name\":\"A declara\u00e7\u00e3o de Joel Santana direcionada a Bastos, do Botafogo\"}]},{\"@type\":\"WebSite\",\"@id\":\"https:\/\/www.gaveanews.com\/#website\",\"url\":\"https:\/\/www.gaveanews.com\/\",\"name\":\"G\u00e1vea News\",\"description\":\"Veja todas as not\u00edcias sobre o Flamengo: Contrata\u00e7\u00f5es, categorias de base, resultados das partidas, tabela de classifica\u00e7\u00e3o, pr\u00f3ximos jogos!\",\"potentialAction\":[{\"@type\":\"SearchAction\",\"target\":{\"@type\":\"EntryPoint\",\"urlTemplate\":\"https:\/\/www.gaveanews.com\/?s={search_term_string}\"},\"query-input\":{\"@type\":\"PropertyValueSpecification\",\"valueRequired\":true,\"valueName\":\"search_term_string\"}}],\"inLanguage\":\"pt-BR\"},{\"@type\":\"Person\",\"@id\":\"https:\/\/www.gaveanews.com\/#\/schema\/person\/8597dbe3f4d8513dd20048ce95a1895b\",\"name\":\"Emilly Lima\",\"image\":{\"@type\":\"ImageObject\",\"inLanguage\":\"pt-BR\",\"@id\":\"https:\/\/www.gaveanews.com\/#\/schema\/person\/image\/\",\"url\":\"https:\/\/secure.gravatar.com\/avatar\/ddb4d0548bae01de3cb52e0fe30386754e9c41797565aa0a5bf4440ab4f7c0be?s=96&d=mm&r=g\",\"contentUrl\":\"https:\/\/secure.gravatar.com\/avatar\/ddb4d0548bae01de3cb52e0fe30386754e9c41797565aa0a5bf4440ab4f7c0be?s=96&d=mm&r=g\",\"caption\":\"Emilly Lima\"}}]}<\/script>\n<!-- \/ Yoast SEO Premium plugin. -->","yoast_head_json":{"title":"A declara\u00e7\u00e3o de Joel Santana direcionada a Bastos, do Botafogo","robots":{"index":"index","follow":"follow","max-snippet":"max-snippet:-1","max-image-preview":"max-image-preview:large","max-video-preview":"max-video-preview:-1"},"canonical":"https:\/\/www.gaveanews.com\/index.php\/2024\/10\/30\/a-declaracao-de-joel-santana-direcionada-a-bastos-do-botafogo\/","og_locale":"pt_BR","og_type":"article","og_title":"A declara\u00e7\u00e3o de Joel Santana direcionada a Bastos, do Botafogo","og_description":"Joel Santana, ex-treinador e ex-jogador brasileiro que atuava como zagueiro, repercutiu a vit\u00f3ria do Botafogo que manteve a equipe carioca na lideran\u00e7a do Brasileir\u00e3o Betano. Onde o gol de Gregore no final da partida contra o Red Bull Bragantino no Nabi Abi Chedid, deu uma grande tranquilidade aos torcedores do Fog\u00e3o. Afinal, o trope\u00e7o da [&hellip;]","og_url":"https:\/\/www.gaveanews.com\/index.php\/2024\/10\/30\/a-declaracao-de-joel-santana-direcionada-a-bastos-do-botafogo\/","og_site_name":"G\u00e1vea News","article_publisher":"https:\/\/facebook.com\/gaveaNews\/","article_published_time":"2024-10-30T13:50:00+00:00","og_image":[{"width":667,"height":592,"url":"https:\/\/www.gaveanews.com\/wp-content\/uploads\/Bastos-em-acao-pelo-Botafogo.webp","type":"image\/jpeg"}],"author":"Emilly Lima","twitter_card":"summary_large_image","twitter_misc":{"Escrito por":"Emilly Lima","Est. tempo de leitura":"3 minutos"},"schema":{"@context":"https:\/\/schema.org","@graph":[{"@type":"NewsArticle","@id":"https:\/\/www.gaveanews.com\/index.php\/2024\/10\/30\/a-declaracao-de-joel-santana-direcionada-a-bastos-do-botafogo\/#article","isPartOf":{"@id":"https:\/\/www.gaveanews.com\/index.php\/2024\/10\/30\/a-declaracao-de-joel-santana-direcionada-a-bastos-do-botafogo\/"},"author":{"name":"Emilly Lima","@id":"https:\/\/www.gaveanews.com\/#\/schema\/person\/8597dbe3f4d8513dd20048ce95a1895b"},"headline":"A declara\u00e7\u00e3o de Joel Santana direcionada a Bastos, do Botafogo","datePublished":"2024-10-30T13:50:00+00:00","mainEntityOfPage":{"@id":"https:\/\/www.gaveanews.com\/index.php\/2024\/10\/30\/a-declaracao-de-joel-santana-direcionada-a-bastos-do-botafogo\/"},"wordCount":386,"commentCount":0,"image":{"@id":"https:\/\/www.gaveanews.com\/index.php\/2024\/10\/30\/a-declaracao-de-joel-santana-direcionada-a-bastos-do-botafogo\/#primaryimage"},"thumbnailUrl":"https:\/\/www.gaveanews.com\/wp-content\/uploads\/Bastos-em-acao-pelo-Botafogo.webp","articleSection":["Botafogo"],"inLanguage":"pt-BR","potentialAction":[{"@type":"CommentAction","name":"Comment","target":["https:\/\/www.gaveanews.com\/index.php\/2024\/10\/30\/a-declaracao-de-joel-santana-direcionada-a-bastos-do-botafogo\/#respond"]}],"copyrightYear":"2024","copyrightHolder":{"@id":"https:\/\/www.gaveanews.com\/#organization"}},{"@type":"WebPage","@id":"https:\/\/www.gaveanews.com\/index.php\/2024\/10\/30\/a-declaracao-de-joel-santana-direcionada-a-bastos-do-botafogo\/","url":"https:\/\/www.gaveanews.com\/index.php\/2024\/10\/30\/a-declaracao-de-joel-santana-direcionada-a-bastos-do-botafogo\/","name":"A declara\u00e7\u00e3o de Joel Santana direcionada a Bastos, do Botafogo","isPartOf":{"@id":"https:\/\/www.gaveanews.com\/#website"},"primaryImageOfPage":{"@id":"https:\/\/www.gaveanews.com\/index.php\/2024\/10\/30\/a-declaracao-de-joel-santana-direcionada-a-bastos-do-botafogo\/#primaryimage"},"image":{"@id":"https:\/\/www.gaveanews.com\/index.php\/2024\/10\/30\/a-declaracao-de-joel-santana-direcionada-a-bastos-do-botafogo\/#primaryimage"},"thumbnailUrl":"https:\/\/www.gaveanews.com\/wp-content\/uploads\/Bastos-em-acao-pelo-Botafogo.webp","datePublished":"2024-10-30T13:50:00+00:00","author":{"@id":"https:\/\/www.gaveanews.com\/#\/schema\/person\/8597dbe3f4d8513dd20048ce95a1895b"},"breadcrumb":{"@id":"https:\/\/www.gaveanews.com\/index.php\/2024\/10\/30\/a-declaracao-de-joel-santana-direcionada-a-bastos-do-botafogo\/#breadcrumb"},"inLanguage":"pt-BR","potentialAction":[{"@type":"ReadAction","target":["https:\/\/www.gaveanews.com\/index.php\/2024\/10\/30\/a-declaracao-de-joel-santana-direcionada-a-bastos-do-botafogo\/"]}]},{"@type":"ImageObject","inLanguage":"pt-BR","@id":"https:\/\/www.gaveanews.com\/index.php\/2024\/10\/30\/a-declaracao-de-joel-santana-direcionada-a-bastos-do-botafogo\/#primaryimage","url":"https:\/\/www.gaveanews.com\/wp-content\/uploads\/Bastos-em-acao-pelo-Botafogo.webp","contentUrl":"https:\/\/www.gaveanews.com\/wp-content\/uploads\/Bastos-em-acao-pelo-Botafogo.webp","width":667,"height":592,"caption":"Bastos em a\u00e7\u00e3o pelo Botafogo (Foto: Vitor Silva\/Botafogo)"},{"@type":"BreadcrumbList","@id":"https:\/\/www.gaveanews.com\/index.php\/2024\/10\/30\/a-declaracao-de-joel-santana-direcionada-a-bastos-do-botafogo\/#breadcrumb","itemListElement":[{"@type":"ListItem","position":1,"name":"Home","item":"https:\/\/www.gaveanews.com\/"},{"@type":"ListItem","position":2,"name":"A declara\u00e7\u00e3o de Joel Santana direcionada a Bastos, do Botafogo"}]},{"@type":"WebSite","@id":"https:\/\/www.gaveanews.com\/#website","url":"https:\/\/www.gaveanews.com\/","name":"G\u00e1vea News","description":"Veja todas as not\u00edcias sobre o Flamengo: Contrata\u00e7\u00f5es, categorias de base, resultados das partidas, tabela de classifica\u00e7\u00e3o, pr\u00f3ximos jogos!","potentialAction":[{"@type":"SearchAction","target":{"@type":"EntryPoint","urlTemplate":"https:\/\/www.gaveanews.com\/?s={search_term_string}"},"query-input":{"@type":"PropertyValueSpecification","valueRequired":true,"valueName":"search_term_string"}}],"inLanguage":"pt-BR"},{"@type":"Person","@id":"https:\/\/www.gaveanews.com\/#\/schema\/person\/8597dbe3f4d8513dd20048ce95a1895b","name":"Emilly Lima","image":{"@type":"ImageObject","inLanguage":"pt-BR","@id":"https:\/\/www.gaveanews.com\/#\/schema\/person\/image\/","url":"https:\/\/secure.gravatar.com\/avatar\/ddb4d0548bae01de3cb52e0fe30386754e9c41797565aa0a5bf4440ab4f7c0be?s=96&d=mm&r=g","contentUrl":"https:\/\/secure.gravatar.com\/avatar\/ddb4d0548bae01de3cb52e0fe30386754e9c41797565aa0a5bf4440ab4f7c0be?s=96&d=mm&r=g","caption":"Emilly Lima"}}]}},"_links":{"self":[{"href":"https:\/\/www.gaveanews.com\/index.php\/wp-json\/wp\/v2\/posts\/179084","targetHints":{"allow":["GET"]}}],"collection":[{"href":"https:\/\/www.gaveanews.com\/index.php\/wp-json\/wp\/v2\/posts"}],"about":[{"href":"https:\/\/www.gaveanews.com\/index.php\/wp-json\/wp\/v2\/types\/post"}],"author":[{"embeddable":true,"href":"https:\/\/www.gaveanews.com\/index.php\/wp-json\/wp\/v2\/users\/22"}],"replies":[{"embeddable":true,"href":"https:\/\/www.gaveanews.com\/index.php\/wp-json\/wp\/v2\/comments?post=179084"}],"version-history":[{"count":2,"href":"https:\/\/www.gaveanews.com\/index.php\/wp-json\/wp\/v2\/posts\/179084\/revisions"}],"predecessor-version":[{"id":179214,"href":"https:\/\/www.gaveanews.com\/index.php\/wp-json\/wp\/v2\/posts\/179084\/revisions\/179214"}],"wp:featuredmedia":[{"embeddable":true,"href":"https:\/\/www.gaveanews.com\/index.php\/wp-json\/wp\/v2\/media\/170336"}],"wp:attachment":[{"href":"https:\/\/www.gaveanews.com\/index.php\/wp-json\/wp\/v2\/media?parent=179084"}],"wp:term":[{"taxonomy":"category","embeddable":true,"href":"https:\/\/www.gaveanews.com\/index.php\/wp-json\/wp\/v2\/categories?post=179084"},{"taxonomy":"post_tag","embeddable":true,"href":"https:\/\/www.gaveanews.com\/index.php\/wp-json\/wp\/v2\/tags?post=179084"}],"curies":[{"name":"wp","href":"https:\/\/api.w.org\/{rel}","templated":true}]}}