{"id":179089,"date":"2024-10-30T10:35:00","date_gmt":"2024-10-30T13:35:00","guid":{"rendered":"https:\/\/www.gaveanews.com\/?p=179089"},"modified":"2024-10-30T09:35:15","modified_gmt":"2024-10-30T12:35:15","slug":"meia-emprestado-pelo-corinthians-comeca-a-se-destacar-no-exterior","status":"publish","type":"post","link":"https:\/\/www.gaveanews.com\/index.php\/2024\/10\/30\/meia-emprestado-pelo-corinthians-comeca-a-se-destacar-no-exterior\/","title":{"rendered":"Meia emprestado pelo Corinthians come\u00e7a a se destacar no exterior"},"content":{"rendered":"\n<h2 class=\"wp-block-heading\" id=\"h-guilherme-biro-marca-seu-primeiro-gol-como-profissional-em-derrota-do-sharjah\">Guilherme Biro marca seu primeiro gol como profissional em derrota do Sharjah<\/h2>\n\n\n\n<p>O meia Guilherme Biro, emprestado pelo Corinthians ao Sharjah, alcan\u00e7ou um marco importante em sua carreira ao marcar seu primeiro gol como profissional. No \u00faltimo domingo, ele entrou na reta final da partida contra o Shabab Al-Ahli e anotou o \u00fanico gol do time na derrota por 2 a 1, pela sexta rodada da Liga dos Emirados \u00c1rabes Unidos. Esse confronto valia a lideran\u00e7a do campeonato, com as duas equipes dividindo o topo da tabela at\u00e9 ent\u00e3o.<\/p>\n\n\n\n<ul class=\"wp-block-list\">\n<li><a href=\"https:\/\/www.gaveanews.com\/index.php\/2024\/10\/29\/video-torcida-do-corinthians-deixa-hugo-souza-emocionado\/\">V\u00eddeo: torcida do Corinthians deixa Hugo Souza emocionado<\/a><\/li>\n\n\n\n<li><a href=\"https:\/\/www.gaveanews.com\/index.php\/2024\/10\/29\/a-probabilidade-atualizada-do-corinthians-ser-rebaixado\/\">A probabilidade atualizada do Corinthians ser rebaixado<\/a><\/li>\n<\/ul>\n\n\n\n<p>A partida foi equilibrada, mas o placar foi aberto pelo atacante Azmoun, do Al-Ahli, no retorno do intervalo. Fede ampliou aos 42 minutos, dificultando o cen\u00e1rio para o Sharjah. Biro entrou em campo nos minutos finais e, j\u00e1 nos acr\u00e9scimos, conseguiu diminuir a vantagem do advers\u00e1rio com um chute de chapa preciso.<\/p>\n\n\n\n<p>Durante os 16 minutos que atuou, Biro teve uma participa\u00e7\u00e3o t\u00edmida em campo, tocando na bola apenas quatro vezes. No entanto, al\u00e9m do gol, ele conseguiu acertar os dois passes que tentou e finalizou com precis\u00e3o. <\/p>\n\n\n\n<figure class=\"wp-block-embed is-type-photo is-provider-flickr wp-block-embed-flickr\"><div class=\"wp-block-embed__wrapper\">\n<a href=\"https:\/\/flic.kr\/p\/2qr4Gqr\"><img loading=\"lazy\" decoding=\"async\" src=\"https:\/\/live.staticflickr.com\/65535\/54104888689_cc1a6bcb30_z.webp\" alt=\"imagem_2024-10-30_090739299\" width=\"640\" height=\"427\" \/><\/a>\n<\/div><\/figure>\n\n\n\n<p>Este foi um momento especial para o jogador, que ainda busca se consolidar na carreira profissional. No Corinthians, Biro havia disputado 30 jogos pela equipe principal, sendo 13 como titular, mas n\u00e3o conseguiu participar diretamente de gols.<\/p>\n\n\n\n<p>Biro chegou ao Sharjah em setembro, em um contrato de empr\u00e9stimo at\u00e9 junho de 2025. Nesse per\u00edodo de adapta\u00e7\u00e3o, ele participou de duas partidas na liga local e foi titular em um jogo da AFC Champions League Two, competi\u00e7\u00e3o continental equivalente \u00e0 Copa Sul-Americana na Am\u00e9rica do Sul.<\/p>\n\n\n\n<p> O clube \u00e1rabe, que observa o potencial do jogador, poder\u00e1 optar por adquirir 50% de seus direitos econ\u00f4micos ao fim do empr\u00e9stimo, por um valor de 2,5 milh\u00f5es de d\u00f3lares. O Corinthians ainda det\u00e9m 90% dos direitos econ\u00f4micos de Biro, que busca novas oportunidades para se firmar e evoluir no cen\u00e1rio internacional.<\/p>\n","protected":false},"excerpt":{"rendered":"<p>Guilherme Biro marca seu primeiro gol como profissional em derrota do Sharjah O meia Guilherme Biro, emprestado pelo Corinthians ao Sharjah, alcan\u00e7ou um marco importante em sua carreira ao marcar seu primeiro gol como profissional. No \u00faltimo domingo, ele entrou na reta final da partida contra o Shabab Al-Ahli e anotou o \u00fanico gol do [&hellip;]<\/p>\n","protected":false},"author":17,"featured_media":154473,"comment_status":"open","ping_status":"closed","sticky":false,"template":"","format":"standard","meta":{"footnotes":""},"categories":[141],"tags":[],"class_list":["post-179089","post","type-post","status-publish","format-standard","has-post-thumbnail","hentry","category-corinthians"],"yoast_head":"<!-- This site is optimized with the Yoast SEO Premium plugin v24.2 (Yoast SEO v26.9) - https:\/\/yoast.com\/product\/yoast-seo-premium-wordpress\/ -->\n<title>Meia emprestado pelo Corinthians come\u00e7a a se destacar no exterior<\/title>\n<meta name=\"robots\" content=\"index, follow, max-snippet:-1, max-image-preview:large, max-video-preview:-1\" \/>\n<link rel=\"canonical\" href=\"https:\/\/www.gaveanews.com\/index.php\/2024\/10\/30\/meia-emprestado-pelo-corinthians-comeca-a-se-destacar-no-exterior\/\" \/>\n<meta property=\"og:locale\" content=\"pt_BR\" \/>\n<meta property=\"og:type\" content=\"article\" \/>\n<meta property=\"og:title\" content=\"Meia emprestado pelo Corinthians come\u00e7a a se destacar no exterior\" \/>\n<meta property=\"og:description\" content=\"Guilherme Biro marca seu primeiro gol como profissional em derrota do Sharjah O meia Guilherme Biro, emprestado pelo Corinthians ao Sharjah, alcan\u00e7ou um marco importante em sua carreira ao marcar seu primeiro gol como profissional. No \u00faltimo domingo, ele entrou na reta final da partida contra o Shabab Al-Ahli e anotou o \u00fanico gol do [&hellip;]\" \/>\n<meta property=\"og:url\" content=\"https:\/\/www.gaveanews.com\/index.php\/2024\/10\/30\/meia-emprestado-pelo-corinthians-comeca-a-se-destacar-no-exterior\/\" \/>\n<meta property=\"og:site_name\" content=\"G\u00e1vea News\" \/>\n<meta property=\"article:publisher\" content=\"https:\/\/facebook.com\/gaveaNews\/\" \/>\n<meta property=\"article:published_time\" content=\"2024-10-30T13:35:00+00:00\" \/>\n<meta property=\"og:image\" content=\"https:\/\/www.gaveanews.com\/wp-content\/uploads\/Escudo-do-Corinthians-na-Neo-Quimica-Arena.webp\" \/>\n\t<meta property=\"og:image:width\" content=\"1440\" \/>\n\t<meta property=\"og:image:height\" content=\"959\" \/>\n\t<meta property=\"og:image:type\" content=\"image\/jpeg\" \/>\n<meta name=\"author\" content=\"Geovanna Thomaz\" \/>\n<meta name=\"twitter:card\" content=\"summary_large_image\" \/>\n<meta name=\"twitter:label1\" content=\"Escrito por\" \/>\n\t<meta name=\"twitter:data1\" content=\"Geovanna Thomaz\" \/>\n\t<meta name=\"twitter:label2\" content=\"Est. tempo de leitura\" \/>\n\t<meta name=\"twitter:data2\" content=\"3 minutos\" \/>\n<script type=\"application\/ld+json\" class=\"yoast-schema-graph\">{\"@context\":\"https:\/\/schema.org\",\"@graph\":[{\"@type\":\"NewsArticle\",\"@id\":\"https:\/\/www.gaveanews.com\/index.php\/2024\/10\/30\/meia-emprestado-pelo-corinthians-comeca-a-se-destacar-no-exterior\/#article\",\"isPartOf\":{\"@id\":\"https:\/\/www.gaveanews.com\/index.php\/2024\/10\/30\/meia-emprestado-pelo-corinthians-comeca-a-se-destacar-no-exterior\/\"},\"author\":{\"name\":\"Geovanna Thomaz\",\"@id\":\"https:\/\/www.gaveanews.com\/#\/schema\/person\/f42654babcd2b2014a1a65af82b081f1\"},\"headline\":\"Meia emprestado pelo Corinthians come\u00e7a a se destacar no exterior\",\"datePublished\":\"2024-10-30T13:35:00+00:00\",\"mainEntityOfPage\":{\"@id\":\"https:\/\/www.gaveanews.com\/index.php\/2024\/10\/30\/meia-emprestado-pelo-corinthians-comeca-a-se-destacar-no-exterior\/\"},\"wordCount\":359,\"commentCount\":0,\"image\":{\"@id\":\"https:\/\/www.gaveanews.com\/index.php\/2024\/10\/30\/meia-emprestado-pelo-corinthians-comeca-a-se-destacar-no-exterior\/#primaryimage\"},\"thumbnailUrl\":\"https:\/\/www.gaveanews.com\/wp-content\/uploads\/Escudo-do-Corinthians-na-Neo-Quimica-Arena.webp\",\"articleSection\":[\"Corinthians\"],\"inLanguage\":\"pt-BR\",\"potentialAction\":[{\"@type\":\"CommentAction\",\"name\":\"Comment\",\"target\":[\"https:\/\/www.gaveanews.com\/index.php\/2024\/10\/30\/meia-emprestado-pelo-corinthians-comeca-a-se-destacar-no-exterior\/#respond\"]}],\"copyrightYear\":\"2024\",\"copyrightHolder\":{\"@id\":\"https:\/\/www.gaveanews.com\/#organization\"}},{\"@type\":\"WebPage\",\"@id\":\"https:\/\/www.gaveanews.com\/index.php\/2024\/10\/30\/meia-emprestado-pelo-corinthians-comeca-a-se-destacar-no-exterior\/\",\"url\":\"https:\/\/www.gaveanews.com\/index.php\/2024\/10\/30\/meia-emprestado-pelo-corinthians-comeca-a-se-destacar-no-exterior\/\",\"name\":\"Meia emprestado pelo Corinthians come\u00e7a a se destacar no exterior\",\"isPartOf\":{\"@id\":\"https:\/\/www.gaveanews.com\/#website\"},\"primaryImageOfPage\":{\"@id\":\"https:\/\/www.gaveanews.com\/index.php\/2024\/10\/30\/meia-emprestado-pelo-corinthians-comeca-a-se-destacar-no-exterior\/#primaryimage\"},\"image\":{\"@id\":\"https:\/\/www.gaveanews.com\/index.php\/2024\/10\/30\/meia-emprestado-pelo-corinthians-comeca-a-se-destacar-no-exterior\/#primaryimage\"},\"thumbnailUrl\":\"https:\/\/www.gaveanews.com\/wp-content\/uploads\/Escudo-do-Corinthians-na-Neo-Quimica-Arena.webp\",\"datePublished\":\"2024-10-30T13:35:00+00:00\",\"author\":{\"@id\":\"https:\/\/www.gaveanews.com\/#\/schema\/person\/f42654babcd2b2014a1a65af82b081f1\"},\"breadcrumb\":{\"@id\":\"https:\/\/www.gaveanews.com\/index.php\/2024\/10\/30\/meia-emprestado-pelo-corinthians-comeca-a-se-destacar-no-exterior\/#breadcrumb\"},\"inLanguage\":\"pt-BR\",\"potentialAction\":[{\"@type\":\"ReadAction\",\"target\":[\"https:\/\/www.gaveanews.com\/index.php\/2024\/10\/30\/meia-emprestado-pelo-corinthians-comeca-a-se-destacar-no-exterior\/\"]}]},{\"@type\":\"ImageObject\",\"inLanguage\":\"pt-BR\",\"@id\":\"https:\/\/www.gaveanews.com\/index.php\/2024\/10\/30\/meia-emprestado-pelo-corinthians-comeca-a-se-destacar-no-exterior\/#primaryimage\",\"url\":\"https:\/\/www.gaveanews.com\/wp-content\/uploads\/Escudo-do-Corinthians-na-Neo-Quimica-Arena.webp\",\"contentUrl\":\"https:\/\/www.gaveanews.com\/wp-content\/uploads\/Escudo-do-Corinthians-na-Neo-Quimica-Arena.webp\",\"width\":1440,\"height\":959,\"caption\":\"Escudo do Corinthians na N\u00e9o Qu\u00edmica Arena (Foto Reprodu\u00e7\u00e3o\/Instagram)\"},{\"@type\":\"BreadcrumbList\",\"@id\":\"https:\/\/www.gaveanews.com\/index.php\/2024\/10\/30\/meia-emprestado-pelo-corinthians-comeca-a-se-destacar-no-exterior\/#breadcrumb\",\"itemListElement\":[{\"@type\":\"ListItem\",\"position\":1,\"name\":\"Home\",\"item\":\"https:\/\/www.gaveanews.com\/\"},{\"@type\":\"ListItem\",\"position\":2,\"name\":\"Meia emprestado pelo Corinthians come\u00e7a a se destacar no exterior\"}]},{\"@type\":\"WebSite\",\"@id\":\"https:\/\/www.gaveanews.com\/#website\",\"url\":\"https:\/\/www.gaveanews.com\/\",\"name\":\"G\u00e1vea News\",\"description\":\"Veja todas as not\u00edcias sobre o Flamengo: Contrata\u00e7\u00f5es, categorias de base, resultados das partidas, tabela de classifica\u00e7\u00e3o, pr\u00f3ximos jogos!\",\"potentialAction\":[{\"@type\":\"SearchAction\",\"target\":{\"@type\":\"EntryPoint\",\"urlTemplate\":\"https:\/\/www.gaveanews.com\/?s={search_term_string}\"},\"query-input\":{\"@type\":\"PropertyValueSpecification\",\"valueRequired\":true,\"valueName\":\"search_term_string\"}}],\"inLanguage\":\"pt-BR\"},{\"@type\":\"Person\",\"@id\":\"https:\/\/www.gaveanews.com\/#\/schema\/person\/f42654babcd2b2014a1a65af82b081f1\",\"name\":\"Geovanna Thomaz\",\"image\":{\"@type\":\"ImageObject\",\"inLanguage\":\"pt-BR\",\"@id\":\"https:\/\/www.gaveanews.com\/#\/schema\/person\/image\/\",\"url\":\"https:\/\/secure.gravatar.com\/avatar\/4092073255489533afb558984b49b64268c47198af8623cc82a925ae9fb7118a?s=96&d=mm&r=g\",\"contentUrl\":\"https:\/\/secure.gravatar.com\/avatar\/4092073255489533afb558984b49b64268c47198af8623cc82a925ae9fb7118a?s=96&d=mm&r=g\",\"caption\":\"Geovanna Thomaz\"}}]}<\/script>\n<!-- \/ Yoast SEO Premium plugin. -->","yoast_head_json":{"title":"Meia emprestado pelo Corinthians come\u00e7a a se destacar no exterior","robots":{"index":"index","follow":"follow","max-snippet":"max-snippet:-1","max-image-preview":"max-image-preview:large","max-video-preview":"max-video-preview:-1"},"canonical":"https:\/\/www.gaveanews.com\/index.php\/2024\/10\/30\/meia-emprestado-pelo-corinthians-comeca-a-se-destacar-no-exterior\/","og_locale":"pt_BR","og_type":"article","og_title":"Meia emprestado pelo Corinthians come\u00e7a a se destacar no exterior","og_description":"Guilherme Biro marca seu primeiro gol como profissional em derrota do Sharjah O meia Guilherme Biro, emprestado pelo Corinthians ao Sharjah, alcan\u00e7ou um marco importante em sua carreira ao marcar seu primeiro gol como profissional. No \u00faltimo domingo, ele entrou na reta final da partida contra o Shabab Al-Ahli e anotou o \u00fanico gol do [&hellip;]","og_url":"https:\/\/www.gaveanews.com\/index.php\/2024\/10\/30\/meia-emprestado-pelo-corinthians-comeca-a-se-destacar-no-exterior\/","og_site_name":"G\u00e1vea News","article_publisher":"https:\/\/facebook.com\/gaveaNews\/","article_published_time":"2024-10-30T13:35:00+00:00","og_image":[{"width":1440,"height":959,"url":"https:\/\/www.gaveanews.com\/wp-content\/uploads\/Escudo-do-Corinthians-na-Neo-Quimica-Arena.webp","type":"image\/jpeg"}],"author":"Geovanna Thomaz","twitter_card":"summary_large_image","twitter_misc":{"Escrito por":"Geovanna Thomaz","Est. tempo de leitura":"3 minutos"},"schema":{"@context":"https:\/\/schema.org","@graph":[{"@type":"NewsArticle","@id":"https:\/\/www.gaveanews.com\/index.php\/2024\/10\/30\/meia-emprestado-pelo-corinthians-comeca-a-se-destacar-no-exterior\/#article","isPartOf":{"@id":"https:\/\/www.gaveanews.com\/index.php\/2024\/10\/30\/meia-emprestado-pelo-corinthians-comeca-a-se-destacar-no-exterior\/"},"author":{"name":"Geovanna Thomaz","@id":"https:\/\/www.gaveanews.com\/#\/schema\/person\/f42654babcd2b2014a1a65af82b081f1"},"headline":"Meia emprestado pelo Corinthians come\u00e7a a se destacar no exterior","datePublished":"2024-10-30T13:35:00+00:00","mainEntityOfPage":{"@id":"https:\/\/www.gaveanews.com\/index.php\/2024\/10\/30\/meia-emprestado-pelo-corinthians-comeca-a-se-destacar-no-exterior\/"},"wordCount":359,"commentCount":0,"image":{"@id":"https:\/\/www.gaveanews.com\/index.php\/2024\/10\/30\/meia-emprestado-pelo-corinthians-comeca-a-se-destacar-no-exterior\/#primaryimage"},"thumbnailUrl":"https:\/\/www.gaveanews.com\/wp-content\/uploads\/Escudo-do-Corinthians-na-Neo-Quimica-Arena.webp","articleSection":["Corinthians"],"inLanguage":"pt-BR","potentialAction":[{"@type":"CommentAction","name":"Comment","target":["https:\/\/www.gaveanews.com\/index.php\/2024\/10\/30\/meia-emprestado-pelo-corinthians-comeca-a-se-destacar-no-exterior\/#respond"]}],"copyrightYear":"2024","copyrightHolder":{"@id":"https:\/\/www.gaveanews.com\/#organization"}},{"@type":"WebPage","@id":"https:\/\/www.gaveanews.com\/index.php\/2024\/10\/30\/meia-emprestado-pelo-corinthians-comeca-a-se-destacar-no-exterior\/","url":"https:\/\/www.gaveanews.com\/index.php\/2024\/10\/30\/meia-emprestado-pelo-corinthians-comeca-a-se-destacar-no-exterior\/","name":"Meia emprestado pelo Corinthians come\u00e7a a se destacar no exterior","isPartOf":{"@id":"https:\/\/www.gaveanews.com\/#website"},"primaryImageOfPage":{"@id":"https:\/\/www.gaveanews.com\/index.php\/2024\/10\/30\/meia-emprestado-pelo-corinthians-comeca-a-se-destacar-no-exterior\/#primaryimage"},"image":{"@id":"https:\/\/www.gaveanews.com\/index.php\/2024\/10\/30\/meia-emprestado-pelo-corinthians-comeca-a-se-destacar-no-exterior\/#primaryimage"},"thumbnailUrl":"https:\/\/www.gaveanews.com\/wp-content\/uploads\/Escudo-do-Corinthians-na-Neo-Quimica-Arena.webp","datePublished":"2024-10-30T13:35:00+00:00","author":{"@id":"https:\/\/www.gaveanews.com\/#\/schema\/person\/f42654babcd2b2014a1a65af82b081f1"},"breadcrumb":{"@id":"https:\/\/www.gaveanews.com\/index.php\/2024\/10\/30\/meia-emprestado-pelo-corinthians-comeca-a-se-destacar-no-exterior\/#breadcrumb"},"inLanguage":"pt-BR","potentialAction":[{"@type":"ReadAction","target":["https:\/\/www.gaveanews.com\/index.php\/2024\/10\/30\/meia-emprestado-pelo-corinthians-comeca-a-se-destacar-no-exterior\/"]}]},{"@type":"ImageObject","inLanguage":"pt-BR","@id":"https:\/\/www.gaveanews.com\/index.php\/2024\/10\/30\/meia-emprestado-pelo-corinthians-comeca-a-se-destacar-no-exterior\/#primaryimage","url":"https:\/\/www.gaveanews.com\/wp-content\/uploads\/Escudo-do-Corinthians-na-Neo-Quimica-Arena.webp","contentUrl":"https:\/\/www.gaveanews.com\/wp-content\/uploads\/Escudo-do-Corinthians-na-Neo-Quimica-Arena.webp","width":1440,"height":959,"caption":"Escudo do Corinthians na N\u00e9o Qu\u00edmica Arena (Foto Reprodu\u00e7\u00e3o\/Instagram)"},{"@type":"BreadcrumbList","@id":"https:\/\/www.gaveanews.com\/index.php\/2024\/10\/30\/meia-emprestado-pelo-corinthians-comeca-a-se-destacar-no-exterior\/#breadcrumb","itemListElement":[{"@type":"ListItem","position":1,"name":"Home","item":"https:\/\/www.gaveanews.com\/"},{"@type":"ListItem","position":2,"name":"Meia emprestado pelo Corinthians come\u00e7a a se destacar no exterior"}]},{"@type":"WebSite","@id":"https:\/\/www.gaveanews.com\/#website","url":"https:\/\/www.gaveanews.com\/","name":"G\u00e1vea News","description":"Veja todas as not\u00edcias sobre o Flamengo: Contrata\u00e7\u00f5es, categorias de base, resultados das partidas, tabela de classifica\u00e7\u00e3o, pr\u00f3ximos jogos!","potentialAction":[{"@type":"SearchAction","target":{"@type":"EntryPoint","urlTemplate":"https:\/\/www.gaveanews.com\/?s={search_term_string}"},"query-input":{"@type":"PropertyValueSpecification","valueRequired":true,"valueName":"search_term_string"}}],"inLanguage":"pt-BR"},{"@type":"Person","@id":"https:\/\/www.gaveanews.com\/#\/schema\/person\/f42654babcd2b2014a1a65af82b081f1","name":"Geovanna Thomaz","image":{"@type":"ImageObject","inLanguage":"pt-BR","@id":"https:\/\/www.gaveanews.com\/#\/schema\/person\/image\/","url":"https:\/\/secure.gravatar.com\/avatar\/4092073255489533afb558984b49b64268c47198af8623cc82a925ae9fb7118a?s=96&d=mm&r=g","contentUrl":"https:\/\/secure.gravatar.com\/avatar\/4092073255489533afb558984b49b64268c47198af8623cc82a925ae9fb7118a?s=96&d=mm&r=g","caption":"Geovanna Thomaz"}}]}},"_links":{"self":[{"href":"https:\/\/www.gaveanews.com\/index.php\/wp-json\/wp\/v2\/posts\/179089","targetHints":{"allow":["GET"]}}],"collection":[{"href":"https:\/\/www.gaveanews.com\/index.php\/wp-json\/wp\/v2\/posts"}],"about":[{"href":"https:\/\/www.gaveanews.com\/index.php\/wp-json\/wp\/v2\/types\/post"}],"author":[{"embeddable":true,"href":"https:\/\/www.gaveanews.com\/index.php\/wp-json\/wp\/v2\/users\/17"}],"replies":[{"embeddable":true,"href":"https:\/\/www.gaveanews.com\/index.php\/wp-json\/wp\/v2\/comments?post=179089"}],"version-history":[{"count":2,"href":"https:\/\/www.gaveanews.com\/index.php\/wp-json\/wp\/v2\/posts\/179089\/revisions"}],"predecessor-version":[{"id":179197,"href":"https:\/\/www.gaveanews.com\/index.php\/wp-json\/wp\/v2\/posts\/179089\/revisions\/179197"}],"wp:featuredmedia":[{"embeddable":true,"href":"https:\/\/www.gaveanews.com\/index.php\/wp-json\/wp\/v2\/media\/154473"}],"wp:attachment":[{"href":"https:\/\/www.gaveanews.com\/index.php\/wp-json\/wp\/v2\/media?parent=179089"}],"wp:term":[{"taxonomy":"category","embeddable":true,"href":"https:\/\/www.gaveanews.com\/index.php\/wp-json\/wp\/v2\/categories?post=179089"},{"taxonomy":"post_tag","embeddable":true,"href":"https:\/\/www.gaveanews.com\/index.php\/wp-json\/wp\/v2\/tags?post=179089"}],"curies":[{"name":"wp","href":"https:\/\/api.w.org\/{rel}","templated":true}]}}