{"id":179104,"date":"2024-10-30T09:40:17","date_gmt":"2024-10-30T12:40:17","guid":{"rendered":"https:\/\/www.gaveanews.com\/?p=179104"},"modified":"2024-10-30T09:17:42","modified_gmt":"2024-10-30T12:17:42","slug":"a-declaracao-de-zinho-direcionada-a-philippe-coutinho-do-vasco","status":"publish","type":"post","link":"https:\/\/www.gaveanews.com\/index.php\/2024\/10\/30\/a-declaracao-de-zinho-direcionada-a-philippe-coutinho-do-vasco\/","title":{"rendered":"A declara\u00e7\u00e3o de Zinho direcionada a Philippe Coutinho, do Vasco"},"content":{"rendered":"\n<h2 class=\"wp-block-heading\" id=\"h-zinho-ve-fase-de-coutinho-no-vasco-com-frustracao-e-critica-impacto-fisico-no-desempenho\">Zinho v\u00ea fase de Coutinho no Vasco com frustra\u00e7\u00e3o e critica impacto f\u00edsico no desempenho<\/h2>\n\n\n\n<p>Na edi\u00e7\u00e3o de segunda-feira do programa \u201cESPN FC\u201d, Zinho e seus colegas debateram a fase irregular de Philippe Coutinho no Vasco. Segundo o tetracampe\u00e3o, o desempenho do meia, que voltou ao clube com altas expectativas ap\u00f3s 14 anos na Europa, ficou abaixo do esperado, frustrando quem acreditava que ele rapidamente se tornaria um dos pilares da equipe.<\/p>\n\n\n\n<ul class=\"wp-block-list\">\n<li><a href=\"https:\/\/www.gaveanews.com\/index.php\/2024\/10\/29\/clayton-hugo-moura-jp-leo-maicon-paulo-henrique-payet-philippe-coutinho-rayan-e-vegetti-os-jogadores-do-vasco-com-mais-grandes-chances-perdidas-no-brasileirao\/\">Clayton, Hugo Moura, JP, L\u00e9o, Maicon, Paulo Henrique, Payet, Philippe Coutinho, Rayan e Vegetti: os jogadores do Vasco com mais grandes chances perdidas no Brasileir\u00e3o<\/a><\/li>\n\n\n\n<li><a href=\"https:\/\/www.gaveanews.com\/index.php\/2024\/10\/25\/adson-david-joao-victor-leo-pele-lucas-piton-paulo-henrique-payet-pumita-rodriguez-vegetti-e-victor-luis-os-jogadores-do-vasco-com-mais-grandes-chances-criadas-no-brasileirao\/\">Adson, David, Jo\u00e3o Victor, L\u00e9o Pel\u00e9, Lucas Piton, Paulo Henrique, Payet, Pumita Rodr\u00edguez, Vegetti e Victor Lu\u00eds: os jogadores do Vasco com mais grandes chances criadas no Brasileir\u00e3o<\/a><\/li>\n<\/ul>\n\n\n\n<p>Para Zinho, as les\u00f5es e a Covid-19 foram fatores que comprometeram a sequ\u00eancia de Coutinho. \u201cDo lado do Vasco, voc\u00ea usou a palavra decep\u00e7\u00e3o para falar do Coutinho, eu uso frustra\u00e7\u00e3o. <\/p>\n\n\n\n<p>O Coutinho \u00e9 um baita jogador, mas fisicamente sente, e acabou sendo utilizado de forma precipitada. E o Payet tamb\u00e9m ainda n\u00e3o \u00e9 o mesmo do ano passado,\u201d analisou o ex-jogador.<\/p>\n\n\n\n<p>Com 12 jogos e dois gols em 697 minutos nesta temporada, Coutinho vem sendo poupado para evitar novos problemas f\u00edsicos. No \u00faltimo confronto contra o Bahia, que encerrou a 31\u00aa rodada, o Vasco venceu por 3 a 2, mas Coutinho n\u00e3o esteve nem no banco de reservas para controle de carga. <\/p>\n\n\n\n<p>Em sua aus\u00eancia, Payet brilhou, marcando dois gols e comandando o Vasco na primeira etapa, em que o time abriu uma vantagem de 3 a 0.<\/p>\n\n\n\n<p>Coutinho foi titular nas \u00faltimas tr\u00eas partidas, com m\u00e9dia de 80 minutos em campo, mas o Vasco segue um protocolo de precau\u00e7\u00e3o para preservar sua condi\u00e7\u00e3o f\u00edsica.<\/p>\n","protected":false},"excerpt":{"rendered":"<p>Zinho v\u00ea fase de Coutinho no Vasco com frustra\u00e7\u00e3o e critica impacto f\u00edsico no desempenho Na edi\u00e7\u00e3o de segunda-feira do programa \u201cESPN FC\u201d, Zinho e seus colegas debateram a fase irregular de Philippe Coutinho no Vasco. Segundo o tetracampe\u00e3o, o desempenho do meia, que voltou ao clube com altas expectativas ap\u00f3s 14 anos na Europa, [&hellip;]<\/p>\n","protected":false},"author":17,"featured_media":151729,"comment_status":"open","ping_status":"closed","sticky":false,"template":"","format":"standard","meta":{"footnotes":""},"categories":[152],"tags":[],"class_list":["post-179104","post","type-post","status-publish","format-standard","has-post-thumbnail","hentry","category-vasco"],"yoast_head":"<!-- This site is optimized with the Yoast SEO Premium plugin v24.2 (Yoast SEO v26.9) - https:\/\/yoast.com\/product\/yoast-seo-premium-wordpress\/ -->\n<title>A declara\u00e7\u00e3o de Zinho direcionada a Philippe Coutinho, do Vasco<\/title>\n<meta name=\"robots\" content=\"index, follow, max-snippet:-1, max-image-preview:large, max-video-preview:-1\" \/>\n<link rel=\"canonical\" href=\"https:\/\/www.gaveanews.com\/index.php\/2024\/10\/30\/a-declaracao-de-zinho-direcionada-a-philippe-coutinho-do-vasco\/\" \/>\n<meta property=\"og:locale\" content=\"pt_BR\" \/>\n<meta property=\"og:type\" content=\"article\" \/>\n<meta property=\"og:title\" content=\"A declara\u00e7\u00e3o de Zinho direcionada a Philippe Coutinho, do Vasco\" \/>\n<meta property=\"og:description\" content=\"Zinho v\u00ea fase de Coutinho no Vasco com frustra\u00e7\u00e3o e critica impacto f\u00edsico no desempenho Na edi\u00e7\u00e3o de segunda-feira do programa \u201cESPN FC\u201d, Zinho e seus colegas debateram a fase irregular de Philippe Coutinho no Vasco. Segundo o tetracampe\u00e3o, o desempenho do meia, que voltou ao clube com altas expectativas ap\u00f3s 14 anos na Europa, [&hellip;]\" \/>\n<meta property=\"og:url\" content=\"https:\/\/www.gaveanews.com\/index.php\/2024\/10\/30\/a-declaracao-de-zinho-direcionada-a-philippe-coutinho-do-vasco\/\" \/>\n<meta property=\"og:site_name\" content=\"G\u00e1vea News\" \/>\n<meta property=\"article:publisher\" content=\"https:\/\/facebook.com\/gaveaNews\/\" \/>\n<meta property=\"article:published_time\" content=\"2024-10-30T12:40:17+00:00\" \/>\n<meta property=\"og:image\" content=\"https:\/\/www.gaveanews.com\/wp-content\/uploads\/Philippe-Coutinho-em-acao-pelo-Vasco.webp\" \/>\n\t<meta property=\"og:image:width\" content=\"1080\" \/>\n\t<meta property=\"og:image:height\" content=\"810\" \/>\n\t<meta property=\"og:image:type\" content=\"image\/webp\" \/>\n<meta name=\"author\" content=\"Geovanna Thomaz\" \/>\n<meta name=\"twitter:card\" content=\"summary_large_image\" \/>\n<meta name=\"twitter:label1\" content=\"Escrito por\" \/>\n\t<meta name=\"twitter:data1\" content=\"Geovanna Thomaz\" \/>\n\t<meta name=\"twitter:label2\" content=\"Est. tempo de leitura\" \/>\n\t<meta name=\"twitter:data2\" content=\"2 minutos\" \/>\n<script type=\"application\/ld+json\" class=\"yoast-schema-graph\">{\"@context\":\"https:\/\/schema.org\",\"@graph\":[{\"@type\":\"NewsArticle\",\"@id\":\"https:\/\/www.gaveanews.com\/index.php\/2024\/10\/30\/a-declaracao-de-zinho-direcionada-a-philippe-coutinho-do-vasco\/#article\",\"isPartOf\":{\"@id\":\"https:\/\/www.gaveanews.com\/index.php\/2024\/10\/30\/a-declaracao-de-zinho-direcionada-a-philippe-coutinho-do-vasco\/\"},\"author\":{\"name\":\"Geovanna Thomaz\",\"@id\":\"https:\/\/www.gaveanews.com\/#\/schema\/person\/f42654babcd2b2014a1a65af82b081f1\"},\"headline\":\"A declara\u00e7\u00e3o de Zinho direcionada a Philippe Coutinho, do Vasco\",\"datePublished\":\"2024-10-30T12:40:17+00:00\",\"mainEntityOfPage\":{\"@id\":\"https:\/\/www.gaveanews.com\/index.php\/2024\/10\/30\/a-declaracao-de-zinho-direcionada-a-philippe-coutinho-do-vasco\/\"},\"wordCount\":317,\"commentCount\":0,\"image\":{\"@id\":\"https:\/\/www.gaveanews.com\/index.php\/2024\/10\/30\/a-declaracao-de-zinho-direcionada-a-philippe-coutinho-do-vasco\/#primaryimage\"},\"thumbnailUrl\":\"https:\/\/www.gaveanews.com\/wp-content\/uploads\/Philippe-Coutinho-em-acao-pelo-Vasco.webp\",\"articleSection\":[\"Vasco\"],\"inLanguage\":\"pt-BR\",\"potentialAction\":[{\"@type\":\"CommentAction\",\"name\":\"Comment\",\"target\":[\"https:\/\/www.gaveanews.com\/index.php\/2024\/10\/30\/a-declaracao-de-zinho-direcionada-a-philippe-coutinho-do-vasco\/#respond\"]}],\"copyrightYear\":\"2024\",\"copyrightHolder\":{\"@id\":\"https:\/\/www.gaveanews.com\/#organization\"}},{\"@type\":\"WebPage\",\"@id\":\"https:\/\/www.gaveanews.com\/index.php\/2024\/10\/30\/a-declaracao-de-zinho-direcionada-a-philippe-coutinho-do-vasco\/\",\"url\":\"https:\/\/www.gaveanews.com\/index.php\/2024\/10\/30\/a-declaracao-de-zinho-direcionada-a-philippe-coutinho-do-vasco\/\",\"name\":\"A declara\u00e7\u00e3o de Zinho direcionada a Philippe Coutinho, do Vasco\",\"isPartOf\":{\"@id\":\"https:\/\/www.gaveanews.com\/#website\"},\"primaryImageOfPage\":{\"@id\":\"https:\/\/www.gaveanews.com\/index.php\/2024\/10\/30\/a-declaracao-de-zinho-direcionada-a-philippe-coutinho-do-vasco\/#primaryimage\"},\"image\":{\"@id\":\"https:\/\/www.gaveanews.com\/index.php\/2024\/10\/30\/a-declaracao-de-zinho-direcionada-a-philippe-coutinho-do-vasco\/#primaryimage\"},\"thumbnailUrl\":\"https:\/\/www.gaveanews.com\/wp-content\/uploads\/Philippe-Coutinho-em-acao-pelo-Vasco.webp\",\"datePublished\":\"2024-10-30T12:40:17+00:00\",\"author\":{\"@id\":\"https:\/\/www.gaveanews.com\/#\/schema\/person\/f42654babcd2b2014a1a65af82b081f1\"},\"breadcrumb\":{\"@id\":\"https:\/\/www.gaveanews.com\/index.php\/2024\/10\/30\/a-declaracao-de-zinho-direcionada-a-philippe-coutinho-do-vasco\/#breadcrumb\"},\"inLanguage\":\"pt-BR\",\"potentialAction\":[{\"@type\":\"ReadAction\",\"target\":[\"https:\/\/www.gaveanews.com\/index.php\/2024\/10\/30\/a-declaracao-de-zinho-direcionada-a-philippe-coutinho-do-vasco\/\"]}]},{\"@type\":\"ImageObject\",\"inLanguage\":\"pt-BR\",\"@id\":\"https:\/\/www.gaveanews.com\/index.php\/2024\/10\/30\/a-declaracao-de-zinho-direcionada-a-philippe-coutinho-do-vasco\/#primaryimage\",\"url\":\"https:\/\/www.gaveanews.com\/wp-content\/uploads\/Philippe-Coutinho-em-acao-pelo-Vasco.webp\",\"contentUrl\":\"https:\/\/www.gaveanews.com\/wp-content\/uploads\/Philippe-Coutinho-em-acao-pelo-Vasco.webp\",\"width\":1080,\"height\":810,\"caption\":\"Philippe Coutinho em a\u00e7\u00e3o pelo Vasco (Foto: Reprodu\u00e7\u00e3o\/Vasco)\"},{\"@type\":\"BreadcrumbList\",\"@id\":\"https:\/\/www.gaveanews.com\/index.php\/2024\/10\/30\/a-declaracao-de-zinho-direcionada-a-philippe-coutinho-do-vasco\/#breadcrumb\",\"itemListElement\":[{\"@type\":\"ListItem\",\"position\":1,\"name\":\"Home\",\"item\":\"https:\/\/www.gaveanews.com\/\"},{\"@type\":\"ListItem\",\"position\":2,\"name\":\"A declara\u00e7\u00e3o de Zinho direcionada a Philippe Coutinho, do Vasco\"}]},{\"@type\":\"WebSite\",\"@id\":\"https:\/\/www.gaveanews.com\/#website\",\"url\":\"https:\/\/www.gaveanews.com\/\",\"name\":\"G\u00e1vea News\",\"description\":\"Veja todas as not\u00edcias sobre o Flamengo: Contrata\u00e7\u00f5es, categorias de base, resultados das partidas, tabela de classifica\u00e7\u00e3o, pr\u00f3ximos jogos!\",\"potentialAction\":[{\"@type\":\"SearchAction\",\"target\":{\"@type\":\"EntryPoint\",\"urlTemplate\":\"https:\/\/www.gaveanews.com\/?s={search_term_string}\"},\"query-input\":{\"@type\":\"PropertyValueSpecification\",\"valueRequired\":true,\"valueName\":\"search_term_string\"}}],\"inLanguage\":\"pt-BR\"},{\"@type\":\"Person\",\"@id\":\"https:\/\/www.gaveanews.com\/#\/schema\/person\/f42654babcd2b2014a1a65af82b081f1\",\"name\":\"Geovanna Thomaz\",\"image\":{\"@type\":\"ImageObject\",\"inLanguage\":\"pt-BR\",\"@id\":\"https:\/\/www.gaveanews.com\/#\/schema\/person\/image\/\",\"url\":\"https:\/\/secure.gravatar.com\/avatar\/4092073255489533afb558984b49b64268c47198af8623cc82a925ae9fb7118a?s=96&d=mm&r=g\",\"contentUrl\":\"https:\/\/secure.gravatar.com\/avatar\/4092073255489533afb558984b49b64268c47198af8623cc82a925ae9fb7118a?s=96&d=mm&r=g\",\"caption\":\"Geovanna Thomaz\"}}]}<\/script>\n<!-- \/ Yoast SEO Premium plugin. -->","yoast_head_json":{"title":"A declara\u00e7\u00e3o de Zinho direcionada a Philippe Coutinho, do Vasco","robots":{"index":"index","follow":"follow","max-snippet":"max-snippet:-1","max-image-preview":"max-image-preview:large","max-video-preview":"max-video-preview:-1"},"canonical":"https:\/\/www.gaveanews.com\/index.php\/2024\/10\/30\/a-declaracao-de-zinho-direcionada-a-philippe-coutinho-do-vasco\/","og_locale":"pt_BR","og_type":"article","og_title":"A declara\u00e7\u00e3o de Zinho direcionada a Philippe Coutinho, do Vasco","og_description":"Zinho v\u00ea fase de Coutinho no Vasco com frustra\u00e7\u00e3o e critica impacto f\u00edsico no desempenho Na edi\u00e7\u00e3o de segunda-feira do programa \u201cESPN FC\u201d, Zinho e seus colegas debateram a fase irregular de Philippe Coutinho no Vasco. Segundo o tetracampe\u00e3o, o desempenho do meia, que voltou ao clube com altas expectativas ap\u00f3s 14 anos na Europa, [&hellip;]","og_url":"https:\/\/www.gaveanews.com\/index.php\/2024\/10\/30\/a-declaracao-de-zinho-direcionada-a-philippe-coutinho-do-vasco\/","og_site_name":"G\u00e1vea News","article_publisher":"https:\/\/facebook.com\/gaveaNews\/","article_published_time":"2024-10-30T12:40:17+00:00","og_image":[{"width":1080,"height":810,"url":"https:\/\/www.gaveanews.com\/wp-content\/uploads\/Philippe-Coutinho-em-acao-pelo-Vasco.webp","type":"image\/webp"}],"author":"Geovanna Thomaz","twitter_card":"summary_large_image","twitter_misc":{"Escrito por":"Geovanna Thomaz","Est. tempo de leitura":"2 minutos"},"schema":{"@context":"https:\/\/schema.org","@graph":[{"@type":"NewsArticle","@id":"https:\/\/www.gaveanews.com\/index.php\/2024\/10\/30\/a-declaracao-de-zinho-direcionada-a-philippe-coutinho-do-vasco\/#article","isPartOf":{"@id":"https:\/\/www.gaveanews.com\/index.php\/2024\/10\/30\/a-declaracao-de-zinho-direcionada-a-philippe-coutinho-do-vasco\/"},"author":{"name":"Geovanna Thomaz","@id":"https:\/\/www.gaveanews.com\/#\/schema\/person\/f42654babcd2b2014a1a65af82b081f1"},"headline":"A declara\u00e7\u00e3o de Zinho direcionada a Philippe Coutinho, do Vasco","datePublished":"2024-10-30T12:40:17+00:00","mainEntityOfPage":{"@id":"https:\/\/www.gaveanews.com\/index.php\/2024\/10\/30\/a-declaracao-de-zinho-direcionada-a-philippe-coutinho-do-vasco\/"},"wordCount":317,"commentCount":0,"image":{"@id":"https:\/\/www.gaveanews.com\/index.php\/2024\/10\/30\/a-declaracao-de-zinho-direcionada-a-philippe-coutinho-do-vasco\/#primaryimage"},"thumbnailUrl":"https:\/\/www.gaveanews.com\/wp-content\/uploads\/Philippe-Coutinho-em-acao-pelo-Vasco.webp","articleSection":["Vasco"],"inLanguage":"pt-BR","potentialAction":[{"@type":"CommentAction","name":"Comment","target":["https:\/\/www.gaveanews.com\/index.php\/2024\/10\/30\/a-declaracao-de-zinho-direcionada-a-philippe-coutinho-do-vasco\/#respond"]}],"copyrightYear":"2024","copyrightHolder":{"@id":"https:\/\/www.gaveanews.com\/#organization"}},{"@type":"WebPage","@id":"https:\/\/www.gaveanews.com\/index.php\/2024\/10\/30\/a-declaracao-de-zinho-direcionada-a-philippe-coutinho-do-vasco\/","url":"https:\/\/www.gaveanews.com\/index.php\/2024\/10\/30\/a-declaracao-de-zinho-direcionada-a-philippe-coutinho-do-vasco\/","name":"A declara\u00e7\u00e3o de Zinho direcionada a Philippe Coutinho, do Vasco","isPartOf":{"@id":"https:\/\/www.gaveanews.com\/#website"},"primaryImageOfPage":{"@id":"https:\/\/www.gaveanews.com\/index.php\/2024\/10\/30\/a-declaracao-de-zinho-direcionada-a-philippe-coutinho-do-vasco\/#primaryimage"},"image":{"@id":"https:\/\/www.gaveanews.com\/index.php\/2024\/10\/30\/a-declaracao-de-zinho-direcionada-a-philippe-coutinho-do-vasco\/#primaryimage"},"thumbnailUrl":"https:\/\/www.gaveanews.com\/wp-content\/uploads\/Philippe-Coutinho-em-acao-pelo-Vasco.webp","datePublished":"2024-10-30T12:40:17+00:00","author":{"@id":"https:\/\/www.gaveanews.com\/#\/schema\/person\/f42654babcd2b2014a1a65af82b081f1"},"breadcrumb":{"@id":"https:\/\/www.gaveanews.com\/index.php\/2024\/10\/30\/a-declaracao-de-zinho-direcionada-a-philippe-coutinho-do-vasco\/#breadcrumb"},"inLanguage":"pt-BR","potentialAction":[{"@type":"ReadAction","target":["https:\/\/www.gaveanews.com\/index.php\/2024\/10\/30\/a-declaracao-de-zinho-direcionada-a-philippe-coutinho-do-vasco\/"]}]},{"@type":"ImageObject","inLanguage":"pt-BR","@id":"https:\/\/www.gaveanews.com\/index.php\/2024\/10\/30\/a-declaracao-de-zinho-direcionada-a-philippe-coutinho-do-vasco\/#primaryimage","url":"https:\/\/www.gaveanews.com\/wp-content\/uploads\/Philippe-Coutinho-em-acao-pelo-Vasco.webp","contentUrl":"https:\/\/www.gaveanews.com\/wp-content\/uploads\/Philippe-Coutinho-em-acao-pelo-Vasco.webp","width":1080,"height":810,"caption":"Philippe Coutinho em a\u00e7\u00e3o pelo Vasco (Foto: Reprodu\u00e7\u00e3o\/Vasco)"},{"@type":"BreadcrumbList","@id":"https:\/\/www.gaveanews.com\/index.php\/2024\/10\/30\/a-declaracao-de-zinho-direcionada-a-philippe-coutinho-do-vasco\/#breadcrumb","itemListElement":[{"@type":"ListItem","position":1,"name":"Home","item":"https:\/\/www.gaveanews.com\/"},{"@type":"ListItem","position":2,"name":"A declara\u00e7\u00e3o de Zinho direcionada a Philippe Coutinho, do Vasco"}]},{"@type":"WebSite","@id":"https:\/\/www.gaveanews.com\/#website","url":"https:\/\/www.gaveanews.com\/","name":"G\u00e1vea News","description":"Veja todas as not\u00edcias sobre o Flamengo: Contrata\u00e7\u00f5es, categorias de base, resultados das partidas, tabela de classifica\u00e7\u00e3o, pr\u00f3ximos jogos!","potentialAction":[{"@type":"SearchAction","target":{"@type":"EntryPoint","urlTemplate":"https:\/\/www.gaveanews.com\/?s={search_term_string}"},"query-input":{"@type":"PropertyValueSpecification","valueRequired":true,"valueName":"search_term_string"}}],"inLanguage":"pt-BR"},{"@type":"Person","@id":"https:\/\/www.gaveanews.com\/#\/schema\/person\/f42654babcd2b2014a1a65af82b081f1","name":"Geovanna Thomaz","image":{"@type":"ImageObject","inLanguage":"pt-BR","@id":"https:\/\/www.gaveanews.com\/#\/schema\/person\/image\/","url":"https:\/\/secure.gravatar.com\/avatar\/4092073255489533afb558984b49b64268c47198af8623cc82a925ae9fb7118a?s=96&d=mm&r=g","contentUrl":"https:\/\/secure.gravatar.com\/avatar\/4092073255489533afb558984b49b64268c47198af8623cc82a925ae9fb7118a?s=96&d=mm&r=g","caption":"Geovanna Thomaz"}}]}},"_links":{"self":[{"href":"https:\/\/www.gaveanews.com\/index.php\/wp-json\/wp\/v2\/posts\/179104","targetHints":{"allow":["GET"]}}],"collection":[{"href":"https:\/\/www.gaveanews.com\/index.php\/wp-json\/wp\/v2\/posts"}],"about":[{"href":"https:\/\/www.gaveanews.com\/index.php\/wp-json\/wp\/v2\/types\/post"}],"author":[{"embeddable":true,"href":"https:\/\/www.gaveanews.com\/index.php\/wp-json\/wp\/v2\/users\/17"}],"replies":[{"embeddable":true,"href":"https:\/\/www.gaveanews.com\/index.php\/wp-json\/wp\/v2\/comments?post=179104"}],"version-history":[{"count":2,"href":"https:\/\/www.gaveanews.com\/index.php\/wp-json\/wp\/v2\/posts\/179104\/revisions"}],"predecessor-version":[{"id":179203,"href":"https:\/\/www.gaveanews.com\/index.php\/wp-json\/wp\/v2\/posts\/179104\/revisions\/179203"}],"wp:featuredmedia":[{"embeddable":true,"href":"https:\/\/www.gaveanews.com\/index.php\/wp-json\/wp\/v2\/media\/151729"}],"wp:attachment":[{"href":"https:\/\/www.gaveanews.com\/index.php\/wp-json\/wp\/v2\/media?parent=179104"}],"wp:term":[{"taxonomy":"category","embeddable":true,"href":"https:\/\/www.gaveanews.com\/index.php\/wp-json\/wp\/v2\/categories?post=179104"},{"taxonomy":"post_tag","embeddable":true,"href":"https:\/\/www.gaveanews.com\/index.php\/wp-json\/wp\/v2\/tags?post=179104"}],"curies":[{"name":"wp","href":"https:\/\/api.w.org\/{rel}","templated":true}]}}