{"id":179149,"date":"2024-10-30T08:10:00","date_gmt":"2024-10-30T11:10:00","guid":{"rendered":"https:\/\/www.gaveanews.com\/?p=179149"},"modified":"2024-10-30T01:32:48","modified_gmt":"2024-10-30T04:32:48","slug":"saida-para-2025-probabilidade-de-rebaixamento-e-declaracao-de-raniele-as-ultimas-noticias-do-corinthians","status":"publish","type":"post","link":"https:\/\/www.gaveanews.com\/index.php\/2024\/10\/30\/saida-para-2025-probabilidade-de-rebaixamento-e-declaracao-de-raniele-as-ultimas-noticias-do-corinthians\/","title":{"rendered":"Sa\u00edda para 2025, probabilidade de rebaixamento e declara\u00e7\u00e3o de Raniele: as \u00faltimas not\u00edcias do Corinthians"},"content":{"rendered":"\n<p>Nas \u00faltimas horas, o foco das not\u00edcias sobre o Corinthians se concentram nos bastidores do clube, com destaques como a probabilidade de rebaixamento e declara\u00e7\u00e3o de Raniele.<\/p>\n\n\n\n<p>Por conta deste contexto, leia abaixo um resumo preparado pela equipe do portal G\u00e1vea News para lhe manter muito bem informado!<\/p>\n\n\n\n<h2 class=\"wp-block-heading\" id=\"h-declaracao-de-raniele\">Declara\u00e7\u00e3o de Raniele<\/h2>\n\n\n\n<p>Ap\u00f3s a vit\u00f3ria por 1 a 0 contra o Cuiab\u00e1, Raniele, volante do Corinthians, destacou o valor da conquista dos tr\u00eas pontos, essenciais para tirar o time da zona de rebaixamento no Brasileir\u00e3o. Ele mencionou as dificuldades trazidas pelo calor intenso em Cuiab\u00e1, cidade que conhece bem por j\u00e1 ter defendido o clube local. Em sua fala, Raniele relembrou a estrat\u00e9gia que utilizava no Cuiab\u00e1 para explorar o desgaste dos advers\u00e1rios no segundo tempo devido ao clima, ressaltando o impacto que o calor teve na atua\u00e7\u00e3o do Corinthians nessa partida espec\u00edfica. <strong><a href=\"https:\/\/www.gaveanews.com\/index.php\/2024\/10\/29\/video-a-declaracao-de-raniele-apos-a-vitoria-do-corinthians\/\">(leia a mat\u00e9ria completa)<\/a><\/strong><\/p>\n\n\n\n<figure class=\"wp-block-image size-full\"><img loading=\"lazy\" decoding=\"async\" width=\"828\" height=\"783\" src=\"https:\/\/www.gaveanews.com\/wp-content\/uploads\/Raniele-em-acao-pelo-Corinthians.webp\" alt=\"\" class=\"wp-image-147842\" srcset=\"https:\/\/www.gaveanews.com\/wp-content\/uploads\/Raniele-em-acao-pelo-Corinthians.webp 828w, https:\/\/www.gaveanews.com\/wp-content\/uploads\/Raniele-em-acao-pelo-Corinthians-300x284.webp 300w, https:\/\/www.gaveanews.com\/wp-content\/uploads\/Raniele-em-acao-pelo-Corinthians-768x726.webp 768w, https:\/\/www.gaveanews.com\/wp-content\/uploads\/Raniele-em-acao-pelo-Corinthians-444x420.webp 444w, https:\/\/www.gaveanews.com\/wp-content\/uploads\/Raniele-em-acao-pelo-Corinthians-640x605.webp 640w, https:\/\/www.gaveanews.com\/wp-content\/uploads\/Raniele-em-acao-pelo-Corinthians-681x644.webp 681w, https:\/\/www.gaveanews.com\/wp-content\/uploads\/Raniele-em-acao-pelo-Corinthians-100x95.webp 100w\" sizes=\"auto, (max-width: 828px) 100vw, 828px\" \/><figcaption class=\"wp-element-caption\">Raniele em a\u00e7\u00e3o pelo Corinthians (Foto: Arquivo Pessoal)<\/figcaption><\/figure>\n\n\n\n<p>Sobre a import\u00e2ncia do resultado, Raniele frisou que, apesar de o desempenho n\u00e3o ter sido perfeito, a equipe entrou em campo determinada a alcan\u00e7ar a vit\u00f3ria. Para ele, o empenho e a intensidade colocados no jogo foram cruciais para o triunfo, independentemente do estilo de jogo adotado. <\/p>\n\n\n\n<p>Em rela\u00e7\u00e3o ao elenco, o volante tamb\u00e9m elogiou a profundidade do grupo corinthiano, destacando que todos os jogadores t\u00eam qualidade e condi\u00e7\u00f5es para representar o clube com competitividade.<\/p>\n\n\n\n<p>Com a vit\u00f3ria, o Corinthians agora se prepara para o jogo de volta das semifinais da Copa Sul-Americana contra o Racing, na Argentina, no pr\u00f3ximo dia 31. O primeiro confronto terminou em 2 a 2, e a equipe corinthiana vai em busca da vaga na final do torneio, contando com o bom momento no campeonato nacional para impulsionar sua performance no torneio continental.<\/p>\n\n\n\n<h2 class=\"wp-block-heading\" id=\"h-probabilidade-de-rebaixamento\">Probabilidade de rebaixamento <\/h2>\n\n\n\n<p>Ap\u00f3s a vit\u00f3ria do Corinthians sobre o Cuiab\u00e1, o clube conseguiu diminuir suas chances de rebaixamento, subindo da 18\u00aa para a 15\u00aa posi\u00e7\u00e3o no Campeonato Brasileiro. Apesar do al\u00edvio moment\u00e2neo, as probabilidades de queda ainda s\u00e3o significativas, com o risco de rebaixamento calculado em 46,8%. Esse \u00edndice considera fatores como desempenho em casa, confrontos diretos e saldo de gols, entre outros elementos. <strong><a href=\"https:\/\/www.gaveanews.com\/index.php\/2024\/10\/29\/a-probabilidade-atualizada-do-corinthians-ser-rebaixado\/\">(leia a mat\u00e9ria completa)<\/a><\/strong><\/p>\n\n\n\n<figure class=\"wp-block-image size-large\"><img loading=\"lazy\" decoding=\"async\" width=\"1024\" height=\"1024\" src=\"https:\/\/www.gaveanews.com\/wp-content\/uploads\/Ramon-Diaz-durante-treinamento-do-Corinthians-1024x1024.webp\" alt=\"\" class=\"wp-image-152487\" srcset=\"https:\/\/www.gaveanews.com\/wp-content\/uploads\/Ramon-Diaz-durante-treinamento-do-Corinthians-1024x1024.webp 1024w, https:\/\/www.gaveanews.com\/wp-content\/uploads\/Ramon-Diaz-durante-treinamento-do-Corinthians-300x300.webp 300w, https:\/\/www.gaveanews.com\/wp-content\/uploads\/Ramon-Diaz-durante-treinamento-do-Corinthians-150x150.webp 150w, https:\/\/www.gaveanews.com\/wp-content\/uploads\/Ramon-Diaz-durante-treinamento-do-Corinthians-768x768.webp 768w, https:\/\/www.gaveanews.com\/wp-content\/uploads\/Ramon-Diaz-durante-treinamento-do-Corinthians-420x420.webp 420w, https:\/\/www.gaveanews.com\/wp-content\/uploads\/Ramon-Diaz-durante-treinamento-do-Corinthians-840x840.webp 840w, https:\/\/www.gaveanews.com\/wp-content\/uploads\/Ramon-Diaz-durante-treinamento-do-Corinthians-640x640.webp 640w, https:\/\/www.gaveanews.com\/wp-content\/uploads\/Ramon-Diaz-durante-treinamento-do-Corinthians-681x681.webp 681w, https:\/\/www.gaveanews.com\/wp-content\/uploads\/Ramon-Diaz-durante-treinamento-do-Corinthians-100x100.webp 100w, https:\/\/www.gaveanews.com\/wp-content\/uploads\/Ramon-Diaz-durante-treinamento-do-Corinthians.webp 1080w\" sizes=\"auto, (max-width: 1024px) 100vw, 1024px\" \/><figcaption class=\"wp-element-caption\">Ram\u00f3n Diaz durante treinamento do Corinthians (Foto: Reprodu\u00e7\u00e3o\/Instagram)<\/figcaption><\/figure>\n\n\n\n<p>O Corinthians se prepara agora para o cl\u00e1ssico contra o Palmeiras, que ser\u00e1 crucial para dar confian\u00e7a ao time. Em seguida, o clube enfrenta o Vit\u00f3ria, outro advers\u00e1rio direto na luta contra o rebaixamento. Na sequ\u00eancia, o Corinthians ter\u00e1 jogos decisivos contra Cruzeiro, Vasco, Crici\u00fama e Bahia, al\u00e9m de um confronto final contra o Gr\u00eamio, que pode determinar seu destino na competi\u00e7\u00e3o.<\/p>\n\n\n\n<p>Paralelamente \u00e0 luta contra o rebaixamento, o Corinthians ainda sonha com a conquista de um t\u00edtulo. A equipe disputar\u00e1 o jogo de volta das semifinais da Copa Sul-Americana contra o Racing, buscando uma vaga na final.<\/p>\n\n\n\n<h2 class=\"wp-block-heading\" id=\"h-saida-para-2025\">Sa\u00edda para 2025<\/h2>\n\n\n\n<p>O meia Matheus Ara\u00fajo, do Corinthians, enfrenta uma fase de incertezas sobre sua perman\u00eancia no clube, e a torcida parece apoiar sua sa\u00edda para 2025. Apesar de ter sido uma promessa nas categorias de base, incluindo sua participa\u00e7\u00e3o no Mundial Sub-17 de 2019, sua transi\u00e7\u00e3o para o profissional n\u00e3o rendeu o impacto esperado. Efetivado no elenco principal em 2023, o jogador teve poucas oportunidades, somando 31 jogos e apenas dois gols. Em 2024, seu espa\u00e7o diminuiu ainda mais, com apenas 12 atua\u00e7\u00f5es at\u00e9 o momento. <strong><a href=\"https:\/\/www.gaveanews.com\/index.php\/2024\/10\/29\/torcida-do-corinthians-aprova-saida-para-2025\/\">(leia a mat\u00e9ria completa)<\/a><\/strong><\/p>\n\n\n\n<figure class=\"wp-block-image size-full\"><img loading=\"lazy\" decoding=\"async\" width=\"1000\" height=\"667\" src=\"https:\/\/www.gaveanews.com\/wp-content\/uploads\/Torcida-do-Corinthians.webp\" alt=\"\" class=\"wp-image-146953\" srcset=\"https:\/\/www.gaveanews.com\/wp-content\/uploads\/Torcida-do-Corinthians.webp 1000w, https:\/\/www.gaveanews.com\/wp-content\/uploads\/Torcida-do-Corinthians-300x200.webp 300w, https:\/\/www.gaveanews.com\/wp-content\/uploads\/Torcida-do-Corinthians-768x512.webp 768w, https:\/\/www.gaveanews.com\/wp-content\/uploads\/Torcida-do-Corinthians-630x420.webp 630w, https:\/\/www.gaveanews.com\/wp-content\/uploads\/Torcida-do-Corinthians-640x427.webp 640w, https:\/\/www.gaveanews.com\/wp-content\/uploads\/Torcida-do-Corinthians-681x454.webp 681w, https:\/\/www.gaveanews.com\/wp-content\/uploads\/Torcida-do-Corinthians-100x67.webp 100w\" sizes=\"auto, (max-width: 1000px) 100vw, 1000px\" \/><figcaption class=\"wp-element-caption\">Torcida do Corinthians (Foto Reprodu\u00e7\u00e3o\/Instagram)<\/figcaption><\/figure>\n\n\n\n<p>Diante desse cen\u00e1rio, a &#8220;Fiel&#8221; manifestou seu apoio \u00e0 poss\u00edvel sa\u00edda de Matheus, vendo a decis\u00e3o como um passo positivo tanto para o clube quanto para o jogador, que ainda n\u00e3o deve renovar seu contrato com o Corinthians. Nas redes sociais, muitos torcedores expressaram cr\u00edticas, com alguns afirmando que a mudan\u00e7a ajudaria o atleta a buscar novas oportunidades onde seu talento possa ser melhor aproveitado.<\/p>\n\n\n\n<p>Enquanto isso, o Corinthians busca alternativas para substituir a jovem promessa em seu elenco. A partida contra o Cuiab\u00e1, v\u00e1lida pela 31\u00aa rodada do Brasileir\u00e3o, poder\u00e1 intensificar as discuss\u00f5es sobre o futuro de Matheus Ara\u00fajo, cuja defini\u00e7\u00e3o \u00e9 esperada para breve. Essa poss\u00edvel transfer\u00eancia marca um novo come\u00e7o para o jogador, al\u00e9m de abrir espa\u00e7o para novas apostas no time profissional do Tim\u00e3o.<\/p>\n","protected":false},"excerpt":{"rendered":"<p>Nas \u00faltimas horas, o foco das not\u00edcias sobre o Corinthians se concentram nos bastidores do clube, com destaques como a probabilidade de rebaixamento e declara\u00e7\u00e3o de Raniele. Por conta deste contexto, leia abaixo um resumo preparado pela equipe do portal G\u00e1vea News para lhe manter muito bem informado! Declara\u00e7\u00e3o de Raniele Ap\u00f3s a vit\u00f3ria por [&hellip;]<\/p>\n","protected":false},"author":27,"featured_media":146952,"comment_status":"open","ping_status":"closed","sticky":false,"template":"","format":"standard","meta":{"footnotes":""},"categories":[141],"tags":[],"class_list":["post-179149","post","type-post","status-publish","format-standard","has-post-thumbnail","hentry","category-corinthians"],"yoast_head":"<!-- This site is optimized with the Yoast SEO Premium plugin v24.2 (Yoast SEO v26.9) - https:\/\/yoast.com\/product\/yoast-seo-premium-wordpress\/ -->\n<title>Sa\u00edda para 2025, probabilidade de rebaixamento e declara\u00e7\u00e3o de Raniele: as \u00faltimas not\u00edcias do Corinthians<\/title>\n<meta name=\"robots\" content=\"index, follow, max-snippet:-1, max-image-preview:large, max-video-preview:-1\" \/>\n<link rel=\"canonical\" href=\"https:\/\/www.gaveanews.com\/index.php\/2024\/10\/30\/saida-para-2025-probabilidade-de-rebaixamento-e-declaracao-de-raniele-as-ultimas-noticias-do-corinthians\/\" \/>\n<meta property=\"og:locale\" content=\"pt_BR\" \/>\n<meta property=\"og:type\" content=\"article\" \/>\n<meta property=\"og:title\" content=\"Sa\u00edda para 2025, probabilidade de rebaixamento e declara\u00e7\u00e3o de Raniele: as \u00faltimas not\u00edcias do Corinthians\" \/>\n<meta property=\"og:description\" content=\"Nas \u00faltimas horas, o foco das not\u00edcias sobre o Corinthians se concentram nos bastidores do clube, com destaques como a probabilidade de rebaixamento e declara\u00e7\u00e3o de Raniele. Por conta deste contexto, leia abaixo um resumo preparado pela equipe do portal G\u00e1vea News para lhe manter muito bem informado! Declara\u00e7\u00e3o de Raniele Ap\u00f3s a vit\u00f3ria por [&hellip;]\" \/>\n<meta property=\"og:url\" content=\"https:\/\/www.gaveanews.com\/index.php\/2024\/10\/30\/saida-para-2025-probabilidade-de-rebaixamento-e-declaracao-de-raniele-as-ultimas-noticias-do-corinthians\/\" \/>\n<meta property=\"og:site_name\" content=\"G\u00e1vea News\" \/>\n<meta property=\"article:publisher\" content=\"https:\/\/facebook.com\/gaveaNews\/\" \/>\n<meta property=\"article:published_time\" content=\"2024-10-30T11:10:00+00:00\" \/>\n<meta property=\"og:image\" content=\"https:\/\/www.gaveanews.com\/wp-content\/uploads\/Bandeira-do-Corinthians.webp\" \/>\n\t<meta property=\"og:image:width\" content=\"1048\" \/>\n\t<meta property=\"og:image:height\" content=\"699\" \/>\n\t<meta property=\"og:image:type\" content=\"image\/webp\" \/>\n<meta name=\"author\" content=\"Matheus Felipe\" \/>\n<meta name=\"twitter:card\" content=\"summary_large_image\" \/>\n<meta name=\"twitter:label1\" content=\"Escrito por\" \/>\n\t<meta name=\"twitter:data1\" content=\"Matheus Felipe\" \/>\n\t<meta name=\"twitter:label2\" content=\"Est. tempo de leitura\" \/>\n\t<meta name=\"twitter:data2\" content=\"5 minutos\" \/>\n<script type=\"application\/ld+json\" class=\"yoast-schema-graph\">{\"@context\":\"https:\/\/schema.org\",\"@graph\":[{\"@type\":\"NewsArticle\",\"@id\":\"https:\/\/www.gaveanews.com\/index.php\/2024\/10\/30\/saida-para-2025-probabilidade-de-rebaixamento-e-declaracao-de-raniele-as-ultimas-noticias-do-corinthians\/#article\",\"isPartOf\":{\"@id\":\"https:\/\/www.gaveanews.com\/index.php\/2024\/10\/30\/saida-para-2025-probabilidade-de-rebaixamento-e-declaracao-de-raniele-as-ultimas-noticias-do-corinthians\/\"},\"author\":{\"name\":\"Matheus Felipe\",\"@id\":\"https:\/\/www.gaveanews.com\/#\/schema\/person\/8207cd4627f56151707418bfc835b2fb\"},\"headline\":\"Sa\u00edda para 2025, probabilidade de rebaixamento e declara\u00e7\u00e3o de Raniele: as \u00faltimas not\u00edcias do Corinthians\",\"datePublished\":\"2024-10-30T11:10:00+00:00\",\"mainEntityOfPage\":{\"@id\":\"https:\/\/www.gaveanews.com\/index.php\/2024\/10\/30\/saida-para-2025-probabilidade-de-rebaixamento-e-declaracao-de-raniele-as-ultimas-noticias-do-corinthians\/\"},\"wordCount\":764,\"commentCount\":0,\"image\":{\"@id\":\"https:\/\/www.gaveanews.com\/index.php\/2024\/10\/30\/saida-para-2025-probabilidade-de-rebaixamento-e-declaracao-de-raniele-as-ultimas-noticias-do-corinthians\/#primaryimage\"},\"thumbnailUrl\":\"https:\/\/www.gaveanews.com\/wp-content\/uploads\/Bandeira-do-Corinthians.webp\",\"articleSection\":[\"Corinthians\"],\"inLanguage\":\"pt-BR\",\"potentialAction\":[{\"@type\":\"CommentAction\",\"name\":\"Comment\",\"target\":[\"https:\/\/www.gaveanews.com\/index.php\/2024\/10\/30\/saida-para-2025-probabilidade-de-rebaixamento-e-declaracao-de-raniele-as-ultimas-noticias-do-corinthians\/#respond\"]}],\"copyrightYear\":\"2024\",\"copyrightHolder\":{\"@id\":\"https:\/\/www.gaveanews.com\/#organization\"}},{\"@type\":\"WebPage\",\"@id\":\"https:\/\/www.gaveanews.com\/index.php\/2024\/10\/30\/saida-para-2025-probabilidade-de-rebaixamento-e-declaracao-de-raniele-as-ultimas-noticias-do-corinthians\/\",\"url\":\"https:\/\/www.gaveanews.com\/index.php\/2024\/10\/30\/saida-para-2025-probabilidade-de-rebaixamento-e-declaracao-de-raniele-as-ultimas-noticias-do-corinthians\/\",\"name\":\"Sa\u00edda para 2025, probabilidade de rebaixamento e declara\u00e7\u00e3o de Raniele: as \u00faltimas not\u00edcias do Corinthians\",\"isPartOf\":{\"@id\":\"https:\/\/www.gaveanews.com\/#website\"},\"primaryImageOfPage\":{\"@id\":\"https:\/\/www.gaveanews.com\/index.php\/2024\/10\/30\/saida-para-2025-probabilidade-de-rebaixamento-e-declaracao-de-raniele-as-ultimas-noticias-do-corinthians\/#primaryimage\"},\"image\":{\"@id\":\"https:\/\/www.gaveanews.com\/index.php\/2024\/10\/30\/saida-para-2025-probabilidade-de-rebaixamento-e-declaracao-de-raniele-as-ultimas-noticias-do-corinthians\/#primaryimage\"},\"thumbnailUrl\":\"https:\/\/www.gaveanews.com\/wp-content\/uploads\/Bandeira-do-Corinthians.webp\",\"datePublished\":\"2024-10-30T11:10:00+00:00\",\"author\":{\"@id\":\"https:\/\/www.gaveanews.com\/#\/schema\/person\/8207cd4627f56151707418bfc835b2fb\"},\"breadcrumb\":{\"@id\":\"https:\/\/www.gaveanews.com\/index.php\/2024\/10\/30\/saida-para-2025-probabilidade-de-rebaixamento-e-declaracao-de-raniele-as-ultimas-noticias-do-corinthians\/#breadcrumb\"},\"inLanguage\":\"pt-BR\",\"potentialAction\":[{\"@type\":\"ReadAction\",\"target\":[\"https:\/\/www.gaveanews.com\/index.php\/2024\/10\/30\/saida-para-2025-probabilidade-de-rebaixamento-e-declaracao-de-raniele-as-ultimas-noticias-do-corinthians\/\"]}]},{\"@type\":\"ImageObject\",\"inLanguage\":\"pt-BR\",\"@id\":\"https:\/\/www.gaveanews.com\/index.php\/2024\/10\/30\/saida-para-2025-probabilidade-de-rebaixamento-e-declaracao-de-raniele-as-ultimas-noticias-do-corinthians\/#primaryimage\",\"url\":\"https:\/\/www.gaveanews.com\/wp-content\/uploads\/Bandeira-do-Corinthians.webp\",\"contentUrl\":\"https:\/\/www.gaveanews.com\/wp-content\/uploads\/Bandeira-do-Corinthians.webp\",\"width\":1048,\"height\":699,\"caption\":\"Bandeira do Corinthians (Foto Reprodu\u00e7\u00e3o\/Instagram)\"},{\"@type\":\"BreadcrumbList\",\"@id\":\"https:\/\/www.gaveanews.com\/index.php\/2024\/10\/30\/saida-para-2025-probabilidade-de-rebaixamento-e-declaracao-de-raniele-as-ultimas-noticias-do-corinthians\/#breadcrumb\",\"itemListElement\":[{\"@type\":\"ListItem\",\"position\":1,\"name\":\"Home\",\"item\":\"https:\/\/www.gaveanews.com\/\"},{\"@type\":\"ListItem\",\"position\":2,\"name\":\"Sa\u00edda para 2025, probabilidade de rebaixamento e declara\u00e7\u00e3o de Raniele: as \u00faltimas not\u00edcias do Corinthians\"}]},{\"@type\":\"WebSite\",\"@id\":\"https:\/\/www.gaveanews.com\/#website\",\"url\":\"https:\/\/www.gaveanews.com\/\",\"name\":\"G\u00e1vea News\",\"description\":\"Veja todas as not\u00edcias sobre o Flamengo: Contrata\u00e7\u00f5es, categorias de base, resultados das partidas, tabela de classifica\u00e7\u00e3o, pr\u00f3ximos jogos!\",\"potentialAction\":[{\"@type\":\"SearchAction\",\"target\":{\"@type\":\"EntryPoint\",\"urlTemplate\":\"https:\/\/www.gaveanews.com\/?s={search_term_string}\"},\"query-input\":{\"@type\":\"PropertyValueSpecification\",\"valueRequired\":true,\"valueName\":\"search_term_string\"}}],\"inLanguage\":\"pt-BR\"},{\"@type\":\"Person\",\"@id\":\"https:\/\/www.gaveanews.com\/#\/schema\/person\/8207cd4627f56151707418bfc835b2fb\",\"name\":\"Matheus Felipe\",\"image\":{\"@type\":\"ImageObject\",\"inLanguage\":\"pt-BR\",\"@id\":\"https:\/\/www.gaveanews.com\/#\/schema\/person\/image\/\",\"url\":\"https:\/\/secure.gravatar.com\/avatar\/a452ffbed9130f726358b298bb3a99ce4bd3c5338411f8440e87e14d74c7c087?s=96&d=mm&r=g\",\"contentUrl\":\"https:\/\/secure.gravatar.com\/avatar\/a452ffbed9130f726358b298bb3a99ce4bd3c5338411f8440e87e14d74c7c087?s=96&d=mm&r=g\",\"caption\":\"Matheus Felipe\"}}]}<\/script>\n<!-- \/ Yoast SEO Premium plugin. -->","yoast_head_json":{"title":"Sa\u00edda para 2025, probabilidade de rebaixamento e declara\u00e7\u00e3o de Raniele: as \u00faltimas not\u00edcias do Corinthians","robots":{"index":"index","follow":"follow","max-snippet":"max-snippet:-1","max-image-preview":"max-image-preview:large","max-video-preview":"max-video-preview:-1"},"canonical":"https:\/\/www.gaveanews.com\/index.php\/2024\/10\/30\/saida-para-2025-probabilidade-de-rebaixamento-e-declaracao-de-raniele-as-ultimas-noticias-do-corinthians\/","og_locale":"pt_BR","og_type":"article","og_title":"Sa\u00edda para 2025, probabilidade de rebaixamento e declara\u00e7\u00e3o de Raniele: as \u00faltimas not\u00edcias do Corinthians","og_description":"Nas \u00faltimas horas, o foco das not\u00edcias sobre o Corinthians se concentram nos bastidores do clube, com destaques como a probabilidade de rebaixamento e declara\u00e7\u00e3o de Raniele. Por conta deste contexto, leia abaixo um resumo preparado pela equipe do portal G\u00e1vea News para lhe manter muito bem informado! Declara\u00e7\u00e3o de Raniele Ap\u00f3s a vit\u00f3ria por [&hellip;]","og_url":"https:\/\/www.gaveanews.com\/index.php\/2024\/10\/30\/saida-para-2025-probabilidade-de-rebaixamento-e-declaracao-de-raniele-as-ultimas-noticias-do-corinthians\/","og_site_name":"G\u00e1vea News","article_publisher":"https:\/\/facebook.com\/gaveaNews\/","article_published_time":"2024-10-30T11:10:00+00:00","og_image":[{"width":1048,"height":699,"url":"https:\/\/www.gaveanews.com\/wp-content\/uploads\/Bandeira-do-Corinthians.webp","type":"image\/webp"}],"author":"Matheus Felipe","twitter_card":"summary_large_image","twitter_misc":{"Escrito por":"Matheus Felipe","Est. tempo de leitura":"5 minutos"},"schema":{"@context":"https:\/\/schema.org","@graph":[{"@type":"NewsArticle","@id":"https:\/\/www.gaveanews.com\/index.php\/2024\/10\/30\/saida-para-2025-probabilidade-de-rebaixamento-e-declaracao-de-raniele-as-ultimas-noticias-do-corinthians\/#article","isPartOf":{"@id":"https:\/\/www.gaveanews.com\/index.php\/2024\/10\/30\/saida-para-2025-probabilidade-de-rebaixamento-e-declaracao-de-raniele-as-ultimas-noticias-do-corinthians\/"},"author":{"name":"Matheus Felipe","@id":"https:\/\/www.gaveanews.com\/#\/schema\/person\/8207cd4627f56151707418bfc835b2fb"},"headline":"Sa\u00edda para 2025, probabilidade de rebaixamento e declara\u00e7\u00e3o de Raniele: as \u00faltimas not\u00edcias do Corinthians","datePublished":"2024-10-30T11:10:00+00:00","mainEntityOfPage":{"@id":"https:\/\/www.gaveanews.com\/index.php\/2024\/10\/30\/saida-para-2025-probabilidade-de-rebaixamento-e-declaracao-de-raniele-as-ultimas-noticias-do-corinthians\/"},"wordCount":764,"commentCount":0,"image":{"@id":"https:\/\/www.gaveanews.com\/index.php\/2024\/10\/30\/saida-para-2025-probabilidade-de-rebaixamento-e-declaracao-de-raniele-as-ultimas-noticias-do-corinthians\/#primaryimage"},"thumbnailUrl":"https:\/\/www.gaveanews.com\/wp-content\/uploads\/Bandeira-do-Corinthians.webp","articleSection":["Corinthians"],"inLanguage":"pt-BR","potentialAction":[{"@type":"CommentAction","name":"Comment","target":["https:\/\/www.gaveanews.com\/index.php\/2024\/10\/30\/saida-para-2025-probabilidade-de-rebaixamento-e-declaracao-de-raniele-as-ultimas-noticias-do-corinthians\/#respond"]}],"copyrightYear":"2024","copyrightHolder":{"@id":"https:\/\/www.gaveanews.com\/#organization"}},{"@type":"WebPage","@id":"https:\/\/www.gaveanews.com\/index.php\/2024\/10\/30\/saida-para-2025-probabilidade-de-rebaixamento-e-declaracao-de-raniele-as-ultimas-noticias-do-corinthians\/","url":"https:\/\/www.gaveanews.com\/index.php\/2024\/10\/30\/saida-para-2025-probabilidade-de-rebaixamento-e-declaracao-de-raniele-as-ultimas-noticias-do-corinthians\/","name":"Sa\u00edda para 2025, probabilidade de rebaixamento e declara\u00e7\u00e3o de Raniele: as \u00faltimas not\u00edcias do Corinthians","isPartOf":{"@id":"https:\/\/www.gaveanews.com\/#website"},"primaryImageOfPage":{"@id":"https:\/\/www.gaveanews.com\/index.php\/2024\/10\/30\/saida-para-2025-probabilidade-de-rebaixamento-e-declaracao-de-raniele-as-ultimas-noticias-do-corinthians\/#primaryimage"},"image":{"@id":"https:\/\/www.gaveanews.com\/index.php\/2024\/10\/30\/saida-para-2025-probabilidade-de-rebaixamento-e-declaracao-de-raniele-as-ultimas-noticias-do-corinthians\/#primaryimage"},"thumbnailUrl":"https:\/\/www.gaveanews.com\/wp-content\/uploads\/Bandeira-do-Corinthians.webp","datePublished":"2024-10-30T11:10:00+00:00","author":{"@id":"https:\/\/www.gaveanews.com\/#\/schema\/person\/8207cd4627f56151707418bfc835b2fb"},"breadcrumb":{"@id":"https:\/\/www.gaveanews.com\/index.php\/2024\/10\/30\/saida-para-2025-probabilidade-de-rebaixamento-e-declaracao-de-raniele-as-ultimas-noticias-do-corinthians\/#breadcrumb"},"inLanguage":"pt-BR","potentialAction":[{"@type":"ReadAction","target":["https:\/\/www.gaveanews.com\/index.php\/2024\/10\/30\/saida-para-2025-probabilidade-de-rebaixamento-e-declaracao-de-raniele-as-ultimas-noticias-do-corinthians\/"]}]},{"@type":"ImageObject","inLanguage":"pt-BR","@id":"https:\/\/www.gaveanews.com\/index.php\/2024\/10\/30\/saida-para-2025-probabilidade-de-rebaixamento-e-declaracao-de-raniele-as-ultimas-noticias-do-corinthians\/#primaryimage","url":"https:\/\/www.gaveanews.com\/wp-content\/uploads\/Bandeira-do-Corinthians.webp","contentUrl":"https:\/\/www.gaveanews.com\/wp-content\/uploads\/Bandeira-do-Corinthians.webp","width":1048,"height":699,"caption":"Bandeira do Corinthians (Foto Reprodu\u00e7\u00e3o\/Instagram)"},{"@type":"BreadcrumbList","@id":"https:\/\/www.gaveanews.com\/index.php\/2024\/10\/30\/saida-para-2025-probabilidade-de-rebaixamento-e-declaracao-de-raniele-as-ultimas-noticias-do-corinthians\/#breadcrumb","itemListElement":[{"@type":"ListItem","position":1,"name":"Home","item":"https:\/\/www.gaveanews.com\/"},{"@type":"ListItem","position":2,"name":"Sa\u00edda para 2025, probabilidade de rebaixamento e declara\u00e7\u00e3o de Raniele: as \u00faltimas not\u00edcias do Corinthians"}]},{"@type":"WebSite","@id":"https:\/\/www.gaveanews.com\/#website","url":"https:\/\/www.gaveanews.com\/","name":"G\u00e1vea News","description":"Veja todas as not\u00edcias sobre o Flamengo: Contrata\u00e7\u00f5es, categorias de base, resultados das partidas, tabela de classifica\u00e7\u00e3o, pr\u00f3ximos jogos!","potentialAction":[{"@type":"SearchAction","target":{"@type":"EntryPoint","urlTemplate":"https:\/\/www.gaveanews.com\/?s={search_term_string}"},"query-input":{"@type":"PropertyValueSpecification","valueRequired":true,"valueName":"search_term_string"}}],"inLanguage":"pt-BR"},{"@type":"Person","@id":"https:\/\/www.gaveanews.com\/#\/schema\/person\/8207cd4627f56151707418bfc835b2fb","name":"Matheus Felipe","image":{"@type":"ImageObject","inLanguage":"pt-BR","@id":"https:\/\/www.gaveanews.com\/#\/schema\/person\/image\/","url":"https:\/\/secure.gravatar.com\/avatar\/a452ffbed9130f726358b298bb3a99ce4bd3c5338411f8440e87e14d74c7c087?s=96&d=mm&r=g","contentUrl":"https:\/\/secure.gravatar.com\/avatar\/a452ffbed9130f726358b298bb3a99ce4bd3c5338411f8440e87e14d74c7c087?s=96&d=mm&r=g","caption":"Matheus Felipe"}}]}},"_links":{"self":[{"href":"https:\/\/www.gaveanews.com\/index.php\/wp-json\/wp\/v2\/posts\/179149","targetHints":{"allow":["GET"]}}],"collection":[{"href":"https:\/\/www.gaveanews.com\/index.php\/wp-json\/wp\/v2\/posts"}],"about":[{"href":"https:\/\/www.gaveanews.com\/index.php\/wp-json\/wp\/v2\/types\/post"}],"author":[{"embeddable":true,"href":"https:\/\/www.gaveanews.com\/index.php\/wp-json\/wp\/v2\/users\/27"}],"replies":[{"embeddable":true,"href":"https:\/\/www.gaveanews.com\/index.php\/wp-json\/wp\/v2\/comments?post=179149"}],"version-history":[{"count":1,"href":"https:\/\/www.gaveanews.com\/index.php\/wp-json\/wp\/v2\/posts\/179149\/revisions"}],"predecessor-version":[{"id":179150,"href":"https:\/\/www.gaveanews.com\/index.php\/wp-json\/wp\/v2\/posts\/179149\/revisions\/179150"}],"wp:featuredmedia":[{"embeddable":true,"href":"https:\/\/www.gaveanews.com\/index.php\/wp-json\/wp\/v2\/media\/146952"}],"wp:attachment":[{"href":"https:\/\/www.gaveanews.com\/index.php\/wp-json\/wp\/v2\/media?parent=179149"}],"wp:term":[{"taxonomy":"category","embeddable":true,"href":"https:\/\/www.gaveanews.com\/index.php\/wp-json\/wp\/v2\/categories?post=179149"},{"taxonomy":"post_tag","embeddable":true,"href":"https:\/\/www.gaveanews.com\/index.php\/wp-json\/wp\/v2\/tags?post=179149"}],"curies":[{"name":"wp","href":"https:\/\/api.w.org\/{rel}","templated":true}]}}