{"id":179176,"date":"2024-10-30T12:00:00","date_gmt":"2024-10-30T15:00:00","guid":{"rendered":"https:\/\/www.gaveanews.com\/?p=179176"},"modified":"2024-10-30T09:50:15","modified_gmt":"2024-10-30T12:50:15","slug":"a-declaracao-de-gonzalo-plata-direcionada-a-bruno-henrique","status":"publish","type":"post","link":"https:\/\/www.gaveanews.com\/index.php\/2024\/10\/30\/a-declaracao-de-gonzalo-plata-direcionada-a-bruno-henrique\/","title":{"rendered":"A declara\u00e7\u00e3o de Gonzalo Plata direcionada a Bruno Henrique"},"content":{"rendered":"\n<p>Gonzalo Plata, autor de um dos quatro gols na vit\u00f3ria do Flamengo sobre o Juventude, participou do programa Resenha do Jogo, na FlaTV. Durante uma entrevista recente, o jogador equatoriano revelou qual atleta mais o impactou desde sua chegada ao clube, mencionando diversos nomes, mas destacando especialmente Bruno Henrique.<\/p>\n\n\n\n<ul class=\"wp-block-list\">\n<li><a href=\"https:\/\/www.gaveanews.com\/index.php\/2024\/10\/30\/rodolfo-landim-vence-votacao-no-flamengo\/\">Rodolfo Landim vence vota\u00e7\u00e3o no Flamengo<\/a><\/li>\n\n\n\n<li><a href=\"https:\/\/www.gaveanews.com\/index.php\/2024\/10\/29\/competicao-que-o-flamengo-vai-disputar-em-2025-vai-mudar-de-emissora\/\">Competi\u00e7\u00e3o que o Flamengo vai disputar em 2025 vai mudar de emissora<\/a><\/li>\n<\/ul>\n\n\n\n<p>Plata explicou que, antes de integrar o time do Flamengo, j\u00e1 acompanhava v\u00eddeos das atua\u00e7\u00f5es de Bruno Henrique e observava seu estilo de jogo. Essa pr\u00e1tica se intensificou ainda mais quando recebeu a not\u00edcia de que faria parte do elenco rubro-negro, onde competiria diretamente pela mesma posi\u00e7\u00e3o com o Camisa 27.<\/p>\n\n\n\n<p>Al\u00e9m disso, Gonzalo Plata compartilhou seu desejo de conquistar seu primeiro t\u00edtulo com o Flamengo, afirmando que essa conquista ser\u00e1 inesquec\u00edvel em sua carreira.<\/p>\n\n\n\n<p>Durante a conversa, o jogador tamb\u00e9m mencionou a admira\u00e7\u00e3o que nutre por outros colegas de equipe. No entanto, era Bruno Henrique que mais o impressionava pela velocidade e presen\u00e7a em campo, uma refer\u00eancia que Plata traz para seu pr\u00f3prio desenvolvimento no time.<\/p>\n\n\n\n<p>Segundo ele, cada integrante do elenco do Flamengo possui talentos excepcionais. Para ele, David Luiz \u00e9 um exemplo de jogador que construiu uma carreira no topo, tendo atuado em grandes clubes como o Chelsea. <\/p>\n\n\n\n<p>\u201cTodos aqui s\u00e3o muito craques. Mas David Luiz, que jogou sempre no topo. Chelsea\u2026 Gosto muito de compartilhar com ele, nos ajuda muito&#8221;, afirmou.<\/p>\n\n\n\n<h2 class=\"wp-block-heading\" id=\"h-declaracao-para-bruno-henrique\">Declara\u00e7\u00e3o para Bruno Henrique<\/h2>\n\n\n\n<p>Por outro lado, Bruno Henrique sempre foi uma inspira\u00e7\u00e3o especial. Plata compartilhou que frequentemente assistia a v\u00eddeos do atacante, observando minuciosamente seu estilo de jogo e velocidade, especialmente pelo fato de atuarem na mesma posi\u00e7\u00e3o.<\/p>\n\n\n\n<p>&#8220;Bruno Henrique tamb\u00e9m. Sempre olhei muito como ele jogava. Quando soube que eu viria, assistia v\u00eddeos dele. Ainda mais porque jogo na mesma posi\u00e7\u00e3o&#8221;, declarou.<\/p>\n\n\n\n<h2 class=\"wp-block-heading\" id=\"h-gonzalo-tambem-falou-de-outros-jogadores\">Gonzalo tamb\u00e9m falou de outros jogadores <\/h2>\n\n\n\n<p>Gonzalo Plata tamb\u00e9m mencionou seu apre\u00e7o pelo atacante Gabigol, apontando a import\u00e2ncia de Gabi para o grupo e elogiando seu carisma. &#8220;Gabi tamb\u00e9m. A gente adora muito ele&#8221;, destacou.<\/p>\n\n\n\n<p>Ademais, Plata demonstrou admira\u00e7\u00e3o pelo estilo de Charly Alcaraz. Ele enfatizou o qu\u00e3o prazeroso \u00e9 compartilhar o campo com jogadores de tamanha qualidade e ressaltando o apoio m\u00fatuo que existe entre eles.<\/p>\n","protected":false},"excerpt":{"rendered":"<p>Gonzalo Plata, autor de um dos quatro gols na vit\u00f3ria do Flamengo sobre o Juventude, participou do programa Resenha do Jogo, na FlaTV. Durante uma entrevista recente, o jogador equatoriano revelou qual atleta mais o impactou desde sua chegada ao clube, mencionando diversos nomes, mas destacando especialmente Bruno Henrique. Plata explicou que, antes de integrar [&hellip;]<\/p>\n","protected":false},"author":28,"featured_media":163305,"comment_status":"open","ping_status":"closed","sticky":false,"template":"","format":"standard","meta":{"footnotes":""},"categories":[1],"tags":[],"class_list":["post-179176","post","type-post","status-publish","format-standard","has-post-thumbnail","hentry","category-flamengo"],"yoast_head":"<!-- This site is optimized with the Yoast SEO Premium plugin v24.2 (Yoast SEO v26.9) - https:\/\/yoast.com\/product\/yoast-seo-premium-wordpress\/ -->\n<title>A declara\u00e7\u00e3o de Gonzalo Plata direcionada a Bruno Henrique<\/title>\n<meta name=\"robots\" content=\"index, follow, max-snippet:-1, max-image-preview:large, max-video-preview:-1\" \/>\n<link rel=\"canonical\" href=\"https:\/\/www.gaveanews.com\/index.php\/2024\/10\/30\/a-declaracao-de-gonzalo-plata-direcionada-a-bruno-henrique\/\" \/>\n<meta property=\"og:locale\" content=\"pt_BR\" \/>\n<meta property=\"og:type\" content=\"article\" \/>\n<meta property=\"og:title\" content=\"A declara\u00e7\u00e3o de Gonzalo Plata direcionada a Bruno Henrique\" \/>\n<meta property=\"og:description\" content=\"Gonzalo Plata, autor de um dos quatro gols na vit\u00f3ria do Flamengo sobre o Juventude, participou do programa Resenha do Jogo, na FlaTV. Durante uma entrevista recente, o jogador equatoriano revelou qual atleta mais o impactou desde sua chegada ao clube, mencionando diversos nomes, mas destacando especialmente Bruno Henrique. Plata explicou que, antes de integrar [&hellip;]\" \/>\n<meta property=\"og:url\" content=\"https:\/\/www.gaveanews.com\/index.php\/2024\/10\/30\/a-declaracao-de-gonzalo-plata-direcionada-a-bruno-henrique\/\" \/>\n<meta property=\"og:site_name\" content=\"G\u00e1vea News\" \/>\n<meta property=\"article:publisher\" content=\"https:\/\/facebook.com\/gaveaNews\/\" \/>\n<meta property=\"article:published_time\" content=\"2024-10-30T15:00:00+00:00\" \/>\n<meta property=\"og:image\" content=\"https:\/\/www.gaveanews.com\/wp-content\/uploads\/A-declaracao-de-Gonzalo-Plata-sobre-estrear-no-Flamengo.webp\" \/>\n\t<meta property=\"og:image:width\" content=\"1200\" \/>\n\t<meta property=\"og:image:height\" content=\"675\" \/>\n\t<meta property=\"og:image:type\" content=\"image\/jpeg\" \/>\n<meta name=\"author\" content=\"Hudson Pereira\" \/>\n<meta name=\"twitter:card\" content=\"summary_large_image\" \/>\n<meta name=\"twitter:label1\" content=\"Escrito por\" \/>\n\t<meta name=\"twitter:data1\" content=\"Hudson Pereira\" \/>\n\t<meta name=\"twitter:label2\" content=\"Est. tempo de leitura\" \/>\n\t<meta name=\"twitter:data2\" content=\"3 minutos\" \/>\n<script type=\"application\/ld+json\" class=\"yoast-schema-graph\">{\"@context\":\"https:\/\/schema.org\",\"@graph\":[{\"@type\":\"NewsArticle\",\"@id\":\"https:\/\/www.gaveanews.com\/index.php\/2024\/10\/30\/a-declaracao-de-gonzalo-plata-direcionada-a-bruno-henrique\/#article\",\"isPartOf\":{\"@id\":\"https:\/\/www.gaveanews.com\/index.php\/2024\/10\/30\/a-declaracao-de-gonzalo-plata-direcionada-a-bruno-henrique\/\"},\"author\":{\"name\":\"Hudson Pereira\",\"@id\":\"https:\/\/www.gaveanews.com\/#\/schema\/person\/bd08f00534b403119b92741a6d469ef0\"},\"headline\":\"A declara\u00e7\u00e3o de Gonzalo Plata direcionada a Bruno Henrique\",\"datePublished\":\"2024-10-30T15:00:00+00:00\",\"mainEntityOfPage\":{\"@id\":\"https:\/\/www.gaveanews.com\/index.php\/2024\/10\/30\/a-declaracao-de-gonzalo-plata-direcionada-a-bruno-henrique\/\"},\"wordCount\":411,\"commentCount\":0,\"image\":{\"@id\":\"https:\/\/www.gaveanews.com\/index.php\/2024\/10\/30\/a-declaracao-de-gonzalo-plata-direcionada-a-bruno-henrique\/#primaryimage\"},\"thumbnailUrl\":\"https:\/\/www.gaveanews.com\/wp-content\/uploads\/A-declaracao-de-Gonzalo-Plata-sobre-estrear-no-Flamengo.webp\",\"articleSection\":[\"Flamengo\"],\"inLanguage\":\"pt-BR\",\"potentialAction\":[{\"@type\":\"CommentAction\",\"name\":\"Comment\",\"target\":[\"https:\/\/www.gaveanews.com\/index.php\/2024\/10\/30\/a-declaracao-de-gonzalo-plata-direcionada-a-bruno-henrique\/#respond\"]}],\"copyrightYear\":\"2024\",\"copyrightHolder\":{\"@id\":\"https:\/\/www.gaveanews.com\/#organization\"}},{\"@type\":\"WebPage\",\"@id\":\"https:\/\/www.gaveanews.com\/index.php\/2024\/10\/30\/a-declaracao-de-gonzalo-plata-direcionada-a-bruno-henrique\/\",\"url\":\"https:\/\/www.gaveanews.com\/index.php\/2024\/10\/30\/a-declaracao-de-gonzalo-plata-direcionada-a-bruno-henrique\/\",\"name\":\"A declara\u00e7\u00e3o de Gonzalo Plata direcionada a Bruno Henrique\",\"isPartOf\":{\"@id\":\"https:\/\/www.gaveanews.com\/#website\"},\"primaryImageOfPage\":{\"@id\":\"https:\/\/www.gaveanews.com\/index.php\/2024\/10\/30\/a-declaracao-de-gonzalo-plata-direcionada-a-bruno-henrique\/#primaryimage\"},\"image\":{\"@id\":\"https:\/\/www.gaveanews.com\/index.php\/2024\/10\/30\/a-declaracao-de-gonzalo-plata-direcionada-a-bruno-henrique\/#primaryimage\"},\"thumbnailUrl\":\"https:\/\/www.gaveanews.com\/wp-content\/uploads\/A-declaracao-de-Gonzalo-Plata-sobre-estrear-no-Flamengo.webp\",\"datePublished\":\"2024-10-30T15:00:00+00:00\",\"author\":{\"@id\":\"https:\/\/www.gaveanews.com\/#\/schema\/person\/bd08f00534b403119b92741a6d469ef0\"},\"breadcrumb\":{\"@id\":\"https:\/\/www.gaveanews.com\/index.php\/2024\/10\/30\/a-declaracao-de-gonzalo-plata-direcionada-a-bruno-henrique\/#breadcrumb\"},\"inLanguage\":\"pt-BR\",\"potentialAction\":[{\"@type\":\"ReadAction\",\"target\":[\"https:\/\/www.gaveanews.com\/index.php\/2024\/10\/30\/a-declaracao-de-gonzalo-plata-direcionada-a-bruno-henrique\/\"]}]},{\"@type\":\"ImageObject\",\"inLanguage\":\"pt-BR\",\"@id\":\"https:\/\/www.gaveanews.com\/index.php\/2024\/10\/30\/a-declaracao-de-gonzalo-plata-direcionada-a-bruno-henrique\/#primaryimage\",\"url\":\"https:\/\/www.gaveanews.com\/wp-content\/uploads\/A-declaracao-de-Gonzalo-Plata-sobre-estrear-no-Flamengo.webp\",\"contentUrl\":\"https:\/\/www.gaveanews.com\/wp-content\/uploads\/A-declaracao-de-Gonzalo-Plata-sobre-estrear-no-Flamengo.webp\",\"width\":1200,\"height\":675,\"caption\":\"Gonzalo Plata exibe n\u00famero que utiliza pelo Flamengo. (Foto: Gilvan de Souza)\"},{\"@type\":\"BreadcrumbList\",\"@id\":\"https:\/\/www.gaveanews.com\/index.php\/2024\/10\/30\/a-declaracao-de-gonzalo-plata-direcionada-a-bruno-henrique\/#breadcrumb\",\"itemListElement\":[{\"@type\":\"ListItem\",\"position\":1,\"name\":\"Home\",\"item\":\"https:\/\/www.gaveanews.com\/\"},{\"@type\":\"ListItem\",\"position\":2,\"name\":\"A declara\u00e7\u00e3o de Gonzalo Plata direcionada a Bruno Henrique\"}]},{\"@type\":\"WebSite\",\"@id\":\"https:\/\/www.gaveanews.com\/#website\",\"url\":\"https:\/\/www.gaveanews.com\/\",\"name\":\"G\u00e1vea News\",\"description\":\"Veja todas as not\u00edcias sobre o Flamengo: Contrata\u00e7\u00f5es, categorias de base, resultados das partidas, tabela de classifica\u00e7\u00e3o, pr\u00f3ximos jogos!\",\"potentialAction\":[{\"@type\":\"SearchAction\",\"target\":{\"@type\":\"EntryPoint\",\"urlTemplate\":\"https:\/\/www.gaveanews.com\/?s={search_term_string}\"},\"query-input\":{\"@type\":\"PropertyValueSpecification\",\"valueRequired\":true,\"valueName\":\"search_term_string\"}}],\"inLanguage\":\"pt-BR\"},{\"@type\":\"Person\",\"@id\":\"https:\/\/www.gaveanews.com\/#\/schema\/person\/bd08f00534b403119b92741a6d469ef0\",\"name\":\"Hudson Pereira\",\"image\":{\"@type\":\"ImageObject\",\"inLanguage\":\"pt-BR\",\"@id\":\"https:\/\/www.gaveanews.com\/#\/schema\/person\/image\/\",\"url\":\"https:\/\/secure.gravatar.com\/avatar\/ecc491b489e454e510efffc9b23c1052ce5fb4f2e05555768ba65819cd55f03e?s=96&d=mm&r=g\",\"contentUrl\":\"https:\/\/secure.gravatar.com\/avatar\/ecc491b489e454e510efffc9b23c1052ce5fb4f2e05555768ba65819cd55f03e?s=96&d=mm&r=g\",\"caption\":\"Hudson Pereira\"}}]}<\/script>\n<!-- \/ Yoast SEO Premium plugin. -->","yoast_head_json":{"title":"A declara\u00e7\u00e3o de Gonzalo Plata direcionada a Bruno Henrique","robots":{"index":"index","follow":"follow","max-snippet":"max-snippet:-1","max-image-preview":"max-image-preview:large","max-video-preview":"max-video-preview:-1"},"canonical":"https:\/\/www.gaveanews.com\/index.php\/2024\/10\/30\/a-declaracao-de-gonzalo-plata-direcionada-a-bruno-henrique\/","og_locale":"pt_BR","og_type":"article","og_title":"A declara\u00e7\u00e3o de Gonzalo Plata direcionada a Bruno Henrique","og_description":"Gonzalo Plata, autor de um dos quatro gols na vit\u00f3ria do Flamengo sobre o Juventude, participou do programa Resenha do Jogo, na FlaTV. Durante uma entrevista recente, o jogador equatoriano revelou qual atleta mais o impactou desde sua chegada ao clube, mencionando diversos nomes, mas destacando especialmente Bruno Henrique. Plata explicou que, antes de integrar [&hellip;]","og_url":"https:\/\/www.gaveanews.com\/index.php\/2024\/10\/30\/a-declaracao-de-gonzalo-plata-direcionada-a-bruno-henrique\/","og_site_name":"G\u00e1vea News","article_publisher":"https:\/\/facebook.com\/gaveaNews\/","article_published_time":"2024-10-30T15:00:00+00:00","og_image":[{"width":1200,"height":675,"url":"https:\/\/www.gaveanews.com\/wp-content\/uploads\/A-declaracao-de-Gonzalo-Plata-sobre-estrear-no-Flamengo.webp","type":"image\/jpeg"}],"author":"Hudson Pereira","twitter_card":"summary_large_image","twitter_misc":{"Escrito por":"Hudson Pereira","Est. tempo de leitura":"3 minutos"},"schema":{"@context":"https:\/\/schema.org","@graph":[{"@type":"NewsArticle","@id":"https:\/\/www.gaveanews.com\/index.php\/2024\/10\/30\/a-declaracao-de-gonzalo-plata-direcionada-a-bruno-henrique\/#article","isPartOf":{"@id":"https:\/\/www.gaveanews.com\/index.php\/2024\/10\/30\/a-declaracao-de-gonzalo-plata-direcionada-a-bruno-henrique\/"},"author":{"name":"Hudson Pereira","@id":"https:\/\/www.gaveanews.com\/#\/schema\/person\/bd08f00534b403119b92741a6d469ef0"},"headline":"A declara\u00e7\u00e3o de Gonzalo Plata direcionada a Bruno Henrique","datePublished":"2024-10-30T15:00:00+00:00","mainEntityOfPage":{"@id":"https:\/\/www.gaveanews.com\/index.php\/2024\/10\/30\/a-declaracao-de-gonzalo-plata-direcionada-a-bruno-henrique\/"},"wordCount":411,"commentCount":0,"image":{"@id":"https:\/\/www.gaveanews.com\/index.php\/2024\/10\/30\/a-declaracao-de-gonzalo-plata-direcionada-a-bruno-henrique\/#primaryimage"},"thumbnailUrl":"https:\/\/www.gaveanews.com\/wp-content\/uploads\/A-declaracao-de-Gonzalo-Plata-sobre-estrear-no-Flamengo.webp","articleSection":["Flamengo"],"inLanguage":"pt-BR","potentialAction":[{"@type":"CommentAction","name":"Comment","target":["https:\/\/www.gaveanews.com\/index.php\/2024\/10\/30\/a-declaracao-de-gonzalo-plata-direcionada-a-bruno-henrique\/#respond"]}],"copyrightYear":"2024","copyrightHolder":{"@id":"https:\/\/www.gaveanews.com\/#organization"}},{"@type":"WebPage","@id":"https:\/\/www.gaveanews.com\/index.php\/2024\/10\/30\/a-declaracao-de-gonzalo-plata-direcionada-a-bruno-henrique\/","url":"https:\/\/www.gaveanews.com\/index.php\/2024\/10\/30\/a-declaracao-de-gonzalo-plata-direcionada-a-bruno-henrique\/","name":"A declara\u00e7\u00e3o de Gonzalo Plata direcionada a Bruno Henrique","isPartOf":{"@id":"https:\/\/www.gaveanews.com\/#website"},"primaryImageOfPage":{"@id":"https:\/\/www.gaveanews.com\/index.php\/2024\/10\/30\/a-declaracao-de-gonzalo-plata-direcionada-a-bruno-henrique\/#primaryimage"},"image":{"@id":"https:\/\/www.gaveanews.com\/index.php\/2024\/10\/30\/a-declaracao-de-gonzalo-plata-direcionada-a-bruno-henrique\/#primaryimage"},"thumbnailUrl":"https:\/\/www.gaveanews.com\/wp-content\/uploads\/A-declaracao-de-Gonzalo-Plata-sobre-estrear-no-Flamengo.webp","datePublished":"2024-10-30T15:00:00+00:00","author":{"@id":"https:\/\/www.gaveanews.com\/#\/schema\/person\/bd08f00534b403119b92741a6d469ef0"},"breadcrumb":{"@id":"https:\/\/www.gaveanews.com\/index.php\/2024\/10\/30\/a-declaracao-de-gonzalo-plata-direcionada-a-bruno-henrique\/#breadcrumb"},"inLanguage":"pt-BR","potentialAction":[{"@type":"ReadAction","target":["https:\/\/www.gaveanews.com\/index.php\/2024\/10\/30\/a-declaracao-de-gonzalo-plata-direcionada-a-bruno-henrique\/"]}]},{"@type":"ImageObject","inLanguage":"pt-BR","@id":"https:\/\/www.gaveanews.com\/index.php\/2024\/10\/30\/a-declaracao-de-gonzalo-plata-direcionada-a-bruno-henrique\/#primaryimage","url":"https:\/\/www.gaveanews.com\/wp-content\/uploads\/A-declaracao-de-Gonzalo-Plata-sobre-estrear-no-Flamengo.webp","contentUrl":"https:\/\/www.gaveanews.com\/wp-content\/uploads\/A-declaracao-de-Gonzalo-Plata-sobre-estrear-no-Flamengo.webp","width":1200,"height":675,"caption":"Gonzalo Plata exibe n\u00famero que utiliza pelo Flamengo. (Foto: Gilvan de Souza)"},{"@type":"BreadcrumbList","@id":"https:\/\/www.gaveanews.com\/index.php\/2024\/10\/30\/a-declaracao-de-gonzalo-plata-direcionada-a-bruno-henrique\/#breadcrumb","itemListElement":[{"@type":"ListItem","position":1,"name":"Home","item":"https:\/\/www.gaveanews.com\/"},{"@type":"ListItem","position":2,"name":"A declara\u00e7\u00e3o de Gonzalo Plata direcionada a Bruno Henrique"}]},{"@type":"WebSite","@id":"https:\/\/www.gaveanews.com\/#website","url":"https:\/\/www.gaveanews.com\/","name":"G\u00e1vea News","description":"Veja todas as not\u00edcias sobre o Flamengo: Contrata\u00e7\u00f5es, categorias de base, resultados das partidas, tabela de classifica\u00e7\u00e3o, pr\u00f3ximos jogos!","potentialAction":[{"@type":"SearchAction","target":{"@type":"EntryPoint","urlTemplate":"https:\/\/www.gaveanews.com\/?s={search_term_string}"},"query-input":{"@type":"PropertyValueSpecification","valueRequired":true,"valueName":"search_term_string"}}],"inLanguage":"pt-BR"},{"@type":"Person","@id":"https:\/\/www.gaveanews.com\/#\/schema\/person\/bd08f00534b403119b92741a6d469ef0","name":"Hudson Pereira","image":{"@type":"ImageObject","inLanguage":"pt-BR","@id":"https:\/\/www.gaveanews.com\/#\/schema\/person\/image\/","url":"https:\/\/secure.gravatar.com\/avatar\/ecc491b489e454e510efffc9b23c1052ce5fb4f2e05555768ba65819cd55f03e?s=96&d=mm&r=g","contentUrl":"https:\/\/secure.gravatar.com\/avatar\/ecc491b489e454e510efffc9b23c1052ce5fb4f2e05555768ba65819cd55f03e?s=96&d=mm&r=g","caption":"Hudson Pereira"}}]}},"_links":{"self":[{"href":"https:\/\/www.gaveanews.com\/index.php\/wp-json\/wp\/v2\/posts\/179176","targetHints":{"allow":["GET"]}}],"collection":[{"href":"https:\/\/www.gaveanews.com\/index.php\/wp-json\/wp\/v2\/posts"}],"about":[{"href":"https:\/\/www.gaveanews.com\/index.php\/wp-json\/wp\/v2\/types\/post"}],"author":[{"embeddable":true,"href":"https:\/\/www.gaveanews.com\/index.php\/wp-json\/wp\/v2\/users\/28"}],"replies":[{"embeddable":true,"href":"https:\/\/www.gaveanews.com\/index.php\/wp-json\/wp\/v2\/comments?post=179176"}],"version-history":[{"count":1,"href":"https:\/\/www.gaveanews.com\/index.php\/wp-json\/wp\/v2\/posts\/179176\/revisions"}],"predecessor-version":[{"id":179188,"href":"https:\/\/www.gaveanews.com\/index.php\/wp-json\/wp\/v2\/posts\/179176\/revisions\/179188"}],"wp:featuredmedia":[{"embeddable":true,"href":"https:\/\/www.gaveanews.com\/index.php\/wp-json\/wp\/v2\/media\/163305"}],"wp:attachment":[{"href":"https:\/\/www.gaveanews.com\/index.php\/wp-json\/wp\/v2\/media?parent=179176"}],"wp:term":[{"taxonomy":"category","embeddable":true,"href":"https:\/\/www.gaveanews.com\/index.php\/wp-json\/wp\/v2\/categories?post=179176"},{"taxonomy":"post_tag","embeddable":true,"href":"https:\/\/www.gaveanews.com\/index.php\/wp-json\/wp\/v2\/tags?post=179176"}],"curies":[{"name":"wp","href":"https:\/\/api.w.org\/{rel}","templated":true}]}}