{"id":179218,"date":"2024-10-30T14:00:00","date_gmt":"2024-10-30T17:00:00","guid":{"rendered":"https:\/\/www.gaveanews.com\/?p=179218"},"modified":"2024-10-30T11:36:16","modified_gmt":"2024-10-30T14:36:16","slug":"ederson-marinho-alvaro-rene-thiago-maia-alan-patrick-clemer-gavilan-rodinei-paolo-guerrero-10-jogadores-que-ja-jogaram-por-flamengo-e-internacional","status":"publish","type":"post","link":"https:\/\/www.gaveanews.com\/index.php\/2024\/10\/30\/ederson-marinho-alvaro-rene-thiago-maia-alan-patrick-clemer-gavilan-rodinei-paolo-guerrero-10-jogadores-que-ja-jogaram-por-flamengo-e-internacional\/","title":{"rendered":"Ederson, Marinho, \u00c1lvaro, Ren\u00ea, Thiago Maia, Alan Patrick, Clemer, Gavil\u00e1n, Rodinei, Paolo Guerrero: 10 jogadores que j\u00e1 jogaram por Flamengo e Internacional"},"content":{"rendered":"\n<h2 class=\"wp-block-heading\" id=\"h-times-ja-dividiram-alguns-jogadores-na-historia\">Times j\u00e1 &#8220;dividiram&#8221; alguns jogadores na hist\u00f3ria <\/h2>\n\n\n\n<p>Internacional e Flamengo se enfrentam nesta quarta-feira (30) no Est\u00e1dio do Beira-Rio, pela partida da 17\u00b0 rodada, que havia sido adiada. Podemos considerar que o duelo de logo mais \u00e9 o famoso &#8220;jogo de seis pontos&#8221;, j\u00e1 que as equipes brigam pela quarta posi\u00e7\u00e3o na tabela do Brasileir\u00e3o. <\/p>\n\n\n\n<ul class=\"wp-block-list\">\n<li><a href=\"https:\/\/www.gaveanews.com\/index.php\/2024\/10\/28\/flamengo-x-internacional-veja-a-provavel-escalacao-de-filipe-luis\/\">Flamengo x Internacional: veja a prov\u00e1vel escala\u00e7\u00e3o de Filipe Lu\u00eds<\/a><\/li>\n\n\n\n<li><a href=\"https:\/\/www.gaveanews.com\/index.php\/2024\/10\/29\/roger-machado-toma-conhecimento-de-desfalque-para-o-jogo-contra-o-flamengo\/\">Roger Machado toma conhecimento de desfalque para o jogo contra o Flamengo<\/a><\/li>\n<\/ul>\n\n\n\n<p>Internacional e Flamengo somam hist\u00f3ria no futebol brasileiro e tamb\u00e9m no confronto. Mas, al\u00e9m disso, as equipes j\u00e1 &#8220;dividiram&#8221; alguns jogadores. Vamos relembrar 10 jogadores que j\u00e1 vestiram as camisas do Colorado e tamb\u00e9m do rubro-negro carioca. <\/p>\n\n\n\n<h2 class=\"wp-block-heading\" id=\"h-alan-patrick\">Alan Patrick<\/h2>\n\n\n\n<figure class=\"wp-block-image size-full\"><img loading=\"lazy\" decoding=\"async\" width=\"900\" height=\"506\" src=\"https:\/\/www.gaveanews.com\/wp-content\/uploads\/Alan-Patrick-pelo-Internacional.webp\" alt=\"\" class=\"wp-image-167606\" srcset=\"https:\/\/www.gaveanews.com\/wp-content\/uploads\/Alan-Patrick-pelo-Internacional.webp 900w, https:\/\/www.gaveanews.com\/wp-content\/uploads\/Alan-Patrick-pelo-Internacional-300x169.webp 300w, https:\/\/www.gaveanews.com\/wp-content\/uploads\/Alan-Patrick-pelo-Internacional-768x432.webp 768w, https:\/\/www.gaveanews.com\/wp-content\/uploads\/Alan-Patrick-pelo-Internacional-747x420.webp 747w, https:\/\/www.gaveanews.com\/wp-content\/uploads\/Alan-Patrick-pelo-Internacional-640x360.webp 640w, https:\/\/www.gaveanews.com\/wp-content\/uploads\/Alan-Patrick-pelo-Internacional-681x383.webp 681w, https:\/\/www.gaveanews.com\/wp-content\/uploads\/Alan-Patrick-pelo-Internacional-100x56.webp 100w\" sizes=\"auto, (max-width: 900px) 100vw, 900px\" \/><figcaption class=\"wp-element-caption\">Alan Patrick pelo Internacional (Foto: Reprodu\u00e7\u00e3o\/Instagram)<\/figcaption><\/figure>\n\n\n\n<p>Come\u00e7ando por Alan Patrick, que hoje \u00e9 jogador do Internacional. O meio-campista vestiu as cores do rubro-negro entre 2015 e 2016, onde atuou em 62 jogos, com 14 gols e seis assist\u00eancias. Hoje capit\u00e3o do Colorado, Alan soma 37 gols e 6 assist\u00eancias em 180 partidas. <\/p>\n\n\n\n<h2 class=\"wp-block-heading\" id=\"h-rodinei\">Rodinei<\/h2>\n\n\n\n<figure class=\"wp-block-image size-large\"><img loading=\"lazy\" decoding=\"async\" width=\"1024\" height=\"682\" src=\"https:\/\/www.gaveanews.com\/wp-content\/uploads\/Rodinei-em-acao-pelo-Internacional-1024x682.webp\" alt=\"\" class=\"wp-image-50750\" srcset=\"https:\/\/www.gaveanews.com\/wp-content\/uploads\/Rodinei-em-acao-pelo-Internacional-1024x682.webp 1024w, https:\/\/www.gaveanews.com\/wp-content\/uploads\/Rodinei-em-acao-pelo-Internacional-300x200.webp 300w, https:\/\/www.gaveanews.com\/wp-content\/uploads\/Rodinei-em-acao-pelo-Internacional-768x511.webp 768w, https:\/\/www.gaveanews.com\/wp-content\/uploads\/Rodinei-em-acao-pelo-Internacional-1536x1022.webp 1536w, https:\/\/www.gaveanews.com\/wp-content\/uploads\/Rodinei-em-acao-pelo-Internacional-2048x1363.webp 2048w, https:\/\/www.gaveanews.com\/wp-content\/uploads\/Rodinei-em-acao-pelo-Internacional-631x420.webp 631w, https:\/\/www.gaveanews.com\/wp-content\/uploads\/Rodinei-em-acao-pelo-Internacional-1262x840.webp 1262w, https:\/\/www.gaveanews.com\/wp-content\/uploads\/Rodinei-em-acao-pelo-Internacional-640x426.webp 640w, https:\/\/www.gaveanews.com\/wp-content\/uploads\/Rodinei-em-acao-pelo-Internacional-1280x852.webp 1280w, https:\/\/www.gaveanews.com\/wp-content\/uploads\/Rodinei-em-acao-pelo-Internacional-681x453.webp 681w, https:\/\/www.gaveanews.com\/wp-content\/uploads\/Rodinei-em-acao-pelo-Internacional-1362x907.webp 1362w, https:\/\/www.gaveanews.com\/wp-content\/uploads\/Rodinei-em-acao-pelo-Internacional-100x67.webp 100w\" sizes=\"auto, (max-width: 1024px) 100vw, 1024px\" \/><figcaption class=\"wp-element-caption\">Rodinei em a\u00e7\u00e3o pelo Internacional (Foto: Ricardo Duarte\/Internacional)<\/figcaption><\/figure>\n\n\n\n<p>O lateral-direito Rodinei atuou pelo Internacional em 2020 quando foi emprestado. Nesta temporada inclusive, o jogador foi vice-campe\u00e3o do Campeonato Brasileiro. O ano de destaque do lateral no rubro-negro foi em 2022, quando foi um dos her\u00f3is da conquista da Copa do Brasil, em cima do Corinthians. Pelo time carioca foram 209 jogos, oito gols e 18 assist\u00eancias. No time ga\u00facho anotou tr\u00eas gols e deu nove assist\u00eancias em 52 jogos. Hoje, Rodinei defende o Olympiacos, da Gr\u00e9cia. <\/p>\n\n\n\n<h2 class=\"wp-block-heading\" id=\"h-paolo-guerrero\">Paolo Guerrero<\/h2>\n\n\n\n<figure class=\"wp-block-image size-large\"><img loading=\"lazy\" decoding=\"async\" width=\"1024\" height=\"512\" src=\"https:\/\/www.gaveanews.com\/wp-content\/uploads\/Paolo-Guerrero-1024x512.webp\" alt=\"\" class=\"wp-image-125439\" srcset=\"https:\/\/www.gaveanews.com\/wp-content\/uploads\/Paolo-Guerrero-1024x512.webp 1024w, https:\/\/www.gaveanews.com\/wp-content\/uploads\/Paolo-Guerrero-300x150.webp 300w, https:\/\/www.gaveanews.com\/wp-content\/uploads\/Paolo-Guerrero-768x384.webp 768w, https:\/\/www.gaveanews.com\/wp-content\/uploads\/Paolo-Guerrero-840x420.webp 840w, https:\/\/www.gaveanews.com\/wp-content\/uploads\/Paolo-Guerrero-640x320.webp 640w, https:\/\/www.gaveanews.com\/wp-content\/uploads\/Paolo-Guerrero-681x341.webp 681w, https:\/\/www.gaveanews.com\/wp-content\/uploads\/Paolo-Guerrero-100x50.webp 100w, https:\/\/www.gaveanews.com\/wp-content\/uploads\/Paolo-Guerrero.webp 1200w\" sizes=\"auto, (max-width: 1024px) 100vw, 1024px\" \/><figcaption class=\"wp-element-caption\">Paolo Guerrero e Diego Ribas com a camisa do Flamengo &#8211; Foto: reprodu\u00e7\u00e3o<\/figcaption><\/figure>\n\n\n\n<p>O atacante peruano Paolo Guerrero atuou pelo Flamengo entre 2015 e 2018, e ap\u00f3s n\u00e3o renovar seu contrato, acertou de gra\u00e7a com o Internacional. Pelo rubro-negro foram 99 partidas, 37 gols e 13 assist\u00eancias. J\u00e1 pelo Colorado, o atacante foi as redes 32 vezes e deu quatro assist\u00eancias em 72 jogos. Hoje, aos 40 anos de idade, Guerrero atua pelo Alianza Lima, do Peru.<\/p>\n\n\n\n<h2 class=\"wp-block-heading\" id=\"h-thiago-maia\">Thiago Maia <\/h2>\n\n\n\n<figure class=\"wp-block-image size-full\"><img loading=\"lazy\" decoding=\"async\" width=\"900\" height=\"599\" src=\"https:\/\/www.gaveanews.com\/wp-content\/uploads\/thiago-maia-flamengo-vasco.webp\" alt=\"\" class=\"wp-image-100064\" srcset=\"https:\/\/www.gaveanews.com\/wp-content\/uploads\/thiago-maia-flamengo-vasco.webp 900w, https:\/\/www.gaveanews.com\/wp-content\/uploads\/thiago-maia-flamengo-vasco-300x200.webp 300w, https:\/\/www.gaveanews.com\/wp-content\/uploads\/thiago-maia-flamengo-vasco-768x511.webp 768w, https:\/\/www.gaveanews.com\/wp-content\/uploads\/thiago-maia-flamengo-vasco-631x420.webp 631w, https:\/\/www.gaveanews.com\/wp-content\/uploads\/thiago-maia-flamengo-vasco-640x426.webp 640w, https:\/\/www.gaveanews.com\/wp-content\/uploads\/thiago-maia-flamengo-vasco-681x453.webp 681w, https:\/\/www.gaveanews.com\/wp-content\/uploads\/thiago-maia-flamengo-vasco-100x67.webp 100w\" sizes=\"auto, (max-width: 900px) 100vw, 900px\" \/><figcaption class=\"wp-element-caption\">Thiago Maia em jogo do Flamengo contra o Vasco (Foto: Marcelo Cortes\/Flamengo)<\/figcaption><\/figure>\n\n\n\n<p>O volante Thiago Maia \u00e9 mais um a vestir as duas camisas. O jogador chegou ao Flamengo em 2020 e deixou o clube este ano, para defender o Internacional. Pelo rubro-negro, Maia disputou 170 jogos, marcou cinco gols e deu duas assist\u00eancias, al\u00e9m de ter faturado os t\u00edtulos da Libertadores e da Copa do Brasil. At\u00e9 aqui, pelo time ga\u00facho, o volante tem dois gols e quatro assist\u00eancias em 28 jogos. <\/p>\n\n\n\n<h2 class=\"wp-block-heading\" id=\"h-rene\">Ren\u00ea<\/h2>\n\n\n\n<figure class=\"wp-block-image size-full\"><img decoding=\"async\" src=\"https:\/\/www.gaveanews.com\/wp-content\/uploads\/Rene-em-acao-pelo-Flamengo.webp\" alt=\"\" class=\"wp-image-28931\"\/><figcaption class=\"wp-element-caption\">Ren\u00ea em a\u00e7\u00e3o pelo Flamengo (Foto: Alexandre Vidal\/Flamengo)<\/figcaption><\/figure>\n\n\n\n<p>O lateral-esquerdo Ren\u00ea defendeu a camisa do Flamengo entre 2017 e 2022 e nesse per\u00edodo fez parte de uma era vitoriosa, com os principais t\u00edtulos sendo a Libertadores e o Brasileir\u00e3o. Ao todo, o lateral fez 204 jogos, com seis gols e 17 assist\u00eancias. O jogador chegou a Porto Alegre em abril de 2022 e soma dois gols e seis assist\u00eancias em 122 partidas. <\/p>\n\n\n\n<h2 class=\"wp-block-heading\" id=\"h-marinho\">Marinho<\/h2>\n\n\n\n<figure class=\"wp-block-image size-full\"><img loading=\"lazy\" decoding=\"async\" width=\"800\" height=\"533\" src=\"https:\/\/www.gaveanews.com\/wp-content\/uploads\/Marinho-em-jogo-do-Flamengo-contra-o-Athletico-PR.webp\" alt=\"\" class=\"wp-image-85944\" srcset=\"https:\/\/www.gaveanews.com\/wp-content\/uploads\/Marinho-em-jogo-do-Flamengo-contra-o-Athletico-PR.webp 800w, https:\/\/www.gaveanews.com\/wp-content\/uploads\/Marinho-em-jogo-do-Flamengo-contra-o-Athletico-PR-300x200.webp 300w, https:\/\/www.gaveanews.com\/wp-content\/uploads\/Marinho-em-jogo-do-Flamengo-contra-o-Athletico-PR-768x512.webp 768w, https:\/\/www.gaveanews.com\/wp-content\/uploads\/Marinho-em-jogo-do-Flamengo-contra-o-Athletico-PR-630x420.webp 630w, https:\/\/www.gaveanews.com\/wp-content\/uploads\/Marinho-em-jogo-do-Flamengo-contra-o-Athletico-PR-640x426.webp 640w, https:\/\/www.gaveanews.com\/wp-content\/uploads\/Marinho-em-jogo-do-Flamengo-contra-o-Athletico-PR-681x454.webp 681w, https:\/\/www.gaveanews.com\/wp-content\/uploads\/Marinho-em-jogo-do-Flamengo-contra-o-Athletico-PR-100x67.webp 100w\" sizes=\"auto, (max-width: 800px) 100vw, 800px\" \/><figcaption class=\"wp-element-caption\">Marinho em jogo do Flamengo contra o Athletico-PR (Foto: Marcelo Cortes\/Flamengo)<\/figcaption><\/figure>\n\n\n\n<p>O atacante Marinho jogou pelo Flamengo em 2022 e conquistou os t\u00edtulos da Copa do Brasil e da Libertadores, antes de acertar sua sa\u00edda do clube carioca. Por\u00e9m, o jogador chegou a atuar pelo Inter no ano de 2009 e disputou cinco jogos, mas sem participa\u00e7\u00e3o em gol. <\/p>\n\n\n\n<h2 class=\"wp-block-heading\" id=\"h-ederson\">Ederson<\/h2>\n\n\n\n<figure class=\"wp-block-image size-large\"><img loading=\"lazy\" decoding=\"async\" width=\"1024\" height=\"680\" src=\"https:\/\/www.gaveanews.com\/wp-content\/uploads\/ederson-1024x680.webp\" alt=\"\" class=\"wp-image-34790\" srcset=\"https:\/\/www.gaveanews.com\/wp-content\/uploads\/ederson-1024x680.webp 1024w, https:\/\/www.gaveanews.com\/wp-content\/uploads\/ederson-300x199.webp 300w, https:\/\/www.gaveanews.com\/wp-content\/uploads\/ederson-768x510.webp 768w, https:\/\/www.gaveanews.com\/wp-content\/uploads\/ederson-633x420.webp 633w, https:\/\/www.gaveanews.com\/wp-content\/uploads\/ederson-1266x840.webp 1266w, https:\/\/www.gaveanews.com\/wp-content\/uploads\/ederson-640x425.webp 640w, https:\/\/www.gaveanews.com\/wp-content\/uploads\/ederson-1280x850.webp 1280w, https:\/\/www.gaveanews.com\/wp-content\/uploads\/ederson-681x452.webp 681w, https:\/\/www.gaveanews.com\/wp-content\/uploads\/ederson-100x66.webp 100w, https:\/\/www.gaveanews.com\/wp-content\/uploads\/ederson.webp 1350w\" sizes=\"auto, (max-width: 1024px) 100vw, 1024px\" \/><\/figure>\n\n\n\n<p>Ederson vestiu as cores do Internacional entre os anos de 2004 e 2005 antes de jogar pelo Lyon, da Fran\u00e7a. O meio-campista chegou ao Flamengo em 2017 e participou de 31 jogos, com quatro gols e uma assist\u00eancia e faturou o Campeonato Carioca daquele ano. Pelo Colorado fez apenas tr\u00eas jogos e n\u00e3o participou de gol. <\/p>\n\n\n\n<h2 class=\"wp-block-heading\" id=\"h-alvaro\">\u00c1lvaro <\/h2>\n\n\n\n<figure class=\"wp-block-embed is-type-photo is-provider-flickr wp-block-embed-flickr\"><div class=\"wp-block-embed__wrapper\">\n<a href=\"https:\/\/www.flickr.com\/photos\/201155970@N03\/54105156369\/in\/dateposted-public\/\"><img loading=\"lazy\" decoding=\"async\" src=\"https:\/\/live.staticflickr.com\/65535\/54105156369_bec99c7fa1_z.webp\" alt=\"imagem_2024-10-30_113351695\" width=\"640\" height=\"426\" \/><\/a>\n<\/div><\/figure>\n\n\n\n<p>O zagueiro \u00c1lvaro jogou pelo Inter em 2008 e foi campe\u00e3o da Copa Sul-Americana. Ao todo, pelo Colorado disputou 38 jogos e marcou um gol. No ano seguinte, se transferiu para o Flamengo, onde disputou 20 partidas e faturou o t\u00edtulo do Brasileir\u00e3o daquele ano. <\/p>\n\n\n\n<h2 class=\"wp-block-heading\" id=\"h-clemer\">Clemer<\/h2>\n\n\n\n<figure class=\"wp-block-embed is-type-photo is-provider-flickr wp-block-embed-flickr\"><div class=\"wp-block-embed__wrapper\">\n<a href=\"https:\/\/www.flickr.com\/photos\/201155970@N03\/54105272170\/in\/dateposted-public\/\"><img loading=\"lazy\" decoding=\"async\" src=\"https:\/\/live.staticflickr.com\/65535\/54105272170_5a1d546071_z.webp\" alt=\"imagem_2024-10-30_113411097\" width=\"640\" height=\"385\" \/><\/a>\n<\/div><\/figure>\n\n\n\n<p>O ex-goleiro Clemer jogou pelo Flamengo entre os anos de 1997 e 2002 e foi campe\u00e3o tr\u00eas vezes do Campeonato Carioca (1999, 2000 e 2001), uma vez da Copa Mercosul (2001) e uma vez da Copa dos Campe\u00f5es (2001). Pelo Inter, Clemer \u00e9 considerado \u00eddolo pela conquista do Mundial de Clubes de 2006. <\/p>\n\n\n\n<h2 class=\"wp-block-heading\" id=\"h-gavilan\">Gavil\u00e1n<\/h2>\n\n\n\n<figure class=\"wp-block-embed is-type-photo is-provider-flickr wp-block-embed-flickr\"><div class=\"wp-block-embed__wrapper\">\n<a href=\"https:\/\/www.flickr.com\/photos\/201155970@N03\/54103954847\/in\/dateposted-public\/\"><img loading=\"lazy\" decoding=\"async\" src=\"https:\/\/live.staticflickr.com\/65535\/54103954847_660964dbe2_n.webp\" alt=\"imagem_2024-10-30_113425517\" width=\"320\" height=\"226\" \/><\/a>\n<\/div><\/figure>\n\n\n\n<p>O volante paraguaio Diego Gavil\u00e1n jogou pelo Inter entre 2003 e 2005 e foi vice-campe\u00e3o do Brasileir\u00e3o de 2005. O jogador ainda faturou o Campeonato Ga\u00facho pelo Colorado em 2003, 2004 e 2005. O jogador conta com uma r\u00e1pida e curta passagem pelo Flamengo em 2008.  <\/p>\n","protected":false},"excerpt":{"rendered":"<p>Times j\u00e1 &#8220;dividiram&#8221; alguns jogadores na hist\u00f3ria Internacional e Flamengo se enfrentam nesta quarta-feira (30) no Est\u00e1dio do Beira-Rio, pela partida da 17\u00b0 rodada, que havia sido adiada. Podemos considerar que o duelo de logo mais \u00e9 o famoso &#8220;jogo de seis pontos&#8221;, j\u00e1 que as equipes brigam pela quarta posi\u00e7\u00e3o na tabela do Brasileir\u00e3o. [&hellip;]<\/p>\n","protected":false},"author":21,"featured_media":88646,"comment_status":"open","ping_status":"closed","sticky":false,"template":"","format":"standard","meta":{"footnotes":""},"categories":[1,148],"tags":[],"class_list":["post-179218","post","type-post","status-publish","format-standard","has-post-thumbnail","hentry","category-flamengo","category-internacional"],"yoast_head":"<!-- This site is optimized with the Yoast SEO Premium plugin v24.2 (Yoast SEO v26.9) - https:\/\/yoast.com\/product\/yoast-seo-premium-wordpress\/ -->\n<title>Ederson, Marinho, \u00c1lvaro, Ren\u00ea, Thiago Maia, Alan Patrick, Clemer, Gavil\u00e1n, Rodinei, Paolo Guerrero: 10 jogadores que j\u00e1 jogaram por Flamengo e Internacional<\/title>\n<meta name=\"robots\" content=\"index, follow, max-snippet:-1, max-image-preview:large, max-video-preview:-1\" \/>\n<link rel=\"canonical\" href=\"https:\/\/www.gaveanews.com\/index.php\/2024\/10\/30\/ederson-marinho-alvaro-rene-thiago-maia-alan-patrick-clemer-gavilan-rodinei-paolo-guerrero-10-jogadores-que-ja-jogaram-por-flamengo-e-internacional\/\" \/>\n<meta property=\"og:locale\" content=\"pt_BR\" \/>\n<meta property=\"og:type\" content=\"article\" \/>\n<meta property=\"og:title\" content=\"Ederson, Marinho, \u00c1lvaro, Ren\u00ea, Thiago Maia, Alan Patrick, Clemer, Gavil\u00e1n, Rodinei, Paolo Guerrero: 10 jogadores que j\u00e1 jogaram por Flamengo e Internacional\" \/>\n<meta property=\"og:description\" content=\"Times j\u00e1 &#8220;dividiram&#8221; alguns jogadores na hist\u00f3ria Internacional e Flamengo se enfrentam nesta quarta-feira (30) no Est\u00e1dio do Beira-Rio, pela partida da 17\u00b0 rodada, que havia sido adiada. Podemos considerar que o duelo de logo mais \u00e9 o famoso &#8220;jogo de seis pontos&#8221;, j\u00e1 que as equipes brigam pela quarta posi\u00e7\u00e3o na tabela do Brasileir\u00e3o. [&hellip;]\" \/>\n<meta property=\"og:url\" content=\"https:\/\/www.gaveanews.com\/index.php\/2024\/10\/30\/ederson-marinho-alvaro-rene-thiago-maia-alan-patrick-clemer-gavilan-rodinei-paolo-guerrero-10-jogadores-que-ja-jogaram-por-flamengo-e-internacional\/\" \/>\n<meta property=\"og:site_name\" content=\"G\u00e1vea News\" \/>\n<meta property=\"article:publisher\" content=\"https:\/\/facebook.com\/gaveaNews\/\" \/>\n<meta property=\"article:published_time\" content=\"2024-10-30T17:00:00+00:00\" \/>\n<meta property=\"og:image\" content=\"https:\/\/www.gaveanews.com\/wp-content\/uploads\/Pedro-em-jogo-do-Flamengo-contra-o-Internacional.webp\" \/>\n\t<meta property=\"og:image:width\" content=\"800\" \/>\n\t<meta property=\"og:image:height\" content=\"533\" \/>\n\t<meta property=\"og:image:type\" content=\"image\/jpeg\" \/>\n<meta name=\"author\" content=\"Andr\u00e9 Serra\" \/>\n<meta name=\"twitter:card\" content=\"summary_large_image\" \/>\n<meta name=\"twitter:label1\" content=\"Escrito por\" \/>\n\t<meta name=\"twitter:data1\" content=\"Andr\u00e9 Serra\" \/>\n\t<meta name=\"twitter:label2\" content=\"Est. tempo de leitura\" \/>\n\t<meta name=\"twitter:data2\" content=\"6 minutos\" \/>\n<script type=\"application\/ld+json\" class=\"yoast-schema-graph\">{\"@context\":\"https:\/\/schema.org\",\"@graph\":[{\"@type\":\"NewsArticle\",\"@id\":\"https:\/\/www.gaveanews.com\/index.php\/2024\/10\/30\/ederson-marinho-alvaro-rene-thiago-maia-alan-patrick-clemer-gavilan-rodinei-paolo-guerrero-10-jogadores-que-ja-jogaram-por-flamengo-e-internacional\/#article\",\"isPartOf\":{\"@id\":\"https:\/\/www.gaveanews.com\/index.php\/2024\/10\/30\/ederson-marinho-alvaro-rene-thiago-maia-alan-patrick-clemer-gavilan-rodinei-paolo-guerrero-10-jogadores-que-ja-jogaram-por-flamengo-e-internacional\/\"},\"author\":{\"name\":\"Andr\u00e9 Serra\",\"@id\":\"https:\/\/www.gaveanews.com\/#\/schema\/person\/0277a79a1289c451c281ec0411d84f0c\"},\"headline\":\"Ederson, Marinho, \u00c1lvaro, Ren\u00ea, Thiago Maia, Alan Patrick, Clemer, Gavil\u00e1n, Rodinei, Paolo Guerrero: 10 jogadores que j\u00e1 jogaram por Flamengo e Internacional\",\"datePublished\":\"2024-10-30T17:00:00+00:00\",\"mainEntityOfPage\":{\"@id\":\"https:\/\/www.gaveanews.com\/index.php\/2024\/10\/30\/ederson-marinho-alvaro-rene-thiago-maia-alan-patrick-clemer-gavilan-rodinei-paolo-guerrero-10-jogadores-que-ja-jogaram-por-flamengo-e-internacional\/\"},\"wordCount\":808,\"commentCount\":0,\"image\":{\"@id\":\"https:\/\/www.gaveanews.com\/index.php\/2024\/10\/30\/ederson-marinho-alvaro-rene-thiago-maia-alan-patrick-clemer-gavilan-rodinei-paolo-guerrero-10-jogadores-que-ja-jogaram-por-flamengo-e-internacional\/#primaryimage\"},\"thumbnailUrl\":\"https:\/\/www.gaveanews.com\/wp-content\/uploads\/Pedro-em-jogo-do-Flamengo-contra-o-Internacional.webp\",\"articleSection\":[\"Flamengo\",\"Internacional\"],\"inLanguage\":\"pt-BR\",\"potentialAction\":[{\"@type\":\"CommentAction\",\"name\":\"Comment\",\"target\":[\"https:\/\/www.gaveanews.com\/index.php\/2024\/10\/30\/ederson-marinho-alvaro-rene-thiago-maia-alan-patrick-clemer-gavilan-rodinei-paolo-guerrero-10-jogadores-que-ja-jogaram-por-flamengo-e-internacional\/#respond\"]}],\"copyrightYear\":\"2024\",\"copyrightHolder\":{\"@id\":\"https:\/\/www.gaveanews.com\/#organization\"}},{\"@type\":\"WebPage\",\"@id\":\"https:\/\/www.gaveanews.com\/index.php\/2024\/10\/30\/ederson-marinho-alvaro-rene-thiago-maia-alan-patrick-clemer-gavilan-rodinei-paolo-guerrero-10-jogadores-que-ja-jogaram-por-flamengo-e-internacional\/\",\"url\":\"https:\/\/www.gaveanews.com\/index.php\/2024\/10\/30\/ederson-marinho-alvaro-rene-thiago-maia-alan-patrick-clemer-gavilan-rodinei-paolo-guerrero-10-jogadores-que-ja-jogaram-por-flamengo-e-internacional\/\",\"name\":\"Ederson, Marinho, \u00c1lvaro, Ren\u00ea, Thiago Maia, Alan Patrick, Clemer, Gavil\u00e1n, Rodinei, Paolo Guerrero: 10 jogadores que j\u00e1 jogaram por Flamengo e Internacional\",\"isPartOf\":{\"@id\":\"https:\/\/www.gaveanews.com\/#website\"},\"primaryImageOfPage\":{\"@id\":\"https:\/\/www.gaveanews.com\/index.php\/2024\/10\/30\/ederson-marinho-alvaro-rene-thiago-maia-alan-patrick-clemer-gavilan-rodinei-paolo-guerrero-10-jogadores-que-ja-jogaram-por-flamengo-e-internacional\/#primaryimage\"},\"image\":{\"@id\":\"https:\/\/www.gaveanews.com\/index.php\/2024\/10\/30\/ederson-marinho-alvaro-rene-thiago-maia-alan-patrick-clemer-gavilan-rodinei-paolo-guerrero-10-jogadores-que-ja-jogaram-por-flamengo-e-internacional\/#primaryimage\"},\"thumbnailUrl\":\"https:\/\/www.gaveanews.com\/wp-content\/uploads\/Pedro-em-jogo-do-Flamengo-contra-o-Internacional.webp\",\"datePublished\":\"2024-10-30T17:00:00+00:00\",\"author\":{\"@id\":\"https:\/\/www.gaveanews.com\/#\/schema\/person\/0277a79a1289c451c281ec0411d84f0c\"},\"breadcrumb\":{\"@id\":\"https:\/\/www.gaveanews.com\/index.php\/2024\/10\/30\/ederson-marinho-alvaro-rene-thiago-maia-alan-patrick-clemer-gavilan-rodinei-paolo-guerrero-10-jogadores-que-ja-jogaram-por-flamengo-e-internacional\/#breadcrumb\"},\"inLanguage\":\"pt-BR\",\"potentialAction\":[{\"@type\":\"ReadAction\",\"target\":[\"https:\/\/www.gaveanews.com\/index.php\/2024\/10\/30\/ederson-marinho-alvaro-rene-thiago-maia-alan-patrick-clemer-gavilan-rodinei-paolo-guerrero-10-jogadores-que-ja-jogaram-por-flamengo-e-internacional\/\"]}]},{\"@type\":\"ImageObject\",\"inLanguage\":\"pt-BR\",\"@id\":\"https:\/\/www.gaveanews.com\/index.php\/2024\/10\/30\/ederson-marinho-alvaro-rene-thiago-maia-alan-patrick-clemer-gavilan-rodinei-paolo-guerrero-10-jogadores-que-ja-jogaram-por-flamengo-e-internacional\/#primaryimage\",\"url\":\"https:\/\/www.gaveanews.com\/wp-content\/uploads\/Pedro-em-jogo-do-Flamengo-contra-o-Internacional.webp\",\"contentUrl\":\"https:\/\/www.gaveanews.com\/wp-content\/uploads\/Pedro-em-jogo-do-Flamengo-contra-o-Internacional.webp\",\"width\":800,\"height\":533,\"caption\":\"Pedro em jogo do Flamengo contra o Internacional (Foto: Marcelo Cortes\/Flamengo)\"},{\"@type\":\"BreadcrumbList\",\"@id\":\"https:\/\/www.gaveanews.com\/index.php\/2024\/10\/30\/ederson-marinho-alvaro-rene-thiago-maia-alan-patrick-clemer-gavilan-rodinei-paolo-guerrero-10-jogadores-que-ja-jogaram-por-flamengo-e-internacional\/#breadcrumb\",\"itemListElement\":[{\"@type\":\"ListItem\",\"position\":1,\"name\":\"Home\",\"item\":\"https:\/\/www.gaveanews.com\/\"},{\"@type\":\"ListItem\",\"position\":2,\"name\":\"Ederson, Marinho, \u00c1lvaro, Ren\u00ea, Thiago Maia, Alan Patrick, Clemer, Gavil\u00e1n, Rodinei, Paolo Guerrero: 10 jogadores que j\u00e1 jogaram por Flamengo e Internacional\"}]},{\"@type\":\"WebSite\",\"@id\":\"https:\/\/www.gaveanews.com\/#website\",\"url\":\"https:\/\/www.gaveanews.com\/\",\"name\":\"G\u00e1vea News\",\"description\":\"Veja todas as not\u00edcias sobre o Flamengo: Contrata\u00e7\u00f5es, categorias de base, resultados das partidas, tabela de classifica\u00e7\u00e3o, pr\u00f3ximos jogos!\",\"potentialAction\":[{\"@type\":\"SearchAction\",\"target\":{\"@type\":\"EntryPoint\",\"urlTemplate\":\"https:\/\/www.gaveanews.com\/?s={search_term_string}\"},\"query-input\":{\"@type\":\"PropertyValueSpecification\",\"valueRequired\":true,\"valueName\":\"search_term_string\"}}],\"inLanguage\":\"pt-BR\"},{\"@type\":\"Person\",\"@id\":\"https:\/\/www.gaveanews.com\/#\/schema\/person\/0277a79a1289c451c281ec0411d84f0c\",\"name\":\"Andr\u00e9 Serra\",\"image\":{\"@type\":\"ImageObject\",\"inLanguage\":\"pt-BR\",\"@id\":\"https:\/\/www.gaveanews.com\/#\/schema\/person\/image\/\",\"url\":\"https:\/\/secure.gravatar.com\/avatar\/d7231369fe48db93292b3e88eb2162dbd9a34a47a8437d9ef3bcaca2a86a83d7?s=96&d=mm&r=g\",\"contentUrl\":\"https:\/\/secure.gravatar.com\/avatar\/d7231369fe48db93292b3e88eb2162dbd9a34a47a8437d9ef3bcaca2a86a83d7?s=96&d=mm&r=g\",\"caption\":\"Andr\u00e9 Serra\"}}]}<\/script>\n<!-- \/ Yoast SEO Premium plugin. -->","yoast_head_json":{"title":"Ederson, Marinho, \u00c1lvaro, Ren\u00ea, Thiago Maia, Alan Patrick, Clemer, Gavil\u00e1n, Rodinei, Paolo Guerrero: 10 jogadores que j\u00e1 jogaram por Flamengo e Internacional","robots":{"index":"index","follow":"follow","max-snippet":"max-snippet:-1","max-image-preview":"max-image-preview:large","max-video-preview":"max-video-preview:-1"},"canonical":"https:\/\/www.gaveanews.com\/index.php\/2024\/10\/30\/ederson-marinho-alvaro-rene-thiago-maia-alan-patrick-clemer-gavilan-rodinei-paolo-guerrero-10-jogadores-que-ja-jogaram-por-flamengo-e-internacional\/","og_locale":"pt_BR","og_type":"article","og_title":"Ederson, Marinho, \u00c1lvaro, Ren\u00ea, Thiago Maia, Alan Patrick, Clemer, Gavil\u00e1n, Rodinei, Paolo Guerrero: 10 jogadores que j\u00e1 jogaram por Flamengo e Internacional","og_description":"Times j\u00e1 &#8220;dividiram&#8221; alguns jogadores na hist\u00f3ria Internacional e Flamengo se enfrentam nesta quarta-feira (30) no Est\u00e1dio do Beira-Rio, pela partida da 17\u00b0 rodada, que havia sido adiada. Podemos considerar que o duelo de logo mais \u00e9 o famoso &#8220;jogo de seis pontos&#8221;, j\u00e1 que as equipes brigam pela quarta posi\u00e7\u00e3o na tabela do Brasileir\u00e3o. [&hellip;]","og_url":"https:\/\/www.gaveanews.com\/index.php\/2024\/10\/30\/ederson-marinho-alvaro-rene-thiago-maia-alan-patrick-clemer-gavilan-rodinei-paolo-guerrero-10-jogadores-que-ja-jogaram-por-flamengo-e-internacional\/","og_site_name":"G\u00e1vea News","article_publisher":"https:\/\/facebook.com\/gaveaNews\/","article_published_time":"2024-10-30T17:00:00+00:00","og_image":[{"width":800,"height":533,"url":"https:\/\/www.gaveanews.com\/wp-content\/uploads\/Pedro-em-jogo-do-Flamengo-contra-o-Internacional.webp","type":"image\/jpeg"}],"author":"Andr\u00e9 Serra","twitter_card":"summary_large_image","twitter_misc":{"Escrito por":"Andr\u00e9 Serra","Est. tempo de leitura":"6 minutos"},"schema":{"@context":"https:\/\/schema.org","@graph":[{"@type":"NewsArticle","@id":"https:\/\/www.gaveanews.com\/index.php\/2024\/10\/30\/ederson-marinho-alvaro-rene-thiago-maia-alan-patrick-clemer-gavilan-rodinei-paolo-guerrero-10-jogadores-que-ja-jogaram-por-flamengo-e-internacional\/#article","isPartOf":{"@id":"https:\/\/www.gaveanews.com\/index.php\/2024\/10\/30\/ederson-marinho-alvaro-rene-thiago-maia-alan-patrick-clemer-gavilan-rodinei-paolo-guerrero-10-jogadores-que-ja-jogaram-por-flamengo-e-internacional\/"},"author":{"name":"Andr\u00e9 Serra","@id":"https:\/\/www.gaveanews.com\/#\/schema\/person\/0277a79a1289c451c281ec0411d84f0c"},"headline":"Ederson, Marinho, \u00c1lvaro, Ren\u00ea, Thiago Maia, Alan Patrick, Clemer, Gavil\u00e1n, Rodinei, Paolo Guerrero: 10 jogadores que j\u00e1 jogaram por Flamengo e Internacional","datePublished":"2024-10-30T17:00:00+00:00","mainEntityOfPage":{"@id":"https:\/\/www.gaveanews.com\/index.php\/2024\/10\/30\/ederson-marinho-alvaro-rene-thiago-maia-alan-patrick-clemer-gavilan-rodinei-paolo-guerrero-10-jogadores-que-ja-jogaram-por-flamengo-e-internacional\/"},"wordCount":808,"commentCount":0,"image":{"@id":"https:\/\/www.gaveanews.com\/index.php\/2024\/10\/30\/ederson-marinho-alvaro-rene-thiago-maia-alan-patrick-clemer-gavilan-rodinei-paolo-guerrero-10-jogadores-que-ja-jogaram-por-flamengo-e-internacional\/#primaryimage"},"thumbnailUrl":"https:\/\/www.gaveanews.com\/wp-content\/uploads\/Pedro-em-jogo-do-Flamengo-contra-o-Internacional.webp","articleSection":["Flamengo","Internacional"],"inLanguage":"pt-BR","potentialAction":[{"@type":"CommentAction","name":"Comment","target":["https:\/\/www.gaveanews.com\/index.php\/2024\/10\/30\/ederson-marinho-alvaro-rene-thiago-maia-alan-patrick-clemer-gavilan-rodinei-paolo-guerrero-10-jogadores-que-ja-jogaram-por-flamengo-e-internacional\/#respond"]}],"copyrightYear":"2024","copyrightHolder":{"@id":"https:\/\/www.gaveanews.com\/#organization"}},{"@type":"WebPage","@id":"https:\/\/www.gaveanews.com\/index.php\/2024\/10\/30\/ederson-marinho-alvaro-rene-thiago-maia-alan-patrick-clemer-gavilan-rodinei-paolo-guerrero-10-jogadores-que-ja-jogaram-por-flamengo-e-internacional\/","url":"https:\/\/www.gaveanews.com\/index.php\/2024\/10\/30\/ederson-marinho-alvaro-rene-thiago-maia-alan-patrick-clemer-gavilan-rodinei-paolo-guerrero-10-jogadores-que-ja-jogaram-por-flamengo-e-internacional\/","name":"Ederson, Marinho, \u00c1lvaro, Ren\u00ea, Thiago Maia, Alan Patrick, Clemer, Gavil\u00e1n, Rodinei, Paolo Guerrero: 10 jogadores que j\u00e1 jogaram por Flamengo e Internacional","isPartOf":{"@id":"https:\/\/www.gaveanews.com\/#website"},"primaryImageOfPage":{"@id":"https:\/\/www.gaveanews.com\/index.php\/2024\/10\/30\/ederson-marinho-alvaro-rene-thiago-maia-alan-patrick-clemer-gavilan-rodinei-paolo-guerrero-10-jogadores-que-ja-jogaram-por-flamengo-e-internacional\/#primaryimage"},"image":{"@id":"https:\/\/www.gaveanews.com\/index.php\/2024\/10\/30\/ederson-marinho-alvaro-rene-thiago-maia-alan-patrick-clemer-gavilan-rodinei-paolo-guerrero-10-jogadores-que-ja-jogaram-por-flamengo-e-internacional\/#primaryimage"},"thumbnailUrl":"https:\/\/www.gaveanews.com\/wp-content\/uploads\/Pedro-em-jogo-do-Flamengo-contra-o-Internacional.webp","datePublished":"2024-10-30T17:00:00+00:00","author":{"@id":"https:\/\/www.gaveanews.com\/#\/schema\/person\/0277a79a1289c451c281ec0411d84f0c"},"breadcrumb":{"@id":"https:\/\/www.gaveanews.com\/index.php\/2024\/10\/30\/ederson-marinho-alvaro-rene-thiago-maia-alan-patrick-clemer-gavilan-rodinei-paolo-guerrero-10-jogadores-que-ja-jogaram-por-flamengo-e-internacional\/#breadcrumb"},"inLanguage":"pt-BR","potentialAction":[{"@type":"ReadAction","target":["https:\/\/www.gaveanews.com\/index.php\/2024\/10\/30\/ederson-marinho-alvaro-rene-thiago-maia-alan-patrick-clemer-gavilan-rodinei-paolo-guerrero-10-jogadores-que-ja-jogaram-por-flamengo-e-internacional\/"]}]},{"@type":"ImageObject","inLanguage":"pt-BR","@id":"https:\/\/www.gaveanews.com\/index.php\/2024\/10\/30\/ederson-marinho-alvaro-rene-thiago-maia-alan-patrick-clemer-gavilan-rodinei-paolo-guerrero-10-jogadores-que-ja-jogaram-por-flamengo-e-internacional\/#primaryimage","url":"https:\/\/www.gaveanews.com\/wp-content\/uploads\/Pedro-em-jogo-do-Flamengo-contra-o-Internacional.webp","contentUrl":"https:\/\/www.gaveanews.com\/wp-content\/uploads\/Pedro-em-jogo-do-Flamengo-contra-o-Internacional.webp","width":800,"height":533,"caption":"Pedro em jogo do Flamengo contra o Internacional (Foto: Marcelo Cortes\/Flamengo)"},{"@type":"BreadcrumbList","@id":"https:\/\/www.gaveanews.com\/index.php\/2024\/10\/30\/ederson-marinho-alvaro-rene-thiago-maia-alan-patrick-clemer-gavilan-rodinei-paolo-guerrero-10-jogadores-que-ja-jogaram-por-flamengo-e-internacional\/#breadcrumb","itemListElement":[{"@type":"ListItem","position":1,"name":"Home","item":"https:\/\/www.gaveanews.com\/"},{"@type":"ListItem","position":2,"name":"Ederson, Marinho, \u00c1lvaro, Ren\u00ea, Thiago Maia, Alan Patrick, Clemer, Gavil\u00e1n, Rodinei, Paolo Guerrero: 10 jogadores que j\u00e1 jogaram por Flamengo e Internacional"}]},{"@type":"WebSite","@id":"https:\/\/www.gaveanews.com\/#website","url":"https:\/\/www.gaveanews.com\/","name":"G\u00e1vea News","description":"Veja todas as not\u00edcias sobre o Flamengo: Contrata\u00e7\u00f5es, categorias de base, resultados das partidas, tabela de classifica\u00e7\u00e3o, pr\u00f3ximos jogos!","potentialAction":[{"@type":"SearchAction","target":{"@type":"EntryPoint","urlTemplate":"https:\/\/www.gaveanews.com\/?s={search_term_string}"},"query-input":{"@type":"PropertyValueSpecification","valueRequired":true,"valueName":"search_term_string"}}],"inLanguage":"pt-BR"},{"@type":"Person","@id":"https:\/\/www.gaveanews.com\/#\/schema\/person\/0277a79a1289c451c281ec0411d84f0c","name":"Andr\u00e9 Serra","image":{"@type":"ImageObject","inLanguage":"pt-BR","@id":"https:\/\/www.gaveanews.com\/#\/schema\/person\/image\/","url":"https:\/\/secure.gravatar.com\/avatar\/d7231369fe48db93292b3e88eb2162dbd9a34a47a8437d9ef3bcaca2a86a83d7?s=96&d=mm&r=g","contentUrl":"https:\/\/secure.gravatar.com\/avatar\/d7231369fe48db93292b3e88eb2162dbd9a34a47a8437d9ef3bcaca2a86a83d7?s=96&d=mm&r=g","caption":"Andr\u00e9 Serra"}}]}},"_links":{"self":[{"href":"https:\/\/www.gaveanews.com\/index.php\/wp-json\/wp\/v2\/posts\/179218","targetHints":{"allow":["GET"]}}],"collection":[{"href":"https:\/\/www.gaveanews.com\/index.php\/wp-json\/wp\/v2\/posts"}],"about":[{"href":"https:\/\/www.gaveanews.com\/index.php\/wp-json\/wp\/v2\/types\/post"}],"author":[{"embeddable":true,"href":"https:\/\/www.gaveanews.com\/index.php\/wp-json\/wp\/v2\/users\/21"}],"replies":[{"embeddable":true,"href":"https:\/\/www.gaveanews.com\/index.php\/wp-json\/wp\/v2\/comments?post=179218"}],"version-history":[{"count":2,"href":"https:\/\/www.gaveanews.com\/index.php\/wp-json\/wp\/v2\/posts\/179218\/revisions"}],"predecessor-version":[{"id":179262,"href":"https:\/\/www.gaveanews.com\/index.php\/wp-json\/wp\/v2\/posts\/179218\/revisions\/179262"}],"wp:featuredmedia":[{"embeddable":true,"href":"https:\/\/www.gaveanews.com\/index.php\/wp-json\/wp\/v2\/media\/88646"}],"wp:attachment":[{"href":"https:\/\/www.gaveanews.com\/index.php\/wp-json\/wp\/v2\/media?parent=179218"}],"wp:term":[{"taxonomy":"category","embeddable":true,"href":"https:\/\/www.gaveanews.com\/index.php\/wp-json\/wp\/v2\/categories?post=179218"},{"taxonomy":"post_tag","embeddable":true,"href":"https:\/\/www.gaveanews.com\/index.php\/wp-json\/wp\/v2\/tags?post=179218"}],"curies":[{"name":"wp","href":"https:\/\/api.w.org\/{rel}","templated":true}]}}