{"id":179257,"date":"2024-10-30T12:50:00","date_gmt":"2024-10-30T15:50:00","guid":{"rendered":"https:\/\/www.gaveanews.com\/?p=179257"},"modified":"2024-10-30T11:58:51","modified_gmt":"2024-10-30T14:58:51","slug":"ele-foi-emprestado-pelo-santos-e-agora-e-destaque-de-seu-time-no-exterior","status":"publish","type":"post","link":"https:\/\/www.gaveanews.com\/index.php\/2024\/10\/30\/ele-foi-emprestado-pelo-santos-e-agora-e-destaque-de-seu-time-no-exterior\/","title":{"rendered":"Ele foi emprestado pelo Santos e agora \u00e9 destaque de seu time no exterior"},"content":{"rendered":"\n<h2 class=\"wp-block-heading\" id=\"h-atacante-vem-sendo-grande-destaque\">Atacante vem sendo grande destaque <\/h2>\n\n\n\n<p>Lucas Braga, atacante que pertence e est\u00e1 emprestado pelo Santos ao Shimizu S-Pulse, do Jap\u00e3o, foi um dos principais destaques da equipe no acesso a primeira divis\u00e3o do Campeonato Japon\u00eas. O jogador anotou oito gols na temporada e ajudou o clube a garantir o acesso faltando ainda duas rodadas para o encerramento da competi\u00e7\u00e3o. <\/p>\n\n\n\n<ul class=\"wp-block-list\">\n<li><a href=\"https:\/\/www.gaveanews.com\/index.php\/2024\/10\/29\/a-declaracao-de-fabio-carille-direcionada-a-patrick-no-santos\/\">A declara\u00e7\u00e3o de F\u00e1bio Carille direcionada a Patrick, no Santos<\/a><\/li>\n\n\n\n<li><a href=\"https:\/\/www.gaveanews.com\/index.php\/2024\/10\/29\/a-declaracao-de-alexandre-gallo-sobre-a-situacao-de-morelos\/\">A declara\u00e7\u00e3o de Alexandre Gallo sobre a situa\u00e7\u00e3o de Morelos<\/a><\/li>\n<\/ul>\n\n\n\n<p>Neste momento, o Shimizu disputa o t\u00edtulo do torneio e possui 76 pontos, contra 74 do Yokohama. Lucas Braga possui contrato de empr\u00e9stimo com o Shimizu S-Pulse at\u00e9 o final da atual temporada. No entanto, o futuro do jogador ainda \u00e9 incerto, j\u00e1 que o Peixe n\u00e3o pretende contar com o atleta em seu elenco para 2025. <\/p>\n\n\n\n<p>O atacante possui contrato com o Santos at\u00e9 abril de 2026 e n\u00e3o dever\u00e1 jogar mais pelo Peixe, j\u00e1 que a diretoria deseja a venda do jogador, para assim trazer novos refor\u00e7os para a temporada do ano que vem. Com a camisa santista, Lucas Braga anotou apenas 18 gols em 199 partidas disputadas. <\/p>\n\n\n\n<figure class=\"wp-block-embed is-type-photo is-provider-flickr wp-block-embed-flickr\"><div class=\"wp-block-embed__wrapper\">\n<a href=\"https:\/\/www.flickr.com\/photos\/201155970@N03\/54104866781\/in\/dateposted-public\/\"><img loading=\"lazy\" decoding=\"async\" src=\"https:\/\/live.staticflickr.com\/65535\/54104866781_7dbc3a93cd_z.webp\" alt=\"imagem_2024-10-30_115818368\" width=\"640\" height=\"427\" \/><\/a>\n<\/div><\/figure>\n\n\n\n<p>Como o atacante n\u00e3o faz parte dos planos do Santos e vem tendo \u00f3timas atua\u00e7\u00f5es pelo time japon\u00eas, o Shimizu S-Pulse&nbsp;aparece como interessado em contar com o jogador de forma definitiva. Por\u00e9m, o Shimizu ainda n\u00e3o enviou uma proposta oficial ao Peixe, que j\u00e1 recebeu sondagens de outras equipes. <\/p>\n\n\n\n<p>Lucas Braga chegou ao Santos no ano de 2019, ap\u00f3s passagem pelo Luverdense e foi emprestado ao Cuiab\u00e1 naquela temporada. Em seu retorno ao Peixe, o jogador fez parte do elenco principal e participou da campanha da equipe no vice-campeonato da Libertadores. Desde ent\u00e3o, o atacante fez parte do time alvinegro praiano at\u00e9 sua atual experi\u00eancia no futebol japon\u00eas.<\/p>\n\n\n\n<p>O plano de Marcelo Teixeira, presidente do Santos, \u00e9 de fazer uma limpa no elenco santista, que pode incluir a transfer\u00eancia em definitivo de Lucas Braga para algum clube, para assim poder trazer novos refor\u00e7os para a temporada de 2025, que marca a volta do Santos \u00e1 S\u00e9rie A do Brasileir\u00e3o. <\/p>\n","protected":false},"excerpt":{"rendered":"<p>Atacante vem sendo grande destaque Lucas Braga, atacante que pertence e est\u00e1 emprestado pelo Santos ao Shimizu S-Pulse, do Jap\u00e3o, foi um dos principais destaques da equipe no acesso a primeira divis\u00e3o do Campeonato Japon\u00eas. O jogador anotou oito gols na temporada e ajudou o clube a garantir o acesso faltando ainda duas rodadas para [&hellip;]<\/p>\n","protected":false},"author":21,"featured_media":165619,"comment_status":"open","ping_status":"closed","sticky":false,"template":"","format":"standard","meta":{"footnotes":""},"categories":[139],"tags":[],"class_list":["post-179257","post","type-post","status-publish","format-standard","has-post-thumbnail","hentry","category-santos"],"yoast_head":"<!-- This site is optimized with the Yoast SEO Premium plugin v24.2 (Yoast SEO v26.9) - https:\/\/yoast.com\/product\/yoast-seo-premium-wordpress\/ -->\n<title>Ele foi emprestado pelo Santos e agora \u00e9 destaque de seu time no exterior<\/title>\n<meta name=\"robots\" content=\"index, follow, max-snippet:-1, max-image-preview:large, max-video-preview:-1\" \/>\n<link rel=\"canonical\" href=\"https:\/\/www.gaveanews.com\/index.php\/2024\/10\/30\/ele-foi-emprestado-pelo-santos-e-agora-e-destaque-de-seu-time-no-exterior\/\" \/>\n<meta property=\"og:locale\" content=\"pt_BR\" \/>\n<meta property=\"og:type\" content=\"article\" \/>\n<meta property=\"og:title\" content=\"Ele foi emprestado pelo Santos e agora \u00e9 destaque de seu time no exterior\" \/>\n<meta property=\"og:description\" content=\"Atacante vem sendo grande destaque Lucas Braga, atacante que pertence e est\u00e1 emprestado pelo Santos ao Shimizu S-Pulse, do Jap\u00e3o, foi um dos principais destaques da equipe no acesso a primeira divis\u00e3o do Campeonato Japon\u00eas. O jogador anotou oito gols na temporada e ajudou o clube a garantir o acesso faltando ainda duas rodadas para [&hellip;]\" \/>\n<meta property=\"og:url\" content=\"https:\/\/www.gaveanews.com\/index.php\/2024\/10\/30\/ele-foi-emprestado-pelo-santos-e-agora-e-destaque-de-seu-time-no-exterior\/\" \/>\n<meta property=\"og:site_name\" content=\"G\u00e1vea News\" \/>\n<meta property=\"article:publisher\" content=\"https:\/\/facebook.com\/gaveaNews\/\" \/>\n<meta property=\"article:published_time\" content=\"2024-10-30T15:50:00+00:00\" \/>\n<meta property=\"og:image\" content=\"https:\/\/www.gaveanews.com\/wp-content\/uploads\/Escudo-do-Santos-2.webp\" \/>\n\t<meta property=\"og:image:width\" content=\"1424\" \/>\n\t<meta property=\"og:image:height\" content=\"949\" \/>\n\t<meta property=\"og:image:type\" content=\"image\/webp\" \/>\n<meta name=\"author\" content=\"Andr\u00e9 Serra\" \/>\n<meta name=\"twitter:card\" content=\"summary_large_image\" \/>\n<meta name=\"twitter:label1\" content=\"Escrito por\" \/>\n\t<meta name=\"twitter:data1\" content=\"Andr\u00e9 Serra\" \/>\n\t<meta name=\"twitter:label2\" content=\"Est. tempo de leitura\" \/>\n\t<meta name=\"twitter:data2\" content=\"3 minutos\" \/>\n<script type=\"application\/ld+json\" class=\"yoast-schema-graph\">{\"@context\":\"https:\/\/schema.org\",\"@graph\":[{\"@type\":\"NewsArticle\",\"@id\":\"https:\/\/www.gaveanews.com\/index.php\/2024\/10\/30\/ele-foi-emprestado-pelo-santos-e-agora-e-destaque-de-seu-time-no-exterior\/#article\",\"isPartOf\":{\"@id\":\"https:\/\/www.gaveanews.com\/index.php\/2024\/10\/30\/ele-foi-emprestado-pelo-santos-e-agora-e-destaque-de-seu-time-no-exterior\/\"},\"author\":{\"name\":\"Andr\u00e9 Serra\",\"@id\":\"https:\/\/www.gaveanews.com\/#\/schema\/person\/0277a79a1289c451c281ec0411d84f0c\"},\"headline\":\"Ele foi emprestado pelo Santos e agora \u00e9 destaque de seu time no exterior\",\"datePublished\":\"2024-10-30T15:50:00+00:00\",\"mainEntityOfPage\":{\"@id\":\"https:\/\/www.gaveanews.com\/index.php\/2024\/10\/30\/ele-foi-emprestado-pelo-santos-e-agora-e-destaque-de-seu-time-no-exterior\/\"},\"wordCount\":386,\"commentCount\":0,\"image\":{\"@id\":\"https:\/\/www.gaveanews.com\/index.php\/2024\/10\/30\/ele-foi-emprestado-pelo-santos-e-agora-e-destaque-de-seu-time-no-exterior\/#primaryimage\"},\"thumbnailUrl\":\"https:\/\/www.gaveanews.com\/wp-content\/uploads\/Escudo-do-Santos-2.webp\",\"articleSection\":[\"Santos\"],\"inLanguage\":\"pt-BR\",\"potentialAction\":[{\"@type\":\"CommentAction\",\"name\":\"Comment\",\"target\":[\"https:\/\/www.gaveanews.com\/index.php\/2024\/10\/30\/ele-foi-emprestado-pelo-santos-e-agora-e-destaque-de-seu-time-no-exterior\/#respond\"]}],\"copyrightYear\":\"2024\",\"copyrightHolder\":{\"@id\":\"https:\/\/www.gaveanews.com\/#organization\"}},{\"@type\":\"WebPage\",\"@id\":\"https:\/\/www.gaveanews.com\/index.php\/2024\/10\/30\/ele-foi-emprestado-pelo-santos-e-agora-e-destaque-de-seu-time-no-exterior\/\",\"url\":\"https:\/\/www.gaveanews.com\/index.php\/2024\/10\/30\/ele-foi-emprestado-pelo-santos-e-agora-e-destaque-de-seu-time-no-exterior\/\",\"name\":\"Ele foi emprestado pelo Santos e agora \u00e9 destaque de seu time no exterior\",\"isPartOf\":{\"@id\":\"https:\/\/www.gaveanews.com\/#website\"},\"primaryImageOfPage\":{\"@id\":\"https:\/\/www.gaveanews.com\/index.php\/2024\/10\/30\/ele-foi-emprestado-pelo-santos-e-agora-e-destaque-de-seu-time-no-exterior\/#primaryimage\"},\"image\":{\"@id\":\"https:\/\/www.gaveanews.com\/index.php\/2024\/10\/30\/ele-foi-emprestado-pelo-santos-e-agora-e-destaque-de-seu-time-no-exterior\/#primaryimage\"},\"thumbnailUrl\":\"https:\/\/www.gaveanews.com\/wp-content\/uploads\/Escudo-do-Santos-2.webp\",\"datePublished\":\"2024-10-30T15:50:00+00:00\",\"author\":{\"@id\":\"https:\/\/www.gaveanews.com\/#\/schema\/person\/0277a79a1289c451c281ec0411d84f0c\"},\"breadcrumb\":{\"@id\":\"https:\/\/www.gaveanews.com\/index.php\/2024\/10\/30\/ele-foi-emprestado-pelo-santos-e-agora-e-destaque-de-seu-time-no-exterior\/#breadcrumb\"},\"inLanguage\":\"pt-BR\",\"potentialAction\":[{\"@type\":\"ReadAction\",\"target\":[\"https:\/\/www.gaveanews.com\/index.php\/2024\/10\/30\/ele-foi-emprestado-pelo-santos-e-agora-e-destaque-de-seu-time-no-exterior\/\"]}]},{\"@type\":\"ImageObject\",\"inLanguage\":\"pt-BR\",\"@id\":\"https:\/\/www.gaveanews.com\/index.php\/2024\/10\/30\/ele-foi-emprestado-pelo-santos-e-agora-e-destaque-de-seu-time-no-exterior\/#primaryimage\",\"url\":\"https:\/\/www.gaveanews.com\/wp-content\/uploads\/Escudo-do-Santos-2.webp\",\"contentUrl\":\"https:\/\/www.gaveanews.com\/wp-content\/uploads\/Escudo-do-Santos-2.webp\",\"width\":1424,\"height\":949,\"caption\":\"Escudo do Santos (Foto: Raul Baretta\/Santos FC)\"},{\"@type\":\"BreadcrumbList\",\"@id\":\"https:\/\/www.gaveanews.com\/index.php\/2024\/10\/30\/ele-foi-emprestado-pelo-santos-e-agora-e-destaque-de-seu-time-no-exterior\/#breadcrumb\",\"itemListElement\":[{\"@type\":\"ListItem\",\"position\":1,\"name\":\"Home\",\"item\":\"https:\/\/www.gaveanews.com\/\"},{\"@type\":\"ListItem\",\"position\":2,\"name\":\"Ele foi emprestado pelo Santos e agora \u00e9 destaque de seu time no exterior\"}]},{\"@type\":\"WebSite\",\"@id\":\"https:\/\/www.gaveanews.com\/#website\",\"url\":\"https:\/\/www.gaveanews.com\/\",\"name\":\"G\u00e1vea News\",\"description\":\"Veja todas as not\u00edcias sobre o Flamengo: Contrata\u00e7\u00f5es, categorias de base, resultados das partidas, tabela de classifica\u00e7\u00e3o, pr\u00f3ximos jogos!\",\"potentialAction\":[{\"@type\":\"SearchAction\",\"target\":{\"@type\":\"EntryPoint\",\"urlTemplate\":\"https:\/\/www.gaveanews.com\/?s={search_term_string}\"},\"query-input\":{\"@type\":\"PropertyValueSpecification\",\"valueRequired\":true,\"valueName\":\"search_term_string\"}}],\"inLanguage\":\"pt-BR\"},{\"@type\":\"Person\",\"@id\":\"https:\/\/www.gaveanews.com\/#\/schema\/person\/0277a79a1289c451c281ec0411d84f0c\",\"name\":\"Andr\u00e9 Serra\",\"image\":{\"@type\":\"ImageObject\",\"inLanguage\":\"pt-BR\",\"@id\":\"https:\/\/www.gaveanews.com\/#\/schema\/person\/image\/\",\"url\":\"https:\/\/secure.gravatar.com\/avatar\/d7231369fe48db93292b3e88eb2162dbd9a34a47a8437d9ef3bcaca2a86a83d7?s=96&d=mm&r=g\",\"contentUrl\":\"https:\/\/secure.gravatar.com\/avatar\/d7231369fe48db93292b3e88eb2162dbd9a34a47a8437d9ef3bcaca2a86a83d7?s=96&d=mm&r=g\",\"caption\":\"Andr\u00e9 Serra\"}}]}<\/script>\n<!-- \/ Yoast SEO Premium plugin. -->","yoast_head_json":{"title":"Ele foi emprestado pelo Santos e agora \u00e9 destaque de seu time no exterior","robots":{"index":"index","follow":"follow","max-snippet":"max-snippet:-1","max-image-preview":"max-image-preview:large","max-video-preview":"max-video-preview:-1"},"canonical":"https:\/\/www.gaveanews.com\/index.php\/2024\/10\/30\/ele-foi-emprestado-pelo-santos-e-agora-e-destaque-de-seu-time-no-exterior\/","og_locale":"pt_BR","og_type":"article","og_title":"Ele foi emprestado pelo Santos e agora \u00e9 destaque de seu time no exterior","og_description":"Atacante vem sendo grande destaque Lucas Braga, atacante que pertence e est\u00e1 emprestado pelo Santos ao Shimizu S-Pulse, do Jap\u00e3o, foi um dos principais destaques da equipe no acesso a primeira divis\u00e3o do Campeonato Japon\u00eas. O jogador anotou oito gols na temporada e ajudou o clube a garantir o acesso faltando ainda duas rodadas para [&hellip;]","og_url":"https:\/\/www.gaveanews.com\/index.php\/2024\/10\/30\/ele-foi-emprestado-pelo-santos-e-agora-e-destaque-de-seu-time-no-exterior\/","og_site_name":"G\u00e1vea News","article_publisher":"https:\/\/facebook.com\/gaveaNews\/","article_published_time":"2024-10-30T15:50:00+00:00","og_image":[{"width":1424,"height":949,"url":"https:\/\/www.gaveanews.com\/wp-content\/uploads\/Escudo-do-Santos-2.webp","type":"image\/webp"}],"author":"Andr\u00e9 Serra","twitter_card":"summary_large_image","twitter_misc":{"Escrito por":"Andr\u00e9 Serra","Est. tempo de leitura":"3 minutos"},"schema":{"@context":"https:\/\/schema.org","@graph":[{"@type":"NewsArticle","@id":"https:\/\/www.gaveanews.com\/index.php\/2024\/10\/30\/ele-foi-emprestado-pelo-santos-e-agora-e-destaque-de-seu-time-no-exterior\/#article","isPartOf":{"@id":"https:\/\/www.gaveanews.com\/index.php\/2024\/10\/30\/ele-foi-emprestado-pelo-santos-e-agora-e-destaque-de-seu-time-no-exterior\/"},"author":{"name":"Andr\u00e9 Serra","@id":"https:\/\/www.gaveanews.com\/#\/schema\/person\/0277a79a1289c451c281ec0411d84f0c"},"headline":"Ele foi emprestado pelo Santos e agora \u00e9 destaque de seu time no exterior","datePublished":"2024-10-30T15:50:00+00:00","mainEntityOfPage":{"@id":"https:\/\/www.gaveanews.com\/index.php\/2024\/10\/30\/ele-foi-emprestado-pelo-santos-e-agora-e-destaque-de-seu-time-no-exterior\/"},"wordCount":386,"commentCount":0,"image":{"@id":"https:\/\/www.gaveanews.com\/index.php\/2024\/10\/30\/ele-foi-emprestado-pelo-santos-e-agora-e-destaque-de-seu-time-no-exterior\/#primaryimage"},"thumbnailUrl":"https:\/\/www.gaveanews.com\/wp-content\/uploads\/Escudo-do-Santos-2.webp","articleSection":["Santos"],"inLanguage":"pt-BR","potentialAction":[{"@type":"CommentAction","name":"Comment","target":["https:\/\/www.gaveanews.com\/index.php\/2024\/10\/30\/ele-foi-emprestado-pelo-santos-e-agora-e-destaque-de-seu-time-no-exterior\/#respond"]}],"copyrightYear":"2024","copyrightHolder":{"@id":"https:\/\/www.gaveanews.com\/#organization"}},{"@type":"WebPage","@id":"https:\/\/www.gaveanews.com\/index.php\/2024\/10\/30\/ele-foi-emprestado-pelo-santos-e-agora-e-destaque-de-seu-time-no-exterior\/","url":"https:\/\/www.gaveanews.com\/index.php\/2024\/10\/30\/ele-foi-emprestado-pelo-santos-e-agora-e-destaque-de-seu-time-no-exterior\/","name":"Ele foi emprestado pelo Santos e agora \u00e9 destaque de seu time no exterior","isPartOf":{"@id":"https:\/\/www.gaveanews.com\/#website"},"primaryImageOfPage":{"@id":"https:\/\/www.gaveanews.com\/index.php\/2024\/10\/30\/ele-foi-emprestado-pelo-santos-e-agora-e-destaque-de-seu-time-no-exterior\/#primaryimage"},"image":{"@id":"https:\/\/www.gaveanews.com\/index.php\/2024\/10\/30\/ele-foi-emprestado-pelo-santos-e-agora-e-destaque-de-seu-time-no-exterior\/#primaryimage"},"thumbnailUrl":"https:\/\/www.gaveanews.com\/wp-content\/uploads\/Escudo-do-Santos-2.webp","datePublished":"2024-10-30T15:50:00+00:00","author":{"@id":"https:\/\/www.gaveanews.com\/#\/schema\/person\/0277a79a1289c451c281ec0411d84f0c"},"breadcrumb":{"@id":"https:\/\/www.gaveanews.com\/index.php\/2024\/10\/30\/ele-foi-emprestado-pelo-santos-e-agora-e-destaque-de-seu-time-no-exterior\/#breadcrumb"},"inLanguage":"pt-BR","potentialAction":[{"@type":"ReadAction","target":["https:\/\/www.gaveanews.com\/index.php\/2024\/10\/30\/ele-foi-emprestado-pelo-santos-e-agora-e-destaque-de-seu-time-no-exterior\/"]}]},{"@type":"ImageObject","inLanguage":"pt-BR","@id":"https:\/\/www.gaveanews.com\/index.php\/2024\/10\/30\/ele-foi-emprestado-pelo-santos-e-agora-e-destaque-de-seu-time-no-exterior\/#primaryimage","url":"https:\/\/www.gaveanews.com\/wp-content\/uploads\/Escudo-do-Santos-2.webp","contentUrl":"https:\/\/www.gaveanews.com\/wp-content\/uploads\/Escudo-do-Santos-2.webp","width":1424,"height":949,"caption":"Escudo do Santos (Foto: Raul Baretta\/Santos FC)"},{"@type":"BreadcrumbList","@id":"https:\/\/www.gaveanews.com\/index.php\/2024\/10\/30\/ele-foi-emprestado-pelo-santos-e-agora-e-destaque-de-seu-time-no-exterior\/#breadcrumb","itemListElement":[{"@type":"ListItem","position":1,"name":"Home","item":"https:\/\/www.gaveanews.com\/"},{"@type":"ListItem","position":2,"name":"Ele foi emprestado pelo Santos e agora \u00e9 destaque de seu time no exterior"}]},{"@type":"WebSite","@id":"https:\/\/www.gaveanews.com\/#website","url":"https:\/\/www.gaveanews.com\/","name":"G\u00e1vea News","description":"Veja todas as not\u00edcias sobre o Flamengo: Contrata\u00e7\u00f5es, categorias de base, resultados das partidas, tabela de classifica\u00e7\u00e3o, pr\u00f3ximos jogos!","potentialAction":[{"@type":"SearchAction","target":{"@type":"EntryPoint","urlTemplate":"https:\/\/www.gaveanews.com\/?s={search_term_string}"},"query-input":{"@type":"PropertyValueSpecification","valueRequired":true,"valueName":"search_term_string"}}],"inLanguage":"pt-BR"},{"@type":"Person","@id":"https:\/\/www.gaveanews.com\/#\/schema\/person\/0277a79a1289c451c281ec0411d84f0c","name":"Andr\u00e9 Serra","image":{"@type":"ImageObject","inLanguage":"pt-BR","@id":"https:\/\/www.gaveanews.com\/#\/schema\/person\/image\/","url":"https:\/\/secure.gravatar.com\/avatar\/d7231369fe48db93292b3e88eb2162dbd9a34a47a8437d9ef3bcaca2a86a83d7?s=96&d=mm&r=g","contentUrl":"https:\/\/secure.gravatar.com\/avatar\/d7231369fe48db93292b3e88eb2162dbd9a34a47a8437d9ef3bcaca2a86a83d7?s=96&d=mm&r=g","caption":"Andr\u00e9 Serra"}}]}},"_links":{"self":[{"href":"https:\/\/www.gaveanews.com\/index.php\/wp-json\/wp\/v2\/posts\/179257","targetHints":{"allow":["GET"]}}],"collection":[{"href":"https:\/\/www.gaveanews.com\/index.php\/wp-json\/wp\/v2\/posts"}],"about":[{"href":"https:\/\/www.gaveanews.com\/index.php\/wp-json\/wp\/v2\/types\/post"}],"author":[{"embeddable":true,"href":"https:\/\/www.gaveanews.com\/index.php\/wp-json\/wp\/v2\/users\/21"}],"replies":[{"embeddable":true,"href":"https:\/\/www.gaveanews.com\/index.php\/wp-json\/wp\/v2\/comments?post=179257"}],"version-history":[{"count":2,"href":"https:\/\/www.gaveanews.com\/index.php\/wp-json\/wp\/v2\/posts\/179257\/revisions"}],"predecessor-version":[{"id":179289,"href":"https:\/\/www.gaveanews.com\/index.php\/wp-json\/wp\/v2\/posts\/179257\/revisions\/179289"}],"wp:featuredmedia":[{"embeddable":true,"href":"https:\/\/www.gaveanews.com\/index.php\/wp-json\/wp\/v2\/media\/165619"}],"wp:attachment":[{"href":"https:\/\/www.gaveanews.com\/index.php\/wp-json\/wp\/v2\/media?parent=179257"}],"wp:term":[{"taxonomy":"category","embeddable":true,"href":"https:\/\/www.gaveanews.com\/index.php\/wp-json\/wp\/v2\/categories?post=179257"},{"taxonomy":"post_tag","embeddable":true,"href":"https:\/\/www.gaveanews.com\/index.php\/wp-json\/wp\/v2\/tags?post=179257"}],"curies":[{"name":"wp","href":"https:\/\/api.w.org\/{rel}","templated":true}]}}