{"id":179304,"date":"2024-10-30T14:20:00","date_gmt":"2024-10-30T17:20:00","guid":{"rendered":"https:\/\/www.gaveanews.com\/?p=179304"},"modified":"2024-10-30T13:52:55","modified_gmt":"2024-10-30T16:52:55","slug":"competicao-que-o-palmeiras-vai-disputar-em-2025-podera-ser-cancelada","status":"publish","type":"post","link":"https:\/\/www.gaveanews.com\/index.php\/2024\/10\/30\/competicao-que-o-palmeiras-vai-disputar-em-2025-podera-ser-cancelada\/","title":{"rendered":"Competi\u00e7\u00e3o que o Palmeiras vai disputar em 2025 poder\u00e1 ser cancelada"},"content":{"rendered":"\n<p>Com o Mundial de Clubes da FIFA programado para acontecer entre junho e julho de 2025, a expectativa em torno da competi\u00e7\u00e3o \u00e9 grande, especialmente para clubes como o Palmeiras, que almejam brilhar no torneio.&nbsp;<\/p>\n\n\n\n<ul class=\"wp-block-list\">\n<li><a href=\"https:\/\/www.gaveanews.com\/index.php\/2024\/10\/30\/palmeiras-x-corinthians-abel-ferreira-recebe-otima-noticia\/\">Palmeiras x Corinthians: Abel Ferreira recebe \u00f3tima not\u00edcia<\/a><\/li>\n\n\n\n<li><a href=\"https:\/\/www.gaveanews.com\/index.php\/2024\/10\/30\/a-probabilidade-atualizada-do-palmeiras-ser-campeao-do-brasileirao\/\">A probabilidade atualizada do Palmeiras ser campe\u00e3o do Brasileir\u00e3o<\/a><\/li>\n<\/ul>\n\n\n\n<p>No entanto, o presidente da La Liga, Javier Tebas, levantou s\u00e9rias d\u00favidas sobre a realiza\u00e7\u00e3o do evento, enfatizando problemas financeiros que podem inviabiliz\u00e1-lo.<\/p>\n\n\n\n<h2 class=\"wp-block-heading\" id=\"h-incertezas-financeiras-e-criticas-a-fifa\">Incertezas financeiras e cr\u00edticas \u00e0 FIFA<\/h2>\n\n\n\n<p>Javier Tebas, um cr\u00edtico ferrenho do novo formato do Mundial de Clubes, expressou sua falta de confian\u00e7a na realiza\u00e7\u00e3o da competi\u00e7\u00e3o em uma recente entrevista ao jornal L&#8217;\u00c9quipe.&nbsp;<\/p>\n\n\n\n<p>\u201cN\u00e3o estou seguro de que se disputar\u00e1. As quest\u00f5es econ\u00f4micas n\u00e3o parecem ter sido resolvidas para dar aos clubes o prometido\u201d, declarou.&nbsp;<\/p>\n\n\n\n<p>Ele citou a promessa da FIFA de pagar entre 40 e 50 milh\u00f5es de euros aos grandes clubes europeus envolvidos no torneio, um valor que, segundo ele, a entidade n\u00e3o tem como garantir. Cabe ressaltar que essa incerteza financeira tem gerado um clima de descontentamento entre os clubes europeus, que se mostram contra a realiza\u00e7\u00e3o do Mundial.<\/p>\n\n\n\n<h2 class=\"wp-block-heading\" id=\"h-a-importancia-da-competicao-para-o-futebol-global\">A import\u00e2ncia da competi\u00e7\u00e3o para o futebol global<\/h2>\n\n\n\n<p>O Mundial de Clubes \u00e9 um evento importante que re\u00fane as melhores equipes de cada confedera\u00e7\u00e3o, promovendo um confronto entre campe\u00f5es.&nbsp;<\/p>\n\n\n\n<p>Vale destacar que clubes como Real Madrid e Atl\u00e9tico de Madrid tamb\u00e9m est\u00e3o entre os favoritos da UEFA para participar. Sendo assim, o impacto do cancelamento da competi\u00e7\u00e3o seria significativo para o calend\u00e1rio do futebol mundial e para as aspira\u00e7\u00f5es das equipes participantes.<\/p>\n\n\n\n<h2 class=\"wp-block-heading\" id=\"h-o-futuro-do-mundial-de-clubes\">O futuro do Mundial de Clubes<\/h2>\n\n\n\n<p>As declara\u00e7\u00f5es de Tebas sugerem que, se a FIFA n\u00e3o conseguir garantir os fundos necess\u00e1rios, o melhor seria desistir do torneio. Isso porque a falta de recursos pode desestabilizar n\u00e3o apenas a competi\u00e7\u00e3o, mas tamb\u00e9m a confian\u00e7a das equipes e torcedores no evento.<\/p>\n\n\n\n<p>Dessa maneira, a expectativa continua alta sobre o torneio, mas incertezas pairam sobre o futuro do Mundial de Clubes. Logo, as pr\u00f3ximas semanas ser\u00e3o cruciais para determinar se o evento realmente ocorrer\u00e1 e se o Palmeiras, assim como outros gigantes do futebol, ter\u00e1 a chance de aparecer em uma vitrine t\u00e3o importante para o futebol mundial.<\/p>\n","protected":false},"excerpt":{"rendered":"<p>Com o Mundial de Clubes da FIFA programado para acontecer entre junho e julho de 2025, a expectativa em torno da competi\u00e7\u00e3o \u00e9 grande, especialmente para clubes como o Palmeiras, que almejam brilhar no torneio.&nbsp; No entanto, o presidente da La Liga, Javier Tebas, levantou s\u00e9rias d\u00favidas sobre a realiza\u00e7\u00e3o do evento, enfatizando problemas financeiros [&hellip;]<\/p>\n","protected":false},"author":24,"featured_media":155182,"comment_status":"open","ping_status":"closed","sticky":false,"template":"","format":"standard","meta":{"footnotes":""},"categories":[150],"tags":[],"class_list":["post-179304","post","type-post","status-publish","format-standard","has-post-thumbnail","hentry","category-palmeiras"],"yoast_head":"<!-- This site is optimized with the Yoast SEO Premium plugin v24.2 (Yoast SEO v26.9) - https:\/\/yoast.com\/product\/yoast-seo-premium-wordpress\/ -->\n<title>Competi\u00e7\u00e3o que o Palmeiras vai disputar em 2025 poder\u00e1 ser cancelada<\/title>\n<meta name=\"robots\" content=\"index, follow, max-snippet:-1, max-image-preview:large, max-video-preview:-1\" \/>\n<link rel=\"canonical\" href=\"https:\/\/www.gaveanews.com\/index.php\/2024\/10\/30\/competicao-que-o-palmeiras-vai-disputar-em-2025-podera-ser-cancelada\/\" \/>\n<meta property=\"og:locale\" content=\"pt_BR\" \/>\n<meta property=\"og:type\" content=\"article\" \/>\n<meta property=\"og:title\" content=\"Competi\u00e7\u00e3o que o Palmeiras vai disputar em 2025 poder\u00e1 ser cancelada\" \/>\n<meta property=\"og:description\" content=\"Com o Mundial de Clubes da FIFA programado para acontecer entre junho e julho de 2025, a expectativa em torno da competi\u00e7\u00e3o \u00e9 grande, especialmente para clubes como o Palmeiras, que almejam brilhar no torneio.&nbsp; No entanto, o presidente da La Liga, Javier Tebas, levantou s\u00e9rias d\u00favidas sobre a realiza\u00e7\u00e3o do evento, enfatizando problemas financeiros [&hellip;]\" \/>\n<meta property=\"og:url\" content=\"https:\/\/www.gaveanews.com\/index.php\/2024\/10\/30\/competicao-que-o-palmeiras-vai-disputar-em-2025-podera-ser-cancelada\/\" \/>\n<meta property=\"og:site_name\" content=\"G\u00e1vea News\" \/>\n<meta property=\"article:publisher\" content=\"https:\/\/facebook.com\/gaveaNews\/\" \/>\n<meta property=\"article:published_time\" content=\"2024-10-30T17:20:00+00:00\" \/>\n<meta property=\"og:image\" content=\"https:\/\/www.gaveanews.com\/wp-content\/uploads\/Allianz-Parque-estadio-do-Palmeiras.webp\" \/>\n\t<meta property=\"og:image:width\" content=\"1023\" \/>\n\t<meta property=\"og:image:height\" content=\"767\" \/>\n\t<meta property=\"og:image:type\" content=\"image\/webp\" \/>\n<meta name=\"author\" content=\"Leandro Cardoso\" \/>\n<meta name=\"twitter:card\" content=\"summary_large_image\" \/>\n<meta name=\"twitter:label1\" content=\"Escrito por\" \/>\n\t<meta name=\"twitter:data1\" content=\"Leandro Cardoso\" \/>\n\t<meta name=\"twitter:label2\" content=\"Est. tempo de leitura\" \/>\n\t<meta name=\"twitter:data2\" content=\"3 minutos\" \/>\n<script type=\"application\/ld+json\" class=\"yoast-schema-graph\">{\"@context\":\"https:\/\/schema.org\",\"@graph\":[{\"@type\":\"NewsArticle\",\"@id\":\"https:\/\/www.gaveanews.com\/index.php\/2024\/10\/30\/competicao-que-o-palmeiras-vai-disputar-em-2025-podera-ser-cancelada\/#article\",\"isPartOf\":{\"@id\":\"https:\/\/www.gaveanews.com\/index.php\/2024\/10\/30\/competicao-que-o-palmeiras-vai-disputar-em-2025-podera-ser-cancelada\/\"},\"author\":{\"name\":\"Leandro Cardoso\",\"@id\":\"https:\/\/www.gaveanews.com\/#\/schema\/person\/2424ec6409bc3f068411fc5e4e9b6168\"},\"headline\":\"Competi\u00e7\u00e3o que o Palmeiras vai disputar em 2025 poder\u00e1 ser cancelada\",\"datePublished\":\"2024-10-30T17:20:00+00:00\",\"mainEntityOfPage\":{\"@id\":\"https:\/\/www.gaveanews.com\/index.php\/2024\/10\/30\/competicao-que-o-palmeiras-vai-disputar-em-2025-podera-ser-cancelada\/\"},\"wordCount\":416,\"commentCount\":0,\"image\":{\"@id\":\"https:\/\/www.gaveanews.com\/index.php\/2024\/10\/30\/competicao-que-o-palmeiras-vai-disputar-em-2025-podera-ser-cancelada\/#primaryimage\"},\"thumbnailUrl\":\"https:\/\/www.gaveanews.com\/wp-content\/uploads\/Allianz-Parque-estadio-do-Palmeiras.webp\",\"articleSection\":[\"Palmeiras\"],\"inLanguage\":\"pt-BR\",\"potentialAction\":[{\"@type\":\"CommentAction\",\"name\":\"Comment\",\"target\":[\"https:\/\/www.gaveanews.com\/index.php\/2024\/10\/30\/competicao-que-o-palmeiras-vai-disputar-em-2025-podera-ser-cancelada\/#respond\"]}],\"copyrightYear\":\"2024\",\"copyrightHolder\":{\"@id\":\"https:\/\/www.gaveanews.com\/#organization\"}},{\"@type\":\"WebPage\",\"@id\":\"https:\/\/www.gaveanews.com\/index.php\/2024\/10\/30\/competicao-que-o-palmeiras-vai-disputar-em-2025-podera-ser-cancelada\/\",\"url\":\"https:\/\/www.gaveanews.com\/index.php\/2024\/10\/30\/competicao-que-o-palmeiras-vai-disputar-em-2025-podera-ser-cancelada\/\",\"name\":\"Competi\u00e7\u00e3o que o Palmeiras vai disputar em 2025 poder\u00e1 ser cancelada\",\"isPartOf\":{\"@id\":\"https:\/\/www.gaveanews.com\/#website\"},\"primaryImageOfPage\":{\"@id\":\"https:\/\/www.gaveanews.com\/index.php\/2024\/10\/30\/competicao-que-o-palmeiras-vai-disputar-em-2025-podera-ser-cancelada\/#primaryimage\"},\"image\":{\"@id\":\"https:\/\/www.gaveanews.com\/index.php\/2024\/10\/30\/competicao-que-o-palmeiras-vai-disputar-em-2025-podera-ser-cancelada\/#primaryimage\"},\"thumbnailUrl\":\"https:\/\/www.gaveanews.com\/wp-content\/uploads\/Allianz-Parque-estadio-do-Palmeiras.webp\",\"datePublished\":\"2024-10-30T17:20:00+00:00\",\"author\":{\"@id\":\"https:\/\/www.gaveanews.com\/#\/schema\/person\/2424ec6409bc3f068411fc5e4e9b6168\"},\"breadcrumb\":{\"@id\":\"https:\/\/www.gaveanews.com\/index.php\/2024\/10\/30\/competicao-que-o-palmeiras-vai-disputar-em-2025-podera-ser-cancelada\/#breadcrumb\"},\"inLanguage\":\"pt-BR\",\"potentialAction\":[{\"@type\":\"ReadAction\",\"target\":[\"https:\/\/www.gaveanews.com\/index.php\/2024\/10\/30\/competicao-que-o-palmeiras-vai-disputar-em-2025-podera-ser-cancelada\/\"]}]},{\"@type\":\"ImageObject\",\"inLanguage\":\"pt-BR\",\"@id\":\"https:\/\/www.gaveanews.com\/index.php\/2024\/10\/30\/competicao-que-o-palmeiras-vai-disputar-em-2025-podera-ser-cancelada\/#primaryimage\",\"url\":\"https:\/\/www.gaveanews.com\/wp-content\/uploads\/Allianz-Parque-estadio-do-Palmeiras.webp\",\"contentUrl\":\"https:\/\/www.gaveanews.com\/wp-content\/uploads\/Allianz-Parque-estadio-do-Palmeiras.webp\",\"width\":1023,\"height\":767,\"caption\":\"Allianz Parque, est\u00e1dio do Palmeiras (Foto: Reprodu\u00e7\u00e3o\/Palmeiras)\"},{\"@type\":\"BreadcrumbList\",\"@id\":\"https:\/\/www.gaveanews.com\/index.php\/2024\/10\/30\/competicao-que-o-palmeiras-vai-disputar-em-2025-podera-ser-cancelada\/#breadcrumb\",\"itemListElement\":[{\"@type\":\"ListItem\",\"position\":1,\"name\":\"Home\",\"item\":\"https:\/\/www.gaveanews.com\/\"},{\"@type\":\"ListItem\",\"position\":2,\"name\":\"Competi\u00e7\u00e3o que o Palmeiras vai disputar em 2025 poder\u00e1 ser cancelada\"}]},{\"@type\":\"WebSite\",\"@id\":\"https:\/\/www.gaveanews.com\/#website\",\"url\":\"https:\/\/www.gaveanews.com\/\",\"name\":\"G\u00e1vea News\",\"description\":\"Veja todas as not\u00edcias sobre o Flamengo: Contrata\u00e7\u00f5es, categorias de base, resultados das partidas, tabela de classifica\u00e7\u00e3o, pr\u00f3ximos jogos!\",\"potentialAction\":[{\"@type\":\"SearchAction\",\"target\":{\"@type\":\"EntryPoint\",\"urlTemplate\":\"https:\/\/www.gaveanews.com\/?s={search_term_string}\"},\"query-input\":{\"@type\":\"PropertyValueSpecification\",\"valueRequired\":true,\"valueName\":\"search_term_string\"}}],\"inLanguage\":\"pt-BR\"},{\"@type\":\"Person\",\"@id\":\"https:\/\/www.gaveanews.com\/#\/schema\/person\/2424ec6409bc3f068411fc5e4e9b6168\",\"name\":\"Leandro Cardoso\",\"image\":{\"@type\":\"ImageObject\",\"inLanguage\":\"pt-BR\",\"@id\":\"https:\/\/www.gaveanews.com\/#\/schema\/person\/image\/\",\"url\":\"https:\/\/secure.gravatar.com\/avatar\/8ca179f9b55eefe9f376f5493ef25475bfa59fbc28ce937f6076ce20e523098f?s=96&d=mm&r=g\",\"contentUrl\":\"https:\/\/secure.gravatar.com\/avatar\/8ca179f9b55eefe9f376f5493ef25475bfa59fbc28ce937f6076ce20e523098f?s=96&d=mm&r=g\",\"caption\":\"Leandro Cardoso\"}}]}<\/script>\n<!-- \/ Yoast SEO Premium plugin. -->","yoast_head_json":{"title":"Competi\u00e7\u00e3o que o Palmeiras vai disputar em 2025 poder\u00e1 ser cancelada","robots":{"index":"index","follow":"follow","max-snippet":"max-snippet:-1","max-image-preview":"max-image-preview:large","max-video-preview":"max-video-preview:-1"},"canonical":"https:\/\/www.gaveanews.com\/index.php\/2024\/10\/30\/competicao-que-o-palmeiras-vai-disputar-em-2025-podera-ser-cancelada\/","og_locale":"pt_BR","og_type":"article","og_title":"Competi\u00e7\u00e3o que o Palmeiras vai disputar em 2025 poder\u00e1 ser cancelada","og_description":"Com o Mundial de Clubes da FIFA programado para acontecer entre junho e julho de 2025, a expectativa em torno da competi\u00e7\u00e3o \u00e9 grande, especialmente para clubes como o Palmeiras, que almejam brilhar no torneio.&nbsp; No entanto, o presidente da La Liga, Javier Tebas, levantou s\u00e9rias d\u00favidas sobre a realiza\u00e7\u00e3o do evento, enfatizando problemas financeiros [&hellip;]","og_url":"https:\/\/www.gaveanews.com\/index.php\/2024\/10\/30\/competicao-que-o-palmeiras-vai-disputar-em-2025-podera-ser-cancelada\/","og_site_name":"G\u00e1vea News","article_publisher":"https:\/\/facebook.com\/gaveaNews\/","article_published_time":"2024-10-30T17:20:00+00:00","og_image":[{"width":1023,"height":767,"url":"https:\/\/www.gaveanews.com\/wp-content\/uploads\/Allianz-Parque-estadio-do-Palmeiras.webp","type":"image\/webp"}],"author":"Leandro Cardoso","twitter_card":"summary_large_image","twitter_misc":{"Escrito por":"Leandro Cardoso","Est. tempo de leitura":"3 minutos"},"schema":{"@context":"https:\/\/schema.org","@graph":[{"@type":"NewsArticle","@id":"https:\/\/www.gaveanews.com\/index.php\/2024\/10\/30\/competicao-que-o-palmeiras-vai-disputar-em-2025-podera-ser-cancelada\/#article","isPartOf":{"@id":"https:\/\/www.gaveanews.com\/index.php\/2024\/10\/30\/competicao-que-o-palmeiras-vai-disputar-em-2025-podera-ser-cancelada\/"},"author":{"name":"Leandro Cardoso","@id":"https:\/\/www.gaveanews.com\/#\/schema\/person\/2424ec6409bc3f068411fc5e4e9b6168"},"headline":"Competi\u00e7\u00e3o que o Palmeiras vai disputar em 2025 poder\u00e1 ser cancelada","datePublished":"2024-10-30T17:20:00+00:00","mainEntityOfPage":{"@id":"https:\/\/www.gaveanews.com\/index.php\/2024\/10\/30\/competicao-que-o-palmeiras-vai-disputar-em-2025-podera-ser-cancelada\/"},"wordCount":416,"commentCount":0,"image":{"@id":"https:\/\/www.gaveanews.com\/index.php\/2024\/10\/30\/competicao-que-o-palmeiras-vai-disputar-em-2025-podera-ser-cancelada\/#primaryimage"},"thumbnailUrl":"https:\/\/www.gaveanews.com\/wp-content\/uploads\/Allianz-Parque-estadio-do-Palmeiras.webp","articleSection":["Palmeiras"],"inLanguage":"pt-BR","potentialAction":[{"@type":"CommentAction","name":"Comment","target":["https:\/\/www.gaveanews.com\/index.php\/2024\/10\/30\/competicao-que-o-palmeiras-vai-disputar-em-2025-podera-ser-cancelada\/#respond"]}],"copyrightYear":"2024","copyrightHolder":{"@id":"https:\/\/www.gaveanews.com\/#organization"}},{"@type":"WebPage","@id":"https:\/\/www.gaveanews.com\/index.php\/2024\/10\/30\/competicao-que-o-palmeiras-vai-disputar-em-2025-podera-ser-cancelada\/","url":"https:\/\/www.gaveanews.com\/index.php\/2024\/10\/30\/competicao-que-o-palmeiras-vai-disputar-em-2025-podera-ser-cancelada\/","name":"Competi\u00e7\u00e3o que o Palmeiras vai disputar em 2025 poder\u00e1 ser cancelada","isPartOf":{"@id":"https:\/\/www.gaveanews.com\/#website"},"primaryImageOfPage":{"@id":"https:\/\/www.gaveanews.com\/index.php\/2024\/10\/30\/competicao-que-o-palmeiras-vai-disputar-em-2025-podera-ser-cancelada\/#primaryimage"},"image":{"@id":"https:\/\/www.gaveanews.com\/index.php\/2024\/10\/30\/competicao-que-o-palmeiras-vai-disputar-em-2025-podera-ser-cancelada\/#primaryimage"},"thumbnailUrl":"https:\/\/www.gaveanews.com\/wp-content\/uploads\/Allianz-Parque-estadio-do-Palmeiras.webp","datePublished":"2024-10-30T17:20:00+00:00","author":{"@id":"https:\/\/www.gaveanews.com\/#\/schema\/person\/2424ec6409bc3f068411fc5e4e9b6168"},"breadcrumb":{"@id":"https:\/\/www.gaveanews.com\/index.php\/2024\/10\/30\/competicao-que-o-palmeiras-vai-disputar-em-2025-podera-ser-cancelada\/#breadcrumb"},"inLanguage":"pt-BR","potentialAction":[{"@type":"ReadAction","target":["https:\/\/www.gaveanews.com\/index.php\/2024\/10\/30\/competicao-que-o-palmeiras-vai-disputar-em-2025-podera-ser-cancelada\/"]}]},{"@type":"ImageObject","inLanguage":"pt-BR","@id":"https:\/\/www.gaveanews.com\/index.php\/2024\/10\/30\/competicao-que-o-palmeiras-vai-disputar-em-2025-podera-ser-cancelada\/#primaryimage","url":"https:\/\/www.gaveanews.com\/wp-content\/uploads\/Allianz-Parque-estadio-do-Palmeiras.webp","contentUrl":"https:\/\/www.gaveanews.com\/wp-content\/uploads\/Allianz-Parque-estadio-do-Palmeiras.webp","width":1023,"height":767,"caption":"Allianz Parque, est\u00e1dio do Palmeiras (Foto: Reprodu\u00e7\u00e3o\/Palmeiras)"},{"@type":"BreadcrumbList","@id":"https:\/\/www.gaveanews.com\/index.php\/2024\/10\/30\/competicao-que-o-palmeiras-vai-disputar-em-2025-podera-ser-cancelada\/#breadcrumb","itemListElement":[{"@type":"ListItem","position":1,"name":"Home","item":"https:\/\/www.gaveanews.com\/"},{"@type":"ListItem","position":2,"name":"Competi\u00e7\u00e3o que o Palmeiras vai disputar em 2025 poder\u00e1 ser cancelada"}]},{"@type":"WebSite","@id":"https:\/\/www.gaveanews.com\/#website","url":"https:\/\/www.gaveanews.com\/","name":"G\u00e1vea News","description":"Veja todas as not\u00edcias sobre o Flamengo: Contrata\u00e7\u00f5es, categorias de base, resultados das partidas, tabela de classifica\u00e7\u00e3o, pr\u00f3ximos jogos!","potentialAction":[{"@type":"SearchAction","target":{"@type":"EntryPoint","urlTemplate":"https:\/\/www.gaveanews.com\/?s={search_term_string}"},"query-input":{"@type":"PropertyValueSpecification","valueRequired":true,"valueName":"search_term_string"}}],"inLanguage":"pt-BR"},{"@type":"Person","@id":"https:\/\/www.gaveanews.com\/#\/schema\/person\/2424ec6409bc3f068411fc5e4e9b6168","name":"Leandro Cardoso","image":{"@type":"ImageObject","inLanguage":"pt-BR","@id":"https:\/\/www.gaveanews.com\/#\/schema\/person\/image\/","url":"https:\/\/secure.gravatar.com\/avatar\/8ca179f9b55eefe9f376f5493ef25475bfa59fbc28ce937f6076ce20e523098f?s=96&d=mm&r=g","contentUrl":"https:\/\/secure.gravatar.com\/avatar\/8ca179f9b55eefe9f376f5493ef25475bfa59fbc28ce937f6076ce20e523098f?s=96&d=mm&r=g","caption":"Leandro Cardoso"}}]}},"_links":{"self":[{"href":"https:\/\/www.gaveanews.com\/index.php\/wp-json\/wp\/v2\/posts\/179304","targetHints":{"allow":["GET"]}}],"collection":[{"href":"https:\/\/www.gaveanews.com\/index.php\/wp-json\/wp\/v2\/posts"}],"about":[{"href":"https:\/\/www.gaveanews.com\/index.php\/wp-json\/wp\/v2\/types\/post"}],"author":[{"embeddable":true,"href":"https:\/\/www.gaveanews.com\/index.php\/wp-json\/wp\/v2\/users\/24"}],"replies":[{"embeddable":true,"href":"https:\/\/www.gaveanews.com\/index.php\/wp-json\/wp\/v2\/comments?post=179304"}],"version-history":[{"count":1,"href":"https:\/\/www.gaveanews.com\/index.php\/wp-json\/wp\/v2\/posts\/179304\/revisions"}],"predecessor-version":[{"id":179305,"href":"https:\/\/www.gaveanews.com\/index.php\/wp-json\/wp\/v2\/posts\/179304\/revisions\/179305"}],"wp:featuredmedia":[{"embeddable":true,"href":"https:\/\/www.gaveanews.com\/index.php\/wp-json\/wp\/v2\/media\/155182"}],"wp:attachment":[{"href":"https:\/\/www.gaveanews.com\/index.php\/wp-json\/wp\/v2\/media?parent=179304"}],"wp:term":[{"taxonomy":"category","embeddable":true,"href":"https:\/\/www.gaveanews.com\/index.php\/wp-json\/wp\/v2\/categories?post=179304"},{"taxonomy":"post_tag","embeddable":true,"href":"https:\/\/www.gaveanews.com\/index.php\/wp-json\/wp\/v2\/tags?post=179304"}],"curies":[{"name":"wp","href":"https:\/\/api.w.org\/{rel}","templated":true}]}}