{"id":179364,"date":"2024-10-31T04:45:00","date_gmt":"2024-10-31T07:45:00","guid":{"rendered":"https:\/\/www.gaveanews.com\/?p=179364"},"modified":"2024-10-31T00:40:16","modified_gmt":"2024-10-31T03:40:16","slug":"competicao-que-o-flamengo-vai-disputar-em-2025-podera-ser-cancelada","status":"publish","type":"post","link":"https:\/\/www.gaveanews.com\/index.php\/2024\/10\/31\/competicao-que-o-flamengo-vai-disputar-em-2025-podera-ser-cancelada\/","title":{"rendered":"Competi\u00e7\u00e3o que o Flamengo vai disputar em 2025 poder\u00e1 ser cancelada"},"content":{"rendered":"\n<p>O presidente da LaLiga, Javier Tebas, criticou novamente a proposta da FIFA de organizar um Super Mundial de Clubes no pr\u00f3ximo ano. Assim, ele destacou que a entidade enfrenta dificuldades para arrecadar fundos e cumprir as promessas financeiras feitas aos grandes clubes. Dessa forma, Tebas colocou em d\u00favida a realiza\u00e7\u00e3o do evento.<\/p>\n\n\n\n<ul class=\"wp-block-list\">\n<li><a href=\"https:\/\/www.gaveanews.com\/index.php\/2024\/10\/30\/filha-de-gerson-tira-onda-e-torcida-do-flamengo-brinca-melhor-que-o-allan\/\">Filha de Gerson tira onda e torcida do Flamengo brinca: \u201cMelhor que o Allan\u201d<\/a><\/li>\n\n\n\n<li><a href=\"https:\/\/www.gaveanews.com\/index.php\/2024\/10\/30\/rodolfo-landim-vence-votacao-no-flamengo\/\">Rodolfo Landim vence vota\u00e7\u00e3o no Flamengo<\/a><\/li>\n<\/ul>\n\n\n\n<p>Al\u00e9m disso, o dirigente afirmou que as quest\u00f5es econ\u00f4micas n\u00e3o foram solucionadas, o que impede a entrega dos valores prometidos aos clubes. Ele mencionou que a FIFA precisar\u00e1 esclarecer como pretende cumprir esses compromissos financeiros. <\/p>\n\n\n\n<p>Segundo Tebas, a promessa inicial variava entre 40 e 50 milh\u00f5es de euros para os clubes envolvidos. Considerando a falta de recursos e a oposi\u00e7\u00e3o geral \u00e0 competi\u00e7\u00e3o, ele sugeriu que a FIFA deve desistir da ideia.<\/p>\n\n\n\n<p>&#8220;N\u00e3o estou seguro de que se disputar\u00e1. As quest\u00f5es econ\u00f4micas n\u00e3o parecem ter sido resolvidas para dar aos clubes o prometido. E se a Fifa conseguir, ter\u00e1 que explicar como&#8221;, disparou em entrevista ao jornal &#8220;L&#8217;\u00c9quipe&#8221;.<\/p>\n\n\n\n<p>Anteriormente, Tebas havia solicitado publicamente ao presidente da FIFA, Gianni Infantino, que cancelasse a competi\u00e7\u00e3o. A cr\u00edtica baseia-se no calend\u00e1rio atual dos torneios europeus, que, segundo ele, j\u00e1 causa impactos f\u00edsicos nos atletas. Al\u00e9m disso, Tebas afirmou que jogadores e ligas n\u00e3o apoiam a realiza\u00e7\u00e3o do Mundial de Clubes.<\/p>\n\n\n\n<h2 class=\"wp-block-heading\" id=\"h-tebas-questiona-apoio-de-organizacao\">Tebas questiona apoio de organiza\u00e7\u00e3o <\/h2>\n\n\n\n<p>Anda na entrevista concedida ao jornal franc\u00eas, Tebas questionou o apoio da Associa\u00e7\u00e3o de Clubes Europeus \u00e0 competi\u00e7\u00e3o e criticou Infantino por n\u00e3o considerar os efeitos que a FIFA pode estar provocando nas carreiras dos jogadores. Ele acrescentou que a continuidade desse comportamento por parte da FIFA pode colocar a entidade em risco.<\/p>\n\n\n\n<p>Ademais, Tebas ressaltou que a FIFA est\u00e1 utilizando mal os recursos dispon\u00edveis, o que pode levar \u00e0 declara\u00e7\u00e3o de seu monop\u00f3lio como ilegal. Ele afirmou que a FIFA n\u00e3o atua em prol do bem geral do futebol, evidenciando uma gest\u00e3o inadequada dos fundos.<\/p>\n\n\n\n<p>A LaLiga foi uma das entidades que entrou com uma a\u00e7\u00e3o na Comiss\u00e3o Europeia para impedir que a FIFA e a UEFA tomem decis\u00f5es unilaterais sobre o calend\u00e1rio das competi\u00e7\u00f5es. Essa medida visa garantir que as decis\u00f5es sejam tomadas de forma coletiva e ben\u00e9fica para todas as partes envolvidas.<\/p>\n\n\n\n<h2 class=\"wp-block-heading\" id=\"h-dirigente-aponta-desgaste-para-os-atletas\">Dirigente aponta desgaste para os atletas <\/h2>\n\n\n\n<p>Tebas tamb\u00e9m destacou que o Mundial de Clubes prejudica n\u00e3o apenas os jogadores de elite, mas todos os atletas. Ele explicou que a competi\u00e7\u00e3o afeta duas temporadas de futebol, a que est\u00e1 em andamento e a que est\u00e1 por vir, comprometendo a sa\u00fade f\u00edsica e mental dos jogadores.<\/p>\n\n\n\n<p>Por fim, o dirigente mencionou que a competi\u00e7\u00e3o impacta o valor das competi\u00e7\u00f5es nacionais, afetando todos os jogadores. Dessa forma, ele refor\u00e7ou a import\u00e2ncia de reconsiderar a realiza\u00e7\u00e3o do Super Mundial de Clubes para preservar a integridade e a sa\u00fade das equipes.<\/p>\n","protected":false},"excerpt":{"rendered":"<p>O presidente da LaLiga, Javier Tebas, criticou novamente a proposta da FIFA de organizar um Super Mundial de Clubes no pr\u00f3ximo ano. Assim, ele destacou que a entidade enfrenta dificuldades para arrecadar fundos e cumprir as promessas financeiras feitas aos grandes clubes. Dessa forma, Tebas colocou em d\u00favida a realiza\u00e7\u00e3o do evento. Al\u00e9m disso, o [&hellip;]<\/p>\n","protected":false},"author":28,"featured_media":169215,"comment_status":"open","ping_status":"closed","sticky":false,"template":"","format":"standard","meta":{"footnotes":""},"categories":[1],"tags":[],"class_list":["post-179364","post","type-post","status-publish","format-standard","has-post-thumbnail","hentry","category-flamengo"],"yoast_head":"<!-- This site is optimized with the Yoast SEO Premium plugin v24.2 (Yoast SEO v26.9) - https:\/\/yoast.com\/product\/yoast-seo-premium-wordpress\/ -->\n<title>Competi\u00e7\u00e3o que o Flamengo vai disputar em 2025 poder\u00e1 ser cancelada<\/title>\n<meta name=\"robots\" content=\"index, follow, max-snippet:-1, max-image-preview:large, max-video-preview:-1\" \/>\n<link rel=\"canonical\" href=\"https:\/\/www.gaveanews.com\/index.php\/2024\/10\/31\/competicao-que-o-flamengo-vai-disputar-em-2025-podera-ser-cancelada\/\" \/>\n<meta property=\"og:locale\" content=\"pt_BR\" \/>\n<meta property=\"og:type\" content=\"article\" \/>\n<meta property=\"og:title\" content=\"Competi\u00e7\u00e3o que o Flamengo vai disputar em 2025 poder\u00e1 ser cancelada\" \/>\n<meta property=\"og:description\" content=\"O presidente da LaLiga, Javier Tebas, criticou novamente a proposta da FIFA de organizar um Super Mundial de Clubes no pr\u00f3ximo ano. Assim, ele destacou que a entidade enfrenta dificuldades para arrecadar fundos e cumprir as promessas financeiras feitas aos grandes clubes. Dessa forma, Tebas colocou em d\u00favida a realiza\u00e7\u00e3o do evento. Al\u00e9m disso, o [&hellip;]\" \/>\n<meta property=\"og:url\" content=\"https:\/\/www.gaveanews.com\/index.php\/2024\/10\/31\/competicao-que-o-flamengo-vai-disputar-em-2025-podera-ser-cancelada\/\" \/>\n<meta property=\"og:site_name\" content=\"G\u00e1vea News\" \/>\n<meta property=\"article:publisher\" content=\"https:\/\/facebook.com\/gaveaNews\/\" \/>\n<meta property=\"article:published_time\" content=\"2024-10-31T07:45:00+00:00\" \/>\n<meta property=\"og:image\" content=\"https:\/\/www.gaveanews.com\/wp-content\/uploads\/Elenco-do-Flamengo-em-acao.webp\" \/>\n\t<meta property=\"og:image:width\" content=\"1200\" \/>\n\t<meta property=\"og:image:height\" content=\"829\" \/>\n\t<meta property=\"og:image:type\" content=\"image\/jpeg\" \/>\n<meta name=\"author\" content=\"Hudson Pereira\" \/>\n<meta name=\"twitter:card\" content=\"summary_large_image\" \/>\n<meta name=\"twitter:label1\" content=\"Escrito por\" \/>\n\t<meta name=\"twitter:data1\" content=\"Hudson Pereira\" \/>\n\t<meta name=\"twitter:label2\" content=\"Est. tempo de leitura\" \/>\n\t<meta name=\"twitter:data2\" content=\"3 minutos\" \/>\n<script type=\"application\/ld+json\" class=\"yoast-schema-graph\">{\"@context\":\"https:\/\/schema.org\",\"@graph\":[{\"@type\":\"NewsArticle\",\"@id\":\"https:\/\/www.gaveanews.com\/index.php\/2024\/10\/31\/competicao-que-o-flamengo-vai-disputar-em-2025-podera-ser-cancelada\/#article\",\"isPartOf\":{\"@id\":\"https:\/\/www.gaveanews.com\/index.php\/2024\/10\/31\/competicao-que-o-flamengo-vai-disputar-em-2025-podera-ser-cancelada\/\"},\"author\":{\"name\":\"Hudson Pereira\",\"@id\":\"https:\/\/www.gaveanews.com\/#\/schema\/person\/bd08f00534b403119b92741a6d469ef0\"},\"headline\":\"Competi\u00e7\u00e3o que o Flamengo vai disputar em 2025 poder\u00e1 ser cancelada\",\"datePublished\":\"2024-10-31T07:45:00+00:00\",\"mainEntityOfPage\":{\"@id\":\"https:\/\/www.gaveanews.com\/index.php\/2024\/10\/31\/competicao-que-o-flamengo-vai-disputar-em-2025-podera-ser-cancelada\/\"},\"wordCount\":532,\"commentCount\":0,\"image\":{\"@id\":\"https:\/\/www.gaveanews.com\/index.php\/2024\/10\/31\/competicao-que-o-flamengo-vai-disputar-em-2025-podera-ser-cancelada\/#primaryimage\"},\"thumbnailUrl\":\"https:\/\/www.gaveanews.com\/wp-content\/uploads\/Elenco-do-Flamengo-em-acao.webp\",\"articleSection\":[\"Flamengo\"],\"inLanguage\":\"pt-BR\",\"potentialAction\":[{\"@type\":\"CommentAction\",\"name\":\"Comment\",\"target\":[\"https:\/\/www.gaveanews.com\/index.php\/2024\/10\/31\/competicao-que-o-flamengo-vai-disputar-em-2025-podera-ser-cancelada\/#respond\"]}],\"copyrightYear\":\"2024\",\"copyrightHolder\":{\"@id\":\"https:\/\/www.gaveanews.com\/#organization\"}},{\"@type\":\"WebPage\",\"@id\":\"https:\/\/www.gaveanews.com\/index.php\/2024\/10\/31\/competicao-que-o-flamengo-vai-disputar-em-2025-podera-ser-cancelada\/\",\"url\":\"https:\/\/www.gaveanews.com\/index.php\/2024\/10\/31\/competicao-que-o-flamengo-vai-disputar-em-2025-podera-ser-cancelada\/\",\"name\":\"Competi\u00e7\u00e3o que o Flamengo vai disputar em 2025 poder\u00e1 ser cancelada\",\"isPartOf\":{\"@id\":\"https:\/\/www.gaveanews.com\/#website\"},\"primaryImageOfPage\":{\"@id\":\"https:\/\/www.gaveanews.com\/index.php\/2024\/10\/31\/competicao-que-o-flamengo-vai-disputar-em-2025-podera-ser-cancelada\/#primaryimage\"},\"image\":{\"@id\":\"https:\/\/www.gaveanews.com\/index.php\/2024\/10\/31\/competicao-que-o-flamengo-vai-disputar-em-2025-podera-ser-cancelada\/#primaryimage\"},\"thumbnailUrl\":\"https:\/\/www.gaveanews.com\/wp-content\/uploads\/Elenco-do-Flamengo-em-acao.webp\",\"datePublished\":\"2024-10-31T07:45:00+00:00\",\"author\":{\"@id\":\"https:\/\/www.gaveanews.com\/#\/schema\/person\/bd08f00534b403119b92741a6d469ef0\"},\"breadcrumb\":{\"@id\":\"https:\/\/www.gaveanews.com\/index.php\/2024\/10\/31\/competicao-que-o-flamengo-vai-disputar-em-2025-podera-ser-cancelada\/#breadcrumb\"},\"inLanguage\":\"pt-BR\",\"potentialAction\":[{\"@type\":\"ReadAction\",\"target\":[\"https:\/\/www.gaveanews.com\/index.php\/2024\/10\/31\/competicao-que-o-flamengo-vai-disputar-em-2025-podera-ser-cancelada\/\"]}]},{\"@type\":\"ImageObject\",\"inLanguage\":\"pt-BR\",\"@id\":\"https:\/\/www.gaveanews.com\/index.php\/2024\/10\/31\/competicao-que-o-flamengo-vai-disputar-em-2025-podera-ser-cancelada\/#primaryimage\",\"url\":\"https:\/\/www.gaveanews.com\/wp-content\/uploads\/Elenco-do-Flamengo-em-acao.webp\",\"contentUrl\":\"https:\/\/www.gaveanews.com\/wp-content\/uploads\/Elenco-do-Flamengo-em-acao.webp\",\"width\":1200,\"height\":829,\"caption\":\"Elenco do Flamengo em a\u00e7\u00e3o (Foto: Divulga\u00e7\u00e3o\/Flamengo)\"},{\"@type\":\"BreadcrumbList\",\"@id\":\"https:\/\/www.gaveanews.com\/index.php\/2024\/10\/31\/competicao-que-o-flamengo-vai-disputar-em-2025-podera-ser-cancelada\/#breadcrumb\",\"itemListElement\":[{\"@type\":\"ListItem\",\"position\":1,\"name\":\"Home\",\"item\":\"https:\/\/www.gaveanews.com\/\"},{\"@type\":\"ListItem\",\"position\":2,\"name\":\"Competi\u00e7\u00e3o que o Flamengo vai disputar em 2025 poder\u00e1 ser cancelada\"}]},{\"@type\":\"WebSite\",\"@id\":\"https:\/\/www.gaveanews.com\/#website\",\"url\":\"https:\/\/www.gaveanews.com\/\",\"name\":\"G\u00e1vea News\",\"description\":\"Veja todas as not\u00edcias sobre o Flamengo: Contrata\u00e7\u00f5es, categorias de base, resultados das partidas, tabela de classifica\u00e7\u00e3o, pr\u00f3ximos jogos!\",\"potentialAction\":[{\"@type\":\"SearchAction\",\"target\":{\"@type\":\"EntryPoint\",\"urlTemplate\":\"https:\/\/www.gaveanews.com\/?s={search_term_string}\"},\"query-input\":{\"@type\":\"PropertyValueSpecification\",\"valueRequired\":true,\"valueName\":\"search_term_string\"}}],\"inLanguage\":\"pt-BR\"},{\"@type\":\"Person\",\"@id\":\"https:\/\/www.gaveanews.com\/#\/schema\/person\/bd08f00534b403119b92741a6d469ef0\",\"name\":\"Hudson Pereira\",\"image\":{\"@type\":\"ImageObject\",\"inLanguage\":\"pt-BR\",\"@id\":\"https:\/\/www.gaveanews.com\/#\/schema\/person\/image\/\",\"url\":\"https:\/\/secure.gravatar.com\/avatar\/ecc491b489e454e510efffc9b23c1052ce5fb4f2e05555768ba65819cd55f03e?s=96&d=mm&r=g\",\"contentUrl\":\"https:\/\/secure.gravatar.com\/avatar\/ecc491b489e454e510efffc9b23c1052ce5fb4f2e05555768ba65819cd55f03e?s=96&d=mm&r=g\",\"caption\":\"Hudson Pereira\"}}]}<\/script>\n<!-- \/ Yoast SEO Premium plugin. -->","yoast_head_json":{"title":"Competi\u00e7\u00e3o que o Flamengo vai disputar em 2025 poder\u00e1 ser cancelada","robots":{"index":"index","follow":"follow","max-snippet":"max-snippet:-1","max-image-preview":"max-image-preview:large","max-video-preview":"max-video-preview:-1"},"canonical":"https:\/\/www.gaveanews.com\/index.php\/2024\/10\/31\/competicao-que-o-flamengo-vai-disputar-em-2025-podera-ser-cancelada\/","og_locale":"pt_BR","og_type":"article","og_title":"Competi\u00e7\u00e3o que o Flamengo vai disputar em 2025 poder\u00e1 ser cancelada","og_description":"O presidente da LaLiga, Javier Tebas, criticou novamente a proposta da FIFA de organizar um Super Mundial de Clubes no pr\u00f3ximo ano. Assim, ele destacou que a entidade enfrenta dificuldades para arrecadar fundos e cumprir as promessas financeiras feitas aos grandes clubes. Dessa forma, Tebas colocou em d\u00favida a realiza\u00e7\u00e3o do evento. Al\u00e9m disso, o [&hellip;]","og_url":"https:\/\/www.gaveanews.com\/index.php\/2024\/10\/31\/competicao-que-o-flamengo-vai-disputar-em-2025-podera-ser-cancelada\/","og_site_name":"G\u00e1vea News","article_publisher":"https:\/\/facebook.com\/gaveaNews\/","article_published_time":"2024-10-31T07:45:00+00:00","og_image":[{"width":1200,"height":829,"url":"https:\/\/www.gaveanews.com\/wp-content\/uploads\/Elenco-do-Flamengo-em-acao.webp","type":"image\/jpeg"}],"author":"Hudson Pereira","twitter_card":"summary_large_image","twitter_misc":{"Escrito por":"Hudson Pereira","Est. tempo de leitura":"3 minutos"},"schema":{"@context":"https:\/\/schema.org","@graph":[{"@type":"NewsArticle","@id":"https:\/\/www.gaveanews.com\/index.php\/2024\/10\/31\/competicao-que-o-flamengo-vai-disputar-em-2025-podera-ser-cancelada\/#article","isPartOf":{"@id":"https:\/\/www.gaveanews.com\/index.php\/2024\/10\/31\/competicao-que-o-flamengo-vai-disputar-em-2025-podera-ser-cancelada\/"},"author":{"name":"Hudson Pereira","@id":"https:\/\/www.gaveanews.com\/#\/schema\/person\/bd08f00534b403119b92741a6d469ef0"},"headline":"Competi\u00e7\u00e3o que o Flamengo vai disputar em 2025 poder\u00e1 ser cancelada","datePublished":"2024-10-31T07:45:00+00:00","mainEntityOfPage":{"@id":"https:\/\/www.gaveanews.com\/index.php\/2024\/10\/31\/competicao-que-o-flamengo-vai-disputar-em-2025-podera-ser-cancelada\/"},"wordCount":532,"commentCount":0,"image":{"@id":"https:\/\/www.gaveanews.com\/index.php\/2024\/10\/31\/competicao-que-o-flamengo-vai-disputar-em-2025-podera-ser-cancelada\/#primaryimage"},"thumbnailUrl":"https:\/\/www.gaveanews.com\/wp-content\/uploads\/Elenco-do-Flamengo-em-acao.webp","articleSection":["Flamengo"],"inLanguage":"pt-BR","potentialAction":[{"@type":"CommentAction","name":"Comment","target":["https:\/\/www.gaveanews.com\/index.php\/2024\/10\/31\/competicao-que-o-flamengo-vai-disputar-em-2025-podera-ser-cancelada\/#respond"]}],"copyrightYear":"2024","copyrightHolder":{"@id":"https:\/\/www.gaveanews.com\/#organization"}},{"@type":"WebPage","@id":"https:\/\/www.gaveanews.com\/index.php\/2024\/10\/31\/competicao-que-o-flamengo-vai-disputar-em-2025-podera-ser-cancelada\/","url":"https:\/\/www.gaveanews.com\/index.php\/2024\/10\/31\/competicao-que-o-flamengo-vai-disputar-em-2025-podera-ser-cancelada\/","name":"Competi\u00e7\u00e3o que o Flamengo vai disputar em 2025 poder\u00e1 ser cancelada","isPartOf":{"@id":"https:\/\/www.gaveanews.com\/#website"},"primaryImageOfPage":{"@id":"https:\/\/www.gaveanews.com\/index.php\/2024\/10\/31\/competicao-que-o-flamengo-vai-disputar-em-2025-podera-ser-cancelada\/#primaryimage"},"image":{"@id":"https:\/\/www.gaveanews.com\/index.php\/2024\/10\/31\/competicao-que-o-flamengo-vai-disputar-em-2025-podera-ser-cancelada\/#primaryimage"},"thumbnailUrl":"https:\/\/www.gaveanews.com\/wp-content\/uploads\/Elenco-do-Flamengo-em-acao.webp","datePublished":"2024-10-31T07:45:00+00:00","author":{"@id":"https:\/\/www.gaveanews.com\/#\/schema\/person\/bd08f00534b403119b92741a6d469ef0"},"breadcrumb":{"@id":"https:\/\/www.gaveanews.com\/index.php\/2024\/10\/31\/competicao-que-o-flamengo-vai-disputar-em-2025-podera-ser-cancelada\/#breadcrumb"},"inLanguage":"pt-BR","potentialAction":[{"@type":"ReadAction","target":["https:\/\/www.gaveanews.com\/index.php\/2024\/10\/31\/competicao-que-o-flamengo-vai-disputar-em-2025-podera-ser-cancelada\/"]}]},{"@type":"ImageObject","inLanguage":"pt-BR","@id":"https:\/\/www.gaveanews.com\/index.php\/2024\/10\/31\/competicao-que-o-flamengo-vai-disputar-em-2025-podera-ser-cancelada\/#primaryimage","url":"https:\/\/www.gaveanews.com\/wp-content\/uploads\/Elenco-do-Flamengo-em-acao.webp","contentUrl":"https:\/\/www.gaveanews.com\/wp-content\/uploads\/Elenco-do-Flamengo-em-acao.webp","width":1200,"height":829,"caption":"Elenco do Flamengo em a\u00e7\u00e3o (Foto: Divulga\u00e7\u00e3o\/Flamengo)"},{"@type":"BreadcrumbList","@id":"https:\/\/www.gaveanews.com\/index.php\/2024\/10\/31\/competicao-que-o-flamengo-vai-disputar-em-2025-podera-ser-cancelada\/#breadcrumb","itemListElement":[{"@type":"ListItem","position":1,"name":"Home","item":"https:\/\/www.gaveanews.com\/"},{"@type":"ListItem","position":2,"name":"Competi\u00e7\u00e3o que o Flamengo vai disputar em 2025 poder\u00e1 ser cancelada"}]},{"@type":"WebSite","@id":"https:\/\/www.gaveanews.com\/#website","url":"https:\/\/www.gaveanews.com\/","name":"G\u00e1vea News","description":"Veja todas as not\u00edcias sobre o Flamengo: Contrata\u00e7\u00f5es, categorias de base, resultados das partidas, tabela de classifica\u00e7\u00e3o, pr\u00f3ximos jogos!","potentialAction":[{"@type":"SearchAction","target":{"@type":"EntryPoint","urlTemplate":"https:\/\/www.gaveanews.com\/?s={search_term_string}"},"query-input":{"@type":"PropertyValueSpecification","valueRequired":true,"valueName":"search_term_string"}}],"inLanguage":"pt-BR"},{"@type":"Person","@id":"https:\/\/www.gaveanews.com\/#\/schema\/person\/bd08f00534b403119b92741a6d469ef0","name":"Hudson Pereira","image":{"@type":"ImageObject","inLanguage":"pt-BR","@id":"https:\/\/www.gaveanews.com\/#\/schema\/person\/image\/","url":"https:\/\/secure.gravatar.com\/avatar\/ecc491b489e454e510efffc9b23c1052ce5fb4f2e05555768ba65819cd55f03e?s=96&d=mm&r=g","contentUrl":"https:\/\/secure.gravatar.com\/avatar\/ecc491b489e454e510efffc9b23c1052ce5fb4f2e05555768ba65819cd55f03e?s=96&d=mm&r=g","caption":"Hudson Pereira"}}]}},"_links":{"self":[{"href":"https:\/\/www.gaveanews.com\/index.php\/wp-json\/wp\/v2\/posts\/179364","targetHints":{"allow":["GET"]}}],"collection":[{"href":"https:\/\/www.gaveanews.com\/index.php\/wp-json\/wp\/v2\/posts"}],"about":[{"href":"https:\/\/www.gaveanews.com\/index.php\/wp-json\/wp\/v2\/types\/post"}],"author":[{"embeddable":true,"href":"https:\/\/www.gaveanews.com\/index.php\/wp-json\/wp\/v2\/users\/28"}],"replies":[{"embeddable":true,"href":"https:\/\/www.gaveanews.com\/index.php\/wp-json\/wp\/v2\/comments?post=179364"}],"version-history":[{"count":1,"href":"https:\/\/www.gaveanews.com\/index.php\/wp-json\/wp\/v2\/posts\/179364\/revisions"}],"predecessor-version":[{"id":179367,"href":"https:\/\/www.gaveanews.com\/index.php\/wp-json\/wp\/v2\/posts\/179364\/revisions\/179367"}],"wp:featuredmedia":[{"embeddable":true,"href":"https:\/\/www.gaveanews.com\/index.php\/wp-json\/wp\/v2\/media\/169215"}],"wp:attachment":[{"href":"https:\/\/www.gaveanews.com\/index.php\/wp-json\/wp\/v2\/media?parent=179364"}],"wp:term":[{"taxonomy":"category","embeddable":true,"href":"https:\/\/www.gaveanews.com\/index.php\/wp-json\/wp\/v2\/categories?post=179364"},{"taxonomy":"post_tag","embeddable":true,"href":"https:\/\/www.gaveanews.com\/index.php\/wp-json\/wp\/v2\/tags?post=179364"}],"curies":[{"name":"wp","href":"https:\/\/api.w.org\/{rel}","templated":true}]}}