{"id":179413,"date":"2024-10-31T13:35:00","date_gmt":"2024-10-31T16:35:00","guid":{"rendered":"https:\/\/www.gaveanews.com\/?p=179413"},"modified":"2024-10-31T12:05:08","modified_gmt":"2024-10-31T15:05:08","slug":"junior-alonso-provoca-o-river-plate-apos-classificacao-do-atletico-mg","status":"publish","type":"post","link":"https:\/\/www.gaveanews.com\/index.php\/2024\/10\/31\/junior-alonso-provoca-o-river-plate-apos-classificacao-do-atletico-mg\/","title":{"rendered":"Junior Alonso provoca o River Plate ap\u00f3s classifica\u00e7\u00e3o do Atl\u00e9tico-MG"},"content":{"rendered":"\n<h2 class=\"wp-block-heading\" id=\"h-zagueiro-destaca-resiliencia-da-equipe-e-menciona-fogos-de-artificio-da-torcida-rival-como-motivacao-enquanto-galo-aguarda-o-adversario-na-final-da-libertadores\">Zagueiro destaca resili\u00eancia da equipe e menciona fogos de artif\u00edcio da torcida rival como motiva\u00e7\u00e3o, enquanto Galo aguarda o advers\u00e1rio na final da Libertadores.<\/h2>\n\n\n\n<p>O Atl\u00e9tico Mineiro garantiu sua vaga na final da Copa Libertadores na noite da \u00faltima ter\u00e7a-feira (29), ap\u00f3s um empate sem gols contra o River Plate, no Est\u00e1dio Monumental, em Buenos Aires. A equipe j\u00e1 havia vencido o primeiro jogo por 3 a 0, na Arena MRV, o que assegurou sua classifica\u00e7\u00e3o. Ap\u00f3s a partida, o zagueiro Junior Alonso n\u00e3o perdeu a oportunidade de provocar o rival argentino nas redes sociais.<\/p>\n\n\n\n<ul class=\"wp-block-list\">\n<li><a href=\"https:\/\/www.gaveanews.com\/index.php\/2024\/10\/30\/imprensa-da-argentina-se-derrete-pelo-atletico-mg\/\">Imprensa da Argentina se derrete pelo Atl\u00e9tico-MG<\/a><\/li>\n\n\n\n<li><a href=\"https:\/\/www.gaveanews.com\/index.php\/2024\/10\/30\/gestao-de-elenco-de-atletico-mineiro-dara-resultados-historicos\/\">Gest\u00e3o de elenco de Atl\u00e9tico Mineiro dar\u00e1 resultados hist\u00f3ricos?&nbsp;<\/a><\/li>\n<\/ul>\n\n\n\n<p>Em uma postagem no Instagram, Alonso compartilhou um v\u00eddeo de um jornalista argentino da Fox Sports, que enaltecia o River Plate como uma equipe &#8220;inteligente, intensa e que mete medo nos advers\u00e1rios&#8221;.<\/p>\n\n\n\n<p> O zagueiro complementou o v\u00eddeo com risadas de beb\u00ea e escreveu na legenda: &#8220;Mais fogos de artif\u00edcio, por favor&#8221;. A provoca\u00e7\u00e3o fez refer\u00eancia ao barulho intenso que a torcida do River fez nas proximidades do hotel da delega\u00e7\u00e3o atleticana durante a madrugada, com fogos de artif\u00edcio disparados por volta das 3h, 5h e 6h (de Bras\u00edlia).<\/p>\n\n\n\n<blockquote class=\"twitter-tweet\" data-media-max-width=\"560\"><p lang=\"es\" dir=\"ltr\">\ud83d\udc40Junior Alonso en Instagram luego de eliminar a River Plate con Atl\u00e9tico Mineiro.<br><br>&quot;M\u00e1s fuegos artificiales por favor!!\ud83e\udd23\ud83e\udd23&quot; <a href=\"https:\/\/t.co\/19K51TH7Kf\">pic.twitter.com\/19K51TH7Kf<\/a><\/p>&mdash; Deportes 24 &#8211; Argentina (@deportes24ar) <a href=\"https:\/\/twitter.com\/deportes24ar\/status\/1851641650331709900?ref_src=twsrc%5Etfw\">October 30, 2024<\/a><\/blockquote> <script async src=\"https:\/\/platform.twitter.com\/widgets.js\" charset=\"utf-8\"><\/script>\n\n\n\n<p>Ap\u00f3s a partida, Junior Alonso comentou sobre a atua\u00e7\u00e3o do Atl\u00e9tico, ressaltando a import\u00e2ncia do resultado e o controle do jogo durante os 180 minutos da semifinal. <\/p>\n\n\n\n<p>\u201cFizemos um \u00f3timo trabalho. O jogo tinha 180 minutos. Cumprimos nosso dever em casa e, aqui, jogamos pelo resultado. Estamos felizes com o desempenho e pela classifica\u00e7\u00e3o. Agora, falta mais um jogo\u201d, afirmou o defensor.<\/p>\n\n\n\n<p>O zagueiro ainda mencionou como a press\u00e3o externa, como os fogos no hotel, acabou motivando a equipe. \u201cAconteceram muitas coisas antes do jogo, como os foguetes no hotel. Eles atrasaram a sa\u00edda do \u00f4nibus para o est\u00e1dio. Isso nos motivou\u201d, disse Alonso, destacando a resili\u00eancia da equipe diante das dificuldades.<\/p>\n","protected":false},"excerpt":{"rendered":"<p>Zagueiro destaca resili\u00eancia da equipe e menciona fogos de artif\u00edcio da torcida rival como motiva\u00e7\u00e3o, enquanto Galo aguarda o advers\u00e1rio na final da Libertadores. O Atl\u00e9tico Mineiro garantiu sua vaga na final da Copa Libertadores na noite da \u00faltima ter\u00e7a-feira (29), ap\u00f3s um empate sem gols contra o River Plate, no Est\u00e1dio Monumental, em Buenos [&hellip;]<\/p>\n","protected":false},"author":17,"featured_media":70674,"comment_status":"open","ping_status":"closed","sticky":false,"template":"","format":"standard","meta":{"footnotes":""},"categories":[136],"tags":[],"class_list":["post-179413","post","type-post","status-publish","format-standard","has-post-thumbnail","hentry","category-atletico-mg"],"yoast_head":"<!-- This site is optimized with the Yoast SEO Premium plugin v24.2 (Yoast SEO v26.9) - https:\/\/yoast.com\/product\/yoast-seo-premium-wordpress\/ -->\n<title>Junior Alonso provoca o River Plate ap\u00f3s classifica\u00e7\u00e3o do Atl\u00e9tico-MG<\/title>\n<meta name=\"robots\" content=\"index, follow, max-snippet:-1, max-image-preview:large, max-video-preview:-1\" \/>\n<link rel=\"canonical\" href=\"https:\/\/www.gaveanews.com\/index.php\/2024\/10\/31\/junior-alonso-provoca-o-river-plate-apos-classificacao-do-atletico-mg\/\" \/>\n<meta property=\"og:locale\" content=\"pt_BR\" \/>\n<meta property=\"og:type\" content=\"article\" \/>\n<meta property=\"og:title\" content=\"Junior Alonso provoca o River Plate ap\u00f3s classifica\u00e7\u00e3o do Atl\u00e9tico-MG\" \/>\n<meta property=\"og:description\" content=\"Zagueiro destaca resili\u00eancia da equipe e menciona fogos de artif\u00edcio da torcida rival como motiva\u00e7\u00e3o, enquanto Galo aguarda o advers\u00e1rio na final da Libertadores. O Atl\u00e9tico Mineiro garantiu sua vaga na final da Copa Libertadores na noite da \u00faltima ter\u00e7a-feira (29), ap\u00f3s um empate sem gols contra o River Plate, no Est\u00e1dio Monumental, em Buenos [&hellip;]\" \/>\n<meta property=\"og:url\" content=\"https:\/\/www.gaveanews.com\/index.php\/2024\/10\/31\/junior-alonso-provoca-o-river-plate-apos-classificacao-do-atletico-mg\/\" \/>\n<meta property=\"og:site_name\" content=\"G\u00e1vea News\" \/>\n<meta property=\"article:publisher\" content=\"https:\/\/facebook.com\/gaveaNews\/\" \/>\n<meta property=\"article:published_time\" content=\"2024-10-31T16:35:00+00:00\" \/>\n<meta property=\"og:image\" content=\"https:\/\/www.gaveanews.com\/wp-content\/uploads\/Junior-Alonso-em-acao-pelo-Atletico-MG.webp\" \/>\n\t<meta property=\"og:image:width\" content=\"1000\" \/>\n\t<meta property=\"og:image:height\" content=\"667\" \/>\n\t<meta property=\"og:image:type\" content=\"image\/jpeg\" \/>\n<meta name=\"author\" content=\"Geovanna Thomaz\" \/>\n<meta name=\"twitter:card\" content=\"summary_large_image\" \/>\n<meta name=\"twitter:label1\" content=\"Escrito por\" \/>\n\t<meta name=\"twitter:data1\" content=\"Geovanna Thomaz\" \/>\n\t<meta name=\"twitter:label2\" content=\"Est. tempo de leitura\" \/>\n\t<meta name=\"twitter:data2\" content=\"2 minutos\" \/>\n<script type=\"application\/ld+json\" class=\"yoast-schema-graph\">{\"@context\":\"https:\/\/schema.org\",\"@graph\":[{\"@type\":\"NewsArticle\",\"@id\":\"https:\/\/www.gaveanews.com\/index.php\/2024\/10\/31\/junior-alonso-provoca-o-river-plate-apos-classificacao-do-atletico-mg\/#article\",\"isPartOf\":{\"@id\":\"https:\/\/www.gaveanews.com\/index.php\/2024\/10\/31\/junior-alonso-provoca-o-river-plate-apos-classificacao-do-atletico-mg\/\"},\"author\":{\"name\":\"Geovanna Thomaz\",\"@id\":\"https:\/\/www.gaveanews.com\/#\/schema\/person\/f42654babcd2b2014a1a65af82b081f1\"},\"headline\":\"Junior Alonso provoca o River Plate ap\u00f3s classifica\u00e7\u00e3o do Atl\u00e9tico-MG\",\"datePublished\":\"2024-10-31T16:35:00+00:00\",\"mainEntityOfPage\":{\"@id\":\"https:\/\/www.gaveanews.com\/index.php\/2024\/10\/31\/junior-alonso-provoca-o-river-plate-apos-classificacao-do-atletico-mg\/\"},\"wordCount\":388,\"commentCount\":0,\"image\":{\"@id\":\"https:\/\/www.gaveanews.com\/index.php\/2024\/10\/31\/junior-alonso-provoca-o-river-plate-apos-classificacao-do-atletico-mg\/#primaryimage\"},\"thumbnailUrl\":\"https:\/\/www.gaveanews.com\/wp-content\/uploads\/Junior-Alonso-em-acao-pelo-Atletico-MG.webp\",\"articleSection\":[\"Atl\u00e9tico-MG\"],\"inLanguage\":\"pt-BR\",\"potentialAction\":[{\"@type\":\"CommentAction\",\"name\":\"Comment\",\"target\":[\"https:\/\/www.gaveanews.com\/index.php\/2024\/10\/31\/junior-alonso-provoca-o-river-plate-apos-classificacao-do-atletico-mg\/#respond\"]}],\"copyrightYear\":\"2024\",\"copyrightHolder\":{\"@id\":\"https:\/\/www.gaveanews.com\/#organization\"}},{\"@type\":\"WebPage\",\"@id\":\"https:\/\/www.gaveanews.com\/index.php\/2024\/10\/31\/junior-alonso-provoca-o-river-plate-apos-classificacao-do-atletico-mg\/\",\"url\":\"https:\/\/www.gaveanews.com\/index.php\/2024\/10\/31\/junior-alonso-provoca-o-river-plate-apos-classificacao-do-atletico-mg\/\",\"name\":\"Junior Alonso provoca o River Plate ap\u00f3s classifica\u00e7\u00e3o do Atl\u00e9tico-MG\",\"isPartOf\":{\"@id\":\"https:\/\/www.gaveanews.com\/#website\"},\"primaryImageOfPage\":{\"@id\":\"https:\/\/www.gaveanews.com\/index.php\/2024\/10\/31\/junior-alonso-provoca-o-river-plate-apos-classificacao-do-atletico-mg\/#primaryimage\"},\"image\":{\"@id\":\"https:\/\/www.gaveanews.com\/index.php\/2024\/10\/31\/junior-alonso-provoca-o-river-plate-apos-classificacao-do-atletico-mg\/#primaryimage\"},\"thumbnailUrl\":\"https:\/\/www.gaveanews.com\/wp-content\/uploads\/Junior-Alonso-em-acao-pelo-Atletico-MG.webp\",\"datePublished\":\"2024-10-31T16:35:00+00:00\",\"author\":{\"@id\":\"https:\/\/www.gaveanews.com\/#\/schema\/person\/f42654babcd2b2014a1a65af82b081f1\"},\"breadcrumb\":{\"@id\":\"https:\/\/www.gaveanews.com\/index.php\/2024\/10\/31\/junior-alonso-provoca-o-river-plate-apos-classificacao-do-atletico-mg\/#breadcrumb\"},\"inLanguage\":\"pt-BR\",\"potentialAction\":[{\"@type\":\"ReadAction\",\"target\":[\"https:\/\/www.gaveanews.com\/index.php\/2024\/10\/31\/junior-alonso-provoca-o-river-plate-apos-classificacao-do-atletico-mg\/\"]}]},{\"@type\":\"ImageObject\",\"inLanguage\":\"pt-BR\",\"@id\":\"https:\/\/www.gaveanews.com\/index.php\/2024\/10\/31\/junior-alonso-provoca-o-river-plate-apos-classificacao-do-atletico-mg\/#primaryimage\",\"url\":\"https:\/\/www.gaveanews.com\/wp-content\/uploads\/Junior-Alonso-em-acao-pelo-Atletico-MG.webp\",\"contentUrl\":\"https:\/\/www.gaveanews.com\/wp-content\/uploads\/Junior-Alonso-em-acao-pelo-Atletico-MG.webp\",\"width\":1000,\"height\":667,\"caption\":\"Junior Alonso em a\u00e7\u00e3o pelo Atl\u00e9tico-MG (Foto: Pedro Souza\/Atl\u00e9tico-MG)\"},{\"@type\":\"BreadcrumbList\",\"@id\":\"https:\/\/www.gaveanews.com\/index.php\/2024\/10\/31\/junior-alonso-provoca-o-river-plate-apos-classificacao-do-atletico-mg\/#breadcrumb\",\"itemListElement\":[{\"@type\":\"ListItem\",\"position\":1,\"name\":\"Home\",\"item\":\"https:\/\/www.gaveanews.com\/\"},{\"@type\":\"ListItem\",\"position\":2,\"name\":\"Junior Alonso provoca o River Plate ap\u00f3s classifica\u00e7\u00e3o do Atl\u00e9tico-MG\"}]},{\"@type\":\"WebSite\",\"@id\":\"https:\/\/www.gaveanews.com\/#website\",\"url\":\"https:\/\/www.gaveanews.com\/\",\"name\":\"G\u00e1vea News\",\"description\":\"Veja todas as not\u00edcias sobre o Flamengo: Contrata\u00e7\u00f5es, categorias de base, resultados das partidas, tabela de classifica\u00e7\u00e3o, pr\u00f3ximos jogos!\",\"potentialAction\":[{\"@type\":\"SearchAction\",\"target\":{\"@type\":\"EntryPoint\",\"urlTemplate\":\"https:\/\/www.gaveanews.com\/?s={search_term_string}\"},\"query-input\":{\"@type\":\"PropertyValueSpecification\",\"valueRequired\":true,\"valueName\":\"search_term_string\"}}],\"inLanguage\":\"pt-BR\"},{\"@type\":\"Person\",\"@id\":\"https:\/\/www.gaveanews.com\/#\/schema\/person\/f42654babcd2b2014a1a65af82b081f1\",\"name\":\"Geovanna Thomaz\",\"image\":{\"@type\":\"ImageObject\",\"inLanguage\":\"pt-BR\",\"@id\":\"https:\/\/www.gaveanews.com\/#\/schema\/person\/image\/\",\"url\":\"https:\/\/secure.gravatar.com\/avatar\/4092073255489533afb558984b49b64268c47198af8623cc82a925ae9fb7118a?s=96&d=mm&r=g\",\"contentUrl\":\"https:\/\/secure.gravatar.com\/avatar\/4092073255489533afb558984b49b64268c47198af8623cc82a925ae9fb7118a?s=96&d=mm&r=g\",\"caption\":\"Geovanna Thomaz\"}}]}<\/script>\n<!-- \/ Yoast SEO Premium plugin. -->","yoast_head_json":{"title":"Junior Alonso provoca o River Plate ap\u00f3s classifica\u00e7\u00e3o do Atl\u00e9tico-MG","robots":{"index":"index","follow":"follow","max-snippet":"max-snippet:-1","max-image-preview":"max-image-preview:large","max-video-preview":"max-video-preview:-1"},"canonical":"https:\/\/www.gaveanews.com\/index.php\/2024\/10\/31\/junior-alonso-provoca-o-river-plate-apos-classificacao-do-atletico-mg\/","og_locale":"pt_BR","og_type":"article","og_title":"Junior Alonso provoca o River Plate ap\u00f3s classifica\u00e7\u00e3o do Atl\u00e9tico-MG","og_description":"Zagueiro destaca resili\u00eancia da equipe e menciona fogos de artif\u00edcio da torcida rival como motiva\u00e7\u00e3o, enquanto Galo aguarda o advers\u00e1rio na final da Libertadores. O Atl\u00e9tico Mineiro garantiu sua vaga na final da Copa Libertadores na noite da \u00faltima ter\u00e7a-feira (29), ap\u00f3s um empate sem gols contra o River Plate, no Est\u00e1dio Monumental, em Buenos [&hellip;]","og_url":"https:\/\/www.gaveanews.com\/index.php\/2024\/10\/31\/junior-alonso-provoca-o-river-plate-apos-classificacao-do-atletico-mg\/","og_site_name":"G\u00e1vea News","article_publisher":"https:\/\/facebook.com\/gaveaNews\/","article_published_time":"2024-10-31T16:35:00+00:00","og_image":[{"width":1000,"height":667,"url":"https:\/\/www.gaveanews.com\/wp-content\/uploads\/Junior-Alonso-em-acao-pelo-Atletico-MG.webp","type":"image\/jpeg"}],"author":"Geovanna Thomaz","twitter_card":"summary_large_image","twitter_misc":{"Escrito por":"Geovanna Thomaz","Est. tempo de leitura":"2 minutos"},"schema":{"@context":"https:\/\/schema.org","@graph":[{"@type":"NewsArticle","@id":"https:\/\/www.gaveanews.com\/index.php\/2024\/10\/31\/junior-alonso-provoca-o-river-plate-apos-classificacao-do-atletico-mg\/#article","isPartOf":{"@id":"https:\/\/www.gaveanews.com\/index.php\/2024\/10\/31\/junior-alonso-provoca-o-river-plate-apos-classificacao-do-atletico-mg\/"},"author":{"name":"Geovanna Thomaz","@id":"https:\/\/www.gaveanews.com\/#\/schema\/person\/f42654babcd2b2014a1a65af82b081f1"},"headline":"Junior Alonso provoca o River Plate ap\u00f3s classifica\u00e7\u00e3o do Atl\u00e9tico-MG","datePublished":"2024-10-31T16:35:00+00:00","mainEntityOfPage":{"@id":"https:\/\/www.gaveanews.com\/index.php\/2024\/10\/31\/junior-alonso-provoca-o-river-plate-apos-classificacao-do-atletico-mg\/"},"wordCount":388,"commentCount":0,"image":{"@id":"https:\/\/www.gaveanews.com\/index.php\/2024\/10\/31\/junior-alonso-provoca-o-river-plate-apos-classificacao-do-atletico-mg\/#primaryimage"},"thumbnailUrl":"https:\/\/www.gaveanews.com\/wp-content\/uploads\/Junior-Alonso-em-acao-pelo-Atletico-MG.webp","articleSection":["Atl\u00e9tico-MG"],"inLanguage":"pt-BR","potentialAction":[{"@type":"CommentAction","name":"Comment","target":["https:\/\/www.gaveanews.com\/index.php\/2024\/10\/31\/junior-alonso-provoca-o-river-plate-apos-classificacao-do-atletico-mg\/#respond"]}],"copyrightYear":"2024","copyrightHolder":{"@id":"https:\/\/www.gaveanews.com\/#organization"}},{"@type":"WebPage","@id":"https:\/\/www.gaveanews.com\/index.php\/2024\/10\/31\/junior-alonso-provoca-o-river-plate-apos-classificacao-do-atletico-mg\/","url":"https:\/\/www.gaveanews.com\/index.php\/2024\/10\/31\/junior-alonso-provoca-o-river-plate-apos-classificacao-do-atletico-mg\/","name":"Junior Alonso provoca o River Plate ap\u00f3s classifica\u00e7\u00e3o do Atl\u00e9tico-MG","isPartOf":{"@id":"https:\/\/www.gaveanews.com\/#website"},"primaryImageOfPage":{"@id":"https:\/\/www.gaveanews.com\/index.php\/2024\/10\/31\/junior-alonso-provoca-o-river-plate-apos-classificacao-do-atletico-mg\/#primaryimage"},"image":{"@id":"https:\/\/www.gaveanews.com\/index.php\/2024\/10\/31\/junior-alonso-provoca-o-river-plate-apos-classificacao-do-atletico-mg\/#primaryimage"},"thumbnailUrl":"https:\/\/www.gaveanews.com\/wp-content\/uploads\/Junior-Alonso-em-acao-pelo-Atletico-MG.webp","datePublished":"2024-10-31T16:35:00+00:00","author":{"@id":"https:\/\/www.gaveanews.com\/#\/schema\/person\/f42654babcd2b2014a1a65af82b081f1"},"breadcrumb":{"@id":"https:\/\/www.gaveanews.com\/index.php\/2024\/10\/31\/junior-alonso-provoca-o-river-plate-apos-classificacao-do-atletico-mg\/#breadcrumb"},"inLanguage":"pt-BR","potentialAction":[{"@type":"ReadAction","target":["https:\/\/www.gaveanews.com\/index.php\/2024\/10\/31\/junior-alonso-provoca-o-river-plate-apos-classificacao-do-atletico-mg\/"]}]},{"@type":"ImageObject","inLanguage":"pt-BR","@id":"https:\/\/www.gaveanews.com\/index.php\/2024\/10\/31\/junior-alonso-provoca-o-river-plate-apos-classificacao-do-atletico-mg\/#primaryimage","url":"https:\/\/www.gaveanews.com\/wp-content\/uploads\/Junior-Alonso-em-acao-pelo-Atletico-MG.webp","contentUrl":"https:\/\/www.gaveanews.com\/wp-content\/uploads\/Junior-Alonso-em-acao-pelo-Atletico-MG.webp","width":1000,"height":667,"caption":"Junior Alonso em a\u00e7\u00e3o pelo Atl\u00e9tico-MG (Foto: Pedro Souza\/Atl\u00e9tico-MG)"},{"@type":"BreadcrumbList","@id":"https:\/\/www.gaveanews.com\/index.php\/2024\/10\/31\/junior-alonso-provoca-o-river-plate-apos-classificacao-do-atletico-mg\/#breadcrumb","itemListElement":[{"@type":"ListItem","position":1,"name":"Home","item":"https:\/\/www.gaveanews.com\/"},{"@type":"ListItem","position":2,"name":"Junior Alonso provoca o River Plate ap\u00f3s classifica\u00e7\u00e3o do Atl\u00e9tico-MG"}]},{"@type":"WebSite","@id":"https:\/\/www.gaveanews.com\/#website","url":"https:\/\/www.gaveanews.com\/","name":"G\u00e1vea News","description":"Veja todas as not\u00edcias sobre o Flamengo: Contrata\u00e7\u00f5es, categorias de base, resultados das partidas, tabela de classifica\u00e7\u00e3o, pr\u00f3ximos jogos!","potentialAction":[{"@type":"SearchAction","target":{"@type":"EntryPoint","urlTemplate":"https:\/\/www.gaveanews.com\/?s={search_term_string}"},"query-input":{"@type":"PropertyValueSpecification","valueRequired":true,"valueName":"search_term_string"}}],"inLanguage":"pt-BR"},{"@type":"Person","@id":"https:\/\/www.gaveanews.com\/#\/schema\/person\/f42654babcd2b2014a1a65af82b081f1","name":"Geovanna Thomaz","image":{"@type":"ImageObject","inLanguage":"pt-BR","@id":"https:\/\/www.gaveanews.com\/#\/schema\/person\/image\/","url":"https:\/\/secure.gravatar.com\/avatar\/4092073255489533afb558984b49b64268c47198af8623cc82a925ae9fb7118a?s=96&d=mm&r=g","contentUrl":"https:\/\/secure.gravatar.com\/avatar\/4092073255489533afb558984b49b64268c47198af8623cc82a925ae9fb7118a?s=96&d=mm&r=g","caption":"Geovanna Thomaz"}}]}},"_links":{"self":[{"href":"https:\/\/www.gaveanews.com\/index.php\/wp-json\/wp\/v2\/posts\/179413","targetHints":{"allow":["GET"]}}],"collection":[{"href":"https:\/\/www.gaveanews.com\/index.php\/wp-json\/wp\/v2\/posts"}],"about":[{"href":"https:\/\/www.gaveanews.com\/index.php\/wp-json\/wp\/v2\/types\/post"}],"author":[{"embeddable":true,"href":"https:\/\/www.gaveanews.com\/index.php\/wp-json\/wp\/v2\/users\/17"}],"replies":[{"embeddable":true,"href":"https:\/\/www.gaveanews.com\/index.php\/wp-json\/wp\/v2\/comments?post=179413"}],"version-history":[{"count":3,"href":"https:\/\/www.gaveanews.com\/index.php\/wp-json\/wp\/v2\/posts\/179413\/revisions"}],"predecessor-version":[{"id":179614,"href":"https:\/\/www.gaveanews.com\/index.php\/wp-json\/wp\/v2\/posts\/179413\/revisions\/179614"}],"wp:featuredmedia":[{"embeddable":true,"href":"https:\/\/www.gaveanews.com\/index.php\/wp-json\/wp\/v2\/media\/70674"}],"wp:attachment":[{"href":"https:\/\/www.gaveanews.com\/index.php\/wp-json\/wp\/v2\/media?parent=179413"}],"wp:term":[{"taxonomy":"category","embeddable":true,"href":"https:\/\/www.gaveanews.com\/index.php\/wp-json\/wp\/v2\/categories?post=179413"},{"taxonomy":"post_tag","embeddable":true,"href":"https:\/\/www.gaveanews.com\/index.php\/wp-json\/wp\/v2\/tags?post=179413"}],"curies":[{"name":"wp","href":"https:\/\/api.w.org\/{rel}","templated":true}]}}