{"id":179512,"date":"2024-10-31T04:50:00","date_gmt":"2024-10-31T07:50:00","guid":{"rendered":"https:\/\/www.gaveanews.com\/?p=179512"},"modified":"2024-10-31T00:37:46","modified_gmt":"2024-10-31T03:37:46","slug":"premiacao-milionaria-nota-oficial-da-conmebol-e-declaracao-de-galvao-bueno-as-ultimas-noticias-do-atletico-mg","status":"publish","type":"post","link":"https:\/\/www.gaveanews.com\/index.php\/2024\/10\/31\/premiacao-milionaria-nota-oficial-da-conmebol-e-declaracao-de-galvao-bueno-as-ultimas-noticias-do-atletico-mg\/","title":{"rendered":"Premia\u00e7\u00e3o milion\u00e1ria, nota oficial da Conmebol e declara\u00e7\u00e3o de Galv\u00e3o Bueno: as \u00faltimas not\u00edcias do Atl\u00e9tico-MG"},"content":{"rendered":"\n<p>Nas \u00faltimas horas, o foco das not\u00edcias sobre o Atl\u00e9tico-MG se concentram nos bastidores do clube, com destaques como a nota oficial da Conmebol e declara\u00e7\u00e3o de Galv\u00e3o Bueno.<\/p>\n\n\n\n<p>Por conta deste contexto, leia abaixo um resumo preparado pela equipe do portal G\u00e1vea News para lhe manter muito bem informado!<\/p>\n\n\n\n<h2 class=\"wp-block-heading\" id=\"h-declaracao-de-galvao-bueno\">Declara\u00e7\u00e3o de Galv\u00e3o Bueno<\/h2>\n\n\n\n<p>Ap\u00f3s a classifica\u00e7\u00e3o do Atl\u00e9tico-MG para a final da Copa Libertadores, o narrador Galv\u00e3o Bueno enalteceu o feito hist\u00f3rico da equipe, que retorna \u00e0 decis\u00e3o ap\u00f3s 11 anos. Em uma postagem nas redes sociais, Galv\u00e3o destacou a for\u00e7a do &#8220;Galo forte e vingador&#8221; ao eliminar o River Plate, suportando a press\u00e3o no Monumental de N\u00fa\u00f1ez. Com um empate de 0 a 0 no segundo jogo, o Atl\u00e9tico garantiu a vaga, consolidando sua superioridade no confronto ap\u00f3s a vit\u00f3ria por 3 a 0 em Belo Horizonte. <strong><a href=\"https:\/\/www.gaveanews.com\/index.php\/2024\/10\/30\/a-publicacao-de-galvao-bueno-direcionada-ao-atletico-mg\/\">(leia a mat\u00e9ria completa)<\/a><\/strong><\/p>\n\n\n\n<figure class=\"wp-block-image size-full\"><img loading=\"lazy\" decoding=\"async\" width=\"846\" height=\"577\" src=\"https:\/\/www.gaveanews.com\/wp-content\/uploads\/Galvao-Bueno-canal-YouTube.webp\" alt=\"\" class=\"wp-image-96144\" srcset=\"https:\/\/www.gaveanews.com\/wp-content\/uploads\/Galvao-Bueno-canal-YouTube.webp 846w, https:\/\/www.gaveanews.com\/wp-content\/uploads\/Galvao-Bueno-canal-YouTube-300x205.webp 300w, https:\/\/www.gaveanews.com\/wp-content\/uploads\/Galvao-Bueno-canal-YouTube-768x524.webp 768w, https:\/\/www.gaveanews.com\/wp-content\/uploads\/Galvao-Bueno-canal-YouTube-616x420.webp 616w, https:\/\/www.gaveanews.com\/wp-content\/uploads\/Galvao-Bueno-canal-YouTube-640x437.webp 640w, https:\/\/www.gaveanews.com\/wp-content\/uploads\/Galvao-Bueno-canal-YouTube-681x464.webp 681w, https:\/\/www.gaveanews.com\/wp-content\/uploads\/Galvao-Bueno-canal-YouTube-100x68.webp 100w\" sizes=\"auto, (max-width: 846px) 100vw, 846px\" \/><figcaption class=\"wp-element-caption\">Galv\u00e3o Bueno (Foto: Divulga\u00e7\u00e3o)<\/figcaption><\/figure>\n\n\n\n<p>Agora, o Atl\u00e9tico-MG aguarda o vencedor do confronto entre Botafogo e Pe\u00f1arol, com a final marcada para o dia 30 de novembro, novamente no Monumental. A possibilidade de uma decis\u00e3o entre clubes brasileiros tem gerado grande entusiasmo entre os torcedores, e Galv\u00e3o refor\u00e7ou a expectativa em torno do clube mineiro, elogiando seu desempenho ao longo do torneio.<\/p>\n\n\n\n<p>Para os atleticanos, o t\u00edtulo representa n\u00e3o s\u00f3 uma conquista esportiva, mas a afirma\u00e7\u00e3o de sua relev\u00e2ncia no cen\u00e1rio internacional. O entusiasmo dos torcedores j\u00e1 \u00e9 grande, e a confian\u00e7a de Galv\u00e3o no potencial do Galo aumenta a ansiedade por um desfecho hist\u00f3rico na Libertadores 2024.<\/p>\n\n\n\n<h2 class=\"wp-block-heading\" id=\"h-nota-oficial-da-conmebol\">Nota oficial da Conmebol<\/h2>\n\n\n\n<p>A Conmebol confirmou oficialmente que a final da Libertadores ser\u00e1 realizada no est\u00e1dio Monumental de N\u00fa\u00f1ez, em Buenos Aires, desmentindo rumores de uma poss\u00edvel mudan\u00e7a de local. Especula\u00e7\u00f5es surgiram quando se tornou prov\u00e1vel que nenhuma equipe argentina estaria na decis\u00e3o, levando alguns a questionarem o uso de um est\u00e1dio com capacidade para 80 mil pessoas. <strong><a href=\"https:\/\/www.gaveanews.com\/index.php\/2024\/10\/30\/conmebol-divulga-nota-oficial-sobre-estadio-da-final-da-libertadores\/\"> (leia a mat\u00e9ria completa)<\/a><\/strong><\/p>\n\n\n\n<figure class=\"wp-block-image size-large\"><img loading=\"lazy\" decoding=\"async\" width=\"1024\" height=\"1024\" src=\"https:\/\/www.gaveanews.com\/wp-content\/uploads\/Taca-da-Copa-Libertadores-da-America-no-gramado-do-estadio-do-Maracana-1024x1024.webp\" alt=\"\" class=\"wp-image-58305\" srcset=\"https:\/\/www.gaveanews.com\/wp-content\/uploads\/Taca-da-Copa-Libertadores-da-America-no-gramado-do-estadio-do-Maracana-1024x1024.webp 1024w, https:\/\/www.gaveanews.com\/wp-content\/uploads\/Taca-da-Copa-Libertadores-da-America-no-gramado-do-estadio-do-Maracana-300x300.webp 300w, https:\/\/www.gaveanews.com\/wp-content\/uploads\/Taca-da-Copa-Libertadores-da-America-no-gramado-do-estadio-do-Maracana-150x150.webp 150w, https:\/\/www.gaveanews.com\/wp-content\/uploads\/Taca-da-Copa-Libertadores-da-America-no-gramado-do-estadio-do-Maracana-768x767.webp 768w, https:\/\/www.gaveanews.com\/wp-content\/uploads\/Taca-da-Copa-Libertadores-da-America-no-gramado-do-estadio-do-Maracana-420x420.webp 420w, https:\/\/www.gaveanews.com\/wp-content\/uploads\/Taca-da-Copa-Libertadores-da-America-no-gramado-do-estadio-do-Maracana-841x840.webp 841w, https:\/\/www.gaveanews.com\/wp-content\/uploads\/Taca-da-Copa-Libertadores-da-America-no-gramado-do-estadio-do-Maracana-640x639.webp 640w, https:\/\/www.gaveanews.com\/wp-content\/uploads\/Taca-da-Copa-Libertadores-da-America-no-gramado-do-estadio-do-Maracana-681x680.webp 681w, https:\/\/www.gaveanews.com\/wp-content\/uploads\/Taca-da-Copa-Libertadores-da-America-no-gramado-do-estadio-do-Maracana-100x100.webp 100w, https:\/\/www.gaveanews.com\/wp-content\/uploads\/Taca-da-Copa-Libertadores-da-America-no-gramado-do-estadio-do-Maracana.webp 1080w\" sizes=\"auto, (max-width: 1024px) 100vw, 1024px\" \/><figcaption class=\"wp-element-caption\">Ta\u00e7a da Copa Libertadores da Am\u00e9rica no gramado do est\u00e1dio do Maracan\u00e3 (Foto: Conmebol)<\/figcaption><\/figure>\n\n\n\n<p>Havia propostas para transferir a final para o est\u00e1dio do Independiente, que comporta 42 mil torcedores, mas a Conmebol esclareceu que o Monumental foi o escolhido desde o in\u00edcio e nunca cogitaram outra op\u00e7\u00e3o.<\/p>\n\n\n\n<p>A entidade refor\u00e7ou seu compromisso com a decis\u00e3o tomada inicialmente, independentemente das equipes finalistas. Com o Atl\u00e9tico-MG j\u00e1 classificado, a final aguarda a defini\u00e7\u00e3o entre Pe\u00f1arol e Botafogo, que se enfrentam no Centen\u00e1rio, em Montevid\u00e9u. A partida acontece ap\u00f3s uma vit\u00f3ria expressiva do Botafogo por 5 a 0 no jogo de ida, posicionando-o como favorito para enfrentar o Atl\u00e9tico.<\/p>\n\n\n\n<p>Al\u00e9m da log\u00edstica, a confirma\u00e7\u00e3o da Conmebol visa proporcionar um espet\u00e1culo grandioso aos torcedores e espectadores. O Monumental de N\u00fa\u00f1ez, que pertence ao River Plate, representa uma escolha simb\u00f3lica para a final da competi\u00e7\u00e3o mais prestigiada da Am\u00e9rica do Sul, reafirmando o peso da Libertadores no cen\u00e1rio esportivo do continente.<\/p>\n\n\n\n<h2 class=\"wp-block-heading\" id=\"h-premiacao-milionaria\">Premia\u00e7\u00e3o milion\u00e1ria<\/h2>\n\n\n\n<p>O Atl\u00e9tico Mineiro assegurou uma premia\u00e7\u00e3o milion\u00e1ria ao alcan\u00e7ar a final da Libertadores, ap\u00f3s eliminar o River Plate com um placar agregado de 3 a 0. Somente com o avan\u00e7o at\u00e9 a final, o clube garantiu 7 milh\u00f5es de d\u00f3lares (cerca de R$ 39,6 milh\u00f5es), somando aos R$ 56,5 milh\u00f5es conquistados nas fases anteriores, totalizando R$ 96 milh\u00f5es. Se conquistar o t\u00edtulo, o pr\u00eamio subir\u00e1 para 23 milh\u00f5es de d\u00f3lares, aproximadamente R$ 130 milh\u00f5es, levando o valor acumulado para R$ 186,5 milh\u00f5es. <strong><a href=\"https:\/\/www.gaveanews.com\/index.php\/2024\/10\/30\/atletico-mineiro-garante-premiacao-milionaria-com-a-libertadores\/\">(leia a mat\u00e9ria completa)<\/a><\/strong><\/p>\n\n\n\n<figure class=\"wp-block-image size-full\"><img loading=\"lazy\" decoding=\"async\" width=\"732\" height=\"412\" src=\"https:\/\/www.gaveanews.com\/wp-content\/uploads\/arena-mrv-atletico-mg.webp\" alt=\"\" class=\"wp-image-109263\" srcset=\"https:\/\/www.gaveanews.com\/wp-content\/uploads\/arena-mrv-atletico-mg.webp 732w, https:\/\/www.gaveanews.com\/wp-content\/uploads\/arena-mrv-atletico-mg-300x169.webp 300w, https:\/\/www.gaveanews.com\/wp-content\/uploads\/arena-mrv-atletico-mg-640x360.webp 640w, https:\/\/www.gaveanews.com\/wp-content\/uploads\/arena-mrv-atletico-mg-681x383.webp 681w, https:\/\/www.gaveanews.com\/wp-content\/uploads\/arena-mrv-atletico-mg-100x56.webp 100w\" sizes=\"auto, (max-width: 732px) 100vw, 732px\" \/><figcaption class=\"wp-element-caption\">Arena MRV, est\u00e1dio do Atl\u00e9tico-MG (Foto: Pedro Souza\/Atl\u00e9tico-MG)<\/figcaption><\/figure>\n\n\n\n<p>O Atl\u00e9tico, que tamb\u00e9m est\u00e1 na final da Copa do Brasil contra o Flamengo, j\u00e1 acumula R$ 146 milh\u00f5es entre as duas competi\u00e7\u00f5es. A \u00faltima vez que o clube disputou uma final da Libertadores foi em 2013, quando conquistou seu \u00fanico t\u00edtulo continental. Em rela\u00e7\u00e3o \u00e0 Copa do Brasil, o clube mineiro j\u00e1 garantiu R$ 31,5 milh\u00f5es com a classifica\u00e7\u00e3o para a final, podendo alcan\u00e7ar R$ 73,5 milh\u00f5es em caso de vit\u00f3ria.<\/p>\n\n\n\n<p>O Galo agora aguarda o vencedor entre Botafogo e Pe\u00f1arol para definir seu advers\u00e1rio na final da Libertadores, e o Botafogo leva uma grande vantagem ap\u00f3s a vit\u00f3ria por 5 a 0 no jogo de ida.<\/p>\n","protected":false},"excerpt":{"rendered":"<p>Nas \u00faltimas horas, o foco das not\u00edcias sobre o Atl\u00e9tico-MG se concentram nos bastidores do clube, com destaques como a nota oficial da Conmebol e declara\u00e7\u00e3o de Galv\u00e3o Bueno. Por conta deste contexto, leia abaixo um resumo preparado pela equipe do portal G\u00e1vea News para lhe manter muito bem informado! Declara\u00e7\u00e3o de Galv\u00e3o Bueno Ap\u00f3s [&hellip;]<\/p>\n","protected":false},"author":27,"featured_media":157061,"comment_status":"open","ping_status":"closed","sticky":false,"template":"","format":"standard","meta":{"footnotes":""},"categories":[136],"tags":[],"class_list":["post-179512","post","type-post","status-publish","format-standard","has-post-thumbnail","hentry","category-atletico-mg"],"yoast_head":"<!-- This site is optimized with the Yoast SEO Premium plugin v24.2 (Yoast SEO v26.9) - https:\/\/yoast.com\/product\/yoast-seo-premium-wordpress\/ -->\n<title>Premia\u00e7\u00e3o milion\u00e1ria, nota oficial da Conmebol e declara\u00e7\u00e3o de Galv\u00e3o Bueno: as \u00faltimas not\u00edcias do Atl\u00e9tico-MG<\/title>\n<meta name=\"robots\" content=\"index, follow, max-snippet:-1, max-image-preview:large, max-video-preview:-1\" \/>\n<link rel=\"canonical\" href=\"https:\/\/www.gaveanews.com\/index.php\/2024\/10\/31\/premiacao-milionaria-nota-oficial-da-conmebol-e-declaracao-de-galvao-bueno-as-ultimas-noticias-do-atletico-mg\/\" \/>\n<meta property=\"og:locale\" content=\"pt_BR\" \/>\n<meta property=\"og:type\" content=\"article\" \/>\n<meta property=\"og:title\" content=\"Premia\u00e7\u00e3o milion\u00e1ria, nota oficial da Conmebol e declara\u00e7\u00e3o de Galv\u00e3o Bueno: as \u00faltimas not\u00edcias do Atl\u00e9tico-MG\" \/>\n<meta property=\"og:description\" content=\"Nas \u00faltimas horas, o foco das not\u00edcias sobre o Atl\u00e9tico-MG se concentram nos bastidores do clube, com destaques como a nota oficial da Conmebol e declara\u00e7\u00e3o de Galv\u00e3o Bueno. Por conta deste contexto, leia abaixo um resumo preparado pela equipe do portal G\u00e1vea News para lhe manter muito bem informado! Declara\u00e7\u00e3o de Galv\u00e3o Bueno Ap\u00f3s [&hellip;]\" \/>\n<meta property=\"og:url\" content=\"https:\/\/www.gaveanews.com\/index.php\/2024\/10\/31\/premiacao-milionaria-nota-oficial-da-conmebol-e-declaracao-de-galvao-bueno-as-ultimas-noticias-do-atletico-mg\/\" \/>\n<meta property=\"og:site_name\" content=\"G\u00e1vea News\" \/>\n<meta property=\"article:publisher\" content=\"https:\/\/facebook.com\/gaveaNews\/\" \/>\n<meta property=\"article:published_time\" content=\"2024-10-31T07:50:00+00:00\" \/>\n<meta property=\"og:image\" content=\"https:\/\/www.gaveanews.com\/wp-content\/uploads\/Camisa-do-Atletico-MG.webp\" \/>\n\t<meta property=\"og:image:width\" content=\"1080\" \/>\n\t<meta property=\"og:image:height\" content=\"720\" \/>\n\t<meta property=\"og:image:type\" content=\"image\/webp\" \/>\n<meta name=\"author\" content=\"Matheus Felipe\" \/>\n<meta name=\"twitter:card\" content=\"summary_large_image\" \/>\n<meta name=\"twitter:label1\" content=\"Escrito por\" \/>\n\t<meta name=\"twitter:data1\" content=\"Matheus Felipe\" \/>\n\t<meta name=\"twitter:label2\" content=\"Est. tempo de leitura\" \/>\n\t<meta name=\"twitter:data2\" content=\"5 minutos\" \/>\n<script type=\"application\/ld+json\" class=\"yoast-schema-graph\">{\"@context\":\"https:\/\/schema.org\",\"@graph\":[{\"@type\":\"NewsArticle\",\"@id\":\"https:\/\/www.gaveanews.com\/index.php\/2024\/10\/31\/premiacao-milionaria-nota-oficial-da-conmebol-e-declaracao-de-galvao-bueno-as-ultimas-noticias-do-atletico-mg\/#article\",\"isPartOf\":{\"@id\":\"https:\/\/www.gaveanews.com\/index.php\/2024\/10\/31\/premiacao-milionaria-nota-oficial-da-conmebol-e-declaracao-de-galvao-bueno-as-ultimas-noticias-do-atletico-mg\/\"},\"author\":{\"name\":\"Matheus Felipe\",\"@id\":\"https:\/\/www.gaveanews.com\/#\/schema\/person\/8207cd4627f56151707418bfc835b2fb\"},\"headline\":\"Premia\u00e7\u00e3o milion\u00e1ria, nota oficial da Conmebol e declara\u00e7\u00e3o de Galv\u00e3o Bueno: as \u00faltimas not\u00edcias do Atl\u00e9tico-MG\",\"datePublished\":\"2024-10-31T07:50:00+00:00\",\"mainEntityOfPage\":{\"@id\":\"https:\/\/www.gaveanews.com\/index.php\/2024\/10\/31\/premiacao-milionaria-nota-oficial-da-conmebol-e-declaracao-de-galvao-bueno-as-ultimas-noticias-do-atletico-mg\/\"},\"wordCount\":777,\"commentCount\":0,\"image\":{\"@id\":\"https:\/\/www.gaveanews.com\/index.php\/2024\/10\/31\/premiacao-milionaria-nota-oficial-da-conmebol-e-declaracao-de-galvao-bueno-as-ultimas-noticias-do-atletico-mg\/#primaryimage\"},\"thumbnailUrl\":\"https:\/\/www.gaveanews.com\/wp-content\/uploads\/Camisa-do-Atletico-MG.webp\",\"articleSection\":[\"Atl\u00e9tico-MG\"],\"inLanguage\":\"pt-BR\",\"potentialAction\":[{\"@type\":\"CommentAction\",\"name\":\"Comment\",\"target\":[\"https:\/\/www.gaveanews.com\/index.php\/2024\/10\/31\/premiacao-milionaria-nota-oficial-da-conmebol-e-declaracao-de-galvao-bueno-as-ultimas-noticias-do-atletico-mg\/#respond\"]}],\"copyrightYear\":\"2024\",\"copyrightHolder\":{\"@id\":\"https:\/\/www.gaveanews.com\/#organization\"}},{\"@type\":\"WebPage\",\"@id\":\"https:\/\/www.gaveanews.com\/index.php\/2024\/10\/31\/premiacao-milionaria-nota-oficial-da-conmebol-e-declaracao-de-galvao-bueno-as-ultimas-noticias-do-atletico-mg\/\",\"url\":\"https:\/\/www.gaveanews.com\/index.php\/2024\/10\/31\/premiacao-milionaria-nota-oficial-da-conmebol-e-declaracao-de-galvao-bueno-as-ultimas-noticias-do-atletico-mg\/\",\"name\":\"Premia\u00e7\u00e3o milion\u00e1ria, nota oficial da Conmebol e declara\u00e7\u00e3o de Galv\u00e3o Bueno: as \u00faltimas not\u00edcias do Atl\u00e9tico-MG\",\"isPartOf\":{\"@id\":\"https:\/\/www.gaveanews.com\/#website\"},\"primaryImageOfPage\":{\"@id\":\"https:\/\/www.gaveanews.com\/index.php\/2024\/10\/31\/premiacao-milionaria-nota-oficial-da-conmebol-e-declaracao-de-galvao-bueno-as-ultimas-noticias-do-atletico-mg\/#primaryimage\"},\"image\":{\"@id\":\"https:\/\/www.gaveanews.com\/index.php\/2024\/10\/31\/premiacao-milionaria-nota-oficial-da-conmebol-e-declaracao-de-galvao-bueno-as-ultimas-noticias-do-atletico-mg\/#primaryimage\"},\"thumbnailUrl\":\"https:\/\/www.gaveanews.com\/wp-content\/uploads\/Camisa-do-Atletico-MG.webp\",\"datePublished\":\"2024-10-31T07:50:00+00:00\",\"author\":{\"@id\":\"https:\/\/www.gaveanews.com\/#\/schema\/person\/8207cd4627f56151707418bfc835b2fb\"},\"breadcrumb\":{\"@id\":\"https:\/\/www.gaveanews.com\/index.php\/2024\/10\/31\/premiacao-milionaria-nota-oficial-da-conmebol-e-declaracao-de-galvao-bueno-as-ultimas-noticias-do-atletico-mg\/#breadcrumb\"},\"inLanguage\":\"pt-BR\",\"potentialAction\":[{\"@type\":\"ReadAction\",\"target\":[\"https:\/\/www.gaveanews.com\/index.php\/2024\/10\/31\/premiacao-milionaria-nota-oficial-da-conmebol-e-declaracao-de-galvao-bueno-as-ultimas-noticias-do-atletico-mg\/\"]}]},{\"@type\":\"ImageObject\",\"inLanguage\":\"pt-BR\",\"@id\":\"https:\/\/www.gaveanews.com\/index.php\/2024\/10\/31\/premiacao-milionaria-nota-oficial-da-conmebol-e-declaracao-de-galvao-bueno-as-ultimas-noticias-do-atletico-mg\/#primaryimage\",\"url\":\"https:\/\/www.gaveanews.com\/wp-content\/uploads\/Camisa-do-Atletico-MG.webp\",\"contentUrl\":\"https:\/\/www.gaveanews.com\/wp-content\/uploads\/Camisa-do-Atletico-MG.webp\",\"width\":1080,\"height\":720,\"caption\":\"Camisa do Atl\u00e9tico-MG (Foto: Reprodu\u00e7\u00e3o\/Instagram)\"},{\"@type\":\"BreadcrumbList\",\"@id\":\"https:\/\/www.gaveanews.com\/index.php\/2024\/10\/31\/premiacao-milionaria-nota-oficial-da-conmebol-e-declaracao-de-galvao-bueno-as-ultimas-noticias-do-atletico-mg\/#breadcrumb\",\"itemListElement\":[{\"@type\":\"ListItem\",\"position\":1,\"name\":\"Home\",\"item\":\"https:\/\/www.gaveanews.com\/\"},{\"@type\":\"ListItem\",\"position\":2,\"name\":\"Premia\u00e7\u00e3o milion\u00e1ria, nota oficial da Conmebol e declara\u00e7\u00e3o de Galv\u00e3o Bueno: as \u00faltimas not\u00edcias do Atl\u00e9tico-MG\"}]},{\"@type\":\"WebSite\",\"@id\":\"https:\/\/www.gaveanews.com\/#website\",\"url\":\"https:\/\/www.gaveanews.com\/\",\"name\":\"G\u00e1vea News\",\"description\":\"Veja todas as not\u00edcias sobre o Flamengo: Contrata\u00e7\u00f5es, categorias de base, resultados das partidas, tabela de classifica\u00e7\u00e3o, pr\u00f3ximos jogos!\",\"potentialAction\":[{\"@type\":\"SearchAction\",\"target\":{\"@type\":\"EntryPoint\",\"urlTemplate\":\"https:\/\/www.gaveanews.com\/?s={search_term_string}\"},\"query-input\":{\"@type\":\"PropertyValueSpecification\",\"valueRequired\":true,\"valueName\":\"search_term_string\"}}],\"inLanguage\":\"pt-BR\"},{\"@type\":\"Person\",\"@id\":\"https:\/\/www.gaveanews.com\/#\/schema\/person\/8207cd4627f56151707418bfc835b2fb\",\"name\":\"Matheus Felipe\",\"image\":{\"@type\":\"ImageObject\",\"inLanguage\":\"pt-BR\",\"@id\":\"https:\/\/www.gaveanews.com\/#\/schema\/person\/image\/\",\"url\":\"https:\/\/secure.gravatar.com\/avatar\/a452ffbed9130f726358b298bb3a99ce4bd3c5338411f8440e87e14d74c7c087?s=96&d=mm&r=g\",\"contentUrl\":\"https:\/\/secure.gravatar.com\/avatar\/a452ffbed9130f726358b298bb3a99ce4bd3c5338411f8440e87e14d74c7c087?s=96&d=mm&r=g\",\"caption\":\"Matheus Felipe\"}}]}<\/script>\n<!-- \/ Yoast SEO Premium plugin. -->","yoast_head_json":{"title":"Premia\u00e7\u00e3o milion\u00e1ria, nota oficial da Conmebol e declara\u00e7\u00e3o de Galv\u00e3o Bueno: as \u00faltimas not\u00edcias do Atl\u00e9tico-MG","robots":{"index":"index","follow":"follow","max-snippet":"max-snippet:-1","max-image-preview":"max-image-preview:large","max-video-preview":"max-video-preview:-1"},"canonical":"https:\/\/www.gaveanews.com\/index.php\/2024\/10\/31\/premiacao-milionaria-nota-oficial-da-conmebol-e-declaracao-de-galvao-bueno-as-ultimas-noticias-do-atletico-mg\/","og_locale":"pt_BR","og_type":"article","og_title":"Premia\u00e7\u00e3o milion\u00e1ria, nota oficial da Conmebol e declara\u00e7\u00e3o de Galv\u00e3o Bueno: as \u00faltimas not\u00edcias do Atl\u00e9tico-MG","og_description":"Nas \u00faltimas horas, o foco das not\u00edcias sobre o Atl\u00e9tico-MG se concentram nos bastidores do clube, com destaques como a nota oficial da Conmebol e declara\u00e7\u00e3o de Galv\u00e3o Bueno. Por conta deste contexto, leia abaixo um resumo preparado pela equipe do portal G\u00e1vea News para lhe manter muito bem informado! Declara\u00e7\u00e3o de Galv\u00e3o Bueno Ap\u00f3s [&hellip;]","og_url":"https:\/\/www.gaveanews.com\/index.php\/2024\/10\/31\/premiacao-milionaria-nota-oficial-da-conmebol-e-declaracao-de-galvao-bueno-as-ultimas-noticias-do-atletico-mg\/","og_site_name":"G\u00e1vea News","article_publisher":"https:\/\/facebook.com\/gaveaNews\/","article_published_time":"2024-10-31T07:50:00+00:00","og_image":[{"width":1080,"height":720,"url":"https:\/\/www.gaveanews.com\/wp-content\/uploads\/Camisa-do-Atletico-MG.webp","type":"image\/webp"}],"author":"Matheus Felipe","twitter_card":"summary_large_image","twitter_misc":{"Escrito por":"Matheus Felipe","Est. tempo de leitura":"5 minutos"},"schema":{"@context":"https:\/\/schema.org","@graph":[{"@type":"NewsArticle","@id":"https:\/\/www.gaveanews.com\/index.php\/2024\/10\/31\/premiacao-milionaria-nota-oficial-da-conmebol-e-declaracao-de-galvao-bueno-as-ultimas-noticias-do-atletico-mg\/#article","isPartOf":{"@id":"https:\/\/www.gaveanews.com\/index.php\/2024\/10\/31\/premiacao-milionaria-nota-oficial-da-conmebol-e-declaracao-de-galvao-bueno-as-ultimas-noticias-do-atletico-mg\/"},"author":{"name":"Matheus Felipe","@id":"https:\/\/www.gaveanews.com\/#\/schema\/person\/8207cd4627f56151707418bfc835b2fb"},"headline":"Premia\u00e7\u00e3o milion\u00e1ria, nota oficial da Conmebol e declara\u00e7\u00e3o de Galv\u00e3o Bueno: as \u00faltimas not\u00edcias do Atl\u00e9tico-MG","datePublished":"2024-10-31T07:50:00+00:00","mainEntityOfPage":{"@id":"https:\/\/www.gaveanews.com\/index.php\/2024\/10\/31\/premiacao-milionaria-nota-oficial-da-conmebol-e-declaracao-de-galvao-bueno-as-ultimas-noticias-do-atletico-mg\/"},"wordCount":777,"commentCount":0,"image":{"@id":"https:\/\/www.gaveanews.com\/index.php\/2024\/10\/31\/premiacao-milionaria-nota-oficial-da-conmebol-e-declaracao-de-galvao-bueno-as-ultimas-noticias-do-atletico-mg\/#primaryimage"},"thumbnailUrl":"https:\/\/www.gaveanews.com\/wp-content\/uploads\/Camisa-do-Atletico-MG.webp","articleSection":["Atl\u00e9tico-MG"],"inLanguage":"pt-BR","potentialAction":[{"@type":"CommentAction","name":"Comment","target":["https:\/\/www.gaveanews.com\/index.php\/2024\/10\/31\/premiacao-milionaria-nota-oficial-da-conmebol-e-declaracao-de-galvao-bueno-as-ultimas-noticias-do-atletico-mg\/#respond"]}],"copyrightYear":"2024","copyrightHolder":{"@id":"https:\/\/www.gaveanews.com\/#organization"}},{"@type":"WebPage","@id":"https:\/\/www.gaveanews.com\/index.php\/2024\/10\/31\/premiacao-milionaria-nota-oficial-da-conmebol-e-declaracao-de-galvao-bueno-as-ultimas-noticias-do-atletico-mg\/","url":"https:\/\/www.gaveanews.com\/index.php\/2024\/10\/31\/premiacao-milionaria-nota-oficial-da-conmebol-e-declaracao-de-galvao-bueno-as-ultimas-noticias-do-atletico-mg\/","name":"Premia\u00e7\u00e3o milion\u00e1ria, nota oficial da Conmebol e declara\u00e7\u00e3o de Galv\u00e3o Bueno: as \u00faltimas not\u00edcias do Atl\u00e9tico-MG","isPartOf":{"@id":"https:\/\/www.gaveanews.com\/#website"},"primaryImageOfPage":{"@id":"https:\/\/www.gaveanews.com\/index.php\/2024\/10\/31\/premiacao-milionaria-nota-oficial-da-conmebol-e-declaracao-de-galvao-bueno-as-ultimas-noticias-do-atletico-mg\/#primaryimage"},"image":{"@id":"https:\/\/www.gaveanews.com\/index.php\/2024\/10\/31\/premiacao-milionaria-nota-oficial-da-conmebol-e-declaracao-de-galvao-bueno-as-ultimas-noticias-do-atletico-mg\/#primaryimage"},"thumbnailUrl":"https:\/\/www.gaveanews.com\/wp-content\/uploads\/Camisa-do-Atletico-MG.webp","datePublished":"2024-10-31T07:50:00+00:00","author":{"@id":"https:\/\/www.gaveanews.com\/#\/schema\/person\/8207cd4627f56151707418bfc835b2fb"},"breadcrumb":{"@id":"https:\/\/www.gaveanews.com\/index.php\/2024\/10\/31\/premiacao-milionaria-nota-oficial-da-conmebol-e-declaracao-de-galvao-bueno-as-ultimas-noticias-do-atletico-mg\/#breadcrumb"},"inLanguage":"pt-BR","potentialAction":[{"@type":"ReadAction","target":["https:\/\/www.gaveanews.com\/index.php\/2024\/10\/31\/premiacao-milionaria-nota-oficial-da-conmebol-e-declaracao-de-galvao-bueno-as-ultimas-noticias-do-atletico-mg\/"]}]},{"@type":"ImageObject","inLanguage":"pt-BR","@id":"https:\/\/www.gaveanews.com\/index.php\/2024\/10\/31\/premiacao-milionaria-nota-oficial-da-conmebol-e-declaracao-de-galvao-bueno-as-ultimas-noticias-do-atletico-mg\/#primaryimage","url":"https:\/\/www.gaveanews.com\/wp-content\/uploads\/Camisa-do-Atletico-MG.webp","contentUrl":"https:\/\/www.gaveanews.com\/wp-content\/uploads\/Camisa-do-Atletico-MG.webp","width":1080,"height":720,"caption":"Camisa do Atl\u00e9tico-MG (Foto: Reprodu\u00e7\u00e3o\/Instagram)"},{"@type":"BreadcrumbList","@id":"https:\/\/www.gaveanews.com\/index.php\/2024\/10\/31\/premiacao-milionaria-nota-oficial-da-conmebol-e-declaracao-de-galvao-bueno-as-ultimas-noticias-do-atletico-mg\/#breadcrumb","itemListElement":[{"@type":"ListItem","position":1,"name":"Home","item":"https:\/\/www.gaveanews.com\/"},{"@type":"ListItem","position":2,"name":"Premia\u00e7\u00e3o milion\u00e1ria, nota oficial da Conmebol e declara\u00e7\u00e3o de Galv\u00e3o Bueno: as \u00faltimas not\u00edcias do Atl\u00e9tico-MG"}]},{"@type":"WebSite","@id":"https:\/\/www.gaveanews.com\/#website","url":"https:\/\/www.gaveanews.com\/","name":"G\u00e1vea News","description":"Veja todas as not\u00edcias sobre o Flamengo: Contrata\u00e7\u00f5es, categorias de base, resultados das partidas, tabela de classifica\u00e7\u00e3o, pr\u00f3ximos jogos!","potentialAction":[{"@type":"SearchAction","target":{"@type":"EntryPoint","urlTemplate":"https:\/\/www.gaveanews.com\/?s={search_term_string}"},"query-input":{"@type":"PropertyValueSpecification","valueRequired":true,"valueName":"search_term_string"}}],"inLanguage":"pt-BR"},{"@type":"Person","@id":"https:\/\/www.gaveanews.com\/#\/schema\/person\/8207cd4627f56151707418bfc835b2fb","name":"Matheus Felipe","image":{"@type":"ImageObject","inLanguage":"pt-BR","@id":"https:\/\/www.gaveanews.com\/#\/schema\/person\/image\/","url":"https:\/\/secure.gravatar.com\/avatar\/a452ffbed9130f726358b298bb3a99ce4bd3c5338411f8440e87e14d74c7c087?s=96&d=mm&r=g","contentUrl":"https:\/\/secure.gravatar.com\/avatar\/a452ffbed9130f726358b298bb3a99ce4bd3c5338411f8440e87e14d74c7c087?s=96&d=mm&r=g","caption":"Matheus Felipe"}}]}},"_links":{"self":[{"href":"https:\/\/www.gaveanews.com\/index.php\/wp-json\/wp\/v2\/posts\/179512","targetHints":{"allow":["GET"]}}],"collection":[{"href":"https:\/\/www.gaveanews.com\/index.php\/wp-json\/wp\/v2\/posts"}],"about":[{"href":"https:\/\/www.gaveanews.com\/index.php\/wp-json\/wp\/v2\/types\/post"}],"author":[{"embeddable":true,"href":"https:\/\/www.gaveanews.com\/index.php\/wp-json\/wp\/v2\/users\/27"}],"replies":[{"embeddable":true,"href":"https:\/\/www.gaveanews.com\/index.php\/wp-json\/wp\/v2\/comments?post=179512"}],"version-history":[{"count":1,"href":"https:\/\/www.gaveanews.com\/index.php\/wp-json\/wp\/v2\/posts\/179512\/revisions"}],"predecessor-version":[{"id":179514,"href":"https:\/\/www.gaveanews.com\/index.php\/wp-json\/wp\/v2\/posts\/179512\/revisions\/179514"}],"wp:featuredmedia":[{"embeddable":true,"href":"https:\/\/www.gaveanews.com\/index.php\/wp-json\/wp\/v2\/media\/157061"}],"wp:attachment":[{"href":"https:\/\/www.gaveanews.com\/index.php\/wp-json\/wp\/v2\/media?parent=179512"}],"wp:term":[{"taxonomy":"category","embeddable":true,"href":"https:\/\/www.gaveanews.com\/index.php\/wp-json\/wp\/v2\/categories?post=179512"},{"taxonomy":"post_tag","embeddable":true,"href":"https:\/\/www.gaveanews.com\/index.php\/wp-json\/wp\/v2\/tags?post=179512"}],"curies":[{"name":"wp","href":"https:\/\/api.w.org\/{rel}","templated":true}]}}