{"id":179518,"date":"2024-10-31T04:30:00","date_gmt":"2024-10-31T07:30:00","guid":{"rendered":"https:\/\/www.gaveanews.com\/?p=179518"},"modified":"2024-10-31T00:35:39","modified_gmt":"2024-10-31T03:35:39","slug":"probabilidade-ser-campeao-competicao-pode-ser-cancelada-e-boa-noticia-para-abel-ferreira-as-ultimas-noticias-do-palmeiras","status":"publish","type":"post","link":"https:\/\/www.gaveanews.com\/index.php\/2024\/10\/31\/probabilidade-ser-campeao-competicao-pode-ser-cancelada-e-boa-noticia-para-abel-ferreira-as-ultimas-noticias-do-palmeiras\/","title":{"rendered":"Probabilidade ser campe\u00e3o, competi\u00e7\u00e3o pode ser cancelada e boa not\u00edcia para Abel Ferreira: as \u00faltimas not\u00edcias do Palmeiras"},"content":{"rendered":"\n<p>Nas \u00faltimas horas, o foco das not\u00edcias sobre o Palmeiras se concentram nos bastidores do clube, com destaques como o a probabilidade ser campe\u00e3o e a boa not\u00edcia para Abel Ferreira.<\/p>\n\n\n\n<p>Por conta deste contexto, leia abaixo um resumo preparado pela equipe do portal G\u00e1vea News para lhe manter muito bem informado!<\/p>\n\n\n\n<h2 class=\"wp-block-heading\" id=\"h-boa-noticia-para-abel-ferreira\">Boa not\u00edcia para Abel Ferreira<\/h2>\n\n\n\n<p>Para o cl\u00e1ssico entre Palmeiras e Corinthians, marcado para o pr\u00f3ximo dia 4 de novembro em Itaquera, o t\u00e9cnico Abel Ferreira recebeu uma excelente not\u00edcia. Nenhum jogador do Palmeiras est\u00e1 suspenso, mesmo ap\u00f3s o confronto contra o Fortaleza, quando sete atletas estavam pendurados com risco de suspens\u00e3o. Assim, Weverton, Piquerez, Vitor Reis, Fabinho, Richard R\u00edos, Maur\u00edcio e Est\u00eav\u00e3o est\u00e3o todos liberados para atuar no D\u00e9rbi.<strong><a href=\"https:\/\/www.gaveanews.com\/index.php\/2024\/10\/30\/palmeiras-x-corinthians-abel-ferreira-recebe-otima-noticia\/\"> (leia a mat\u00e9ria completa)<\/a><\/strong><\/p>\n\n\n\n<figure class=\"wp-block-image size-large\"><img loading=\"lazy\" decoding=\"async\" width=\"1024\" height=\"1024\" src=\"https:\/\/www.gaveanews.com\/wp-content\/uploads\/Abel-Ferreira-fazendo-anotacoes-apos-um-treino-do-Palmeiras-1024x1024.webp\" alt=\"\" class=\"wp-image-157842\" srcset=\"https:\/\/www.gaveanews.com\/wp-content\/uploads\/Abel-Ferreira-fazendo-anotacoes-apos-um-treino-do-Palmeiras-1024x1024.webp 1024w, https:\/\/www.gaveanews.com\/wp-content\/uploads\/Abel-Ferreira-fazendo-anotacoes-apos-um-treino-do-Palmeiras-300x300.webp 300w, https:\/\/www.gaveanews.com\/wp-content\/uploads\/Abel-Ferreira-fazendo-anotacoes-apos-um-treino-do-Palmeiras-150x150.webp 150w, https:\/\/www.gaveanews.com\/wp-content\/uploads\/Abel-Ferreira-fazendo-anotacoes-apos-um-treino-do-Palmeiras-768x768.webp 768w, https:\/\/www.gaveanews.com\/wp-content\/uploads\/Abel-Ferreira-fazendo-anotacoes-apos-um-treino-do-Palmeiras-420x420.webp 420w, https:\/\/www.gaveanews.com\/wp-content\/uploads\/Abel-Ferreira-fazendo-anotacoes-apos-um-treino-do-Palmeiras-840x840.webp 840w, https:\/\/www.gaveanews.com\/wp-content\/uploads\/Abel-Ferreira-fazendo-anotacoes-apos-um-treino-do-Palmeiras-640x640.webp 640w, https:\/\/www.gaveanews.com\/wp-content\/uploads\/Abel-Ferreira-fazendo-anotacoes-apos-um-treino-do-Palmeiras-1280x1280.webp 1280w, https:\/\/www.gaveanews.com\/wp-content\/uploads\/Abel-Ferreira-fazendo-anotacoes-apos-um-treino-do-Palmeiras-681x681.webp 681w, https:\/\/www.gaveanews.com\/wp-content\/uploads\/Abel-Ferreira-fazendo-anotacoes-apos-um-treino-do-Palmeiras-1362x1362.webp 1362w, https:\/\/www.gaveanews.com\/wp-content\/uploads\/Abel-Ferreira-fazendo-anotacoes-apos-um-treino-do-Palmeiras-100x100.webp 100w, https:\/\/www.gaveanews.com\/wp-content\/uploads\/Abel-Ferreira-fazendo-anotacoes-apos-um-treino-do-Palmeiras.webp 1500w\" sizes=\"auto, (max-width: 1024px) 100vw, 1024px\" \/><figcaption class=\"wp-element-caption\">Abel Ferreira fazendo anota\u00e7\u00f5es ap\u00f3s um treino do Palmeiras (Foto: Cesar Greco\/Palmeiras)<\/figcaption><\/figure>\n\n\n\n<p>Al\u00e9m disso, Abel Ferreira contar\u00e1 com o retorno de tr\u00eas jogadores essenciais: o meia An\u00edbal Moreno, o lateral Gabriel Menino e o zagueiro Marcos Rocha, que voltam ap\u00f3s cumprir suspens\u00e3o. <\/p>\n\n\n\n<p>Esses refor\u00e7os chegam em um momento crucial para o Palmeiras, que segue na disputa pelo t\u00edtulo do Brasileir\u00e3o, atualmente tr\u00eas pontos atr\u00e1s do l\u00edder Botafogo.<\/p>\n\n\n\n<p>O cl\u00e1ssico ser\u00e1 decisivo para o Verd\u00e3o manter-se pr\u00f3ximo do topo, enquanto o Corinthians, jogando em casa, tamb\u00e9m ter\u00e1 um compromisso importante para continuar seu avan\u00e7o na competi\u00e7\u00e3o.<\/p>\n\n\n\n<h2 class=\"wp-block-heading\" id=\"h-competicao-pode-ser-cancelada\">Competi\u00e7\u00e3o pode ser cancelada<\/h2>\n\n\n\n<p>O Mundial de Clubes da FIFA de 2025, onde o Palmeiras esperava competir, enfrenta incertezas quanto \u00e0 sua realiza\u00e7\u00e3o. Javier Tebas, presidente da La Liga e cr\u00edtico do novo formato do torneio, levantou preocupa\u00e7\u00f5es sobre a viabilidade financeira do evento. Em entrevista ao jornal <em>L\u2019\u00c9quipe<\/em>, Tebas destacou que a FIFA prometeu pagamentos entre 40 e 50 milh\u00f5es de euros aos grandes clubes europeus, valor que ele acredita que a entidade pode n\u00e3o conseguir honrar, gerando insatisfa\u00e7\u00e3o entre os times da Europa, que s\u00e3o contra a realiza\u00e7\u00e3o nessas condi\u00e7\u00f5es. <strong><a href=\"https:\/\/www.gaveanews.com\/index.php\/2024\/10\/30\/competicao-que-o-palmeiras-vai-disputar-em-2025-podera-ser-cancelada\/\">(leia a mat\u00e9ria completa)<\/a><\/strong><\/p>\n\n\n\n<figure class=\"wp-block-image size-full\"><img loading=\"lazy\" decoding=\"async\" width=\"680\" height=\"453\" src=\"https:\/\/www.gaveanews.com\/wp-content\/uploads\/Taca-do-Mundial-de-Clubes-da-FIFA.webp\" alt=\"\" class=\"wp-image-70270\" srcset=\"https:\/\/www.gaveanews.com\/wp-content\/uploads\/Taca-do-Mundial-de-Clubes-da-FIFA.webp 680w, https:\/\/www.gaveanews.com\/wp-content\/uploads\/Taca-do-Mundial-de-Clubes-da-FIFA-300x200.webp 300w, https:\/\/www.gaveanews.com\/wp-content\/uploads\/Taca-do-Mundial-de-Clubes-da-FIFA-630x420.webp 630w, https:\/\/www.gaveanews.com\/wp-content\/uploads\/Taca-do-Mundial-de-Clubes-da-FIFA-640x426.webp 640w, https:\/\/www.gaveanews.com\/wp-content\/uploads\/Taca-do-Mundial-de-Clubes-da-FIFA-100x67.webp 100w\" sizes=\"auto, (max-width: 680px) 100vw, 680px\" \/><figcaption class=\"wp-element-caption\">Ta\u00e7a do Mundial de Clubes da FIFA (Foto: Giuseppe Cacace\/AFP)<\/figcaption><\/figure>\n\n\n\n<p>O cancelamento do Mundial seria um golpe para o calend\u00e1rio global e para as ambi\u00e7\u00f5es das equipes participantes, como o Real Madrid, Atl\u00e9tico de Madrid e Palmeiras, que t\u00eam grandes expectativas para o torneio. Tebas sugeriu que, se os fundos n\u00e3o forem garantidos, seria melhor desistir do evento, pois a falta de recursos comprometeria a confian\u00e7a dos clubes e torcedores.<\/p>\n\n\n\n<p>Assim, o futuro do Mundial permanece incerto, e as pr\u00f3ximas semanas ser\u00e3o decisivas para esclarecer se a competi\u00e7\u00e3o ocorrer\u00e1. Caso seja cancelado, clubes como o Palmeiras perderiam a oportunidade de competir em uma das principais vitrines do futebol mundial.<\/p>\n\n\n\n<h2 class=\"wp-block-heading\" id=\"h-probabilidade-de-ser-campeao\">Probabilidade de ser campe\u00e3o<\/h2>\n\n\n\n<p>Ap\u00f3s os \u00faltimos resultados, a probabilidade de o Palmeiras conquistar o t\u00edtulo do Brasileir\u00e3o diminuiu, com o Botafogo assumindo uma posi\u00e7\u00e3o mais favor\u00e1vel. A equipe carioca, que venceu o Red Bull Bragantino, alcan\u00e7ou 64 pontos e ampliou sua vantagem, tendo agora 67% de chances de ser campe\u00e3, de acordo com o Departamento de Matem\u00e1tica da UFMG. Em contraste, o Palmeiras, que empatou em 2 a 2 com o Fortaleza e soma 61 pontos, possui agora uma probabilidade de 28% de conquistar o t\u00edtulo. Outros concorrentes, como Fortaleza e Flamengo, apresentam chances ainda menores, com 2,8% e 1%, respectivamente. <strong><a href=\"https:\/\/www.gaveanews.com\/index.php\/2024\/10\/30\/a-probabilidade-atualizada-do-palmeiras-ser-campeao-do-brasileirao\/\">(leia a mat\u00e9ria completa)<\/a><\/strong><\/p>\n\n\n\n<figure class=\"wp-block-image size-full\"><img loading=\"lazy\" decoding=\"async\" width=\"1000\" height=\"598\" src=\"https:\/\/www.gaveanews.com\/wp-content\/uploads\/Tacas-do-Campeonato-Brasileiro.webp\" alt=\"\" class=\"wp-image-163855\" srcset=\"https:\/\/www.gaveanews.com\/wp-content\/uploads\/Tacas-do-Campeonato-Brasileiro.webp 1000w, https:\/\/www.gaveanews.com\/wp-content\/uploads\/Tacas-do-Campeonato-Brasileiro-300x179.webp 300w, https:\/\/www.gaveanews.com\/wp-content\/uploads\/Tacas-do-Campeonato-Brasileiro-768x459.webp 768w, https:\/\/www.gaveanews.com\/wp-content\/uploads\/Tacas-do-Campeonato-Brasileiro-702x420.webp 702w, https:\/\/www.gaveanews.com\/wp-content\/uploads\/Tacas-do-Campeonato-Brasileiro-640x383.webp 640w, https:\/\/www.gaveanews.com\/wp-content\/uploads\/Tacas-do-Campeonato-Brasileiro-681x407.webp 681w, https:\/\/www.gaveanews.com\/wp-content\/uploads\/Tacas-do-Campeonato-Brasileiro-100x60.webp 100w\" sizes=\"auto, (max-width: 1000px) 100vw, 1000px\" \/><figcaption class=\"wp-element-caption\">Ta\u00e7as do Campeonato Brasileiro (Foto: Joilson Marcone)<\/figcaption><\/figure>\n\n\n\n<p>Abel Ferreira, t\u00e9cnico do Palmeiras, destacou ap\u00f3s o \u00faltimo jogo a import\u00e2ncia de uma postura ofensiva e da busca por cada ponto at\u00e9 o fim da temporada. Embora o empate tenha sido um obst\u00e1culo, ele garantiu que o time lutar\u00e1 para defender seu t\u00edtulo at\u00e9 a \u00faltima partida, considerando cada jogo uma oportunidade para reverter o cen\u00e1rio.<\/p>\n\n\n\n<p>O pr\u00f3ximo desafio do Palmeiras ser\u00e1 o cl\u00e1ssico contra o Corinthians, agendado para 4 de novembro na Neo Qu\u00edmica Arena. A equipe paulista v\u00ea esse confronto como uma oportunidade crucial para reduzir a diferen\u00e7a de pontos e retomar o caminho em busca do t\u00edtulo.<\/p>\n","protected":false},"excerpt":{"rendered":"<p>Nas \u00faltimas horas, o foco das not\u00edcias sobre o Palmeiras se concentram nos bastidores do clube, com destaques como o a probabilidade ser campe\u00e3o e a boa not\u00edcia para Abel Ferreira. Por conta deste contexto, leia abaixo um resumo preparado pela equipe do portal G\u00e1vea News para lhe manter muito bem informado! Boa not\u00edcia para [&hellip;]<\/p>\n","protected":false},"author":27,"featured_media":158318,"comment_status":"open","ping_status":"closed","sticky":false,"template":"","format":"standard","meta":{"footnotes":""},"categories":[150],"tags":[],"class_list":["post-179518","post","type-post","status-publish","format-standard","has-post-thumbnail","hentry","category-palmeiras"],"yoast_head":"<!-- This site is optimized with the Yoast SEO Premium plugin v24.2 (Yoast SEO v26.9) - https:\/\/yoast.com\/product\/yoast-seo-premium-wordpress\/ -->\n<title>Probabilidade ser campe\u00e3o, competi\u00e7\u00e3o pode ser cancelada e boa not\u00edcia para Abel Ferreira: as \u00faltimas not\u00edcias do Palmeiras<\/title>\n<meta name=\"robots\" content=\"index, follow, max-snippet:-1, max-image-preview:large, max-video-preview:-1\" \/>\n<link rel=\"canonical\" href=\"https:\/\/www.gaveanews.com\/index.php\/2024\/10\/31\/probabilidade-ser-campeao-competicao-pode-ser-cancelada-e-boa-noticia-para-abel-ferreira-as-ultimas-noticias-do-palmeiras\/\" \/>\n<meta property=\"og:locale\" content=\"pt_BR\" \/>\n<meta property=\"og:type\" content=\"article\" \/>\n<meta property=\"og:title\" content=\"Probabilidade ser campe\u00e3o, competi\u00e7\u00e3o pode ser cancelada e boa not\u00edcia para Abel Ferreira: as \u00faltimas not\u00edcias do Palmeiras\" \/>\n<meta property=\"og:description\" content=\"Nas \u00faltimas horas, o foco das not\u00edcias sobre o Palmeiras se concentram nos bastidores do clube, com destaques como o a probabilidade ser campe\u00e3o e a boa not\u00edcia para Abel Ferreira. Por conta deste contexto, leia abaixo um resumo preparado pela equipe do portal G\u00e1vea News para lhe manter muito bem informado! Boa not\u00edcia para [&hellip;]\" \/>\n<meta property=\"og:url\" content=\"https:\/\/www.gaveanews.com\/index.php\/2024\/10\/31\/probabilidade-ser-campeao-competicao-pode-ser-cancelada-e-boa-noticia-para-abel-ferreira-as-ultimas-noticias-do-palmeiras\/\" \/>\n<meta property=\"og:site_name\" content=\"G\u00e1vea News\" \/>\n<meta property=\"article:publisher\" content=\"https:\/\/facebook.com\/gaveaNews\/\" \/>\n<meta property=\"article:published_time\" content=\"2024-10-31T07:30:00+00:00\" \/>\n<meta property=\"og:image\" content=\"https:\/\/www.gaveanews.com\/wp-content\/uploads\/Jogadores-do-Palmeiras-durante-partida-valida-pela-Copa-do-Brasil-2024.webp\" \/>\n\t<meta property=\"og:image:width\" content=\"1051\" \/>\n\t<meta property=\"og:image:height\" content=\"701\" \/>\n\t<meta property=\"og:image:type\" content=\"image\/webp\" \/>\n<meta name=\"author\" content=\"Matheus Felipe\" \/>\n<meta name=\"twitter:card\" content=\"summary_large_image\" \/>\n<meta name=\"twitter:label1\" content=\"Escrito por\" \/>\n\t<meta name=\"twitter:data1\" content=\"Matheus Felipe\" \/>\n\t<meta name=\"twitter:label2\" content=\"Est. tempo de leitura\" \/>\n\t<meta name=\"twitter:data2\" content=\"5 minutos\" \/>\n<script type=\"application\/ld+json\" class=\"yoast-schema-graph\">{\"@context\":\"https:\/\/schema.org\",\"@graph\":[{\"@type\":\"NewsArticle\",\"@id\":\"https:\/\/www.gaveanews.com\/index.php\/2024\/10\/31\/probabilidade-ser-campeao-competicao-pode-ser-cancelada-e-boa-noticia-para-abel-ferreira-as-ultimas-noticias-do-palmeiras\/#article\",\"isPartOf\":{\"@id\":\"https:\/\/www.gaveanews.com\/index.php\/2024\/10\/31\/probabilidade-ser-campeao-competicao-pode-ser-cancelada-e-boa-noticia-para-abel-ferreira-as-ultimas-noticias-do-palmeiras\/\"},\"author\":{\"name\":\"Matheus Felipe\",\"@id\":\"https:\/\/www.gaveanews.com\/#\/schema\/person\/8207cd4627f56151707418bfc835b2fb\"},\"headline\":\"Probabilidade ser campe\u00e3o, competi\u00e7\u00e3o pode ser cancelada e boa not\u00edcia para Abel Ferreira: as \u00faltimas not\u00edcias do Palmeiras\",\"datePublished\":\"2024-10-31T07:30:00+00:00\",\"mainEntityOfPage\":{\"@id\":\"https:\/\/www.gaveanews.com\/index.php\/2024\/10\/31\/probabilidade-ser-campeao-competicao-pode-ser-cancelada-e-boa-noticia-para-abel-ferreira-as-ultimas-noticias-do-palmeiras\/\"},\"wordCount\":731,\"commentCount\":0,\"image\":{\"@id\":\"https:\/\/www.gaveanews.com\/index.php\/2024\/10\/31\/probabilidade-ser-campeao-competicao-pode-ser-cancelada-e-boa-noticia-para-abel-ferreira-as-ultimas-noticias-do-palmeiras\/#primaryimage\"},\"thumbnailUrl\":\"https:\/\/www.gaveanews.com\/wp-content\/uploads\/Jogadores-do-Palmeiras-durante-partida-valida-pela-Copa-do-Brasil-2024.webp\",\"articleSection\":[\"Palmeiras\"],\"inLanguage\":\"pt-BR\",\"potentialAction\":[{\"@type\":\"CommentAction\",\"name\":\"Comment\",\"target\":[\"https:\/\/www.gaveanews.com\/index.php\/2024\/10\/31\/probabilidade-ser-campeao-competicao-pode-ser-cancelada-e-boa-noticia-para-abel-ferreira-as-ultimas-noticias-do-palmeiras\/#respond\"]}],\"copyrightYear\":\"2024\",\"copyrightHolder\":{\"@id\":\"https:\/\/www.gaveanews.com\/#organization\"}},{\"@type\":\"WebPage\",\"@id\":\"https:\/\/www.gaveanews.com\/index.php\/2024\/10\/31\/probabilidade-ser-campeao-competicao-pode-ser-cancelada-e-boa-noticia-para-abel-ferreira-as-ultimas-noticias-do-palmeiras\/\",\"url\":\"https:\/\/www.gaveanews.com\/index.php\/2024\/10\/31\/probabilidade-ser-campeao-competicao-pode-ser-cancelada-e-boa-noticia-para-abel-ferreira-as-ultimas-noticias-do-palmeiras\/\",\"name\":\"Probabilidade ser campe\u00e3o, competi\u00e7\u00e3o pode ser cancelada e boa not\u00edcia para Abel Ferreira: as \u00faltimas not\u00edcias do Palmeiras\",\"isPartOf\":{\"@id\":\"https:\/\/www.gaveanews.com\/#website\"},\"primaryImageOfPage\":{\"@id\":\"https:\/\/www.gaveanews.com\/index.php\/2024\/10\/31\/probabilidade-ser-campeao-competicao-pode-ser-cancelada-e-boa-noticia-para-abel-ferreira-as-ultimas-noticias-do-palmeiras\/#primaryimage\"},\"image\":{\"@id\":\"https:\/\/www.gaveanews.com\/index.php\/2024\/10\/31\/probabilidade-ser-campeao-competicao-pode-ser-cancelada-e-boa-noticia-para-abel-ferreira-as-ultimas-noticias-do-palmeiras\/#primaryimage\"},\"thumbnailUrl\":\"https:\/\/www.gaveanews.com\/wp-content\/uploads\/Jogadores-do-Palmeiras-durante-partida-valida-pela-Copa-do-Brasil-2024.webp\",\"datePublished\":\"2024-10-31T07:30:00+00:00\",\"author\":{\"@id\":\"https:\/\/www.gaveanews.com\/#\/schema\/person\/8207cd4627f56151707418bfc835b2fb\"},\"breadcrumb\":{\"@id\":\"https:\/\/www.gaveanews.com\/index.php\/2024\/10\/31\/probabilidade-ser-campeao-competicao-pode-ser-cancelada-e-boa-noticia-para-abel-ferreira-as-ultimas-noticias-do-palmeiras\/#breadcrumb\"},\"inLanguage\":\"pt-BR\",\"potentialAction\":[{\"@type\":\"ReadAction\",\"target\":[\"https:\/\/www.gaveanews.com\/index.php\/2024\/10\/31\/probabilidade-ser-campeao-competicao-pode-ser-cancelada-e-boa-noticia-para-abel-ferreira-as-ultimas-noticias-do-palmeiras\/\"]}]},{\"@type\":\"ImageObject\",\"inLanguage\":\"pt-BR\",\"@id\":\"https:\/\/www.gaveanews.com\/index.php\/2024\/10\/31\/probabilidade-ser-campeao-competicao-pode-ser-cancelada-e-boa-noticia-para-abel-ferreira-as-ultimas-noticias-do-palmeiras\/#primaryimage\",\"url\":\"https:\/\/www.gaveanews.com\/wp-content\/uploads\/Jogadores-do-Palmeiras-durante-partida-valida-pela-Copa-do-Brasil-2024.webp\",\"contentUrl\":\"https:\/\/www.gaveanews.com\/wp-content\/uploads\/Jogadores-do-Palmeiras-durante-partida-valida-pela-Copa-do-Brasil-2024.webp\",\"width\":1051,\"height\":701,\"caption\":\"Jogadores do Palmeiras durante partida v\u00e1lida pela Copa do Brasil 2024 (Foto: Reprodu\u00e7\u00e3o\/Palmeiras)\"},{\"@type\":\"BreadcrumbList\",\"@id\":\"https:\/\/www.gaveanews.com\/index.php\/2024\/10\/31\/probabilidade-ser-campeao-competicao-pode-ser-cancelada-e-boa-noticia-para-abel-ferreira-as-ultimas-noticias-do-palmeiras\/#breadcrumb\",\"itemListElement\":[{\"@type\":\"ListItem\",\"position\":1,\"name\":\"Home\",\"item\":\"https:\/\/www.gaveanews.com\/\"},{\"@type\":\"ListItem\",\"position\":2,\"name\":\"Probabilidade ser campe\u00e3o, competi\u00e7\u00e3o pode ser cancelada e boa not\u00edcia para Abel Ferreira: as \u00faltimas not\u00edcias do Palmeiras\"}]},{\"@type\":\"WebSite\",\"@id\":\"https:\/\/www.gaveanews.com\/#website\",\"url\":\"https:\/\/www.gaveanews.com\/\",\"name\":\"G\u00e1vea News\",\"description\":\"Veja todas as not\u00edcias sobre o Flamengo: Contrata\u00e7\u00f5es, categorias de base, resultados das partidas, tabela de classifica\u00e7\u00e3o, pr\u00f3ximos jogos!\",\"potentialAction\":[{\"@type\":\"SearchAction\",\"target\":{\"@type\":\"EntryPoint\",\"urlTemplate\":\"https:\/\/www.gaveanews.com\/?s={search_term_string}\"},\"query-input\":{\"@type\":\"PropertyValueSpecification\",\"valueRequired\":true,\"valueName\":\"search_term_string\"}}],\"inLanguage\":\"pt-BR\"},{\"@type\":\"Person\",\"@id\":\"https:\/\/www.gaveanews.com\/#\/schema\/person\/8207cd4627f56151707418bfc835b2fb\",\"name\":\"Matheus Felipe\",\"image\":{\"@type\":\"ImageObject\",\"inLanguage\":\"pt-BR\",\"@id\":\"https:\/\/www.gaveanews.com\/#\/schema\/person\/image\/\",\"url\":\"https:\/\/secure.gravatar.com\/avatar\/a452ffbed9130f726358b298bb3a99ce4bd3c5338411f8440e87e14d74c7c087?s=96&d=mm&r=g\",\"contentUrl\":\"https:\/\/secure.gravatar.com\/avatar\/a452ffbed9130f726358b298bb3a99ce4bd3c5338411f8440e87e14d74c7c087?s=96&d=mm&r=g\",\"caption\":\"Matheus Felipe\"}}]}<\/script>\n<!-- \/ Yoast SEO Premium plugin. -->","yoast_head_json":{"title":"Probabilidade ser campe\u00e3o, competi\u00e7\u00e3o pode ser cancelada e boa not\u00edcia para Abel Ferreira: as \u00faltimas not\u00edcias do Palmeiras","robots":{"index":"index","follow":"follow","max-snippet":"max-snippet:-1","max-image-preview":"max-image-preview:large","max-video-preview":"max-video-preview:-1"},"canonical":"https:\/\/www.gaveanews.com\/index.php\/2024\/10\/31\/probabilidade-ser-campeao-competicao-pode-ser-cancelada-e-boa-noticia-para-abel-ferreira-as-ultimas-noticias-do-palmeiras\/","og_locale":"pt_BR","og_type":"article","og_title":"Probabilidade ser campe\u00e3o, competi\u00e7\u00e3o pode ser cancelada e boa not\u00edcia para Abel Ferreira: as \u00faltimas not\u00edcias do Palmeiras","og_description":"Nas \u00faltimas horas, o foco das not\u00edcias sobre o Palmeiras se concentram nos bastidores do clube, com destaques como o a probabilidade ser campe\u00e3o e a boa not\u00edcia para Abel Ferreira. Por conta deste contexto, leia abaixo um resumo preparado pela equipe do portal G\u00e1vea News para lhe manter muito bem informado! Boa not\u00edcia para [&hellip;]","og_url":"https:\/\/www.gaveanews.com\/index.php\/2024\/10\/31\/probabilidade-ser-campeao-competicao-pode-ser-cancelada-e-boa-noticia-para-abel-ferreira-as-ultimas-noticias-do-palmeiras\/","og_site_name":"G\u00e1vea News","article_publisher":"https:\/\/facebook.com\/gaveaNews\/","article_published_time":"2024-10-31T07:30:00+00:00","og_image":[{"width":1051,"height":701,"url":"https:\/\/www.gaveanews.com\/wp-content\/uploads\/Jogadores-do-Palmeiras-durante-partida-valida-pela-Copa-do-Brasil-2024.webp","type":"image\/webp"}],"author":"Matheus Felipe","twitter_card":"summary_large_image","twitter_misc":{"Escrito por":"Matheus Felipe","Est. tempo de leitura":"5 minutos"},"schema":{"@context":"https:\/\/schema.org","@graph":[{"@type":"NewsArticle","@id":"https:\/\/www.gaveanews.com\/index.php\/2024\/10\/31\/probabilidade-ser-campeao-competicao-pode-ser-cancelada-e-boa-noticia-para-abel-ferreira-as-ultimas-noticias-do-palmeiras\/#article","isPartOf":{"@id":"https:\/\/www.gaveanews.com\/index.php\/2024\/10\/31\/probabilidade-ser-campeao-competicao-pode-ser-cancelada-e-boa-noticia-para-abel-ferreira-as-ultimas-noticias-do-palmeiras\/"},"author":{"name":"Matheus Felipe","@id":"https:\/\/www.gaveanews.com\/#\/schema\/person\/8207cd4627f56151707418bfc835b2fb"},"headline":"Probabilidade ser campe\u00e3o, competi\u00e7\u00e3o pode ser cancelada e boa not\u00edcia para Abel Ferreira: as \u00faltimas not\u00edcias do Palmeiras","datePublished":"2024-10-31T07:30:00+00:00","mainEntityOfPage":{"@id":"https:\/\/www.gaveanews.com\/index.php\/2024\/10\/31\/probabilidade-ser-campeao-competicao-pode-ser-cancelada-e-boa-noticia-para-abel-ferreira-as-ultimas-noticias-do-palmeiras\/"},"wordCount":731,"commentCount":0,"image":{"@id":"https:\/\/www.gaveanews.com\/index.php\/2024\/10\/31\/probabilidade-ser-campeao-competicao-pode-ser-cancelada-e-boa-noticia-para-abel-ferreira-as-ultimas-noticias-do-palmeiras\/#primaryimage"},"thumbnailUrl":"https:\/\/www.gaveanews.com\/wp-content\/uploads\/Jogadores-do-Palmeiras-durante-partida-valida-pela-Copa-do-Brasil-2024.webp","articleSection":["Palmeiras"],"inLanguage":"pt-BR","potentialAction":[{"@type":"CommentAction","name":"Comment","target":["https:\/\/www.gaveanews.com\/index.php\/2024\/10\/31\/probabilidade-ser-campeao-competicao-pode-ser-cancelada-e-boa-noticia-para-abel-ferreira-as-ultimas-noticias-do-palmeiras\/#respond"]}],"copyrightYear":"2024","copyrightHolder":{"@id":"https:\/\/www.gaveanews.com\/#organization"}},{"@type":"WebPage","@id":"https:\/\/www.gaveanews.com\/index.php\/2024\/10\/31\/probabilidade-ser-campeao-competicao-pode-ser-cancelada-e-boa-noticia-para-abel-ferreira-as-ultimas-noticias-do-palmeiras\/","url":"https:\/\/www.gaveanews.com\/index.php\/2024\/10\/31\/probabilidade-ser-campeao-competicao-pode-ser-cancelada-e-boa-noticia-para-abel-ferreira-as-ultimas-noticias-do-palmeiras\/","name":"Probabilidade ser campe\u00e3o, competi\u00e7\u00e3o pode ser cancelada e boa not\u00edcia para Abel Ferreira: as \u00faltimas not\u00edcias do Palmeiras","isPartOf":{"@id":"https:\/\/www.gaveanews.com\/#website"},"primaryImageOfPage":{"@id":"https:\/\/www.gaveanews.com\/index.php\/2024\/10\/31\/probabilidade-ser-campeao-competicao-pode-ser-cancelada-e-boa-noticia-para-abel-ferreira-as-ultimas-noticias-do-palmeiras\/#primaryimage"},"image":{"@id":"https:\/\/www.gaveanews.com\/index.php\/2024\/10\/31\/probabilidade-ser-campeao-competicao-pode-ser-cancelada-e-boa-noticia-para-abel-ferreira-as-ultimas-noticias-do-palmeiras\/#primaryimage"},"thumbnailUrl":"https:\/\/www.gaveanews.com\/wp-content\/uploads\/Jogadores-do-Palmeiras-durante-partida-valida-pela-Copa-do-Brasil-2024.webp","datePublished":"2024-10-31T07:30:00+00:00","author":{"@id":"https:\/\/www.gaveanews.com\/#\/schema\/person\/8207cd4627f56151707418bfc835b2fb"},"breadcrumb":{"@id":"https:\/\/www.gaveanews.com\/index.php\/2024\/10\/31\/probabilidade-ser-campeao-competicao-pode-ser-cancelada-e-boa-noticia-para-abel-ferreira-as-ultimas-noticias-do-palmeiras\/#breadcrumb"},"inLanguage":"pt-BR","potentialAction":[{"@type":"ReadAction","target":["https:\/\/www.gaveanews.com\/index.php\/2024\/10\/31\/probabilidade-ser-campeao-competicao-pode-ser-cancelada-e-boa-noticia-para-abel-ferreira-as-ultimas-noticias-do-palmeiras\/"]}]},{"@type":"ImageObject","inLanguage":"pt-BR","@id":"https:\/\/www.gaveanews.com\/index.php\/2024\/10\/31\/probabilidade-ser-campeao-competicao-pode-ser-cancelada-e-boa-noticia-para-abel-ferreira-as-ultimas-noticias-do-palmeiras\/#primaryimage","url":"https:\/\/www.gaveanews.com\/wp-content\/uploads\/Jogadores-do-Palmeiras-durante-partida-valida-pela-Copa-do-Brasil-2024.webp","contentUrl":"https:\/\/www.gaveanews.com\/wp-content\/uploads\/Jogadores-do-Palmeiras-durante-partida-valida-pela-Copa-do-Brasil-2024.webp","width":1051,"height":701,"caption":"Jogadores do Palmeiras durante partida v\u00e1lida pela Copa do Brasil 2024 (Foto: Reprodu\u00e7\u00e3o\/Palmeiras)"},{"@type":"BreadcrumbList","@id":"https:\/\/www.gaveanews.com\/index.php\/2024\/10\/31\/probabilidade-ser-campeao-competicao-pode-ser-cancelada-e-boa-noticia-para-abel-ferreira-as-ultimas-noticias-do-palmeiras\/#breadcrumb","itemListElement":[{"@type":"ListItem","position":1,"name":"Home","item":"https:\/\/www.gaveanews.com\/"},{"@type":"ListItem","position":2,"name":"Probabilidade ser campe\u00e3o, competi\u00e7\u00e3o pode ser cancelada e boa not\u00edcia para Abel Ferreira: as \u00faltimas not\u00edcias do Palmeiras"}]},{"@type":"WebSite","@id":"https:\/\/www.gaveanews.com\/#website","url":"https:\/\/www.gaveanews.com\/","name":"G\u00e1vea News","description":"Veja todas as not\u00edcias sobre o Flamengo: Contrata\u00e7\u00f5es, categorias de base, resultados das partidas, tabela de classifica\u00e7\u00e3o, pr\u00f3ximos jogos!","potentialAction":[{"@type":"SearchAction","target":{"@type":"EntryPoint","urlTemplate":"https:\/\/www.gaveanews.com\/?s={search_term_string}"},"query-input":{"@type":"PropertyValueSpecification","valueRequired":true,"valueName":"search_term_string"}}],"inLanguage":"pt-BR"},{"@type":"Person","@id":"https:\/\/www.gaveanews.com\/#\/schema\/person\/8207cd4627f56151707418bfc835b2fb","name":"Matheus Felipe","image":{"@type":"ImageObject","inLanguage":"pt-BR","@id":"https:\/\/www.gaveanews.com\/#\/schema\/person\/image\/","url":"https:\/\/secure.gravatar.com\/avatar\/a452ffbed9130f726358b298bb3a99ce4bd3c5338411f8440e87e14d74c7c087?s=96&d=mm&r=g","contentUrl":"https:\/\/secure.gravatar.com\/avatar\/a452ffbed9130f726358b298bb3a99ce4bd3c5338411f8440e87e14d74c7c087?s=96&d=mm&r=g","caption":"Matheus Felipe"}}]}},"_links":{"self":[{"href":"https:\/\/www.gaveanews.com\/index.php\/wp-json\/wp\/v2\/posts\/179518","targetHints":{"allow":["GET"]}}],"collection":[{"href":"https:\/\/www.gaveanews.com\/index.php\/wp-json\/wp\/v2\/posts"}],"about":[{"href":"https:\/\/www.gaveanews.com\/index.php\/wp-json\/wp\/v2\/types\/post"}],"author":[{"embeddable":true,"href":"https:\/\/www.gaveanews.com\/index.php\/wp-json\/wp\/v2\/users\/27"}],"replies":[{"embeddable":true,"href":"https:\/\/www.gaveanews.com\/index.php\/wp-json\/wp\/v2\/comments?post=179518"}],"version-history":[{"count":1,"href":"https:\/\/www.gaveanews.com\/index.php\/wp-json\/wp\/v2\/posts\/179518\/revisions"}],"predecessor-version":[{"id":179521,"href":"https:\/\/www.gaveanews.com\/index.php\/wp-json\/wp\/v2\/posts\/179518\/revisions\/179521"}],"wp:featuredmedia":[{"embeddable":true,"href":"https:\/\/www.gaveanews.com\/index.php\/wp-json\/wp\/v2\/media\/158318"}],"wp:attachment":[{"href":"https:\/\/www.gaveanews.com\/index.php\/wp-json\/wp\/v2\/media?parent=179518"}],"wp:term":[{"taxonomy":"category","embeddable":true,"href":"https:\/\/www.gaveanews.com\/index.php\/wp-json\/wp\/v2\/categories?post=179518"},{"taxonomy":"post_tag","embeddable":true,"href":"https:\/\/www.gaveanews.com\/index.php\/wp-json\/wp\/v2\/tags?post=179518"}],"curies":[{"name":"wp","href":"https:\/\/api.w.org\/{rel}","templated":true}]}}