{"id":179525,"date":"2024-10-31T05:10:00","date_gmt":"2024-10-31T08:10:00","guid":{"rendered":"https:\/\/www.gaveanews.com\/?p=179525"},"modified":"2024-10-31T00:33:18","modified_gmt":"2024-10-31T03:33:18","slug":"mais-uma-preocupacao-declaracao-de-talles-magno-e-jogador-se-destaca-no-exterior-as-ultimas-noticias-do-corinthians","status":"publish","type":"post","link":"https:\/\/www.gaveanews.com\/index.php\/2024\/10\/31\/mais-uma-preocupacao-declaracao-de-talles-magno-e-jogador-se-destaca-no-exterior-as-ultimas-noticias-do-corinthians\/","title":{"rendered":"Mais uma preocupa\u00e7\u00e3o, declara\u00e7\u00e3o de Talles Magno e jogador se destaca no exterior: as \u00faltimas not\u00edcias do Corinthians"},"content":{"rendered":"\n<p>Nas \u00faltimas horas, o foco das not\u00edcias sobre o Corinthians se concentram nos bastidores do clube, com destaques como a declara\u00e7\u00e3o de Talles Magno e jogador se destaca no exterior.<\/p>\n\n\n\n<p>Por conta deste contexto, leia abaixo um resumo preparado pela equipe do portal G\u00e1vea News para lhe manter muito bem informado!<\/p>\n\n\n\n<h2 class=\"wp-block-heading\" id=\"h-jogador-se-destaca-no-exterior\">Jogador se destaca no exterior<\/h2>\n\n\n\n<p>O meia Guilherme Biro, emprestado pelo Corinthians ao Sharjah, dos Emirados \u00c1rabes, marcou seu primeiro gol profissional no \u00faltimo domingo, na derrota de 2 a 1 contra o Shabab Al-Ahli, pela Liga dos Emirados. Biro entrou nos minutos finais e conseguiu diminuir a vantagem advers\u00e1ria j\u00e1 nos acr\u00e9scimos, destacando-se pela precis\u00e3o em seu chute e pela participa\u00e7\u00e3o eficiente nos poucos toques que teve. <strong><a href=\"https:\/\/www.gaveanews.com\/index.php\/2024\/10\/30\/meia-emprestado-pelo-corinthians-comeca-a-se-destacar-no-exterior\/\">(leia a mat\u00e9ria completa)<\/a><\/strong><\/p>\n\n\n\n<figure class=\"wp-block-image size-full\"><img loading=\"lazy\" decoding=\"async\" width=\"984\" height=\"656\" src=\"https:\/\/www.gaveanews.com\/wp-content\/uploads\/01-edited.webp\" alt=\"\" class=\"wp-image-123882\" srcset=\"https:\/\/www.gaveanews.com\/wp-content\/uploads\/01-edited.webp 984w, https:\/\/www.gaveanews.com\/wp-content\/uploads\/01-edited-300x200.webp 300w, https:\/\/www.gaveanews.com\/wp-content\/uploads\/01-edited-768x512.webp 768w, https:\/\/www.gaveanews.com\/wp-content\/uploads\/01-edited-630x420.webp 630w, https:\/\/www.gaveanews.com\/wp-content\/uploads\/01-edited-640x427.webp 640w, https:\/\/www.gaveanews.com\/wp-content\/uploads\/01-edited-681x454.webp 681w, https:\/\/www.gaveanews.com\/wp-content\/uploads\/01-edited-100x67.webp 100w\" sizes=\"auto, (max-width: 984px) 100vw, 984px\" \/><figcaption class=\"wp-element-caption\">Escudo do Corinthians (Foto: Reprodu\u00e7\u00e3o\/Instagram)<\/figcaption><\/figure>\n\n\n\n<p>Este gol representa um marco importante para Biro, que teve dificuldades para se firmar no Corinthians, onde jogou 30 partidas, mas n\u00e3o marcou ou deu assist\u00eancias. Desde sua chegada ao Sharjah em setembro, Biro atuou em dois jogos pela liga local e foi titular em uma partida da AFC Champions League Two, equivalente \u00e0 Copa Sul-Americana. O contrato de empr\u00e9stimo vai at\u00e9 junho de 2025, com uma cl\u00e1usula de compra de 50% dos direitos econ\u00f4micos do jogador por 2,5 milh\u00f5es de d\u00f3lares.<\/p>\n\n\n\n<p>O Corinthians, que det\u00e9m 90% dos direitos de Biro, v\u00ea na experi\u00eancia internacional uma chance de desenvolvimento para o jogador, enquanto o Sharjah observa seu potencial para uma poss\u00edvel compra definitiva ao final do empr\u00e9stimo.<\/p>\n\n\n\n<h2 class=\"wp-block-heading\" id=\"h-declaracao-de-talles-magno\">Declara\u00e7\u00e3o de Talles Magno <\/h2>\n\n\n\n<p>Ap\u00f3s a vit\u00f3ria do Corinthians sobre o Cuiab\u00e1 por 1 a 0, Talles Magno elogiou a atua\u00e7\u00e3o e a qualidade de seu companheiro de ataque, Memphis Depay, que marcou o gol decisivo de p\u00eanalti. Em sua primeira partida juntos, Talles destacou a qu\u00edmica e confian\u00e7a que desenvolveram rapidamente, comentando que o estilo de jogo de aproxima\u00e7\u00e3o entre eles facilita as jogadas. Esse triunfo levou o Corinthians a 35 pontos, saindo temporariamente da zona de rebaixamento no Brasileir\u00e3o. <strong><a href=\"https:\/\/www.gaveanews.com\/index.php\/2024\/10\/30\/a-declaracao-de-talles-magno-direcionada-a-memphis-depay-do-corinthians\/\">(leia a mat\u00e9ria completa)<\/a><\/strong><\/p>\n\n\n\n<figure class=\"wp-block-image size-large is-resized\"><img loading=\"lazy\" decoding=\"async\" width=\"823\" height=\"1024\" src=\"https:\/\/www.gaveanews.com\/wp-content\/uploads\/Talles-Magno-em-acao-pelo-Corinthians-823x1024.webp\" alt=\"\" class=\"wp-image-159232\" style=\"width:694px;height:auto\" srcset=\"https:\/\/www.gaveanews.com\/wp-content\/uploads\/Talles-Magno-em-acao-pelo-Corinthians-823x1024.webp 823w, https:\/\/www.gaveanews.com\/wp-content\/uploads\/Talles-Magno-em-acao-pelo-Corinthians-241x300.webp 241w, https:\/\/www.gaveanews.com\/wp-content\/uploads\/Talles-Magno-em-acao-pelo-Corinthians-768x955.webp 768w, https:\/\/www.gaveanews.com\/wp-content\/uploads\/Talles-Magno-em-acao-pelo-Corinthians-338x420.webp 338w, https:\/\/www.gaveanews.com\/wp-content\/uploads\/Talles-Magno-em-acao-pelo-Corinthians-676x840.webp 676w, https:\/\/www.gaveanews.com\/wp-content\/uploads\/Talles-Magno-em-acao-pelo-Corinthians-640x796.webp 640w, https:\/\/www.gaveanews.com\/wp-content\/uploads\/Talles-Magno-em-acao-pelo-Corinthians-681x847.webp 681w, https:\/\/www.gaveanews.com\/wp-content\/uploads\/Talles-Magno-em-acao-pelo-Corinthians-100x124.webp 100w, https:\/\/www.gaveanews.com\/wp-content\/uploads\/Talles-Magno-em-acao-pelo-Corinthians.webp 1080w\" sizes=\"auto, (max-width: 823px) 100vw, 823px\" \/><figcaption class=\"wp-element-caption\">Talles Magno em a\u00e7\u00e3o pelo Corinthians (Foto: Reprodu\u00e7\u00e3o\/Instagram)<\/figcaption><\/figure>\n\n\n\n<p>Talles ainda ressaltou sua versatilidade, mencionando que, devido \u00e0 falta de op\u00e7\u00f5es no banco, precisou recuar ao meio-campo ap\u00f3s a les\u00e3o de Raniele. <\/p>\n\n\n\n<p>Segundo ele, essa flexibilidade t\u00e1tica \u00e9 uma caracter\u00edstica que adquiriu ao longo de sua carreira profissional, permitindo que contribua em v\u00e1rias posi\u00e7\u00f5es ofensivas e defensivas, o que \u00e9 valioso para o t\u00e9cnico Ram\u00f3n D\u00edaz.<\/p>\n\n\n\n<p>O atacante reafirmou que se sente confort\u00e1vel atuando tanto nas pontas quanto mais centralizado, o que amplia suas oportunidades de criar assist\u00eancias e finalizar jogadas. Ele acredita que esse aprendizado tem sido fundamental para seu crescimento, e com a parceria com Depay, espera contribuir ainda mais para o time nesta fase crucial da temporada.<\/p>\n\n\n\n<h2 class=\"wp-block-heading\" id=\"h-mais-uma-preocupacao\">Mais uma preocupa\u00e7\u00e3o<\/h2>\n\n\n\n<p>Apesar da vit\u00f3ria do Corinthians sobre o Cuiab\u00e1 por 1 a 0, com gol de Memphis Depay, a les\u00e3o do zagueiro Cac\u00e1 gerou preocupa\u00e7\u00e3o para a sequ\u00eancia da temporada. Cac\u00e1 sofreu traumas no t\u00f3rax e quadril em uma disputa a\u00e9rea e ser\u00e1 submetido a exames para avaliar sua condi\u00e7\u00e3o para a semifinal da Copa Sul-Americana contra o Racing, marcada para esta quinta-feira no Est\u00e1dio El Cilindro, na Argentina. <strong><a href=\"https:\/\/www.gaveanews.com\/index.php\/2024\/10\/30\/corinthians-ganha-mais-uma-preocupacao-para-o-restante-da-temporada\/\">(leia a mat\u00e9ria completa)<\/a><\/strong><\/p>\n\n\n\n<figure class=\"wp-block-image size-large\"><img loading=\"lazy\" decoding=\"async\" width=\"1024\" height=\"683\" src=\"https:\/\/www.gaveanews.com\/wp-content\/uploads\/Bandeira-do-Corinthians-1024x683.webp\" alt=\"\" class=\"wp-image-146952\" srcset=\"https:\/\/www.gaveanews.com\/wp-content\/uploads\/Bandeira-do-Corinthians-1024x683.webp 1024w, https:\/\/www.gaveanews.com\/wp-content\/uploads\/Bandeira-do-Corinthians-300x200.webp 300w, https:\/\/www.gaveanews.com\/wp-content\/uploads\/Bandeira-do-Corinthians-768x512.webp 768w, https:\/\/www.gaveanews.com\/wp-content\/uploads\/Bandeira-do-Corinthians-630x420.webp 630w, https:\/\/www.gaveanews.com\/wp-content\/uploads\/Bandeira-do-Corinthians-640x427.webp 640w, https:\/\/www.gaveanews.com\/wp-content\/uploads\/Bandeira-do-Corinthians-681x454.webp 681w, https:\/\/www.gaveanews.com\/wp-content\/uploads\/Bandeira-do-Corinthians-100x67.webp 100w, https:\/\/www.gaveanews.com\/wp-content\/uploads\/Bandeira-do-Corinthians.webp 1048w\" sizes=\"auto, (max-width: 1024px) 100vw, 1024px\" \/><figcaption class=\"wp-element-caption\">Bandeira do Corinthians (Foto Reprodu\u00e7\u00e3o\/Instagram)<\/figcaption><\/figure>\n\n\n\n<p>Com a proximidade do jogo e a incerteza sobre Cac\u00e1, o t\u00e9cnico Ram\u00f3n D\u00edaz pode optar por Andr\u00e9 Ramalho, que substituiu o zagueiro contra o Cuiab\u00e1, ou ainda contar com F\u00e9lix Torres e Gustavo Henrique. O Corinthians precisa vencer para avan\u00e7ar \u00e0 final, ap\u00f3s um empate no jogo de ida, e a partida representa um momento decisivo na temporada, especialmente dada a luta do time contra o rebaixamento no Brasileir\u00e3o.<\/p>\n\n\n\n<p>Al\u00e9m disso, a delega\u00e7\u00e3o corinthiana antecipou a viagem para evitar poss\u00edveis atrasos causados pela greve geral na Argentina, assegurando assim o planejamento adequado para o confronto crucial.<\/p>\n","protected":false},"excerpt":{"rendered":"<p>Nas \u00faltimas horas, o foco das not\u00edcias sobre o Corinthians se concentram nos bastidores do clube, com destaques como a declara\u00e7\u00e3o de Talles Magno e jogador se destaca no exterior. Por conta deste contexto, leia abaixo um resumo preparado pela equipe do portal G\u00e1vea News para lhe manter muito bem informado! Jogador se destaca no [&hellip;]<\/p>\n","protected":false},"author":27,"featured_media":146951,"comment_status":"open","ping_status":"closed","sticky":false,"template":"","format":"standard","meta":{"footnotes":""},"categories":[141],"tags":[],"class_list":["post-179525","post","type-post","status-publish","format-standard","has-post-thumbnail","hentry","category-corinthians"],"yoast_head":"<!-- This site is optimized with the Yoast SEO Premium plugin v24.2 (Yoast SEO v26.9) - https:\/\/yoast.com\/product\/yoast-seo-premium-wordpress\/ -->\n<title>Mais uma preocupa\u00e7\u00e3o, declara\u00e7\u00e3o de Talles Magno e jogador se destaca no exterior: as \u00faltimas not\u00edcias do Corinthians<\/title>\n<meta name=\"robots\" content=\"index, follow, max-snippet:-1, max-image-preview:large, max-video-preview:-1\" \/>\n<link rel=\"canonical\" href=\"https:\/\/www.gaveanews.com\/index.php\/2024\/10\/31\/mais-uma-preocupacao-declaracao-de-talles-magno-e-jogador-se-destaca-no-exterior-as-ultimas-noticias-do-corinthians\/\" \/>\n<meta property=\"og:locale\" content=\"pt_BR\" \/>\n<meta property=\"og:type\" content=\"article\" \/>\n<meta property=\"og:title\" content=\"Mais uma preocupa\u00e7\u00e3o, declara\u00e7\u00e3o de Talles Magno e jogador se destaca no exterior: as \u00faltimas not\u00edcias do Corinthians\" \/>\n<meta property=\"og:description\" content=\"Nas \u00faltimas horas, o foco das not\u00edcias sobre o Corinthians se concentram nos bastidores do clube, com destaques como a declara\u00e7\u00e3o de Talles Magno e jogador se destaca no exterior. Por conta deste contexto, leia abaixo um resumo preparado pela equipe do portal G\u00e1vea News para lhe manter muito bem informado! Jogador se destaca no [&hellip;]\" \/>\n<meta property=\"og:url\" content=\"https:\/\/www.gaveanews.com\/index.php\/2024\/10\/31\/mais-uma-preocupacao-declaracao-de-talles-magno-e-jogador-se-destaca-no-exterior-as-ultimas-noticias-do-corinthians\/\" \/>\n<meta property=\"og:site_name\" content=\"G\u00e1vea News\" \/>\n<meta property=\"article:publisher\" content=\"https:\/\/facebook.com\/gaveaNews\/\" \/>\n<meta property=\"article:published_time\" content=\"2024-10-31T08:10:00+00:00\" \/>\n<meta property=\"og:image\" content=\"https:\/\/www.gaveanews.com\/wp-content\/uploads\/Escudo-do-Corinthians.webp\" \/>\n\t<meta property=\"og:image:width\" content=\"1000\" \/>\n\t<meta property=\"og:image:height\" content=\"667\" \/>\n\t<meta property=\"og:image:type\" content=\"image\/webp\" \/>\n<meta name=\"author\" content=\"Matheus Felipe\" \/>\n<meta name=\"twitter:card\" content=\"summary_large_image\" \/>\n<meta name=\"twitter:label1\" content=\"Escrito por\" \/>\n\t<meta name=\"twitter:data1\" content=\"Matheus Felipe\" \/>\n\t<meta name=\"twitter:label2\" content=\"Est. tempo de leitura\" \/>\n\t<meta name=\"twitter:data2\" content=\"5 minutos\" \/>\n<script type=\"application\/ld+json\" class=\"yoast-schema-graph\">{\"@context\":\"https:\/\/schema.org\",\"@graph\":[{\"@type\":\"NewsArticle\",\"@id\":\"https:\/\/www.gaveanews.com\/index.php\/2024\/10\/31\/mais-uma-preocupacao-declaracao-de-talles-magno-e-jogador-se-destaca-no-exterior-as-ultimas-noticias-do-corinthians\/#article\",\"isPartOf\":{\"@id\":\"https:\/\/www.gaveanews.com\/index.php\/2024\/10\/31\/mais-uma-preocupacao-declaracao-de-talles-magno-e-jogador-se-destaca-no-exterior-as-ultimas-noticias-do-corinthians\/\"},\"author\":{\"name\":\"Matheus Felipe\",\"@id\":\"https:\/\/www.gaveanews.com\/#\/schema\/person\/8207cd4627f56151707418bfc835b2fb\"},\"headline\":\"Mais uma preocupa\u00e7\u00e3o, declara\u00e7\u00e3o de Talles Magno e jogador se destaca no exterior: as \u00faltimas not\u00edcias do Corinthians\",\"datePublished\":\"2024-10-31T08:10:00+00:00\",\"mainEntityOfPage\":{\"@id\":\"https:\/\/www.gaveanews.com\/index.php\/2024\/10\/31\/mais-uma-preocupacao-declaracao-de-talles-magno-e-jogador-se-destaca-no-exterior-as-ultimas-noticias-do-corinthians\/\"},\"wordCount\":698,\"commentCount\":0,\"image\":{\"@id\":\"https:\/\/www.gaveanews.com\/index.php\/2024\/10\/31\/mais-uma-preocupacao-declaracao-de-talles-magno-e-jogador-se-destaca-no-exterior-as-ultimas-noticias-do-corinthians\/#primaryimage\"},\"thumbnailUrl\":\"https:\/\/www.gaveanews.com\/wp-content\/uploads\/Escudo-do-Corinthians.webp\",\"articleSection\":[\"Corinthians\"],\"inLanguage\":\"pt-BR\",\"potentialAction\":[{\"@type\":\"CommentAction\",\"name\":\"Comment\",\"target\":[\"https:\/\/www.gaveanews.com\/index.php\/2024\/10\/31\/mais-uma-preocupacao-declaracao-de-talles-magno-e-jogador-se-destaca-no-exterior-as-ultimas-noticias-do-corinthians\/#respond\"]}],\"copyrightYear\":\"2024\",\"copyrightHolder\":{\"@id\":\"https:\/\/www.gaveanews.com\/#organization\"}},{\"@type\":\"WebPage\",\"@id\":\"https:\/\/www.gaveanews.com\/index.php\/2024\/10\/31\/mais-uma-preocupacao-declaracao-de-talles-magno-e-jogador-se-destaca-no-exterior-as-ultimas-noticias-do-corinthians\/\",\"url\":\"https:\/\/www.gaveanews.com\/index.php\/2024\/10\/31\/mais-uma-preocupacao-declaracao-de-talles-magno-e-jogador-se-destaca-no-exterior-as-ultimas-noticias-do-corinthians\/\",\"name\":\"Mais uma preocupa\u00e7\u00e3o, declara\u00e7\u00e3o de Talles Magno e jogador se destaca no exterior: as \u00faltimas not\u00edcias do Corinthians\",\"isPartOf\":{\"@id\":\"https:\/\/www.gaveanews.com\/#website\"},\"primaryImageOfPage\":{\"@id\":\"https:\/\/www.gaveanews.com\/index.php\/2024\/10\/31\/mais-uma-preocupacao-declaracao-de-talles-magno-e-jogador-se-destaca-no-exterior-as-ultimas-noticias-do-corinthians\/#primaryimage\"},\"image\":{\"@id\":\"https:\/\/www.gaveanews.com\/index.php\/2024\/10\/31\/mais-uma-preocupacao-declaracao-de-talles-magno-e-jogador-se-destaca-no-exterior-as-ultimas-noticias-do-corinthians\/#primaryimage\"},\"thumbnailUrl\":\"https:\/\/www.gaveanews.com\/wp-content\/uploads\/Escudo-do-Corinthians.webp\",\"datePublished\":\"2024-10-31T08:10:00+00:00\",\"author\":{\"@id\":\"https:\/\/www.gaveanews.com\/#\/schema\/person\/8207cd4627f56151707418bfc835b2fb\"},\"breadcrumb\":{\"@id\":\"https:\/\/www.gaveanews.com\/index.php\/2024\/10\/31\/mais-uma-preocupacao-declaracao-de-talles-magno-e-jogador-se-destaca-no-exterior-as-ultimas-noticias-do-corinthians\/#breadcrumb\"},\"inLanguage\":\"pt-BR\",\"potentialAction\":[{\"@type\":\"ReadAction\",\"target\":[\"https:\/\/www.gaveanews.com\/index.php\/2024\/10\/31\/mais-uma-preocupacao-declaracao-de-talles-magno-e-jogador-se-destaca-no-exterior-as-ultimas-noticias-do-corinthians\/\"]}]},{\"@type\":\"ImageObject\",\"inLanguage\":\"pt-BR\",\"@id\":\"https:\/\/www.gaveanews.com\/index.php\/2024\/10\/31\/mais-uma-preocupacao-declaracao-de-talles-magno-e-jogador-se-destaca-no-exterior-as-ultimas-noticias-do-corinthians\/#primaryimage\",\"url\":\"https:\/\/www.gaveanews.com\/wp-content\/uploads\/Escudo-do-Corinthians.webp\",\"contentUrl\":\"https:\/\/www.gaveanews.com\/wp-content\/uploads\/Escudo-do-Corinthians.webp\",\"width\":1000,\"height\":667,\"caption\":\"Escudo do Corinthians (Foto Reprodu\u00e7\u00e3o\/Instagram)\"},{\"@type\":\"BreadcrumbList\",\"@id\":\"https:\/\/www.gaveanews.com\/index.php\/2024\/10\/31\/mais-uma-preocupacao-declaracao-de-talles-magno-e-jogador-se-destaca-no-exterior-as-ultimas-noticias-do-corinthians\/#breadcrumb\",\"itemListElement\":[{\"@type\":\"ListItem\",\"position\":1,\"name\":\"Home\",\"item\":\"https:\/\/www.gaveanews.com\/\"},{\"@type\":\"ListItem\",\"position\":2,\"name\":\"Mais uma preocupa\u00e7\u00e3o, declara\u00e7\u00e3o de Talles Magno e jogador se destaca no exterior: as \u00faltimas not\u00edcias do Corinthians\"}]},{\"@type\":\"WebSite\",\"@id\":\"https:\/\/www.gaveanews.com\/#website\",\"url\":\"https:\/\/www.gaveanews.com\/\",\"name\":\"G\u00e1vea News\",\"description\":\"Veja todas as not\u00edcias sobre o Flamengo: Contrata\u00e7\u00f5es, categorias de base, resultados das partidas, tabela de classifica\u00e7\u00e3o, pr\u00f3ximos jogos!\",\"potentialAction\":[{\"@type\":\"SearchAction\",\"target\":{\"@type\":\"EntryPoint\",\"urlTemplate\":\"https:\/\/www.gaveanews.com\/?s={search_term_string}\"},\"query-input\":{\"@type\":\"PropertyValueSpecification\",\"valueRequired\":true,\"valueName\":\"search_term_string\"}}],\"inLanguage\":\"pt-BR\"},{\"@type\":\"Person\",\"@id\":\"https:\/\/www.gaveanews.com\/#\/schema\/person\/8207cd4627f56151707418bfc835b2fb\",\"name\":\"Matheus Felipe\",\"image\":{\"@type\":\"ImageObject\",\"inLanguage\":\"pt-BR\",\"@id\":\"https:\/\/www.gaveanews.com\/#\/schema\/person\/image\/\",\"url\":\"https:\/\/secure.gravatar.com\/avatar\/a452ffbed9130f726358b298bb3a99ce4bd3c5338411f8440e87e14d74c7c087?s=96&d=mm&r=g\",\"contentUrl\":\"https:\/\/secure.gravatar.com\/avatar\/a452ffbed9130f726358b298bb3a99ce4bd3c5338411f8440e87e14d74c7c087?s=96&d=mm&r=g\",\"caption\":\"Matheus Felipe\"}}]}<\/script>\n<!-- \/ Yoast SEO Premium plugin. -->","yoast_head_json":{"title":"Mais uma preocupa\u00e7\u00e3o, declara\u00e7\u00e3o de Talles Magno e jogador se destaca no exterior: as \u00faltimas not\u00edcias do Corinthians","robots":{"index":"index","follow":"follow","max-snippet":"max-snippet:-1","max-image-preview":"max-image-preview:large","max-video-preview":"max-video-preview:-1"},"canonical":"https:\/\/www.gaveanews.com\/index.php\/2024\/10\/31\/mais-uma-preocupacao-declaracao-de-talles-magno-e-jogador-se-destaca-no-exterior-as-ultimas-noticias-do-corinthians\/","og_locale":"pt_BR","og_type":"article","og_title":"Mais uma preocupa\u00e7\u00e3o, declara\u00e7\u00e3o de Talles Magno e jogador se destaca no exterior: as \u00faltimas not\u00edcias do Corinthians","og_description":"Nas \u00faltimas horas, o foco das not\u00edcias sobre o Corinthians se concentram nos bastidores do clube, com destaques como a declara\u00e7\u00e3o de Talles Magno e jogador se destaca no exterior. Por conta deste contexto, leia abaixo um resumo preparado pela equipe do portal G\u00e1vea News para lhe manter muito bem informado! Jogador se destaca no [&hellip;]","og_url":"https:\/\/www.gaveanews.com\/index.php\/2024\/10\/31\/mais-uma-preocupacao-declaracao-de-talles-magno-e-jogador-se-destaca-no-exterior-as-ultimas-noticias-do-corinthians\/","og_site_name":"G\u00e1vea News","article_publisher":"https:\/\/facebook.com\/gaveaNews\/","article_published_time":"2024-10-31T08:10:00+00:00","og_image":[{"width":1000,"height":667,"url":"https:\/\/www.gaveanews.com\/wp-content\/uploads\/Escudo-do-Corinthians.webp","type":"image\/webp"}],"author":"Matheus Felipe","twitter_card":"summary_large_image","twitter_misc":{"Escrito por":"Matheus Felipe","Est. tempo de leitura":"5 minutos"},"schema":{"@context":"https:\/\/schema.org","@graph":[{"@type":"NewsArticle","@id":"https:\/\/www.gaveanews.com\/index.php\/2024\/10\/31\/mais-uma-preocupacao-declaracao-de-talles-magno-e-jogador-se-destaca-no-exterior-as-ultimas-noticias-do-corinthians\/#article","isPartOf":{"@id":"https:\/\/www.gaveanews.com\/index.php\/2024\/10\/31\/mais-uma-preocupacao-declaracao-de-talles-magno-e-jogador-se-destaca-no-exterior-as-ultimas-noticias-do-corinthians\/"},"author":{"name":"Matheus Felipe","@id":"https:\/\/www.gaveanews.com\/#\/schema\/person\/8207cd4627f56151707418bfc835b2fb"},"headline":"Mais uma preocupa\u00e7\u00e3o, declara\u00e7\u00e3o de Talles Magno e jogador se destaca no exterior: as \u00faltimas not\u00edcias do Corinthians","datePublished":"2024-10-31T08:10:00+00:00","mainEntityOfPage":{"@id":"https:\/\/www.gaveanews.com\/index.php\/2024\/10\/31\/mais-uma-preocupacao-declaracao-de-talles-magno-e-jogador-se-destaca-no-exterior-as-ultimas-noticias-do-corinthians\/"},"wordCount":698,"commentCount":0,"image":{"@id":"https:\/\/www.gaveanews.com\/index.php\/2024\/10\/31\/mais-uma-preocupacao-declaracao-de-talles-magno-e-jogador-se-destaca-no-exterior-as-ultimas-noticias-do-corinthians\/#primaryimage"},"thumbnailUrl":"https:\/\/www.gaveanews.com\/wp-content\/uploads\/Escudo-do-Corinthians.webp","articleSection":["Corinthians"],"inLanguage":"pt-BR","potentialAction":[{"@type":"CommentAction","name":"Comment","target":["https:\/\/www.gaveanews.com\/index.php\/2024\/10\/31\/mais-uma-preocupacao-declaracao-de-talles-magno-e-jogador-se-destaca-no-exterior-as-ultimas-noticias-do-corinthians\/#respond"]}],"copyrightYear":"2024","copyrightHolder":{"@id":"https:\/\/www.gaveanews.com\/#organization"}},{"@type":"WebPage","@id":"https:\/\/www.gaveanews.com\/index.php\/2024\/10\/31\/mais-uma-preocupacao-declaracao-de-talles-magno-e-jogador-se-destaca-no-exterior-as-ultimas-noticias-do-corinthians\/","url":"https:\/\/www.gaveanews.com\/index.php\/2024\/10\/31\/mais-uma-preocupacao-declaracao-de-talles-magno-e-jogador-se-destaca-no-exterior-as-ultimas-noticias-do-corinthians\/","name":"Mais uma preocupa\u00e7\u00e3o, declara\u00e7\u00e3o de Talles Magno e jogador se destaca no exterior: as \u00faltimas not\u00edcias do Corinthians","isPartOf":{"@id":"https:\/\/www.gaveanews.com\/#website"},"primaryImageOfPage":{"@id":"https:\/\/www.gaveanews.com\/index.php\/2024\/10\/31\/mais-uma-preocupacao-declaracao-de-talles-magno-e-jogador-se-destaca-no-exterior-as-ultimas-noticias-do-corinthians\/#primaryimage"},"image":{"@id":"https:\/\/www.gaveanews.com\/index.php\/2024\/10\/31\/mais-uma-preocupacao-declaracao-de-talles-magno-e-jogador-se-destaca-no-exterior-as-ultimas-noticias-do-corinthians\/#primaryimage"},"thumbnailUrl":"https:\/\/www.gaveanews.com\/wp-content\/uploads\/Escudo-do-Corinthians.webp","datePublished":"2024-10-31T08:10:00+00:00","author":{"@id":"https:\/\/www.gaveanews.com\/#\/schema\/person\/8207cd4627f56151707418bfc835b2fb"},"breadcrumb":{"@id":"https:\/\/www.gaveanews.com\/index.php\/2024\/10\/31\/mais-uma-preocupacao-declaracao-de-talles-magno-e-jogador-se-destaca-no-exterior-as-ultimas-noticias-do-corinthians\/#breadcrumb"},"inLanguage":"pt-BR","potentialAction":[{"@type":"ReadAction","target":["https:\/\/www.gaveanews.com\/index.php\/2024\/10\/31\/mais-uma-preocupacao-declaracao-de-talles-magno-e-jogador-se-destaca-no-exterior-as-ultimas-noticias-do-corinthians\/"]}]},{"@type":"ImageObject","inLanguage":"pt-BR","@id":"https:\/\/www.gaveanews.com\/index.php\/2024\/10\/31\/mais-uma-preocupacao-declaracao-de-talles-magno-e-jogador-se-destaca-no-exterior-as-ultimas-noticias-do-corinthians\/#primaryimage","url":"https:\/\/www.gaveanews.com\/wp-content\/uploads\/Escudo-do-Corinthians.webp","contentUrl":"https:\/\/www.gaveanews.com\/wp-content\/uploads\/Escudo-do-Corinthians.webp","width":1000,"height":667,"caption":"Escudo do Corinthians (Foto Reprodu\u00e7\u00e3o\/Instagram)"},{"@type":"BreadcrumbList","@id":"https:\/\/www.gaveanews.com\/index.php\/2024\/10\/31\/mais-uma-preocupacao-declaracao-de-talles-magno-e-jogador-se-destaca-no-exterior-as-ultimas-noticias-do-corinthians\/#breadcrumb","itemListElement":[{"@type":"ListItem","position":1,"name":"Home","item":"https:\/\/www.gaveanews.com\/"},{"@type":"ListItem","position":2,"name":"Mais uma preocupa\u00e7\u00e3o, declara\u00e7\u00e3o de Talles Magno e jogador se destaca no exterior: as \u00faltimas not\u00edcias do Corinthians"}]},{"@type":"WebSite","@id":"https:\/\/www.gaveanews.com\/#website","url":"https:\/\/www.gaveanews.com\/","name":"G\u00e1vea News","description":"Veja todas as not\u00edcias sobre o Flamengo: Contrata\u00e7\u00f5es, categorias de base, resultados das partidas, tabela de classifica\u00e7\u00e3o, pr\u00f3ximos jogos!","potentialAction":[{"@type":"SearchAction","target":{"@type":"EntryPoint","urlTemplate":"https:\/\/www.gaveanews.com\/?s={search_term_string}"},"query-input":{"@type":"PropertyValueSpecification","valueRequired":true,"valueName":"search_term_string"}}],"inLanguage":"pt-BR"},{"@type":"Person","@id":"https:\/\/www.gaveanews.com\/#\/schema\/person\/8207cd4627f56151707418bfc835b2fb","name":"Matheus Felipe","image":{"@type":"ImageObject","inLanguage":"pt-BR","@id":"https:\/\/www.gaveanews.com\/#\/schema\/person\/image\/","url":"https:\/\/secure.gravatar.com\/avatar\/a452ffbed9130f726358b298bb3a99ce4bd3c5338411f8440e87e14d74c7c087?s=96&d=mm&r=g","contentUrl":"https:\/\/secure.gravatar.com\/avatar\/a452ffbed9130f726358b298bb3a99ce4bd3c5338411f8440e87e14d74c7c087?s=96&d=mm&r=g","caption":"Matheus Felipe"}}]}},"_links":{"self":[{"href":"https:\/\/www.gaveanews.com\/index.php\/wp-json\/wp\/v2\/posts\/179525","targetHints":{"allow":["GET"]}}],"collection":[{"href":"https:\/\/www.gaveanews.com\/index.php\/wp-json\/wp\/v2\/posts"}],"about":[{"href":"https:\/\/www.gaveanews.com\/index.php\/wp-json\/wp\/v2\/types\/post"}],"author":[{"embeddable":true,"href":"https:\/\/www.gaveanews.com\/index.php\/wp-json\/wp\/v2\/users\/27"}],"replies":[{"embeddable":true,"href":"https:\/\/www.gaveanews.com\/index.php\/wp-json\/wp\/v2\/comments?post=179525"}],"version-history":[{"count":1,"href":"https:\/\/www.gaveanews.com\/index.php\/wp-json\/wp\/v2\/posts\/179525\/revisions"}],"predecessor-version":[{"id":179528,"href":"https:\/\/www.gaveanews.com\/index.php\/wp-json\/wp\/v2\/posts\/179525\/revisions\/179528"}],"wp:featuredmedia":[{"embeddable":true,"href":"https:\/\/www.gaveanews.com\/index.php\/wp-json\/wp\/v2\/media\/146951"}],"wp:attachment":[{"href":"https:\/\/www.gaveanews.com\/index.php\/wp-json\/wp\/v2\/media?parent=179525"}],"wp:term":[{"taxonomy":"category","embeddable":true,"href":"https:\/\/www.gaveanews.com\/index.php\/wp-json\/wp\/v2\/categories?post=179525"},{"taxonomy":"post_tag","embeddable":true,"href":"https:\/\/www.gaveanews.com\/index.php\/wp-json\/wp\/v2\/tags?post=179525"}],"curies":[{"name":"wp","href":"https:\/\/api.w.org\/{rel}","templated":true}]}}