{"id":179532,"date":"2024-10-31T13:30:00","date_gmt":"2024-10-31T16:30:00","guid":{"rendered":"https:\/\/www.gaveanews.com\/?p=179532"},"modified":"2024-10-31T09:56:08","modified_gmt":"2024-10-31T12:56:08","slug":"gerson-toma-atitude-surpreendente-antes-do-jogo-entre-internacional-x-flamengo","status":"publish","type":"post","link":"https:\/\/www.gaveanews.com\/index.php\/2024\/10\/31\/gerson-toma-atitude-surpreendente-antes-do-jogo-entre-internacional-x-flamengo\/","title":{"rendered":"Gerson toma atitude surpreendente antes do jogo entre Internacional x Flamengo"},"content":{"rendered":"\n<p>O meio-campista Gerson, destaque do Flamengo, vai proporcionar uma experi\u00eancia \u00fanica para um torcedor. Ao desembarcar no Rio Grande do Sul, o time foi recebido por uma multid\u00e3o de admiradores, que aguardavam ansiosamente a chegada dos jogadores no hotel. Entre os atletas mais aclamados estava Gerson.<\/p>\n\n\n\n<ul class=\"wp-block-list\">\n<li><a href=\"https:\/\/www.gaveanews.com\/index.php\/2024\/10\/30\/filha-de-gerson-tira-onda-e-torcida-do-flamengo-brinca-melhor-que-o-allan\/\">Filha de Gerson tira onda e torcida do Flamengo brinca: \u201cMelhor que o Allan\u201d<\/a><\/li>\n\n\n\n<li><a href=\"https:\/\/www.gaveanews.com\/index.php\/2024\/10\/26\/flamengo-x-juventude-a-declaracao-de-gerson-sobre-o-jogo\/\">Flamengo x Juventude: a declara\u00e7\u00e3o de Gerson sobre o jogo<\/a><\/li>\n<\/ul>\n\n\n\n<p>Durante sua intera\u00e7\u00e3o com os f\u00e3s, Gerson tirava fotos e dedicava tempo ao p\u00fablico presente. Nesse momento, ele foi abordado por um jovem torcedor que lhe fez um pedido inusitado. Posteriormente, o garoto segurou a m\u00e3o de Gerson, chamando a aten\u00e7\u00e3o do jogador para um desejo especial.<\/p>\n\n\n\n<p>Ao ouvir o sonho do jovem, Gerson descobriu que ele desejava viajar ao Rio de Janeiro para participar de uma avalia\u00e7\u00e3o nas categorias de base do Flamengo. Em seguida, Gerson demonstrou seu apoio, pedindo ajuda do assessor do clube para viabilizar o pedido e anotar as informa\u00e7\u00f5es de contato do garoto.<\/p>\n\n\n\n<p>O assessor, ap\u00f3s concordar com um aceno, solicitou os dados do torcedor, que forneceu seu nome e telefone. Com o compromisso firmado, Gerson se prontificou a arcar com a passagem do jovem, abrindo a oportunidade para que ele se apresente ao Flamengo.<\/p>\n\n\n\n<blockquote class=\"twitter-tweet\"><p lang=\"pt\" dir=\"ltr\">SENSACIONAL! Na chegada do Meng\u00e3o em Porto Alegre, um torcedor mirim com o sonho de ser jogador do Flamengo fez um pedido ao Gerson. <br><br>Assistam at\u00e9 o final. Que demais! <a href=\"https:\/\/t.co\/VBjh6EmDi4\">pic.twitter.com\/VBjh6EmDi4<\/a><\/p>&mdash; RaFla Mello (@raflamello81) <a href=\"https:\/\/twitter.com\/raflamello81\/status\/1851427977285775781?ref_src=twsrc%5Etfw\">October 30, 2024<\/a><\/blockquote> <script async src=\"https:\/\/platform.twitter.com\/widgets.js\" charset=\"utf-8\"><\/script>\n\n\n\n<h2 class=\"wp-block-heading\" id=\"h-jogo-entre-flamengo-e-o-internacional\">Jogo entre Flamengo e o Internacional<\/h2>\n\n\n\n<p>Em paralelo, o Flamengo enfrentou o Internacional pelo Campeonato Brasileiro. Na partida, v\u00e1lida pela 17\u00aa rodada, os dois times empataram em 1 a 1, em um confronto realizado no Est\u00e1dio Beira-Rio.<\/p>\n\n\n\n<p>Na disputa por uma vaga direta na Libertadores do pr\u00f3ximo ano e ainda com ambi\u00e7\u00f5es pelo t\u00edtulo, as equipes terminaram empatadas. O Flamengo saiu na frente com um gol marcado por Alcaraz, mas Enner Valencia garantiu o empate para o Internacional.<\/p>\n\n\n\n<p>Sendo assim, o resultado praticamente elimina as chances do Flamengo de conquistar o t\u00edtulo brasileiro desta temporada. Atualmente, o time comandado por Filipe Lu\u00eds ocupa o quarto lugar na tabela, com 55 pontos, nove atr\u00e1s do l\u00edder Botafogo.<\/p>\n\n\n\n<p>J\u00e1 o Internacional, que acumula uma sequ\u00eancia invicta de 12 jogos, aparece logo atr\u00e1s, na quinta posi\u00e7\u00e3o, somando 53 pontos.<\/p>\n","protected":false},"excerpt":{"rendered":"<p>O meio-campista Gerson, destaque do Flamengo, vai proporcionar uma experi\u00eancia \u00fanica para um torcedor. Ao desembarcar no Rio Grande do Sul, o time foi recebido por uma multid\u00e3o de admiradores, que aguardavam ansiosamente a chegada dos jogadores no hotel. Entre os atletas mais aclamados estava Gerson. Durante sua intera\u00e7\u00e3o com os f\u00e3s, Gerson tirava fotos [&hellip;]<\/p>\n","protected":false},"author":28,"featured_media":113040,"comment_status":"open","ping_status":"closed","sticky":false,"template":"","format":"standard","meta":{"footnotes":""},"categories":[1],"tags":[],"class_list":["post-179532","post","type-post","status-publish","format-standard","has-post-thumbnail","hentry","category-flamengo"],"yoast_head":"<!-- This site is optimized with the Yoast SEO Premium plugin v24.2 (Yoast SEO v26.9) - https:\/\/yoast.com\/product\/yoast-seo-premium-wordpress\/ -->\n<title>Gerson toma atitude surpreendente antes do jogo entre Internacional x Flamengo<\/title>\n<meta name=\"robots\" content=\"index, follow, max-snippet:-1, max-image-preview:large, max-video-preview:-1\" \/>\n<link rel=\"canonical\" href=\"https:\/\/www.gaveanews.com\/index.php\/2024\/10\/31\/gerson-toma-atitude-surpreendente-antes-do-jogo-entre-internacional-x-flamengo\/\" \/>\n<meta property=\"og:locale\" content=\"pt_BR\" \/>\n<meta property=\"og:type\" content=\"article\" \/>\n<meta property=\"og:title\" content=\"Gerson toma atitude surpreendente antes do jogo entre Internacional x Flamengo\" \/>\n<meta property=\"og:description\" content=\"O meio-campista Gerson, destaque do Flamengo, vai proporcionar uma experi\u00eancia \u00fanica para um torcedor. Ao desembarcar no Rio Grande do Sul, o time foi recebido por uma multid\u00e3o de admiradores, que aguardavam ansiosamente a chegada dos jogadores no hotel. Entre os atletas mais aclamados estava Gerson. Durante sua intera\u00e7\u00e3o com os f\u00e3s, Gerson tirava fotos [&hellip;]\" \/>\n<meta property=\"og:url\" content=\"https:\/\/www.gaveanews.com\/index.php\/2024\/10\/31\/gerson-toma-atitude-surpreendente-antes-do-jogo-entre-internacional-x-flamengo\/\" \/>\n<meta property=\"og:site_name\" content=\"G\u00e1vea News\" \/>\n<meta property=\"article:publisher\" content=\"https:\/\/facebook.com\/gaveaNews\/\" \/>\n<meta property=\"article:published_time\" content=\"2024-10-31T16:30:00+00:00\" \/>\n<meta property=\"og:image\" content=\"https:\/\/www.gaveanews.com\/wp-content\/uploads\/gerson-flamengo.webp\" \/>\n\t<meta property=\"og:image:width\" content=\"900\" \/>\n\t<meta property=\"og:image:height\" content=\"600\" \/>\n\t<meta property=\"og:image:type\" content=\"image\/jpeg\" \/>\n<meta name=\"author\" content=\"Hudson Pereira\" \/>\n<meta name=\"twitter:card\" content=\"summary_large_image\" \/>\n<meta name=\"twitter:label1\" content=\"Escrito por\" \/>\n\t<meta name=\"twitter:data1\" content=\"Hudson Pereira\" \/>\n\t<meta name=\"twitter:label2\" content=\"Est. tempo de leitura\" \/>\n\t<meta name=\"twitter:data2\" content=\"3 minutos\" \/>\n<script type=\"application\/ld+json\" class=\"yoast-schema-graph\">{\"@context\":\"https:\/\/schema.org\",\"@graph\":[{\"@type\":\"NewsArticle\",\"@id\":\"https:\/\/www.gaveanews.com\/index.php\/2024\/10\/31\/gerson-toma-atitude-surpreendente-antes-do-jogo-entre-internacional-x-flamengo\/#article\",\"isPartOf\":{\"@id\":\"https:\/\/www.gaveanews.com\/index.php\/2024\/10\/31\/gerson-toma-atitude-surpreendente-antes-do-jogo-entre-internacional-x-flamengo\/\"},\"author\":{\"name\":\"Hudson Pereira\",\"@id\":\"https:\/\/www.gaveanews.com\/#\/schema\/person\/bd08f00534b403119b92741a6d469ef0\"},\"headline\":\"Gerson toma atitude surpreendente antes do jogo entre Internacional x Flamengo\",\"datePublished\":\"2024-10-31T16:30:00+00:00\",\"mainEntityOfPage\":{\"@id\":\"https:\/\/www.gaveanews.com\/index.php\/2024\/10\/31\/gerson-toma-atitude-surpreendente-antes-do-jogo-entre-internacional-x-flamengo\/\"},\"wordCount\":415,\"commentCount\":0,\"image\":{\"@id\":\"https:\/\/www.gaveanews.com\/index.php\/2024\/10\/31\/gerson-toma-atitude-surpreendente-antes-do-jogo-entre-internacional-x-flamengo\/#primaryimage\"},\"thumbnailUrl\":\"https:\/\/www.gaveanews.com\/wp-content\/uploads\/gerson-flamengo.webp\",\"articleSection\":[\"Flamengo\"],\"inLanguage\":\"pt-BR\",\"potentialAction\":[{\"@type\":\"CommentAction\",\"name\":\"Comment\",\"target\":[\"https:\/\/www.gaveanews.com\/index.php\/2024\/10\/31\/gerson-toma-atitude-surpreendente-antes-do-jogo-entre-internacional-x-flamengo\/#respond\"]}],\"copyrightYear\":\"2024\",\"copyrightHolder\":{\"@id\":\"https:\/\/www.gaveanews.com\/#organization\"}},{\"@type\":\"WebPage\",\"@id\":\"https:\/\/www.gaveanews.com\/index.php\/2024\/10\/31\/gerson-toma-atitude-surpreendente-antes-do-jogo-entre-internacional-x-flamengo\/\",\"url\":\"https:\/\/www.gaveanews.com\/index.php\/2024\/10\/31\/gerson-toma-atitude-surpreendente-antes-do-jogo-entre-internacional-x-flamengo\/\",\"name\":\"Gerson toma atitude surpreendente antes do jogo entre Internacional x Flamengo\",\"isPartOf\":{\"@id\":\"https:\/\/www.gaveanews.com\/#website\"},\"primaryImageOfPage\":{\"@id\":\"https:\/\/www.gaveanews.com\/index.php\/2024\/10\/31\/gerson-toma-atitude-surpreendente-antes-do-jogo-entre-internacional-x-flamengo\/#primaryimage\"},\"image\":{\"@id\":\"https:\/\/www.gaveanews.com\/index.php\/2024\/10\/31\/gerson-toma-atitude-surpreendente-antes-do-jogo-entre-internacional-x-flamengo\/#primaryimage\"},\"thumbnailUrl\":\"https:\/\/www.gaveanews.com\/wp-content\/uploads\/gerson-flamengo.webp\",\"datePublished\":\"2024-10-31T16:30:00+00:00\",\"author\":{\"@id\":\"https:\/\/www.gaveanews.com\/#\/schema\/person\/bd08f00534b403119b92741a6d469ef0\"},\"breadcrumb\":{\"@id\":\"https:\/\/www.gaveanews.com\/index.php\/2024\/10\/31\/gerson-toma-atitude-surpreendente-antes-do-jogo-entre-internacional-x-flamengo\/#breadcrumb\"},\"inLanguage\":\"pt-BR\",\"potentialAction\":[{\"@type\":\"ReadAction\",\"target\":[\"https:\/\/www.gaveanews.com\/index.php\/2024\/10\/31\/gerson-toma-atitude-surpreendente-antes-do-jogo-entre-internacional-x-flamengo\/\"]}]},{\"@type\":\"ImageObject\",\"inLanguage\":\"pt-BR\",\"@id\":\"https:\/\/www.gaveanews.com\/index.php\/2024\/10\/31\/gerson-toma-atitude-surpreendente-antes-do-jogo-entre-internacional-x-flamengo\/#primaryimage\",\"url\":\"https:\/\/www.gaveanews.com\/wp-content\/uploads\/gerson-flamengo.webp\",\"contentUrl\":\"https:\/\/www.gaveanews.com\/wp-content\/uploads\/gerson-flamengo.webp\",\"width\":900,\"height\":600,\"caption\":\"Gerson em atua\u00e7\u00e3o pelo Flamengo (Foto: Gilvan de Souza\/Flamengo)\"},{\"@type\":\"BreadcrumbList\",\"@id\":\"https:\/\/www.gaveanews.com\/index.php\/2024\/10\/31\/gerson-toma-atitude-surpreendente-antes-do-jogo-entre-internacional-x-flamengo\/#breadcrumb\",\"itemListElement\":[{\"@type\":\"ListItem\",\"position\":1,\"name\":\"Home\",\"item\":\"https:\/\/www.gaveanews.com\/\"},{\"@type\":\"ListItem\",\"position\":2,\"name\":\"Gerson toma atitude surpreendente antes do jogo entre Internacional x Flamengo\"}]},{\"@type\":\"WebSite\",\"@id\":\"https:\/\/www.gaveanews.com\/#website\",\"url\":\"https:\/\/www.gaveanews.com\/\",\"name\":\"G\u00e1vea News\",\"description\":\"Veja todas as not\u00edcias sobre o Flamengo: Contrata\u00e7\u00f5es, categorias de base, resultados das partidas, tabela de classifica\u00e7\u00e3o, pr\u00f3ximos jogos!\",\"potentialAction\":[{\"@type\":\"SearchAction\",\"target\":{\"@type\":\"EntryPoint\",\"urlTemplate\":\"https:\/\/www.gaveanews.com\/?s={search_term_string}\"},\"query-input\":{\"@type\":\"PropertyValueSpecification\",\"valueRequired\":true,\"valueName\":\"search_term_string\"}}],\"inLanguage\":\"pt-BR\"},{\"@type\":\"Person\",\"@id\":\"https:\/\/www.gaveanews.com\/#\/schema\/person\/bd08f00534b403119b92741a6d469ef0\",\"name\":\"Hudson Pereira\",\"image\":{\"@type\":\"ImageObject\",\"inLanguage\":\"pt-BR\",\"@id\":\"https:\/\/www.gaveanews.com\/#\/schema\/person\/image\/\",\"url\":\"https:\/\/secure.gravatar.com\/avatar\/ecc491b489e454e510efffc9b23c1052ce5fb4f2e05555768ba65819cd55f03e?s=96&d=mm&r=g\",\"contentUrl\":\"https:\/\/secure.gravatar.com\/avatar\/ecc491b489e454e510efffc9b23c1052ce5fb4f2e05555768ba65819cd55f03e?s=96&d=mm&r=g\",\"caption\":\"Hudson Pereira\"}}]}<\/script>\n<!-- \/ Yoast SEO Premium plugin. -->","yoast_head_json":{"title":"Gerson toma atitude surpreendente antes do jogo entre Internacional x Flamengo","robots":{"index":"index","follow":"follow","max-snippet":"max-snippet:-1","max-image-preview":"max-image-preview:large","max-video-preview":"max-video-preview:-1"},"canonical":"https:\/\/www.gaveanews.com\/index.php\/2024\/10\/31\/gerson-toma-atitude-surpreendente-antes-do-jogo-entre-internacional-x-flamengo\/","og_locale":"pt_BR","og_type":"article","og_title":"Gerson toma atitude surpreendente antes do jogo entre Internacional x Flamengo","og_description":"O meio-campista Gerson, destaque do Flamengo, vai proporcionar uma experi\u00eancia \u00fanica para um torcedor. Ao desembarcar no Rio Grande do Sul, o time foi recebido por uma multid\u00e3o de admiradores, que aguardavam ansiosamente a chegada dos jogadores no hotel. Entre os atletas mais aclamados estava Gerson. Durante sua intera\u00e7\u00e3o com os f\u00e3s, Gerson tirava fotos [&hellip;]","og_url":"https:\/\/www.gaveanews.com\/index.php\/2024\/10\/31\/gerson-toma-atitude-surpreendente-antes-do-jogo-entre-internacional-x-flamengo\/","og_site_name":"G\u00e1vea News","article_publisher":"https:\/\/facebook.com\/gaveaNews\/","article_published_time":"2024-10-31T16:30:00+00:00","og_image":[{"width":900,"height":600,"url":"https:\/\/www.gaveanews.com\/wp-content\/uploads\/gerson-flamengo.webp","type":"image\/jpeg"}],"author":"Hudson Pereira","twitter_card":"summary_large_image","twitter_misc":{"Escrito por":"Hudson Pereira","Est. tempo de leitura":"3 minutos"},"schema":{"@context":"https:\/\/schema.org","@graph":[{"@type":"NewsArticle","@id":"https:\/\/www.gaveanews.com\/index.php\/2024\/10\/31\/gerson-toma-atitude-surpreendente-antes-do-jogo-entre-internacional-x-flamengo\/#article","isPartOf":{"@id":"https:\/\/www.gaveanews.com\/index.php\/2024\/10\/31\/gerson-toma-atitude-surpreendente-antes-do-jogo-entre-internacional-x-flamengo\/"},"author":{"name":"Hudson Pereira","@id":"https:\/\/www.gaveanews.com\/#\/schema\/person\/bd08f00534b403119b92741a6d469ef0"},"headline":"Gerson toma atitude surpreendente antes do jogo entre Internacional x Flamengo","datePublished":"2024-10-31T16:30:00+00:00","mainEntityOfPage":{"@id":"https:\/\/www.gaveanews.com\/index.php\/2024\/10\/31\/gerson-toma-atitude-surpreendente-antes-do-jogo-entre-internacional-x-flamengo\/"},"wordCount":415,"commentCount":0,"image":{"@id":"https:\/\/www.gaveanews.com\/index.php\/2024\/10\/31\/gerson-toma-atitude-surpreendente-antes-do-jogo-entre-internacional-x-flamengo\/#primaryimage"},"thumbnailUrl":"https:\/\/www.gaveanews.com\/wp-content\/uploads\/gerson-flamengo.webp","articleSection":["Flamengo"],"inLanguage":"pt-BR","potentialAction":[{"@type":"CommentAction","name":"Comment","target":["https:\/\/www.gaveanews.com\/index.php\/2024\/10\/31\/gerson-toma-atitude-surpreendente-antes-do-jogo-entre-internacional-x-flamengo\/#respond"]}],"copyrightYear":"2024","copyrightHolder":{"@id":"https:\/\/www.gaveanews.com\/#organization"}},{"@type":"WebPage","@id":"https:\/\/www.gaveanews.com\/index.php\/2024\/10\/31\/gerson-toma-atitude-surpreendente-antes-do-jogo-entre-internacional-x-flamengo\/","url":"https:\/\/www.gaveanews.com\/index.php\/2024\/10\/31\/gerson-toma-atitude-surpreendente-antes-do-jogo-entre-internacional-x-flamengo\/","name":"Gerson toma atitude surpreendente antes do jogo entre Internacional x Flamengo","isPartOf":{"@id":"https:\/\/www.gaveanews.com\/#website"},"primaryImageOfPage":{"@id":"https:\/\/www.gaveanews.com\/index.php\/2024\/10\/31\/gerson-toma-atitude-surpreendente-antes-do-jogo-entre-internacional-x-flamengo\/#primaryimage"},"image":{"@id":"https:\/\/www.gaveanews.com\/index.php\/2024\/10\/31\/gerson-toma-atitude-surpreendente-antes-do-jogo-entre-internacional-x-flamengo\/#primaryimage"},"thumbnailUrl":"https:\/\/www.gaveanews.com\/wp-content\/uploads\/gerson-flamengo.webp","datePublished":"2024-10-31T16:30:00+00:00","author":{"@id":"https:\/\/www.gaveanews.com\/#\/schema\/person\/bd08f00534b403119b92741a6d469ef0"},"breadcrumb":{"@id":"https:\/\/www.gaveanews.com\/index.php\/2024\/10\/31\/gerson-toma-atitude-surpreendente-antes-do-jogo-entre-internacional-x-flamengo\/#breadcrumb"},"inLanguage":"pt-BR","potentialAction":[{"@type":"ReadAction","target":["https:\/\/www.gaveanews.com\/index.php\/2024\/10\/31\/gerson-toma-atitude-surpreendente-antes-do-jogo-entre-internacional-x-flamengo\/"]}]},{"@type":"ImageObject","inLanguage":"pt-BR","@id":"https:\/\/www.gaveanews.com\/index.php\/2024\/10\/31\/gerson-toma-atitude-surpreendente-antes-do-jogo-entre-internacional-x-flamengo\/#primaryimage","url":"https:\/\/www.gaveanews.com\/wp-content\/uploads\/gerson-flamengo.webp","contentUrl":"https:\/\/www.gaveanews.com\/wp-content\/uploads\/gerson-flamengo.webp","width":900,"height":600,"caption":"Gerson em atua\u00e7\u00e3o pelo Flamengo (Foto: Gilvan de Souza\/Flamengo)"},{"@type":"BreadcrumbList","@id":"https:\/\/www.gaveanews.com\/index.php\/2024\/10\/31\/gerson-toma-atitude-surpreendente-antes-do-jogo-entre-internacional-x-flamengo\/#breadcrumb","itemListElement":[{"@type":"ListItem","position":1,"name":"Home","item":"https:\/\/www.gaveanews.com\/"},{"@type":"ListItem","position":2,"name":"Gerson toma atitude surpreendente antes do jogo entre Internacional x Flamengo"}]},{"@type":"WebSite","@id":"https:\/\/www.gaveanews.com\/#website","url":"https:\/\/www.gaveanews.com\/","name":"G\u00e1vea News","description":"Veja todas as not\u00edcias sobre o Flamengo: Contrata\u00e7\u00f5es, categorias de base, resultados das partidas, tabela de classifica\u00e7\u00e3o, pr\u00f3ximos jogos!","potentialAction":[{"@type":"SearchAction","target":{"@type":"EntryPoint","urlTemplate":"https:\/\/www.gaveanews.com\/?s={search_term_string}"},"query-input":{"@type":"PropertyValueSpecification","valueRequired":true,"valueName":"search_term_string"}}],"inLanguage":"pt-BR"},{"@type":"Person","@id":"https:\/\/www.gaveanews.com\/#\/schema\/person\/bd08f00534b403119b92741a6d469ef0","name":"Hudson Pereira","image":{"@type":"ImageObject","inLanguage":"pt-BR","@id":"https:\/\/www.gaveanews.com\/#\/schema\/person\/image\/","url":"https:\/\/secure.gravatar.com\/avatar\/ecc491b489e454e510efffc9b23c1052ce5fb4f2e05555768ba65819cd55f03e?s=96&d=mm&r=g","contentUrl":"https:\/\/secure.gravatar.com\/avatar\/ecc491b489e454e510efffc9b23c1052ce5fb4f2e05555768ba65819cd55f03e?s=96&d=mm&r=g","caption":"Hudson Pereira"}}]}},"_links":{"self":[{"href":"https:\/\/www.gaveanews.com\/index.php\/wp-json\/wp\/v2\/posts\/179532","targetHints":{"allow":["GET"]}}],"collection":[{"href":"https:\/\/www.gaveanews.com\/index.php\/wp-json\/wp\/v2\/posts"}],"about":[{"href":"https:\/\/www.gaveanews.com\/index.php\/wp-json\/wp\/v2\/types\/post"}],"author":[{"embeddable":true,"href":"https:\/\/www.gaveanews.com\/index.php\/wp-json\/wp\/v2\/users\/28"}],"replies":[{"embeddable":true,"href":"https:\/\/www.gaveanews.com\/index.php\/wp-json\/wp\/v2\/comments?post=179532"}],"version-history":[{"count":1,"href":"https:\/\/www.gaveanews.com\/index.php\/wp-json\/wp\/v2\/posts\/179532\/revisions"}],"predecessor-version":[{"id":179533,"href":"https:\/\/www.gaveanews.com\/index.php\/wp-json\/wp\/v2\/posts\/179532\/revisions\/179533"}],"wp:featuredmedia":[{"embeddable":true,"href":"https:\/\/www.gaveanews.com\/index.php\/wp-json\/wp\/v2\/media\/113040"}],"wp:attachment":[{"href":"https:\/\/www.gaveanews.com\/index.php\/wp-json\/wp\/v2\/media?parent=179532"}],"wp:term":[{"taxonomy":"category","embeddable":true,"href":"https:\/\/www.gaveanews.com\/index.php\/wp-json\/wp\/v2\/categories?post=179532"},{"taxonomy":"post_tag","embeddable":true,"href":"https:\/\/www.gaveanews.com\/index.php\/wp-json\/wp\/v2\/tags?post=179532"}],"curies":[{"name":"wp","href":"https:\/\/api.w.org\/{rel}","templated":true}]}}