{"id":17989,"date":"2019-04-21T20:36:37","date_gmt":"2019-04-21T23:36:37","guid":{"rendered":"https:\/\/www.gaveanews.com\/?p=17989"},"modified":"2019-04-21T20:36:40","modified_gmt":"2019-04-21T23:36:40","slug":"flamengo-comete-gafe-nas-redes-sociais-apaga-publicacao-e-irrita-torcedores-veja-reacoes","status":"publish","type":"post","link":"https:\/\/www.gaveanews.com\/index.php\/2019\/04\/21\/flamengo-comete-gafe-nas-redes-sociais-apaga-publicacao-e-irrita-torcedores-veja-reacoes\/","title":{"rendered":"Flamengo comete gafe nas redes sociais, apaga publica\u00e7\u00e3o e irrita torcedores; veja rea\u00e7\u00f5es"},"content":{"rendered":"\n<p>O Flamengo tem o costume de, atrav\u00e9s de suas redes sociais, sempre parabenizar os atletas e \u00eddolos em seus respectivos anivers\u00e1rios. Neste domingo (21 de abril), Andrade \u00e9 quem completa mais um ano de vida, e o clube da G\u00e1vea fez a tradicional felicita\u00e7\u00e3o. Entretanto, na imagem comemorativa, utilizaram foto de Ad\u00edlio, fato que irritou torcedores rubro-negros.<\/p>\n\n\n\n<p>Atrav\u00e9s do Twitter, diversos internautas manifestaram insatisfa\u00e7\u00e3o com o descuido e chegaram a relembrar erros antigos que ocorreram nas redes sociais do clube. <\/p>\n\n\n\n<p>O Flamengo n\u00e3o se pronunciou sobre o assunto, por\u00e9m, excluiu a publica\u00e7\u00e3o original e refez com imagem correta.<\/p>\n\n\n\n<p><strong>CONFIRA REA\u00c7\u00d5ES:<\/strong><\/p>\n\n\n\n<figure class=\"wp-block-embed-twitter wp-block-embed is-type-rich is-provider-twitter\"><div class=\"wp-block-embed__wrapper\">\nhttps:\/\/twitter.com\/paris_D1999\/status\/1119986872477003776?ref_src=twsrc%5Etfw%7Ctwcamp%5Etweetembed%7Ctwterm%5E1119986872477003776&#038;ref_url=https%3A%2F%2Fcolunadoflamengo.com%2F2019%2F04%2Fflamengo-comete-gafe-confunde-andrade-com-adilio-e-irrita-torcedores-veja-reacoes%2F\n<\/div><\/figure>\n\n\n\n<figure class=\"wp-block-embed-twitter wp-block-embed is-type-rich is-provider-twitter\"><div class=\"wp-block-embed__wrapper\">\nhttps:\/\/twitter.com\/brottocrf\/status\/1119987845773524992?ref_src=twsrc%5Etfw%7Ctwcamp%5Etweetembed%7Ctwterm%5E1119987845773524992&#038;ref_url=https%3A%2F%2Fcolunadoflamengo.com%2F2019%2F04%2Fflamengo-comete-gafe-confunde-andrade-com-adilio-e-irrita-torcedores-veja-reacoes%2F\n<\/div><\/figure>\n\n\n\n<figure class=\"wp-block-embed-twitter wp-block-embed is-type-rich is-provider-twitter\"><div class=\"wp-block-embed__wrapper\">\n<blockquote class=\"twitter-tweet\" data-width=\"550\" data-dnt=\"true\"><p lang=\"pt\" dir=\"ltr\">Nunca fomos rebaixados, mas nossa comunica\u00e7\u00e3o \u00e9 de S\u00e9rie C.<\/p>&mdash; Felipe Fragoso (@felipefragoso_) <a href=\"https:\/\/twitter.com\/felipefragoso_\/status\/1119988521459245058?ref_src=twsrc%5Etfw\">April 21, 2019<\/a><\/blockquote><script async src=\"https:\/\/platform.twitter.com\/widgets.js\" charset=\"utf-8\"><\/script>\n<\/div><\/figure>\n\n\n\n<figure class=\"wp-block-embed-twitter wp-block-embed is-type-rich is-provider-twitter\"><div class=\"wp-block-embed__wrapper\">\n<blockquote class=\"twitter-tweet\" data-width=\"550\" data-dnt=\"true\"><p lang=\"pt\" dir=\"ltr\">passando vergonha, estagi\u00e1rio.<\/p>&mdash; maria. (@arrascaetarmcf) <a href=\"https:\/\/twitter.com\/arrascaetarmcf\/status\/1119987140769792000?ref_src=twsrc%5Etfw\">April 21, 2019<\/a><\/blockquote><script async src=\"https:\/\/platform.twitter.com\/widgets.js\" charset=\"utf-8\"><\/script>\n<\/div><\/figure>\n\n\n\n<figure class=\"wp-block-embed-twitter wp-block-embed is-type-rich is-provider-twitter\"><div class=\"wp-block-embed__wrapper\">\n<blockquote class=\"twitter-tweet\" data-width=\"550\" data-dnt=\"true\"><p lang=\"pt\" dir=\"ltr\">COMUNICA\u00c7\u00c3O LIXO<\/p>&mdash; malandramengo \u00ae (@maIandramengo) <a href=\"https:\/\/twitter.com\/maIandramengo\/status\/1119987640286220289?ref_src=twsrc%5Etfw\">April 21, 2019<\/a><\/blockquote><script async src=\"https:\/\/platform.twitter.com\/widgets.js\" charset=\"utf-8\"><\/script>\n<\/div><\/figure>\n\n\n\n<figure class=\"wp-block-embed-twitter wp-block-embed is-type-rich is-provider-twitter\"><div class=\"wp-block-embed__wrapper\">\nhttps:\/\/twitter.com\/giuliachagass\/status\/1119987921522761728?ref_src=twsrc%5Etfw%7Ctwcamp%5Etweetembed%7Ctwterm%5E1119987921522761728&#038;ref_url=https%3A%2F%2Fcolunadoflamengo.com%2F2019%2F04%2Fflamengo-comete-gafe-confunde-andrade-com-adilio-e-irrita-torcedores-veja-reacoes%2F\n<\/div><\/figure>\n\n\n\n\n\n<p>Retirado de: Coluna do Flamengo<\/p>\n","protected":false},"excerpt":{"rendered":"<p>O Flamengo tem o costume de, atrav\u00e9s de suas redes sociais, sempre parabenizar os atletas e \u00eddolos em seus respectivos anivers\u00e1rios. Neste domingo (21 de abril), Andrade \u00e9 quem completa mais um ano de vida, e o clube da G\u00e1vea fez a tradicional felicita\u00e7\u00e3o. Entretanto, na imagem comemorativa, utilizaram foto de Ad\u00edlio, fato que irritou [&hellip;]<\/p>\n","protected":false},"author":1,"featured_media":15184,"comment_status":"open","ping_status":"open","sticky":false,"template":"","format":"standard","meta":{"footnotes":""},"categories":[1],"tags":[],"class_list":["post-17989","post","type-post","status-publish","format-standard","has-post-thumbnail","hentry","category-flamengo"],"yoast_head":"<!-- This site is optimized with the Yoast SEO Premium plugin v24.2 (Yoast SEO v26.9) - https:\/\/yoast.com\/product\/yoast-seo-premium-wordpress\/ -->\n<title>Flamengo comete gafe nas redes sociais, apaga publica\u00e7\u00e3o e irrita torcedores; veja rea\u00e7\u00f5es<\/title>\n<meta name=\"robots\" content=\"index, follow, max-snippet:-1, max-image-preview:large, max-video-preview:-1\" \/>\n<link rel=\"canonical\" href=\"https:\/\/www.gaveanews.com\/index.php\/2019\/04\/21\/flamengo-comete-gafe-nas-redes-sociais-apaga-publicacao-e-irrita-torcedores-veja-reacoes\/\" \/>\n<meta property=\"og:locale\" content=\"pt_BR\" \/>\n<meta property=\"og:type\" content=\"article\" \/>\n<meta property=\"og:title\" content=\"Flamengo comete gafe nas redes sociais, apaga publica\u00e7\u00e3o e irrita torcedores; veja rea\u00e7\u00f5es\" \/>\n<meta property=\"og:description\" content=\"O Flamengo tem o costume de, atrav\u00e9s de suas redes sociais, sempre parabenizar os atletas e \u00eddolos em seus respectivos anivers\u00e1rios. Neste domingo (21 de abril), Andrade \u00e9 quem completa mais um ano de vida, e o clube da G\u00e1vea fez a tradicional felicita\u00e7\u00e3o. Entretanto, na imagem comemorativa, utilizaram foto de Ad\u00edlio, fato que irritou [&hellip;]\" \/>\n<meta property=\"og:url\" content=\"https:\/\/www.gaveanews.com\/index.php\/2019\/04\/21\/flamengo-comete-gafe-nas-redes-sociais-apaga-publicacao-e-irrita-torcedores-veja-reacoes\/\" \/>\n<meta property=\"og:site_name\" content=\"G\u00e1vea News\" \/>\n<meta property=\"article:publisher\" content=\"https:\/\/facebook.com\/gaveaNews\/\" \/>\n<meta property=\"article:published_time\" content=\"2019-04-21T23:36:37+00:00\" \/>\n<meta property=\"article:modified_time\" content=\"2019-04-21T23:36:40+00:00\" \/>\n<meta property=\"og:image\" content=\"https:\/\/www.gaveanews.com\/wp-content\/uploads\/2019\/03\/Entrada-do-Ninho-do-Urubu.webp\" \/>\n\t<meta property=\"og:image:width\" content=\"846\" \/>\n\t<meta property=\"og:image:height\" content=\"564\" \/>\n\t<meta property=\"og:image:type\" content=\"image\/jpeg\" \/>\n<meta name=\"author\" content=\"Equipe G\u00e1vea News\" \/>\n<meta name=\"twitter:card\" content=\"summary_large_image\" \/>\n<meta name=\"twitter:label1\" content=\"Escrito por\" \/>\n\t<meta name=\"twitter:data1\" content=\"Equipe G\u00e1vea News\" \/>\n\t<meta name=\"twitter:label2\" content=\"Est. tempo de leitura\" \/>\n\t<meta name=\"twitter:data2\" content=\"1 minuto\" \/>\n<script type=\"application\/ld+json\" class=\"yoast-schema-graph\">{\"@context\":\"https:\/\/schema.org\",\"@graph\":[{\"@type\":\"NewsArticle\",\"@id\":\"https:\/\/www.gaveanews.com\/index.php\/2019\/04\/21\/flamengo-comete-gafe-nas-redes-sociais-apaga-publicacao-e-irrita-torcedores-veja-reacoes\/#article\",\"isPartOf\":{\"@id\":\"https:\/\/www.gaveanews.com\/index.php\/2019\/04\/21\/flamengo-comete-gafe-nas-redes-sociais-apaga-publicacao-e-irrita-torcedores-veja-reacoes\/\"},\"author\":{\"name\":\"Equipe G\u00e1vea News\",\"@id\":\"https:\/\/www.gaveanews.com\/#\/schema\/person\/2ec14f73fb96be2caf28f91afb14749d\"},\"headline\":\"Flamengo comete gafe nas redes sociais, apaga publica\u00e7\u00e3o e irrita torcedores; veja rea\u00e7\u00f5es\",\"datePublished\":\"2019-04-21T23:36:37+00:00\",\"dateModified\":\"2019-04-21T23:36:40+00:00\",\"mainEntityOfPage\":{\"@id\":\"https:\/\/www.gaveanews.com\/index.php\/2019\/04\/21\/flamengo-comete-gafe-nas-redes-sociais-apaga-publicacao-e-irrita-torcedores-veja-reacoes\/\"},\"wordCount\":281,\"commentCount\":0,\"image\":{\"@id\":\"https:\/\/www.gaveanews.com\/index.php\/2019\/04\/21\/flamengo-comete-gafe-nas-redes-sociais-apaga-publicacao-e-irrita-torcedores-veja-reacoes\/#primaryimage\"},\"thumbnailUrl\":\"https:\/\/www.gaveanews.com\/wp-content\/uploads\/2019\/03\/Entrada-do-Ninho-do-Urubu.webp\",\"articleSection\":[\"Flamengo\"],\"inLanguage\":\"pt-BR\",\"potentialAction\":[{\"@type\":\"CommentAction\",\"name\":\"Comment\",\"target\":[\"https:\/\/www.gaveanews.com\/index.php\/2019\/04\/21\/flamengo-comete-gafe-nas-redes-sociais-apaga-publicacao-e-irrita-torcedores-veja-reacoes\/#respond\"]}],\"copyrightYear\":\"2019\",\"copyrightHolder\":{\"@id\":\"https:\/\/www.gaveanews.com\/#organization\"}},{\"@type\":\"WebPage\",\"@id\":\"https:\/\/www.gaveanews.com\/index.php\/2019\/04\/21\/flamengo-comete-gafe-nas-redes-sociais-apaga-publicacao-e-irrita-torcedores-veja-reacoes\/\",\"url\":\"https:\/\/www.gaveanews.com\/index.php\/2019\/04\/21\/flamengo-comete-gafe-nas-redes-sociais-apaga-publicacao-e-irrita-torcedores-veja-reacoes\/\",\"name\":\"Flamengo comete gafe nas redes sociais, apaga publica\u00e7\u00e3o e irrita torcedores; veja rea\u00e7\u00f5es\",\"isPartOf\":{\"@id\":\"https:\/\/www.gaveanews.com\/#website\"},\"primaryImageOfPage\":{\"@id\":\"https:\/\/www.gaveanews.com\/index.php\/2019\/04\/21\/flamengo-comete-gafe-nas-redes-sociais-apaga-publicacao-e-irrita-torcedores-veja-reacoes\/#primaryimage\"},\"image\":{\"@id\":\"https:\/\/www.gaveanews.com\/index.php\/2019\/04\/21\/flamengo-comete-gafe-nas-redes-sociais-apaga-publicacao-e-irrita-torcedores-veja-reacoes\/#primaryimage\"},\"thumbnailUrl\":\"https:\/\/www.gaveanews.com\/wp-content\/uploads\/2019\/03\/Entrada-do-Ninho-do-Urubu.webp\",\"datePublished\":\"2019-04-21T23:36:37+00:00\",\"dateModified\":\"2019-04-21T23:36:40+00:00\",\"author\":{\"@id\":\"https:\/\/www.gaveanews.com\/#\/schema\/person\/2ec14f73fb96be2caf28f91afb14749d\"},\"breadcrumb\":{\"@id\":\"https:\/\/www.gaveanews.com\/index.php\/2019\/04\/21\/flamengo-comete-gafe-nas-redes-sociais-apaga-publicacao-e-irrita-torcedores-veja-reacoes\/#breadcrumb\"},\"inLanguage\":\"pt-BR\",\"potentialAction\":[{\"@type\":\"ReadAction\",\"target\":[\"https:\/\/www.gaveanews.com\/index.php\/2019\/04\/21\/flamengo-comete-gafe-nas-redes-sociais-apaga-publicacao-e-irrita-torcedores-veja-reacoes\/\"]}]},{\"@type\":\"ImageObject\",\"inLanguage\":\"pt-BR\",\"@id\":\"https:\/\/www.gaveanews.com\/index.php\/2019\/04\/21\/flamengo-comete-gafe-nas-redes-sociais-apaga-publicacao-e-irrita-torcedores-veja-reacoes\/#primaryimage\",\"url\":\"https:\/\/www.gaveanews.com\/wp-content\/uploads\/2019\/03\/Entrada-do-Ninho-do-Urubu.webp\",\"contentUrl\":\"https:\/\/www.gaveanews.com\/wp-content\/uploads\/2019\/03\/Entrada-do-Ninho-do-Urubu.webp\",\"width\":846,\"height\":564,\"caption\":\"Entrada do Ninho do Urubu (Foto: Gilvan de Souza\/Flamengo)\"},{\"@type\":\"BreadcrumbList\",\"@id\":\"https:\/\/www.gaveanews.com\/index.php\/2019\/04\/21\/flamengo-comete-gafe-nas-redes-sociais-apaga-publicacao-e-irrita-torcedores-veja-reacoes\/#breadcrumb\",\"itemListElement\":[{\"@type\":\"ListItem\",\"position\":1,\"name\":\"Home\",\"item\":\"https:\/\/www.gaveanews.com\/\"},{\"@type\":\"ListItem\",\"position\":2,\"name\":\"Flamengo comete gafe nas redes sociais, apaga publica\u00e7\u00e3o e irrita torcedores; veja rea\u00e7\u00f5es\"}]},{\"@type\":\"WebSite\",\"@id\":\"https:\/\/www.gaveanews.com\/#website\",\"url\":\"https:\/\/www.gaveanews.com\/\",\"name\":\"G\u00e1vea News\",\"description\":\"Veja todas as not\u00edcias sobre o Flamengo: Contrata\u00e7\u00f5es, categorias de base, resultados das partidas, tabela de classifica\u00e7\u00e3o, pr\u00f3ximos jogos!\",\"potentialAction\":[{\"@type\":\"SearchAction\",\"target\":{\"@type\":\"EntryPoint\",\"urlTemplate\":\"https:\/\/www.gaveanews.com\/?s={search_term_string}\"},\"query-input\":{\"@type\":\"PropertyValueSpecification\",\"valueRequired\":true,\"valueName\":\"search_term_string\"}}],\"inLanguage\":\"pt-BR\"},{\"@type\":\"Person\",\"@id\":\"https:\/\/www.gaveanews.com\/#\/schema\/person\/2ec14f73fb96be2caf28f91afb14749d\",\"name\":\"Equipe G\u00e1vea News\",\"image\":{\"@type\":\"ImageObject\",\"inLanguage\":\"pt-BR\",\"@id\":\"https:\/\/www.gaveanews.com\/#\/schema\/person\/image\/\",\"url\":\"https:\/\/secure.gravatar.com\/avatar\/1e1956f1facbffd3f8fa53a326721950116b3b9dc9bd44939c01180fd4a745a9?s=96&d=mm&r=g\",\"contentUrl\":\"https:\/\/secure.gravatar.com\/avatar\/1e1956f1facbffd3f8fa53a326721950116b3b9dc9bd44939c01180fd4a745a9?s=96&d=mm&r=g\",\"caption\":\"Equipe G\u00e1vea News\"}}]}<\/script>\n<!-- \/ Yoast SEO Premium plugin. -->","yoast_head_json":{"title":"Flamengo comete gafe nas redes sociais, apaga publica\u00e7\u00e3o e irrita torcedores; veja rea\u00e7\u00f5es","robots":{"index":"index","follow":"follow","max-snippet":"max-snippet:-1","max-image-preview":"max-image-preview:large","max-video-preview":"max-video-preview:-1"},"canonical":"https:\/\/www.gaveanews.com\/index.php\/2019\/04\/21\/flamengo-comete-gafe-nas-redes-sociais-apaga-publicacao-e-irrita-torcedores-veja-reacoes\/","og_locale":"pt_BR","og_type":"article","og_title":"Flamengo comete gafe nas redes sociais, apaga publica\u00e7\u00e3o e irrita torcedores; veja rea\u00e7\u00f5es","og_description":"O Flamengo tem o costume de, atrav\u00e9s de suas redes sociais, sempre parabenizar os atletas e \u00eddolos em seus respectivos anivers\u00e1rios. Neste domingo (21 de abril), Andrade \u00e9 quem completa mais um ano de vida, e o clube da G\u00e1vea fez a tradicional felicita\u00e7\u00e3o. Entretanto, na imagem comemorativa, utilizaram foto de Ad\u00edlio, fato que irritou [&hellip;]","og_url":"https:\/\/www.gaveanews.com\/index.php\/2019\/04\/21\/flamengo-comete-gafe-nas-redes-sociais-apaga-publicacao-e-irrita-torcedores-veja-reacoes\/","og_site_name":"G\u00e1vea News","article_publisher":"https:\/\/facebook.com\/gaveaNews\/","article_published_time":"2019-04-21T23:36:37+00:00","article_modified_time":"2019-04-21T23:36:40+00:00","og_image":[{"width":846,"height":564,"url":"https:\/\/www.gaveanews.com\/wp-content\/uploads\/2019\/03\/Entrada-do-Ninho-do-Urubu.webp","type":"image\/jpeg"}],"author":"Equipe G\u00e1vea News","twitter_card":"summary_large_image","twitter_misc":{"Escrito por":"Equipe G\u00e1vea News","Est. tempo de leitura":"1 minuto"},"schema":{"@context":"https:\/\/schema.org","@graph":[{"@type":"NewsArticle","@id":"https:\/\/www.gaveanews.com\/index.php\/2019\/04\/21\/flamengo-comete-gafe-nas-redes-sociais-apaga-publicacao-e-irrita-torcedores-veja-reacoes\/#article","isPartOf":{"@id":"https:\/\/www.gaveanews.com\/index.php\/2019\/04\/21\/flamengo-comete-gafe-nas-redes-sociais-apaga-publicacao-e-irrita-torcedores-veja-reacoes\/"},"author":{"name":"Equipe G\u00e1vea News","@id":"https:\/\/www.gaveanews.com\/#\/schema\/person\/2ec14f73fb96be2caf28f91afb14749d"},"headline":"Flamengo comete gafe nas redes sociais, apaga publica\u00e7\u00e3o e irrita torcedores; veja rea\u00e7\u00f5es","datePublished":"2019-04-21T23:36:37+00:00","dateModified":"2019-04-21T23:36:40+00:00","mainEntityOfPage":{"@id":"https:\/\/www.gaveanews.com\/index.php\/2019\/04\/21\/flamengo-comete-gafe-nas-redes-sociais-apaga-publicacao-e-irrita-torcedores-veja-reacoes\/"},"wordCount":281,"commentCount":0,"image":{"@id":"https:\/\/www.gaveanews.com\/index.php\/2019\/04\/21\/flamengo-comete-gafe-nas-redes-sociais-apaga-publicacao-e-irrita-torcedores-veja-reacoes\/#primaryimage"},"thumbnailUrl":"https:\/\/www.gaveanews.com\/wp-content\/uploads\/2019\/03\/Entrada-do-Ninho-do-Urubu.webp","articleSection":["Flamengo"],"inLanguage":"pt-BR","potentialAction":[{"@type":"CommentAction","name":"Comment","target":["https:\/\/www.gaveanews.com\/index.php\/2019\/04\/21\/flamengo-comete-gafe-nas-redes-sociais-apaga-publicacao-e-irrita-torcedores-veja-reacoes\/#respond"]}],"copyrightYear":"2019","copyrightHolder":{"@id":"https:\/\/www.gaveanews.com\/#organization"}},{"@type":"WebPage","@id":"https:\/\/www.gaveanews.com\/index.php\/2019\/04\/21\/flamengo-comete-gafe-nas-redes-sociais-apaga-publicacao-e-irrita-torcedores-veja-reacoes\/","url":"https:\/\/www.gaveanews.com\/index.php\/2019\/04\/21\/flamengo-comete-gafe-nas-redes-sociais-apaga-publicacao-e-irrita-torcedores-veja-reacoes\/","name":"Flamengo comete gafe nas redes sociais, apaga publica\u00e7\u00e3o e irrita torcedores; veja rea\u00e7\u00f5es","isPartOf":{"@id":"https:\/\/www.gaveanews.com\/#website"},"primaryImageOfPage":{"@id":"https:\/\/www.gaveanews.com\/index.php\/2019\/04\/21\/flamengo-comete-gafe-nas-redes-sociais-apaga-publicacao-e-irrita-torcedores-veja-reacoes\/#primaryimage"},"image":{"@id":"https:\/\/www.gaveanews.com\/index.php\/2019\/04\/21\/flamengo-comete-gafe-nas-redes-sociais-apaga-publicacao-e-irrita-torcedores-veja-reacoes\/#primaryimage"},"thumbnailUrl":"https:\/\/www.gaveanews.com\/wp-content\/uploads\/2019\/03\/Entrada-do-Ninho-do-Urubu.webp","datePublished":"2019-04-21T23:36:37+00:00","dateModified":"2019-04-21T23:36:40+00:00","author":{"@id":"https:\/\/www.gaveanews.com\/#\/schema\/person\/2ec14f73fb96be2caf28f91afb14749d"},"breadcrumb":{"@id":"https:\/\/www.gaveanews.com\/index.php\/2019\/04\/21\/flamengo-comete-gafe-nas-redes-sociais-apaga-publicacao-e-irrita-torcedores-veja-reacoes\/#breadcrumb"},"inLanguage":"pt-BR","potentialAction":[{"@type":"ReadAction","target":["https:\/\/www.gaveanews.com\/index.php\/2019\/04\/21\/flamengo-comete-gafe-nas-redes-sociais-apaga-publicacao-e-irrita-torcedores-veja-reacoes\/"]}]},{"@type":"ImageObject","inLanguage":"pt-BR","@id":"https:\/\/www.gaveanews.com\/index.php\/2019\/04\/21\/flamengo-comete-gafe-nas-redes-sociais-apaga-publicacao-e-irrita-torcedores-veja-reacoes\/#primaryimage","url":"https:\/\/www.gaveanews.com\/wp-content\/uploads\/2019\/03\/Entrada-do-Ninho-do-Urubu.webp","contentUrl":"https:\/\/www.gaveanews.com\/wp-content\/uploads\/2019\/03\/Entrada-do-Ninho-do-Urubu.webp","width":846,"height":564,"caption":"Entrada do Ninho do Urubu (Foto: Gilvan de Souza\/Flamengo)"},{"@type":"BreadcrumbList","@id":"https:\/\/www.gaveanews.com\/index.php\/2019\/04\/21\/flamengo-comete-gafe-nas-redes-sociais-apaga-publicacao-e-irrita-torcedores-veja-reacoes\/#breadcrumb","itemListElement":[{"@type":"ListItem","position":1,"name":"Home","item":"https:\/\/www.gaveanews.com\/"},{"@type":"ListItem","position":2,"name":"Flamengo comete gafe nas redes sociais, apaga publica\u00e7\u00e3o e irrita torcedores; veja rea\u00e7\u00f5es"}]},{"@type":"WebSite","@id":"https:\/\/www.gaveanews.com\/#website","url":"https:\/\/www.gaveanews.com\/","name":"G\u00e1vea News","description":"Veja todas as not\u00edcias sobre o Flamengo: Contrata\u00e7\u00f5es, categorias de base, resultados das partidas, tabela de classifica\u00e7\u00e3o, pr\u00f3ximos jogos!","potentialAction":[{"@type":"SearchAction","target":{"@type":"EntryPoint","urlTemplate":"https:\/\/www.gaveanews.com\/?s={search_term_string}"},"query-input":{"@type":"PropertyValueSpecification","valueRequired":true,"valueName":"search_term_string"}}],"inLanguage":"pt-BR"},{"@type":"Person","@id":"https:\/\/www.gaveanews.com\/#\/schema\/person\/2ec14f73fb96be2caf28f91afb14749d","name":"Equipe G\u00e1vea News","image":{"@type":"ImageObject","inLanguage":"pt-BR","@id":"https:\/\/www.gaveanews.com\/#\/schema\/person\/image\/","url":"https:\/\/secure.gravatar.com\/avatar\/1e1956f1facbffd3f8fa53a326721950116b3b9dc9bd44939c01180fd4a745a9?s=96&d=mm&r=g","contentUrl":"https:\/\/secure.gravatar.com\/avatar\/1e1956f1facbffd3f8fa53a326721950116b3b9dc9bd44939c01180fd4a745a9?s=96&d=mm&r=g","caption":"Equipe G\u00e1vea News"}}]}},"_links":{"self":[{"href":"https:\/\/www.gaveanews.com\/index.php\/wp-json\/wp\/v2\/posts\/17989","targetHints":{"allow":["GET"]}}],"collection":[{"href":"https:\/\/www.gaveanews.com\/index.php\/wp-json\/wp\/v2\/posts"}],"about":[{"href":"https:\/\/www.gaveanews.com\/index.php\/wp-json\/wp\/v2\/types\/post"}],"author":[{"embeddable":true,"href":"https:\/\/www.gaveanews.com\/index.php\/wp-json\/wp\/v2\/users\/1"}],"replies":[{"embeddable":true,"href":"https:\/\/www.gaveanews.com\/index.php\/wp-json\/wp\/v2\/comments?post=17989"}],"version-history":[{"count":0,"href":"https:\/\/www.gaveanews.com\/index.php\/wp-json\/wp\/v2\/posts\/17989\/revisions"}],"wp:featuredmedia":[{"embeddable":true,"href":"https:\/\/www.gaveanews.com\/index.php\/wp-json\/wp\/v2\/media\/15184"}],"wp:attachment":[{"href":"https:\/\/www.gaveanews.com\/index.php\/wp-json\/wp\/v2\/media?parent=17989"}],"wp:term":[{"taxonomy":"category","embeddable":true,"href":"https:\/\/www.gaveanews.com\/index.php\/wp-json\/wp\/v2\/categories?post=17989"},{"taxonomy":"post_tag","embeddable":true,"href":"https:\/\/www.gaveanews.com\/index.php\/wp-json\/wp\/v2\/tags?post=17989"}],"curies":[{"name":"wp","href":"https:\/\/api.w.org\/{rel}","templated":true}]}}