{"id":180356,"date":"2024-11-02T03:30:00","date_gmt":"2024-11-02T06:30:00","guid":{"rendered":"https:\/\/www.gaveanews.com\/?p=180356"},"modified":"2024-11-01T18:46:05","modified_gmt":"2024-11-01T21:46:05","slug":"filipe-luis-tem-varias-duvidas-para-a-final-entre-flamengo-x-atletico-mg","status":"publish","type":"post","link":"https:\/\/www.gaveanews.com\/index.php\/2024\/11\/02\/filipe-luis-tem-varias-duvidas-para-a-final-entre-flamengo-x-atletico-mg\/","title":{"rendered":"Filipe Lu\u00eds tem v\u00e1rias d\u00favidas para a final entre Flamengo x Atl\u00e9tico-MG"},"content":{"rendered":"\n<h2 class=\"wp-block-heading\" id=\"h-tecnico-esta-com-algumas-duvidas-sobre-a-escalacao\">T\u00e9cnico est\u00e1 com algumas d\u00favidas sobre a escala\u00e7\u00e3o<\/h2>\n\n\n\n<p>Durante a primeira partida da final da Copa do Brasil contra o Atl\u00e9tico-MG, o Flamengo n\u00e3o contar\u00e1 com Erick Pulgar e Bruno Henrique, que est\u00e3o suspensos. Portanto, o treinador Filipe Lu\u00eds come\u00e7a a considerar op\u00e7\u00f5es para a equipe rubro-negra, uma das quais seria a forma\u00e7\u00e3o de um trio de meio-campo composto por Evertton Ara\u00fajo, Alcaraz e Arrascaeta. Michael seria o substituto de Bruno Henrique no ataque.<\/p>\n\n\n\n<ul class=\"wp-block-list\">\n<li><a href=\"https:\/\/www.gaveanews.com\/index.php\/2024\/11\/01\/atletico-mg-x-flamengo-neto-crava-campeao-da-copa-do-brasil\/\">Atl\u00e9tico-MG x Flamengo: Neto crava campe\u00e3o da Copa do Brasil<\/a><\/li>\n\n\n\n<li><a href=\"https:\/\/www.gaveanews.com\/index.php\/2024\/11\/01\/atletico-mg-toma-atitude-nos-bastidores-antes-da-final-da-copa-do-brasil\/\">Atl\u00e9tico-MG toma atitude nos bastidores antes da final da Copa do Brasil<br><\/a><\/li>\n<\/ul>\n\n\n\n<p>No entanto, tamb\u00e9m h\u00e1 a op\u00e7\u00e3o do defensor L\u00e9o Ortiz atuar como meio-campista no lugar do argentino Alcaraz, formando dupla com Ara\u00fajo. Filipe Lu\u00eds tem at\u00e9 s\u00e1bado para tomar a decis\u00e3o e escalar o Flamengo para a decis\u00e3o.<\/p>\n\n\n\n<h2 class=\"wp-block-heading\" id=\"h-veja-duvidas-na-escalacao-do-flamengo\">VEJA D\u00daVIDAS NA ESCALA\u00c7\u00c3O DO FLAMENGO<\/h2>\n\n\n\n<ul class=\"wp-block-list\">\n<li><strong>Lateral direito:<\/strong>\u00a0Wesley ou Varela<\/li>\n\n\n\n<li><strong>Lateral esquerdo:<\/strong>\u00a0Alex Sandro ou Ayrton Lucas<\/li>\n\n\n\n<li><strong>Primeiro volante:<\/strong>\u00a0Evertton Ara\u00fajo ou Allan<\/li>\n\n\n\n<li><strong>Segundo volante:<\/strong>\u00a0Alcaraz ou L\u00e9o Ortiz<\/li>\n\n\n\n<li><strong>Ponta esquerda:<\/strong>\u00a0Plata ou Michael<\/li>\n\n\n\n<li><strong>Centroavante:<\/strong>\u00a0Gabigol ou Plata<\/li>\n<\/ul>\n\n\n\n<p>A decis\u00e3o da Copa do Brasil ser\u00e1 disputada neste domingo (3), \u00e0s 16h (hor\u00e1rio de Bras\u00edlia), no est\u00e1dio do Maracan\u00e3. A segunda partida est\u00e1 agendada para o dia 10, no mesmo hor\u00e1rio, na Arena MRV. O Flamengo est\u00e1 em busca do pentacampeonato, enquanto o Atl\u00e9tico almeja o bicampeonato da competi\u00e7\u00e3o.<\/p>\n\n\n\n<p>A presen\u00e7a de Arrascaeta na forma\u00e7\u00e3o do Flamengo \u00e9 a \u00fanica certeza no meio de campo. Isso se deve ao fato de que Pulgar e De La Cruz criam espa\u00e7o para dois volantes ambos est\u00e3o fora do duelo. Assim, a dupla pode ser formada: Evertton e Alcaraz (dupla com mais chances), Evertton e L\u00e9o Ortiz, Allan e Alcaraz, Allan e L\u00e9o Ortiz, L\u00e9o Ortiz e Alcaraz ou Evertton e Allan.<\/p>\n\n\n\n<p>No ataque, com Bruno Henrique suspenso, Michael \u00e9 o principal candidato a ser titular. No entanto, Plata tamb\u00e9m pode ser considerado para essa posi\u00e7\u00e3o. Quanto ao centroavante, Gabigol deve iniciar o jogo, mas h\u00e1 possibilidades de Filipe Lu\u00eds escolher colocar o equatoriano nessa fun\u00e7\u00e3o.<\/p>\n","protected":false},"excerpt":{"rendered":"<p>T\u00e9cnico est\u00e1 com algumas d\u00favidas sobre a escala\u00e7\u00e3o Durante a primeira partida da final da Copa do Brasil contra o Atl\u00e9tico-MG, o Flamengo n\u00e3o contar\u00e1 com Erick Pulgar e Bruno Henrique, que est\u00e3o suspensos. Portanto, o treinador Filipe Lu\u00eds come\u00e7a a considerar op\u00e7\u00f5es para a equipe rubro-negra, uma das quais seria a forma\u00e7\u00e3o de um [&hellip;]<\/p>\n","protected":false},"author":16,"featured_media":171213,"comment_status":"open","ping_status":"closed","sticky":false,"template":"","format":"standard","meta":{"footnotes":""},"categories":[1],"tags":[],"class_list":["post-180356","post","type-post","status-publish","format-standard","has-post-thumbnail","hentry","category-flamengo"],"yoast_head":"<!-- This site is optimized with the Yoast SEO Premium plugin v24.2 (Yoast SEO v26.9) - https:\/\/yoast.com\/product\/yoast-seo-premium-wordpress\/ -->\n<title>Filipe Lu\u00eds tem v\u00e1rias d\u00favidas para a final entre Flamengo x Atl\u00e9tico-MG<\/title>\n<meta name=\"robots\" content=\"index, follow, max-snippet:-1, max-image-preview:large, max-video-preview:-1\" \/>\n<link rel=\"canonical\" href=\"https:\/\/www.gaveanews.com\/index.php\/2024\/11\/02\/filipe-luis-tem-varias-duvidas-para-a-final-entre-flamengo-x-atletico-mg\/\" \/>\n<meta property=\"og:locale\" content=\"pt_BR\" \/>\n<meta property=\"og:type\" content=\"article\" \/>\n<meta property=\"og:title\" content=\"Filipe Lu\u00eds tem v\u00e1rias d\u00favidas para a final entre Flamengo x Atl\u00e9tico-MG\" \/>\n<meta property=\"og:description\" content=\"T\u00e9cnico est\u00e1 com algumas d\u00favidas sobre a escala\u00e7\u00e3o Durante a primeira partida da final da Copa do Brasil contra o Atl\u00e9tico-MG, o Flamengo n\u00e3o contar\u00e1 com Erick Pulgar e Bruno Henrique, que est\u00e3o suspensos. Portanto, o treinador Filipe Lu\u00eds come\u00e7a a considerar op\u00e7\u00f5es para a equipe rubro-negra, uma das quais seria a forma\u00e7\u00e3o de um [&hellip;]\" \/>\n<meta property=\"og:url\" content=\"https:\/\/www.gaveanews.com\/index.php\/2024\/11\/02\/filipe-luis-tem-varias-duvidas-para-a-final-entre-flamengo-x-atletico-mg\/\" \/>\n<meta property=\"og:site_name\" content=\"G\u00e1vea News\" \/>\n<meta property=\"article:publisher\" content=\"https:\/\/facebook.com\/gaveaNews\/\" \/>\n<meta property=\"article:published_time\" content=\"2024-11-02T06:30:00+00:00\" \/>\n<meta property=\"og:image\" content=\"https:\/\/www.gaveanews.com\/wp-content\/uploads\/Filipe-Luis-como-tecnico-do-Flamengo-em-2024.webp\" \/>\n\t<meta property=\"og:image:width\" content=\"1065\" \/>\n\t<meta property=\"og:image:height\" content=\"710\" \/>\n\t<meta property=\"og:image:type\" content=\"image\/webp\" \/>\n<meta name=\"author\" content=\"D\u00e9bora Figueiredo\" \/>\n<meta name=\"twitter:card\" content=\"summary_large_image\" \/>\n<meta name=\"twitter:label1\" content=\"Escrito por\" \/>\n\t<meta name=\"twitter:data1\" content=\"D\u00e9bora Figueiredo\" \/>\n\t<meta name=\"twitter:label2\" content=\"Est. tempo de leitura\" \/>\n\t<meta name=\"twitter:data2\" content=\"3 minutos\" \/>\n<script type=\"application\/ld+json\" class=\"yoast-schema-graph\">{\"@context\":\"https:\/\/schema.org\",\"@graph\":[{\"@type\":\"NewsArticle\",\"@id\":\"https:\/\/www.gaveanews.com\/index.php\/2024\/11\/02\/filipe-luis-tem-varias-duvidas-para-a-final-entre-flamengo-x-atletico-mg\/#article\",\"isPartOf\":{\"@id\":\"https:\/\/www.gaveanews.com\/index.php\/2024\/11\/02\/filipe-luis-tem-varias-duvidas-para-a-final-entre-flamengo-x-atletico-mg\/\"},\"author\":{\"name\":\"D\u00e9bora Figueiredo\",\"@id\":\"https:\/\/www.gaveanews.com\/#\/schema\/person\/37122681a8575a5c8db05a56f099a5e4\"},\"headline\":\"Filipe Lu\u00eds tem v\u00e1rias d\u00favidas para a final entre Flamengo x Atl\u00e9tico-MG\",\"datePublished\":\"2024-11-02T06:30:00+00:00\",\"mainEntityOfPage\":{\"@id\":\"https:\/\/www.gaveanews.com\/index.php\/2024\/11\/02\/filipe-luis-tem-varias-duvidas-para-a-final-entre-flamengo-x-atletico-mg\/\"},\"wordCount\":393,\"commentCount\":0,\"image\":{\"@id\":\"https:\/\/www.gaveanews.com\/index.php\/2024\/11\/02\/filipe-luis-tem-varias-duvidas-para-a-final-entre-flamengo-x-atletico-mg\/#primaryimage\"},\"thumbnailUrl\":\"https:\/\/www.gaveanews.com\/wp-content\/uploads\/Filipe-Luis-como-tecnico-do-Flamengo-em-2024.webp\",\"articleSection\":[\"Flamengo\"],\"inLanguage\":\"pt-BR\",\"potentialAction\":[{\"@type\":\"CommentAction\",\"name\":\"Comment\",\"target\":[\"https:\/\/www.gaveanews.com\/index.php\/2024\/11\/02\/filipe-luis-tem-varias-duvidas-para-a-final-entre-flamengo-x-atletico-mg\/#respond\"]}],\"copyrightYear\":\"2024\",\"copyrightHolder\":{\"@id\":\"https:\/\/www.gaveanews.com\/#organization\"}},{\"@type\":\"WebPage\",\"@id\":\"https:\/\/www.gaveanews.com\/index.php\/2024\/11\/02\/filipe-luis-tem-varias-duvidas-para-a-final-entre-flamengo-x-atletico-mg\/\",\"url\":\"https:\/\/www.gaveanews.com\/index.php\/2024\/11\/02\/filipe-luis-tem-varias-duvidas-para-a-final-entre-flamengo-x-atletico-mg\/\",\"name\":\"Filipe Lu\u00eds tem v\u00e1rias d\u00favidas para a final entre Flamengo x Atl\u00e9tico-MG\",\"isPartOf\":{\"@id\":\"https:\/\/www.gaveanews.com\/#website\"},\"primaryImageOfPage\":{\"@id\":\"https:\/\/www.gaveanews.com\/index.php\/2024\/11\/02\/filipe-luis-tem-varias-duvidas-para-a-final-entre-flamengo-x-atletico-mg\/#primaryimage\"},\"image\":{\"@id\":\"https:\/\/www.gaveanews.com\/index.php\/2024\/11\/02\/filipe-luis-tem-varias-duvidas-para-a-final-entre-flamengo-x-atletico-mg\/#primaryimage\"},\"thumbnailUrl\":\"https:\/\/www.gaveanews.com\/wp-content\/uploads\/Filipe-Luis-como-tecnico-do-Flamengo-em-2024.webp\",\"datePublished\":\"2024-11-02T06:30:00+00:00\",\"author\":{\"@id\":\"https:\/\/www.gaveanews.com\/#\/schema\/person\/37122681a8575a5c8db05a56f099a5e4\"},\"breadcrumb\":{\"@id\":\"https:\/\/www.gaveanews.com\/index.php\/2024\/11\/02\/filipe-luis-tem-varias-duvidas-para-a-final-entre-flamengo-x-atletico-mg\/#breadcrumb\"},\"inLanguage\":\"pt-BR\",\"potentialAction\":[{\"@type\":\"ReadAction\",\"target\":[\"https:\/\/www.gaveanews.com\/index.php\/2024\/11\/02\/filipe-luis-tem-varias-duvidas-para-a-final-entre-flamengo-x-atletico-mg\/\"]}]},{\"@type\":\"ImageObject\",\"inLanguage\":\"pt-BR\",\"@id\":\"https:\/\/www.gaveanews.com\/index.php\/2024\/11\/02\/filipe-luis-tem-varias-duvidas-para-a-final-entre-flamengo-x-atletico-mg\/#primaryimage\",\"url\":\"https:\/\/www.gaveanews.com\/wp-content\/uploads\/Filipe-Luis-como-tecnico-do-Flamengo-em-2024.webp\",\"contentUrl\":\"https:\/\/www.gaveanews.com\/wp-content\/uploads\/Filipe-Luis-como-tecnico-do-Flamengo-em-2024.webp\",\"width\":1065,\"height\":710,\"caption\":\"Filipe Lu\u00eds como t\u00e9cnico do Flamengo em (Foto: Gilvan de Souza e Marcelo Cortes \/ CRF)\"},{\"@type\":\"BreadcrumbList\",\"@id\":\"https:\/\/www.gaveanews.com\/index.php\/2024\/11\/02\/filipe-luis-tem-varias-duvidas-para-a-final-entre-flamengo-x-atletico-mg\/#breadcrumb\",\"itemListElement\":[{\"@type\":\"ListItem\",\"position\":1,\"name\":\"Home\",\"item\":\"https:\/\/www.gaveanews.com\/\"},{\"@type\":\"ListItem\",\"position\":2,\"name\":\"Filipe Lu\u00eds tem v\u00e1rias d\u00favidas para a final entre Flamengo x Atl\u00e9tico-MG\"}]},{\"@type\":\"WebSite\",\"@id\":\"https:\/\/www.gaveanews.com\/#website\",\"url\":\"https:\/\/www.gaveanews.com\/\",\"name\":\"G\u00e1vea News\",\"description\":\"Veja todas as not\u00edcias sobre o Flamengo: Contrata\u00e7\u00f5es, categorias de base, resultados das partidas, tabela de classifica\u00e7\u00e3o, pr\u00f3ximos jogos!\",\"potentialAction\":[{\"@type\":\"SearchAction\",\"target\":{\"@type\":\"EntryPoint\",\"urlTemplate\":\"https:\/\/www.gaveanews.com\/?s={search_term_string}\"},\"query-input\":{\"@type\":\"PropertyValueSpecification\",\"valueRequired\":true,\"valueName\":\"search_term_string\"}}],\"inLanguage\":\"pt-BR\"},{\"@type\":\"Person\",\"@id\":\"https:\/\/www.gaveanews.com\/#\/schema\/person\/37122681a8575a5c8db05a56f099a5e4\",\"name\":\"D\u00e9bora Figueiredo\",\"image\":{\"@type\":\"ImageObject\",\"inLanguage\":\"pt-BR\",\"@id\":\"https:\/\/www.gaveanews.com\/#\/schema\/person\/image\/\",\"url\":\"https:\/\/secure.gravatar.com\/avatar\/1f44802859351588499d26f52aed1d15796ce17e67602895b72837c08018868d?s=96&d=mm&r=g\",\"contentUrl\":\"https:\/\/secure.gravatar.com\/avatar\/1f44802859351588499d26f52aed1d15796ce17e67602895b72837c08018868d?s=96&d=mm&r=g\",\"caption\":\"D\u00e9bora Figueiredo\"}}]}<\/script>\n<!-- \/ Yoast SEO Premium plugin. -->","yoast_head_json":{"title":"Filipe Lu\u00eds tem v\u00e1rias d\u00favidas para a final entre Flamengo x Atl\u00e9tico-MG","robots":{"index":"index","follow":"follow","max-snippet":"max-snippet:-1","max-image-preview":"max-image-preview:large","max-video-preview":"max-video-preview:-1"},"canonical":"https:\/\/www.gaveanews.com\/index.php\/2024\/11\/02\/filipe-luis-tem-varias-duvidas-para-a-final-entre-flamengo-x-atletico-mg\/","og_locale":"pt_BR","og_type":"article","og_title":"Filipe Lu\u00eds tem v\u00e1rias d\u00favidas para a final entre Flamengo x Atl\u00e9tico-MG","og_description":"T\u00e9cnico est\u00e1 com algumas d\u00favidas sobre a escala\u00e7\u00e3o Durante a primeira partida da final da Copa do Brasil contra o Atl\u00e9tico-MG, o Flamengo n\u00e3o contar\u00e1 com Erick Pulgar e Bruno Henrique, que est\u00e3o suspensos. Portanto, o treinador Filipe Lu\u00eds come\u00e7a a considerar op\u00e7\u00f5es para a equipe rubro-negra, uma das quais seria a forma\u00e7\u00e3o de um [&hellip;]","og_url":"https:\/\/www.gaveanews.com\/index.php\/2024\/11\/02\/filipe-luis-tem-varias-duvidas-para-a-final-entre-flamengo-x-atletico-mg\/","og_site_name":"G\u00e1vea News","article_publisher":"https:\/\/facebook.com\/gaveaNews\/","article_published_time":"2024-11-02T06:30:00+00:00","og_image":[{"width":1065,"height":710,"url":"https:\/\/www.gaveanews.com\/wp-content\/uploads\/Filipe-Luis-como-tecnico-do-Flamengo-em-2024.webp","type":"image\/webp"}],"author":"D\u00e9bora Figueiredo","twitter_card":"summary_large_image","twitter_misc":{"Escrito por":"D\u00e9bora Figueiredo","Est. tempo de leitura":"3 minutos"},"schema":{"@context":"https:\/\/schema.org","@graph":[{"@type":"NewsArticle","@id":"https:\/\/www.gaveanews.com\/index.php\/2024\/11\/02\/filipe-luis-tem-varias-duvidas-para-a-final-entre-flamengo-x-atletico-mg\/#article","isPartOf":{"@id":"https:\/\/www.gaveanews.com\/index.php\/2024\/11\/02\/filipe-luis-tem-varias-duvidas-para-a-final-entre-flamengo-x-atletico-mg\/"},"author":{"name":"D\u00e9bora Figueiredo","@id":"https:\/\/www.gaveanews.com\/#\/schema\/person\/37122681a8575a5c8db05a56f099a5e4"},"headline":"Filipe Lu\u00eds tem v\u00e1rias d\u00favidas para a final entre Flamengo x Atl\u00e9tico-MG","datePublished":"2024-11-02T06:30:00+00:00","mainEntityOfPage":{"@id":"https:\/\/www.gaveanews.com\/index.php\/2024\/11\/02\/filipe-luis-tem-varias-duvidas-para-a-final-entre-flamengo-x-atletico-mg\/"},"wordCount":393,"commentCount":0,"image":{"@id":"https:\/\/www.gaveanews.com\/index.php\/2024\/11\/02\/filipe-luis-tem-varias-duvidas-para-a-final-entre-flamengo-x-atletico-mg\/#primaryimage"},"thumbnailUrl":"https:\/\/www.gaveanews.com\/wp-content\/uploads\/Filipe-Luis-como-tecnico-do-Flamengo-em-2024.webp","articleSection":["Flamengo"],"inLanguage":"pt-BR","potentialAction":[{"@type":"CommentAction","name":"Comment","target":["https:\/\/www.gaveanews.com\/index.php\/2024\/11\/02\/filipe-luis-tem-varias-duvidas-para-a-final-entre-flamengo-x-atletico-mg\/#respond"]}],"copyrightYear":"2024","copyrightHolder":{"@id":"https:\/\/www.gaveanews.com\/#organization"}},{"@type":"WebPage","@id":"https:\/\/www.gaveanews.com\/index.php\/2024\/11\/02\/filipe-luis-tem-varias-duvidas-para-a-final-entre-flamengo-x-atletico-mg\/","url":"https:\/\/www.gaveanews.com\/index.php\/2024\/11\/02\/filipe-luis-tem-varias-duvidas-para-a-final-entre-flamengo-x-atletico-mg\/","name":"Filipe Lu\u00eds tem v\u00e1rias d\u00favidas para a final entre Flamengo x Atl\u00e9tico-MG","isPartOf":{"@id":"https:\/\/www.gaveanews.com\/#website"},"primaryImageOfPage":{"@id":"https:\/\/www.gaveanews.com\/index.php\/2024\/11\/02\/filipe-luis-tem-varias-duvidas-para-a-final-entre-flamengo-x-atletico-mg\/#primaryimage"},"image":{"@id":"https:\/\/www.gaveanews.com\/index.php\/2024\/11\/02\/filipe-luis-tem-varias-duvidas-para-a-final-entre-flamengo-x-atletico-mg\/#primaryimage"},"thumbnailUrl":"https:\/\/www.gaveanews.com\/wp-content\/uploads\/Filipe-Luis-como-tecnico-do-Flamengo-em-2024.webp","datePublished":"2024-11-02T06:30:00+00:00","author":{"@id":"https:\/\/www.gaveanews.com\/#\/schema\/person\/37122681a8575a5c8db05a56f099a5e4"},"breadcrumb":{"@id":"https:\/\/www.gaveanews.com\/index.php\/2024\/11\/02\/filipe-luis-tem-varias-duvidas-para-a-final-entre-flamengo-x-atletico-mg\/#breadcrumb"},"inLanguage":"pt-BR","potentialAction":[{"@type":"ReadAction","target":["https:\/\/www.gaveanews.com\/index.php\/2024\/11\/02\/filipe-luis-tem-varias-duvidas-para-a-final-entre-flamengo-x-atletico-mg\/"]}]},{"@type":"ImageObject","inLanguage":"pt-BR","@id":"https:\/\/www.gaveanews.com\/index.php\/2024\/11\/02\/filipe-luis-tem-varias-duvidas-para-a-final-entre-flamengo-x-atletico-mg\/#primaryimage","url":"https:\/\/www.gaveanews.com\/wp-content\/uploads\/Filipe-Luis-como-tecnico-do-Flamengo-em-2024.webp","contentUrl":"https:\/\/www.gaveanews.com\/wp-content\/uploads\/Filipe-Luis-como-tecnico-do-Flamengo-em-2024.webp","width":1065,"height":710,"caption":"Filipe Lu\u00eds como t\u00e9cnico do Flamengo em (Foto: Gilvan de Souza e Marcelo Cortes \/ CRF)"},{"@type":"BreadcrumbList","@id":"https:\/\/www.gaveanews.com\/index.php\/2024\/11\/02\/filipe-luis-tem-varias-duvidas-para-a-final-entre-flamengo-x-atletico-mg\/#breadcrumb","itemListElement":[{"@type":"ListItem","position":1,"name":"Home","item":"https:\/\/www.gaveanews.com\/"},{"@type":"ListItem","position":2,"name":"Filipe Lu\u00eds tem v\u00e1rias d\u00favidas para a final entre Flamengo x Atl\u00e9tico-MG"}]},{"@type":"WebSite","@id":"https:\/\/www.gaveanews.com\/#website","url":"https:\/\/www.gaveanews.com\/","name":"G\u00e1vea News","description":"Veja todas as not\u00edcias sobre o Flamengo: Contrata\u00e7\u00f5es, categorias de base, resultados das partidas, tabela de classifica\u00e7\u00e3o, pr\u00f3ximos jogos!","potentialAction":[{"@type":"SearchAction","target":{"@type":"EntryPoint","urlTemplate":"https:\/\/www.gaveanews.com\/?s={search_term_string}"},"query-input":{"@type":"PropertyValueSpecification","valueRequired":true,"valueName":"search_term_string"}}],"inLanguage":"pt-BR"},{"@type":"Person","@id":"https:\/\/www.gaveanews.com\/#\/schema\/person\/37122681a8575a5c8db05a56f099a5e4","name":"D\u00e9bora Figueiredo","image":{"@type":"ImageObject","inLanguage":"pt-BR","@id":"https:\/\/www.gaveanews.com\/#\/schema\/person\/image\/","url":"https:\/\/secure.gravatar.com\/avatar\/1f44802859351588499d26f52aed1d15796ce17e67602895b72837c08018868d?s=96&d=mm&r=g","contentUrl":"https:\/\/secure.gravatar.com\/avatar\/1f44802859351588499d26f52aed1d15796ce17e67602895b72837c08018868d?s=96&d=mm&r=g","caption":"D\u00e9bora Figueiredo"}}]}},"_links":{"self":[{"href":"https:\/\/www.gaveanews.com\/index.php\/wp-json\/wp\/v2\/posts\/180356","targetHints":{"allow":["GET"]}}],"collection":[{"href":"https:\/\/www.gaveanews.com\/index.php\/wp-json\/wp\/v2\/posts"}],"about":[{"href":"https:\/\/www.gaveanews.com\/index.php\/wp-json\/wp\/v2\/types\/post"}],"author":[{"embeddable":true,"href":"https:\/\/www.gaveanews.com\/index.php\/wp-json\/wp\/v2\/users\/16"}],"replies":[{"embeddable":true,"href":"https:\/\/www.gaveanews.com\/index.php\/wp-json\/wp\/v2\/comments?post=180356"}],"version-history":[{"count":1,"href":"https:\/\/www.gaveanews.com\/index.php\/wp-json\/wp\/v2\/posts\/180356\/revisions"}],"predecessor-version":[{"id":180360,"href":"https:\/\/www.gaveanews.com\/index.php\/wp-json\/wp\/v2\/posts\/180356\/revisions\/180360"}],"wp:featuredmedia":[{"embeddable":true,"href":"https:\/\/www.gaveanews.com\/index.php\/wp-json\/wp\/v2\/media\/171213"}],"wp:attachment":[{"href":"https:\/\/www.gaveanews.com\/index.php\/wp-json\/wp\/v2\/media?parent=180356"}],"wp:term":[{"taxonomy":"category","embeddable":true,"href":"https:\/\/www.gaveanews.com\/index.php\/wp-json\/wp\/v2\/categories?post=180356"},{"taxonomy":"post_tag","embeddable":true,"href":"https:\/\/www.gaveanews.com\/index.php\/wp-json\/wp\/v2\/tags?post=180356"}],"curies":[{"name":"wp","href":"https:\/\/api.w.org\/{rel}","templated":true}]}}