{"id":180378,"date":"2024-11-02T07:55:00","date_gmt":"2024-11-02T10:55:00","guid":{"rendered":"https:\/\/www.gaveanews.com\/?p=180378"},"modified":"2024-11-02T05:49:34","modified_gmt":"2024-11-02T08:49:34","slug":"craque-neto-manda-recado-para-ramon-diaz","status":"publish","type":"post","link":"https:\/\/www.gaveanews.com\/index.php\/2024\/11\/02\/craque-neto-manda-recado-para-ramon-diaz\/","title":{"rendered":"Craque Neto manda recado para Ram\u00f3n D\u00edaz"},"content":{"rendered":"\n<h2 class=\"wp-block-heading\" id=\"h-craque-neto-detona-ramon-diaz-apos-eliminacao-do-corinthians-na-sul-americana\">Craque Neto detona Ram\u00f3n D\u00edaz ap\u00f3s elimina\u00e7\u00e3o do Corinthians na Sul-Americana<\/h2>\n\n\n\n<p>Conhecido por sua sinceridade e cr\u00edticas duras ao futebol brasileiro, o comentarista Craque Neto usou as redes sociais nesta quinta-feira (31) para expressar sua indigna\u00e7\u00e3o com a elimina\u00e7\u00e3o do Corinthians na semifinal da Copa Sul-Americana, ap\u00f3s a derrota de 2 a 1 para o Racing, em Avellaneda. Furioso, Neto direcionou suas cr\u00edticas ao t\u00e9cnico Ram\u00f3n D\u00edaz, a quem acusou de \u201cincompetente\u201d e \u201ccovarde\u201d.<\/p>\n\n\n\n<ul class=\"wp-block-list\">\n<li><a href=\"https:\/\/www.gaveanews.com\/index.php\/2024\/11\/01\/ramon-diaz-vai-ser-demitido-apos-a-eliminacao-do-corinthians\/\">Ram\u00f3n D\u00edaz vai ser demitido ap\u00f3s a elimina\u00e7\u00e3o do Corinthians?<\/a><\/li>\n\n\n\n<li><a href=\"https:\/\/www.gaveanews.com\/index.php\/2024\/11\/01\/corinthians-ja-faturou-bolada-com-premiacao-em-2024-veja-valores\/\">Corinthians j\u00e1 faturou bolada com premia\u00e7\u00e3o em 2024; veja valores<\/a><\/li>\n<\/ul>\n\n\n\n<p>Neto, um cr\u00edtico frequente do treinador argentino, n\u00e3o poupou palavras ao mencionar a forma como D\u00edaz conduziu a equipe no jogo e questionou a postura do presidente do Corinthians, Augusto Melo, em rela\u00e7\u00e3o \u00e0 situa\u00e7\u00e3o do treinador. <\/p>\n\n\n\n<p>\u201cEsse t\u00e9cnico covarde n\u00e3o d\u00e1 mais! Pra mim a instabilidade do Corinthians est\u00e1 diretamente relacionada \u00e0 incompet\u00eancia de seu treinador. N\u00e3o sabe escalar, mexer no time e muito menos tem gest\u00e3o no vesti\u00e1rio. Nem a l\u00edngua esse cara sabe falar. Piada! E a\u00ed Augusto Melo, vai tomar atitude quando???\u201d, desabafou Neto.<\/p>\n\n\n\n<p>Desde que assumiu o comando ap\u00f3s a elimina\u00e7\u00e3o do Corinthians no Paulist\u00e3o, Ram\u00f3n D\u00edaz soma apenas 10 vit\u00f3rias em 27 jogos, com elimina\u00e7\u00f5es na Copa do Brasil e Sul-Americana e uma posi\u00e7\u00e3o perigosa na S\u00e9rie A do Brasileir\u00e3o, onde o Tim\u00e3o luta contra o rebaixamento. Com a elimina\u00e7\u00e3o na Sul-Americana, o clube viu a chance de disputar a Libertadores em 2025 praticamente se esvair, e tamb\u00e9m enfrenta dificuldades para garantir uma vaga na pr\u00f3xima Copa do Brasil, o que poder\u00e1 reduzir consideravelmente o calend\u00e1rio alvinegro na pr\u00f3xima temporada.<\/p>\n\n\n\n<h2 class=\"wp-block-heading\" id=\"h-derby-contra-o-palmeiras-pode-definir-o-futuro-de-diaz\">Derby contra o Palmeiras pode definir o futuro de D\u00edaz<\/h2>\n\n\n\n<p>A press\u00e3o em cima do t\u00e9cnico Ram\u00f3n D\u00edaz aumentar\u00e1 ainda mais no pr\u00f3ximo jogo do Corinthians, marcado para segunda-feira (4), quando a equipe enfrenta o Palmeiras, na Neo Qu\u00edmica Arena, pela 32\u00aa rodada do Brasileir\u00e3o. Para Neto, o cl\u00e1ssico pode ser um divisor de \u00e1guas no futuro de D\u00edaz. O comentarista j\u00e1 havia sugerido que, em caso de derrota para o Racing, o treinador deveria ficar na Argentina. <\/p>\n\n\n\n<p>\u201cSe perder o jogo hoje, j\u00e1 deixa ele ficar a\u00ed. Esse treinador \u00e9 ruim pra dar com pau. Horroroso. O time dele \u00e9 um catado\u201d, disparou Neto antes da partida, criticando a desorganiza\u00e7\u00e3o t\u00e1tica da equipe sob o comando de Ram\u00f3n.<\/p>\n","protected":false},"excerpt":{"rendered":"<p>Craque Neto detona Ram\u00f3n D\u00edaz ap\u00f3s elimina\u00e7\u00e3o do Corinthians na Sul-Americana Conhecido por sua sinceridade e cr\u00edticas duras ao futebol brasileiro, o comentarista Craque Neto usou as redes sociais nesta quinta-feira (31) para expressar sua indigna\u00e7\u00e3o com a elimina\u00e7\u00e3o do Corinthians na semifinal da Copa Sul-Americana, ap\u00f3s a derrota de 2 a 1 para o [&hellip;]<\/p>\n","protected":false},"author":17,"featured_media":71983,"comment_status":"open","ping_status":"closed","sticky":false,"template":"","format":"standard","meta":{"footnotes":""},"categories":[141],"tags":[],"class_list":["post-180378","post","type-post","status-publish","format-standard","has-post-thumbnail","hentry","category-corinthians"],"yoast_head":"<!-- This site is optimized with the Yoast SEO Premium plugin v24.2 (Yoast SEO v26.9) - https:\/\/yoast.com\/product\/yoast-seo-premium-wordpress\/ -->\n<title>Craque Neto manda recado para Ram\u00f3n D\u00edaz<\/title>\n<meta name=\"robots\" content=\"index, follow, max-snippet:-1, max-image-preview:large, max-video-preview:-1\" \/>\n<link rel=\"canonical\" href=\"https:\/\/www.gaveanews.com\/index.php\/2024\/11\/02\/craque-neto-manda-recado-para-ramon-diaz\/\" \/>\n<meta property=\"og:locale\" content=\"pt_BR\" \/>\n<meta property=\"og:type\" content=\"article\" \/>\n<meta property=\"og:title\" content=\"Craque Neto manda recado para Ram\u00f3n D\u00edaz\" \/>\n<meta property=\"og:description\" content=\"Craque Neto detona Ram\u00f3n D\u00edaz ap\u00f3s elimina\u00e7\u00e3o do Corinthians na Sul-Americana Conhecido por sua sinceridade e cr\u00edticas duras ao futebol brasileiro, o comentarista Craque Neto usou as redes sociais nesta quinta-feira (31) para expressar sua indigna\u00e7\u00e3o com a elimina\u00e7\u00e3o do Corinthians na semifinal da Copa Sul-Americana, ap\u00f3s a derrota de 2 a 1 para o [&hellip;]\" \/>\n<meta property=\"og:url\" content=\"https:\/\/www.gaveanews.com\/index.php\/2024\/11\/02\/craque-neto-manda-recado-para-ramon-diaz\/\" \/>\n<meta property=\"og:site_name\" content=\"G\u00e1vea News\" \/>\n<meta property=\"article:publisher\" content=\"https:\/\/facebook.com\/gaveaNews\/\" \/>\n<meta property=\"article:published_time\" content=\"2024-11-02T10:55:00+00:00\" \/>\n<meta property=\"og:image\" content=\"https:\/\/www.gaveanews.com\/wp-content\/uploads\/Comentarista-Neto-em-programa-da-Band.webp\" \/>\n\t<meta property=\"og:image:width\" content=\"846\" \/>\n\t<meta property=\"og:image:height\" content=\"476\" \/>\n\t<meta property=\"og:image:type\" content=\"image\/jpeg\" \/>\n<meta name=\"author\" content=\"Geovanna Thomaz\" \/>\n<meta name=\"twitter:card\" content=\"summary_large_image\" \/>\n<meta name=\"twitter:label1\" content=\"Escrito por\" \/>\n\t<meta name=\"twitter:data1\" content=\"Geovanna Thomaz\" \/>\n\t<meta name=\"twitter:label2\" content=\"Est. tempo de leitura\" \/>\n\t<meta name=\"twitter:data2\" content=\"3 minutos\" \/>\n<script type=\"application\/ld+json\" class=\"yoast-schema-graph\">{\"@context\":\"https:\/\/schema.org\",\"@graph\":[{\"@type\":\"NewsArticle\",\"@id\":\"https:\/\/www.gaveanews.com\/index.php\/2024\/11\/02\/craque-neto-manda-recado-para-ramon-diaz\/#article\",\"isPartOf\":{\"@id\":\"https:\/\/www.gaveanews.com\/index.php\/2024\/11\/02\/craque-neto-manda-recado-para-ramon-diaz\/\"},\"author\":{\"name\":\"Geovanna Thomaz\",\"@id\":\"https:\/\/www.gaveanews.com\/#\/schema\/person\/f42654babcd2b2014a1a65af82b081f1\"},\"headline\":\"Craque Neto manda recado para Ram\u00f3n D\u00edaz\",\"datePublished\":\"2024-11-02T10:55:00+00:00\",\"mainEntityOfPage\":{\"@id\":\"https:\/\/www.gaveanews.com\/index.php\/2024\/11\/02\/craque-neto-manda-recado-para-ramon-diaz\/\"},\"wordCount\":443,\"commentCount\":0,\"image\":{\"@id\":\"https:\/\/www.gaveanews.com\/index.php\/2024\/11\/02\/craque-neto-manda-recado-para-ramon-diaz\/#primaryimage\"},\"thumbnailUrl\":\"https:\/\/www.gaveanews.com\/wp-content\/uploads\/Comentarista-Neto-em-programa-da-Band.webp\",\"articleSection\":[\"Corinthians\"],\"inLanguage\":\"pt-BR\",\"potentialAction\":[{\"@type\":\"CommentAction\",\"name\":\"Comment\",\"target\":[\"https:\/\/www.gaveanews.com\/index.php\/2024\/11\/02\/craque-neto-manda-recado-para-ramon-diaz\/#respond\"]}],\"copyrightYear\":\"2024\",\"copyrightHolder\":{\"@id\":\"https:\/\/www.gaveanews.com\/#organization\"}},{\"@type\":\"WebPage\",\"@id\":\"https:\/\/www.gaveanews.com\/index.php\/2024\/11\/02\/craque-neto-manda-recado-para-ramon-diaz\/\",\"url\":\"https:\/\/www.gaveanews.com\/index.php\/2024\/11\/02\/craque-neto-manda-recado-para-ramon-diaz\/\",\"name\":\"Craque Neto manda recado para Ram\u00f3n D\u00edaz\",\"isPartOf\":{\"@id\":\"https:\/\/www.gaveanews.com\/#website\"},\"primaryImageOfPage\":{\"@id\":\"https:\/\/www.gaveanews.com\/index.php\/2024\/11\/02\/craque-neto-manda-recado-para-ramon-diaz\/#primaryimage\"},\"image\":{\"@id\":\"https:\/\/www.gaveanews.com\/index.php\/2024\/11\/02\/craque-neto-manda-recado-para-ramon-diaz\/#primaryimage\"},\"thumbnailUrl\":\"https:\/\/www.gaveanews.com\/wp-content\/uploads\/Comentarista-Neto-em-programa-da-Band.webp\",\"datePublished\":\"2024-11-02T10:55:00+00:00\",\"author\":{\"@id\":\"https:\/\/www.gaveanews.com\/#\/schema\/person\/f42654babcd2b2014a1a65af82b081f1\"},\"breadcrumb\":{\"@id\":\"https:\/\/www.gaveanews.com\/index.php\/2024\/11\/02\/craque-neto-manda-recado-para-ramon-diaz\/#breadcrumb\"},\"inLanguage\":\"pt-BR\",\"potentialAction\":[{\"@type\":\"ReadAction\",\"target\":[\"https:\/\/www.gaveanews.com\/index.php\/2024\/11\/02\/craque-neto-manda-recado-para-ramon-diaz\/\"]}]},{\"@type\":\"ImageObject\",\"inLanguage\":\"pt-BR\",\"@id\":\"https:\/\/www.gaveanews.com\/index.php\/2024\/11\/02\/craque-neto-manda-recado-para-ramon-diaz\/#primaryimage\",\"url\":\"https:\/\/www.gaveanews.com\/wp-content\/uploads\/Comentarista-Neto-em-programa-da-Band.webp\",\"contentUrl\":\"https:\/\/www.gaveanews.com\/wp-content\/uploads\/Comentarista-Neto-em-programa-da-Band.webp\",\"width\":846,\"height\":476,\"caption\":\"Comentarista Neto em programa da Band (Foto: Reprodu\u00e7\u00e3o\/Band)\"},{\"@type\":\"BreadcrumbList\",\"@id\":\"https:\/\/www.gaveanews.com\/index.php\/2024\/11\/02\/craque-neto-manda-recado-para-ramon-diaz\/#breadcrumb\",\"itemListElement\":[{\"@type\":\"ListItem\",\"position\":1,\"name\":\"Home\",\"item\":\"https:\/\/www.gaveanews.com\/\"},{\"@type\":\"ListItem\",\"position\":2,\"name\":\"Craque Neto manda recado para Ram\u00f3n D\u00edaz\"}]},{\"@type\":\"WebSite\",\"@id\":\"https:\/\/www.gaveanews.com\/#website\",\"url\":\"https:\/\/www.gaveanews.com\/\",\"name\":\"G\u00e1vea News\",\"description\":\"Veja todas as not\u00edcias sobre o Flamengo: Contrata\u00e7\u00f5es, categorias de base, resultados das partidas, tabela de classifica\u00e7\u00e3o, pr\u00f3ximos jogos!\",\"potentialAction\":[{\"@type\":\"SearchAction\",\"target\":{\"@type\":\"EntryPoint\",\"urlTemplate\":\"https:\/\/www.gaveanews.com\/?s={search_term_string}\"},\"query-input\":{\"@type\":\"PropertyValueSpecification\",\"valueRequired\":true,\"valueName\":\"search_term_string\"}}],\"inLanguage\":\"pt-BR\"},{\"@type\":\"Person\",\"@id\":\"https:\/\/www.gaveanews.com\/#\/schema\/person\/f42654babcd2b2014a1a65af82b081f1\",\"name\":\"Geovanna Thomaz\",\"image\":{\"@type\":\"ImageObject\",\"inLanguage\":\"pt-BR\",\"@id\":\"https:\/\/www.gaveanews.com\/#\/schema\/person\/image\/\",\"url\":\"https:\/\/secure.gravatar.com\/avatar\/4092073255489533afb558984b49b64268c47198af8623cc82a925ae9fb7118a?s=96&d=mm&r=g\",\"contentUrl\":\"https:\/\/secure.gravatar.com\/avatar\/4092073255489533afb558984b49b64268c47198af8623cc82a925ae9fb7118a?s=96&d=mm&r=g\",\"caption\":\"Geovanna Thomaz\"}}]}<\/script>\n<!-- \/ Yoast SEO Premium plugin. -->","yoast_head_json":{"title":"Craque Neto manda recado para Ram\u00f3n D\u00edaz","robots":{"index":"index","follow":"follow","max-snippet":"max-snippet:-1","max-image-preview":"max-image-preview:large","max-video-preview":"max-video-preview:-1"},"canonical":"https:\/\/www.gaveanews.com\/index.php\/2024\/11\/02\/craque-neto-manda-recado-para-ramon-diaz\/","og_locale":"pt_BR","og_type":"article","og_title":"Craque Neto manda recado para Ram\u00f3n D\u00edaz","og_description":"Craque Neto detona Ram\u00f3n D\u00edaz ap\u00f3s elimina\u00e7\u00e3o do Corinthians na Sul-Americana Conhecido por sua sinceridade e cr\u00edticas duras ao futebol brasileiro, o comentarista Craque Neto usou as redes sociais nesta quinta-feira (31) para expressar sua indigna\u00e7\u00e3o com a elimina\u00e7\u00e3o do Corinthians na semifinal da Copa Sul-Americana, ap\u00f3s a derrota de 2 a 1 para o [&hellip;]","og_url":"https:\/\/www.gaveanews.com\/index.php\/2024\/11\/02\/craque-neto-manda-recado-para-ramon-diaz\/","og_site_name":"G\u00e1vea News","article_publisher":"https:\/\/facebook.com\/gaveaNews\/","article_published_time":"2024-11-02T10:55:00+00:00","og_image":[{"width":846,"height":476,"url":"https:\/\/www.gaveanews.com\/wp-content\/uploads\/Comentarista-Neto-em-programa-da-Band.webp","type":"image\/jpeg"}],"author":"Geovanna Thomaz","twitter_card":"summary_large_image","twitter_misc":{"Escrito por":"Geovanna Thomaz","Est. tempo de leitura":"3 minutos"},"schema":{"@context":"https:\/\/schema.org","@graph":[{"@type":"NewsArticle","@id":"https:\/\/www.gaveanews.com\/index.php\/2024\/11\/02\/craque-neto-manda-recado-para-ramon-diaz\/#article","isPartOf":{"@id":"https:\/\/www.gaveanews.com\/index.php\/2024\/11\/02\/craque-neto-manda-recado-para-ramon-diaz\/"},"author":{"name":"Geovanna Thomaz","@id":"https:\/\/www.gaveanews.com\/#\/schema\/person\/f42654babcd2b2014a1a65af82b081f1"},"headline":"Craque Neto manda recado para Ram\u00f3n D\u00edaz","datePublished":"2024-11-02T10:55:00+00:00","mainEntityOfPage":{"@id":"https:\/\/www.gaveanews.com\/index.php\/2024\/11\/02\/craque-neto-manda-recado-para-ramon-diaz\/"},"wordCount":443,"commentCount":0,"image":{"@id":"https:\/\/www.gaveanews.com\/index.php\/2024\/11\/02\/craque-neto-manda-recado-para-ramon-diaz\/#primaryimage"},"thumbnailUrl":"https:\/\/www.gaveanews.com\/wp-content\/uploads\/Comentarista-Neto-em-programa-da-Band.webp","articleSection":["Corinthians"],"inLanguage":"pt-BR","potentialAction":[{"@type":"CommentAction","name":"Comment","target":["https:\/\/www.gaveanews.com\/index.php\/2024\/11\/02\/craque-neto-manda-recado-para-ramon-diaz\/#respond"]}],"copyrightYear":"2024","copyrightHolder":{"@id":"https:\/\/www.gaveanews.com\/#organization"}},{"@type":"WebPage","@id":"https:\/\/www.gaveanews.com\/index.php\/2024\/11\/02\/craque-neto-manda-recado-para-ramon-diaz\/","url":"https:\/\/www.gaveanews.com\/index.php\/2024\/11\/02\/craque-neto-manda-recado-para-ramon-diaz\/","name":"Craque Neto manda recado para Ram\u00f3n D\u00edaz","isPartOf":{"@id":"https:\/\/www.gaveanews.com\/#website"},"primaryImageOfPage":{"@id":"https:\/\/www.gaveanews.com\/index.php\/2024\/11\/02\/craque-neto-manda-recado-para-ramon-diaz\/#primaryimage"},"image":{"@id":"https:\/\/www.gaveanews.com\/index.php\/2024\/11\/02\/craque-neto-manda-recado-para-ramon-diaz\/#primaryimage"},"thumbnailUrl":"https:\/\/www.gaveanews.com\/wp-content\/uploads\/Comentarista-Neto-em-programa-da-Band.webp","datePublished":"2024-11-02T10:55:00+00:00","author":{"@id":"https:\/\/www.gaveanews.com\/#\/schema\/person\/f42654babcd2b2014a1a65af82b081f1"},"breadcrumb":{"@id":"https:\/\/www.gaveanews.com\/index.php\/2024\/11\/02\/craque-neto-manda-recado-para-ramon-diaz\/#breadcrumb"},"inLanguage":"pt-BR","potentialAction":[{"@type":"ReadAction","target":["https:\/\/www.gaveanews.com\/index.php\/2024\/11\/02\/craque-neto-manda-recado-para-ramon-diaz\/"]}]},{"@type":"ImageObject","inLanguage":"pt-BR","@id":"https:\/\/www.gaveanews.com\/index.php\/2024\/11\/02\/craque-neto-manda-recado-para-ramon-diaz\/#primaryimage","url":"https:\/\/www.gaveanews.com\/wp-content\/uploads\/Comentarista-Neto-em-programa-da-Band.webp","contentUrl":"https:\/\/www.gaveanews.com\/wp-content\/uploads\/Comentarista-Neto-em-programa-da-Band.webp","width":846,"height":476,"caption":"Comentarista Neto em programa da Band (Foto: Reprodu\u00e7\u00e3o\/Band)"},{"@type":"BreadcrumbList","@id":"https:\/\/www.gaveanews.com\/index.php\/2024\/11\/02\/craque-neto-manda-recado-para-ramon-diaz\/#breadcrumb","itemListElement":[{"@type":"ListItem","position":1,"name":"Home","item":"https:\/\/www.gaveanews.com\/"},{"@type":"ListItem","position":2,"name":"Craque Neto manda recado para Ram\u00f3n D\u00edaz"}]},{"@type":"WebSite","@id":"https:\/\/www.gaveanews.com\/#website","url":"https:\/\/www.gaveanews.com\/","name":"G\u00e1vea News","description":"Veja todas as not\u00edcias sobre o Flamengo: Contrata\u00e7\u00f5es, categorias de base, resultados das partidas, tabela de classifica\u00e7\u00e3o, pr\u00f3ximos jogos!","potentialAction":[{"@type":"SearchAction","target":{"@type":"EntryPoint","urlTemplate":"https:\/\/www.gaveanews.com\/?s={search_term_string}"},"query-input":{"@type":"PropertyValueSpecification","valueRequired":true,"valueName":"search_term_string"}}],"inLanguage":"pt-BR"},{"@type":"Person","@id":"https:\/\/www.gaveanews.com\/#\/schema\/person\/f42654babcd2b2014a1a65af82b081f1","name":"Geovanna Thomaz","image":{"@type":"ImageObject","inLanguage":"pt-BR","@id":"https:\/\/www.gaveanews.com\/#\/schema\/person\/image\/","url":"https:\/\/secure.gravatar.com\/avatar\/4092073255489533afb558984b49b64268c47198af8623cc82a925ae9fb7118a?s=96&d=mm&r=g","contentUrl":"https:\/\/secure.gravatar.com\/avatar\/4092073255489533afb558984b49b64268c47198af8623cc82a925ae9fb7118a?s=96&d=mm&r=g","caption":"Geovanna Thomaz"}}]}},"_links":{"self":[{"href":"https:\/\/www.gaveanews.com\/index.php\/wp-json\/wp\/v2\/posts\/180378","targetHints":{"allow":["GET"]}}],"collection":[{"href":"https:\/\/www.gaveanews.com\/index.php\/wp-json\/wp\/v2\/posts"}],"about":[{"href":"https:\/\/www.gaveanews.com\/index.php\/wp-json\/wp\/v2\/types\/post"}],"author":[{"embeddable":true,"href":"https:\/\/www.gaveanews.com\/index.php\/wp-json\/wp\/v2\/users\/17"}],"replies":[{"embeddable":true,"href":"https:\/\/www.gaveanews.com\/index.php\/wp-json\/wp\/v2\/comments?post=180378"}],"version-history":[{"count":1,"href":"https:\/\/www.gaveanews.com\/index.php\/wp-json\/wp\/v2\/posts\/180378\/revisions"}],"predecessor-version":[{"id":180379,"href":"https:\/\/www.gaveanews.com\/index.php\/wp-json\/wp\/v2\/posts\/180378\/revisions\/180379"}],"wp:featuredmedia":[{"embeddable":true,"href":"https:\/\/www.gaveanews.com\/index.php\/wp-json\/wp\/v2\/media\/71983"}],"wp:attachment":[{"href":"https:\/\/www.gaveanews.com\/index.php\/wp-json\/wp\/v2\/media?parent=180378"}],"wp:term":[{"taxonomy":"category","embeddable":true,"href":"https:\/\/www.gaveanews.com\/index.php\/wp-json\/wp\/v2\/categories?post=180378"},{"taxonomy":"post_tag","embeddable":true,"href":"https:\/\/www.gaveanews.com\/index.php\/wp-json\/wp\/v2\/tags?post=180378"}],"curies":[{"name":"wp","href":"https:\/\/api.w.org\/{rel}","templated":true}]}}