{"id":180410,"date":"2024-11-02T08:00:00","date_gmt":"2024-11-02T11:00:00","guid":{"rendered":"https:\/\/www.gaveanews.com\/?p=180410"},"modified":"2024-11-01T21:35:49","modified_gmt":"2024-11-02T00:35:49","slug":"ele-deixou-o-flamengo-sem-muitas-oportunidades-e-agora-e-o-principal-destaque-de-seu-time-no-exterior","status":"publish","type":"post","link":"https:\/\/www.gaveanews.com\/index.php\/2024\/11\/02\/ele-deixou-o-flamengo-sem-muitas-oportunidades-e-agora-e-o-principal-destaque-de-seu-time-no-exterior\/","title":{"rendered":"Ele deixou o Flamengo sem muitas oportunidades e agora \u00e9 o principal destaque de seu time no exterior"},"content":{"rendered":"\n<h2 class=\"wp-block-heading\" id=\"h-ex-flamengo-encanta-nos-emirados-arabes\">Ex-Flamengo encanta nos Emirados \u00c1rabes<\/h2>\n\n\n\n<h2 class=\"wp-block-heading\" id=\"h-guilherme-bala-impressiona-no-shabab-al-ahli\">Guilherme Bala impressiona no Shabab Al Ahli<\/h2>\n\n\n\n<p>O talento do Flamengo est\u00e1 se destacando em diversas partes do mundo: no Brasil, na Europa e tamb\u00e9m no \u2018Mundo \u00c1rabe\u2019. Esta semana, quem chamou a aten\u00e7\u00e3o foi o atacante Guilherme Bala, formado no Meng\u00e3o e atualmente defendendo as cores do Shabab Al Ahli, nos Emirados \u00c1rabes Unidos. Curiosamente, o jogador est\u00e1 sob a orienta\u00e7\u00e3o de um velho conhecido da torcida Rubro-Negra, Paulo Sousa, que teceu grandes elogios ao jovem de 23 anos.<\/p>\n\n\n\n<ul class=\"wp-block-list\">\n<li><a href=\"https:\/\/www.gaveanews.com\/index.php\/2024\/11\/01\/rival-do-flamengo-admite-sonho-de-conhecer-idolo-do-clube\/\">Rival do Flamengo admite sonho de conhecer \u00eddolo do clube<\/a><\/li>\n\n\n\n<li><a href=\"https:\/\/www.gaveanews.com\/index.php\/2024\/11\/01\/flamengo-pode-vender-hugo-souza-para-o-city\/\">Flamengo pode vender Hugo Souza para o City<br><\/a><\/li>\n<\/ul>\n\n\n\n<p><em>-Guilherme Bala \u00e9 um jogador que pode jogar na Europa. Ele tem qualidade e merecimento para atuar em grandes clubes. Foi um dos principais destaques nesta partida, disse Paulo Sousa, em entrevista coletiva nos Emirados \u00c1rabes, ap\u00f3s vit\u00f3ria sobre Sharjah FC (EAU), por 2 a 1, no fim de semana.<\/em><\/p>\n\n\n\n<p>Durante a partida, Guilherme Bala foi o protagonista, contribuindo com uma assist\u00eancia e sofrendo o p\u00eanalti que resultou no gol da vit\u00f3ria de sua equipe. Neste ano, o ex-jogador do Flamengo j\u00e1 disputou 12 partidas, balan\u00e7ou as redes uma vez e deu cinco assist\u00eancias. Desde que chegou ao clube, a partir da temporada 2021\/22, ele contabiliza 11 gols e 19 assist\u00eancias em 71 jogos.<\/p>\n\n\n\n<figure class=\"wp-block-image size-full\"><img loading=\"lazy\" decoding=\"async\" width=\"640\" height=\"426\" src=\"https:\/\/www.gaveanews.com\/wp-content\/uploads\/Guilherme-Bala-com-a-taca-do-Campeonato-Brasileiro-sub-20.webp\" alt=\"\" class=\"wp-image-53717\" srcset=\"https:\/\/www.gaveanews.com\/wp-content\/uploads\/Guilherme-Bala-com-a-taca-do-Campeonato-Brasileiro-sub-20.webp 640w, https:\/\/www.gaveanews.com\/wp-content\/uploads\/Guilherme-Bala-com-a-taca-do-Campeonato-Brasileiro-sub-20-300x200.webp 300w, https:\/\/www.gaveanews.com\/wp-content\/uploads\/Guilherme-Bala-com-a-taca-do-Campeonato-Brasileiro-sub-20-631x420.webp 631w, https:\/\/www.gaveanews.com\/wp-content\/uploads\/Guilherme-Bala-com-a-taca-do-Campeonato-Brasileiro-sub-20-100x67.webp 100w\" sizes=\"auto, (max-width: 640px) 100vw, 640px\" \/><figcaption class=\"wp-element-caption\">Guilherme Bala com a ta\u00e7a do Campeonato Brasileiro sub-20 (Foto: Flamengo\/Divulga\u00e7\u00e3o)<\/figcaption><\/figure>\n\n\n\n<p><em>-Estamos fazendo uma temporada muito boa, com grandes jogos e uma campanha impec\u00e1vel na liga, o que mostra a for\u00e7a do nosso time. A vit\u00f3ria no cl\u00e1ssico nos trouxe a lideran\u00e7a, e ouvir os elogios do mister \u00e9 muito gratificante. Ele \u00e9 um treinador que sempre apoia e tem sido essencial para o nosso sucesso\u00a0, afirmou o atacante. A equipe de Bala e Paulo Sousa lidera o Campeonato dos Emirados \u00c1rabes com 100% de aproveitamento: seis jogos e seis vit\u00f3rias.<\/em><\/p>\n\n\n\n<p>Recrutado pelo Flamengo em 2019, junto ao Madureira, Guilherme Bala come\u00e7ou sua trajet\u00f3ria no time sub-20 do clube. Na equipe profissional, participou de tr\u00eas partidas, fazendo sua estreia contra o Palmeiras no Allianz Parque, em um jogo marcado pela presen\u00e7a de muitos jogadores do elenco principal afastados devido \u00e0 Covid-19. Nesse jogo, os jovens talentos Hugo Souza, Richard R\u00edos e outros tamb\u00e9m tiveram a oportunidade de apresentar-se no &#8216;time principal&#8217;.<\/p>\n\n\n\n<p>Em 2020, Bala deixou o Flamengo, logo ap\u00f3s a conquista do octacampeonato brasileiro, e em 2021 se transferiu para a Ferrovi\u00e1ria. Na equipe paulista, disputou apenas oito jogos e marcou dois gols. Em seguida, o atacante fez as malas e seguiu para os Emirados \u00c1rabes, onde est\u00e1 se destacando.<\/p>\n\n\n\n<p>O atacante n\u00e3o teve a oportunidade de trabalhar com Paulo Sousa no Flamengo, j\u00e1 que o portugu\u00eas chegou ao Brasil em janeiro de 2022 e foi dispensado em junho do mesmo ano. Embora n\u00e3o tenha finalizado a campanha, o t\u00e9cnico esteve presente nos t\u00edtulos da Copa do Brasil e da Libertadores, que contou com a participa\u00e7\u00e3o de Dorival J\u00fanior na fase decisiva. Portanto, o treinador comandou o Meng\u00e3o em 32 jogos, obtendo 19 vit\u00f3rias, sete empates e seis derrotas.<\/p>\n","protected":false},"excerpt":{"rendered":"<p>Ex-Flamengo encanta nos Emirados \u00c1rabes Guilherme Bala impressiona no Shabab Al Ahli O talento do Flamengo est\u00e1 se destacando em diversas partes do mundo: no Brasil, na Europa e tamb\u00e9m no \u2018Mundo \u00c1rabe\u2019. Esta semana, quem chamou a aten\u00e7\u00e3o foi o atacante Guilherme Bala, formado no Meng\u00e3o e atualmente defendendo as cores do Shabab Al [&hellip;]<\/p>\n","protected":false},"author":16,"featured_media":129425,"comment_status":"open","ping_status":"closed","sticky":false,"template":"","format":"standard","meta":{"footnotes":""},"categories":[1],"tags":[],"class_list":["post-180410","post","type-post","status-publish","format-standard","has-post-thumbnail","hentry","category-flamengo"],"yoast_head":"<!-- This site is optimized with the Yoast SEO Premium plugin v24.2 (Yoast SEO v26.9) - https:\/\/yoast.com\/product\/yoast-seo-premium-wordpress\/ -->\n<title>Ele deixou o Flamengo sem muitas oportunidades e agora \u00e9 o principal destaque de seu time no exterior<\/title>\n<meta name=\"robots\" content=\"index, follow, max-snippet:-1, max-image-preview:large, max-video-preview:-1\" \/>\n<link rel=\"canonical\" href=\"https:\/\/www.gaveanews.com\/index.php\/2024\/11\/02\/ele-deixou-o-flamengo-sem-muitas-oportunidades-e-agora-e-o-principal-destaque-de-seu-time-no-exterior\/\" \/>\n<meta property=\"og:locale\" content=\"pt_BR\" \/>\n<meta property=\"og:type\" content=\"article\" \/>\n<meta property=\"og:title\" content=\"Ele deixou o Flamengo sem muitas oportunidades e agora \u00e9 o principal destaque de seu time no exterior\" \/>\n<meta property=\"og:description\" content=\"Ex-Flamengo encanta nos Emirados \u00c1rabes Guilherme Bala impressiona no Shabab Al Ahli O talento do Flamengo est\u00e1 se destacando em diversas partes do mundo: no Brasil, na Europa e tamb\u00e9m no \u2018Mundo \u00c1rabe\u2019. Esta semana, quem chamou a aten\u00e7\u00e3o foi o atacante Guilherme Bala, formado no Meng\u00e3o e atualmente defendendo as cores do Shabab Al [&hellip;]\" \/>\n<meta property=\"og:url\" content=\"https:\/\/www.gaveanews.com\/index.php\/2024\/11\/02\/ele-deixou-o-flamengo-sem-muitas-oportunidades-e-agora-e-o-principal-destaque-de-seu-time-no-exterior\/\" \/>\n<meta property=\"og:site_name\" content=\"G\u00e1vea News\" \/>\n<meta property=\"article:publisher\" content=\"https:\/\/facebook.com\/gaveaNews\/\" \/>\n<meta property=\"article:published_time\" content=\"2024-11-02T11:00:00+00:00\" \/>\n<meta property=\"og:image\" content=\"https:\/\/www.gaveanews.com\/wp-content\/uploads\/CT-Ninho-do-Urubu.webp\" \/>\n\t<meta property=\"og:image:width\" content=\"640\" \/>\n\t<meta property=\"og:image:height\" content=\"400\" \/>\n\t<meta property=\"og:image:type\" content=\"image\/jpeg\" \/>\n<meta name=\"author\" content=\"D\u00e9bora Figueiredo\" \/>\n<meta name=\"twitter:card\" content=\"summary_large_image\" \/>\n<meta name=\"twitter:label1\" content=\"Escrito por\" \/>\n\t<meta name=\"twitter:data1\" content=\"D\u00e9bora Figueiredo\" \/>\n\t<meta name=\"twitter:label2\" content=\"Est. tempo de leitura\" \/>\n\t<meta name=\"twitter:data2\" content=\"4 minutos\" \/>\n<script type=\"application\/ld+json\" class=\"yoast-schema-graph\">{\"@context\":\"https:\/\/schema.org\",\"@graph\":[{\"@type\":\"NewsArticle\",\"@id\":\"https:\/\/www.gaveanews.com\/index.php\/2024\/11\/02\/ele-deixou-o-flamengo-sem-muitas-oportunidades-e-agora-e-o-principal-destaque-de-seu-time-no-exterior\/#article\",\"isPartOf\":{\"@id\":\"https:\/\/www.gaveanews.com\/index.php\/2024\/11\/02\/ele-deixou-o-flamengo-sem-muitas-oportunidades-e-agora-e-o-principal-destaque-de-seu-time-no-exterior\/\"},\"author\":{\"name\":\"D\u00e9bora Figueiredo\",\"@id\":\"https:\/\/www.gaveanews.com\/#\/schema\/person\/37122681a8575a5c8db05a56f099a5e4\"},\"headline\":\"Ele deixou o Flamengo sem muitas oportunidades e agora \u00e9 o principal destaque de seu time no exterior\",\"datePublished\":\"2024-11-02T11:00:00+00:00\",\"mainEntityOfPage\":{\"@id\":\"https:\/\/www.gaveanews.com\/index.php\/2024\/11\/02\/ele-deixou-o-flamengo-sem-muitas-oportunidades-e-agora-e-o-principal-destaque-de-seu-time-no-exterior\/\"},\"wordCount\":542,\"commentCount\":0,\"image\":{\"@id\":\"https:\/\/www.gaveanews.com\/index.php\/2024\/11\/02\/ele-deixou-o-flamengo-sem-muitas-oportunidades-e-agora-e-o-principal-destaque-de-seu-time-no-exterior\/#primaryimage\"},\"thumbnailUrl\":\"https:\/\/www.gaveanews.com\/wp-content\/uploads\/CT-Ninho-do-Urubu.webp\",\"articleSection\":[\"Flamengo\"],\"inLanguage\":\"pt-BR\",\"potentialAction\":[{\"@type\":\"CommentAction\",\"name\":\"Comment\",\"target\":[\"https:\/\/www.gaveanews.com\/index.php\/2024\/11\/02\/ele-deixou-o-flamengo-sem-muitas-oportunidades-e-agora-e-o-principal-destaque-de-seu-time-no-exterior\/#respond\"]}],\"copyrightYear\":\"2024\",\"copyrightHolder\":{\"@id\":\"https:\/\/www.gaveanews.com\/#organization\"}},{\"@type\":\"WebPage\",\"@id\":\"https:\/\/www.gaveanews.com\/index.php\/2024\/11\/02\/ele-deixou-o-flamengo-sem-muitas-oportunidades-e-agora-e-o-principal-destaque-de-seu-time-no-exterior\/\",\"url\":\"https:\/\/www.gaveanews.com\/index.php\/2024\/11\/02\/ele-deixou-o-flamengo-sem-muitas-oportunidades-e-agora-e-o-principal-destaque-de-seu-time-no-exterior\/\",\"name\":\"Ele deixou o Flamengo sem muitas oportunidades e agora \u00e9 o principal destaque de seu time no exterior\",\"isPartOf\":{\"@id\":\"https:\/\/www.gaveanews.com\/#website\"},\"primaryImageOfPage\":{\"@id\":\"https:\/\/www.gaveanews.com\/index.php\/2024\/11\/02\/ele-deixou-o-flamengo-sem-muitas-oportunidades-e-agora-e-o-principal-destaque-de-seu-time-no-exterior\/#primaryimage\"},\"image\":{\"@id\":\"https:\/\/www.gaveanews.com\/index.php\/2024\/11\/02\/ele-deixou-o-flamengo-sem-muitas-oportunidades-e-agora-e-o-principal-destaque-de-seu-time-no-exterior\/#primaryimage\"},\"thumbnailUrl\":\"https:\/\/www.gaveanews.com\/wp-content\/uploads\/CT-Ninho-do-Urubu.webp\",\"datePublished\":\"2024-11-02T11:00:00+00:00\",\"author\":{\"@id\":\"https:\/\/www.gaveanews.com\/#\/schema\/person\/37122681a8575a5c8db05a56f099a5e4\"},\"breadcrumb\":{\"@id\":\"https:\/\/www.gaveanews.com\/index.php\/2024\/11\/02\/ele-deixou-o-flamengo-sem-muitas-oportunidades-e-agora-e-o-principal-destaque-de-seu-time-no-exterior\/#breadcrumb\"},\"inLanguage\":\"pt-BR\",\"potentialAction\":[{\"@type\":\"ReadAction\",\"target\":[\"https:\/\/www.gaveanews.com\/index.php\/2024\/11\/02\/ele-deixou-o-flamengo-sem-muitas-oportunidades-e-agora-e-o-principal-destaque-de-seu-time-no-exterior\/\"]}]},{\"@type\":\"ImageObject\",\"inLanguage\":\"pt-BR\",\"@id\":\"https:\/\/www.gaveanews.com\/index.php\/2024\/11\/02\/ele-deixou-o-flamengo-sem-muitas-oportunidades-e-agora-e-o-principal-destaque-de-seu-time-no-exterior\/#primaryimage\",\"url\":\"https:\/\/www.gaveanews.com\/wp-content\/uploads\/CT-Ninho-do-Urubu.webp\",\"contentUrl\":\"https:\/\/www.gaveanews.com\/wp-content\/uploads\/CT-Ninho-do-Urubu.webp\",\"width\":640,\"height\":400,\"caption\":\"CT Ninho do Urubu - Foto: Paula Reis\"},{\"@type\":\"BreadcrumbList\",\"@id\":\"https:\/\/www.gaveanews.com\/index.php\/2024\/11\/02\/ele-deixou-o-flamengo-sem-muitas-oportunidades-e-agora-e-o-principal-destaque-de-seu-time-no-exterior\/#breadcrumb\",\"itemListElement\":[{\"@type\":\"ListItem\",\"position\":1,\"name\":\"Home\",\"item\":\"https:\/\/www.gaveanews.com\/\"},{\"@type\":\"ListItem\",\"position\":2,\"name\":\"Ele deixou o Flamengo sem muitas oportunidades e agora \u00e9 o principal destaque de seu time no exterior\"}]},{\"@type\":\"WebSite\",\"@id\":\"https:\/\/www.gaveanews.com\/#website\",\"url\":\"https:\/\/www.gaveanews.com\/\",\"name\":\"G\u00e1vea News\",\"description\":\"Veja todas as not\u00edcias sobre o Flamengo: Contrata\u00e7\u00f5es, categorias de base, resultados das partidas, tabela de classifica\u00e7\u00e3o, pr\u00f3ximos jogos!\",\"potentialAction\":[{\"@type\":\"SearchAction\",\"target\":{\"@type\":\"EntryPoint\",\"urlTemplate\":\"https:\/\/www.gaveanews.com\/?s={search_term_string}\"},\"query-input\":{\"@type\":\"PropertyValueSpecification\",\"valueRequired\":true,\"valueName\":\"search_term_string\"}}],\"inLanguage\":\"pt-BR\"},{\"@type\":\"Person\",\"@id\":\"https:\/\/www.gaveanews.com\/#\/schema\/person\/37122681a8575a5c8db05a56f099a5e4\",\"name\":\"D\u00e9bora Figueiredo\",\"image\":{\"@type\":\"ImageObject\",\"inLanguage\":\"pt-BR\",\"@id\":\"https:\/\/www.gaveanews.com\/#\/schema\/person\/image\/\",\"url\":\"https:\/\/secure.gravatar.com\/avatar\/1f44802859351588499d26f52aed1d15796ce17e67602895b72837c08018868d?s=96&d=mm&r=g\",\"contentUrl\":\"https:\/\/secure.gravatar.com\/avatar\/1f44802859351588499d26f52aed1d15796ce17e67602895b72837c08018868d?s=96&d=mm&r=g\",\"caption\":\"D\u00e9bora Figueiredo\"}}]}<\/script>\n<!-- \/ Yoast SEO Premium plugin. -->","yoast_head_json":{"title":"Ele deixou o Flamengo sem muitas oportunidades e agora \u00e9 o principal destaque de seu time no exterior","robots":{"index":"index","follow":"follow","max-snippet":"max-snippet:-1","max-image-preview":"max-image-preview:large","max-video-preview":"max-video-preview:-1"},"canonical":"https:\/\/www.gaveanews.com\/index.php\/2024\/11\/02\/ele-deixou-o-flamengo-sem-muitas-oportunidades-e-agora-e-o-principal-destaque-de-seu-time-no-exterior\/","og_locale":"pt_BR","og_type":"article","og_title":"Ele deixou o Flamengo sem muitas oportunidades e agora \u00e9 o principal destaque de seu time no exterior","og_description":"Ex-Flamengo encanta nos Emirados \u00c1rabes Guilherme Bala impressiona no Shabab Al Ahli O talento do Flamengo est\u00e1 se destacando em diversas partes do mundo: no Brasil, na Europa e tamb\u00e9m no \u2018Mundo \u00c1rabe\u2019. Esta semana, quem chamou a aten\u00e7\u00e3o foi o atacante Guilherme Bala, formado no Meng\u00e3o e atualmente defendendo as cores do Shabab Al [&hellip;]","og_url":"https:\/\/www.gaveanews.com\/index.php\/2024\/11\/02\/ele-deixou-o-flamengo-sem-muitas-oportunidades-e-agora-e-o-principal-destaque-de-seu-time-no-exterior\/","og_site_name":"G\u00e1vea News","article_publisher":"https:\/\/facebook.com\/gaveaNews\/","article_published_time":"2024-11-02T11:00:00+00:00","og_image":[{"width":640,"height":400,"url":"https:\/\/www.gaveanews.com\/wp-content\/uploads\/CT-Ninho-do-Urubu.webp","type":"image\/jpeg"}],"author":"D\u00e9bora Figueiredo","twitter_card":"summary_large_image","twitter_misc":{"Escrito por":"D\u00e9bora Figueiredo","Est. tempo de leitura":"4 minutos"},"schema":{"@context":"https:\/\/schema.org","@graph":[{"@type":"NewsArticle","@id":"https:\/\/www.gaveanews.com\/index.php\/2024\/11\/02\/ele-deixou-o-flamengo-sem-muitas-oportunidades-e-agora-e-o-principal-destaque-de-seu-time-no-exterior\/#article","isPartOf":{"@id":"https:\/\/www.gaveanews.com\/index.php\/2024\/11\/02\/ele-deixou-o-flamengo-sem-muitas-oportunidades-e-agora-e-o-principal-destaque-de-seu-time-no-exterior\/"},"author":{"name":"D\u00e9bora Figueiredo","@id":"https:\/\/www.gaveanews.com\/#\/schema\/person\/37122681a8575a5c8db05a56f099a5e4"},"headline":"Ele deixou o Flamengo sem muitas oportunidades e agora \u00e9 o principal destaque de seu time no exterior","datePublished":"2024-11-02T11:00:00+00:00","mainEntityOfPage":{"@id":"https:\/\/www.gaveanews.com\/index.php\/2024\/11\/02\/ele-deixou-o-flamengo-sem-muitas-oportunidades-e-agora-e-o-principal-destaque-de-seu-time-no-exterior\/"},"wordCount":542,"commentCount":0,"image":{"@id":"https:\/\/www.gaveanews.com\/index.php\/2024\/11\/02\/ele-deixou-o-flamengo-sem-muitas-oportunidades-e-agora-e-o-principal-destaque-de-seu-time-no-exterior\/#primaryimage"},"thumbnailUrl":"https:\/\/www.gaveanews.com\/wp-content\/uploads\/CT-Ninho-do-Urubu.webp","articleSection":["Flamengo"],"inLanguage":"pt-BR","potentialAction":[{"@type":"CommentAction","name":"Comment","target":["https:\/\/www.gaveanews.com\/index.php\/2024\/11\/02\/ele-deixou-o-flamengo-sem-muitas-oportunidades-e-agora-e-o-principal-destaque-de-seu-time-no-exterior\/#respond"]}],"copyrightYear":"2024","copyrightHolder":{"@id":"https:\/\/www.gaveanews.com\/#organization"}},{"@type":"WebPage","@id":"https:\/\/www.gaveanews.com\/index.php\/2024\/11\/02\/ele-deixou-o-flamengo-sem-muitas-oportunidades-e-agora-e-o-principal-destaque-de-seu-time-no-exterior\/","url":"https:\/\/www.gaveanews.com\/index.php\/2024\/11\/02\/ele-deixou-o-flamengo-sem-muitas-oportunidades-e-agora-e-o-principal-destaque-de-seu-time-no-exterior\/","name":"Ele deixou o Flamengo sem muitas oportunidades e agora \u00e9 o principal destaque de seu time no exterior","isPartOf":{"@id":"https:\/\/www.gaveanews.com\/#website"},"primaryImageOfPage":{"@id":"https:\/\/www.gaveanews.com\/index.php\/2024\/11\/02\/ele-deixou-o-flamengo-sem-muitas-oportunidades-e-agora-e-o-principal-destaque-de-seu-time-no-exterior\/#primaryimage"},"image":{"@id":"https:\/\/www.gaveanews.com\/index.php\/2024\/11\/02\/ele-deixou-o-flamengo-sem-muitas-oportunidades-e-agora-e-o-principal-destaque-de-seu-time-no-exterior\/#primaryimage"},"thumbnailUrl":"https:\/\/www.gaveanews.com\/wp-content\/uploads\/CT-Ninho-do-Urubu.webp","datePublished":"2024-11-02T11:00:00+00:00","author":{"@id":"https:\/\/www.gaveanews.com\/#\/schema\/person\/37122681a8575a5c8db05a56f099a5e4"},"breadcrumb":{"@id":"https:\/\/www.gaveanews.com\/index.php\/2024\/11\/02\/ele-deixou-o-flamengo-sem-muitas-oportunidades-e-agora-e-o-principal-destaque-de-seu-time-no-exterior\/#breadcrumb"},"inLanguage":"pt-BR","potentialAction":[{"@type":"ReadAction","target":["https:\/\/www.gaveanews.com\/index.php\/2024\/11\/02\/ele-deixou-o-flamengo-sem-muitas-oportunidades-e-agora-e-o-principal-destaque-de-seu-time-no-exterior\/"]}]},{"@type":"ImageObject","inLanguage":"pt-BR","@id":"https:\/\/www.gaveanews.com\/index.php\/2024\/11\/02\/ele-deixou-o-flamengo-sem-muitas-oportunidades-e-agora-e-o-principal-destaque-de-seu-time-no-exterior\/#primaryimage","url":"https:\/\/www.gaveanews.com\/wp-content\/uploads\/CT-Ninho-do-Urubu.webp","contentUrl":"https:\/\/www.gaveanews.com\/wp-content\/uploads\/CT-Ninho-do-Urubu.webp","width":640,"height":400,"caption":"CT Ninho do Urubu - Foto: Paula Reis"},{"@type":"BreadcrumbList","@id":"https:\/\/www.gaveanews.com\/index.php\/2024\/11\/02\/ele-deixou-o-flamengo-sem-muitas-oportunidades-e-agora-e-o-principal-destaque-de-seu-time-no-exterior\/#breadcrumb","itemListElement":[{"@type":"ListItem","position":1,"name":"Home","item":"https:\/\/www.gaveanews.com\/"},{"@type":"ListItem","position":2,"name":"Ele deixou o Flamengo sem muitas oportunidades e agora \u00e9 o principal destaque de seu time no exterior"}]},{"@type":"WebSite","@id":"https:\/\/www.gaveanews.com\/#website","url":"https:\/\/www.gaveanews.com\/","name":"G\u00e1vea News","description":"Veja todas as not\u00edcias sobre o Flamengo: Contrata\u00e7\u00f5es, categorias de base, resultados das partidas, tabela de classifica\u00e7\u00e3o, pr\u00f3ximos jogos!","potentialAction":[{"@type":"SearchAction","target":{"@type":"EntryPoint","urlTemplate":"https:\/\/www.gaveanews.com\/?s={search_term_string}"},"query-input":{"@type":"PropertyValueSpecification","valueRequired":true,"valueName":"search_term_string"}}],"inLanguage":"pt-BR"},{"@type":"Person","@id":"https:\/\/www.gaveanews.com\/#\/schema\/person\/37122681a8575a5c8db05a56f099a5e4","name":"D\u00e9bora Figueiredo","image":{"@type":"ImageObject","inLanguage":"pt-BR","@id":"https:\/\/www.gaveanews.com\/#\/schema\/person\/image\/","url":"https:\/\/secure.gravatar.com\/avatar\/1f44802859351588499d26f52aed1d15796ce17e67602895b72837c08018868d?s=96&d=mm&r=g","contentUrl":"https:\/\/secure.gravatar.com\/avatar\/1f44802859351588499d26f52aed1d15796ce17e67602895b72837c08018868d?s=96&d=mm&r=g","caption":"D\u00e9bora Figueiredo"}}]}},"_links":{"self":[{"href":"https:\/\/www.gaveanews.com\/index.php\/wp-json\/wp\/v2\/posts\/180410","targetHints":{"allow":["GET"]}}],"collection":[{"href":"https:\/\/www.gaveanews.com\/index.php\/wp-json\/wp\/v2\/posts"}],"about":[{"href":"https:\/\/www.gaveanews.com\/index.php\/wp-json\/wp\/v2\/types\/post"}],"author":[{"embeddable":true,"href":"https:\/\/www.gaveanews.com\/index.php\/wp-json\/wp\/v2\/users\/16"}],"replies":[{"embeddable":true,"href":"https:\/\/www.gaveanews.com\/index.php\/wp-json\/wp\/v2\/comments?post=180410"}],"version-history":[{"count":1,"href":"https:\/\/www.gaveanews.com\/index.php\/wp-json\/wp\/v2\/posts\/180410\/revisions"}],"predecessor-version":[{"id":180462,"href":"https:\/\/www.gaveanews.com\/index.php\/wp-json\/wp\/v2\/posts\/180410\/revisions\/180462"}],"wp:featuredmedia":[{"embeddable":true,"href":"https:\/\/www.gaveanews.com\/index.php\/wp-json\/wp\/v2\/media\/129425"}],"wp:attachment":[{"href":"https:\/\/www.gaveanews.com\/index.php\/wp-json\/wp\/v2\/media?parent=180410"}],"wp:term":[{"taxonomy":"category","embeddable":true,"href":"https:\/\/www.gaveanews.com\/index.php\/wp-json\/wp\/v2\/categories?post=180410"},{"taxonomy":"post_tag","embeddable":true,"href":"https:\/\/www.gaveanews.com\/index.php\/wp-json\/wp\/v2\/tags?post=180410"}],"curies":[{"name":"wp","href":"https:\/\/api.w.org\/{rel}","templated":true}]}}