{"id":180496,"date":"2024-11-02T07:50:00","date_gmt":"2024-11-02T10:50:00","guid":{"rendered":"https:\/\/www.gaveanews.com\/?p=180496"},"modified":"2024-11-02T05:48:02","modified_gmt":"2024-11-02T08:48:02","slug":"a-declaracao-de-max-verstappen-direcionada-a-hamilton","status":"publish","type":"post","link":"https:\/\/www.gaveanews.com\/index.php\/2024\/11\/02\/a-declaracao-de-max-verstappen-direcionada-a-hamilton\/","title":{"rendered":"A declara\u00e7\u00e3o de Max Verstappen direcionada a Hamilton"},"content":{"rendered":"\n<h2 class=\"wp-block-heading\" id=\"h-verstappen-minimiza-ida-de-hamilton-para-ferrari-e-foca-em-disputa-pelo-tetracampeonato\">Verstappen minimiza ida de Hamilton para Ferrari e foca em disputa pelo tetracampeonato<\/h2>\n\n\n\n<p>Atual tricampe\u00e3o e l\u00edder da temporada de 2024, Max Verstappen comentou sobre a mudan\u00e7a do rival Lewis Hamilton, que deixar\u00e1 a Mercedes para competir pela Ferrari no pr\u00f3ximo ano. Para o holand\u00eas, a transi\u00e7\u00e3o de Hamilton n\u00e3o afeta sua abordagem na F\u00f3rmula 1.<\/p>\n\n\n\n<ul class=\"wp-block-list\">\n<li><a href=\"https:\/\/www.gaveanews.com\/index.php\/2024\/10\/31\/piloto-brasileiro-pode-ganhar-chance-de-correr-na-f1-no-gp-de-sao-paulo\/\">Piloto brasileiro pode ganhar chance de correr na F1 no GP de S\u00e3o Paulo<\/a><\/li>\n\n\n\n<li><a href=\"https:\/\/www.gaveanews.com\/index.php\/2024\/10\/31\/veja-as-novidades-do-grande-premio-de-sao-paulo-de-formula-1-em-2024\/\">Veja as novidades do Grande Pr\u00eamio de S\u00e3o Paulo de F\u00f3rmula 1 em 2024<\/a><\/li>\n<\/ul>\n\n\n\n<p>\u201cN\u00e3o me importo, n\u00e3o \u00e9 algo que \u2018me comove\u2019. N\u00e3o senti nada a respeito. Quero vencer todos os pilotos e carros. Se Lewis estiver pilotando o carro vermelho ou o prateado, para mim, isso n\u00e3o muda nada. Mas entendo o interesse em sua escolha de mudar\u201d, disse Verstappen em entrevista ao <em>Sport Bild<\/em>.<\/p>\n\n\n\n<p>Verstappen tamb\u00e9m avaliou o impacto da nova parceria de Hamilton com Charles Leclerc na Ferrari, afirmando que \u201c\u00e9 algo bom para a F1 e ser\u00e1 interessante ver como ele e Charles Leclerc trabalhar\u00e3o juntos na equipe\u201d. Sobre a possibilidade de ele pr\u00f3prio se juntar \u00e0 escuderia de Maranello, Verstappen foi direto.<\/p>\n\n\n\n<p>\u201cEu? Encaro isso de forma pragm\u00e1tica. Quero vencer, e, para isso, sempre escolherei o carro que me ofere\u00e7a as melhores chances. Atualmente, \u00e9 a Red Bull\u201d, afirmou.<\/p>\n\n\n\n<p>O piloto holand\u00eas refor\u00e7ou que n\u00e3o possui o desejo de vestir o uniforme vermelho da Ferrari, apesar da hist\u00f3ria da equipe italiana no esporte.<\/p>\n\n\n\n<p>\u201cN\u00e3o tenho o desejo secreto de vestir o uniforme vermelho e n\u00e3o estou em busca de novos desafios apenas para testar algo diferente. A Ferrari \u00e9 uma marca incr\u00edvel, com grandes conquistas no esporte, e entendo a decis\u00e3o de Lewis de aproveitar essa oportunidade\u201d, completou Verstappen sobre a escolha do rival.<\/p>\n\n\n\n<p>Questionado sobre compara\u00e7\u00f5es com lendas como Ayrton Senna e Michael Schumacher, Verstappen se mostrou alheio a essas refer\u00eancias, mas reconheceu similaridades.<\/p>\n\n\n\n<p> \u201cN\u00e3o me importo, s\u00f3 quero vencer e dou tudo de mim. Talvez essa abordagem me ligue a pilotos como Michael. Ele tamb\u00e9m n\u00e3o tinha medo de tentar qualquer coisa pelo sucesso, tanto no estilo de pilotagem quanto no desenvolvimento do carro. Sem medo\u201d, declarou, lembrando que seu pai, Jos Verstappen, foi companheiro de Schumacher na F1.<\/p>\n\n\n\n<p>Ao falar sobre a disputa pelo t\u00edtulo de 2024, Verstappen citou a proximidade com o ingl\u00eas Lando Norris, da McLaren, seu principal concorrente neste ano.<\/p>\n\n\n\n<p>\u201c\u00c9 um piloto muito bom, mas n\u00e3o tenho um \u00fanico rival que torne minha vida um inferno. As equipes s\u00e3o muito unidas, cada fim de semana de corrida \u00e9 diferente\u201d, afirmou Verstappen.<\/p>\n\n\n\n<p>Faltando quatro corridas para o fim da temporada, Verstappen lidera o campeonato com 47 pontos de vantagem sobre Norris.<\/p>\n","protected":false},"excerpt":{"rendered":"<p>Verstappen minimiza ida de Hamilton para Ferrari e foca em disputa pelo tetracampeonato Atual tricampe\u00e3o e l\u00edder da temporada de 2024, Max Verstappen comentou sobre a mudan\u00e7a do rival Lewis Hamilton, que deixar\u00e1 a Mercedes para competir pela Ferrari no pr\u00f3ximo ano. Para o holand\u00eas, a transi\u00e7\u00e3o de Hamilton n\u00e3o afeta sua abordagem na F\u00f3rmula [&hellip;]<\/p>\n","protected":false},"author":20,"featured_media":121650,"comment_status":"open","ping_status":"closed","sticky":false,"template":"","format":"standard","meta":{"footnotes":""},"categories":[451],"tags":[],"class_list":["post-180496","post","type-post","status-publish","format-standard","has-post-thumbnail","hentry","category-f1"],"yoast_head":"<!-- This site is optimized with the Yoast SEO Premium plugin v24.2 (Yoast SEO v26.9) - https:\/\/yoast.com\/product\/yoast-seo-premium-wordpress\/ -->\n<title>A declara\u00e7\u00e3o de Max Verstappen direcionada a Hamilton<\/title>\n<meta name=\"robots\" content=\"index, follow, max-snippet:-1, max-image-preview:large, max-video-preview:-1\" \/>\n<link rel=\"canonical\" href=\"https:\/\/www.gaveanews.com\/index.php\/2024\/11\/02\/a-declaracao-de-max-verstappen-direcionada-a-hamilton\/\" \/>\n<meta property=\"og:locale\" content=\"pt_BR\" \/>\n<meta property=\"og:type\" content=\"article\" \/>\n<meta property=\"og:title\" content=\"A declara\u00e7\u00e3o de Max Verstappen direcionada a Hamilton\" \/>\n<meta property=\"og:description\" content=\"Verstappen minimiza ida de Hamilton para Ferrari e foca em disputa pelo tetracampeonato Atual tricampe\u00e3o e l\u00edder da temporada de 2024, Max Verstappen comentou sobre a mudan\u00e7a do rival Lewis Hamilton, que deixar\u00e1 a Mercedes para competir pela Ferrari no pr\u00f3ximo ano. Para o holand\u00eas, a transi\u00e7\u00e3o de Hamilton n\u00e3o afeta sua abordagem na F\u00f3rmula [&hellip;]\" \/>\n<meta property=\"og:url\" content=\"https:\/\/www.gaveanews.com\/index.php\/2024\/11\/02\/a-declaracao-de-max-verstappen-direcionada-a-hamilton\/\" \/>\n<meta property=\"og:site_name\" content=\"G\u00e1vea News\" \/>\n<meta property=\"article:publisher\" content=\"https:\/\/facebook.com\/gaveaNews\/\" \/>\n<meta property=\"article:published_time\" content=\"2024-11-02T10:50:00+00:00\" \/>\n<meta property=\"og:image\" content=\"https:\/\/www.gaveanews.com\/wp-content\/uploads\/f1.webp\" \/>\n\t<meta property=\"og:image:width\" content=\"1280\" \/>\n\t<meta property=\"og:image:height\" content=\"720\" \/>\n\t<meta property=\"og:image:type\" content=\"image\/webp\" \/>\n<meta name=\"author\" content=\"Lucas Barros\" \/>\n<meta name=\"twitter:card\" content=\"summary_large_image\" \/>\n<meta name=\"twitter:label1\" content=\"Escrito por\" \/>\n\t<meta name=\"twitter:data1\" content=\"Lucas Barros\" \/>\n\t<meta name=\"twitter:label2\" content=\"Est. tempo de leitura\" \/>\n\t<meta name=\"twitter:data2\" content=\"3 minutos\" \/>\n<script type=\"application\/ld+json\" class=\"yoast-schema-graph\">{\"@context\":\"https:\/\/schema.org\",\"@graph\":[{\"@type\":\"NewsArticle\",\"@id\":\"https:\/\/www.gaveanews.com\/index.php\/2024\/11\/02\/a-declaracao-de-max-verstappen-direcionada-a-hamilton\/#article\",\"isPartOf\":{\"@id\":\"https:\/\/www.gaveanews.com\/index.php\/2024\/11\/02\/a-declaracao-de-max-verstappen-direcionada-a-hamilton\/\"},\"author\":{\"name\":\"Lucas Barros\",\"@id\":\"https:\/\/www.gaveanews.com\/#\/schema\/person\/2abf0cfa878f5f899daa5f781e82264c\"},\"headline\":\"A declara\u00e7\u00e3o de Max Verstappen direcionada a Hamilton\",\"datePublished\":\"2024-11-02T10:50:00+00:00\",\"mainEntityOfPage\":{\"@id\":\"https:\/\/www.gaveanews.com\/index.php\/2024\/11\/02\/a-declaracao-de-max-verstappen-direcionada-a-hamilton\/\"},\"wordCount\":477,\"commentCount\":0,\"image\":{\"@id\":\"https:\/\/www.gaveanews.com\/index.php\/2024\/11\/02\/a-declaracao-de-max-verstappen-direcionada-a-hamilton\/#primaryimage\"},\"thumbnailUrl\":\"https:\/\/www.gaveanews.com\/wp-content\/uploads\/f1.webp\",\"articleSection\":[\"F1\"],\"inLanguage\":\"pt-BR\",\"potentialAction\":[{\"@type\":\"CommentAction\",\"name\":\"Comment\",\"target\":[\"https:\/\/www.gaveanews.com\/index.php\/2024\/11\/02\/a-declaracao-de-max-verstappen-direcionada-a-hamilton\/#respond\"]}],\"copyrightYear\":\"2024\",\"copyrightHolder\":{\"@id\":\"https:\/\/www.gaveanews.com\/#organization\"}},{\"@type\":\"WebPage\",\"@id\":\"https:\/\/www.gaveanews.com\/index.php\/2024\/11\/02\/a-declaracao-de-max-verstappen-direcionada-a-hamilton\/\",\"url\":\"https:\/\/www.gaveanews.com\/index.php\/2024\/11\/02\/a-declaracao-de-max-verstappen-direcionada-a-hamilton\/\",\"name\":\"A declara\u00e7\u00e3o de Max Verstappen direcionada a Hamilton\",\"isPartOf\":{\"@id\":\"https:\/\/www.gaveanews.com\/#website\"},\"primaryImageOfPage\":{\"@id\":\"https:\/\/www.gaveanews.com\/index.php\/2024\/11\/02\/a-declaracao-de-max-verstappen-direcionada-a-hamilton\/#primaryimage\"},\"image\":{\"@id\":\"https:\/\/www.gaveanews.com\/index.php\/2024\/11\/02\/a-declaracao-de-max-verstappen-direcionada-a-hamilton\/#primaryimage\"},\"thumbnailUrl\":\"https:\/\/www.gaveanews.com\/wp-content\/uploads\/f1.webp\",\"datePublished\":\"2024-11-02T10:50:00+00:00\",\"author\":{\"@id\":\"https:\/\/www.gaveanews.com\/#\/schema\/person\/2abf0cfa878f5f899daa5f781e82264c\"},\"breadcrumb\":{\"@id\":\"https:\/\/www.gaveanews.com\/index.php\/2024\/11\/02\/a-declaracao-de-max-verstappen-direcionada-a-hamilton\/#breadcrumb\"},\"inLanguage\":\"pt-BR\",\"potentialAction\":[{\"@type\":\"ReadAction\",\"target\":[\"https:\/\/www.gaveanews.com\/index.php\/2024\/11\/02\/a-declaracao-de-max-verstappen-direcionada-a-hamilton\/\"]}]},{\"@type\":\"ImageObject\",\"inLanguage\":\"pt-BR\",\"@id\":\"https:\/\/www.gaveanews.com\/index.php\/2024\/11\/02\/a-declaracao-de-max-verstappen-direcionada-a-hamilton\/#primaryimage\",\"url\":\"https:\/\/www.gaveanews.com\/wp-content\/uploads\/f1.webp\",\"contentUrl\":\"https:\/\/www.gaveanews.com\/wp-content\/uploads\/f1.webp\",\"width\":1280,\"height\":720,\"caption\":\"Logo da Formula 1 (Foto: Reprodu\u00e7\u00e3o)\"},{\"@type\":\"BreadcrumbList\",\"@id\":\"https:\/\/www.gaveanews.com\/index.php\/2024\/11\/02\/a-declaracao-de-max-verstappen-direcionada-a-hamilton\/#breadcrumb\",\"itemListElement\":[{\"@type\":\"ListItem\",\"position\":1,\"name\":\"Home\",\"item\":\"https:\/\/www.gaveanews.com\/\"},{\"@type\":\"ListItem\",\"position\":2,\"name\":\"A declara\u00e7\u00e3o de Max Verstappen direcionada a Hamilton\"}]},{\"@type\":\"WebSite\",\"@id\":\"https:\/\/www.gaveanews.com\/#website\",\"url\":\"https:\/\/www.gaveanews.com\/\",\"name\":\"G\u00e1vea News\",\"description\":\"Veja todas as not\u00edcias sobre o Flamengo: Contrata\u00e7\u00f5es, categorias de base, resultados das partidas, tabela de classifica\u00e7\u00e3o, pr\u00f3ximos jogos!\",\"potentialAction\":[{\"@type\":\"SearchAction\",\"target\":{\"@type\":\"EntryPoint\",\"urlTemplate\":\"https:\/\/www.gaveanews.com\/?s={search_term_string}\"},\"query-input\":{\"@type\":\"PropertyValueSpecification\",\"valueRequired\":true,\"valueName\":\"search_term_string\"}}],\"inLanguage\":\"pt-BR\"},{\"@type\":\"Person\",\"@id\":\"https:\/\/www.gaveanews.com\/#\/schema\/person\/2abf0cfa878f5f899daa5f781e82264c\",\"name\":\"Lucas Barros\",\"image\":{\"@type\":\"ImageObject\",\"inLanguage\":\"pt-BR\",\"@id\":\"https:\/\/www.gaveanews.com\/#\/schema\/person\/image\/\",\"url\":\"https:\/\/secure.gravatar.com\/avatar\/67a6069eba66bf6fd7c80b70e1331baa3dbc3d6df5012d5c22eff29c7d59e0b0?s=96&d=mm&r=g\",\"contentUrl\":\"https:\/\/secure.gravatar.com\/avatar\/67a6069eba66bf6fd7c80b70e1331baa3dbc3d6df5012d5c22eff29c7d59e0b0?s=96&d=mm&r=g\",\"caption\":\"Lucas Barros\"}}]}<\/script>\n<!-- \/ Yoast SEO Premium plugin. -->","yoast_head_json":{"title":"A declara\u00e7\u00e3o de Max Verstappen direcionada a Hamilton","robots":{"index":"index","follow":"follow","max-snippet":"max-snippet:-1","max-image-preview":"max-image-preview:large","max-video-preview":"max-video-preview:-1"},"canonical":"https:\/\/www.gaveanews.com\/index.php\/2024\/11\/02\/a-declaracao-de-max-verstappen-direcionada-a-hamilton\/","og_locale":"pt_BR","og_type":"article","og_title":"A declara\u00e7\u00e3o de Max Verstappen direcionada a Hamilton","og_description":"Verstappen minimiza ida de Hamilton para Ferrari e foca em disputa pelo tetracampeonato Atual tricampe\u00e3o e l\u00edder da temporada de 2024, Max Verstappen comentou sobre a mudan\u00e7a do rival Lewis Hamilton, que deixar\u00e1 a Mercedes para competir pela Ferrari no pr\u00f3ximo ano. Para o holand\u00eas, a transi\u00e7\u00e3o de Hamilton n\u00e3o afeta sua abordagem na F\u00f3rmula [&hellip;]","og_url":"https:\/\/www.gaveanews.com\/index.php\/2024\/11\/02\/a-declaracao-de-max-verstappen-direcionada-a-hamilton\/","og_site_name":"G\u00e1vea News","article_publisher":"https:\/\/facebook.com\/gaveaNews\/","article_published_time":"2024-11-02T10:50:00+00:00","og_image":[{"width":1280,"height":720,"url":"https:\/\/www.gaveanews.com\/wp-content\/uploads\/f1.webp","type":"image\/webp"}],"author":"Lucas Barros","twitter_card":"summary_large_image","twitter_misc":{"Escrito por":"Lucas Barros","Est. tempo de leitura":"3 minutos"},"schema":{"@context":"https:\/\/schema.org","@graph":[{"@type":"NewsArticle","@id":"https:\/\/www.gaveanews.com\/index.php\/2024\/11\/02\/a-declaracao-de-max-verstappen-direcionada-a-hamilton\/#article","isPartOf":{"@id":"https:\/\/www.gaveanews.com\/index.php\/2024\/11\/02\/a-declaracao-de-max-verstappen-direcionada-a-hamilton\/"},"author":{"name":"Lucas Barros","@id":"https:\/\/www.gaveanews.com\/#\/schema\/person\/2abf0cfa878f5f899daa5f781e82264c"},"headline":"A declara\u00e7\u00e3o de Max Verstappen direcionada a Hamilton","datePublished":"2024-11-02T10:50:00+00:00","mainEntityOfPage":{"@id":"https:\/\/www.gaveanews.com\/index.php\/2024\/11\/02\/a-declaracao-de-max-verstappen-direcionada-a-hamilton\/"},"wordCount":477,"commentCount":0,"image":{"@id":"https:\/\/www.gaveanews.com\/index.php\/2024\/11\/02\/a-declaracao-de-max-verstappen-direcionada-a-hamilton\/#primaryimage"},"thumbnailUrl":"https:\/\/www.gaveanews.com\/wp-content\/uploads\/f1.webp","articleSection":["F1"],"inLanguage":"pt-BR","potentialAction":[{"@type":"CommentAction","name":"Comment","target":["https:\/\/www.gaveanews.com\/index.php\/2024\/11\/02\/a-declaracao-de-max-verstappen-direcionada-a-hamilton\/#respond"]}],"copyrightYear":"2024","copyrightHolder":{"@id":"https:\/\/www.gaveanews.com\/#organization"}},{"@type":"WebPage","@id":"https:\/\/www.gaveanews.com\/index.php\/2024\/11\/02\/a-declaracao-de-max-verstappen-direcionada-a-hamilton\/","url":"https:\/\/www.gaveanews.com\/index.php\/2024\/11\/02\/a-declaracao-de-max-verstappen-direcionada-a-hamilton\/","name":"A declara\u00e7\u00e3o de Max Verstappen direcionada a Hamilton","isPartOf":{"@id":"https:\/\/www.gaveanews.com\/#website"},"primaryImageOfPage":{"@id":"https:\/\/www.gaveanews.com\/index.php\/2024\/11\/02\/a-declaracao-de-max-verstappen-direcionada-a-hamilton\/#primaryimage"},"image":{"@id":"https:\/\/www.gaveanews.com\/index.php\/2024\/11\/02\/a-declaracao-de-max-verstappen-direcionada-a-hamilton\/#primaryimage"},"thumbnailUrl":"https:\/\/www.gaveanews.com\/wp-content\/uploads\/f1.webp","datePublished":"2024-11-02T10:50:00+00:00","author":{"@id":"https:\/\/www.gaveanews.com\/#\/schema\/person\/2abf0cfa878f5f899daa5f781e82264c"},"breadcrumb":{"@id":"https:\/\/www.gaveanews.com\/index.php\/2024\/11\/02\/a-declaracao-de-max-verstappen-direcionada-a-hamilton\/#breadcrumb"},"inLanguage":"pt-BR","potentialAction":[{"@type":"ReadAction","target":["https:\/\/www.gaveanews.com\/index.php\/2024\/11\/02\/a-declaracao-de-max-verstappen-direcionada-a-hamilton\/"]}]},{"@type":"ImageObject","inLanguage":"pt-BR","@id":"https:\/\/www.gaveanews.com\/index.php\/2024\/11\/02\/a-declaracao-de-max-verstappen-direcionada-a-hamilton\/#primaryimage","url":"https:\/\/www.gaveanews.com\/wp-content\/uploads\/f1.webp","contentUrl":"https:\/\/www.gaveanews.com\/wp-content\/uploads\/f1.webp","width":1280,"height":720,"caption":"Logo da Formula 1 (Foto: Reprodu\u00e7\u00e3o)"},{"@type":"BreadcrumbList","@id":"https:\/\/www.gaveanews.com\/index.php\/2024\/11\/02\/a-declaracao-de-max-verstappen-direcionada-a-hamilton\/#breadcrumb","itemListElement":[{"@type":"ListItem","position":1,"name":"Home","item":"https:\/\/www.gaveanews.com\/"},{"@type":"ListItem","position":2,"name":"A declara\u00e7\u00e3o de Max Verstappen direcionada a Hamilton"}]},{"@type":"WebSite","@id":"https:\/\/www.gaveanews.com\/#website","url":"https:\/\/www.gaveanews.com\/","name":"G\u00e1vea News","description":"Veja todas as not\u00edcias sobre o Flamengo: Contrata\u00e7\u00f5es, categorias de base, resultados das partidas, tabela de classifica\u00e7\u00e3o, pr\u00f3ximos jogos!","potentialAction":[{"@type":"SearchAction","target":{"@type":"EntryPoint","urlTemplate":"https:\/\/www.gaveanews.com\/?s={search_term_string}"},"query-input":{"@type":"PropertyValueSpecification","valueRequired":true,"valueName":"search_term_string"}}],"inLanguage":"pt-BR"},{"@type":"Person","@id":"https:\/\/www.gaveanews.com\/#\/schema\/person\/2abf0cfa878f5f899daa5f781e82264c","name":"Lucas Barros","image":{"@type":"ImageObject","inLanguage":"pt-BR","@id":"https:\/\/www.gaveanews.com\/#\/schema\/person\/image\/","url":"https:\/\/secure.gravatar.com\/avatar\/67a6069eba66bf6fd7c80b70e1331baa3dbc3d6df5012d5c22eff29c7d59e0b0?s=96&d=mm&r=g","contentUrl":"https:\/\/secure.gravatar.com\/avatar\/67a6069eba66bf6fd7c80b70e1331baa3dbc3d6df5012d5c22eff29c7d59e0b0?s=96&d=mm&r=g","caption":"Lucas Barros"}}]}},"_links":{"self":[{"href":"https:\/\/www.gaveanews.com\/index.php\/wp-json\/wp\/v2\/posts\/180496","targetHints":{"allow":["GET"]}}],"collection":[{"href":"https:\/\/www.gaveanews.com\/index.php\/wp-json\/wp\/v2\/posts"}],"about":[{"href":"https:\/\/www.gaveanews.com\/index.php\/wp-json\/wp\/v2\/types\/post"}],"author":[{"embeddable":true,"href":"https:\/\/www.gaveanews.com\/index.php\/wp-json\/wp\/v2\/users\/20"}],"replies":[{"embeddable":true,"href":"https:\/\/www.gaveanews.com\/index.php\/wp-json\/wp\/v2\/comments?post=180496"}],"version-history":[{"count":1,"href":"https:\/\/www.gaveanews.com\/index.php\/wp-json\/wp\/v2\/posts\/180496\/revisions"}],"predecessor-version":[{"id":180497,"href":"https:\/\/www.gaveanews.com\/index.php\/wp-json\/wp\/v2\/posts\/180496\/revisions\/180497"}],"wp:featuredmedia":[{"embeddable":true,"href":"https:\/\/www.gaveanews.com\/index.php\/wp-json\/wp\/v2\/media\/121650"}],"wp:attachment":[{"href":"https:\/\/www.gaveanews.com\/index.php\/wp-json\/wp\/v2\/media?parent=180496"}],"wp:term":[{"taxonomy":"category","embeddable":true,"href":"https:\/\/www.gaveanews.com\/index.php\/wp-json\/wp\/v2\/categories?post=180496"},{"taxonomy":"post_tag","embeddable":true,"href":"https:\/\/www.gaveanews.com\/index.php\/wp-json\/wp\/v2\/tags?post=180496"}],"curies":[{"name":"wp","href":"https:\/\/api.w.org\/{rel}","templated":true}]}}