{"id":18059,"date":"2019-04-22T07:45:16","date_gmt":"2019-04-22T10:45:16","guid":{"rendered":"https:\/\/www.gaveanews.com\/?p=18059"},"modified":"2024-04-07T08:45:25","modified_gmt":"2024-04-07T11:45:25","slug":"willian-arao-comemora-gol-e-titulo-pelo-flamengo-cereja-do-bolo","status":"publish","type":"post","link":"https:\/\/www.gaveanews.com\/index.php\/2019\/04\/22\/willian-arao-comemora-gol-e-titulo-pelo-flamengo-cereja-do-bolo\/","title":{"rendered":"Willian Ar\u00e3o comemora gol e t\u00edtulo pelo Flamengo: &#8216;Cereja do bolo&#8217;"},"content":{"rendered":"\n<p>A tarde deste domingo foi de festa no Flamengo. O time derrotou o Vasco por 2 a 0 e faturou pela 35\u00aa vez o Campeonato Carioca. Autor do primeiro gol, Willian Ar\u00e3o comemorou o t\u00edtulo, destacando que foi a cereja do bolo pelo trabalho que vem sendo realizado neste primeiro semestre.<\/p>\n\n\n\n<p>\u2013 Cereja do bolo, n\u00e9? A gente vem jogando bem, trabalhando bem. A gente fez por merecer. Em cada partida, cada jogada, ningu\u00e9m nos deu nada. Coroa\u00e7\u00e3o de um trabalho. Elenco todo est\u00e1 de parab\u00e9ns. Elogios tamb\u00e9m para os m\u00e9dicos, fisioterapeutas, preparadores f\u00edsicos. N\u00e3o foram s\u00f3 11 que conquistaram &#8211; afirmou o jogador.<\/p>\n\n\n\n<p><strong>Assista o gol do volante abaixo:<\/strong><\/p>\n\n\n\n<p style=\"font-size:11px;text-align:right\" class=\"seguirInstagram\">(<a href=\"http:\/\/bit.ly\/Instagram-Gavea-News\">siga nosso perfil no Instagram: @GaveaNews<\/a>)<\/p>\n\n\n\n<figure class=\"wp-block-embed-instagram wp-block-embed is-type-rich is-provider-instagram\"><div class=\"wp-block-embed__wrapper\">\nhttps:\/\/www.instagram.com\/p\/Bwh393DlIrz\/\n<\/div><\/figure>\n\n\n\n<p>Diego Alves tamb\u00e9m comemorou o t\u00edtulo estadual.<\/p>\n\n\n\n<p>\u2013 Acredito que quem est\u00e1 de fora acha que \u00e9 obriga\u00e7\u00e3o, mas ganhar o Carioca \u00e9 dif\u00edcil. A gente entra na competi\u00e7\u00e3o com os times treinando h\u00e1 mais de um m\u00eas. Pelo lado individual, eu sempre tenho confian\u00e7a no meu trabalho, no que fa\u00e7o. Agrade\u00e7o a todos que me apoiaram para eu ficar aqui. Foi o primeiro de muitos &#8211; destacou.<\/p>\n\n\n\n<p>O Flamengo volta a campo na quarta-feira, pela Conmebol Libertadores, diante da LDU, fora de casa.  Um empate classifica o Rubro-Negro para as oitavas de final com uma rodada de anteced\u00eancia.<\/p>\n\n\n\n<p style=\"font-size:11px;text-align:right\" class=\"seguirInstagram\">(<a href=\"http:\/\/bit.ly\/Instagram-Gavea-News\">siga nosso perfil no Instagram: @GaveaNews<\/a>)<\/p>\n\n\n\n<figure class=\"wp-block-embed-instagram wp-block-embed is-type-rich is-provider-instagram\"><div class=\"wp-block-embed__wrapper\">\nhttps:\/\/www.instagram.com\/p\/BwiCQlqFeTq\/\n<\/div><\/figure>\n\n\n\n\n\n<p>Retirado de: Lance<\/p>\n","protected":false},"excerpt":{"rendered":"<p>A tarde deste domingo foi de festa no Flamengo. O time derrotou o Vasco por 2 a 0 e faturou pela 35\u00aa vez o Campeonato Carioca. Autor do primeiro gol, Willian Ar\u00e3o comemorou o t\u00edtulo, destacando que foi a cereja do bolo pelo trabalho que vem sendo realizado neste primeiro semestre. \u2013 Cereja do bolo, [&hellip;]<\/p>\n","protected":false},"author":1,"featured_media":15125,"comment_status":"open","ping_status":"open","sticky":false,"template":"","format":"standard","meta":{"footnotes":""},"categories":[1],"tags":[187],"class_list":["post-18059","post","type-post","status-publish","format-standard","has-post-thumbnail","hentry","category-flamengo","tag-willian-souza-arao-da-silva"],"yoast_head":"<!-- This site is optimized with the Yoast SEO Premium plugin v24.2 (Yoast SEO v26.9) - https:\/\/yoast.com\/product\/yoast-seo-premium-wordpress\/ -->\n<title>Willian Ar\u00e3o comemora gol e t\u00edtulo pelo Flamengo: &#039;Cereja do bolo&#039;<\/title>\n<meta name=\"robots\" content=\"index, follow, max-snippet:-1, max-image-preview:large, max-video-preview:-1\" \/>\n<link rel=\"canonical\" href=\"https:\/\/www.gaveanews.com\/index.php\/2019\/04\/22\/willian-arao-comemora-gol-e-titulo-pelo-flamengo-cereja-do-bolo\/\" \/>\n<meta property=\"og:locale\" content=\"pt_BR\" \/>\n<meta property=\"og:type\" content=\"article\" \/>\n<meta property=\"og:title\" content=\"Willian Ar\u00e3o comemora gol e t\u00edtulo pelo Flamengo: &#039;Cereja do bolo&#039;\" \/>\n<meta property=\"og:description\" content=\"A tarde deste domingo foi de festa no Flamengo. O time derrotou o Vasco por 2 a 0 e faturou pela 35\u00aa vez o Campeonato Carioca. Autor do primeiro gol, Willian Ar\u00e3o comemorou o t\u00edtulo, destacando que foi a cereja do bolo pelo trabalho que vem sendo realizado neste primeiro semestre. \u2013 Cereja do bolo, [&hellip;]\" \/>\n<meta property=\"og:url\" content=\"https:\/\/www.gaveanews.com\/index.php\/2019\/04\/22\/willian-arao-comemora-gol-e-titulo-pelo-flamengo-cereja-do-bolo\/\" \/>\n<meta property=\"og:site_name\" content=\"G\u00e1vea News\" \/>\n<meta property=\"article:publisher\" content=\"https:\/\/facebook.com\/gaveaNews\/\" \/>\n<meta property=\"article:published_time\" content=\"2019-04-22T10:45:16+00:00\" \/>\n<meta property=\"article:modified_time\" content=\"2024-04-07T11:45:25+00:00\" \/>\n<meta property=\"og:image\" content=\"https:\/\/www.gaveanews.com\/wp-content\/uploads\/2019\/03\/Diego-Ribas-e-Willian-Arao-durante-treinamento-no-Ninho-do-Urubu.webp\" \/>\n\t<meta property=\"og:image:width\" content=\"1\" \/>\n\t<meta property=\"og:image:height\" content=\"1\" \/>\n\t<meta property=\"og:image:type\" content=\"image\/jpeg\" \/>\n<meta name=\"author\" content=\"Equipe G\u00e1vea News\" \/>\n<meta name=\"twitter:card\" content=\"summary_large_image\" \/>\n<meta name=\"twitter:label1\" content=\"Escrito por\" \/>\n\t<meta name=\"twitter:data1\" content=\"Equipe G\u00e1vea News\" \/>\n\t<meta name=\"twitter:label2\" content=\"Est. tempo de leitura\" \/>\n\t<meta name=\"twitter:data2\" content=\"1 minuto\" \/>\n<script type=\"application\/ld+json\" class=\"yoast-schema-graph\">{\"@context\":\"https:\/\/schema.org\",\"@graph\":[{\"@type\":\"NewsArticle\",\"@id\":\"https:\/\/www.gaveanews.com\/index.php\/2019\/04\/22\/willian-arao-comemora-gol-e-titulo-pelo-flamengo-cereja-do-bolo\/#article\",\"isPartOf\":{\"@id\":\"https:\/\/www.gaveanews.com\/index.php\/2019\/04\/22\/willian-arao-comemora-gol-e-titulo-pelo-flamengo-cereja-do-bolo\/\"},\"author\":{\"name\":\"Equipe G\u00e1vea News\",\"@id\":\"https:\/\/www.gaveanews.com\/#\/schema\/person\/2ec14f73fb96be2caf28f91afb14749d\"},\"headline\":\"Willian Ar\u00e3o comemora gol e t\u00edtulo pelo Flamengo: &#8216;Cereja do bolo&#8217;\",\"datePublished\":\"2019-04-22T10:45:16+00:00\",\"dateModified\":\"2024-04-07T11:45:25+00:00\",\"mainEntityOfPage\":{\"@id\":\"https:\/\/www.gaveanews.com\/index.php\/2019\/04\/22\/willian-arao-comemora-gol-e-titulo-pelo-flamengo-cereja-do-bolo\/\"},\"wordCount\":249,\"commentCount\":0,\"image\":{\"@id\":\"https:\/\/www.gaveanews.com\/index.php\/2019\/04\/22\/willian-arao-comemora-gol-e-titulo-pelo-flamengo-cereja-do-bolo\/#primaryimage\"},\"thumbnailUrl\":\"https:\/\/www.gaveanews.com\/wp-content\/uploads\/2019\/03\/Diego-Ribas-e-Willian-Arao-durante-treinamento-no-Ninho-do-Urubu.webp\",\"keywords\":[\"Willian Souza Ar\u00e3o da Silva\"],\"articleSection\":[\"Flamengo\"],\"inLanguage\":\"pt-BR\",\"potentialAction\":[{\"@type\":\"CommentAction\",\"name\":\"Comment\",\"target\":[\"https:\/\/www.gaveanews.com\/index.php\/2019\/04\/22\/willian-arao-comemora-gol-e-titulo-pelo-flamengo-cereja-do-bolo\/#respond\"]}],\"copyrightYear\":\"2019\",\"copyrightHolder\":{\"@id\":\"https:\/\/www.gaveanews.com\/#organization\"}},{\"@type\":\"WebPage\",\"@id\":\"https:\/\/www.gaveanews.com\/index.php\/2019\/04\/22\/willian-arao-comemora-gol-e-titulo-pelo-flamengo-cereja-do-bolo\/\",\"url\":\"https:\/\/www.gaveanews.com\/index.php\/2019\/04\/22\/willian-arao-comemora-gol-e-titulo-pelo-flamengo-cereja-do-bolo\/\",\"name\":\"Willian Ar\u00e3o comemora gol e t\u00edtulo pelo Flamengo: 'Cereja do bolo'\",\"isPartOf\":{\"@id\":\"https:\/\/www.gaveanews.com\/#website\"},\"primaryImageOfPage\":{\"@id\":\"https:\/\/www.gaveanews.com\/index.php\/2019\/04\/22\/willian-arao-comemora-gol-e-titulo-pelo-flamengo-cereja-do-bolo\/#primaryimage\"},\"image\":{\"@id\":\"https:\/\/www.gaveanews.com\/index.php\/2019\/04\/22\/willian-arao-comemora-gol-e-titulo-pelo-flamengo-cereja-do-bolo\/#primaryimage\"},\"thumbnailUrl\":\"https:\/\/www.gaveanews.com\/wp-content\/uploads\/2019\/03\/Diego-Ribas-e-Willian-Arao-durante-treinamento-no-Ninho-do-Urubu.webp\",\"datePublished\":\"2019-04-22T10:45:16+00:00\",\"dateModified\":\"2024-04-07T11:45:25+00:00\",\"author\":{\"@id\":\"https:\/\/www.gaveanews.com\/#\/schema\/person\/2ec14f73fb96be2caf28f91afb14749d\"},\"breadcrumb\":{\"@id\":\"https:\/\/www.gaveanews.com\/index.php\/2019\/04\/22\/willian-arao-comemora-gol-e-titulo-pelo-flamengo-cereja-do-bolo\/#breadcrumb\"},\"inLanguage\":\"pt-BR\",\"potentialAction\":[{\"@type\":\"ReadAction\",\"target\":[\"https:\/\/www.gaveanews.com\/index.php\/2019\/04\/22\/willian-arao-comemora-gol-e-titulo-pelo-flamengo-cereja-do-bolo\/\"]}]},{\"@type\":\"ImageObject\",\"inLanguage\":\"pt-BR\",\"@id\":\"https:\/\/www.gaveanews.com\/index.php\/2019\/04\/22\/willian-arao-comemora-gol-e-titulo-pelo-flamengo-cereja-do-bolo\/#primaryimage\",\"url\":\"https:\/\/www.gaveanews.com\/wp-content\/uploads\/2019\/03\/Diego-Ribas-e-Willian-Arao-durante-treinamento-no-Ninho-do-Urubu.webp\",\"contentUrl\":\"https:\/\/www.gaveanews.com\/wp-content\/uploads\/2019\/03\/Diego-Ribas-e-Willian-Arao-durante-treinamento-no-Ninho-do-Urubu.webp\",\"width\":880,\"height\":586,\"caption\":\"Diego Ribas e Willian Ar\u00e3o durante treinamento no Ninho do Urubu (Foto: Gilvan de Souza\/Flamengo)\"},{\"@type\":\"BreadcrumbList\",\"@id\":\"https:\/\/www.gaveanews.com\/index.php\/2019\/04\/22\/willian-arao-comemora-gol-e-titulo-pelo-flamengo-cereja-do-bolo\/#breadcrumb\",\"itemListElement\":[{\"@type\":\"ListItem\",\"position\":1,\"name\":\"Home\",\"item\":\"https:\/\/www.gaveanews.com\/\"},{\"@type\":\"ListItem\",\"position\":2,\"name\":\"Willian Ar\u00e3o comemora gol e t\u00edtulo pelo Flamengo: &#8216;Cereja do bolo&#8217;\"}]},{\"@type\":\"WebSite\",\"@id\":\"https:\/\/www.gaveanews.com\/#website\",\"url\":\"https:\/\/www.gaveanews.com\/\",\"name\":\"G\u00e1vea News\",\"description\":\"Veja todas as not\u00edcias sobre o Flamengo: Contrata\u00e7\u00f5es, categorias de base, resultados das partidas, tabela de classifica\u00e7\u00e3o, pr\u00f3ximos jogos!\",\"potentialAction\":[{\"@type\":\"SearchAction\",\"target\":{\"@type\":\"EntryPoint\",\"urlTemplate\":\"https:\/\/www.gaveanews.com\/?s={search_term_string}\"},\"query-input\":{\"@type\":\"PropertyValueSpecification\",\"valueRequired\":true,\"valueName\":\"search_term_string\"}}],\"inLanguage\":\"pt-BR\"},{\"@type\":\"Person\",\"@id\":\"https:\/\/www.gaveanews.com\/#\/schema\/person\/2ec14f73fb96be2caf28f91afb14749d\",\"name\":\"Equipe G\u00e1vea News\",\"image\":{\"@type\":\"ImageObject\",\"inLanguage\":\"pt-BR\",\"@id\":\"https:\/\/www.gaveanews.com\/#\/schema\/person\/image\/\",\"url\":\"https:\/\/secure.gravatar.com\/avatar\/1e1956f1facbffd3f8fa53a326721950116b3b9dc9bd44939c01180fd4a745a9?s=96&d=mm&r=g\",\"contentUrl\":\"https:\/\/secure.gravatar.com\/avatar\/1e1956f1facbffd3f8fa53a326721950116b3b9dc9bd44939c01180fd4a745a9?s=96&d=mm&r=g\",\"caption\":\"Equipe G\u00e1vea News\"}}]}<\/script>\n<!-- \/ Yoast SEO Premium plugin. -->","yoast_head_json":{"title":"Willian Ar\u00e3o comemora gol e t\u00edtulo pelo Flamengo: 'Cereja do bolo'","robots":{"index":"index","follow":"follow","max-snippet":"max-snippet:-1","max-image-preview":"max-image-preview:large","max-video-preview":"max-video-preview:-1"},"canonical":"https:\/\/www.gaveanews.com\/index.php\/2019\/04\/22\/willian-arao-comemora-gol-e-titulo-pelo-flamengo-cereja-do-bolo\/","og_locale":"pt_BR","og_type":"article","og_title":"Willian Ar\u00e3o comemora gol e t\u00edtulo pelo Flamengo: 'Cereja do bolo'","og_description":"A tarde deste domingo foi de festa no Flamengo. O time derrotou o Vasco por 2 a 0 e faturou pela 35\u00aa vez o Campeonato Carioca. Autor do primeiro gol, Willian Ar\u00e3o comemorou o t\u00edtulo, destacando que foi a cereja do bolo pelo trabalho que vem sendo realizado neste primeiro semestre. \u2013 Cereja do bolo, [&hellip;]","og_url":"https:\/\/www.gaveanews.com\/index.php\/2019\/04\/22\/willian-arao-comemora-gol-e-titulo-pelo-flamengo-cereja-do-bolo\/","og_site_name":"G\u00e1vea News","article_publisher":"https:\/\/facebook.com\/gaveaNews\/","article_published_time":"2019-04-22T10:45:16+00:00","article_modified_time":"2024-04-07T11:45:25+00:00","og_image":[{"url":"https:\/\/www.gaveanews.com\/wp-content\/uploads\/2019\/03\/Diego-Ribas-e-Willian-Arao-durante-treinamento-no-Ninho-do-Urubu.webp","width":1,"height":1,"type":"image\/jpeg"}],"author":"Equipe G\u00e1vea News","twitter_card":"summary_large_image","twitter_misc":{"Escrito por":"Equipe G\u00e1vea News","Est. tempo de leitura":"1 minuto"},"schema":{"@context":"https:\/\/schema.org","@graph":[{"@type":"NewsArticle","@id":"https:\/\/www.gaveanews.com\/index.php\/2019\/04\/22\/willian-arao-comemora-gol-e-titulo-pelo-flamengo-cereja-do-bolo\/#article","isPartOf":{"@id":"https:\/\/www.gaveanews.com\/index.php\/2019\/04\/22\/willian-arao-comemora-gol-e-titulo-pelo-flamengo-cereja-do-bolo\/"},"author":{"name":"Equipe G\u00e1vea News","@id":"https:\/\/www.gaveanews.com\/#\/schema\/person\/2ec14f73fb96be2caf28f91afb14749d"},"headline":"Willian Ar\u00e3o comemora gol e t\u00edtulo pelo Flamengo: &#8216;Cereja do bolo&#8217;","datePublished":"2019-04-22T10:45:16+00:00","dateModified":"2024-04-07T11:45:25+00:00","mainEntityOfPage":{"@id":"https:\/\/www.gaveanews.com\/index.php\/2019\/04\/22\/willian-arao-comemora-gol-e-titulo-pelo-flamengo-cereja-do-bolo\/"},"wordCount":249,"commentCount":0,"image":{"@id":"https:\/\/www.gaveanews.com\/index.php\/2019\/04\/22\/willian-arao-comemora-gol-e-titulo-pelo-flamengo-cereja-do-bolo\/#primaryimage"},"thumbnailUrl":"https:\/\/www.gaveanews.com\/wp-content\/uploads\/2019\/03\/Diego-Ribas-e-Willian-Arao-durante-treinamento-no-Ninho-do-Urubu.webp","keywords":["Willian Souza Ar\u00e3o da Silva"],"articleSection":["Flamengo"],"inLanguage":"pt-BR","potentialAction":[{"@type":"CommentAction","name":"Comment","target":["https:\/\/www.gaveanews.com\/index.php\/2019\/04\/22\/willian-arao-comemora-gol-e-titulo-pelo-flamengo-cereja-do-bolo\/#respond"]}],"copyrightYear":"2019","copyrightHolder":{"@id":"https:\/\/www.gaveanews.com\/#organization"}},{"@type":"WebPage","@id":"https:\/\/www.gaveanews.com\/index.php\/2019\/04\/22\/willian-arao-comemora-gol-e-titulo-pelo-flamengo-cereja-do-bolo\/","url":"https:\/\/www.gaveanews.com\/index.php\/2019\/04\/22\/willian-arao-comemora-gol-e-titulo-pelo-flamengo-cereja-do-bolo\/","name":"Willian Ar\u00e3o comemora gol e t\u00edtulo pelo Flamengo: 'Cereja do bolo'","isPartOf":{"@id":"https:\/\/www.gaveanews.com\/#website"},"primaryImageOfPage":{"@id":"https:\/\/www.gaveanews.com\/index.php\/2019\/04\/22\/willian-arao-comemora-gol-e-titulo-pelo-flamengo-cereja-do-bolo\/#primaryimage"},"image":{"@id":"https:\/\/www.gaveanews.com\/index.php\/2019\/04\/22\/willian-arao-comemora-gol-e-titulo-pelo-flamengo-cereja-do-bolo\/#primaryimage"},"thumbnailUrl":"https:\/\/www.gaveanews.com\/wp-content\/uploads\/2019\/03\/Diego-Ribas-e-Willian-Arao-durante-treinamento-no-Ninho-do-Urubu.webp","datePublished":"2019-04-22T10:45:16+00:00","dateModified":"2024-04-07T11:45:25+00:00","author":{"@id":"https:\/\/www.gaveanews.com\/#\/schema\/person\/2ec14f73fb96be2caf28f91afb14749d"},"breadcrumb":{"@id":"https:\/\/www.gaveanews.com\/index.php\/2019\/04\/22\/willian-arao-comemora-gol-e-titulo-pelo-flamengo-cereja-do-bolo\/#breadcrumb"},"inLanguage":"pt-BR","potentialAction":[{"@type":"ReadAction","target":["https:\/\/www.gaveanews.com\/index.php\/2019\/04\/22\/willian-arao-comemora-gol-e-titulo-pelo-flamengo-cereja-do-bolo\/"]}]},{"@type":"ImageObject","inLanguage":"pt-BR","@id":"https:\/\/www.gaveanews.com\/index.php\/2019\/04\/22\/willian-arao-comemora-gol-e-titulo-pelo-flamengo-cereja-do-bolo\/#primaryimage","url":"https:\/\/www.gaveanews.com\/wp-content\/uploads\/2019\/03\/Diego-Ribas-e-Willian-Arao-durante-treinamento-no-Ninho-do-Urubu.webp","contentUrl":"https:\/\/www.gaveanews.com\/wp-content\/uploads\/2019\/03\/Diego-Ribas-e-Willian-Arao-durante-treinamento-no-Ninho-do-Urubu.webp","width":880,"height":586,"caption":"Diego Ribas e Willian Ar\u00e3o durante treinamento no Ninho do Urubu (Foto: Gilvan de Souza\/Flamengo)"},{"@type":"BreadcrumbList","@id":"https:\/\/www.gaveanews.com\/index.php\/2019\/04\/22\/willian-arao-comemora-gol-e-titulo-pelo-flamengo-cereja-do-bolo\/#breadcrumb","itemListElement":[{"@type":"ListItem","position":1,"name":"Home","item":"https:\/\/www.gaveanews.com\/"},{"@type":"ListItem","position":2,"name":"Willian Ar\u00e3o comemora gol e t\u00edtulo pelo Flamengo: &#8216;Cereja do bolo&#8217;"}]},{"@type":"WebSite","@id":"https:\/\/www.gaveanews.com\/#website","url":"https:\/\/www.gaveanews.com\/","name":"G\u00e1vea News","description":"Veja todas as not\u00edcias sobre o Flamengo: Contrata\u00e7\u00f5es, categorias de base, resultados das partidas, tabela de classifica\u00e7\u00e3o, pr\u00f3ximos jogos!","potentialAction":[{"@type":"SearchAction","target":{"@type":"EntryPoint","urlTemplate":"https:\/\/www.gaveanews.com\/?s={search_term_string}"},"query-input":{"@type":"PropertyValueSpecification","valueRequired":true,"valueName":"search_term_string"}}],"inLanguage":"pt-BR"},{"@type":"Person","@id":"https:\/\/www.gaveanews.com\/#\/schema\/person\/2ec14f73fb96be2caf28f91afb14749d","name":"Equipe G\u00e1vea News","image":{"@type":"ImageObject","inLanguage":"pt-BR","@id":"https:\/\/www.gaveanews.com\/#\/schema\/person\/image\/","url":"https:\/\/secure.gravatar.com\/avatar\/1e1956f1facbffd3f8fa53a326721950116b3b9dc9bd44939c01180fd4a745a9?s=96&d=mm&r=g","contentUrl":"https:\/\/secure.gravatar.com\/avatar\/1e1956f1facbffd3f8fa53a326721950116b3b9dc9bd44939c01180fd4a745a9?s=96&d=mm&r=g","caption":"Equipe G\u00e1vea News"}}]}},"_links":{"self":[{"href":"https:\/\/www.gaveanews.com\/index.php\/wp-json\/wp\/v2\/posts\/18059","targetHints":{"allow":["GET"]}}],"collection":[{"href":"https:\/\/www.gaveanews.com\/index.php\/wp-json\/wp\/v2\/posts"}],"about":[{"href":"https:\/\/www.gaveanews.com\/index.php\/wp-json\/wp\/v2\/types\/post"}],"author":[{"embeddable":true,"href":"https:\/\/www.gaveanews.com\/index.php\/wp-json\/wp\/v2\/users\/1"}],"replies":[{"embeddable":true,"href":"https:\/\/www.gaveanews.com\/index.php\/wp-json\/wp\/v2\/comments?post=18059"}],"version-history":[{"count":1,"href":"https:\/\/www.gaveanews.com\/index.php\/wp-json\/wp\/v2\/posts\/18059\/revisions"}],"predecessor-version":[{"id":136270,"href":"https:\/\/www.gaveanews.com\/index.php\/wp-json\/wp\/v2\/posts\/18059\/revisions\/136270"}],"wp:featuredmedia":[{"embeddable":true,"href":"https:\/\/www.gaveanews.com\/index.php\/wp-json\/wp\/v2\/media\/15125"}],"wp:attachment":[{"href":"https:\/\/www.gaveanews.com\/index.php\/wp-json\/wp\/v2\/media?parent=18059"}],"wp:term":[{"taxonomy":"category","embeddable":true,"href":"https:\/\/www.gaveanews.com\/index.php\/wp-json\/wp\/v2\/categories?post=18059"},{"taxonomy":"post_tag","embeddable":true,"href":"https:\/\/www.gaveanews.com\/index.php\/wp-json\/wp\/v2\/tags?post=18059"}],"curies":[{"name":"wp","href":"https:\/\/api.w.org\/{rel}","templated":true}]}}