{"id":180682,"date":"2024-11-03T20:30:00","date_gmt":"2024-11-03T23:30:00","guid":{"rendered":"https:\/\/www.gaveanews.com\/?p=180682"},"modified":"2024-11-03T19:00:45","modified_gmt":"2024-11-03T22:00:45","slug":"futuro-de-gabigol-homenagem-para-vini-jr-e-declaracao-de-petkovic-as-ultimas-noticias-do-flamengo","status":"publish","type":"post","link":"https:\/\/www.gaveanews.com\/index.php\/2024\/11\/03\/futuro-de-gabigol-homenagem-para-vini-jr-e-declaracao-de-petkovic-as-ultimas-noticias-do-flamengo\/","title":{"rendered":"Futuro de Gabigol, homenagem para Vini Jr e declara\u00e7\u00e3o de Petkovic: as \u00faltimas not\u00edcias do Flamengo"},"content":{"rendered":"\n<p>Nas \u00faltimas horas, o foco das not\u00edcias sobre o Flamengo se concentram nos bastidores do clube, com destaques como o futuro de Gabigol e a declara\u00e7\u00e3o de Petkovic.<\/p>\n\n\n\n<p>Por conta deste contexto, leia abaixo um resumo preparado pela equipe do portal G\u00e1vea News para lhe manter muito bem informado!<\/p>\n\n\n\n<h2 class=\"wp-block-heading\" id=\"h-declaracao-de-petkovic\">Declara\u00e7\u00e3o de Petkovic<\/h2>\n\n\n\n<p>Dejan Petkovic, ex-jogador s\u00e9rvio e atual comentarista esportivo, reafirmou o carinho e a identifica\u00e7\u00e3o que mant\u00e9m com o Flamengo, clube onde se tornou \u00eddolo devido a suas conquistas e contribui\u00e7\u00f5es marcantes, como na conquista do Brasileir\u00e3o de 2009. Mesmo ap\u00f3s passagens por outros clubes cariocas, como Vasco e Fluminense, Petkovic destaca a forte liga\u00e7\u00e3o e admira\u00e7\u00e3o que conserva pelo Rubro-Negro. Ele reconhece que, apesar de ter jogado por v\u00e1rias equipes, seu v\u00ednculo mais duradouro e repleto de vit\u00f3rias foi com o Flamengo. <strong><a href=\"https:\/\/www.gaveanews.com\/index.php\/2024\/11\/02\/dejan-petkovic-aponta-torcida-que-e-parecida-com-a-do-flamengo\/\">(leia a mat\u00e9ria completa)<\/a><\/strong><\/p>\n\n\n\n<figure class=\"wp-block-image size-full\"><img loading=\"lazy\" decoding=\"async\" width=\"606\" height=\"455\" src=\"https:\/\/www.gaveanews.com\/wp-content\/uploads\/Dejan-Petkovic-jogando-pelo-Flamengo.webp\" alt=\"\" class=\"wp-image-143694\" srcset=\"https:\/\/www.gaveanews.com\/wp-content\/uploads\/Dejan-Petkovic-jogando-pelo-Flamengo.webp 606w, https:\/\/www.gaveanews.com\/wp-content\/uploads\/Dejan-Petkovic-jogando-pelo-Flamengo-300x225.webp 300w, https:\/\/www.gaveanews.com\/wp-content\/uploads\/Dejan-Petkovic-jogando-pelo-Flamengo-559x420.webp 559w, https:\/\/www.gaveanews.com\/wp-content\/uploads\/Dejan-Petkovic-jogando-pelo-Flamengo-80x60.webp 80w, https:\/\/www.gaveanews.com\/wp-content\/uploads\/Dejan-Petkovic-jogando-pelo-Flamengo-160x120.webp 160w, https:\/\/www.gaveanews.com\/wp-content\/uploads\/Dejan-Petkovic-jogando-pelo-Flamengo-100x75.webp 100w, https:\/\/www.gaveanews.com\/wp-content\/uploads\/Dejan-Petkovic-jogando-pelo-Flamengo-200x150.webp 200w, https:\/\/www.gaveanews.com\/wp-content\/uploads\/Dejan-Petkovic-jogando-pelo-Flamengo-180x135.webp 180w, https:\/\/www.gaveanews.com\/wp-content\/uploads\/Dejan-Petkovic-jogando-pelo-Flamengo-360x270.webp 360w, https:\/\/www.gaveanews.com\/wp-content\/uploads\/Dejan-Petkovic-jogando-pelo-Flamengo-238x178.webp 238w, https:\/\/www.gaveanews.com\/wp-content\/uploads\/Dejan-Petkovic-jogando-pelo-Flamengo-476x356.webp 476w\" sizes=\"auto, (max-width: 606px) 100vw, 606px\" \/><figcaption class=\"wp-element-caption\">Dejan Petkovic, jogando pelo Flamengo (Foto: Reprodu\u00e7\u00e3o\/TV Globo)<\/figcaption><\/figure>\n\n\n\n<p>Petkovic comentou sobre as semelhan\u00e7as entre a torcida flamenguista e a do Estrela Vermelha, time s\u00e9rvio do qual ele \u00e9 um grande admirador. Ele destacou que, embora a torcida do Estrela Vermelha seja numericamente menor, ela \u00e9 igualmente apaixonada e expressiva, especialmente em jogos contra o rival Partizan Belgrado. <\/p>\n\n\n\n<p>Para Petkovic, descrever a magnitude da torcida do Flamengo, assim como a do Estrela Vermelha, vai al\u00e9m de suas habilidades lingu\u00edsticas, evidenciando o respeito e admira\u00e7\u00e3o que ele tem pelos torcedores de ambos os clubes.<\/p>\n\n\n\n<p>Apesar de ter defendido clubes rivais como Vasco e Fluminense, o carinho das torcidas por Petkovic n\u00e3o foi prejudicado. Ele se orgulha de ter conquistado um espa\u00e7o \u00fanico no futebol carioca, sendo respeitado por diferentes torcidas. No entanto, \u00e9 com o Flamengo que sua identifica\u00e7\u00e3o \u00e9 mais profunda, refor\u00e7ada por quase cinco anos de v\u00ednculo, idolatria e conquistas significativas, consolidando sua imagem como um dos grandes \u00eddolos do clube.<\/p>\n\n\n\n<h2 class=\"wp-block-heading\" id=\"h-homenagem-para-vini-jr\">Homenagem para Vini Jr<\/h2>\n\n\n\n<p>Vinicius Jr recebeu uma homenagem significativa em Bucareste, na Rom\u00eania, com a inaugura\u00e7\u00e3o de um mural de 350 m\u00b2, elaborado pelo artista brasileiro F\u00e1bio Gomes Trindade. A obra, inaugurada em 31 de outubro de 2024, destaca elementos da fauna e flora brasileiras, unindo aspectos da cultura nacional com a capital romena. O mural \u00e9 tamb\u00e9m uma plataforma para temas sociais, como preserva\u00e7\u00e3o ambiental e combate ao racismo, refletindo o engajamento do jogador com causas importantes.<strong><a href=\"https:\/\/www.gaveanews.com\/index.php\/2024\/11\/02\/vini-jr-e-homenageado-na-europa\/\"> (leia a mat\u00e9ria completa)<\/a><\/strong><\/p>\n\n\n\n<figure class=\"wp-block-image size-large\"><img loading=\"lazy\" decoding=\"async\" width=\"826\" height=\"1024\" src=\"https:\/\/www.gaveanews.com\/wp-content\/uploads\/Vini-Jr-posa-para-foto-apos-ser-campeao-da-Supercopa-da-Uefa-2024-826x1024.webp\" alt=\"\" class=\"wp-image-158699\" srcset=\"https:\/\/www.gaveanews.com\/wp-content\/uploads\/Vini-Jr-posa-para-foto-apos-ser-campeao-da-Supercopa-da-Uefa-2024-826x1024.webp 826w, https:\/\/www.gaveanews.com\/wp-content\/uploads\/Vini-Jr-posa-para-foto-apos-ser-campeao-da-Supercopa-da-Uefa-2024-242x300.webp 242w, https:\/\/www.gaveanews.com\/wp-content\/uploads\/Vini-Jr-posa-para-foto-apos-ser-campeao-da-Supercopa-da-Uefa-2024-768x952.webp 768w, https:\/\/www.gaveanews.com\/wp-content\/uploads\/Vini-Jr-posa-para-foto-apos-ser-campeao-da-Supercopa-da-Uefa-2024-1239x1536.webp 1239w, https:\/\/www.gaveanews.com\/wp-content\/uploads\/Vini-Jr-posa-para-foto-apos-ser-campeao-da-Supercopa-da-Uefa-2024-339x420.webp 339w, https:\/\/www.gaveanews.com\/wp-content\/uploads\/Vini-Jr-posa-para-foto-apos-ser-campeao-da-Supercopa-da-Uefa-2024-677x840.webp 677w, https:\/\/www.gaveanews.com\/wp-content\/uploads\/Vini-Jr-posa-para-foto-apos-ser-campeao-da-Supercopa-da-Uefa-2024-640x794.webp 640w, https:\/\/www.gaveanews.com\/wp-content\/uploads\/Vini-Jr-posa-para-foto-apos-ser-campeao-da-Supercopa-da-Uefa-2024-681x844.webp 681w, https:\/\/www.gaveanews.com\/wp-content\/uploads\/Vini-Jr-posa-para-foto-apos-ser-campeao-da-Supercopa-da-Uefa-2024-100x124.webp 100w, https:\/\/www.gaveanews.com\/wp-content\/uploads\/Vini-Jr-posa-para-foto-apos-ser-campeao-da-Supercopa-da-Uefa-2024.webp 1242w\" sizes=\"auto, (max-width: 826px) 100vw, 826px\" \/><figcaption class=\"wp-element-caption\">Vini Jr posa para foto ap\u00f3s ser campe\u00e3o da Supercopa da Uefa 2024 (Foto: Reprodu\u00e7\u00e3o\/Instagram)<\/figcaption><\/figure>\n\n\n\n<p>A homenagem ocorre em um contexto de conquistas esportivas recentes de Vini Jr, que se destacou na Liga dos Campe\u00f5es e na La Liga, inclusive marcando o gol da final pelo Real Madrid. Apesar de suas realiza\u00e7\u00f5es, o pr\u00eamio Bola de Ouro de 2024 foi concedido ao espanhol Rodri, gerando surpresa entre os f\u00e3s. O mural, assim, serve como um tributo alternativo \u00e0 sua brilhante performance na temporada.<\/p>\n\n\n\n<p>Com esse reconhecimento, o craque brasileiro continua a ampliar sua influ\u00eancia global, n\u00e3o s\u00f3 pelo desempenho em campo, mas tamb\u00e9m pelo impacto de sua imagem em quest\u00f5es sociais. O mural se torna um s\u00edmbolo de resist\u00eancia, justi\u00e7a e celebra\u00e7\u00e3o da cultura brasileira, fortalecendo ainda mais o prest\u00edgio internacional de Vini Jr.<\/p>\n\n\n\n<h2 class=\"wp-block-heading\" id=\"h-futuro-de-gabigol\">Futuro de Gabigol<\/h2>\n\n\n\n<p>O Flamengo enfrenta incertezas sobre a renova\u00e7\u00e3o de contrato de Gabriel Barbosa, o Gabigol, cujo v\u00ednculo termina no final de 2024. Apesar do desejo do jogador de permanecer por um longo per\u00edodo, a proposta do clube de uma extens\u00e3o de apenas mais uma temporada foi rejeitada. Com isso, as conversas sobre um novo contrato foram adiadas para depois das finais da Copa do Brasil, nas quais o Flamengo enfrentar\u00e1 o Atl\u00e9tico-MG. <strong><a href=\"https:\/\/www.gaveanews.com\/index.php\/2024\/11\/02\/flamengo-define-prazo-para-definir-futuro-de-gabigol\/\">(leia a mat\u00e9ria completa)<\/a><\/strong><\/p>\n\n\n\n<figure class=\"wp-block-image size-full\"><img loading=\"lazy\" decoding=\"async\" width=\"640\" height=\"400\" src=\"https:\/\/www.gaveanews.com\/wp-content\/uploads\/gabigol-flamengo-atacante-x-amazonas-maracana-copa-do-brasil.webp\" alt=\"\" class=\"wp-image-143806\" srcset=\"https:\/\/www.gaveanews.com\/wp-content\/uploads\/gabigol-flamengo-atacante-x-amazonas-maracana-copa-do-brasil.webp 640w, https:\/\/www.gaveanews.com\/wp-content\/uploads\/gabigol-flamengo-atacante-x-amazonas-maracana-copa-do-brasil-300x188.webp 300w, https:\/\/www.gaveanews.com\/wp-content\/uploads\/gabigol-flamengo-atacante-x-amazonas-maracana-copa-do-brasil-100x63.webp 100w\" sizes=\"auto, (max-width: 640px) 100vw, 640px\" \/><figcaption class=\"wp-element-caption\">Foto: Marcelo Cortes \/ Flamengo<\/figcaption><\/figure>\n\n\n\n<p>Em meio a especula\u00e7\u00f5es sobre transfer\u00eancias para outros clubes brasileiros, como Palmeiras, Cruzeiro e Corinthians, a rela\u00e7\u00e3o entre Gabigol e parte da torcida se tornou tensa. Essa situa\u00e7\u00e3o foi agravada ap\u00f3s ele ser visto com uma camisa do Corinthians. A temporada atual n\u00e3o tem sido f\u00e1cil para o atacante: ap\u00f3s um jejum de 15 partidas sem marcar, ele somou apenas 5 gols em 33 jogos, quebrando a seca recentemente em uma vit\u00f3ria contra o Juventude.<\/p>\n\n\n\n<p>Filipe Lu\u00eds, t\u00e9cnico do time, tem dado mais oportunidades para Gabigol, buscando resgatar sua confian\u00e7a antes das decis\u00f5es da Copa do Brasil. O jogador deve ser titular no confronto de ida, que acontecer\u00e1 no Maracan\u00e3 em 3 de novembro, com a volta marcada para 10 de novembro na Arena MRV, em Belo Horizonte.<\/p>\n","protected":false},"excerpt":{"rendered":"<p>Nas \u00faltimas horas, o foco das not\u00edcias sobre o Flamengo se concentram nos bastidores do clube, com destaques como o futuro de Gabigol e a declara\u00e7\u00e3o de Petkovic. Por conta deste contexto, leia abaixo um resumo preparado pela equipe do portal G\u00e1vea News para lhe manter muito bem informado! Declara\u00e7\u00e3o de Petkovic Dejan Petkovic, ex-jogador [&hellip;]<\/p>\n","protected":false},"author":27,"featured_media":154099,"comment_status":"open","ping_status":"closed","sticky":false,"template":"","format":"standard","meta":{"footnotes":""},"categories":[1],"tags":[],"class_list":["post-180682","post","type-post","status-publish","format-standard","has-post-thumbnail","hentry","category-flamengo"],"yoast_head":"<!-- This site is optimized with the Yoast SEO Premium plugin v24.2 (Yoast SEO v26.9) - https:\/\/yoast.com\/product\/yoast-seo-premium-wordpress\/ -->\n<title>Futuro de Gabigol, homenagem para Vini Jr e declara\u00e7\u00e3o de Petkovic: as \u00faltimas not\u00edcias do Flamengo<\/title>\n<meta name=\"robots\" content=\"index, follow, max-snippet:-1, max-image-preview:large, max-video-preview:-1\" \/>\n<link rel=\"canonical\" href=\"https:\/\/www.gaveanews.com\/index.php\/2024\/11\/03\/futuro-de-gabigol-homenagem-para-vini-jr-e-declaracao-de-petkovic-as-ultimas-noticias-do-flamengo\/\" \/>\n<meta property=\"og:locale\" content=\"pt_BR\" \/>\n<meta property=\"og:type\" content=\"article\" \/>\n<meta property=\"og:title\" content=\"Futuro de Gabigol, homenagem para Vini Jr e declara\u00e7\u00e3o de Petkovic: as \u00faltimas not\u00edcias do Flamengo\" \/>\n<meta property=\"og:description\" content=\"Nas \u00faltimas horas, o foco das not\u00edcias sobre o Flamengo se concentram nos bastidores do clube, com destaques como o futuro de Gabigol e a declara\u00e7\u00e3o de Petkovic. Por conta deste contexto, leia abaixo um resumo preparado pela equipe do portal G\u00e1vea News para lhe manter muito bem informado! Declara\u00e7\u00e3o de Petkovic Dejan Petkovic, ex-jogador [&hellip;]\" \/>\n<meta property=\"og:url\" content=\"https:\/\/www.gaveanews.com\/index.php\/2024\/11\/03\/futuro-de-gabigol-homenagem-para-vini-jr-e-declaracao-de-petkovic-as-ultimas-noticias-do-flamengo\/\" \/>\n<meta property=\"og:site_name\" content=\"G\u00e1vea News\" \/>\n<meta property=\"article:publisher\" content=\"https:\/\/facebook.com\/gaveaNews\/\" \/>\n<meta property=\"article:published_time\" content=\"2024-11-03T23:30:00+00:00\" \/>\n<meta property=\"og:image\" content=\"https:\/\/www.gaveanews.com\/wp-content\/uploads\/Gabigol-e-Landim-pelo-Flamengo.webp\" \/>\n\t<meta property=\"og:image:width\" content=\"1296\" \/>\n\t<meta property=\"og:image:height\" content=\"729\" \/>\n\t<meta property=\"og:image:type\" content=\"image\/jpeg\" \/>\n<meta name=\"author\" content=\"Matheus Felipe\" \/>\n<meta name=\"twitter:card\" content=\"summary_large_image\" \/>\n<meta name=\"twitter:label1\" content=\"Escrito por\" \/>\n\t<meta name=\"twitter:data1\" content=\"Matheus Felipe\" \/>\n\t<meta name=\"twitter:label2\" content=\"Est. tempo de leitura\" \/>\n\t<meta name=\"twitter:data2\" content=\"5 minutos\" \/>\n<script type=\"application\/ld+json\" class=\"yoast-schema-graph\">{\"@context\":\"https:\/\/schema.org\",\"@graph\":[{\"@type\":\"NewsArticle\",\"@id\":\"https:\/\/www.gaveanews.com\/index.php\/2024\/11\/03\/futuro-de-gabigol-homenagem-para-vini-jr-e-declaracao-de-petkovic-as-ultimas-noticias-do-flamengo\/#article\",\"isPartOf\":{\"@id\":\"https:\/\/www.gaveanews.com\/index.php\/2024\/11\/03\/futuro-de-gabigol-homenagem-para-vini-jr-e-declaracao-de-petkovic-as-ultimas-noticias-do-flamengo\/\"},\"author\":{\"name\":\"Matheus Felipe\",\"@id\":\"https:\/\/www.gaveanews.com\/#\/schema\/person\/8207cd4627f56151707418bfc835b2fb\"},\"headline\":\"Futuro de Gabigol, homenagem para Vini Jr e declara\u00e7\u00e3o de Petkovic: as \u00faltimas not\u00edcias do Flamengo\",\"datePublished\":\"2024-11-03T23:30:00+00:00\",\"mainEntityOfPage\":{\"@id\":\"https:\/\/www.gaveanews.com\/index.php\/2024\/11\/03\/futuro-de-gabigol-homenagem-para-vini-jr-e-declaracao-de-petkovic-as-ultimas-noticias-do-flamengo\/\"},\"wordCount\":796,\"commentCount\":0,\"image\":{\"@id\":\"https:\/\/www.gaveanews.com\/index.php\/2024\/11\/03\/futuro-de-gabigol-homenagem-para-vini-jr-e-declaracao-de-petkovic-as-ultimas-noticias-do-flamengo\/#primaryimage\"},\"thumbnailUrl\":\"https:\/\/www.gaveanews.com\/wp-content\/uploads\/Gabigol-e-Landim-pelo-Flamengo.webp\",\"articleSection\":[\"Flamengo\"],\"inLanguage\":\"pt-BR\",\"potentialAction\":[{\"@type\":\"CommentAction\",\"name\":\"Comment\",\"target\":[\"https:\/\/www.gaveanews.com\/index.php\/2024\/11\/03\/futuro-de-gabigol-homenagem-para-vini-jr-e-declaracao-de-petkovic-as-ultimas-noticias-do-flamengo\/#respond\"]}],\"copyrightYear\":\"2024\",\"copyrightHolder\":{\"@id\":\"https:\/\/www.gaveanews.com\/#organization\"}},{\"@type\":\"WebPage\",\"@id\":\"https:\/\/www.gaveanews.com\/index.php\/2024\/11\/03\/futuro-de-gabigol-homenagem-para-vini-jr-e-declaracao-de-petkovic-as-ultimas-noticias-do-flamengo\/\",\"url\":\"https:\/\/www.gaveanews.com\/index.php\/2024\/11\/03\/futuro-de-gabigol-homenagem-para-vini-jr-e-declaracao-de-petkovic-as-ultimas-noticias-do-flamengo\/\",\"name\":\"Futuro de Gabigol, homenagem para Vini Jr e declara\u00e7\u00e3o de Petkovic: as \u00faltimas not\u00edcias do Flamengo\",\"isPartOf\":{\"@id\":\"https:\/\/www.gaveanews.com\/#website\"},\"primaryImageOfPage\":{\"@id\":\"https:\/\/www.gaveanews.com\/index.php\/2024\/11\/03\/futuro-de-gabigol-homenagem-para-vini-jr-e-declaracao-de-petkovic-as-ultimas-noticias-do-flamengo\/#primaryimage\"},\"image\":{\"@id\":\"https:\/\/www.gaveanews.com\/index.php\/2024\/11\/03\/futuro-de-gabigol-homenagem-para-vini-jr-e-declaracao-de-petkovic-as-ultimas-noticias-do-flamengo\/#primaryimage\"},\"thumbnailUrl\":\"https:\/\/www.gaveanews.com\/wp-content\/uploads\/Gabigol-e-Landim-pelo-Flamengo.webp\",\"datePublished\":\"2024-11-03T23:30:00+00:00\",\"author\":{\"@id\":\"https:\/\/www.gaveanews.com\/#\/schema\/person\/8207cd4627f56151707418bfc835b2fb\"},\"breadcrumb\":{\"@id\":\"https:\/\/www.gaveanews.com\/index.php\/2024\/11\/03\/futuro-de-gabigol-homenagem-para-vini-jr-e-declaracao-de-petkovic-as-ultimas-noticias-do-flamengo\/#breadcrumb\"},\"inLanguage\":\"pt-BR\",\"potentialAction\":[{\"@type\":\"ReadAction\",\"target\":[\"https:\/\/www.gaveanews.com\/index.php\/2024\/11\/03\/futuro-de-gabigol-homenagem-para-vini-jr-e-declaracao-de-petkovic-as-ultimas-noticias-do-flamengo\/\"]}]},{\"@type\":\"ImageObject\",\"inLanguage\":\"pt-BR\",\"@id\":\"https:\/\/www.gaveanews.com\/index.php\/2024\/11\/03\/futuro-de-gabigol-homenagem-para-vini-jr-e-declaracao-de-petkovic-as-ultimas-noticias-do-flamengo\/#primaryimage\",\"url\":\"https:\/\/www.gaveanews.com\/wp-content\/uploads\/Gabigol-e-Landim-pelo-Flamengo.webp\",\"contentUrl\":\"https:\/\/www.gaveanews.com\/wp-content\/uploads\/Gabigol-e-Landim-pelo-Flamengo.webp\",\"width\":1296,\"height\":729,\"caption\":\"Gabigol e Landim pelo Flamengo (Foto: Delmiro Junior\/Photo Premium)\"},{\"@type\":\"BreadcrumbList\",\"@id\":\"https:\/\/www.gaveanews.com\/index.php\/2024\/11\/03\/futuro-de-gabigol-homenagem-para-vini-jr-e-declaracao-de-petkovic-as-ultimas-noticias-do-flamengo\/#breadcrumb\",\"itemListElement\":[{\"@type\":\"ListItem\",\"position\":1,\"name\":\"Home\",\"item\":\"https:\/\/www.gaveanews.com\/\"},{\"@type\":\"ListItem\",\"position\":2,\"name\":\"Futuro de Gabigol, homenagem para Vini Jr e declara\u00e7\u00e3o de Petkovic: as \u00faltimas not\u00edcias do Flamengo\"}]},{\"@type\":\"WebSite\",\"@id\":\"https:\/\/www.gaveanews.com\/#website\",\"url\":\"https:\/\/www.gaveanews.com\/\",\"name\":\"G\u00e1vea News\",\"description\":\"Veja todas as not\u00edcias sobre o Flamengo: Contrata\u00e7\u00f5es, categorias de base, resultados das partidas, tabela de classifica\u00e7\u00e3o, pr\u00f3ximos jogos!\",\"potentialAction\":[{\"@type\":\"SearchAction\",\"target\":{\"@type\":\"EntryPoint\",\"urlTemplate\":\"https:\/\/www.gaveanews.com\/?s={search_term_string}\"},\"query-input\":{\"@type\":\"PropertyValueSpecification\",\"valueRequired\":true,\"valueName\":\"search_term_string\"}}],\"inLanguage\":\"pt-BR\"},{\"@type\":\"Person\",\"@id\":\"https:\/\/www.gaveanews.com\/#\/schema\/person\/8207cd4627f56151707418bfc835b2fb\",\"name\":\"Matheus Felipe\",\"image\":{\"@type\":\"ImageObject\",\"inLanguage\":\"pt-BR\",\"@id\":\"https:\/\/www.gaveanews.com\/#\/schema\/person\/image\/\",\"url\":\"https:\/\/secure.gravatar.com\/avatar\/a452ffbed9130f726358b298bb3a99ce4bd3c5338411f8440e87e14d74c7c087?s=96&d=mm&r=g\",\"contentUrl\":\"https:\/\/secure.gravatar.com\/avatar\/a452ffbed9130f726358b298bb3a99ce4bd3c5338411f8440e87e14d74c7c087?s=96&d=mm&r=g\",\"caption\":\"Matheus Felipe\"}}]}<\/script>\n<!-- \/ Yoast SEO Premium plugin. -->","yoast_head_json":{"title":"Futuro de Gabigol, homenagem para Vini Jr e declara\u00e7\u00e3o de Petkovic: as \u00faltimas not\u00edcias do Flamengo","robots":{"index":"index","follow":"follow","max-snippet":"max-snippet:-1","max-image-preview":"max-image-preview:large","max-video-preview":"max-video-preview:-1"},"canonical":"https:\/\/www.gaveanews.com\/index.php\/2024\/11\/03\/futuro-de-gabigol-homenagem-para-vini-jr-e-declaracao-de-petkovic-as-ultimas-noticias-do-flamengo\/","og_locale":"pt_BR","og_type":"article","og_title":"Futuro de Gabigol, homenagem para Vini Jr e declara\u00e7\u00e3o de Petkovic: as \u00faltimas not\u00edcias do Flamengo","og_description":"Nas \u00faltimas horas, o foco das not\u00edcias sobre o Flamengo se concentram nos bastidores do clube, com destaques como o futuro de Gabigol e a declara\u00e7\u00e3o de Petkovic. Por conta deste contexto, leia abaixo um resumo preparado pela equipe do portal G\u00e1vea News para lhe manter muito bem informado! Declara\u00e7\u00e3o de Petkovic Dejan Petkovic, ex-jogador [&hellip;]","og_url":"https:\/\/www.gaveanews.com\/index.php\/2024\/11\/03\/futuro-de-gabigol-homenagem-para-vini-jr-e-declaracao-de-petkovic-as-ultimas-noticias-do-flamengo\/","og_site_name":"G\u00e1vea News","article_publisher":"https:\/\/facebook.com\/gaveaNews\/","article_published_time":"2024-11-03T23:30:00+00:00","og_image":[{"width":1296,"height":729,"url":"https:\/\/www.gaveanews.com\/wp-content\/uploads\/Gabigol-e-Landim-pelo-Flamengo.webp","type":"image\/jpeg"}],"author":"Matheus Felipe","twitter_card":"summary_large_image","twitter_misc":{"Escrito por":"Matheus Felipe","Est. tempo de leitura":"5 minutos"},"schema":{"@context":"https:\/\/schema.org","@graph":[{"@type":"NewsArticle","@id":"https:\/\/www.gaveanews.com\/index.php\/2024\/11\/03\/futuro-de-gabigol-homenagem-para-vini-jr-e-declaracao-de-petkovic-as-ultimas-noticias-do-flamengo\/#article","isPartOf":{"@id":"https:\/\/www.gaveanews.com\/index.php\/2024\/11\/03\/futuro-de-gabigol-homenagem-para-vini-jr-e-declaracao-de-petkovic-as-ultimas-noticias-do-flamengo\/"},"author":{"name":"Matheus Felipe","@id":"https:\/\/www.gaveanews.com\/#\/schema\/person\/8207cd4627f56151707418bfc835b2fb"},"headline":"Futuro de Gabigol, homenagem para Vini Jr e declara\u00e7\u00e3o de Petkovic: as \u00faltimas not\u00edcias do Flamengo","datePublished":"2024-11-03T23:30:00+00:00","mainEntityOfPage":{"@id":"https:\/\/www.gaveanews.com\/index.php\/2024\/11\/03\/futuro-de-gabigol-homenagem-para-vini-jr-e-declaracao-de-petkovic-as-ultimas-noticias-do-flamengo\/"},"wordCount":796,"commentCount":0,"image":{"@id":"https:\/\/www.gaveanews.com\/index.php\/2024\/11\/03\/futuro-de-gabigol-homenagem-para-vini-jr-e-declaracao-de-petkovic-as-ultimas-noticias-do-flamengo\/#primaryimage"},"thumbnailUrl":"https:\/\/www.gaveanews.com\/wp-content\/uploads\/Gabigol-e-Landim-pelo-Flamengo.webp","articleSection":["Flamengo"],"inLanguage":"pt-BR","potentialAction":[{"@type":"CommentAction","name":"Comment","target":["https:\/\/www.gaveanews.com\/index.php\/2024\/11\/03\/futuro-de-gabigol-homenagem-para-vini-jr-e-declaracao-de-petkovic-as-ultimas-noticias-do-flamengo\/#respond"]}],"copyrightYear":"2024","copyrightHolder":{"@id":"https:\/\/www.gaveanews.com\/#organization"}},{"@type":"WebPage","@id":"https:\/\/www.gaveanews.com\/index.php\/2024\/11\/03\/futuro-de-gabigol-homenagem-para-vini-jr-e-declaracao-de-petkovic-as-ultimas-noticias-do-flamengo\/","url":"https:\/\/www.gaveanews.com\/index.php\/2024\/11\/03\/futuro-de-gabigol-homenagem-para-vini-jr-e-declaracao-de-petkovic-as-ultimas-noticias-do-flamengo\/","name":"Futuro de Gabigol, homenagem para Vini Jr e declara\u00e7\u00e3o de Petkovic: as \u00faltimas not\u00edcias do Flamengo","isPartOf":{"@id":"https:\/\/www.gaveanews.com\/#website"},"primaryImageOfPage":{"@id":"https:\/\/www.gaveanews.com\/index.php\/2024\/11\/03\/futuro-de-gabigol-homenagem-para-vini-jr-e-declaracao-de-petkovic-as-ultimas-noticias-do-flamengo\/#primaryimage"},"image":{"@id":"https:\/\/www.gaveanews.com\/index.php\/2024\/11\/03\/futuro-de-gabigol-homenagem-para-vini-jr-e-declaracao-de-petkovic-as-ultimas-noticias-do-flamengo\/#primaryimage"},"thumbnailUrl":"https:\/\/www.gaveanews.com\/wp-content\/uploads\/Gabigol-e-Landim-pelo-Flamengo.webp","datePublished":"2024-11-03T23:30:00+00:00","author":{"@id":"https:\/\/www.gaveanews.com\/#\/schema\/person\/8207cd4627f56151707418bfc835b2fb"},"breadcrumb":{"@id":"https:\/\/www.gaveanews.com\/index.php\/2024\/11\/03\/futuro-de-gabigol-homenagem-para-vini-jr-e-declaracao-de-petkovic-as-ultimas-noticias-do-flamengo\/#breadcrumb"},"inLanguage":"pt-BR","potentialAction":[{"@type":"ReadAction","target":["https:\/\/www.gaveanews.com\/index.php\/2024\/11\/03\/futuro-de-gabigol-homenagem-para-vini-jr-e-declaracao-de-petkovic-as-ultimas-noticias-do-flamengo\/"]}]},{"@type":"ImageObject","inLanguage":"pt-BR","@id":"https:\/\/www.gaveanews.com\/index.php\/2024\/11\/03\/futuro-de-gabigol-homenagem-para-vini-jr-e-declaracao-de-petkovic-as-ultimas-noticias-do-flamengo\/#primaryimage","url":"https:\/\/www.gaveanews.com\/wp-content\/uploads\/Gabigol-e-Landim-pelo-Flamengo.webp","contentUrl":"https:\/\/www.gaveanews.com\/wp-content\/uploads\/Gabigol-e-Landim-pelo-Flamengo.webp","width":1296,"height":729,"caption":"Gabigol e Landim pelo Flamengo (Foto: Delmiro Junior\/Photo Premium)"},{"@type":"BreadcrumbList","@id":"https:\/\/www.gaveanews.com\/index.php\/2024\/11\/03\/futuro-de-gabigol-homenagem-para-vini-jr-e-declaracao-de-petkovic-as-ultimas-noticias-do-flamengo\/#breadcrumb","itemListElement":[{"@type":"ListItem","position":1,"name":"Home","item":"https:\/\/www.gaveanews.com\/"},{"@type":"ListItem","position":2,"name":"Futuro de Gabigol, homenagem para Vini Jr e declara\u00e7\u00e3o de Petkovic: as \u00faltimas not\u00edcias do Flamengo"}]},{"@type":"WebSite","@id":"https:\/\/www.gaveanews.com\/#website","url":"https:\/\/www.gaveanews.com\/","name":"G\u00e1vea News","description":"Veja todas as not\u00edcias sobre o Flamengo: Contrata\u00e7\u00f5es, categorias de base, resultados das partidas, tabela de classifica\u00e7\u00e3o, pr\u00f3ximos jogos!","potentialAction":[{"@type":"SearchAction","target":{"@type":"EntryPoint","urlTemplate":"https:\/\/www.gaveanews.com\/?s={search_term_string}"},"query-input":{"@type":"PropertyValueSpecification","valueRequired":true,"valueName":"search_term_string"}}],"inLanguage":"pt-BR"},{"@type":"Person","@id":"https:\/\/www.gaveanews.com\/#\/schema\/person\/8207cd4627f56151707418bfc835b2fb","name":"Matheus Felipe","image":{"@type":"ImageObject","inLanguage":"pt-BR","@id":"https:\/\/www.gaveanews.com\/#\/schema\/person\/image\/","url":"https:\/\/secure.gravatar.com\/avatar\/a452ffbed9130f726358b298bb3a99ce4bd3c5338411f8440e87e14d74c7c087?s=96&d=mm&r=g","contentUrl":"https:\/\/secure.gravatar.com\/avatar\/a452ffbed9130f726358b298bb3a99ce4bd3c5338411f8440e87e14d74c7c087?s=96&d=mm&r=g","caption":"Matheus Felipe"}}]}},"_links":{"self":[{"href":"https:\/\/www.gaveanews.com\/index.php\/wp-json\/wp\/v2\/posts\/180682","targetHints":{"allow":["GET"]}}],"collection":[{"href":"https:\/\/www.gaveanews.com\/index.php\/wp-json\/wp\/v2\/posts"}],"about":[{"href":"https:\/\/www.gaveanews.com\/index.php\/wp-json\/wp\/v2\/types\/post"}],"author":[{"embeddable":true,"href":"https:\/\/www.gaveanews.com\/index.php\/wp-json\/wp\/v2\/users\/27"}],"replies":[{"embeddable":true,"href":"https:\/\/www.gaveanews.com\/index.php\/wp-json\/wp\/v2\/comments?post=180682"}],"version-history":[{"count":1,"href":"https:\/\/www.gaveanews.com\/index.php\/wp-json\/wp\/v2\/posts\/180682\/revisions"}],"predecessor-version":[{"id":180731,"href":"https:\/\/www.gaveanews.com\/index.php\/wp-json\/wp\/v2\/posts\/180682\/revisions\/180731"}],"wp:featuredmedia":[{"embeddable":true,"href":"https:\/\/www.gaveanews.com\/index.php\/wp-json\/wp\/v2\/media\/154099"}],"wp:attachment":[{"href":"https:\/\/www.gaveanews.com\/index.php\/wp-json\/wp\/v2\/media?parent=180682"}],"wp:term":[{"taxonomy":"category","embeddable":true,"href":"https:\/\/www.gaveanews.com\/index.php\/wp-json\/wp\/v2\/categories?post=180682"},{"taxonomy":"post_tag","embeddable":true,"href":"https:\/\/www.gaveanews.com\/index.php\/wp-json\/wp\/v2\/tags?post=180682"}],"curies":[{"name":"wp","href":"https:\/\/api.w.org\/{rel}","templated":true}]}}