{"id":18071,"date":"2019-04-22T13:44:17","date_gmt":"2019-04-22T16:44:17","guid":{"rendered":"https:\/\/www.gaveanews.com\/?p=18071"},"modified":"2019-04-22T14:08:08","modified_gmt":"2019-04-22T17:08:08","slug":"confira-a-lista-de-jogadores-relacionados-para-a-partida-contra-a-ldu","status":"publish","type":"post","link":"https:\/\/www.gaveanews.com\/index.php\/2019\/04\/22\/confira-a-lista-de-jogadores-relacionados-para-a-partida-contra-a-ldu\/","title":{"rendered":"Confira a lista de jogadores relacionados para a partida contra a LDU"},"content":{"rendered":"\n<p>O Flamengo j\u00e1 virou a chave ap\u00f3s a conquista do Campeonato Carioca e agora mira a disputa da Copa Libertadores da Am\u00e9rica. Nesta segunda-feira (22 de abril), a delega\u00e7\u00e3o Rubro-Negra se reapresentou no hor\u00e1rio do almo\u00e7o e partiu do hotel direto para o aeroporto (<strong>assista o momento do embarque abaixo<\/strong>), mirando o confronto contra a LDU. <\/p>\n\n\n\n<p>Na lista dos que estavam na delega\u00e7\u00e3o, 23 jogadores representaram o Flamengo.<\/p>\n\n\n\n<p style=\"font-size:11px;text-align:right\">(<a href=\"http:\/\/bit.ly\/nossoCanalNoYouTube\">clique aqui e inscreva-se em nosso canal no YouTube<\/a>)<\/p>\n\n\n\n<figure class=\"wp-block-embed-youtube wp-block-embed is-type-video is-provider-youtube wp-embed-aspect-16-9 wp-has-aspect-ratio\"><div class=\"wp-block-embed__wrapper\">\n<iframe loading=\"lazy\" title=\"Embarque \ufe0f\ufe0fdo Flamengo 22-04-2019\" width=\"640\" height=\"360\" src=\"https:\/\/www.youtube.com\/embed\/xbLe3OHx0v8?feature=oembed\" frameborder=\"0\" allow=\"accelerometer; autoplay; clipboard-write; encrypted-media; gyroscope; picture-in-picture; web-share\" referrerpolicy=\"strict-origin-when-cross-origin\" allowfullscreen><\/iframe>\n<\/div><\/figure>\n\n\n\n<p>Alguns nomes importantes para o elenco permaneceram fora do grupo, como Piris da Motta, Fernando Uribe e Orlando Berr\u00edo. <\/p>\n\n\n\n<p>Os tr\u00eas apresentaram evolu\u00e7\u00e3o na recupera\u00e7\u00e3o durante a semana, por\u00e9m, n\u00e3o apresentam as condi\u00e7\u00f5es ideais para entrarem em campo.<\/p>\n\n\n\n<p><strong>CONFIRA A LISTA:<\/strong><\/p>\n\n\n\n<ul class=\"wp-block-list\"><li><strong>Goleiros<\/strong>: Diego Alves, C\u00e9sar e Gabriel Batista;<\/li><li><strong>Zagueiros<\/strong>: Rodrigo Caio, L\u00e9o Duarte, Rhodolfo e Thuler;<\/li><li><strong>Laterais<\/strong>: Ren\u00ea, Par\u00e1, Rodinei e Trauco;<\/li><li><strong>Volantes<\/strong>: Ar\u00e3o, Hugo Moura, Cu\u00e9llar e Ronaldo;<\/li><li><strong>Meias<\/strong>: Arrascaeta, Everton Ribeiro e Diego;<\/li><li><strong>Atacantes<\/strong>: Vitor Gabriel, Gabigol, Lucas Silva, Vitinho e Bruno Henrique.<\/li><\/ul>\n\n\n\n<p>Com nove pontos em quatro rodadas, o Flamengo \u00e9 l\u00edder de seu grupo, levando a melhor sobre o Pe\u00f1arol no saldo de gols. A LDU tem quatro pontos at\u00e9 ent\u00e3o. <\/p>\n\n\n\n<p>Por\u00e9m, caso ven\u00e7a o Mais Querido, ter\u00e1 a oportunidade de chegar a dez na \u00faltima rodada. Sendo assim, para o Fla, \u00e9 fundamental sair ao menos com um empate para se garantir nas oitavas de final da Libertadores.<\/p>\n\n\n\n\n\n<p>Retirado de: Coluna do Flamengo<\/p>\n","protected":false},"excerpt":{"rendered":"<p>O Flamengo j\u00e1 virou a chave ap\u00f3s a conquista do Campeonato Carioca e agora mira a disputa da Copa Libertadores da Am\u00e9rica. Nesta segunda-feira (22 de abril), a delega\u00e7\u00e3o Rubro-Negra se reapresentou no hor\u00e1rio do almo\u00e7o e partiu do hotel direto para o aeroporto (assista o momento do embarque abaixo), mirando o confronto contra a [&hellip;]<\/p>\n","protected":false},"author":1,"featured_media":14851,"comment_status":"open","ping_status":"open","sticky":false,"template":"","format":"standard","meta":{"footnotes":""},"categories":[1],"tags":[],"class_list":["post-18071","post","type-post","status-publish","format-standard","has-post-thumbnail","hentry","category-flamengo"],"yoast_head":"<!-- This site is optimized with the Yoast SEO Premium plugin v24.2 (Yoast SEO v26.9) - https:\/\/yoast.com\/product\/yoast-seo-premium-wordpress\/ -->\n<title>Confira a lista de jogadores relacionados para a partida contra a LDU<\/title>\n<meta name=\"robots\" content=\"index, follow, max-snippet:-1, max-image-preview:large, max-video-preview:-1\" \/>\n<link rel=\"canonical\" href=\"https:\/\/www.gaveanews.com\/index.php\/2019\/04\/22\/confira-a-lista-de-jogadores-relacionados-para-a-partida-contra-a-ldu\/\" \/>\n<meta property=\"og:locale\" content=\"pt_BR\" \/>\n<meta property=\"og:type\" content=\"article\" \/>\n<meta property=\"og:title\" content=\"Confira a lista de jogadores relacionados para a partida contra a LDU\" \/>\n<meta property=\"og:description\" content=\"O Flamengo j\u00e1 virou a chave ap\u00f3s a conquista do Campeonato Carioca e agora mira a disputa da Copa Libertadores da Am\u00e9rica. Nesta segunda-feira (22 de abril), a delega\u00e7\u00e3o Rubro-Negra se reapresentou no hor\u00e1rio do almo\u00e7o e partiu do hotel direto para o aeroporto (assista o momento do embarque abaixo), mirando o confronto contra a [&hellip;]\" \/>\n<meta property=\"og:url\" content=\"https:\/\/www.gaveanews.com\/index.php\/2019\/04\/22\/confira-a-lista-de-jogadores-relacionados-para-a-partida-contra-a-ldu\/\" \/>\n<meta property=\"og:site_name\" content=\"G\u00e1vea News\" \/>\n<meta property=\"article:publisher\" content=\"https:\/\/facebook.com\/gaveaNews\/\" \/>\n<meta property=\"article:published_time\" content=\"2019-04-22T16:44:17+00:00\" \/>\n<meta property=\"article:modified_time\" content=\"2019-04-22T17:08:08+00:00\" \/>\n<meta property=\"og:image\" content=\"https:\/\/www.gaveanews.com\/wp-content\/uploads\/2019\/03\/Taca-da-Copa-Libertadores-da-America.webp\" \/>\n\t<meta property=\"og:image:width\" content=\"1\" \/>\n\t<meta property=\"og:image:height\" content=\"1\" \/>\n\t<meta property=\"og:image:type\" content=\"image\/jpeg\" \/>\n<meta name=\"author\" content=\"Equipe G\u00e1vea News\" \/>\n<meta name=\"twitter:card\" content=\"summary_large_image\" \/>\n<meta name=\"twitter:label1\" content=\"Escrito por\" \/>\n\t<meta name=\"twitter:data1\" content=\"Equipe G\u00e1vea News\" \/>\n\t<meta name=\"twitter:label2\" content=\"Est. tempo de leitura\" \/>\n\t<meta name=\"twitter:data2\" content=\"1 minuto\" \/>\n<script type=\"application\/ld+json\" class=\"yoast-schema-graph\">{\"@context\":\"https:\/\/schema.org\",\"@graph\":[{\"@type\":\"NewsArticle\",\"@id\":\"https:\/\/www.gaveanews.com\/index.php\/2019\/04\/22\/confira-a-lista-de-jogadores-relacionados-para-a-partida-contra-a-ldu\/#article\",\"isPartOf\":{\"@id\":\"https:\/\/www.gaveanews.com\/index.php\/2019\/04\/22\/confira-a-lista-de-jogadores-relacionados-para-a-partida-contra-a-ldu\/\"},\"author\":{\"name\":\"Equipe G\u00e1vea News\",\"@id\":\"https:\/\/www.gaveanews.com\/#\/schema\/person\/2ec14f73fb96be2caf28f91afb14749d\"},\"headline\":\"Confira a lista de jogadores relacionados para a partida contra a LDU\",\"datePublished\":\"2019-04-22T16:44:17+00:00\",\"dateModified\":\"2019-04-22T17:08:08+00:00\",\"mainEntityOfPage\":{\"@id\":\"https:\/\/www.gaveanews.com\/index.php\/2019\/04\/22\/confira-a-lista-de-jogadores-relacionados-para-a-partida-contra-a-ldu\/\"},\"wordCount\":269,\"commentCount\":0,\"image\":{\"@id\":\"https:\/\/www.gaveanews.com\/index.php\/2019\/04\/22\/confira-a-lista-de-jogadores-relacionados-para-a-partida-contra-a-ldu\/#primaryimage\"},\"thumbnailUrl\":\"https:\/\/www.gaveanews.com\/wp-content\/uploads\/2019\/03\/Taca-da-Copa-Libertadores-da-America.webp\",\"articleSection\":[\"Flamengo\"],\"inLanguage\":\"pt-BR\",\"potentialAction\":[{\"@type\":\"CommentAction\",\"name\":\"Comment\",\"target\":[\"https:\/\/www.gaveanews.com\/index.php\/2019\/04\/22\/confira-a-lista-de-jogadores-relacionados-para-a-partida-contra-a-ldu\/#respond\"]}],\"copyrightYear\":\"2019\",\"copyrightHolder\":{\"@id\":\"https:\/\/www.gaveanews.com\/#organization\"}},{\"@type\":\"WebPage\",\"@id\":\"https:\/\/www.gaveanews.com\/index.php\/2019\/04\/22\/confira-a-lista-de-jogadores-relacionados-para-a-partida-contra-a-ldu\/\",\"url\":\"https:\/\/www.gaveanews.com\/index.php\/2019\/04\/22\/confira-a-lista-de-jogadores-relacionados-para-a-partida-contra-a-ldu\/\",\"name\":\"Confira a lista de jogadores relacionados para a partida contra a LDU\",\"isPartOf\":{\"@id\":\"https:\/\/www.gaveanews.com\/#website\"},\"primaryImageOfPage\":{\"@id\":\"https:\/\/www.gaveanews.com\/index.php\/2019\/04\/22\/confira-a-lista-de-jogadores-relacionados-para-a-partida-contra-a-ldu\/#primaryimage\"},\"image\":{\"@id\":\"https:\/\/www.gaveanews.com\/index.php\/2019\/04\/22\/confira-a-lista-de-jogadores-relacionados-para-a-partida-contra-a-ldu\/#primaryimage\"},\"thumbnailUrl\":\"https:\/\/www.gaveanews.com\/wp-content\/uploads\/2019\/03\/Taca-da-Copa-Libertadores-da-America.webp\",\"datePublished\":\"2019-04-22T16:44:17+00:00\",\"dateModified\":\"2019-04-22T17:08:08+00:00\",\"author\":{\"@id\":\"https:\/\/www.gaveanews.com\/#\/schema\/person\/2ec14f73fb96be2caf28f91afb14749d\"},\"breadcrumb\":{\"@id\":\"https:\/\/www.gaveanews.com\/index.php\/2019\/04\/22\/confira-a-lista-de-jogadores-relacionados-para-a-partida-contra-a-ldu\/#breadcrumb\"},\"inLanguage\":\"pt-BR\",\"potentialAction\":[{\"@type\":\"ReadAction\",\"target\":[\"https:\/\/www.gaveanews.com\/index.php\/2019\/04\/22\/confira-a-lista-de-jogadores-relacionados-para-a-partida-contra-a-ldu\/\"]}]},{\"@type\":\"ImageObject\",\"inLanguage\":\"pt-BR\",\"@id\":\"https:\/\/www.gaveanews.com\/index.php\/2019\/04\/22\/confira-a-lista-de-jogadores-relacionados-para-a-partida-contra-a-ldu\/#primaryimage\",\"url\":\"https:\/\/www.gaveanews.com\/wp-content\/uploads\/2019\/03\/Taca-da-Copa-Libertadores-da-America.webp\",\"contentUrl\":\"https:\/\/www.gaveanews.com\/wp-content\/uploads\/2019\/03\/Taca-da-Copa-Libertadores-da-America.webp\",\"caption\":\"Ta\u00e7a da Copa Libertadores da Am\u00e9rica (Foto: Divulga\u00e7\u00e3o\/Conmebol)\"},{\"@type\":\"BreadcrumbList\",\"@id\":\"https:\/\/www.gaveanews.com\/index.php\/2019\/04\/22\/confira-a-lista-de-jogadores-relacionados-para-a-partida-contra-a-ldu\/#breadcrumb\",\"itemListElement\":[{\"@type\":\"ListItem\",\"position\":1,\"name\":\"Home\",\"item\":\"https:\/\/www.gaveanews.com\/\"},{\"@type\":\"ListItem\",\"position\":2,\"name\":\"Confira a lista de jogadores relacionados para a partida contra a LDU\"}]},{\"@type\":\"WebSite\",\"@id\":\"https:\/\/www.gaveanews.com\/#website\",\"url\":\"https:\/\/www.gaveanews.com\/\",\"name\":\"G\u00e1vea News\",\"description\":\"Veja todas as not\u00edcias sobre o Flamengo: Contrata\u00e7\u00f5es, categorias de base, resultados das partidas, tabela de classifica\u00e7\u00e3o, pr\u00f3ximos jogos!\",\"potentialAction\":[{\"@type\":\"SearchAction\",\"target\":{\"@type\":\"EntryPoint\",\"urlTemplate\":\"https:\/\/www.gaveanews.com\/?s={search_term_string}\"},\"query-input\":{\"@type\":\"PropertyValueSpecification\",\"valueRequired\":true,\"valueName\":\"search_term_string\"}}],\"inLanguage\":\"pt-BR\"},{\"@type\":\"Person\",\"@id\":\"https:\/\/www.gaveanews.com\/#\/schema\/person\/2ec14f73fb96be2caf28f91afb14749d\",\"name\":\"Equipe G\u00e1vea News\",\"image\":{\"@type\":\"ImageObject\",\"inLanguage\":\"pt-BR\",\"@id\":\"https:\/\/www.gaveanews.com\/#\/schema\/person\/image\/\",\"url\":\"https:\/\/secure.gravatar.com\/avatar\/1e1956f1facbffd3f8fa53a326721950116b3b9dc9bd44939c01180fd4a745a9?s=96&d=mm&r=g\",\"contentUrl\":\"https:\/\/secure.gravatar.com\/avatar\/1e1956f1facbffd3f8fa53a326721950116b3b9dc9bd44939c01180fd4a745a9?s=96&d=mm&r=g\",\"caption\":\"Equipe G\u00e1vea News\"}}]}<\/script>\n<!-- \/ Yoast SEO Premium plugin. -->","yoast_head_json":{"title":"Confira a lista de jogadores relacionados para a partida contra a LDU","robots":{"index":"index","follow":"follow","max-snippet":"max-snippet:-1","max-image-preview":"max-image-preview:large","max-video-preview":"max-video-preview:-1"},"canonical":"https:\/\/www.gaveanews.com\/index.php\/2019\/04\/22\/confira-a-lista-de-jogadores-relacionados-para-a-partida-contra-a-ldu\/","og_locale":"pt_BR","og_type":"article","og_title":"Confira a lista de jogadores relacionados para a partida contra a LDU","og_description":"O Flamengo j\u00e1 virou a chave ap\u00f3s a conquista do Campeonato Carioca e agora mira a disputa da Copa Libertadores da Am\u00e9rica. Nesta segunda-feira (22 de abril), a delega\u00e7\u00e3o Rubro-Negra se reapresentou no hor\u00e1rio do almo\u00e7o e partiu do hotel direto para o aeroporto (assista o momento do embarque abaixo), mirando o confronto contra a [&hellip;]","og_url":"https:\/\/www.gaveanews.com\/index.php\/2019\/04\/22\/confira-a-lista-de-jogadores-relacionados-para-a-partida-contra-a-ldu\/","og_site_name":"G\u00e1vea News","article_publisher":"https:\/\/facebook.com\/gaveaNews\/","article_published_time":"2019-04-22T16:44:17+00:00","article_modified_time":"2019-04-22T17:08:08+00:00","og_image":[{"url":"https:\/\/www.gaveanews.com\/wp-content\/uploads\/2019\/03\/Taca-da-Copa-Libertadores-da-America.webp","width":1,"height":1,"type":"image\/jpeg"}],"author":"Equipe G\u00e1vea News","twitter_card":"summary_large_image","twitter_misc":{"Escrito por":"Equipe G\u00e1vea News","Est. tempo de leitura":"1 minuto"},"schema":{"@context":"https:\/\/schema.org","@graph":[{"@type":"NewsArticle","@id":"https:\/\/www.gaveanews.com\/index.php\/2019\/04\/22\/confira-a-lista-de-jogadores-relacionados-para-a-partida-contra-a-ldu\/#article","isPartOf":{"@id":"https:\/\/www.gaveanews.com\/index.php\/2019\/04\/22\/confira-a-lista-de-jogadores-relacionados-para-a-partida-contra-a-ldu\/"},"author":{"name":"Equipe G\u00e1vea News","@id":"https:\/\/www.gaveanews.com\/#\/schema\/person\/2ec14f73fb96be2caf28f91afb14749d"},"headline":"Confira a lista de jogadores relacionados para a partida contra a LDU","datePublished":"2019-04-22T16:44:17+00:00","dateModified":"2019-04-22T17:08:08+00:00","mainEntityOfPage":{"@id":"https:\/\/www.gaveanews.com\/index.php\/2019\/04\/22\/confira-a-lista-de-jogadores-relacionados-para-a-partida-contra-a-ldu\/"},"wordCount":269,"commentCount":0,"image":{"@id":"https:\/\/www.gaveanews.com\/index.php\/2019\/04\/22\/confira-a-lista-de-jogadores-relacionados-para-a-partida-contra-a-ldu\/#primaryimage"},"thumbnailUrl":"https:\/\/www.gaveanews.com\/wp-content\/uploads\/2019\/03\/Taca-da-Copa-Libertadores-da-America.webp","articleSection":["Flamengo"],"inLanguage":"pt-BR","potentialAction":[{"@type":"CommentAction","name":"Comment","target":["https:\/\/www.gaveanews.com\/index.php\/2019\/04\/22\/confira-a-lista-de-jogadores-relacionados-para-a-partida-contra-a-ldu\/#respond"]}],"copyrightYear":"2019","copyrightHolder":{"@id":"https:\/\/www.gaveanews.com\/#organization"}},{"@type":"WebPage","@id":"https:\/\/www.gaveanews.com\/index.php\/2019\/04\/22\/confira-a-lista-de-jogadores-relacionados-para-a-partida-contra-a-ldu\/","url":"https:\/\/www.gaveanews.com\/index.php\/2019\/04\/22\/confira-a-lista-de-jogadores-relacionados-para-a-partida-contra-a-ldu\/","name":"Confira a lista de jogadores relacionados para a partida contra a LDU","isPartOf":{"@id":"https:\/\/www.gaveanews.com\/#website"},"primaryImageOfPage":{"@id":"https:\/\/www.gaveanews.com\/index.php\/2019\/04\/22\/confira-a-lista-de-jogadores-relacionados-para-a-partida-contra-a-ldu\/#primaryimage"},"image":{"@id":"https:\/\/www.gaveanews.com\/index.php\/2019\/04\/22\/confira-a-lista-de-jogadores-relacionados-para-a-partida-contra-a-ldu\/#primaryimage"},"thumbnailUrl":"https:\/\/www.gaveanews.com\/wp-content\/uploads\/2019\/03\/Taca-da-Copa-Libertadores-da-America.webp","datePublished":"2019-04-22T16:44:17+00:00","dateModified":"2019-04-22T17:08:08+00:00","author":{"@id":"https:\/\/www.gaveanews.com\/#\/schema\/person\/2ec14f73fb96be2caf28f91afb14749d"},"breadcrumb":{"@id":"https:\/\/www.gaveanews.com\/index.php\/2019\/04\/22\/confira-a-lista-de-jogadores-relacionados-para-a-partida-contra-a-ldu\/#breadcrumb"},"inLanguage":"pt-BR","potentialAction":[{"@type":"ReadAction","target":["https:\/\/www.gaveanews.com\/index.php\/2019\/04\/22\/confira-a-lista-de-jogadores-relacionados-para-a-partida-contra-a-ldu\/"]}]},{"@type":"ImageObject","inLanguage":"pt-BR","@id":"https:\/\/www.gaveanews.com\/index.php\/2019\/04\/22\/confira-a-lista-de-jogadores-relacionados-para-a-partida-contra-a-ldu\/#primaryimage","url":"https:\/\/www.gaveanews.com\/wp-content\/uploads\/2019\/03\/Taca-da-Copa-Libertadores-da-America.webp","contentUrl":"https:\/\/www.gaveanews.com\/wp-content\/uploads\/2019\/03\/Taca-da-Copa-Libertadores-da-America.webp","caption":"Ta\u00e7a da Copa Libertadores da Am\u00e9rica (Foto: Divulga\u00e7\u00e3o\/Conmebol)"},{"@type":"BreadcrumbList","@id":"https:\/\/www.gaveanews.com\/index.php\/2019\/04\/22\/confira-a-lista-de-jogadores-relacionados-para-a-partida-contra-a-ldu\/#breadcrumb","itemListElement":[{"@type":"ListItem","position":1,"name":"Home","item":"https:\/\/www.gaveanews.com\/"},{"@type":"ListItem","position":2,"name":"Confira a lista de jogadores relacionados para a partida contra a LDU"}]},{"@type":"WebSite","@id":"https:\/\/www.gaveanews.com\/#website","url":"https:\/\/www.gaveanews.com\/","name":"G\u00e1vea News","description":"Veja todas as not\u00edcias sobre o Flamengo: Contrata\u00e7\u00f5es, categorias de base, resultados das partidas, tabela de classifica\u00e7\u00e3o, pr\u00f3ximos jogos!","potentialAction":[{"@type":"SearchAction","target":{"@type":"EntryPoint","urlTemplate":"https:\/\/www.gaveanews.com\/?s={search_term_string}"},"query-input":{"@type":"PropertyValueSpecification","valueRequired":true,"valueName":"search_term_string"}}],"inLanguage":"pt-BR"},{"@type":"Person","@id":"https:\/\/www.gaveanews.com\/#\/schema\/person\/2ec14f73fb96be2caf28f91afb14749d","name":"Equipe G\u00e1vea News","image":{"@type":"ImageObject","inLanguage":"pt-BR","@id":"https:\/\/www.gaveanews.com\/#\/schema\/person\/image\/","url":"https:\/\/secure.gravatar.com\/avatar\/1e1956f1facbffd3f8fa53a326721950116b3b9dc9bd44939c01180fd4a745a9?s=96&d=mm&r=g","contentUrl":"https:\/\/secure.gravatar.com\/avatar\/1e1956f1facbffd3f8fa53a326721950116b3b9dc9bd44939c01180fd4a745a9?s=96&d=mm&r=g","caption":"Equipe G\u00e1vea News"}}]}},"_links":{"self":[{"href":"https:\/\/www.gaveanews.com\/index.php\/wp-json\/wp\/v2\/posts\/18071","targetHints":{"allow":["GET"]}}],"collection":[{"href":"https:\/\/www.gaveanews.com\/index.php\/wp-json\/wp\/v2\/posts"}],"about":[{"href":"https:\/\/www.gaveanews.com\/index.php\/wp-json\/wp\/v2\/types\/post"}],"author":[{"embeddable":true,"href":"https:\/\/www.gaveanews.com\/index.php\/wp-json\/wp\/v2\/users\/1"}],"replies":[{"embeddable":true,"href":"https:\/\/www.gaveanews.com\/index.php\/wp-json\/wp\/v2\/comments?post=18071"}],"version-history":[{"count":0,"href":"https:\/\/www.gaveanews.com\/index.php\/wp-json\/wp\/v2\/posts\/18071\/revisions"}],"wp:featuredmedia":[{"embeddable":true,"href":"https:\/\/www.gaveanews.com\/index.php\/wp-json\/wp\/v2\/media\/14851"}],"wp:attachment":[{"href":"https:\/\/www.gaveanews.com\/index.php\/wp-json\/wp\/v2\/media?parent=18071"}],"wp:term":[{"taxonomy":"category","embeddable":true,"href":"https:\/\/www.gaveanews.com\/index.php\/wp-json\/wp\/v2\/categories?post=18071"},{"taxonomy":"post_tag","embeddable":true,"href":"https:\/\/www.gaveanews.com\/index.php\/wp-json\/wp\/v2\/tags?post=18071"}],"curies":[{"name":"wp","href":"https:\/\/api.w.org\/{rel}","templated":true}]}}