{"id":180727,"date":"2024-11-02T21:55:00","date_gmt":"2024-11-03T00:55:00","guid":{"rendered":"https:\/\/www.gaveanews.com\/?p=180727"},"modified":"2024-11-02T19:59:29","modified_gmt":"2024-11-02T22:59:29","slug":"novo-reforco-meio-campista-assina-com-o-santos","status":"publish","type":"post","link":"https:\/\/www.gaveanews.com\/index.php\/2024\/11\/02\/novo-reforco-meio-campista-assina-com-o-santos\/","title":{"rendered":"Novo refor\u00e7o! Meio-campista assina com o Santos"},"content":{"rendered":"\n<h2 class=\"wp-block-heading\" id=\"h-santos-investe-na-base-com-a-contratacao-de-hiago-nascimento-e-expansao-do-elenco-sub-17\">Santos investe na base com a contrata\u00e7\u00e3o de Hiago Nascimento e expans\u00e3o do elenco Sub-17<\/h2>\n\n\n\n<p>O Santos anunciou a contrata\u00e7\u00e3o do volante Hiago Nascimento, que chega para refor\u00e7ar o time Sub-17, a informa\u00e7\u00e3o foi dada pelo <strong><em>Di\u00e1rio do Peixe<\/em><\/strong>. O jogador, que se destacou na Brasil Soccer Cup enquanto defendia o El Elyon, ser\u00e1 integrado \u00e0 categoria Sub-16 sob a orienta\u00e7\u00e3o do t\u00e9cnico Axel. Com v\u00ednculo at\u00e9 6 de outubro de 2027, Hiago j\u00e1 foi regularizado no Boletim Informativo Di\u00e1rio (BID) da CBF, o que permite sua participa\u00e7\u00e3o nas competi\u00e7\u00f5es.<\/p>\n\n\n\n<ul class=\"wp-block-list\">\n<li><a href=\"https:\/\/www.gaveanews.com\/index.php\/2024\/11\/02\/santos-quer-contratar-dois-jogadores-do-racing-para-2025\/\">Santos quer contratar dois jogadores do Racing para 2025<\/a><\/li>\n\n\n\n<li><a href=\"https:\/\/www.gaveanews.com\/index.php\/2024\/11\/02\/dirigente-do-santos-crava-contratacao-de-neymar-para-2025\/\">Dirigente do Santos crava contrata\u00e7\u00e3o de Neymar para 2025<\/a><\/li>\n<\/ul>\n\n\n\n<p>Este ano, a gest\u00e3o do Santos tem mostrado um movimento intenso no mercado, trazendo um total de 84 atletas e permitindo a sa\u00edda de 55 jogadores entre as categorias Sub-14 e Sub-20. <\/p>\n\n\n\n<p>Atualmente, o clube conta com 304 jovens talentos registrados, sendo 61 deles com idade para atuar na base, mas com contrato profissional. Outros 171 possuem v\u00ednculo de forma\u00e7\u00e3o, enquanto 72 contratos est\u00e3o prestes a expirar, a maioria vinculada \u00e0 \u2018inicia\u00e7\u00e3o esportiva\u2019.<\/p>\n\n\n\n<figure class=\"wp-block-embed is-type-photo is-provider-flickr wp-block-embed-flickr\"><div class=\"wp-block-embed__wrapper\">\n<a href=\"https:\/\/flic.kr\/p\/2qrK8wh\"><img loading=\"lazy\" decoding=\"async\" src=\"https:\/\/live.staticflickr.com\/65535\/54112582496_788563585c_z.webp\" alt=\"imagem_2024-11-02_195841839\" width=\"640\" height=\"610\" \/><\/a>\n<\/div><\/figure>\n\n\n\n<p>Os novos contratados v\u00e3o de garotos nascidos entre 2004 a 2015, abrangendo diversas faixas et\u00e1rias nas categorias de base. O departamento de futebol juvenil continua a realizar contrata\u00e7\u00f5es, e muitos dos atletas j\u00e1 foram promovidos ou est\u00e3o em processo de promo\u00e7\u00e3o ao time principal.<\/p>\n\n\n\n<p>A lista das contrata\u00e7\u00f5es revela uma estrat\u00e9gia focada em renovar e expandir o elenco das divis\u00f5es inferiores. Entre os destaques, a categoria de 2008 recebeu a maior quantidade de refor\u00e7os, com 19 novos atletas, enquanto a de 2009 trouxe 20. A forma\u00e7\u00e3o cont\u00ednua desses jovens jogadores \u00e9 crucial para o futuro do Santos, reafirmando o compromisso do clube com a sua tradicional base.<\/p>\n\n\n\n<p>A chegada de Hiago Nascimento e as movimenta\u00e7\u00f5es no mercado mostram que o Santos est\u00e1 focado em construir um elenco forte e competitivo para os pr\u00f3ximos anos, priorizando a forma\u00e7\u00e3o de novos talentos e a manuten\u00e7\u00e3o de sua identidade no futebol brasileiro.<\/p>\n","protected":false},"excerpt":{"rendered":"<p>Santos investe na base com a contrata\u00e7\u00e3o de Hiago Nascimento e expans\u00e3o do elenco Sub-17 O Santos anunciou a contrata\u00e7\u00e3o do volante Hiago Nascimento, que chega para refor\u00e7ar o time Sub-17, a informa\u00e7\u00e3o foi dada pelo Di\u00e1rio do Peixe. O jogador, que se destacou na Brasil Soccer Cup enquanto defendia o El Elyon, ser\u00e1 integrado [&hellip;]<\/p>\n","protected":false},"author":17,"featured_media":152156,"comment_status":"open","ping_status":"closed","sticky":false,"template":"","format":"standard","meta":{"footnotes":""},"categories":[139],"tags":[],"class_list":["post-180727","post","type-post","status-publish","format-standard","has-post-thumbnail","hentry","category-santos"],"yoast_head":"<!-- This site is optimized with the Yoast SEO Premium plugin v24.2 (Yoast SEO v26.9) - https:\/\/yoast.com\/product\/yoast-seo-premium-wordpress\/ -->\n<title>Novo refor\u00e7o! Meio-campista assina com o Santos<\/title>\n<meta name=\"robots\" content=\"index, follow, max-snippet:-1, max-image-preview:large, max-video-preview:-1\" \/>\n<link rel=\"canonical\" href=\"https:\/\/www.gaveanews.com\/index.php\/2024\/11\/02\/novo-reforco-meio-campista-assina-com-o-santos\/\" \/>\n<meta property=\"og:locale\" content=\"pt_BR\" \/>\n<meta property=\"og:type\" content=\"article\" \/>\n<meta property=\"og:title\" content=\"Novo refor\u00e7o! Meio-campista assina com o Santos\" \/>\n<meta property=\"og:description\" content=\"Santos investe na base com a contrata\u00e7\u00e3o de Hiago Nascimento e expans\u00e3o do elenco Sub-17 O Santos anunciou a contrata\u00e7\u00e3o do volante Hiago Nascimento, que chega para refor\u00e7ar o time Sub-17, a informa\u00e7\u00e3o foi dada pelo Di\u00e1rio do Peixe. O jogador, que se destacou na Brasil Soccer Cup enquanto defendia o El Elyon, ser\u00e1 integrado [&hellip;]\" \/>\n<meta property=\"og:url\" content=\"https:\/\/www.gaveanews.com\/index.php\/2024\/11\/02\/novo-reforco-meio-campista-assina-com-o-santos\/\" \/>\n<meta property=\"og:site_name\" content=\"G\u00e1vea News\" \/>\n<meta property=\"article:publisher\" content=\"https:\/\/facebook.com\/gaveaNews\/\" \/>\n<meta property=\"article:published_time\" content=\"2024-11-03T00:55:00+00:00\" \/>\n<meta property=\"og:image\" content=\"https:\/\/www.gaveanews.com\/wp-content\/uploads\/Escudo-do-Santos-1.webp\" \/>\n\t<meta property=\"og:image:width\" content=\"1300\" \/>\n\t<meta property=\"og:image:height\" content=\"1056\" \/>\n\t<meta property=\"og:image:type\" content=\"image\/webp\" \/>\n<meta name=\"author\" content=\"Geovanna Thomaz\" \/>\n<meta name=\"twitter:card\" content=\"summary_large_image\" \/>\n<meta name=\"twitter:label1\" content=\"Escrito por\" \/>\n\t<meta name=\"twitter:data1\" content=\"Geovanna Thomaz\" \/>\n\t<meta name=\"twitter:label2\" content=\"Est. tempo de leitura\" \/>\n\t<meta name=\"twitter:data2\" content=\"3 minutos\" \/>\n<script type=\"application\/ld+json\" class=\"yoast-schema-graph\">{\"@context\":\"https:\/\/schema.org\",\"@graph\":[{\"@type\":\"NewsArticle\",\"@id\":\"https:\/\/www.gaveanews.com\/index.php\/2024\/11\/02\/novo-reforco-meio-campista-assina-com-o-santos\/#article\",\"isPartOf\":{\"@id\":\"https:\/\/www.gaveanews.com\/index.php\/2024\/11\/02\/novo-reforco-meio-campista-assina-com-o-santos\/\"},\"author\":{\"name\":\"Geovanna Thomaz\",\"@id\":\"https:\/\/www.gaveanews.com\/#\/schema\/person\/f42654babcd2b2014a1a65af82b081f1\"},\"headline\":\"Novo refor\u00e7o! Meio-campista assina com o Santos\",\"datePublished\":\"2024-11-03T00:55:00+00:00\",\"mainEntityOfPage\":{\"@id\":\"https:\/\/www.gaveanews.com\/index.php\/2024\/11\/02\/novo-reforco-meio-campista-assina-com-o-santos\/\"},\"wordCount\":359,\"commentCount\":0,\"image\":{\"@id\":\"https:\/\/www.gaveanews.com\/index.php\/2024\/11\/02\/novo-reforco-meio-campista-assina-com-o-santos\/#primaryimage\"},\"thumbnailUrl\":\"https:\/\/www.gaveanews.com\/wp-content\/uploads\/Escudo-do-Santos-1.webp\",\"articleSection\":[\"Santos\"],\"inLanguage\":\"pt-BR\",\"potentialAction\":[{\"@type\":\"CommentAction\",\"name\":\"Comment\",\"target\":[\"https:\/\/www.gaveanews.com\/index.php\/2024\/11\/02\/novo-reforco-meio-campista-assina-com-o-santos\/#respond\"]}],\"copyrightYear\":\"2024\",\"copyrightHolder\":{\"@id\":\"https:\/\/www.gaveanews.com\/#organization\"}},{\"@type\":\"WebPage\",\"@id\":\"https:\/\/www.gaveanews.com\/index.php\/2024\/11\/02\/novo-reforco-meio-campista-assina-com-o-santos\/\",\"url\":\"https:\/\/www.gaveanews.com\/index.php\/2024\/11\/02\/novo-reforco-meio-campista-assina-com-o-santos\/\",\"name\":\"Novo refor\u00e7o! Meio-campista assina com o Santos\",\"isPartOf\":{\"@id\":\"https:\/\/www.gaveanews.com\/#website\"},\"primaryImageOfPage\":{\"@id\":\"https:\/\/www.gaveanews.com\/index.php\/2024\/11\/02\/novo-reforco-meio-campista-assina-com-o-santos\/#primaryimage\"},\"image\":{\"@id\":\"https:\/\/www.gaveanews.com\/index.php\/2024\/11\/02\/novo-reforco-meio-campista-assina-com-o-santos\/#primaryimage\"},\"thumbnailUrl\":\"https:\/\/www.gaveanews.com\/wp-content\/uploads\/Escudo-do-Santos-1.webp\",\"datePublished\":\"2024-11-03T00:55:00+00:00\",\"author\":{\"@id\":\"https:\/\/www.gaveanews.com\/#\/schema\/person\/f42654babcd2b2014a1a65af82b081f1\"},\"breadcrumb\":{\"@id\":\"https:\/\/www.gaveanews.com\/index.php\/2024\/11\/02\/novo-reforco-meio-campista-assina-com-o-santos\/#breadcrumb\"},\"inLanguage\":\"pt-BR\",\"potentialAction\":[{\"@type\":\"ReadAction\",\"target\":[\"https:\/\/www.gaveanews.com\/index.php\/2024\/11\/02\/novo-reforco-meio-campista-assina-com-o-santos\/\"]}]},{\"@type\":\"ImageObject\",\"inLanguage\":\"pt-BR\",\"@id\":\"https:\/\/www.gaveanews.com\/index.php\/2024\/11\/02\/novo-reforco-meio-campista-assina-com-o-santos\/#primaryimage\",\"url\":\"https:\/\/www.gaveanews.com\/wp-content\/uploads\/Escudo-do-Santos-1.webp\",\"contentUrl\":\"https:\/\/www.gaveanews.com\/wp-content\/uploads\/Escudo-do-Santos-1.webp\",\"width\":1300,\"height\":1056,\"caption\":\"Escudo do Santos (Foto: Reprodu\u00e7\u00e3o\/Instagram)\"},{\"@type\":\"BreadcrumbList\",\"@id\":\"https:\/\/www.gaveanews.com\/index.php\/2024\/11\/02\/novo-reforco-meio-campista-assina-com-o-santos\/#breadcrumb\",\"itemListElement\":[{\"@type\":\"ListItem\",\"position\":1,\"name\":\"Home\",\"item\":\"https:\/\/www.gaveanews.com\/\"},{\"@type\":\"ListItem\",\"position\":2,\"name\":\"Novo refor\u00e7o! Meio-campista assina com o Santos\"}]},{\"@type\":\"WebSite\",\"@id\":\"https:\/\/www.gaveanews.com\/#website\",\"url\":\"https:\/\/www.gaveanews.com\/\",\"name\":\"G\u00e1vea News\",\"description\":\"Veja todas as not\u00edcias sobre o Flamengo: Contrata\u00e7\u00f5es, categorias de base, resultados das partidas, tabela de classifica\u00e7\u00e3o, pr\u00f3ximos jogos!\",\"potentialAction\":[{\"@type\":\"SearchAction\",\"target\":{\"@type\":\"EntryPoint\",\"urlTemplate\":\"https:\/\/www.gaveanews.com\/?s={search_term_string}\"},\"query-input\":{\"@type\":\"PropertyValueSpecification\",\"valueRequired\":true,\"valueName\":\"search_term_string\"}}],\"inLanguage\":\"pt-BR\"},{\"@type\":\"Person\",\"@id\":\"https:\/\/www.gaveanews.com\/#\/schema\/person\/f42654babcd2b2014a1a65af82b081f1\",\"name\":\"Geovanna Thomaz\",\"image\":{\"@type\":\"ImageObject\",\"inLanguage\":\"pt-BR\",\"@id\":\"https:\/\/www.gaveanews.com\/#\/schema\/person\/image\/\",\"url\":\"https:\/\/secure.gravatar.com\/avatar\/4092073255489533afb558984b49b64268c47198af8623cc82a925ae9fb7118a?s=96&d=mm&r=g\",\"contentUrl\":\"https:\/\/secure.gravatar.com\/avatar\/4092073255489533afb558984b49b64268c47198af8623cc82a925ae9fb7118a?s=96&d=mm&r=g\",\"caption\":\"Geovanna Thomaz\"}}]}<\/script>\n<!-- \/ Yoast SEO Premium plugin. -->","yoast_head_json":{"title":"Novo refor\u00e7o! Meio-campista assina com o Santos","robots":{"index":"index","follow":"follow","max-snippet":"max-snippet:-1","max-image-preview":"max-image-preview:large","max-video-preview":"max-video-preview:-1"},"canonical":"https:\/\/www.gaveanews.com\/index.php\/2024\/11\/02\/novo-reforco-meio-campista-assina-com-o-santos\/","og_locale":"pt_BR","og_type":"article","og_title":"Novo refor\u00e7o! Meio-campista assina com o Santos","og_description":"Santos investe na base com a contrata\u00e7\u00e3o de Hiago Nascimento e expans\u00e3o do elenco Sub-17 O Santos anunciou a contrata\u00e7\u00e3o do volante Hiago Nascimento, que chega para refor\u00e7ar o time Sub-17, a informa\u00e7\u00e3o foi dada pelo Di\u00e1rio do Peixe. O jogador, que se destacou na Brasil Soccer Cup enquanto defendia o El Elyon, ser\u00e1 integrado [&hellip;]","og_url":"https:\/\/www.gaveanews.com\/index.php\/2024\/11\/02\/novo-reforco-meio-campista-assina-com-o-santos\/","og_site_name":"G\u00e1vea News","article_publisher":"https:\/\/facebook.com\/gaveaNews\/","article_published_time":"2024-11-03T00:55:00+00:00","og_image":[{"width":1300,"height":1056,"url":"https:\/\/www.gaveanews.com\/wp-content\/uploads\/Escudo-do-Santos-1.webp","type":"image\/webp"}],"author":"Geovanna Thomaz","twitter_card":"summary_large_image","twitter_misc":{"Escrito por":"Geovanna Thomaz","Est. tempo de leitura":"3 minutos"},"schema":{"@context":"https:\/\/schema.org","@graph":[{"@type":"NewsArticle","@id":"https:\/\/www.gaveanews.com\/index.php\/2024\/11\/02\/novo-reforco-meio-campista-assina-com-o-santos\/#article","isPartOf":{"@id":"https:\/\/www.gaveanews.com\/index.php\/2024\/11\/02\/novo-reforco-meio-campista-assina-com-o-santos\/"},"author":{"name":"Geovanna Thomaz","@id":"https:\/\/www.gaveanews.com\/#\/schema\/person\/f42654babcd2b2014a1a65af82b081f1"},"headline":"Novo refor\u00e7o! Meio-campista assina com o Santos","datePublished":"2024-11-03T00:55:00+00:00","mainEntityOfPage":{"@id":"https:\/\/www.gaveanews.com\/index.php\/2024\/11\/02\/novo-reforco-meio-campista-assina-com-o-santos\/"},"wordCount":359,"commentCount":0,"image":{"@id":"https:\/\/www.gaveanews.com\/index.php\/2024\/11\/02\/novo-reforco-meio-campista-assina-com-o-santos\/#primaryimage"},"thumbnailUrl":"https:\/\/www.gaveanews.com\/wp-content\/uploads\/Escudo-do-Santos-1.webp","articleSection":["Santos"],"inLanguage":"pt-BR","potentialAction":[{"@type":"CommentAction","name":"Comment","target":["https:\/\/www.gaveanews.com\/index.php\/2024\/11\/02\/novo-reforco-meio-campista-assina-com-o-santos\/#respond"]}],"copyrightYear":"2024","copyrightHolder":{"@id":"https:\/\/www.gaveanews.com\/#organization"}},{"@type":"WebPage","@id":"https:\/\/www.gaveanews.com\/index.php\/2024\/11\/02\/novo-reforco-meio-campista-assina-com-o-santos\/","url":"https:\/\/www.gaveanews.com\/index.php\/2024\/11\/02\/novo-reforco-meio-campista-assina-com-o-santos\/","name":"Novo refor\u00e7o! Meio-campista assina com o Santos","isPartOf":{"@id":"https:\/\/www.gaveanews.com\/#website"},"primaryImageOfPage":{"@id":"https:\/\/www.gaveanews.com\/index.php\/2024\/11\/02\/novo-reforco-meio-campista-assina-com-o-santos\/#primaryimage"},"image":{"@id":"https:\/\/www.gaveanews.com\/index.php\/2024\/11\/02\/novo-reforco-meio-campista-assina-com-o-santos\/#primaryimage"},"thumbnailUrl":"https:\/\/www.gaveanews.com\/wp-content\/uploads\/Escudo-do-Santos-1.webp","datePublished":"2024-11-03T00:55:00+00:00","author":{"@id":"https:\/\/www.gaveanews.com\/#\/schema\/person\/f42654babcd2b2014a1a65af82b081f1"},"breadcrumb":{"@id":"https:\/\/www.gaveanews.com\/index.php\/2024\/11\/02\/novo-reforco-meio-campista-assina-com-o-santos\/#breadcrumb"},"inLanguage":"pt-BR","potentialAction":[{"@type":"ReadAction","target":["https:\/\/www.gaveanews.com\/index.php\/2024\/11\/02\/novo-reforco-meio-campista-assina-com-o-santos\/"]}]},{"@type":"ImageObject","inLanguage":"pt-BR","@id":"https:\/\/www.gaveanews.com\/index.php\/2024\/11\/02\/novo-reforco-meio-campista-assina-com-o-santos\/#primaryimage","url":"https:\/\/www.gaveanews.com\/wp-content\/uploads\/Escudo-do-Santos-1.webp","contentUrl":"https:\/\/www.gaveanews.com\/wp-content\/uploads\/Escudo-do-Santos-1.webp","width":1300,"height":1056,"caption":"Escudo do Santos (Foto: Reprodu\u00e7\u00e3o\/Instagram)"},{"@type":"BreadcrumbList","@id":"https:\/\/www.gaveanews.com\/index.php\/2024\/11\/02\/novo-reforco-meio-campista-assina-com-o-santos\/#breadcrumb","itemListElement":[{"@type":"ListItem","position":1,"name":"Home","item":"https:\/\/www.gaveanews.com\/"},{"@type":"ListItem","position":2,"name":"Novo refor\u00e7o! Meio-campista assina com o Santos"}]},{"@type":"WebSite","@id":"https:\/\/www.gaveanews.com\/#website","url":"https:\/\/www.gaveanews.com\/","name":"G\u00e1vea News","description":"Veja todas as not\u00edcias sobre o Flamengo: Contrata\u00e7\u00f5es, categorias de base, resultados das partidas, tabela de classifica\u00e7\u00e3o, pr\u00f3ximos jogos!","potentialAction":[{"@type":"SearchAction","target":{"@type":"EntryPoint","urlTemplate":"https:\/\/www.gaveanews.com\/?s={search_term_string}"},"query-input":{"@type":"PropertyValueSpecification","valueRequired":true,"valueName":"search_term_string"}}],"inLanguage":"pt-BR"},{"@type":"Person","@id":"https:\/\/www.gaveanews.com\/#\/schema\/person\/f42654babcd2b2014a1a65af82b081f1","name":"Geovanna Thomaz","image":{"@type":"ImageObject","inLanguage":"pt-BR","@id":"https:\/\/www.gaveanews.com\/#\/schema\/person\/image\/","url":"https:\/\/secure.gravatar.com\/avatar\/4092073255489533afb558984b49b64268c47198af8623cc82a925ae9fb7118a?s=96&d=mm&r=g","contentUrl":"https:\/\/secure.gravatar.com\/avatar\/4092073255489533afb558984b49b64268c47198af8623cc82a925ae9fb7118a?s=96&d=mm&r=g","caption":"Geovanna Thomaz"}}]}},"_links":{"self":[{"href":"https:\/\/www.gaveanews.com\/index.php\/wp-json\/wp\/v2\/posts\/180727","targetHints":{"allow":["GET"]}}],"collection":[{"href":"https:\/\/www.gaveanews.com\/index.php\/wp-json\/wp\/v2\/posts"}],"about":[{"href":"https:\/\/www.gaveanews.com\/index.php\/wp-json\/wp\/v2\/types\/post"}],"author":[{"embeddable":true,"href":"https:\/\/www.gaveanews.com\/index.php\/wp-json\/wp\/v2\/users\/17"}],"replies":[{"embeddable":true,"href":"https:\/\/www.gaveanews.com\/index.php\/wp-json\/wp\/v2\/comments?post=180727"}],"version-history":[{"count":2,"href":"https:\/\/www.gaveanews.com\/index.php\/wp-json\/wp\/v2\/posts\/180727\/revisions"}],"predecessor-version":[{"id":180768,"href":"https:\/\/www.gaveanews.com\/index.php\/wp-json\/wp\/v2\/posts\/180727\/revisions\/180768"}],"wp:featuredmedia":[{"embeddable":true,"href":"https:\/\/www.gaveanews.com\/index.php\/wp-json\/wp\/v2\/media\/152156"}],"wp:attachment":[{"href":"https:\/\/www.gaveanews.com\/index.php\/wp-json\/wp\/v2\/media?parent=180727"}],"wp:term":[{"taxonomy":"category","embeddable":true,"href":"https:\/\/www.gaveanews.com\/index.php\/wp-json\/wp\/v2\/categories?post=180727"},{"taxonomy":"post_tag","embeddable":true,"href":"https:\/\/www.gaveanews.com\/index.php\/wp-json\/wp\/v2\/tags?post=180727"}],"curies":[{"name":"wp","href":"https:\/\/api.w.org\/{rel}","templated":true}]}}