{"id":180858,"date":"2024-11-03T13:10:00","date_gmt":"2024-11-03T16:10:00","guid":{"rendered":"https:\/\/www.gaveanews.com\/?p=180858"},"modified":"2024-11-03T12:51:40","modified_gmt":"2024-11-03T15:51:40","slug":"stjd-prejudica-gremio-disputa-por-contratacao-e-saida-pra-2025-as-ultimas-noticias-do-gremio","status":"publish","type":"post","link":"https:\/\/www.gaveanews.com\/index.php\/2024\/11\/03\/stjd-prejudica-gremio-disputa-por-contratacao-e-saida-pra-2025-as-ultimas-noticias-do-gremio\/","title":{"rendered":"STJD prejudica Gr\u00eamio, disputa por contrata\u00e7\u00e3o e sa\u00edda pra 2025: as \u00faltimas not\u00edcias do Gr\u00eamio"},"content":{"rendered":"\n<p>Nas \u00faltimas horas, o foco das not\u00edcias sobre o Gr\u00eamio se concentram nos bastidores do clube, com destaques como a disputa por contrata\u00e7\u00e3o e sa\u00edda pra 2025.<\/p>\n\n\n\n<p>Por conta deste contexto, leia abaixo um resumo preparado pela equipe do portal G\u00e1vea News para lhe manter muito bem informado!<\/p>\n\n\n\n<h2 class=\"wp-block-heading\" id=\"h-saida-pra-2025\">Sa\u00edda pra 2025<\/h2>\n\n\n\n<p>A diretoria do Gr\u00eamio j\u00e1 est\u00e1 planejando a temporada de 2025 e estuda sa\u00eddas estrat\u00e9gicas no elenco, visando refor\u00e7ar a equipe. Um dos nomes na lista de negocia\u00e7\u00f5es \u00e9 o do lateral-esquerdo Mayk, de 22 anos, que chegou ao clube em fevereiro vindo do Guarani-SP. Com apenas seis partidas disputadas no Campeonato Brasileiro, seu desempenho ficou aqu\u00e9m das expectativas. O clube busca transferi-lo para abrir espa\u00e7o para refor\u00e7os mais alinhados com as necessidades t\u00e1ticas de Renato Portaluppi.<strong><a href=\"https:\/\/www.gaveanews.com\/index.php\/2024\/11\/02\/diretoria-do-gremio-busca-agilizar-mais-uma-saida-para-2025\/\"> (leia a mat\u00e9ria completa)<\/a><\/strong><\/p>\n\n\n\n<figure class=\"wp-block-image size-full\"><img loading=\"lazy\" decoding=\"async\" width=\"1000\" height=\"563\" src=\"https:\/\/www.gaveanews.com\/wp-content\/uploads\/renato-gaucho-gremio.webp\" alt=\"\" class=\"wp-image-144188\" srcset=\"https:\/\/www.gaveanews.com\/wp-content\/uploads\/renato-gaucho-gremio.webp 1000w, https:\/\/www.gaveanews.com\/wp-content\/uploads\/renato-gaucho-gremio-300x169.webp 300w, https:\/\/www.gaveanews.com\/wp-content\/uploads\/renato-gaucho-gremio-768x432.webp 768w, https:\/\/www.gaveanews.com\/wp-content\/uploads\/renato-gaucho-gremio-746x420.webp 746w, https:\/\/www.gaveanews.com\/wp-content\/uploads\/renato-gaucho-gremio-640x360.webp 640w, https:\/\/www.gaveanews.com\/wp-content\/uploads\/renato-gaucho-gremio-681x383.webp 681w, https:\/\/www.gaveanews.com\/wp-content\/uploads\/renato-gaucho-gremio-100x56.webp 100w\" sizes=\"auto, (max-width: 1000px) 100vw, 1000px\" \/><figcaption class=\"wp-element-caption\">Renato Ga\u00facho comanda treino do Gr\u00eamio (Foto: Lucas Uebel\/Gr\u00eamio FBPA)<\/figcaption><\/figure>\n\n\n\n<p>Al\u00e9m de Mayk, o experiente lateral Reinaldo, de 35 anos, tamb\u00e9m deixar\u00e1 o Gr\u00eamio ao final do seu contrato em dezembro, parte de uma decis\u00e3o de renova\u00e7\u00e3o de elenco. <\/p>\n\n\n\n<p>Reinaldo foi importante em certos momentos do Brasileir\u00e3o, mas a dire\u00e7\u00e3o considera que \u00e9 hora de rejuvenescer a posi\u00e7\u00e3o com novas contrata\u00e7\u00f5es.<\/p>\n\n\n\n<p>O clube, que j\u00e1 garantiu vaga na Libertadores de 2025, tamb\u00e9m tem planos de investir na defesa para trazer estabilidade e qualidade \u00e0 equipe. A expectativa da torcida \u00e9 que as mudan\u00e7as e novos refor\u00e7os sejam compat\u00edveis com as ambi\u00e7\u00f5es do Gr\u00eamio para disputar t\u00edtulos nacionais e internacionais na pr\u00f3xima temporada.<\/p>\n\n\n\n<h2 class=\"wp-block-heading\" id=\"h-disputa-por-contratacao\">Disputa por contrata\u00e7\u00e3o <\/h2>\n\n\n\n<p>Gr\u00eamio e S\u00e3o Paulo est\u00e3o em disputa pela contrata\u00e7\u00e3o do jovem lateral-direito Natanael, destaque do Coritiba, para a temporada de 2025. Com 22 anos, o jogador tem se destacado na S\u00e9rie B por sua consist\u00eancia defensiva e adaptabilidade ao futebol nacional, o que o torna uma op\u00e7\u00e3o atraente para os dois clubes. <strong><a href=\"https:\/\/www.gaveanews.com\/index.php\/2024\/11\/02\/gremio-e-sao-paulo-disputam-contratacao-para-2025\/\">(leia a mat\u00e9ria completa)<\/a><\/strong><\/p>\n\n\n\n<figure class=\"wp-block-image size-large\"><img loading=\"lazy\" decoding=\"async\" width=\"1024\" height=\"684\" src=\"https:\/\/www.gaveanews.com\/wp-content\/uploads\/Jogadores-do-Gremio-durante-partida-do-Brasileirao-em-2024-1024x684.webp\" alt=\"\" class=\"wp-image-154838\" srcset=\"https:\/\/www.gaveanews.com\/wp-content\/uploads\/Jogadores-do-Gremio-durante-partida-do-Brasileirao-em-2024-1024x684.webp 1024w, https:\/\/www.gaveanews.com\/wp-content\/uploads\/Jogadores-do-Gremio-durante-partida-do-Brasileirao-em-2024-300x200.webp 300w, https:\/\/www.gaveanews.com\/wp-content\/uploads\/Jogadores-do-Gremio-durante-partida-do-Brasileirao-em-2024-768x513.webp 768w, https:\/\/www.gaveanews.com\/wp-content\/uploads\/Jogadores-do-Gremio-durante-partida-do-Brasileirao-em-2024-629x420.webp 629w, https:\/\/www.gaveanews.com\/wp-content\/uploads\/Jogadores-do-Gremio-durante-partida-do-Brasileirao-em-2024-1257x840.webp 1257w, https:\/\/www.gaveanews.com\/wp-content\/uploads\/Jogadores-do-Gremio-durante-partida-do-Brasileirao-em-2024-537x360.webp 537w, https:\/\/www.gaveanews.com\/wp-content\/uploads\/Jogadores-do-Gremio-durante-partida-do-Brasileirao-em-2024-640x428.webp 640w, https:\/\/www.gaveanews.com\/wp-content\/uploads\/Jogadores-do-Gremio-durante-partida-do-Brasileirao-em-2024-1280x855.webp 1280w, https:\/\/www.gaveanews.com\/wp-content\/uploads\/Jogadores-do-Gremio-durante-partida-do-Brasileirao-em-2024-681x455.webp 681w, https:\/\/www.gaveanews.com\/wp-content\/uploads\/Jogadores-do-Gremio-durante-partida-do-Brasileirao-em-2024-1362x910.webp 1362w, https:\/\/www.gaveanews.com\/wp-content\/uploads\/Jogadores-do-Gremio-durante-partida-do-Brasileirao-em-2024-100x67.webp 100w, https:\/\/www.gaveanews.com\/wp-content\/uploads\/Jogadores-do-Gremio-durante-partida-do-Brasileirao-em-2024.webp 1440w\" sizes=\"auto, (max-width: 1024px) 100vw, 1024px\" \/><figcaption class=\"wp-element-caption\">Jogadores do Gr\u00eamio durante partida do Brasileir\u00e3o em 2024 (Foto: Reprodu\u00e7\u00e3o\/Gr\u00eamio)<\/figcaption><\/figure>\n\n\n\n<p>O Gr\u00eamio, em busca de substituir F\u00e1bio, rec\u00e9m-aposentado, tem mostrado maior proatividade nas tratativas, enquanto o S\u00e3o Paulo monitora a situa\u00e7\u00e3o de perto, mas pode estar em desvantagem. O interesse gremista pode se converter em uma proposta oficial em breve, mas o Coritiba, com quem Natanael tem contrato at\u00e9 dezembro de 2025, est\u00e1 buscando a renova\u00e7\u00e3o, o que complica as negocia\u00e7\u00f5es.<\/p>\n\n\n\n<p>Al\u00e9m do interesse interno, clubes de Portugal e da R\u00fassia tamb\u00e9m sondaram o jogador, elevando o n\u00edvel de competi\u00e7\u00e3o. Natanael acumula bons n\u00fameros, com quase dois desarmes por partida e uma precis\u00e3o de 61% nos duelos pelo ch\u00e3o, atributos que refor\u00e7am seu potencial e valor de mercado, estimado em 1,8 milh\u00e3o de euros.<\/p>\n\n\n\n<h2 class=\"wp-block-heading\" id=\"h-stjd-prejudica-gremio\">STJD prejudica Gr\u00eamio<\/h2>\n\n\n\n<p>O Gr\u00eamio enfrenta um cen\u00e1rio complicado com poss\u00edveis desfalques importantes devido a problemas disciplinares. O lateral Fabio ser\u00e1 julgado pelo Superior Tribunal de Justi\u00e7a Desportiva (STJD) por uma expuls\u00e3o ocorrida enquanto estava no banco de reservas na vit\u00f3ria sobre o Fortaleza em outubro. Fabio j\u00e1 cumpriu uma suspens\u00e3o autom\u00e1tica, mas a nova puni\u00e7\u00e3o pode ser de at\u00e9 seis jogos.<strong><a href=\"https:\/\/www.gaveanews.com\/index.php\/2024\/11\/02\/que-situacao-stjd-podera-desfalcar-o-gremio\/\"> (leia a mat\u00e9ria completa)<\/a><\/strong><\/p>\n\n\n\n<figure class=\"wp-block-image size-full\"><img loading=\"lazy\" decoding=\"async\" width=\"603\" height=\"338\" src=\"https:\/\/www.gaveanews.com\/wp-content\/uploads\/Superior-Tribunal-de-Justica-Desportiva.webp\" alt=\"STJD\" class=\"wp-image-84905\" srcset=\"https:\/\/www.gaveanews.com\/wp-content\/uploads\/Superior-Tribunal-de-Justica-Desportiva.webp 603w, https:\/\/www.gaveanews.com\/wp-content\/uploads\/Superior-Tribunal-de-Justica-Desportiva-300x168.webp 300w, https:\/\/www.gaveanews.com\/wp-content\/uploads\/Superior-Tribunal-de-Justica-Desportiva-100x56.webp 100w\" sizes=\"auto, (max-width: 603px) 100vw, 603px\" \/><figcaption class=\"wp-element-caption\">Superior Tribunal de Justi\u00e7a Desportiva (Foto: Divulga\u00e7\u00e3o\/Site STJD)<\/figcaption><\/figure>\n\n\n\n<p>Al\u00e9m disso, o vice-presidente de futebol, Antonio Brum, tamb\u00e9m pode ser suspenso ap\u00f3s ter confrontado a arbitragem, proferindo cr\u00edticas registradas em s\u00famula. Se punido, Brum pode enfrentar uma suspens\u00e3o de 15 a 180 dias, o que seria um golpe significativo para a gest\u00e3o esportiva do clube.<\/p>\n\n\n\n<p>O Gr\u00eamio, que recentemente empatou com o Fluminense por 2 a 2 no Maracan\u00e3, continua lutando para afastar qualquer risco de rebaixamento no Campeonato Brasileiro. Essa situa\u00e7\u00e3o exige foco total dos jogadores e da diretoria nas pr\u00f3ximas rodadas para garantir estabilidade e bons resultados.<\/p>\n","protected":false},"excerpt":{"rendered":"<p>Nas \u00faltimas horas, o foco das not\u00edcias sobre o Gr\u00eamio se concentram nos bastidores do clube, com destaques como a disputa por contrata\u00e7\u00e3o e sa\u00edda pra 2025. Por conta deste contexto, leia abaixo um resumo preparado pela equipe do portal G\u00e1vea News para lhe manter muito bem informado! Sa\u00edda pra 2025 A diretoria do Gr\u00eamio [&hellip;]<\/p>\n","protected":false},"author":27,"featured_media":173103,"comment_status":"open","ping_status":"closed","sticky":false,"template":"","format":"standard","meta":{"footnotes":""},"categories":[147],"tags":[],"class_list":["post-180858","post","type-post","status-publish","format-standard","has-post-thumbnail","hentry","category-gremio"],"yoast_head":"<!-- This site is optimized with the Yoast SEO Premium plugin v24.2 (Yoast SEO v26.9) - https:\/\/yoast.com\/product\/yoast-seo-premium-wordpress\/ -->\n<title>STJD prejudica Gr\u00eamio, disputa por contrata\u00e7\u00e3o e sa\u00edda pra 2025: as \u00faltimas not\u00edcias do Gr\u00eamio<\/title>\n<meta name=\"robots\" content=\"index, follow, max-snippet:-1, max-image-preview:large, max-video-preview:-1\" \/>\n<link rel=\"canonical\" href=\"https:\/\/www.gaveanews.com\/index.php\/2024\/11\/03\/stjd-prejudica-gremio-disputa-por-contratacao-e-saida-pra-2025-as-ultimas-noticias-do-gremio\/\" \/>\n<meta property=\"og:locale\" content=\"pt_BR\" \/>\n<meta property=\"og:type\" content=\"article\" \/>\n<meta property=\"og:title\" content=\"STJD prejudica Gr\u00eamio, disputa por contrata\u00e7\u00e3o e sa\u00edda pra 2025: as \u00faltimas not\u00edcias do Gr\u00eamio\" \/>\n<meta property=\"og:description\" content=\"Nas \u00faltimas horas, o foco das not\u00edcias sobre o Gr\u00eamio se concentram nos bastidores do clube, com destaques como a disputa por contrata\u00e7\u00e3o e sa\u00edda pra 2025. Por conta deste contexto, leia abaixo um resumo preparado pela equipe do portal G\u00e1vea News para lhe manter muito bem informado! Sa\u00edda pra 2025 A diretoria do Gr\u00eamio [&hellip;]\" \/>\n<meta property=\"og:url\" content=\"https:\/\/www.gaveanews.com\/index.php\/2024\/11\/03\/stjd-prejudica-gremio-disputa-por-contratacao-e-saida-pra-2025-as-ultimas-noticias-do-gremio\/\" \/>\n<meta property=\"og:site_name\" content=\"G\u00e1vea News\" \/>\n<meta property=\"article:publisher\" content=\"https:\/\/facebook.com\/gaveaNews\/\" \/>\n<meta property=\"article:published_time\" content=\"2024-11-03T16:10:00+00:00\" \/>\n<meta property=\"og:image\" content=\"https:\/\/www.gaveanews.com\/wp-content\/uploads\/Diego-Costa-em-acao-pelo-Gremio.webp\" \/>\n\t<meta property=\"og:image:width\" content=\"842\" \/>\n\t<meta property=\"og:image:height\" content=\"643\" \/>\n\t<meta property=\"og:image:type\" content=\"image\/jpeg\" \/>\n<meta name=\"author\" content=\"Matheus Felipe\" \/>\n<meta name=\"twitter:card\" content=\"summary_large_image\" \/>\n<meta name=\"twitter:label1\" content=\"Escrito por\" \/>\n\t<meta name=\"twitter:data1\" content=\"Matheus Felipe\" \/>\n\t<meta name=\"twitter:label2\" content=\"Est. tempo de leitura\" \/>\n\t<meta name=\"twitter:data2\" content=\"5 minutos\" \/>\n<script type=\"application\/ld+json\" class=\"yoast-schema-graph\">{\"@context\":\"https:\/\/schema.org\",\"@graph\":[{\"@type\":\"NewsArticle\",\"@id\":\"https:\/\/www.gaveanews.com\/index.php\/2024\/11\/03\/stjd-prejudica-gremio-disputa-por-contratacao-e-saida-pra-2025-as-ultimas-noticias-do-gremio\/#article\",\"isPartOf\":{\"@id\":\"https:\/\/www.gaveanews.com\/index.php\/2024\/11\/03\/stjd-prejudica-gremio-disputa-por-contratacao-e-saida-pra-2025-as-ultimas-noticias-do-gremio\/\"},\"author\":{\"name\":\"Matheus Felipe\",\"@id\":\"https:\/\/www.gaveanews.com\/#\/schema\/person\/8207cd4627f56151707418bfc835b2fb\"},\"headline\":\"STJD prejudica Gr\u00eamio, disputa por contrata\u00e7\u00e3o e sa\u00edda pra 2025: as \u00faltimas not\u00edcias do Gr\u00eamio\",\"datePublished\":\"2024-11-03T16:10:00+00:00\",\"mainEntityOfPage\":{\"@id\":\"https:\/\/www.gaveanews.com\/index.php\/2024\/11\/03\/stjd-prejudica-gremio-disputa-por-contratacao-e-saida-pra-2025-as-ultimas-noticias-do-gremio\/\"},\"wordCount\":683,\"commentCount\":0,\"image\":{\"@id\":\"https:\/\/www.gaveanews.com\/index.php\/2024\/11\/03\/stjd-prejudica-gremio-disputa-por-contratacao-e-saida-pra-2025-as-ultimas-noticias-do-gremio\/#primaryimage\"},\"thumbnailUrl\":\"https:\/\/www.gaveanews.com\/wp-content\/uploads\/Diego-Costa-em-acao-pelo-Gremio.webp\",\"articleSection\":[\"Gr\u00eamio\"],\"inLanguage\":\"pt-BR\",\"potentialAction\":[{\"@type\":\"CommentAction\",\"name\":\"Comment\",\"target\":[\"https:\/\/www.gaveanews.com\/index.php\/2024\/11\/03\/stjd-prejudica-gremio-disputa-por-contratacao-e-saida-pra-2025-as-ultimas-noticias-do-gremio\/#respond\"]}],\"copyrightYear\":\"2024\",\"copyrightHolder\":{\"@id\":\"https:\/\/www.gaveanews.com\/#organization\"}},{\"@type\":\"WebPage\",\"@id\":\"https:\/\/www.gaveanews.com\/index.php\/2024\/11\/03\/stjd-prejudica-gremio-disputa-por-contratacao-e-saida-pra-2025-as-ultimas-noticias-do-gremio\/\",\"url\":\"https:\/\/www.gaveanews.com\/index.php\/2024\/11\/03\/stjd-prejudica-gremio-disputa-por-contratacao-e-saida-pra-2025-as-ultimas-noticias-do-gremio\/\",\"name\":\"STJD prejudica Gr\u00eamio, disputa por contrata\u00e7\u00e3o e sa\u00edda pra 2025: as \u00faltimas not\u00edcias do Gr\u00eamio\",\"isPartOf\":{\"@id\":\"https:\/\/www.gaveanews.com\/#website\"},\"primaryImageOfPage\":{\"@id\":\"https:\/\/www.gaveanews.com\/index.php\/2024\/11\/03\/stjd-prejudica-gremio-disputa-por-contratacao-e-saida-pra-2025-as-ultimas-noticias-do-gremio\/#primaryimage\"},\"image\":{\"@id\":\"https:\/\/www.gaveanews.com\/index.php\/2024\/11\/03\/stjd-prejudica-gremio-disputa-por-contratacao-e-saida-pra-2025-as-ultimas-noticias-do-gremio\/#primaryimage\"},\"thumbnailUrl\":\"https:\/\/www.gaveanews.com\/wp-content\/uploads\/Diego-Costa-em-acao-pelo-Gremio.webp\",\"datePublished\":\"2024-11-03T16:10:00+00:00\",\"author\":{\"@id\":\"https:\/\/www.gaveanews.com\/#\/schema\/person\/8207cd4627f56151707418bfc835b2fb\"},\"breadcrumb\":{\"@id\":\"https:\/\/www.gaveanews.com\/index.php\/2024\/11\/03\/stjd-prejudica-gremio-disputa-por-contratacao-e-saida-pra-2025-as-ultimas-noticias-do-gremio\/#breadcrumb\"},\"inLanguage\":\"pt-BR\",\"potentialAction\":[{\"@type\":\"ReadAction\",\"target\":[\"https:\/\/www.gaveanews.com\/index.php\/2024\/11\/03\/stjd-prejudica-gremio-disputa-por-contratacao-e-saida-pra-2025-as-ultimas-noticias-do-gremio\/\"]}]},{\"@type\":\"ImageObject\",\"inLanguage\":\"pt-BR\",\"@id\":\"https:\/\/www.gaveanews.com\/index.php\/2024\/11\/03\/stjd-prejudica-gremio-disputa-por-contratacao-e-saida-pra-2025-as-ultimas-noticias-do-gremio\/#primaryimage\",\"url\":\"https:\/\/www.gaveanews.com\/wp-content\/uploads\/Diego-Costa-em-acao-pelo-Gremio.webp\",\"contentUrl\":\"https:\/\/www.gaveanews.com\/wp-content\/uploads\/Diego-Costa-em-acao-pelo-Gremio.webp\",\"width\":842,\"height\":643,\"caption\":\"Diego Costa em a\u00e7\u00e3o pelo Gr\u00eamio (Foto: Lucas Uebel\/Gr\u00eamio)\"},{\"@type\":\"BreadcrumbList\",\"@id\":\"https:\/\/www.gaveanews.com\/index.php\/2024\/11\/03\/stjd-prejudica-gremio-disputa-por-contratacao-e-saida-pra-2025-as-ultimas-noticias-do-gremio\/#breadcrumb\",\"itemListElement\":[{\"@type\":\"ListItem\",\"position\":1,\"name\":\"Home\",\"item\":\"https:\/\/www.gaveanews.com\/\"},{\"@type\":\"ListItem\",\"position\":2,\"name\":\"STJD prejudica Gr\u00eamio, disputa por contrata\u00e7\u00e3o e sa\u00edda pra 2025: as \u00faltimas not\u00edcias do Gr\u00eamio\"}]},{\"@type\":\"WebSite\",\"@id\":\"https:\/\/www.gaveanews.com\/#website\",\"url\":\"https:\/\/www.gaveanews.com\/\",\"name\":\"G\u00e1vea News\",\"description\":\"Veja todas as not\u00edcias sobre o Flamengo: Contrata\u00e7\u00f5es, categorias de base, resultados das partidas, tabela de classifica\u00e7\u00e3o, pr\u00f3ximos jogos!\",\"potentialAction\":[{\"@type\":\"SearchAction\",\"target\":{\"@type\":\"EntryPoint\",\"urlTemplate\":\"https:\/\/www.gaveanews.com\/?s={search_term_string}\"},\"query-input\":{\"@type\":\"PropertyValueSpecification\",\"valueRequired\":true,\"valueName\":\"search_term_string\"}}],\"inLanguage\":\"pt-BR\"},{\"@type\":\"Person\",\"@id\":\"https:\/\/www.gaveanews.com\/#\/schema\/person\/8207cd4627f56151707418bfc835b2fb\",\"name\":\"Matheus Felipe\",\"image\":{\"@type\":\"ImageObject\",\"inLanguage\":\"pt-BR\",\"@id\":\"https:\/\/www.gaveanews.com\/#\/schema\/person\/image\/\",\"url\":\"https:\/\/secure.gravatar.com\/avatar\/a452ffbed9130f726358b298bb3a99ce4bd3c5338411f8440e87e14d74c7c087?s=96&d=mm&r=g\",\"contentUrl\":\"https:\/\/secure.gravatar.com\/avatar\/a452ffbed9130f726358b298bb3a99ce4bd3c5338411f8440e87e14d74c7c087?s=96&d=mm&r=g\",\"caption\":\"Matheus Felipe\"}}]}<\/script>\n<!-- \/ Yoast SEO Premium plugin. -->","yoast_head_json":{"title":"STJD prejudica Gr\u00eamio, disputa por contrata\u00e7\u00e3o e sa\u00edda pra 2025: as \u00faltimas not\u00edcias do Gr\u00eamio","robots":{"index":"index","follow":"follow","max-snippet":"max-snippet:-1","max-image-preview":"max-image-preview:large","max-video-preview":"max-video-preview:-1"},"canonical":"https:\/\/www.gaveanews.com\/index.php\/2024\/11\/03\/stjd-prejudica-gremio-disputa-por-contratacao-e-saida-pra-2025-as-ultimas-noticias-do-gremio\/","og_locale":"pt_BR","og_type":"article","og_title":"STJD prejudica Gr\u00eamio, disputa por contrata\u00e7\u00e3o e sa\u00edda pra 2025: as \u00faltimas not\u00edcias do Gr\u00eamio","og_description":"Nas \u00faltimas horas, o foco das not\u00edcias sobre o Gr\u00eamio se concentram nos bastidores do clube, com destaques como a disputa por contrata\u00e7\u00e3o e sa\u00edda pra 2025. Por conta deste contexto, leia abaixo um resumo preparado pela equipe do portal G\u00e1vea News para lhe manter muito bem informado! Sa\u00edda pra 2025 A diretoria do Gr\u00eamio [&hellip;]","og_url":"https:\/\/www.gaveanews.com\/index.php\/2024\/11\/03\/stjd-prejudica-gremio-disputa-por-contratacao-e-saida-pra-2025-as-ultimas-noticias-do-gremio\/","og_site_name":"G\u00e1vea News","article_publisher":"https:\/\/facebook.com\/gaveaNews\/","article_published_time":"2024-11-03T16:10:00+00:00","og_image":[{"width":842,"height":643,"url":"https:\/\/www.gaveanews.com\/wp-content\/uploads\/Diego-Costa-em-acao-pelo-Gremio.webp","type":"image\/jpeg"}],"author":"Matheus Felipe","twitter_card":"summary_large_image","twitter_misc":{"Escrito por":"Matheus Felipe","Est. tempo de leitura":"5 minutos"},"schema":{"@context":"https:\/\/schema.org","@graph":[{"@type":"NewsArticle","@id":"https:\/\/www.gaveanews.com\/index.php\/2024\/11\/03\/stjd-prejudica-gremio-disputa-por-contratacao-e-saida-pra-2025-as-ultimas-noticias-do-gremio\/#article","isPartOf":{"@id":"https:\/\/www.gaveanews.com\/index.php\/2024\/11\/03\/stjd-prejudica-gremio-disputa-por-contratacao-e-saida-pra-2025-as-ultimas-noticias-do-gremio\/"},"author":{"name":"Matheus Felipe","@id":"https:\/\/www.gaveanews.com\/#\/schema\/person\/8207cd4627f56151707418bfc835b2fb"},"headline":"STJD prejudica Gr\u00eamio, disputa por contrata\u00e7\u00e3o e sa\u00edda pra 2025: as \u00faltimas not\u00edcias do Gr\u00eamio","datePublished":"2024-11-03T16:10:00+00:00","mainEntityOfPage":{"@id":"https:\/\/www.gaveanews.com\/index.php\/2024\/11\/03\/stjd-prejudica-gremio-disputa-por-contratacao-e-saida-pra-2025-as-ultimas-noticias-do-gremio\/"},"wordCount":683,"commentCount":0,"image":{"@id":"https:\/\/www.gaveanews.com\/index.php\/2024\/11\/03\/stjd-prejudica-gremio-disputa-por-contratacao-e-saida-pra-2025-as-ultimas-noticias-do-gremio\/#primaryimage"},"thumbnailUrl":"https:\/\/www.gaveanews.com\/wp-content\/uploads\/Diego-Costa-em-acao-pelo-Gremio.webp","articleSection":["Gr\u00eamio"],"inLanguage":"pt-BR","potentialAction":[{"@type":"CommentAction","name":"Comment","target":["https:\/\/www.gaveanews.com\/index.php\/2024\/11\/03\/stjd-prejudica-gremio-disputa-por-contratacao-e-saida-pra-2025-as-ultimas-noticias-do-gremio\/#respond"]}],"copyrightYear":"2024","copyrightHolder":{"@id":"https:\/\/www.gaveanews.com\/#organization"}},{"@type":"WebPage","@id":"https:\/\/www.gaveanews.com\/index.php\/2024\/11\/03\/stjd-prejudica-gremio-disputa-por-contratacao-e-saida-pra-2025-as-ultimas-noticias-do-gremio\/","url":"https:\/\/www.gaveanews.com\/index.php\/2024\/11\/03\/stjd-prejudica-gremio-disputa-por-contratacao-e-saida-pra-2025-as-ultimas-noticias-do-gremio\/","name":"STJD prejudica Gr\u00eamio, disputa por contrata\u00e7\u00e3o e sa\u00edda pra 2025: as \u00faltimas not\u00edcias do Gr\u00eamio","isPartOf":{"@id":"https:\/\/www.gaveanews.com\/#website"},"primaryImageOfPage":{"@id":"https:\/\/www.gaveanews.com\/index.php\/2024\/11\/03\/stjd-prejudica-gremio-disputa-por-contratacao-e-saida-pra-2025-as-ultimas-noticias-do-gremio\/#primaryimage"},"image":{"@id":"https:\/\/www.gaveanews.com\/index.php\/2024\/11\/03\/stjd-prejudica-gremio-disputa-por-contratacao-e-saida-pra-2025-as-ultimas-noticias-do-gremio\/#primaryimage"},"thumbnailUrl":"https:\/\/www.gaveanews.com\/wp-content\/uploads\/Diego-Costa-em-acao-pelo-Gremio.webp","datePublished":"2024-11-03T16:10:00+00:00","author":{"@id":"https:\/\/www.gaveanews.com\/#\/schema\/person\/8207cd4627f56151707418bfc835b2fb"},"breadcrumb":{"@id":"https:\/\/www.gaveanews.com\/index.php\/2024\/11\/03\/stjd-prejudica-gremio-disputa-por-contratacao-e-saida-pra-2025-as-ultimas-noticias-do-gremio\/#breadcrumb"},"inLanguage":"pt-BR","potentialAction":[{"@type":"ReadAction","target":["https:\/\/www.gaveanews.com\/index.php\/2024\/11\/03\/stjd-prejudica-gremio-disputa-por-contratacao-e-saida-pra-2025-as-ultimas-noticias-do-gremio\/"]}]},{"@type":"ImageObject","inLanguage":"pt-BR","@id":"https:\/\/www.gaveanews.com\/index.php\/2024\/11\/03\/stjd-prejudica-gremio-disputa-por-contratacao-e-saida-pra-2025-as-ultimas-noticias-do-gremio\/#primaryimage","url":"https:\/\/www.gaveanews.com\/wp-content\/uploads\/Diego-Costa-em-acao-pelo-Gremio.webp","contentUrl":"https:\/\/www.gaveanews.com\/wp-content\/uploads\/Diego-Costa-em-acao-pelo-Gremio.webp","width":842,"height":643,"caption":"Diego Costa em a\u00e7\u00e3o pelo Gr\u00eamio (Foto: Lucas Uebel\/Gr\u00eamio)"},{"@type":"BreadcrumbList","@id":"https:\/\/www.gaveanews.com\/index.php\/2024\/11\/03\/stjd-prejudica-gremio-disputa-por-contratacao-e-saida-pra-2025-as-ultimas-noticias-do-gremio\/#breadcrumb","itemListElement":[{"@type":"ListItem","position":1,"name":"Home","item":"https:\/\/www.gaveanews.com\/"},{"@type":"ListItem","position":2,"name":"STJD prejudica Gr\u00eamio, disputa por contrata\u00e7\u00e3o e sa\u00edda pra 2025: as \u00faltimas not\u00edcias do Gr\u00eamio"}]},{"@type":"WebSite","@id":"https:\/\/www.gaveanews.com\/#website","url":"https:\/\/www.gaveanews.com\/","name":"G\u00e1vea News","description":"Veja todas as not\u00edcias sobre o Flamengo: Contrata\u00e7\u00f5es, categorias de base, resultados das partidas, tabela de classifica\u00e7\u00e3o, pr\u00f3ximos jogos!","potentialAction":[{"@type":"SearchAction","target":{"@type":"EntryPoint","urlTemplate":"https:\/\/www.gaveanews.com\/?s={search_term_string}"},"query-input":{"@type":"PropertyValueSpecification","valueRequired":true,"valueName":"search_term_string"}}],"inLanguage":"pt-BR"},{"@type":"Person","@id":"https:\/\/www.gaveanews.com\/#\/schema\/person\/8207cd4627f56151707418bfc835b2fb","name":"Matheus Felipe","image":{"@type":"ImageObject","inLanguage":"pt-BR","@id":"https:\/\/www.gaveanews.com\/#\/schema\/person\/image\/","url":"https:\/\/secure.gravatar.com\/avatar\/a452ffbed9130f726358b298bb3a99ce4bd3c5338411f8440e87e14d74c7c087?s=96&d=mm&r=g","contentUrl":"https:\/\/secure.gravatar.com\/avatar\/a452ffbed9130f726358b298bb3a99ce4bd3c5338411f8440e87e14d74c7c087?s=96&d=mm&r=g","caption":"Matheus Felipe"}}]}},"_links":{"self":[{"href":"https:\/\/www.gaveanews.com\/index.php\/wp-json\/wp\/v2\/posts\/180858","targetHints":{"allow":["GET"]}}],"collection":[{"href":"https:\/\/www.gaveanews.com\/index.php\/wp-json\/wp\/v2\/posts"}],"about":[{"href":"https:\/\/www.gaveanews.com\/index.php\/wp-json\/wp\/v2\/types\/post"}],"author":[{"embeddable":true,"href":"https:\/\/www.gaveanews.com\/index.php\/wp-json\/wp\/v2\/users\/27"}],"replies":[{"embeddable":true,"href":"https:\/\/www.gaveanews.com\/index.php\/wp-json\/wp\/v2\/comments?post=180858"}],"version-history":[{"count":1,"href":"https:\/\/www.gaveanews.com\/index.php\/wp-json\/wp\/v2\/posts\/180858\/revisions"}],"predecessor-version":[{"id":180860,"href":"https:\/\/www.gaveanews.com\/index.php\/wp-json\/wp\/v2\/posts\/180858\/revisions\/180860"}],"wp:featuredmedia":[{"embeddable":true,"href":"https:\/\/www.gaveanews.com\/index.php\/wp-json\/wp\/v2\/media\/173103"}],"wp:attachment":[{"href":"https:\/\/www.gaveanews.com\/index.php\/wp-json\/wp\/v2\/media?parent=180858"}],"wp:term":[{"taxonomy":"category","embeddable":true,"href":"https:\/\/www.gaveanews.com\/index.php\/wp-json\/wp\/v2\/categories?post=180858"},{"taxonomy":"post_tag","embeddable":true,"href":"https:\/\/www.gaveanews.com\/index.php\/wp-json\/wp\/v2\/tags?post=180858"}],"curies":[{"name":"wp","href":"https:\/\/api.w.org\/{rel}","templated":true}]}}