{"id":180939,"date":"2024-11-03T18:40:54","date_gmt":"2024-11-03T21:40:54","guid":{"rendered":"https:\/\/www.gaveanews.com\/?p=180939"},"modified":"2024-11-03T18:42:27","modified_gmt":"2024-11-03T21:42:27","slug":"carille-pode-fechar-com-rival-do-santos-em-sao-paulo","status":"publish","type":"post","link":"https:\/\/www.gaveanews.com\/index.php\/2024\/11\/03\/carille-pode-fechar-com-rival-do-santos-em-sao-paulo\/","title":{"rendered":"Carille pode fechar com rival do Santos em S\u00e3o Paulo"},"content":{"rendered":"\n<h2 class=\"wp-block-heading\" id=\"h-corinthians-mira-contratacao-de-fabio-carille-nbsp\">Corinthians mira contrata\u00e7\u00e3o de F\u00e1bio Carille&nbsp;<\/h2>\n\n\n\n<p>F\u00e1bio Carille voltou a ser alvo do Corinthians onde j\u00e1 trabalhou , de acordo com as informa\u00e7\u00f5es foram apuradas por\u00a0Samir Carvalho, a diretoria do Tim\u00e3o n\u00e3o esta contente com o trabalho do atual t\u00e9cnico Ram\u00f3n Di\u00e1z e com isso devem trocar o comanda da equipe.<\/p>\n\n\n\n<ul class=\"wp-block-list\">\n<li><a href=\"https:\/\/www.gaveanews.com\/index.php\/2024\/11\/03\/volta-de-neymar-contratacoes-para-2025-e-salario-de-rincon-as-ultimas-do-santos\/\">Volta de Neymar, contrata\u00e7\u00f5es para 2025 e sal\u00e1rio de Rinc\u00f3n: as \u00faltimas do Santos<\/a><\/li>\n\n\n\n<li><a href=\"https:\/\/www.gaveanews.com\/index.php\/2024\/11\/02\/novo-reforco-meio-campista-assina-com-o-santos\/\">Novo refor\u00e7o! Meio-campista assina com o Santos<br><\/a><\/li>\n<\/ul>\n\n\n\n<p>Antes da diretoria do Corinthians pensar em Carille, tinham tentado ter uma conversa com o antigo t\u00e9cnico do Botafogo Lu\u00eds Castro por\u00e9m de acordo com informa\u00e7\u00f5es do jornalista Samir Carvalho o valor do sal\u00e1rio pedido pelo treinador foi muito alto devido as circunst\u00e2ncias do clube.<\/p>\n\n\n\n<p><em>-Eles est\u00e3o discutindo valores e quando assumir. Lu\u00eds Castro pediu o dobro que ganha Ram\u00f3n D\u00edaz e o Corinthians quer reduzir esse valor, disse o jornalista. Inicialmente, o estafe do portugu\u00eas ofereceu o treinador apenas para o in\u00edcio de 2025.<\/em><\/p>\n\n\n\n<figure class=\"wp-block-image size-large\"><img loading=\"lazy\" decoding=\"async\" width=\"1024\" height=\"778\" src=\"https:\/\/www.gaveanews.com\/wp-content\/uploads\/Carille-treinando-o-Santos-em-2024-1024x778.webp\" alt=\"\" class=\"wp-image-153907\" srcset=\"https:\/\/www.gaveanews.com\/wp-content\/uploads\/Carille-treinando-o-Santos-em-2024-1024x778.webp 1024w, https:\/\/www.gaveanews.com\/wp-content\/uploads\/Carille-treinando-o-Santos-em-2024-300x228.webp 300w, https:\/\/www.gaveanews.com\/wp-content\/uploads\/Carille-treinando-o-Santos-em-2024-768x584.webp 768w, https:\/\/www.gaveanews.com\/wp-content\/uploads\/Carille-treinando-o-Santos-em-2024-1536x1167.webp 1536w, https:\/\/www.gaveanews.com\/wp-content\/uploads\/Carille-treinando-o-Santos-em-2024-553x420.webp 553w, https:\/\/www.gaveanews.com\/wp-content\/uploads\/Carille-treinando-o-Santos-em-2024-1105x840.webp 1105w, https:\/\/www.gaveanews.com\/wp-content\/uploads\/Carille-treinando-o-Santos-em-2024-80x60.webp 80w, https:\/\/www.gaveanews.com\/wp-content\/uploads\/Carille-treinando-o-Santos-em-2024-100x76.webp 100w, https:\/\/www.gaveanews.com\/wp-content\/uploads\/Carille-treinando-o-Santos-em-2024-640x486.webp 640w, https:\/\/www.gaveanews.com\/wp-content\/uploads\/Carille-treinando-o-Santos-em-2024-1280x973.webp 1280w, https:\/\/www.gaveanews.com\/wp-content\/uploads\/Carille-treinando-o-Santos-em-2024-681x518.webp 681w, https:\/\/www.gaveanews.com\/wp-content\/uploads\/Carille-treinando-o-Santos-em-2024-1362x1035.webp 1362w, https:\/\/www.gaveanews.com\/wp-content\/uploads\/Carille-treinando-o-Santos-em-2024.webp 1600w\" sizes=\"auto, (max-width: 1024px) 100vw, 1024px\" \/><figcaption class=\"wp-element-caption\">Carille treinando o Santos em 2024 (Foto: Reprodu\u00e7\u00e3o\/Santos)<\/figcaption><\/figure>\n\n\n\n<p><em>-Augusto Melo gosta muito de Carille e se d\u00e1 muito bem com Paulo Pitombeira (empres\u00e1rio do treinador)\u201d, afirmpu Samir Carvalho.&nbsp;O comunicador explicou que o treinador do Santos agrada e muito a diretoria corinthiana e se torna a segunda op\u00e7\u00e3o para assumir o Tim\u00e3o.<\/em><\/p>\n\n\n\n<h2 class=\"wp-block-heading\" id=\"h-carille-ja-teve-passagem-pelo-corinthians\">Carille j\u00e1 teve passagem pelo Corinthians:<\/h2>\n\n\n\n<p>O treinador que conquistou o Campeonato Brasileiro em 2017 pelo Clube do Parque S\u00e3o Jorge possui uma cl\u00e1usula de renova\u00e7\u00e3o autom\u00e1tica com o Santos, mas sua performance tem gerado descontentamento no Peixe, o que indica que ele pode n\u00e3o permanecer na pr\u00f3xima temporada.<\/p>\n\n\n\n<p>Dessa forma, o presidente Augusto Melo n\u00e3o deve encontrar grandes obst\u00e1culos para contratar um novo t\u00e9cnico para substituir Ram\u00f3n D\u00edaz. Outro nome mencionado nos bastidores do Alvinegro \u00e9 Tite, que est\u00e1 dispon\u00edvel no mercado ap\u00f3s sua sa\u00edda do Flamengo.<\/p>\n\n\n\n<h2 class=\"wp-block-heading\" id=\"h-tite-tambem-voltou-a-ser-alvo-devido-seu-historico-com-o-clube\">Tite tamb\u00e9m voltou a ser alvo devido seu hist\u00f3rico com o clube<\/h2>\n\n\n\n<p>A possibilidade de Tite retornar ao Clube Paulista ganhou for\u00e7a, mas conforme informa\u00e7\u00f5es de Samir Carvalho, a negocia\u00e7\u00e3o \u00e9 vista como complexa pelo Tim\u00e3o e o treinador n\u00e3o conta com apoio un\u00e2nime na diretoria corinthiana.<\/p>\n","protected":false},"excerpt":{"rendered":"<p>Corinthians mira contrata\u00e7\u00e3o de F\u00e1bio Carille&nbsp; F\u00e1bio Carille voltou a ser alvo do Corinthians onde j\u00e1 trabalhou , de acordo com as informa\u00e7\u00f5es foram apuradas por\u00a0Samir Carvalho, a diretoria do Tim\u00e3o n\u00e3o esta contente com o trabalho do atual t\u00e9cnico Ram\u00f3n Di\u00e1z e com isso devem trocar o comanda da equipe. Antes da diretoria do [&hellip;]<\/p>\n","protected":false},"author":16,"featured_media":153906,"comment_status":"open","ping_status":"closed","sticky":false,"template":"","format":"standard","meta":{"footnotes":""},"categories":[139],"tags":[],"class_list":["post-180939","post","type-post","status-publish","format-standard","has-post-thumbnail","hentry","category-santos"],"yoast_head":"<!-- This site is optimized with the Yoast SEO Premium plugin v24.2 (Yoast SEO v26.9) - https:\/\/yoast.com\/product\/yoast-seo-premium-wordpress\/ -->\n<title>Carille pode fechar com rival do Santos em S\u00e3o Paulo<\/title>\n<meta name=\"description\" content=\"Carille pode fechar com rival do Santos em S\u00e3o Paulo\" \/>\n<meta name=\"robots\" content=\"index, follow, max-snippet:-1, max-image-preview:large, max-video-preview:-1\" \/>\n<link rel=\"canonical\" href=\"https:\/\/www.gaveanews.com\/index.php\/2024\/11\/03\/carille-pode-fechar-com-rival-do-santos-em-sao-paulo\/\" \/>\n<meta property=\"og:locale\" content=\"pt_BR\" \/>\n<meta property=\"og:type\" content=\"article\" \/>\n<meta property=\"og:title\" content=\"Carille pode fechar com rival do Santos em S\u00e3o Paulo\" \/>\n<meta property=\"og:description\" content=\"Carille pode fechar com rival do Santos em S\u00e3o Paulo\" \/>\n<meta property=\"og:url\" content=\"https:\/\/www.gaveanews.com\/index.php\/2024\/11\/03\/carille-pode-fechar-com-rival-do-santos-em-sao-paulo\/\" \/>\n<meta property=\"og:site_name\" content=\"G\u00e1vea News\" \/>\n<meta property=\"article:publisher\" content=\"https:\/\/facebook.com\/gaveaNews\/\" \/>\n<meta property=\"article:published_time\" content=\"2024-11-03T21:40:54+00:00\" \/>\n<meta property=\"article:modified_time\" content=\"2024-11-03T21:42:27+00:00\" \/>\n<meta property=\"og:image\" content=\"https:\/\/www.gaveanews.com\/wp-content\/uploads\/Fabio-Carille-treinando-o-Santos.webp\" \/>\n\t<meta property=\"og:image:width\" content=\"1600\" \/>\n\t<meta property=\"og:image:height\" content=\"1054\" \/>\n\t<meta property=\"og:image:type\" content=\"image\/jpeg\" \/>\n<meta name=\"author\" content=\"D\u00e9bora Figueiredo\" \/>\n<meta name=\"twitter:card\" content=\"summary_large_image\" \/>\n<meta name=\"twitter:label1\" content=\"Escrito por\" \/>\n\t<meta name=\"twitter:data1\" content=\"D\u00e9bora Figueiredo\" \/>\n\t<meta name=\"twitter:label2\" content=\"Est. tempo de leitura\" \/>\n\t<meta name=\"twitter:data2\" content=\"3 minutos\" \/>\n<script type=\"application\/ld+json\" class=\"yoast-schema-graph\">{\"@context\":\"https:\/\/schema.org\",\"@graph\":[{\"@type\":\"NewsArticle\",\"@id\":\"https:\/\/www.gaveanews.com\/index.php\/2024\/11\/03\/carille-pode-fechar-com-rival-do-santos-em-sao-paulo\/#article\",\"isPartOf\":{\"@id\":\"https:\/\/www.gaveanews.com\/index.php\/2024\/11\/03\/carille-pode-fechar-com-rival-do-santos-em-sao-paulo\/\"},\"author\":{\"name\":\"D\u00e9bora Figueiredo\",\"@id\":\"https:\/\/www.gaveanews.com\/#\/schema\/person\/37122681a8575a5c8db05a56f099a5e4\"},\"headline\":\"Carille pode fechar com rival do Santos em S\u00e3o Paulo\",\"datePublished\":\"2024-11-03T21:40:54+00:00\",\"dateModified\":\"2024-11-03T21:42:27+00:00\",\"mainEntityOfPage\":{\"@id\":\"https:\/\/www.gaveanews.com\/index.php\/2024\/11\/03\/carille-pode-fechar-com-rival-do-santos-em-sao-paulo\/\"},\"wordCount\":403,\"commentCount\":0,\"image\":{\"@id\":\"https:\/\/www.gaveanews.com\/index.php\/2024\/11\/03\/carille-pode-fechar-com-rival-do-santos-em-sao-paulo\/#primaryimage\"},\"thumbnailUrl\":\"https:\/\/www.gaveanews.com\/wp-content\/uploads\/Fabio-Carille-treinando-o-Santos.webp\",\"articleSection\":[\"Santos\"],\"inLanguage\":\"pt-BR\",\"potentialAction\":[{\"@type\":\"CommentAction\",\"name\":\"Comment\",\"target\":[\"https:\/\/www.gaveanews.com\/index.php\/2024\/11\/03\/carille-pode-fechar-com-rival-do-santos-em-sao-paulo\/#respond\"]}],\"copyrightYear\":\"2024\",\"copyrightHolder\":{\"@id\":\"https:\/\/www.gaveanews.com\/#organization\"}},{\"@type\":\"WebPage\",\"@id\":\"https:\/\/www.gaveanews.com\/index.php\/2024\/11\/03\/carille-pode-fechar-com-rival-do-santos-em-sao-paulo\/\",\"url\":\"https:\/\/www.gaveanews.com\/index.php\/2024\/11\/03\/carille-pode-fechar-com-rival-do-santos-em-sao-paulo\/\",\"name\":\"Carille pode fechar com rival do Santos em S\u00e3o Paulo\",\"isPartOf\":{\"@id\":\"https:\/\/www.gaveanews.com\/#website\"},\"primaryImageOfPage\":{\"@id\":\"https:\/\/www.gaveanews.com\/index.php\/2024\/11\/03\/carille-pode-fechar-com-rival-do-santos-em-sao-paulo\/#primaryimage\"},\"image\":{\"@id\":\"https:\/\/www.gaveanews.com\/index.php\/2024\/11\/03\/carille-pode-fechar-com-rival-do-santos-em-sao-paulo\/#primaryimage\"},\"thumbnailUrl\":\"https:\/\/www.gaveanews.com\/wp-content\/uploads\/Fabio-Carille-treinando-o-Santos.webp\",\"datePublished\":\"2024-11-03T21:40:54+00:00\",\"dateModified\":\"2024-11-03T21:42:27+00:00\",\"author\":{\"@id\":\"https:\/\/www.gaveanews.com\/#\/schema\/person\/37122681a8575a5c8db05a56f099a5e4\"},\"description\":\"Carille pode fechar com rival do Santos em S\u00e3o Paulo\",\"breadcrumb\":{\"@id\":\"https:\/\/www.gaveanews.com\/index.php\/2024\/11\/03\/carille-pode-fechar-com-rival-do-santos-em-sao-paulo\/#breadcrumb\"},\"inLanguage\":\"pt-BR\",\"potentialAction\":[{\"@type\":\"ReadAction\",\"target\":[\"https:\/\/www.gaveanews.com\/index.php\/2024\/11\/03\/carille-pode-fechar-com-rival-do-santos-em-sao-paulo\/\"]}]},{\"@type\":\"ImageObject\",\"inLanguage\":\"pt-BR\",\"@id\":\"https:\/\/www.gaveanews.com\/index.php\/2024\/11\/03\/carille-pode-fechar-com-rival-do-santos-em-sao-paulo\/#primaryimage\",\"url\":\"https:\/\/www.gaveanews.com\/wp-content\/uploads\/Fabio-Carille-treinando-o-Santos.webp\",\"contentUrl\":\"https:\/\/www.gaveanews.com\/wp-content\/uploads\/Fabio-Carille-treinando-o-Santos.webp\",\"width\":1600,\"height\":1054,\"caption\":\"F\u00e1bio Carille treinando o Santos (Foto: Reprodu\u00e7\u00e3o\/Santos)\"},{\"@type\":\"BreadcrumbList\",\"@id\":\"https:\/\/www.gaveanews.com\/index.php\/2024\/11\/03\/carille-pode-fechar-com-rival-do-santos-em-sao-paulo\/#breadcrumb\",\"itemListElement\":[{\"@type\":\"ListItem\",\"position\":1,\"name\":\"Home\",\"item\":\"https:\/\/www.gaveanews.com\/\"},{\"@type\":\"ListItem\",\"position\":2,\"name\":\"Carille pode fechar com rival do Santos em S\u00e3o Paulo\"}]},{\"@type\":\"WebSite\",\"@id\":\"https:\/\/www.gaveanews.com\/#website\",\"url\":\"https:\/\/www.gaveanews.com\/\",\"name\":\"G\u00e1vea News\",\"description\":\"Veja todas as not\u00edcias sobre o Flamengo: Contrata\u00e7\u00f5es, categorias de base, resultados das partidas, tabela de classifica\u00e7\u00e3o, pr\u00f3ximos jogos!\",\"potentialAction\":[{\"@type\":\"SearchAction\",\"target\":{\"@type\":\"EntryPoint\",\"urlTemplate\":\"https:\/\/www.gaveanews.com\/?s={search_term_string}\"},\"query-input\":{\"@type\":\"PropertyValueSpecification\",\"valueRequired\":true,\"valueName\":\"search_term_string\"}}],\"inLanguage\":\"pt-BR\"},{\"@type\":\"Person\",\"@id\":\"https:\/\/www.gaveanews.com\/#\/schema\/person\/37122681a8575a5c8db05a56f099a5e4\",\"name\":\"D\u00e9bora Figueiredo\",\"image\":{\"@type\":\"ImageObject\",\"inLanguage\":\"pt-BR\",\"@id\":\"https:\/\/www.gaveanews.com\/#\/schema\/person\/image\/\",\"url\":\"https:\/\/secure.gravatar.com\/avatar\/1f44802859351588499d26f52aed1d15796ce17e67602895b72837c08018868d?s=96&d=mm&r=g\",\"contentUrl\":\"https:\/\/secure.gravatar.com\/avatar\/1f44802859351588499d26f52aed1d15796ce17e67602895b72837c08018868d?s=96&d=mm&r=g\",\"caption\":\"D\u00e9bora Figueiredo\"}}]}<\/script>\n<!-- \/ Yoast SEO Premium plugin. -->","yoast_head_json":{"title":"Carille pode fechar com rival do Santos em S\u00e3o Paulo","description":"Carille pode fechar com rival do Santos em S\u00e3o Paulo","robots":{"index":"index","follow":"follow","max-snippet":"max-snippet:-1","max-image-preview":"max-image-preview:large","max-video-preview":"max-video-preview:-1"},"canonical":"https:\/\/www.gaveanews.com\/index.php\/2024\/11\/03\/carille-pode-fechar-com-rival-do-santos-em-sao-paulo\/","og_locale":"pt_BR","og_type":"article","og_title":"Carille pode fechar com rival do Santos em S\u00e3o Paulo","og_description":"Carille pode fechar com rival do Santos em S\u00e3o Paulo","og_url":"https:\/\/www.gaveanews.com\/index.php\/2024\/11\/03\/carille-pode-fechar-com-rival-do-santos-em-sao-paulo\/","og_site_name":"G\u00e1vea News","article_publisher":"https:\/\/facebook.com\/gaveaNews\/","article_published_time":"2024-11-03T21:40:54+00:00","article_modified_time":"2024-11-03T21:42:27+00:00","og_image":[{"width":1600,"height":1054,"url":"https:\/\/www.gaveanews.com\/wp-content\/uploads\/Fabio-Carille-treinando-o-Santos.webp","type":"image\/jpeg"}],"author":"D\u00e9bora Figueiredo","twitter_card":"summary_large_image","twitter_misc":{"Escrito por":"D\u00e9bora Figueiredo","Est. tempo de leitura":"3 minutos"},"schema":{"@context":"https:\/\/schema.org","@graph":[{"@type":"NewsArticle","@id":"https:\/\/www.gaveanews.com\/index.php\/2024\/11\/03\/carille-pode-fechar-com-rival-do-santos-em-sao-paulo\/#article","isPartOf":{"@id":"https:\/\/www.gaveanews.com\/index.php\/2024\/11\/03\/carille-pode-fechar-com-rival-do-santos-em-sao-paulo\/"},"author":{"name":"D\u00e9bora Figueiredo","@id":"https:\/\/www.gaveanews.com\/#\/schema\/person\/37122681a8575a5c8db05a56f099a5e4"},"headline":"Carille pode fechar com rival do Santos em S\u00e3o Paulo","datePublished":"2024-11-03T21:40:54+00:00","dateModified":"2024-11-03T21:42:27+00:00","mainEntityOfPage":{"@id":"https:\/\/www.gaveanews.com\/index.php\/2024\/11\/03\/carille-pode-fechar-com-rival-do-santos-em-sao-paulo\/"},"wordCount":403,"commentCount":0,"image":{"@id":"https:\/\/www.gaveanews.com\/index.php\/2024\/11\/03\/carille-pode-fechar-com-rival-do-santos-em-sao-paulo\/#primaryimage"},"thumbnailUrl":"https:\/\/www.gaveanews.com\/wp-content\/uploads\/Fabio-Carille-treinando-o-Santos.webp","articleSection":["Santos"],"inLanguage":"pt-BR","potentialAction":[{"@type":"CommentAction","name":"Comment","target":["https:\/\/www.gaveanews.com\/index.php\/2024\/11\/03\/carille-pode-fechar-com-rival-do-santos-em-sao-paulo\/#respond"]}],"copyrightYear":"2024","copyrightHolder":{"@id":"https:\/\/www.gaveanews.com\/#organization"}},{"@type":"WebPage","@id":"https:\/\/www.gaveanews.com\/index.php\/2024\/11\/03\/carille-pode-fechar-com-rival-do-santos-em-sao-paulo\/","url":"https:\/\/www.gaveanews.com\/index.php\/2024\/11\/03\/carille-pode-fechar-com-rival-do-santos-em-sao-paulo\/","name":"Carille pode fechar com rival do Santos em S\u00e3o Paulo","isPartOf":{"@id":"https:\/\/www.gaveanews.com\/#website"},"primaryImageOfPage":{"@id":"https:\/\/www.gaveanews.com\/index.php\/2024\/11\/03\/carille-pode-fechar-com-rival-do-santos-em-sao-paulo\/#primaryimage"},"image":{"@id":"https:\/\/www.gaveanews.com\/index.php\/2024\/11\/03\/carille-pode-fechar-com-rival-do-santos-em-sao-paulo\/#primaryimage"},"thumbnailUrl":"https:\/\/www.gaveanews.com\/wp-content\/uploads\/Fabio-Carille-treinando-o-Santos.webp","datePublished":"2024-11-03T21:40:54+00:00","dateModified":"2024-11-03T21:42:27+00:00","author":{"@id":"https:\/\/www.gaveanews.com\/#\/schema\/person\/37122681a8575a5c8db05a56f099a5e4"},"description":"Carille pode fechar com rival do Santos em S\u00e3o Paulo","breadcrumb":{"@id":"https:\/\/www.gaveanews.com\/index.php\/2024\/11\/03\/carille-pode-fechar-com-rival-do-santos-em-sao-paulo\/#breadcrumb"},"inLanguage":"pt-BR","potentialAction":[{"@type":"ReadAction","target":["https:\/\/www.gaveanews.com\/index.php\/2024\/11\/03\/carille-pode-fechar-com-rival-do-santos-em-sao-paulo\/"]}]},{"@type":"ImageObject","inLanguage":"pt-BR","@id":"https:\/\/www.gaveanews.com\/index.php\/2024\/11\/03\/carille-pode-fechar-com-rival-do-santos-em-sao-paulo\/#primaryimage","url":"https:\/\/www.gaveanews.com\/wp-content\/uploads\/Fabio-Carille-treinando-o-Santos.webp","contentUrl":"https:\/\/www.gaveanews.com\/wp-content\/uploads\/Fabio-Carille-treinando-o-Santos.webp","width":1600,"height":1054,"caption":"F\u00e1bio Carille treinando o Santos (Foto: Reprodu\u00e7\u00e3o\/Santos)"},{"@type":"BreadcrumbList","@id":"https:\/\/www.gaveanews.com\/index.php\/2024\/11\/03\/carille-pode-fechar-com-rival-do-santos-em-sao-paulo\/#breadcrumb","itemListElement":[{"@type":"ListItem","position":1,"name":"Home","item":"https:\/\/www.gaveanews.com\/"},{"@type":"ListItem","position":2,"name":"Carille pode fechar com rival do Santos em S\u00e3o Paulo"}]},{"@type":"WebSite","@id":"https:\/\/www.gaveanews.com\/#website","url":"https:\/\/www.gaveanews.com\/","name":"G\u00e1vea News","description":"Veja todas as not\u00edcias sobre o Flamengo: Contrata\u00e7\u00f5es, categorias de base, resultados das partidas, tabela de classifica\u00e7\u00e3o, pr\u00f3ximos jogos!","potentialAction":[{"@type":"SearchAction","target":{"@type":"EntryPoint","urlTemplate":"https:\/\/www.gaveanews.com\/?s={search_term_string}"},"query-input":{"@type":"PropertyValueSpecification","valueRequired":true,"valueName":"search_term_string"}}],"inLanguage":"pt-BR"},{"@type":"Person","@id":"https:\/\/www.gaveanews.com\/#\/schema\/person\/37122681a8575a5c8db05a56f099a5e4","name":"D\u00e9bora Figueiredo","image":{"@type":"ImageObject","inLanguage":"pt-BR","@id":"https:\/\/www.gaveanews.com\/#\/schema\/person\/image\/","url":"https:\/\/secure.gravatar.com\/avatar\/1f44802859351588499d26f52aed1d15796ce17e67602895b72837c08018868d?s=96&d=mm&r=g","contentUrl":"https:\/\/secure.gravatar.com\/avatar\/1f44802859351588499d26f52aed1d15796ce17e67602895b72837c08018868d?s=96&d=mm&r=g","caption":"D\u00e9bora Figueiredo"}}]}},"_links":{"self":[{"href":"https:\/\/www.gaveanews.com\/index.php\/wp-json\/wp\/v2\/posts\/180939","targetHints":{"allow":["GET"]}}],"collection":[{"href":"https:\/\/www.gaveanews.com\/index.php\/wp-json\/wp\/v2\/posts"}],"about":[{"href":"https:\/\/www.gaveanews.com\/index.php\/wp-json\/wp\/v2\/types\/post"}],"author":[{"embeddable":true,"href":"https:\/\/www.gaveanews.com\/index.php\/wp-json\/wp\/v2\/users\/16"}],"replies":[{"embeddable":true,"href":"https:\/\/www.gaveanews.com\/index.php\/wp-json\/wp\/v2\/comments?post=180939"}],"version-history":[{"count":2,"href":"https:\/\/www.gaveanews.com\/index.php\/wp-json\/wp\/v2\/posts\/180939\/revisions"}],"predecessor-version":[{"id":180974,"href":"https:\/\/www.gaveanews.com\/index.php\/wp-json\/wp\/v2\/posts\/180939\/revisions\/180974"}],"wp:featuredmedia":[{"embeddable":true,"href":"https:\/\/www.gaveanews.com\/index.php\/wp-json\/wp\/v2\/media\/153906"}],"wp:attachment":[{"href":"https:\/\/www.gaveanews.com\/index.php\/wp-json\/wp\/v2\/media?parent=180939"}],"wp:term":[{"taxonomy":"category","embeddable":true,"href":"https:\/\/www.gaveanews.com\/index.php\/wp-json\/wp\/v2\/categories?post=180939"},{"taxonomy":"post_tag","embeddable":true,"href":"https:\/\/www.gaveanews.com\/index.php\/wp-json\/wp\/v2\/tags?post=180939"}],"curies":[{"name":"wp","href":"https:\/\/api.w.org\/{rel}","templated":true}]}}