{"id":180958,"date":"2024-11-03T18:13:59","date_gmt":"2024-11-03T21:13:59","guid":{"rendered":"https:\/\/www.gaveanews.com\/?p=180958"},"modified":"2024-11-03T19:49:32","modified_gmt":"2024-11-03T22:49:32","slug":"flamengo-x-atletico-mg-a-declaracao-de-arrascaeta-sobre-o-jogo","status":"publish","type":"post","link":"https:\/\/www.gaveanews.com\/index.php\/2024\/11\/03\/flamengo-x-atletico-mg-a-declaracao-de-arrascaeta-sobre-o-jogo\/","title":{"rendered":"Flamengo x Atl\u00e9tico-MG: a declara\u00e7\u00e3o de Arrascaeta sobre o jogo"},"content":{"rendered":"\n<p>Neste  domingo (3), o Flamengo venceu o Atl\u00e9tico-MG por 3 a 1, pelo primeiro jogo da final da Copa do Brasil. O resultado deixou o Rubro-Negro minimamente confort\u00e1vel na briga pelo t\u00edtulo, com dois gols de vantagem no marcador.<\/p>\n\n\n\n<ul class=\"wp-block-list\">\n<li><a href=\"https:\/\/www.gaveanews.com\/index.php\/2024\/11\/02\/allan-arrascaeta-ayrton-lucas-gerson-leo-ortiz-leo-pereira-lorran-luiz-araujo-pulgar-e-wesley-os-jogadores-do-flamengo-com-mais-desarmes-por-jogo-no-brasileirao\/\">Allan, Arrascaeta, Ayrton Lucas, Gerson, L\u00e9o Ortiz, L\u00e9o Pereira, Lorran, Luiz Ara\u00fajo, Pulgar e Wesley: os jogadores do Flamengo com mais desarmes por jogo no Brasileir\u00e3o<\/a><\/li>\n\n\n\n<li><a href=\"https:\/\/www.gaveanews.com\/index.php\/2024\/11\/03\/astro-estrangeiro-confirma-que-vai-jogar-no-flamengo\/\">Astro estrangeiro confirma que vai jogar no Flamengo<\/a><\/li>\n<\/ul>\n\n\n\n<p>Ao final da partida, Arrascaeta analisou a import\u00e2ncia do resultado e comentou sobre as dores que o tiraram do jogo com a bola rolando.<\/p>\n\n\n\n<p>\u2014 <em>A gente est\u00e1 enfrentando uma equipe muito qualificada, em um grande momento, finalista da Libetadores. A gente respeita, fizemos o nosso trabalho, sa\u00edmos felizes. Mas, tem 90 minutos muito dif\u00edceis e a gente vai se empenhar<\/em> -, disse o camisa 14, antes de prosseguir:<\/p>\n\n\n\n<p>\u2014<em> Esses \u00faltimos jogos venho jogando com uma prote\u00e7\u00e3o no joelho, infelizmente vou ter que fazer uma limpeza no joelho no fim da temporada. Estou tentando aguentar, n\u00e3o queria ficar fora da final, mas atrapalha muito. \u00c9 uma situa\u00e7\u00e3o um pouco dif\u00edcil de lidar, mas com o departamento (m\u00e9dico), n\u00f3s estamos fazendo o melhor para tentar estar em todos os jogos<\/em> -, afirmou.<\/p>\n\n\n\n<p>Os tr\u00eas gols do Flamengo foram marcados por Arrascaeta e Gabigol (duas vezes). O uruguaio balan\u00e7ou as redes aos 11 minutos, com bel\u00edssimo passe de Gabriel, e os do camisa 99 sa\u00edram aos 39 do primeiro tempo e aos 29 da segunda etapa. O gol do Atl\u00e9tico-MG, por sua vez, saiu dos p\u00e9s de Alan Kardec, aos 35 minutos do segundo tempo. <\/p>\n\n\n\n<p>Gabigol  voltou a marcar gols com bola rolando ap\u00f3s quase quatro meses. O \u00faltimo tempo do atacante com o jogo em andamento foi na goleada de 6 a 1 sobre o Vasco, pelo Campeonato Brasileiro. Desde ent\u00e3o, Gabigol s\u00f3 tinh balan\u00e7ado as redes em coran\u00e7as de p\u00eanaltis<\/p>\n\n\n\n<p>Agora, Flamengo e Atl\u00e9tico-MG s\u00f3 voltam a medir for\u00e7as em campo para disputar o segundo jogo da final da Copa do Brasil no pr\u00f3ximo domingo, dia 10 de novembro. As equipes se enfrentam na Arena MRV, \u00e0s 16h (hor\u00e1rio de Bras\u00edlia).<\/p>\n\n\n\n<p>Antes de se reencontrarem, Flamengo e Atl\u00e9tico-MG t\u00eam compromissos v\u00e1lidos pelo Brasileir\u00e3o. O Rubro-Negro enfrenta o Cruzeiro no dia 6, no Mineir\u00e3o, \u00e0s 21h (hor\u00e1rio de Bras\u00edlia). O Galo, por sua vez, encara o Atl\u00e9tico-GO, no mesmo dia e hor\u00e1rio.<\/p>\n","protected":false},"excerpt":{"rendered":"<p>Neste domingo (3), o Flamengo venceu o Atl\u00e9tico-MG por 3 a 1, pelo primeiro jogo da final da Copa do Brasil. O resultado deixou o Rubro-Negro minimamente confort\u00e1vel na briga pelo t\u00edtulo, com dois gols de vantagem no marcador. Ao final da partida, Arrascaeta analisou a import\u00e2ncia do resultado e comentou sobre as dores que [&hellip;]<\/p>\n","protected":false},"author":18,"featured_media":157914,"comment_status":"open","ping_status":"closed","sticky":false,"template":"","format":"standard","meta":{"footnotes":""},"categories":[1],"tags":[],"class_list":["post-180958","post","type-post","status-publish","format-standard","has-post-thumbnail","hentry","category-flamengo"],"yoast_head":"<!-- This site is optimized with the Yoast SEO Premium plugin v24.2 (Yoast SEO v26.9) - https:\/\/yoast.com\/product\/yoast-seo-premium-wordpress\/ -->\n<title>Flamengo x Atl\u00e9tico-MG: a declara\u00e7\u00e3o de Arrascaeta sobre o jogo<\/title>\n<meta name=\"robots\" content=\"index, follow, max-snippet:-1, max-image-preview:large, max-video-preview:-1\" \/>\n<link rel=\"canonical\" href=\"https:\/\/www.gaveanews.com\/index.php\/2024\/11\/03\/flamengo-x-atletico-mg-a-declaracao-de-arrascaeta-sobre-o-jogo\/\" \/>\n<meta property=\"og:locale\" content=\"pt_BR\" \/>\n<meta property=\"og:type\" content=\"article\" \/>\n<meta property=\"og:title\" content=\"Flamengo x Atl\u00e9tico-MG: a declara\u00e7\u00e3o de Arrascaeta sobre o jogo\" \/>\n<meta property=\"og:description\" content=\"Neste domingo (3), o Flamengo venceu o Atl\u00e9tico-MG por 3 a 1, pelo primeiro jogo da final da Copa do Brasil. O resultado deixou o Rubro-Negro minimamente confort\u00e1vel na briga pelo t\u00edtulo, com dois gols de vantagem no marcador. Ao final da partida, Arrascaeta analisou a import\u00e2ncia do resultado e comentou sobre as dores que [&hellip;]\" \/>\n<meta property=\"og:url\" content=\"https:\/\/www.gaveanews.com\/index.php\/2024\/11\/03\/flamengo-x-atletico-mg-a-declaracao-de-arrascaeta-sobre-o-jogo\/\" \/>\n<meta property=\"og:site_name\" content=\"G\u00e1vea News\" \/>\n<meta property=\"article:publisher\" content=\"https:\/\/facebook.com\/gaveaNews\/\" \/>\n<meta property=\"article:published_time\" content=\"2024-11-03T21:13:59+00:00\" \/>\n<meta property=\"article:modified_time\" content=\"2024-11-03T22:49:32+00:00\" \/>\n<meta property=\"og:image\" content=\"https:\/\/www.gaveanews.com\/wp-content\/uploads\/Arrascaeta-durante-jogo-contra-o-Palmeiras-pelo-Campeonato-Brasileiro-no-Maracana-.webp\" \/>\n\t<meta property=\"og:image:width\" content=\"1170\" \/>\n\t<meta property=\"og:image:height\" content=\"885\" \/>\n\t<meta property=\"og:image:type\" content=\"image\/jpeg\" \/>\n<meta name=\"author\" content=\"Paula Silva\" \/>\n<meta name=\"twitter:card\" content=\"summary_large_image\" \/>\n<meta name=\"twitter:label1\" content=\"Escrito por\" \/>\n\t<meta name=\"twitter:data1\" content=\"Paula Silva\" \/>\n\t<meta name=\"twitter:label2\" content=\"Est. tempo de leitura\" \/>\n\t<meta name=\"twitter:data2\" content=\"3 minutos\" \/>\n<script type=\"application\/ld+json\" class=\"yoast-schema-graph\">{\"@context\":\"https:\/\/schema.org\",\"@graph\":[{\"@type\":\"NewsArticle\",\"@id\":\"https:\/\/www.gaveanews.com\/index.php\/2024\/11\/03\/flamengo-x-atletico-mg-a-declaracao-de-arrascaeta-sobre-o-jogo\/#article\",\"isPartOf\":{\"@id\":\"https:\/\/www.gaveanews.com\/index.php\/2024\/11\/03\/flamengo-x-atletico-mg-a-declaracao-de-arrascaeta-sobre-o-jogo\/\"},\"author\":{\"name\":\"Paula Silva\",\"@id\":\"https:\/\/www.gaveanews.com\/#\/schema\/person\/daf63eec72e1164eb13dc35096c2b8da\"},\"headline\":\"Flamengo x Atl\u00e9tico-MG: a declara\u00e7\u00e3o de Arrascaeta sobre o jogo\",\"datePublished\":\"2024-11-03T21:13:59+00:00\",\"dateModified\":\"2024-11-03T22:49:32+00:00\",\"mainEntityOfPage\":{\"@id\":\"https:\/\/www.gaveanews.com\/index.php\/2024\/11\/03\/flamengo-x-atletico-mg-a-declaracao-de-arrascaeta-sobre-o-jogo\/\"},\"wordCount\":431,\"commentCount\":0,\"image\":{\"@id\":\"https:\/\/www.gaveanews.com\/index.php\/2024\/11\/03\/flamengo-x-atletico-mg-a-declaracao-de-arrascaeta-sobre-o-jogo\/#primaryimage\"},\"thumbnailUrl\":\"https:\/\/www.gaveanews.com\/wp-content\/uploads\/Arrascaeta-durante-jogo-contra-o-Palmeiras-pelo-Campeonato-Brasileiro-no-Maracana-.webp\",\"articleSection\":[\"Flamengo\"],\"inLanguage\":\"pt-BR\",\"potentialAction\":[{\"@type\":\"CommentAction\",\"name\":\"Comment\",\"target\":[\"https:\/\/www.gaveanews.com\/index.php\/2024\/11\/03\/flamengo-x-atletico-mg-a-declaracao-de-arrascaeta-sobre-o-jogo\/#respond\"]}],\"copyrightYear\":\"2024\",\"copyrightHolder\":{\"@id\":\"https:\/\/www.gaveanews.com\/#organization\"}},{\"@type\":\"WebPage\",\"@id\":\"https:\/\/www.gaveanews.com\/index.php\/2024\/11\/03\/flamengo-x-atletico-mg-a-declaracao-de-arrascaeta-sobre-o-jogo\/\",\"url\":\"https:\/\/www.gaveanews.com\/index.php\/2024\/11\/03\/flamengo-x-atletico-mg-a-declaracao-de-arrascaeta-sobre-o-jogo\/\",\"name\":\"Flamengo x Atl\u00e9tico-MG: a declara\u00e7\u00e3o de Arrascaeta sobre o jogo\",\"isPartOf\":{\"@id\":\"https:\/\/www.gaveanews.com\/#website\"},\"primaryImageOfPage\":{\"@id\":\"https:\/\/www.gaveanews.com\/index.php\/2024\/11\/03\/flamengo-x-atletico-mg-a-declaracao-de-arrascaeta-sobre-o-jogo\/#primaryimage\"},\"image\":{\"@id\":\"https:\/\/www.gaveanews.com\/index.php\/2024\/11\/03\/flamengo-x-atletico-mg-a-declaracao-de-arrascaeta-sobre-o-jogo\/#primaryimage\"},\"thumbnailUrl\":\"https:\/\/www.gaveanews.com\/wp-content\/uploads\/Arrascaeta-durante-jogo-contra-o-Palmeiras-pelo-Campeonato-Brasileiro-no-Maracana-.webp\",\"datePublished\":\"2024-11-03T21:13:59+00:00\",\"dateModified\":\"2024-11-03T22:49:32+00:00\",\"author\":{\"@id\":\"https:\/\/www.gaveanews.com\/#\/schema\/person\/daf63eec72e1164eb13dc35096c2b8da\"},\"breadcrumb\":{\"@id\":\"https:\/\/www.gaveanews.com\/index.php\/2024\/11\/03\/flamengo-x-atletico-mg-a-declaracao-de-arrascaeta-sobre-o-jogo\/#breadcrumb\"},\"inLanguage\":\"pt-BR\",\"potentialAction\":[{\"@type\":\"ReadAction\",\"target\":[\"https:\/\/www.gaveanews.com\/index.php\/2024\/11\/03\/flamengo-x-atletico-mg-a-declaracao-de-arrascaeta-sobre-o-jogo\/\"]}]},{\"@type\":\"ImageObject\",\"inLanguage\":\"pt-BR\",\"@id\":\"https:\/\/www.gaveanews.com\/index.php\/2024\/11\/03\/flamengo-x-atletico-mg-a-declaracao-de-arrascaeta-sobre-o-jogo\/#primaryimage\",\"url\":\"https:\/\/www.gaveanews.com\/wp-content\/uploads\/Arrascaeta-durante-jogo-contra-o-Palmeiras-pelo-Campeonato-Brasileiro-no-Maracana-.webp\",\"contentUrl\":\"https:\/\/www.gaveanews.com\/wp-content\/uploads\/Arrascaeta-durante-jogo-contra-o-Palmeiras-pelo-Campeonato-Brasileiro-no-Maracana-.webp\",\"width\":1170,\"height\":885,\"caption\":\"Arrascaeta durante jogo entre Flamengo e Palmeiras, pelo Brasileir\u00e3o, no Maracan\u00e3 (Foto: Divulga\u00e7\u00e3o\/Flamengo)\"},{\"@type\":\"BreadcrumbList\",\"@id\":\"https:\/\/www.gaveanews.com\/index.php\/2024\/11\/03\/flamengo-x-atletico-mg-a-declaracao-de-arrascaeta-sobre-o-jogo\/#breadcrumb\",\"itemListElement\":[{\"@type\":\"ListItem\",\"position\":1,\"name\":\"Home\",\"item\":\"https:\/\/www.gaveanews.com\/\"},{\"@type\":\"ListItem\",\"position\":2,\"name\":\"Flamengo x Atl\u00e9tico-MG: a declara\u00e7\u00e3o de Arrascaeta sobre o jogo\"}]},{\"@type\":\"WebSite\",\"@id\":\"https:\/\/www.gaveanews.com\/#website\",\"url\":\"https:\/\/www.gaveanews.com\/\",\"name\":\"G\u00e1vea News\",\"description\":\"Veja todas as not\u00edcias sobre o Flamengo: Contrata\u00e7\u00f5es, categorias de base, resultados das partidas, tabela de classifica\u00e7\u00e3o, pr\u00f3ximos jogos!\",\"potentialAction\":[{\"@type\":\"SearchAction\",\"target\":{\"@type\":\"EntryPoint\",\"urlTemplate\":\"https:\/\/www.gaveanews.com\/?s={search_term_string}\"},\"query-input\":{\"@type\":\"PropertyValueSpecification\",\"valueRequired\":true,\"valueName\":\"search_term_string\"}}],\"inLanguage\":\"pt-BR\"},{\"@type\":\"Person\",\"@id\":\"https:\/\/www.gaveanews.com\/#\/schema\/person\/daf63eec72e1164eb13dc35096c2b8da\",\"name\":\"Paula Silva\",\"image\":{\"@type\":\"ImageObject\",\"inLanguage\":\"pt-BR\",\"@id\":\"https:\/\/www.gaveanews.com\/#\/schema\/person\/image\/\",\"url\":\"https:\/\/secure.gravatar.com\/avatar\/eda381c845527cc5d64c13b901833cda29d97500ba040d3e6461f76f51d163bb?s=96&d=mm&r=g\",\"contentUrl\":\"https:\/\/secure.gravatar.com\/avatar\/eda381c845527cc5d64c13b901833cda29d97500ba040d3e6461f76f51d163bb?s=96&d=mm&r=g\",\"caption\":\"Paula Silva\"}}]}<\/script>\n<!-- \/ Yoast SEO Premium plugin. -->","yoast_head_json":{"title":"Flamengo x Atl\u00e9tico-MG: a declara\u00e7\u00e3o de Arrascaeta sobre o jogo","robots":{"index":"index","follow":"follow","max-snippet":"max-snippet:-1","max-image-preview":"max-image-preview:large","max-video-preview":"max-video-preview:-1"},"canonical":"https:\/\/www.gaveanews.com\/index.php\/2024\/11\/03\/flamengo-x-atletico-mg-a-declaracao-de-arrascaeta-sobre-o-jogo\/","og_locale":"pt_BR","og_type":"article","og_title":"Flamengo x Atl\u00e9tico-MG: a declara\u00e7\u00e3o de Arrascaeta sobre o jogo","og_description":"Neste domingo (3), o Flamengo venceu o Atl\u00e9tico-MG por 3 a 1, pelo primeiro jogo da final da Copa do Brasil. O resultado deixou o Rubro-Negro minimamente confort\u00e1vel na briga pelo t\u00edtulo, com dois gols de vantagem no marcador. Ao final da partida, Arrascaeta analisou a import\u00e2ncia do resultado e comentou sobre as dores que [&hellip;]","og_url":"https:\/\/www.gaveanews.com\/index.php\/2024\/11\/03\/flamengo-x-atletico-mg-a-declaracao-de-arrascaeta-sobre-o-jogo\/","og_site_name":"G\u00e1vea News","article_publisher":"https:\/\/facebook.com\/gaveaNews\/","article_published_time":"2024-11-03T21:13:59+00:00","article_modified_time":"2024-11-03T22:49:32+00:00","og_image":[{"width":1170,"height":885,"url":"https:\/\/www.gaveanews.com\/wp-content\/uploads\/Arrascaeta-durante-jogo-contra-o-Palmeiras-pelo-Campeonato-Brasileiro-no-Maracana-.webp","type":"image\/jpeg"}],"author":"Paula Silva","twitter_card":"summary_large_image","twitter_misc":{"Escrito por":"Paula Silva","Est. tempo de leitura":"3 minutos"},"schema":{"@context":"https:\/\/schema.org","@graph":[{"@type":"NewsArticle","@id":"https:\/\/www.gaveanews.com\/index.php\/2024\/11\/03\/flamengo-x-atletico-mg-a-declaracao-de-arrascaeta-sobre-o-jogo\/#article","isPartOf":{"@id":"https:\/\/www.gaveanews.com\/index.php\/2024\/11\/03\/flamengo-x-atletico-mg-a-declaracao-de-arrascaeta-sobre-o-jogo\/"},"author":{"name":"Paula Silva","@id":"https:\/\/www.gaveanews.com\/#\/schema\/person\/daf63eec72e1164eb13dc35096c2b8da"},"headline":"Flamengo x Atl\u00e9tico-MG: a declara\u00e7\u00e3o de Arrascaeta sobre o jogo","datePublished":"2024-11-03T21:13:59+00:00","dateModified":"2024-11-03T22:49:32+00:00","mainEntityOfPage":{"@id":"https:\/\/www.gaveanews.com\/index.php\/2024\/11\/03\/flamengo-x-atletico-mg-a-declaracao-de-arrascaeta-sobre-o-jogo\/"},"wordCount":431,"commentCount":0,"image":{"@id":"https:\/\/www.gaveanews.com\/index.php\/2024\/11\/03\/flamengo-x-atletico-mg-a-declaracao-de-arrascaeta-sobre-o-jogo\/#primaryimage"},"thumbnailUrl":"https:\/\/www.gaveanews.com\/wp-content\/uploads\/Arrascaeta-durante-jogo-contra-o-Palmeiras-pelo-Campeonato-Brasileiro-no-Maracana-.webp","articleSection":["Flamengo"],"inLanguage":"pt-BR","potentialAction":[{"@type":"CommentAction","name":"Comment","target":["https:\/\/www.gaveanews.com\/index.php\/2024\/11\/03\/flamengo-x-atletico-mg-a-declaracao-de-arrascaeta-sobre-o-jogo\/#respond"]}],"copyrightYear":"2024","copyrightHolder":{"@id":"https:\/\/www.gaveanews.com\/#organization"}},{"@type":"WebPage","@id":"https:\/\/www.gaveanews.com\/index.php\/2024\/11\/03\/flamengo-x-atletico-mg-a-declaracao-de-arrascaeta-sobre-o-jogo\/","url":"https:\/\/www.gaveanews.com\/index.php\/2024\/11\/03\/flamengo-x-atletico-mg-a-declaracao-de-arrascaeta-sobre-o-jogo\/","name":"Flamengo x Atl\u00e9tico-MG: a declara\u00e7\u00e3o de Arrascaeta sobre o jogo","isPartOf":{"@id":"https:\/\/www.gaveanews.com\/#website"},"primaryImageOfPage":{"@id":"https:\/\/www.gaveanews.com\/index.php\/2024\/11\/03\/flamengo-x-atletico-mg-a-declaracao-de-arrascaeta-sobre-o-jogo\/#primaryimage"},"image":{"@id":"https:\/\/www.gaveanews.com\/index.php\/2024\/11\/03\/flamengo-x-atletico-mg-a-declaracao-de-arrascaeta-sobre-o-jogo\/#primaryimage"},"thumbnailUrl":"https:\/\/www.gaveanews.com\/wp-content\/uploads\/Arrascaeta-durante-jogo-contra-o-Palmeiras-pelo-Campeonato-Brasileiro-no-Maracana-.webp","datePublished":"2024-11-03T21:13:59+00:00","dateModified":"2024-11-03T22:49:32+00:00","author":{"@id":"https:\/\/www.gaveanews.com\/#\/schema\/person\/daf63eec72e1164eb13dc35096c2b8da"},"breadcrumb":{"@id":"https:\/\/www.gaveanews.com\/index.php\/2024\/11\/03\/flamengo-x-atletico-mg-a-declaracao-de-arrascaeta-sobre-o-jogo\/#breadcrumb"},"inLanguage":"pt-BR","potentialAction":[{"@type":"ReadAction","target":["https:\/\/www.gaveanews.com\/index.php\/2024\/11\/03\/flamengo-x-atletico-mg-a-declaracao-de-arrascaeta-sobre-o-jogo\/"]}]},{"@type":"ImageObject","inLanguage":"pt-BR","@id":"https:\/\/www.gaveanews.com\/index.php\/2024\/11\/03\/flamengo-x-atletico-mg-a-declaracao-de-arrascaeta-sobre-o-jogo\/#primaryimage","url":"https:\/\/www.gaveanews.com\/wp-content\/uploads\/Arrascaeta-durante-jogo-contra-o-Palmeiras-pelo-Campeonato-Brasileiro-no-Maracana-.webp","contentUrl":"https:\/\/www.gaveanews.com\/wp-content\/uploads\/Arrascaeta-durante-jogo-contra-o-Palmeiras-pelo-Campeonato-Brasileiro-no-Maracana-.webp","width":1170,"height":885,"caption":"Arrascaeta durante jogo entre Flamengo e Palmeiras, pelo Brasileir\u00e3o, no Maracan\u00e3 (Foto: Divulga\u00e7\u00e3o\/Flamengo)"},{"@type":"BreadcrumbList","@id":"https:\/\/www.gaveanews.com\/index.php\/2024\/11\/03\/flamengo-x-atletico-mg-a-declaracao-de-arrascaeta-sobre-o-jogo\/#breadcrumb","itemListElement":[{"@type":"ListItem","position":1,"name":"Home","item":"https:\/\/www.gaveanews.com\/"},{"@type":"ListItem","position":2,"name":"Flamengo x Atl\u00e9tico-MG: a declara\u00e7\u00e3o de Arrascaeta sobre o jogo"}]},{"@type":"WebSite","@id":"https:\/\/www.gaveanews.com\/#website","url":"https:\/\/www.gaveanews.com\/","name":"G\u00e1vea News","description":"Veja todas as not\u00edcias sobre o Flamengo: Contrata\u00e7\u00f5es, categorias de base, resultados das partidas, tabela de classifica\u00e7\u00e3o, pr\u00f3ximos jogos!","potentialAction":[{"@type":"SearchAction","target":{"@type":"EntryPoint","urlTemplate":"https:\/\/www.gaveanews.com\/?s={search_term_string}"},"query-input":{"@type":"PropertyValueSpecification","valueRequired":true,"valueName":"search_term_string"}}],"inLanguage":"pt-BR"},{"@type":"Person","@id":"https:\/\/www.gaveanews.com\/#\/schema\/person\/daf63eec72e1164eb13dc35096c2b8da","name":"Paula Silva","image":{"@type":"ImageObject","inLanguage":"pt-BR","@id":"https:\/\/www.gaveanews.com\/#\/schema\/person\/image\/","url":"https:\/\/secure.gravatar.com\/avatar\/eda381c845527cc5d64c13b901833cda29d97500ba040d3e6461f76f51d163bb?s=96&d=mm&r=g","contentUrl":"https:\/\/secure.gravatar.com\/avatar\/eda381c845527cc5d64c13b901833cda29d97500ba040d3e6461f76f51d163bb?s=96&d=mm&r=g","caption":"Paula Silva"}}]}},"_links":{"self":[{"href":"https:\/\/www.gaveanews.com\/index.php\/wp-json\/wp\/v2\/posts\/180958","targetHints":{"allow":["GET"]}}],"collection":[{"href":"https:\/\/www.gaveanews.com\/index.php\/wp-json\/wp\/v2\/posts"}],"about":[{"href":"https:\/\/www.gaveanews.com\/index.php\/wp-json\/wp\/v2\/types\/post"}],"author":[{"embeddable":true,"href":"https:\/\/www.gaveanews.com\/index.php\/wp-json\/wp\/v2\/users\/18"}],"replies":[{"embeddable":true,"href":"https:\/\/www.gaveanews.com\/index.php\/wp-json\/wp\/v2\/comments?post=180958"}],"version-history":[{"count":3,"href":"https:\/\/www.gaveanews.com\/index.php\/wp-json\/wp\/v2\/posts\/180958\/revisions"}],"predecessor-version":[{"id":181025,"href":"https:\/\/www.gaveanews.com\/index.php\/wp-json\/wp\/v2\/posts\/180958\/revisions\/181025"}],"wp:featuredmedia":[{"embeddable":true,"href":"https:\/\/www.gaveanews.com\/index.php\/wp-json\/wp\/v2\/media\/157914"}],"wp:attachment":[{"href":"https:\/\/www.gaveanews.com\/index.php\/wp-json\/wp\/v2\/media?parent=180958"}],"wp:term":[{"taxonomy":"category","embeddable":true,"href":"https:\/\/www.gaveanews.com\/index.php\/wp-json\/wp\/v2\/categories?post=180958"},{"taxonomy":"post_tag","embeddable":true,"href":"https:\/\/www.gaveanews.com\/index.php\/wp-json\/wp\/v2\/tags?post=180958"}],"curies":[{"name":"wp","href":"https:\/\/api.w.org\/{rel}","templated":true}]}}