{"id":180976,"date":"2024-11-03T19:35:19","date_gmt":"2024-11-03T22:35:19","guid":{"rendered":"https:\/\/www.gaveanews.com\/?p=180976"},"modified":"2024-11-03T19:27:24","modified_gmt":"2024-11-03T22:27:24","slug":"dois-jogadores-do-vasco-devem-ser-negociados-de-forma-definitiva","status":"publish","type":"post","link":"https:\/\/www.gaveanews.com\/index.php\/2024\/11\/03\/dois-jogadores-do-vasco-devem-ser-negociados-de-forma-definitiva\/","title":{"rendered":"Dois jogadores do Vasco devem ser negociados de forma definitiva"},"content":{"rendered":"\n<p>Visando a temporada do ano que vem, o Vasco da Gama deve negociar alguns atletas para manter fluxo de caixa e tamb\u00e9m conseguir refor\u00e7ar a equipe. O clube almeja disputar uma competi\u00e7\u00e3o sul-americana em 2025 e segue bem na temporada. Dentre as negocia\u00e7\u00f5es que a equipe deve fazer est\u00e3o as sa\u00eddas do meia-atacante Luca Orellano e do zagueiro Manuel Capasso.<\/p>\n\n\n\n<ul class=\"wp-block-list\">\n<li><a href=\"https:\/\/www.gaveanews.com\/index.php\/2024\/11\/03\/emprestado-pelo-vasco-ele-marcou-um-verdadeiro-golaco-no-exterior\/\">Emprestado pelo Vasco, ele marcou um verdadeiro gola\u00e7o no exterior <\/a><\/li>\n\n\n\n<li><a href=\"https:\/\/www.gaveanews.com\/index.php\/2024\/11\/03\/divida-sobe-expressivamente-volta-de-atacante-em-2025-e-chances-para-se-classificar-para-a-libertadores-as-ultimas-noticias-do-vasco\/\">D\u00edvida sobe expressivamente, volta de atacante em 2025 e chances para se classificar para a Libertadores: as \u00faltimas not\u00edcias do Vasco<\/a><\/li>\n<\/ul>\n\n\n\n<p>Luca Orellano segue sendo o principal destaque do Cincinnati FC na Major League Soccer (MLS), a liga estadunidense de futebol. Ele foi eleito como o autor do \u201cGol do Ano\u201d, com um gola\u00e7o marcado antes do meio de campo, em uma partida contra o Montreal.&nbsp;<\/p>\n\n\n\n<p>Na ocasi\u00e3o, o Cincinnati venceu por 4 a 1 com dois gols de Orellano, um deles uma verdadeira pintura. Ele enxerga o goleiro adiantado e arrisca, a bola encobre o goleiro, enquanto tenta se recuperar, e morre no fundo das redes.&nbsp;<\/p>\n\n\n\n<p>Na \u00faltima rodada da MLS ele marcou outro belo gol na derrota do Cincinnati para o New York City FC fora de casa por 3 a 1. Ele recebeu a bola na entrada da \u00e1rea, canetou o marcador e chutou de perna esquerda na gaveta do goleiro advers\u00e1rio.&nbsp;<\/p>\n\n\n\n<p>Nesta temporada, ele j\u00e1 anotou 11 gols e deu 5 assist\u00eancias, em 40 jogos pelo time de Ohio. Segundo o canal do Youtube, Aten\u00e7\u00e3o Vasca\u00ednos, os agentes do atleta j\u00e1 sinalizaram o interesse em cumprir a op\u00e7\u00e3o de compra estabelecida pelo Vasco ao emprestar Luca. Para adquirir o jogador em definitivo, o time dos Estados Unidos ter\u00e1 que desembolsar cerca de R$17 milh\u00f5es.<\/p>\n\n\n\n<p>Outro jogador que pode ser negociado ao fim da temporada \u00e9 o zagueiro argentino Manuel Capasso. Ele est\u00e1 emprestado ao Olimpia, do Paraguai, at\u00e9 o fim do ano e o clube tamb\u00e9m j\u00e1 demonstrou interesse em contar com Capasso de forma definitiva. Os valores em torno da negocia\u00e7\u00e3o n\u00e3o foram informados, mas o Vasco pagou quase R$8 milh\u00f5es no come\u00e7o de 2023 por 50% dos direitos econ\u00f4micos dele.<\/p>\n","protected":false},"excerpt":{"rendered":"<p>Visando a temporada do ano que vem, o Vasco da Gama deve negociar alguns atletas para manter fluxo de caixa e tamb\u00e9m conseguir refor\u00e7ar a equipe. O clube almeja disputar uma competi\u00e7\u00e3o sul-americana em 2025 e segue bem na temporada. Dentre as negocia\u00e7\u00f5es que a equipe deve fazer est\u00e3o as sa\u00eddas do meia-atacante Luca Orellano [&hellip;]<\/p>\n","protected":false},"author":29,"featured_media":146559,"comment_status":"open","ping_status":"closed","sticky":false,"template":"","format":"standard","meta":{"footnotes":""},"categories":[152],"tags":[],"class_list":["post-180976","post","type-post","status-publish","format-standard","has-post-thumbnail","hentry","category-vasco"],"yoast_head":"<!-- This site is optimized with the Yoast SEO Premium plugin v24.2 (Yoast SEO v26.9) - https:\/\/yoast.com\/product\/yoast-seo-premium-wordpress\/ -->\n<title>Dois jogadores do Vasco devem ser negociados de forma definitiva<\/title>\n<meta name=\"robots\" content=\"index, follow, max-snippet:-1, max-image-preview:large, max-video-preview:-1\" \/>\n<link rel=\"canonical\" href=\"https:\/\/www.gaveanews.com\/index.php\/2024\/11\/03\/dois-jogadores-do-vasco-devem-ser-negociados-de-forma-definitiva\/\" \/>\n<meta property=\"og:locale\" content=\"pt_BR\" \/>\n<meta property=\"og:type\" content=\"article\" \/>\n<meta property=\"og:title\" content=\"Dois jogadores do Vasco devem ser negociados de forma definitiva\" \/>\n<meta property=\"og:description\" content=\"Visando a temporada do ano que vem, o Vasco da Gama deve negociar alguns atletas para manter fluxo de caixa e tamb\u00e9m conseguir refor\u00e7ar a equipe. O clube almeja disputar uma competi\u00e7\u00e3o sul-americana em 2025 e segue bem na temporada. Dentre as negocia\u00e7\u00f5es que a equipe deve fazer est\u00e3o as sa\u00eddas do meia-atacante Luca Orellano [&hellip;]\" \/>\n<meta property=\"og:url\" content=\"https:\/\/www.gaveanews.com\/index.php\/2024\/11\/03\/dois-jogadores-do-vasco-devem-ser-negociados-de-forma-definitiva\/\" \/>\n<meta property=\"og:site_name\" content=\"G\u00e1vea News\" \/>\n<meta property=\"article:publisher\" content=\"https:\/\/facebook.com\/gaveaNews\/\" \/>\n<meta property=\"article:published_time\" content=\"2024-11-03T22:35:19+00:00\" \/>\n<meta property=\"og:image\" content=\"https:\/\/www.gaveanews.com\/wp-content\/uploads\/Pedrinho-presidente-do-Vasco.webp\" \/>\n\t<meta property=\"og:image:width\" content=\"1024\" \/>\n\t<meta property=\"og:image:height\" content=\"562\" \/>\n\t<meta property=\"og:image:type\" content=\"image\/jpeg\" \/>\n<meta name=\"author\" content=\"Marco Menezes\" \/>\n<meta name=\"twitter:card\" content=\"summary_large_image\" \/>\n<meta name=\"twitter:label1\" content=\"Escrito por\" \/>\n\t<meta name=\"twitter:data1\" content=\"Marco Menezes\" \/>\n\t<meta name=\"twitter:label2\" content=\"Est. tempo de leitura\" \/>\n\t<meta name=\"twitter:data2\" content=\"3 minutos\" \/>\n<script type=\"application\/ld+json\" class=\"yoast-schema-graph\">{\"@context\":\"https:\/\/schema.org\",\"@graph\":[{\"@type\":\"NewsArticle\",\"@id\":\"https:\/\/www.gaveanews.com\/index.php\/2024\/11\/03\/dois-jogadores-do-vasco-devem-ser-negociados-de-forma-definitiva\/#article\",\"isPartOf\":{\"@id\":\"https:\/\/www.gaveanews.com\/index.php\/2024\/11\/03\/dois-jogadores-do-vasco-devem-ser-negociados-de-forma-definitiva\/\"},\"author\":{\"name\":\"Marco Menezes\",\"@id\":\"https:\/\/www.gaveanews.com\/#\/schema\/person\/a9f62fe75380c6bada1b2fc49bc23d69\"},\"headline\":\"Dois jogadores do Vasco devem ser negociados de forma definitiva\",\"datePublished\":\"2024-11-03T22:35:19+00:00\",\"mainEntityOfPage\":{\"@id\":\"https:\/\/www.gaveanews.com\/index.php\/2024\/11\/03\/dois-jogadores-do-vasco-devem-ser-negociados-de-forma-definitiva\/\"},\"wordCount\":380,\"commentCount\":0,\"image\":{\"@id\":\"https:\/\/www.gaveanews.com\/index.php\/2024\/11\/03\/dois-jogadores-do-vasco-devem-ser-negociados-de-forma-definitiva\/#primaryimage\"},\"thumbnailUrl\":\"https:\/\/www.gaveanews.com\/wp-content\/uploads\/Pedrinho-presidente-do-Vasco.webp\",\"articleSection\":[\"Vasco\"],\"inLanguage\":\"pt-BR\",\"potentialAction\":[{\"@type\":\"CommentAction\",\"name\":\"Comment\",\"target\":[\"https:\/\/www.gaveanews.com\/index.php\/2024\/11\/03\/dois-jogadores-do-vasco-devem-ser-negociados-de-forma-definitiva\/#respond\"]}],\"copyrightYear\":\"2024\",\"copyrightHolder\":{\"@id\":\"https:\/\/www.gaveanews.com\/#organization\"}},{\"@type\":\"WebPage\",\"@id\":\"https:\/\/www.gaveanews.com\/index.php\/2024\/11\/03\/dois-jogadores-do-vasco-devem-ser-negociados-de-forma-definitiva\/\",\"url\":\"https:\/\/www.gaveanews.com\/index.php\/2024\/11\/03\/dois-jogadores-do-vasco-devem-ser-negociados-de-forma-definitiva\/\",\"name\":\"Dois jogadores do Vasco devem ser negociados de forma definitiva\",\"isPartOf\":{\"@id\":\"https:\/\/www.gaveanews.com\/#website\"},\"primaryImageOfPage\":{\"@id\":\"https:\/\/www.gaveanews.com\/index.php\/2024\/11\/03\/dois-jogadores-do-vasco-devem-ser-negociados-de-forma-definitiva\/#primaryimage\"},\"image\":{\"@id\":\"https:\/\/www.gaveanews.com\/index.php\/2024\/11\/03\/dois-jogadores-do-vasco-devem-ser-negociados-de-forma-definitiva\/#primaryimage\"},\"thumbnailUrl\":\"https:\/\/www.gaveanews.com\/wp-content\/uploads\/Pedrinho-presidente-do-Vasco.webp\",\"datePublished\":\"2024-11-03T22:35:19+00:00\",\"author\":{\"@id\":\"https:\/\/www.gaveanews.com\/#\/schema\/person\/a9f62fe75380c6bada1b2fc49bc23d69\"},\"breadcrumb\":{\"@id\":\"https:\/\/www.gaveanews.com\/index.php\/2024\/11\/03\/dois-jogadores-do-vasco-devem-ser-negociados-de-forma-definitiva\/#breadcrumb\"},\"inLanguage\":\"pt-BR\",\"potentialAction\":[{\"@type\":\"ReadAction\",\"target\":[\"https:\/\/www.gaveanews.com\/index.php\/2024\/11\/03\/dois-jogadores-do-vasco-devem-ser-negociados-de-forma-definitiva\/\"]}]},{\"@type\":\"ImageObject\",\"inLanguage\":\"pt-BR\",\"@id\":\"https:\/\/www.gaveanews.com\/index.php\/2024\/11\/03\/dois-jogadores-do-vasco-devem-ser-negociados-de-forma-definitiva\/#primaryimage\",\"url\":\"https:\/\/www.gaveanews.com\/wp-content\/uploads\/Pedrinho-presidente-do-Vasco.webp\",\"contentUrl\":\"https:\/\/www.gaveanews.com\/wp-content\/uploads\/Pedrinho-presidente-do-Vasco.webp\",\"width\":1024,\"height\":562,\"caption\":\"Pedrinho, presidente do Vasco (Foto: Reprodu\u00e7\u00e3o\/Vasco TV)\"},{\"@type\":\"BreadcrumbList\",\"@id\":\"https:\/\/www.gaveanews.com\/index.php\/2024\/11\/03\/dois-jogadores-do-vasco-devem-ser-negociados-de-forma-definitiva\/#breadcrumb\",\"itemListElement\":[{\"@type\":\"ListItem\",\"position\":1,\"name\":\"Home\",\"item\":\"https:\/\/www.gaveanews.com\/\"},{\"@type\":\"ListItem\",\"position\":2,\"name\":\"Dois jogadores do Vasco devem ser negociados de forma definitiva\"}]},{\"@type\":\"WebSite\",\"@id\":\"https:\/\/www.gaveanews.com\/#website\",\"url\":\"https:\/\/www.gaveanews.com\/\",\"name\":\"G\u00e1vea News\",\"description\":\"Veja todas as not\u00edcias sobre o Flamengo: Contrata\u00e7\u00f5es, categorias de base, resultados das partidas, tabela de classifica\u00e7\u00e3o, pr\u00f3ximos jogos!\",\"potentialAction\":[{\"@type\":\"SearchAction\",\"target\":{\"@type\":\"EntryPoint\",\"urlTemplate\":\"https:\/\/www.gaveanews.com\/?s={search_term_string}\"},\"query-input\":{\"@type\":\"PropertyValueSpecification\",\"valueRequired\":true,\"valueName\":\"search_term_string\"}}],\"inLanguage\":\"pt-BR\"},{\"@type\":\"Person\",\"@id\":\"https:\/\/www.gaveanews.com\/#\/schema\/person\/a9f62fe75380c6bada1b2fc49bc23d69\",\"name\":\"Marco Menezes\",\"image\":{\"@type\":\"ImageObject\",\"inLanguage\":\"pt-BR\",\"@id\":\"https:\/\/www.gaveanews.com\/#\/schema\/person\/image\/\",\"url\":\"https:\/\/secure.gravatar.com\/avatar\/a1d148ae17fc8bfc5dbccffd07979e8bd2c9ba494221779de86ec2c7907b71ec?s=96&d=mm&r=g\",\"contentUrl\":\"https:\/\/secure.gravatar.com\/avatar\/a1d148ae17fc8bfc5dbccffd07979e8bd2c9ba494221779de86ec2c7907b71ec?s=96&d=mm&r=g\",\"caption\":\"Marco Menezes\"}}]}<\/script>\n<!-- \/ Yoast SEO Premium plugin. -->","yoast_head_json":{"title":"Dois jogadores do Vasco devem ser negociados de forma definitiva","robots":{"index":"index","follow":"follow","max-snippet":"max-snippet:-1","max-image-preview":"max-image-preview:large","max-video-preview":"max-video-preview:-1"},"canonical":"https:\/\/www.gaveanews.com\/index.php\/2024\/11\/03\/dois-jogadores-do-vasco-devem-ser-negociados-de-forma-definitiva\/","og_locale":"pt_BR","og_type":"article","og_title":"Dois jogadores do Vasco devem ser negociados de forma definitiva","og_description":"Visando a temporada do ano que vem, o Vasco da Gama deve negociar alguns atletas para manter fluxo de caixa e tamb\u00e9m conseguir refor\u00e7ar a equipe. O clube almeja disputar uma competi\u00e7\u00e3o sul-americana em 2025 e segue bem na temporada. Dentre as negocia\u00e7\u00f5es que a equipe deve fazer est\u00e3o as sa\u00eddas do meia-atacante Luca Orellano [&hellip;]","og_url":"https:\/\/www.gaveanews.com\/index.php\/2024\/11\/03\/dois-jogadores-do-vasco-devem-ser-negociados-de-forma-definitiva\/","og_site_name":"G\u00e1vea News","article_publisher":"https:\/\/facebook.com\/gaveaNews\/","article_published_time":"2024-11-03T22:35:19+00:00","og_image":[{"width":1024,"height":562,"url":"https:\/\/www.gaveanews.com\/wp-content\/uploads\/Pedrinho-presidente-do-Vasco.webp","type":"image\/jpeg"}],"author":"Marco Menezes","twitter_card":"summary_large_image","twitter_misc":{"Escrito por":"Marco Menezes","Est. tempo de leitura":"3 minutos"},"schema":{"@context":"https:\/\/schema.org","@graph":[{"@type":"NewsArticle","@id":"https:\/\/www.gaveanews.com\/index.php\/2024\/11\/03\/dois-jogadores-do-vasco-devem-ser-negociados-de-forma-definitiva\/#article","isPartOf":{"@id":"https:\/\/www.gaveanews.com\/index.php\/2024\/11\/03\/dois-jogadores-do-vasco-devem-ser-negociados-de-forma-definitiva\/"},"author":{"name":"Marco Menezes","@id":"https:\/\/www.gaveanews.com\/#\/schema\/person\/a9f62fe75380c6bada1b2fc49bc23d69"},"headline":"Dois jogadores do Vasco devem ser negociados de forma definitiva","datePublished":"2024-11-03T22:35:19+00:00","mainEntityOfPage":{"@id":"https:\/\/www.gaveanews.com\/index.php\/2024\/11\/03\/dois-jogadores-do-vasco-devem-ser-negociados-de-forma-definitiva\/"},"wordCount":380,"commentCount":0,"image":{"@id":"https:\/\/www.gaveanews.com\/index.php\/2024\/11\/03\/dois-jogadores-do-vasco-devem-ser-negociados-de-forma-definitiva\/#primaryimage"},"thumbnailUrl":"https:\/\/www.gaveanews.com\/wp-content\/uploads\/Pedrinho-presidente-do-Vasco.webp","articleSection":["Vasco"],"inLanguage":"pt-BR","potentialAction":[{"@type":"CommentAction","name":"Comment","target":["https:\/\/www.gaveanews.com\/index.php\/2024\/11\/03\/dois-jogadores-do-vasco-devem-ser-negociados-de-forma-definitiva\/#respond"]}],"copyrightYear":"2024","copyrightHolder":{"@id":"https:\/\/www.gaveanews.com\/#organization"}},{"@type":"WebPage","@id":"https:\/\/www.gaveanews.com\/index.php\/2024\/11\/03\/dois-jogadores-do-vasco-devem-ser-negociados-de-forma-definitiva\/","url":"https:\/\/www.gaveanews.com\/index.php\/2024\/11\/03\/dois-jogadores-do-vasco-devem-ser-negociados-de-forma-definitiva\/","name":"Dois jogadores do Vasco devem ser negociados de forma definitiva","isPartOf":{"@id":"https:\/\/www.gaveanews.com\/#website"},"primaryImageOfPage":{"@id":"https:\/\/www.gaveanews.com\/index.php\/2024\/11\/03\/dois-jogadores-do-vasco-devem-ser-negociados-de-forma-definitiva\/#primaryimage"},"image":{"@id":"https:\/\/www.gaveanews.com\/index.php\/2024\/11\/03\/dois-jogadores-do-vasco-devem-ser-negociados-de-forma-definitiva\/#primaryimage"},"thumbnailUrl":"https:\/\/www.gaveanews.com\/wp-content\/uploads\/Pedrinho-presidente-do-Vasco.webp","datePublished":"2024-11-03T22:35:19+00:00","author":{"@id":"https:\/\/www.gaveanews.com\/#\/schema\/person\/a9f62fe75380c6bada1b2fc49bc23d69"},"breadcrumb":{"@id":"https:\/\/www.gaveanews.com\/index.php\/2024\/11\/03\/dois-jogadores-do-vasco-devem-ser-negociados-de-forma-definitiva\/#breadcrumb"},"inLanguage":"pt-BR","potentialAction":[{"@type":"ReadAction","target":["https:\/\/www.gaveanews.com\/index.php\/2024\/11\/03\/dois-jogadores-do-vasco-devem-ser-negociados-de-forma-definitiva\/"]}]},{"@type":"ImageObject","inLanguage":"pt-BR","@id":"https:\/\/www.gaveanews.com\/index.php\/2024\/11\/03\/dois-jogadores-do-vasco-devem-ser-negociados-de-forma-definitiva\/#primaryimage","url":"https:\/\/www.gaveanews.com\/wp-content\/uploads\/Pedrinho-presidente-do-Vasco.webp","contentUrl":"https:\/\/www.gaveanews.com\/wp-content\/uploads\/Pedrinho-presidente-do-Vasco.webp","width":1024,"height":562,"caption":"Pedrinho, presidente do Vasco (Foto: Reprodu\u00e7\u00e3o\/Vasco TV)"},{"@type":"BreadcrumbList","@id":"https:\/\/www.gaveanews.com\/index.php\/2024\/11\/03\/dois-jogadores-do-vasco-devem-ser-negociados-de-forma-definitiva\/#breadcrumb","itemListElement":[{"@type":"ListItem","position":1,"name":"Home","item":"https:\/\/www.gaveanews.com\/"},{"@type":"ListItem","position":2,"name":"Dois jogadores do Vasco devem ser negociados de forma definitiva"}]},{"@type":"WebSite","@id":"https:\/\/www.gaveanews.com\/#website","url":"https:\/\/www.gaveanews.com\/","name":"G\u00e1vea News","description":"Veja todas as not\u00edcias sobre o Flamengo: Contrata\u00e7\u00f5es, categorias de base, resultados das partidas, tabela de classifica\u00e7\u00e3o, pr\u00f3ximos jogos!","potentialAction":[{"@type":"SearchAction","target":{"@type":"EntryPoint","urlTemplate":"https:\/\/www.gaveanews.com\/?s={search_term_string}"},"query-input":{"@type":"PropertyValueSpecification","valueRequired":true,"valueName":"search_term_string"}}],"inLanguage":"pt-BR"},{"@type":"Person","@id":"https:\/\/www.gaveanews.com\/#\/schema\/person\/a9f62fe75380c6bada1b2fc49bc23d69","name":"Marco Menezes","image":{"@type":"ImageObject","inLanguage":"pt-BR","@id":"https:\/\/www.gaveanews.com\/#\/schema\/person\/image\/","url":"https:\/\/secure.gravatar.com\/avatar\/a1d148ae17fc8bfc5dbccffd07979e8bd2c9ba494221779de86ec2c7907b71ec?s=96&d=mm&r=g","contentUrl":"https:\/\/secure.gravatar.com\/avatar\/a1d148ae17fc8bfc5dbccffd07979e8bd2c9ba494221779de86ec2c7907b71ec?s=96&d=mm&r=g","caption":"Marco Menezes"}}]}},"_links":{"self":[{"href":"https:\/\/www.gaveanews.com\/index.php\/wp-json\/wp\/v2\/posts\/180976","targetHints":{"allow":["GET"]}}],"collection":[{"href":"https:\/\/www.gaveanews.com\/index.php\/wp-json\/wp\/v2\/posts"}],"about":[{"href":"https:\/\/www.gaveanews.com\/index.php\/wp-json\/wp\/v2\/types\/post"}],"author":[{"embeddable":true,"href":"https:\/\/www.gaveanews.com\/index.php\/wp-json\/wp\/v2\/users\/29"}],"replies":[{"embeddable":true,"href":"https:\/\/www.gaveanews.com\/index.php\/wp-json\/wp\/v2\/comments?post=180976"}],"version-history":[{"count":1,"href":"https:\/\/www.gaveanews.com\/index.php\/wp-json\/wp\/v2\/posts\/180976\/revisions"}],"predecessor-version":[{"id":180979,"href":"https:\/\/www.gaveanews.com\/index.php\/wp-json\/wp\/v2\/posts\/180976\/revisions\/180979"}],"wp:featuredmedia":[{"embeddable":true,"href":"https:\/\/www.gaveanews.com\/index.php\/wp-json\/wp\/v2\/media\/146559"}],"wp:attachment":[{"href":"https:\/\/www.gaveanews.com\/index.php\/wp-json\/wp\/v2\/media?parent=180976"}],"wp:term":[{"taxonomy":"category","embeddable":true,"href":"https:\/\/www.gaveanews.com\/index.php\/wp-json\/wp\/v2\/categories?post=180976"},{"taxonomy":"post_tag","embeddable":true,"href":"https:\/\/www.gaveanews.com\/index.php\/wp-json\/wp\/v2\/tags?post=180976"}],"curies":[{"name":"wp","href":"https:\/\/api.w.org\/{rel}","templated":true}]}}