{"id":181187,"date":"2024-11-05T13:20:00","date_gmt":"2024-11-05T16:20:00","guid":{"rendered":"https:\/\/www.gaveanews.com\/?p=181187"},"modified":"2024-11-05T12:03:28","modified_gmt":"2024-11-05T15:03:28","slug":"empresario-de-jhon-arias-se-manifesta-sobre-o-cruzeiro","status":"publish","type":"post","link":"https:\/\/www.gaveanews.com\/index.php\/2024\/11\/05\/empresario-de-jhon-arias-se-manifesta-sobre-o-cruzeiro\/","title":{"rendered":"Empres\u00e1rio de Jhon Arias se manifesta sobre o Cruzeiro"},"content":{"rendered":"\n<p>Com a proximidade da abertura da janela de transfer\u00eancias, os rumores sobre o futuro de Jhon Arias, atacante do Fluminense, t\u00eam ganhado destaque na m\u00eddia esportiva.&nbsp;<\/p>\n\n\n\n<ul class=\"wp-block-list\">\n<li><a href=\"https:\/\/www.gaveanews.com\/index.php\/2024\/11\/04\/a-declaracao-de-marcelo-apos-deixar-o-fluminense\/\">A declara\u00e7\u00e3o de Marcelo ap\u00f3s deixar o Fluminense<\/a><\/li>\n\n\n\n<li><a href=\"https:\/\/www.gaveanews.com\/index.php\/2024\/11\/03\/video-a-declaracao-de-mario-bittencourt-apos-o-jogo-entre-fluminense-x-gremio\/\">V\u00eddeo: a declara\u00e7\u00e3o de M\u00e1rio Bittencourt ap\u00f3s o jogo entre Fluminense x Gr\u00eamio<\/a><\/li>\n<\/ul>\n\n\n\n<p>Recentemente, o comentarista Neto afirmou que Arias teria um acerto verbal com o Cruzeiro, o que causou burburinho entre torcedores e imprensa. No entanto, Gianfranco Petruzziello, empres\u00e1rio do jogador, veio a p\u00fablico negar veementemente o suposto acerto.<\/p>\n\n\n\n<p>&nbsp;\u201cFake news\u201d, declarou o agente em suas redes sociais, rebatendo as especula\u00e7\u00f5es sobre uma poss\u00edvel transfer\u00eancia do colombiano.<\/p>\n\n\n\n<h2 class=\"wp-block-heading\" id=\"h-fluminense-afasta-hipotese-de-venda-no-brasil\">Fluminense afasta hip\u00f3tese de venda no Brasil<\/h2>\n\n\n\n<p>Em outubro, M\u00e1rio Bittencourt, presidente do clube, afirmou categoricamente que o jogador n\u00e3o seria negociado com clubes brasileiros. &#8220;N\u00e3o tem nada a ver com o Cruzeiro&#8221;, disse Bittencourt, deixando claro que a inten\u00e7\u00e3o do Fluminense \u00e9 negociar o meia-atacante com times do futebol europeu.&nbsp;<\/p>\n\n\n\n<p>Sendo assim, a diretoria tricolor trabalha para atender ao desejo de Arias, que manifestou interesse em atuar na Europa, embora as ofertas recebidas at\u00e9 agora n\u00e3o tenham correspondido \u00e0s expectativas do clube.<\/p>\n\n\n\n<p>Em setembro, a diretoria tricolor recusou uma oferta de 12 milh\u00f5es de euros (cerca de R$ 74,7 milh\u00f5es) do Galatasaray, da Turquia.&nbsp;<\/p>\n\n\n\n<h2 class=\"wp-block-heading\" id=\"h-numero-de-arias-no-fluminense\">N\u00famero de Arias no Fluminense<\/h2>\n\n\n\n<p>Jhon Arias chegou ao Fluminense em 2021, vindo do Santa Fe, da Col\u00f4mbia, e rapidamente se tornou um dos destaques do time carioca.&nbsp;<\/p>\n\n\n\n<p>O jogador, que tem contrato com o Flu at\u00e9 agosto de 2026, acumula 42 gols e 42 assist\u00eancias em 190 jogos pelo clube, com participa\u00e7\u00f5es decisivas em conquistas importantes, como a Copa Libertadores de 2023.&nbsp;<\/p>\n\n\n\n<h2 class=\"wp-block-heading\" id=\"h-futuro-de-jhon-arias\">Futuro de Jhon Arias<\/h2>\n\n\n\n<p>Cabe ressaltar que, at\u00e9 o momento, o futuro de Arias permanece em aberto. Com isso, novas negocia\u00e7\u00f5es podem surgir na janela de transfer\u00eancias de dezembro, especialmente envolvendo clubes europeus, o que tende a concretizar o sonho do jogador de atuar no futebol do velho continente.&nbsp;<\/p>\n\n\n\n<p>Dessa maneira, os pr\u00f3ximos meses ser\u00e3o decisivos para definir o destino do colombiano, que segue comprometido com o Fluminense enquanto espera pela oportunidade de realizar sua ambi\u00e7\u00e3o internacional.<\/p>\n","protected":false},"excerpt":{"rendered":"<p>Com a proximidade da abertura da janela de transfer\u00eancias, os rumores sobre o futuro de Jhon Arias, atacante do Fluminense, t\u00eam ganhado destaque na m\u00eddia esportiva.&nbsp; Recentemente, o comentarista Neto afirmou que Arias teria um acerto verbal com o Cruzeiro, o que causou burburinho entre torcedores e imprensa. No entanto, Gianfranco Petruzziello, empres\u00e1rio do jogador, [&hellip;]<\/p>\n","protected":false},"author":24,"featured_media":154696,"comment_status":"open","ping_status":"closed","sticky":false,"template":"","format":"standard","meta":{"footnotes":""},"categories":[145],"tags":[],"class_list":["post-181187","post","type-post","status-publish","format-standard","has-post-thumbnail","hentry","category-fluminense"],"yoast_head":"<!-- This site is optimized with the Yoast SEO Premium plugin v24.2 (Yoast SEO v26.9) - https:\/\/yoast.com\/product\/yoast-seo-premium-wordpress\/ -->\n<title>Empres\u00e1rio de Jhon Arias se manifesta sobre o Cruzeiro<\/title>\n<meta name=\"robots\" content=\"index, follow, max-snippet:-1, max-image-preview:large, max-video-preview:-1\" \/>\n<link rel=\"canonical\" href=\"https:\/\/www.gaveanews.com\/index.php\/2024\/11\/05\/empresario-de-jhon-arias-se-manifesta-sobre-o-cruzeiro\/\" \/>\n<meta property=\"og:locale\" content=\"pt_BR\" \/>\n<meta property=\"og:type\" content=\"article\" \/>\n<meta property=\"og:title\" content=\"Empres\u00e1rio de Jhon Arias se manifesta sobre o Cruzeiro\" \/>\n<meta property=\"og:description\" content=\"Com a proximidade da abertura da janela de transfer\u00eancias, os rumores sobre o futuro de Jhon Arias, atacante do Fluminense, t\u00eam ganhado destaque na m\u00eddia esportiva.&nbsp; Recentemente, o comentarista Neto afirmou que Arias teria um acerto verbal com o Cruzeiro, o que causou burburinho entre torcedores e imprensa. No entanto, Gianfranco Petruzziello, empres\u00e1rio do jogador, [&hellip;]\" \/>\n<meta property=\"og:url\" content=\"https:\/\/www.gaveanews.com\/index.php\/2024\/11\/05\/empresario-de-jhon-arias-se-manifesta-sobre-o-cruzeiro\/\" \/>\n<meta property=\"og:site_name\" content=\"G\u00e1vea News\" \/>\n<meta property=\"article:publisher\" content=\"https:\/\/facebook.com\/gaveaNews\/\" \/>\n<meta property=\"article:published_time\" content=\"2024-11-05T16:20:00+00:00\" \/>\n<meta property=\"og:image\" content=\"https:\/\/www.gaveanews.com\/wp-content\/uploads\/Jhon-Arias-com-a-camisa-do-Fluminense-em-2023.webp\" \/>\n\t<meta property=\"og:image:width\" content=\"872\" \/>\n\t<meta property=\"og:image:height\" content=\"589\" \/>\n\t<meta property=\"og:image:type\" content=\"image\/jpeg\" \/>\n<meta name=\"author\" content=\"Leandro Cardoso\" \/>\n<meta name=\"twitter:card\" content=\"summary_large_image\" \/>\n<meta name=\"twitter:label1\" content=\"Escrito por\" \/>\n\t<meta name=\"twitter:data1\" content=\"Leandro Cardoso\" \/>\n\t<meta name=\"twitter:label2\" content=\"Est. tempo de leitura\" \/>\n\t<meta name=\"twitter:data2\" content=\"3 minutos\" \/>\n<script type=\"application\/ld+json\" class=\"yoast-schema-graph\">{\"@context\":\"https:\/\/schema.org\",\"@graph\":[{\"@type\":\"NewsArticle\",\"@id\":\"https:\/\/www.gaveanews.com\/index.php\/2024\/11\/05\/empresario-de-jhon-arias-se-manifesta-sobre-o-cruzeiro\/#article\",\"isPartOf\":{\"@id\":\"https:\/\/www.gaveanews.com\/index.php\/2024\/11\/05\/empresario-de-jhon-arias-se-manifesta-sobre-o-cruzeiro\/\"},\"author\":{\"name\":\"Leandro Cardoso\",\"@id\":\"https:\/\/www.gaveanews.com\/#\/schema\/person\/2424ec6409bc3f068411fc5e4e9b6168\"},\"headline\":\"Empres\u00e1rio de Jhon Arias se manifesta sobre o Cruzeiro\",\"datePublished\":\"2024-11-05T16:20:00+00:00\",\"mainEntityOfPage\":{\"@id\":\"https:\/\/www.gaveanews.com\/index.php\/2024\/11\/05\/empresario-de-jhon-arias-se-manifesta-sobre-o-cruzeiro\/\"},\"wordCount\":387,\"commentCount\":0,\"image\":{\"@id\":\"https:\/\/www.gaveanews.com\/index.php\/2024\/11\/05\/empresario-de-jhon-arias-se-manifesta-sobre-o-cruzeiro\/#primaryimage\"},\"thumbnailUrl\":\"https:\/\/www.gaveanews.com\/wp-content\/uploads\/Jhon-Arias-com-a-camisa-do-Fluminense-em-2023.webp\",\"articleSection\":[\"Fluminense\"],\"inLanguage\":\"pt-BR\",\"potentialAction\":[{\"@type\":\"CommentAction\",\"name\":\"Comment\",\"target\":[\"https:\/\/www.gaveanews.com\/index.php\/2024\/11\/05\/empresario-de-jhon-arias-se-manifesta-sobre-o-cruzeiro\/#respond\"]}],\"copyrightYear\":\"2024\",\"copyrightHolder\":{\"@id\":\"https:\/\/www.gaveanews.com\/#organization\"}},{\"@type\":\"WebPage\",\"@id\":\"https:\/\/www.gaveanews.com\/index.php\/2024\/11\/05\/empresario-de-jhon-arias-se-manifesta-sobre-o-cruzeiro\/\",\"url\":\"https:\/\/www.gaveanews.com\/index.php\/2024\/11\/05\/empresario-de-jhon-arias-se-manifesta-sobre-o-cruzeiro\/\",\"name\":\"Empres\u00e1rio de Jhon Arias se manifesta sobre o Cruzeiro\",\"isPartOf\":{\"@id\":\"https:\/\/www.gaveanews.com\/#website\"},\"primaryImageOfPage\":{\"@id\":\"https:\/\/www.gaveanews.com\/index.php\/2024\/11\/05\/empresario-de-jhon-arias-se-manifesta-sobre-o-cruzeiro\/#primaryimage\"},\"image\":{\"@id\":\"https:\/\/www.gaveanews.com\/index.php\/2024\/11\/05\/empresario-de-jhon-arias-se-manifesta-sobre-o-cruzeiro\/#primaryimage\"},\"thumbnailUrl\":\"https:\/\/www.gaveanews.com\/wp-content\/uploads\/Jhon-Arias-com-a-camisa-do-Fluminense-em-2023.webp\",\"datePublished\":\"2024-11-05T16:20:00+00:00\",\"author\":{\"@id\":\"https:\/\/www.gaveanews.com\/#\/schema\/person\/2424ec6409bc3f068411fc5e4e9b6168\"},\"breadcrumb\":{\"@id\":\"https:\/\/www.gaveanews.com\/index.php\/2024\/11\/05\/empresario-de-jhon-arias-se-manifesta-sobre-o-cruzeiro\/#breadcrumb\"},\"inLanguage\":\"pt-BR\",\"potentialAction\":[{\"@type\":\"ReadAction\",\"target\":[\"https:\/\/www.gaveanews.com\/index.php\/2024\/11\/05\/empresario-de-jhon-arias-se-manifesta-sobre-o-cruzeiro\/\"]}]},{\"@type\":\"ImageObject\",\"inLanguage\":\"pt-BR\",\"@id\":\"https:\/\/www.gaveanews.com\/index.php\/2024\/11\/05\/empresario-de-jhon-arias-se-manifesta-sobre-o-cruzeiro\/#primaryimage\",\"url\":\"https:\/\/www.gaveanews.com\/wp-content\/uploads\/Jhon-Arias-com-a-camisa-do-Fluminense-em-2023.webp\",\"contentUrl\":\"https:\/\/www.gaveanews.com\/wp-content\/uploads\/Jhon-Arias-com-a-camisa-do-Fluminense-em-2023.webp\",\"width\":872,\"height\":589,\"caption\":\"Jhon Arias com a camisa do Fluminense em 2023 (Foto: Reprodu\u00e7\u00e3o\/Instagram)\"},{\"@type\":\"BreadcrumbList\",\"@id\":\"https:\/\/www.gaveanews.com\/index.php\/2024\/11\/05\/empresario-de-jhon-arias-se-manifesta-sobre-o-cruzeiro\/#breadcrumb\",\"itemListElement\":[{\"@type\":\"ListItem\",\"position\":1,\"name\":\"Home\",\"item\":\"https:\/\/www.gaveanews.com\/\"},{\"@type\":\"ListItem\",\"position\":2,\"name\":\"Empres\u00e1rio de Jhon Arias se manifesta sobre o Cruzeiro\"}]},{\"@type\":\"WebSite\",\"@id\":\"https:\/\/www.gaveanews.com\/#website\",\"url\":\"https:\/\/www.gaveanews.com\/\",\"name\":\"G\u00e1vea News\",\"description\":\"Veja todas as not\u00edcias sobre o Flamengo: Contrata\u00e7\u00f5es, categorias de base, resultados das partidas, tabela de classifica\u00e7\u00e3o, pr\u00f3ximos jogos!\",\"potentialAction\":[{\"@type\":\"SearchAction\",\"target\":{\"@type\":\"EntryPoint\",\"urlTemplate\":\"https:\/\/www.gaveanews.com\/?s={search_term_string}\"},\"query-input\":{\"@type\":\"PropertyValueSpecification\",\"valueRequired\":true,\"valueName\":\"search_term_string\"}}],\"inLanguage\":\"pt-BR\"},{\"@type\":\"Person\",\"@id\":\"https:\/\/www.gaveanews.com\/#\/schema\/person\/2424ec6409bc3f068411fc5e4e9b6168\",\"name\":\"Leandro Cardoso\",\"image\":{\"@type\":\"ImageObject\",\"inLanguage\":\"pt-BR\",\"@id\":\"https:\/\/www.gaveanews.com\/#\/schema\/person\/image\/\",\"url\":\"https:\/\/secure.gravatar.com\/avatar\/8ca179f9b55eefe9f376f5493ef25475bfa59fbc28ce937f6076ce20e523098f?s=96&d=mm&r=g\",\"contentUrl\":\"https:\/\/secure.gravatar.com\/avatar\/8ca179f9b55eefe9f376f5493ef25475bfa59fbc28ce937f6076ce20e523098f?s=96&d=mm&r=g\",\"caption\":\"Leandro Cardoso\"}}]}<\/script>\n<!-- \/ Yoast SEO Premium plugin. -->","yoast_head_json":{"title":"Empres\u00e1rio de Jhon Arias se manifesta sobre o Cruzeiro","robots":{"index":"index","follow":"follow","max-snippet":"max-snippet:-1","max-image-preview":"max-image-preview:large","max-video-preview":"max-video-preview:-1"},"canonical":"https:\/\/www.gaveanews.com\/index.php\/2024\/11\/05\/empresario-de-jhon-arias-se-manifesta-sobre-o-cruzeiro\/","og_locale":"pt_BR","og_type":"article","og_title":"Empres\u00e1rio de Jhon Arias se manifesta sobre o Cruzeiro","og_description":"Com a proximidade da abertura da janela de transfer\u00eancias, os rumores sobre o futuro de Jhon Arias, atacante do Fluminense, t\u00eam ganhado destaque na m\u00eddia esportiva.&nbsp; Recentemente, o comentarista Neto afirmou que Arias teria um acerto verbal com o Cruzeiro, o que causou burburinho entre torcedores e imprensa. No entanto, Gianfranco Petruzziello, empres\u00e1rio do jogador, [&hellip;]","og_url":"https:\/\/www.gaveanews.com\/index.php\/2024\/11\/05\/empresario-de-jhon-arias-se-manifesta-sobre-o-cruzeiro\/","og_site_name":"G\u00e1vea News","article_publisher":"https:\/\/facebook.com\/gaveaNews\/","article_published_time":"2024-11-05T16:20:00+00:00","og_image":[{"width":872,"height":589,"url":"https:\/\/www.gaveanews.com\/wp-content\/uploads\/Jhon-Arias-com-a-camisa-do-Fluminense-em-2023.webp","type":"image\/jpeg"}],"author":"Leandro Cardoso","twitter_card":"summary_large_image","twitter_misc":{"Escrito por":"Leandro Cardoso","Est. tempo de leitura":"3 minutos"},"schema":{"@context":"https:\/\/schema.org","@graph":[{"@type":"NewsArticle","@id":"https:\/\/www.gaveanews.com\/index.php\/2024\/11\/05\/empresario-de-jhon-arias-se-manifesta-sobre-o-cruzeiro\/#article","isPartOf":{"@id":"https:\/\/www.gaveanews.com\/index.php\/2024\/11\/05\/empresario-de-jhon-arias-se-manifesta-sobre-o-cruzeiro\/"},"author":{"name":"Leandro Cardoso","@id":"https:\/\/www.gaveanews.com\/#\/schema\/person\/2424ec6409bc3f068411fc5e4e9b6168"},"headline":"Empres\u00e1rio de Jhon Arias se manifesta sobre o Cruzeiro","datePublished":"2024-11-05T16:20:00+00:00","mainEntityOfPage":{"@id":"https:\/\/www.gaveanews.com\/index.php\/2024\/11\/05\/empresario-de-jhon-arias-se-manifesta-sobre-o-cruzeiro\/"},"wordCount":387,"commentCount":0,"image":{"@id":"https:\/\/www.gaveanews.com\/index.php\/2024\/11\/05\/empresario-de-jhon-arias-se-manifesta-sobre-o-cruzeiro\/#primaryimage"},"thumbnailUrl":"https:\/\/www.gaveanews.com\/wp-content\/uploads\/Jhon-Arias-com-a-camisa-do-Fluminense-em-2023.webp","articleSection":["Fluminense"],"inLanguage":"pt-BR","potentialAction":[{"@type":"CommentAction","name":"Comment","target":["https:\/\/www.gaveanews.com\/index.php\/2024\/11\/05\/empresario-de-jhon-arias-se-manifesta-sobre-o-cruzeiro\/#respond"]}],"copyrightYear":"2024","copyrightHolder":{"@id":"https:\/\/www.gaveanews.com\/#organization"}},{"@type":"WebPage","@id":"https:\/\/www.gaveanews.com\/index.php\/2024\/11\/05\/empresario-de-jhon-arias-se-manifesta-sobre-o-cruzeiro\/","url":"https:\/\/www.gaveanews.com\/index.php\/2024\/11\/05\/empresario-de-jhon-arias-se-manifesta-sobre-o-cruzeiro\/","name":"Empres\u00e1rio de Jhon Arias se manifesta sobre o Cruzeiro","isPartOf":{"@id":"https:\/\/www.gaveanews.com\/#website"},"primaryImageOfPage":{"@id":"https:\/\/www.gaveanews.com\/index.php\/2024\/11\/05\/empresario-de-jhon-arias-se-manifesta-sobre-o-cruzeiro\/#primaryimage"},"image":{"@id":"https:\/\/www.gaveanews.com\/index.php\/2024\/11\/05\/empresario-de-jhon-arias-se-manifesta-sobre-o-cruzeiro\/#primaryimage"},"thumbnailUrl":"https:\/\/www.gaveanews.com\/wp-content\/uploads\/Jhon-Arias-com-a-camisa-do-Fluminense-em-2023.webp","datePublished":"2024-11-05T16:20:00+00:00","author":{"@id":"https:\/\/www.gaveanews.com\/#\/schema\/person\/2424ec6409bc3f068411fc5e4e9b6168"},"breadcrumb":{"@id":"https:\/\/www.gaveanews.com\/index.php\/2024\/11\/05\/empresario-de-jhon-arias-se-manifesta-sobre-o-cruzeiro\/#breadcrumb"},"inLanguage":"pt-BR","potentialAction":[{"@type":"ReadAction","target":["https:\/\/www.gaveanews.com\/index.php\/2024\/11\/05\/empresario-de-jhon-arias-se-manifesta-sobre-o-cruzeiro\/"]}]},{"@type":"ImageObject","inLanguage":"pt-BR","@id":"https:\/\/www.gaveanews.com\/index.php\/2024\/11\/05\/empresario-de-jhon-arias-se-manifesta-sobre-o-cruzeiro\/#primaryimage","url":"https:\/\/www.gaveanews.com\/wp-content\/uploads\/Jhon-Arias-com-a-camisa-do-Fluminense-em-2023.webp","contentUrl":"https:\/\/www.gaveanews.com\/wp-content\/uploads\/Jhon-Arias-com-a-camisa-do-Fluminense-em-2023.webp","width":872,"height":589,"caption":"Jhon Arias com a camisa do Fluminense em 2023 (Foto: Reprodu\u00e7\u00e3o\/Instagram)"},{"@type":"BreadcrumbList","@id":"https:\/\/www.gaveanews.com\/index.php\/2024\/11\/05\/empresario-de-jhon-arias-se-manifesta-sobre-o-cruzeiro\/#breadcrumb","itemListElement":[{"@type":"ListItem","position":1,"name":"Home","item":"https:\/\/www.gaveanews.com\/"},{"@type":"ListItem","position":2,"name":"Empres\u00e1rio de Jhon Arias se manifesta sobre o Cruzeiro"}]},{"@type":"WebSite","@id":"https:\/\/www.gaveanews.com\/#website","url":"https:\/\/www.gaveanews.com\/","name":"G\u00e1vea News","description":"Veja todas as not\u00edcias sobre o Flamengo: Contrata\u00e7\u00f5es, categorias de base, resultados das partidas, tabela de classifica\u00e7\u00e3o, pr\u00f3ximos jogos!","potentialAction":[{"@type":"SearchAction","target":{"@type":"EntryPoint","urlTemplate":"https:\/\/www.gaveanews.com\/?s={search_term_string}"},"query-input":{"@type":"PropertyValueSpecification","valueRequired":true,"valueName":"search_term_string"}}],"inLanguage":"pt-BR"},{"@type":"Person","@id":"https:\/\/www.gaveanews.com\/#\/schema\/person\/2424ec6409bc3f068411fc5e4e9b6168","name":"Leandro Cardoso","image":{"@type":"ImageObject","inLanguage":"pt-BR","@id":"https:\/\/www.gaveanews.com\/#\/schema\/person\/image\/","url":"https:\/\/secure.gravatar.com\/avatar\/8ca179f9b55eefe9f376f5493ef25475bfa59fbc28ce937f6076ce20e523098f?s=96&d=mm&r=g","contentUrl":"https:\/\/secure.gravatar.com\/avatar\/8ca179f9b55eefe9f376f5493ef25475bfa59fbc28ce937f6076ce20e523098f?s=96&d=mm&r=g","caption":"Leandro Cardoso"}}]}},"_links":{"self":[{"href":"https:\/\/www.gaveanews.com\/index.php\/wp-json\/wp\/v2\/posts\/181187","targetHints":{"allow":["GET"]}}],"collection":[{"href":"https:\/\/www.gaveanews.com\/index.php\/wp-json\/wp\/v2\/posts"}],"about":[{"href":"https:\/\/www.gaveanews.com\/index.php\/wp-json\/wp\/v2\/types\/post"}],"author":[{"embeddable":true,"href":"https:\/\/www.gaveanews.com\/index.php\/wp-json\/wp\/v2\/users\/24"}],"replies":[{"embeddable":true,"href":"https:\/\/www.gaveanews.com\/index.php\/wp-json\/wp\/v2\/comments?post=181187"}],"version-history":[{"count":1,"href":"https:\/\/www.gaveanews.com\/index.php\/wp-json\/wp\/v2\/posts\/181187\/revisions"}],"predecessor-version":[{"id":181188,"href":"https:\/\/www.gaveanews.com\/index.php\/wp-json\/wp\/v2\/posts\/181187\/revisions\/181188"}],"wp:featuredmedia":[{"embeddable":true,"href":"https:\/\/www.gaveanews.com\/index.php\/wp-json\/wp\/v2\/media\/154696"}],"wp:attachment":[{"href":"https:\/\/www.gaveanews.com\/index.php\/wp-json\/wp\/v2\/media?parent=181187"}],"wp:term":[{"taxonomy":"category","embeddable":true,"href":"https:\/\/www.gaveanews.com\/index.php\/wp-json\/wp\/v2\/categories?post=181187"},{"taxonomy":"post_tag","embeddable":true,"href":"https:\/\/www.gaveanews.com\/index.php\/wp-json\/wp\/v2\/tags?post=181187"}],"curies":[{"name":"wp","href":"https:\/\/api.w.org\/{rel}","templated":true}]}}