{"id":181211,"date":"2024-11-05T11:55:51","date_gmt":"2024-11-05T14:55:51","guid":{"rendered":"https:\/\/www.gaveanews.com\/?p=181211"},"modified":"2024-11-05T11:07:40","modified_gmt":"2024-11-05T14:07:40","slug":"a-declaracao-do-tecnico-do-chelsea-sobre-andrey-santos-ex-vasco","status":"publish","type":"post","link":"https:\/\/www.gaveanews.com\/index.php\/2024\/11\/05\/a-declaracao-do-tecnico-do-chelsea-sobre-andrey-santos-ex-vasco\/","title":{"rendered":"A declara\u00e7\u00e3o do t\u00e9cnico do Chelsea sobre Andrey Santos, ex-Vasco"},"content":{"rendered":"\n<h2 class=\"wp-block-heading\" id=\"h-treinador-do-clube-ingles-rasgou-elogios-ao-brasileiro\">Treinador do clube ingl\u00eas rasgou elogios ao brasileiro <\/h2>\n\n\n\n<p>O volante brasileiro Andrey Santos foi revelado pelo Vasco e hoje \u00e9 um dos destaques da equipe do Strasbourg, da Fran\u00e7a. O jogador pertence ao Chelsea, da Inglaterra, mas est\u00e1 emprestado ao time franc\u00eas, onde vem tendo boas atua\u00e7\u00f5es. Enzo Maresca, treinador do Chelsea, elogiou o jovem. <\/p>\n\n\n\n<ul class=\"wp-block-list\">\n<li><a href=\"https:\/\/www.gaveanews.com\/index.php\/2024\/11\/04\/esse-e-o-valor-que-john-textor-vai-pagar-por-rayan-do-vasco\/\">Esse \u00e9 o valor que John Textor vai pagar por Rayan, do Vasco<\/a><\/li>\n\n\n\n<li><a href=\"https:\/\/www.gaveanews.com\/index.php\/2024\/11\/02\/vinicius-junior-do-real-madrid-e-desejado-por-3-times-na-europa\/\">Vinicius J\u00fanior, do Real Madrid, \u00e9 desejado por 3 times na Europa<\/a><\/li>\n<\/ul>\n\n\n\n<p>O t\u00e9cnico Enzo Maresca concedeu entrevista coletiva na \u00faltima sexta-feira (1) e disse estar observando Andrey Santos, em seu per\u00edodo de empr\u00e9stimo ao Strasbourg, da Fran\u00e7a. Maresca disse que Andrey pode ser uma boa op\u00e7\u00e3o para o projeto do clube da Premier League, se continuar com seus \u00f3timos desempenhos. <\/p>\n\n\n\n<p>A resposta de Enzo Maresca referente a Andrey Santos veio ap\u00f3s ser questionado na coletiva se pretendia e planejava utilizar o jovem jogador brasileiro em pouco tempo, j\u00e1 que o meio-campo do time n\u00e3o vem rendendo o esperado. <\/p>\n\n\n\n<p>\u201cSe Andrey continuar jogando como est\u00e1, ele pode ser uma boa op\u00e7\u00e3o para nosso projeto. Para alguns jogadores, \u00e9 melhor que sejam emprestados para provar o seu valor e voltar ao Chelsea no momento certo\u201d, disse Enzo Maresca. <\/p>\n\n\n\n<p>Na atual temporada, Andrey j\u00e1 soma cinco gols em oito jogos disputados na Liga Francesa. Al\u00e9m das bolas na rede, o jogador criou 11 chances claras e tamb\u00e9m vem se destacando no setor defensivo. At\u00e9 aqui, o volante soma 30 intercepta\u00e7\u00f5es e nove desarmes completos.<\/p>\n\n\n\n<p>Neste momento, o Chelsea soma 18 pontos e ocupa a quarta posi\u00e7\u00e3o na tabela da Premier League. No \u00faltimo domingo (3), o time de Enzo Maresca empatou com o Manchester United em 1 a 1, no Old Trafford, pelo Campeonato Ingl\u00eas. Em dez partidas disputadas at\u00e9 aqui, os Blues somam cinco vit\u00f3rias, tr\u00eas empates e duas derrotas. <\/p>\n\n\n\n<p>O Chelsea volta a campo nesta quinta-feira (7) contra o Noah, da Arm\u00eania, pela terceira rodada da Conference League. Os Blues v\u00e3o liderando o torneio com seis pontos somados. J\u00e1 o Strasbourg de Andrey Santos, volta a campo apenas no s\u00e1bado (9), quando recebe o M\u00f4naco. A partida acontece pela 11\u00b0 rodada do Campeonato Franc\u00eas, no Stade de la Meinau. <\/p>\n","protected":false},"excerpt":{"rendered":"<p>Treinador do clube ingl\u00eas rasgou elogios ao brasileiro O volante brasileiro Andrey Santos foi revelado pelo Vasco e hoje \u00e9 um dos destaques da equipe do Strasbourg, da Fran\u00e7a. O jogador pertence ao Chelsea, da Inglaterra, mas est\u00e1 emprestado ao time franc\u00eas, onde vem tendo boas atua\u00e7\u00f5es. Enzo Maresca, treinador do Chelsea, elogiou o jovem. [&hellip;]<\/p>\n","protected":false},"author":21,"featured_media":125147,"comment_status":"open","ping_status":"closed","sticky":false,"template":"","format":"standard","meta":{"footnotes":""},"categories":[89,152],"tags":[],"class_list":["post-181211","post","type-post","status-publish","format-standard","has-post-thumbnail","hentry","category-chelsea","category-vasco"],"yoast_head":"<!-- This site is optimized with the Yoast SEO Premium plugin v24.2 (Yoast SEO v26.9) - https:\/\/yoast.com\/product\/yoast-seo-premium-wordpress\/ -->\n<title>A declara\u00e7\u00e3o do t\u00e9cnico do Chelsea sobre Andrey Santos, ex-Vasco<\/title>\n<meta name=\"robots\" content=\"index, follow, max-snippet:-1, max-image-preview:large, max-video-preview:-1\" \/>\n<link rel=\"canonical\" href=\"https:\/\/www.gaveanews.com\/index.php\/2024\/11\/05\/a-declaracao-do-tecnico-do-chelsea-sobre-andrey-santos-ex-vasco\/\" \/>\n<meta property=\"og:locale\" content=\"pt_BR\" \/>\n<meta property=\"og:type\" content=\"article\" \/>\n<meta property=\"og:title\" content=\"A declara\u00e7\u00e3o do t\u00e9cnico do Chelsea sobre Andrey Santos, ex-Vasco\" \/>\n<meta property=\"og:description\" content=\"Treinador do clube ingl\u00eas rasgou elogios ao brasileiro O volante brasileiro Andrey Santos foi revelado pelo Vasco e hoje \u00e9 um dos destaques da equipe do Strasbourg, da Fran\u00e7a. O jogador pertence ao Chelsea, da Inglaterra, mas est\u00e1 emprestado ao time franc\u00eas, onde vem tendo boas atua\u00e7\u00f5es. Enzo Maresca, treinador do Chelsea, elogiou o jovem. [&hellip;]\" \/>\n<meta property=\"og:url\" content=\"https:\/\/www.gaveanews.com\/index.php\/2024\/11\/05\/a-declaracao-do-tecnico-do-chelsea-sobre-andrey-santos-ex-vasco\/\" \/>\n<meta property=\"og:site_name\" content=\"G\u00e1vea News\" \/>\n<meta property=\"article:publisher\" content=\"https:\/\/facebook.com\/gaveaNews\/\" \/>\n<meta property=\"article:published_time\" content=\"2024-11-05T14:55:51+00:00\" \/>\n<meta property=\"og:image\" content=\"https:\/\/www.gaveanews.com\/wp-content\/uploads\/andreysantos_5_1706826687052.webp\" \/>\n\t<meta property=\"og:image:width\" content=\"1440\" \/>\n\t<meta property=\"og:image:height\" content=\"1795\" \/>\n\t<meta property=\"og:image:type\" content=\"image\/jpeg\" \/>\n<meta name=\"author\" content=\"Andr\u00e9 Serra\" \/>\n<meta name=\"twitter:card\" content=\"summary_large_image\" \/>\n<meta name=\"twitter:label1\" content=\"Escrito por\" \/>\n\t<meta name=\"twitter:data1\" content=\"Andr\u00e9 Serra\" \/>\n\t<meta name=\"twitter:label2\" content=\"Est. tempo de leitura\" \/>\n\t<meta name=\"twitter:data2\" content=\"3 minutos\" \/>\n<script type=\"application\/ld+json\" class=\"yoast-schema-graph\">{\"@context\":\"https:\/\/schema.org\",\"@graph\":[{\"@type\":\"NewsArticle\",\"@id\":\"https:\/\/www.gaveanews.com\/index.php\/2024\/11\/05\/a-declaracao-do-tecnico-do-chelsea-sobre-andrey-santos-ex-vasco\/#article\",\"isPartOf\":{\"@id\":\"https:\/\/www.gaveanews.com\/index.php\/2024\/11\/05\/a-declaracao-do-tecnico-do-chelsea-sobre-andrey-santos-ex-vasco\/\"},\"author\":{\"name\":\"Andr\u00e9 Serra\",\"@id\":\"https:\/\/www.gaveanews.com\/#\/schema\/person\/0277a79a1289c451c281ec0411d84f0c\"},\"headline\":\"A declara\u00e7\u00e3o do t\u00e9cnico do Chelsea sobre Andrey Santos, ex-Vasco\",\"datePublished\":\"2024-11-05T14:55:51+00:00\",\"mainEntityOfPage\":{\"@id\":\"https:\/\/www.gaveanews.com\/index.php\/2024\/11\/05\/a-declaracao-do-tecnico-do-chelsea-sobre-andrey-santos-ex-vasco\/\"},\"wordCount\":389,\"commentCount\":0,\"image\":{\"@id\":\"https:\/\/www.gaveanews.com\/index.php\/2024\/11\/05\/a-declaracao-do-tecnico-do-chelsea-sobre-andrey-santos-ex-vasco\/#primaryimage\"},\"thumbnailUrl\":\"https:\/\/www.gaveanews.com\/wp-content\/uploads\/andreysantos_5_1706826687052.webp\",\"articleSection\":[\"Chelsea\",\"Vasco\"],\"inLanguage\":\"pt-BR\",\"potentialAction\":[{\"@type\":\"CommentAction\",\"name\":\"Comment\",\"target\":[\"https:\/\/www.gaveanews.com\/index.php\/2024\/11\/05\/a-declaracao-do-tecnico-do-chelsea-sobre-andrey-santos-ex-vasco\/#respond\"]}],\"copyrightYear\":\"2024\",\"copyrightHolder\":{\"@id\":\"https:\/\/www.gaveanews.com\/#organization\"}},{\"@type\":\"WebPage\",\"@id\":\"https:\/\/www.gaveanews.com\/index.php\/2024\/11\/05\/a-declaracao-do-tecnico-do-chelsea-sobre-andrey-santos-ex-vasco\/\",\"url\":\"https:\/\/www.gaveanews.com\/index.php\/2024\/11\/05\/a-declaracao-do-tecnico-do-chelsea-sobre-andrey-santos-ex-vasco\/\",\"name\":\"A declara\u00e7\u00e3o do t\u00e9cnico do Chelsea sobre Andrey Santos, ex-Vasco\",\"isPartOf\":{\"@id\":\"https:\/\/www.gaveanews.com\/#website\"},\"primaryImageOfPage\":{\"@id\":\"https:\/\/www.gaveanews.com\/index.php\/2024\/11\/05\/a-declaracao-do-tecnico-do-chelsea-sobre-andrey-santos-ex-vasco\/#primaryimage\"},\"image\":{\"@id\":\"https:\/\/www.gaveanews.com\/index.php\/2024\/11\/05\/a-declaracao-do-tecnico-do-chelsea-sobre-andrey-santos-ex-vasco\/#primaryimage\"},\"thumbnailUrl\":\"https:\/\/www.gaveanews.com\/wp-content\/uploads\/andreysantos_5_1706826687052.webp\",\"datePublished\":\"2024-11-05T14:55:51+00:00\",\"author\":{\"@id\":\"https:\/\/www.gaveanews.com\/#\/schema\/person\/0277a79a1289c451c281ec0411d84f0c\"},\"breadcrumb\":{\"@id\":\"https:\/\/www.gaveanews.com\/index.php\/2024\/11\/05\/a-declaracao-do-tecnico-do-chelsea-sobre-andrey-santos-ex-vasco\/#breadcrumb\"},\"inLanguage\":\"pt-BR\",\"potentialAction\":[{\"@type\":\"ReadAction\",\"target\":[\"https:\/\/www.gaveanews.com\/index.php\/2024\/11\/05\/a-declaracao-do-tecnico-do-chelsea-sobre-andrey-santos-ex-vasco\/\"]}]},{\"@type\":\"ImageObject\",\"inLanguage\":\"pt-BR\",\"@id\":\"https:\/\/www.gaveanews.com\/index.php\/2024\/11\/05\/a-declaracao-do-tecnico-do-chelsea-sobre-andrey-santos-ex-vasco\/#primaryimage\",\"url\":\"https:\/\/www.gaveanews.com\/wp-content\/uploads\/andreysantos_5_1706826687052.webp\",\"contentUrl\":\"https:\/\/www.gaveanews.com\/wp-content\/uploads\/andreysantos_5_1706826687052.webp\",\"width\":1440,\"height\":1795,\"caption\":\"Andrey Santos pela Sele\u00e7\u00e3o Brasileira (Foto: Reprodu\u00e7\u00e3o\/Instagram)\"},{\"@type\":\"BreadcrumbList\",\"@id\":\"https:\/\/www.gaveanews.com\/index.php\/2024\/11\/05\/a-declaracao-do-tecnico-do-chelsea-sobre-andrey-santos-ex-vasco\/#breadcrumb\",\"itemListElement\":[{\"@type\":\"ListItem\",\"position\":1,\"name\":\"Home\",\"item\":\"https:\/\/www.gaveanews.com\/\"},{\"@type\":\"ListItem\",\"position\":2,\"name\":\"A declara\u00e7\u00e3o do t\u00e9cnico do Chelsea sobre Andrey Santos, ex-Vasco\"}]},{\"@type\":\"WebSite\",\"@id\":\"https:\/\/www.gaveanews.com\/#website\",\"url\":\"https:\/\/www.gaveanews.com\/\",\"name\":\"G\u00e1vea News\",\"description\":\"Veja todas as not\u00edcias sobre o Flamengo: Contrata\u00e7\u00f5es, categorias de base, resultados das partidas, tabela de classifica\u00e7\u00e3o, pr\u00f3ximos jogos!\",\"potentialAction\":[{\"@type\":\"SearchAction\",\"target\":{\"@type\":\"EntryPoint\",\"urlTemplate\":\"https:\/\/www.gaveanews.com\/?s={search_term_string}\"},\"query-input\":{\"@type\":\"PropertyValueSpecification\",\"valueRequired\":true,\"valueName\":\"search_term_string\"}}],\"inLanguage\":\"pt-BR\"},{\"@type\":\"Person\",\"@id\":\"https:\/\/www.gaveanews.com\/#\/schema\/person\/0277a79a1289c451c281ec0411d84f0c\",\"name\":\"Andr\u00e9 Serra\",\"image\":{\"@type\":\"ImageObject\",\"inLanguage\":\"pt-BR\",\"@id\":\"https:\/\/www.gaveanews.com\/#\/schema\/person\/image\/\",\"url\":\"https:\/\/secure.gravatar.com\/avatar\/d7231369fe48db93292b3e88eb2162dbd9a34a47a8437d9ef3bcaca2a86a83d7?s=96&d=mm&r=g\",\"contentUrl\":\"https:\/\/secure.gravatar.com\/avatar\/d7231369fe48db93292b3e88eb2162dbd9a34a47a8437d9ef3bcaca2a86a83d7?s=96&d=mm&r=g\",\"caption\":\"Andr\u00e9 Serra\"}}]}<\/script>\n<!-- \/ Yoast SEO Premium plugin. -->","yoast_head_json":{"title":"A declara\u00e7\u00e3o do t\u00e9cnico do Chelsea sobre Andrey Santos, ex-Vasco","robots":{"index":"index","follow":"follow","max-snippet":"max-snippet:-1","max-image-preview":"max-image-preview:large","max-video-preview":"max-video-preview:-1"},"canonical":"https:\/\/www.gaveanews.com\/index.php\/2024\/11\/05\/a-declaracao-do-tecnico-do-chelsea-sobre-andrey-santos-ex-vasco\/","og_locale":"pt_BR","og_type":"article","og_title":"A declara\u00e7\u00e3o do t\u00e9cnico do Chelsea sobre Andrey Santos, ex-Vasco","og_description":"Treinador do clube ingl\u00eas rasgou elogios ao brasileiro O volante brasileiro Andrey Santos foi revelado pelo Vasco e hoje \u00e9 um dos destaques da equipe do Strasbourg, da Fran\u00e7a. O jogador pertence ao Chelsea, da Inglaterra, mas est\u00e1 emprestado ao time franc\u00eas, onde vem tendo boas atua\u00e7\u00f5es. Enzo Maresca, treinador do Chelsea, elogiou o jovem. [&hellip;]","og_url":"https:\/\/www.gaveanews.com\/index.php\/2024\/11\/05\/a-declaracao-do-tecnico-do-chelsea-sobre-andrey-santos-ex-vasco\/","og_site_name":"G\u00e1vea News","article_publisher":"https:\/\/facebook.com\/gaveaNews\/","article_published_time":"2024-11-05T14:55:51+00:00","og_image":[{"width":1440,"height":1795,"url":"https:\/\/www.gaveanews.com\/wp-content\/uploads\/andreysantos_5_1706826687052.webp","type":"image\/jpeg"}],"author":"Andr\u00e9 Serra","twitter_card":"summary_large_image","twitter_misc":{"Escrito por":"Andr\u00e9 Serra","Est. tempo de leitura":"3 minutos"},"schema":{"@context":"https:\/\/schema.org","@graph":[{"@type":"NewsArticle","@id":"https:\/\/www.gaveanews.com\/index.php\/2024\/11\/05\/a-declaracao-do-tecnico-do-chelsea-sobre-andrey-santos-ex-vasco\/#article","isPartOf":{"@id":"https:\/\/www.gaveanews.com\/index.php\/2024\/11\/05\/a-declaracao-do-tecnico-do-chelsea-sobre-andrey-santos-ex-vasco\/"},"author":{"name":"Andr\u00e9 Serra","@id":"https:\/\/www.gaveanews.com\/#\/schema\/person\/0277a79a1289c451c281ec0411d84f0c"},"headline":"A declara\u00e7\u00e3o do t\u00e9cnico do Chelsea sobre Andrey Santos, ex-Vasco","datePublished":"2024-11-05T14:55:51+00:00","mainEntityOfPage":{"@id":"https:\/\/www.gaveanews.com\/index.php\/2024\/11\/05\/a-declaracao-do-tecnico-do-chelsea-sobre-andrey-santos-ex-vasco\/"},"wordCount":389,"commentCount":0,"image":{"@id":"https:\/\/www.gaveanews.com\/index.php\/2024\/11\/05\/a-declaracao-do-tecnico-do-chelsea-sobre-andrey-santos-ex-vasco\/#primaryimage"},"thumbnailUrl":"https:\/\/www.gaveanews.com\/wp-content\/uploads\/andreysantos_5_1706826687052.webp","articleSection":["Chelsea","Vasco"],"inLanguage":"pt-BR","potentialAction":[{"@type":"CommentAction","name":"Comment","target":["https:\/\/www.gaveanews.com\/index.php\/2024\/11\/05\/a-declaracao-do-tecnico-do-chelsea-sobre-andrey-santos-ex-vasco\/#respond"]}],"copyrightYear":"2024","copyrightHolder":{"@id":"https:\/\/www.gaveanews.com\/#organization"}},{"@type":"WebPage","@id":"https:\/\/www.gaveanews.com\/index.php\/2024\/11\/05\/a-declaracao-do-tecnico-do-chelsea-sobre-andrey-santos-ex-vasco\/","url":"https:\/\/www.gaveanews.com\/index.php\/2024\/11\/05\/a-declaracao-do-tecnico-do-chelsea-sobre-andrey-santos-ex-vasco\/","name":"A declara\u00e7\u00e3o do t\u00e9cnico do Chelsea sobre Andrey Santos, ex-Vasco","isPartOf":{"@id":"https:\/\/www.gaveanews.com\/#website"},"primaryImageOfPage":{"@id":"https:\/\/www.gaveanews.com\/index.php\/2024\/11\/05\/a-declaracao-do-tecnico-do-chelsea-sobre-andrey-santos-ex-vasco\/#primaryimage"},"image":{"@id":"https:\/\/www.gaveanews.com\/index.php\/2024\/11\/05\/a-declaracao-do-tecnico-do-chelsea-sobre-andrey-santos-ex-vasco\/#primaryimage"},"thumbnailUrl":"https:\/\/www.gaveanews.com\/wp-content\/uploads\/andreysantos_5_1706826687052.webp","datePublished":"2024-11-05T14:55:51+00:00","author":{"@id":"https:\/\/www.gaveanews.com\/#\/schema\/person\/0277a79a1289c451c281ec0411d84f0c"},"breadcrumb":{"@id":"https:\/\/www.gaveanews.com\/index.php\/2024\/11\/05\/a-declaracao-do-tecnico-do-chelsea-sobre-andrey-santos-ex-vasco\/#breadcrumb"},"inLanguage":"pt-BR","potentialAction":[{"@type":"ReadAction","target":["https:\/\/www.gaveanews.com\/index.php\/2024\/11\/05\/a-declaracao-do-tecnico-do-chelsea-sobre-andrey-santos-ex-vasco\/"]}]},{"@type":"ImageObject","inLanguage":"pt-BR","@id":"https:\/\/www.gaveanews.com\/index.php\/2024\/11\/05\/a-declaracao-do-tecnico-do-chelsea-sobre-andrey-santos-ex-vasco\/#primaryimage","url":"https:\/\/www.gaveanews.com\/wp-content\/uploads\/andreysantos_5_1706826687052.webp","contentUrl":"https:\/\/www.gaveanews.com\/wp-content\/uploads\/andreysantos_5_1706826687052.webp","width":1440,"height":1795,"caption":"Andrey Santos pela Sele\u00e7\u00e3o Brasileira (Foto: Reprodu\u00e7\u00e3o\/Instagram)"},{"@type":"BreadcrumbList","@id":"https:\/\/www.gaveanews.com\/index.php\/2024\/11\/05\/a-declaracao-do-tecnico-do-chelsea-sobre-andrey-santos-ex-vasco\/#breadcrumb","itemListElement":[{"@type":"ListItem","position":1,"name":"Home","item":"https:\/\/www.gaveanews.com\/"},{"@type":"ListItem","position":2,"name":"A declara\u00e7\u00e3o do t\u00e9cnico do Chelsea sobre Andrey Santos, ex-Vasco"}]},{"@type":"WebSite","@id":"https:\/\/www.gaveanews.com\/#website","url":"https:\/\/www.gaveanews.com\/","name":"G\u00e1vea News","description":"Veja todas as not\u00edcias sobre o Flamengo: Contrata\u00e7\u00f5es, categorias de base, resultados das partidas, tabela de classifica\u00e7\u00e3o, pr\u00f3ximos jogos!","potentialAction":[{"@type":"SearchAction","target":{"@type":"EntryPoint","urlTemplate":"https:\/\/www.gaveanews.com\/?s={search_term_string}"},"query-input":{"@type":"PropertyValueSpecification","valueRequired":true,"valueName":"search_term_string"}}],"inLanguage":"pt-BR"},{"@type":"Person","@id":"https:\/\/www.gaveanews.com\/#\/schema\/person\/0277a79a1289c451c281ec0411d84f0c","name":"Andr\u00e9 Serra","image":{"@type":"ImageObject","inLanguage":"pt-BR","@id":"https:\/\/www.gaveanews.com\/#\/schema\/person\/image\/","url":"https:\/\/secure.gravatar.com\/avatar\/d7231369fe48db93292b3e88eb2162dbd9a34a47a8437d9ef3bcaca2a86a83d7?s=96&d=mm&r=g","contentUrl":"https:\/\/secure.gravatar.com\/avatar\/d7231369fe48db93292b3e88eb2162dbd9a34a47a8437d9ef3bcaca2a86a83d7?s=96&d=mm&r=g","caption":"Andr\u00e9 Serra"}}]}},"_links":{"self":[{"href":"https:\/\/www.gaveanews.com\/index.php\/wp-json\/wp\/v2\/posts\/181211","targetHints":{"allow":["GET"]}}],"collection":[{"href":"https:\/\/www.gaveanews.com\/index.php\/wp-json\/wp\/v2\/posts"}],"about":[{"href":"https:\/\/www.gaveanews.com\/index.php\/wp-json\/wp\/v2\/types\/post"}],"author":[{"embeddable":true,"href":"https:\/\/www.gaveanews.com\/index.php\/wp-json\/wp\/v2\/users\/21"}],"replies":[{"embeddable":true,"href":"https:\/\/www.gaveanews.com\/index.php\/wp-json\/wp\/v2\/comments?post=181211"}],"version-history":[{"count":1,"href":"https:\/\/www.gaveanews.com\/index.php\/wp-json\/wp\/v2\/posts\/181211\/revisions"}],"predecessor-version":[{"id":181231,"href":"https:\/\/www.gaveanews.com\/index.php\/wp-json\/wp\/v2\/posts\/181211\/revisions\/181231"}],"wp:featuredmedia":[{"embeddable":true,"href":"https:\/\/www.gaveanews.com\/index.php\/wp-json\/wp\/v2\/media\/125147"}],"wp:attachment":[{"href":"https:\/\/www.gaveanews.com\/index.php\/wp-json\/wp\/v2\/media?parent=181211"}],"wp:term":[{"taxonomy":"category","embeddable":true,"href":"https:\/\/www.gaveanews.com\/index.php\/wp-json\/wp\/v2\/categories?post=181211"},{"taxonomy":"post_tag","embeddable":true,"href":"https:\/\/www.gaveanews.com\/index.php\/wp-json\/wp\/v2\/tags?post=181211"}],"curies":[{"name":"wp","href":"https:\/\/api.w.org\/{rel}","templated":true}]}}