{"id":181320,"date":"2024-11-05T16:40:14","date_gmt":"2024-11-05T19:40:14","guid":{"rendered":"https:\/\/www.gaveanews.com\/?p=181320"},"modified":"2024-11-05T16:32:31","modified_gmt":"2024-11-05T19:32:31","slug":"esse-e-o-valor-gasto-pelo-fluminense-com-marcelo-durante-sua-passagem","status":"publish","type":"post","link":"https:\/\/www.gaveanews.com\/index.php\/2024\/11\/05\/esse-e-o-valor-gasto-pelo-fluminense-com-marcelo-durante-sua-passagem\/","title":{"rendered":"Esse \u00e9 o valor gasto pelo Fluminense com Marcelo durante sua passagem"},"content":{"rendered":"\n<p>Fluminense e o lateral Marcelo oficializaram a rescis\u00e3o do contrato ap\u00f3s um desentendimento entre o jogador e o t\u00e9cnico Mano Menezes durante a partida contra o Gr\u00eamio, realizada na sexta-feira (1\u00ba). A situa\u00e7\u00e3o se desenvolveu rapidamente, resultando no fim do v\u00ednculo entre o atleta e o clube.<\/p>\n\n\n\n<ul class=\"wp-block-list\">\n<li><a href=\"https:\/\/www.gaveanews.com\/index.php\/2024\/11\/04\/marcelo-no-sao-paulo-a-declaracao-de-julio-casares\/\">Marcelo no S\u00e3o Paulo? A declara\u00e7\u00e3o de Julio Casares<\/a><\/li>\n\n\n\n<li><a href=\"https:\/\/www.gaveanews.com\/index.php\/2024\/11\/04\/a-declaracao-de-marcelo-apos-deixar-o-fluminense\/\">A declara\u00e7\u00e3o de Marcelo ap\u00f3s deixar o Fluminense<\/a><\/li>\n<\/ul>\n\n\n\n<p>Marcelo, formado nas categorias de base do Fluminense, retornou ao clube em fevereiro de 2023. Sua volta foi cercada de expectativa ap\u00f3s uma longa e vitoriosa carreira de 16 temporadas pelo Real Madrid, al\u00e9m de uma curta passagem pelo Olympiacos, da Gr\u00e9cia. Seu retorno marcou o reencontro do lateral com o futebol brasileiro em um momento decisivo para o time.<\/p>\n\n\n\n<p>Conforme informa\u00e7\u00f5es do portal Lance, Marcelo chegou ao Fluminense com um sal\u00e1rio inicial de aproximadamente R$ 600 mil mensais. Al\u00e9m disso, esse valor poderia alcan\u00e7ar R$ 1 milh\u00e3o, incluindo bonifica\u00e7\u00f5es e premia\u00e7\u00f5es por desempenho. Estima-se que, ao longo de sua estadia, o clube tenha desembolsado ao menos R$ 11,4 milh\u00f5es com o jogador, refletindo um investimento consider\u00e1vel.<\/p>\n\n\n\n<p>Em sua nova trajet\u00f3ria no Tricolor, que durou cerca de um ano e oito meses, Marcelo participou ativamente das conquistas do time. Ele esteve presente na vit\u00f3ria no Campeonato Carioca e, sobretudo, na hist\u00f3rica conquista da Libertadores de 2023, t\u00edtulo in\u00e9dito para o clube. No in\u00edcio de 2024, tamb\u00e9m fez parte do elenco que conquistou a Recopa Sul-Americana.<\/p>\n\n\n\n<p>O Fluminense investiu valores altos devido ao sal\u00e1rio de Marcelo, um dos mais caros do elenco, mas tamb\u00e9m obteve um retorno financeiro significativo. As premia\u00e7\u00f5es pela Libertadores e pela Recopa injetaram nos cofres do Tricolor aproximadamente 29 milh\u00f5es de d\u00f3lares, cerca de R$ 167 milh\u00f5es com base na cota\u00e7\u00e3o atual.<\/p>\n\n\n\n<h2 class=\"wp-block-heading\" id=\"h-jogador-enfrentou-problemas-no-clube\">Jogador enfrentou problemas no clube <\/h2>\n\n\n\n<p>No entanto, Marcelo enfrentou desafios f\u00edsicos ao longo de sua passagem, especialmente no primeiro semestre de 2024. Suas les\u00f5es limitaram sua atua\u00e7\u00e3o e o impediram de participar de v\u00e1rias partidas, reduzindo sua presen\u00e7a em campo em momentos importantes para o clube.<\/p>\n\n\n\n<p>Ao todo, Marcelo completou os 90 minutos em apenas 32 jogos, durante os quais marcou dois gols e forneceu uma assist\u00eancia. O impacto das les\u00f5es refletiu-se em sua participa\u00e7\u00e3o limitada e contribuiu para a decis\u00e3o de ambas as partes de encerrar o contrato de forma amig\u00e1vel, encerrando o v\u00ednculo do atleta com o clube de maneira em comum acordo.<\/p>\n","protected":false},"excerpt":{"rendered":"<p>Fluminense e o lateral Marcelo oficializaram a rescis\u00e3o do contrato ap\u00f3s um desentendimento entre o jogador e o t\u00e9cnico Mano Menezes durante a partida contra o Gr\u00eamio, realizada na sexta-feira (1\u00ba). A situa\u00e7\u00e3o se desenvolveu rapidamente, resultando no fim do v\u00ednculo entre o atleta e o clube. Marcelo, formado nas categorias de base do Fluminense, [&hellip;]<\/p>\n","protected":false},"author":28,"featured_media":167658,"comment_status":"open","ping_status":"closed","sticky":false,"template":"","format":"standard","meta":{"footnotes":""},"categories":[145],"tags":[],"class_list":["post-181320","post","type-post","status-publish","format-standard","has-post-thumbnail","hentry","category-fluminense"],"yoast_head":"<!-- This site is optimized with the Yoast SEO Premium plugin v24.2 (Yoast SEO v26.9) - https:\/\/yoast.com\/product\/yoast-seo-premium-wordpress\/ -->\n<title>Esse \u00e9 o valor gasto pelo Fluminense com Marcelo durante sua passagem<\/title>\n<meta name=\"robots\" content=\"index, follow, max-snippet:-1, max-image-preview:large, max-video-preview:-1\" \/>\n<link rel=\"canonical\" href=\"https:\/\/www.gaveanews.com\/index.php\/2024\/11\/05\/esse-e-o-valor-gasto-pelo-fluminense-com-marcelo-durante-sua-passagem\/\" \/>\n<meta property=\"og:locale\" content=\"pt_BR\" \/>\n<meta property=\"og:type\" content=\"article\" \/>\n<meta property=\"og:title\" content=\"Esse \u00e9 o valor gasto pelo Fluminense com Marcelo durante sua passagem\" \/>\n<meta property=\"og:description\" content=\"Fluminense e o lateral Marcelo oficializaram a rescis\u00e3o do contrato ap\u00f3s um desentendimento entre o jogador e o t\u00e9cnico Mano Menezes durante a partida contra o Gr\u00eamio, realizada na sexta-feira (1\u00ba). A situa\u00e7\u00e3o se desenvolveu rapidamente, resultando no fim do v\u00ednculo entre o atleta e o clube. Marcelo, formado nas categorias de base do Fluminense, [&hellip;]\" \/>\n<meta property=\"og:url\" content=\"https:\/\/www.gaveanews.com\/index.php\/2024\/11\/05\/esse-e-o-valor-gasto-pelo-fluminense-com-marcelo-durante-sua-passagem\/\" \/>\n<meta property=\"og:site_name\" content=\"G\u00e1vea News\" \/>\n<meta property=\"article:publisher\" content=\"https:\/\/facebook.com\/gaveaNews\/\" \/>\n<meta property=\"article:published_time\" content=\"2024-11-05T19:40:14+00:00\" \/>\n<meta property=\"og:image\" content=\"https:\/\/www.gaveanews.com\/wp-content\/uploads\/Marcelo-pelo-Fluminense.webp\" \/>\n\t<meta property=\"og:image:width\" content=\"774\" \/>\n\t<meta property=\"og:image:height\" content=\"436\" \/>\n\t<meta property=\"og:image:type\" content=\"image\/jpeg\" \/>\n<meta name=\"author\" content=\"Hudson Pereira\" \/>\n<meta name=\"twitter:card\" content=\"summary_large_image\" \/>\n<meta name=\"twitter:label1\" content=\"Escrito por\" \/>\n\t<meta name=\"twitter:data1\" content=\"Hudson Pereira\" \/>\n\t<meta name=\"twitter:label2\" content=\"Est. tempo de leitura\" \/>\n\t<meta name=\"twitter:data2\" content=\"3 minutos\" \/>\n<script type=\"application\/ld+json\" class=\"yoast-schema-graph\">{\"@context\":\"https:\/\/schema.org\",\"@graph\":[{\"@type\":\"NewsArticle\",\"@id\":\"https:\/\/www.gaveanews.com\/index.php\/2024\/11\/05\/esse-e-o-valor-gasto-pelo-fluminense-com-marcelo-durante-sua-passagem\/#article\",\"isPartOf\":{\"@id\":\"https:\/\/www.gaveanews.com\/index.php\/2024\/11\/05\/esse-e-o-valor-gasto-pelo-fluminense-com-marcelo-durante-sua-passagem\/\"},\"author\":{\"name\":\"Hudson Pereira\",\"@id\":\"https:\/\/www.gaveanews.com\/#\/schema\/person\/bd08f00534b403119b92741a6d469ef0\"},\"headline\":\"Esse \u00e9 o valor gasto pelo Fluminense com Marcelo durante sua passagem\",\"datePublished\":\"2024-11-05T19:40:14+00:00\",\"mainEntityOfPage\":{\"@id\":\"https:\/\/www.gaveanews.com\/index.php\/2024\/11\/05\/esse-e-o-valor-gasto-pelo-fluminense-com-marcelo-durante-sua-passagem\/\"},\"wordCount\":439,\"commentCount\":0,\"image\":{\"@id\":\"https:\/\/www.gaveanews.com\/index.php\/2024\/11\/05\/esse-e-o-valor-gasto-pelo-fluminense-com-marcelo-durante-sua-passagem\/#primaryimage\"},\"thumbnailUrl\":\"https:\/\/www.gaveanews.com\/wp-content\/uploads\/Marcelo-pelo-Fluminense.webp\",\"articleSection\":[\"Fluminense\"],\"inLanguage\":\"pt-BR\",\"potentialAction\":[{\"@type\":\"CommentAction\",\"name\":\"Comment\",\"target\":[\"https:\/\/www.gaveanews.com\/index.php\/2024\/11\/05\/esse-e-o-valor-gasto-pelo-fluminense-com-marcelo-durante-sua-passagem\/#respond\"]}],\"copyrightYear\":\"2024\",\"copyrightHolder\":{\"@id\":\"https:\/\/www.gaveanews.com\/#organization\"}},{\"@type\":\"WebPage\",\"@id\":\"https:\/\/www.gaveanews.com\/index.php\/2024\/11\/05\/esse-e-o-valor-gasto-pelo-fluminense-com-marcelo-durante-sua-passagem\/\",\"url\":\"https:\/\/www.gaveanews.com\/index.php\/2024\/11\/05\/esse-e-o-valor-gasto-pelo-fluminense-com-marcelo-durante-sua-passagem\/\",\"name\":\"Esse \u00e9 o valor gasto pelo Fluminense com Marcelo durante sua passagem\",\"isPartOf\":{\"@id\":\"https:\/\/www.gaveanews.com\/#website\"},\"primaryImageOfPage\":{\"@id\":\"https:\/\/www.gaveanews.com\/index.php\/2024\/11\/05\/esse-e-o-valor-gasto-pelo-fluminense-com-marcelo-durante-sua-passagem\/#primaryimage\"},\"image\":{\"@id\":\"https:\/\/www.gaveanews.com\/index.php\/2024\/11\/05\/esse-e-o-valor-gasto-pelo-fluminense-com-marcelo-durante-sua-passagem\/#primaryimage\"},\"thumbnailUrl\":\"https:\/\/www.gaveanews.com\/wp-content\/uploads\/Marcelo-pelo-Fluminense.webp\",\"datePublished\":\"2024-11-05T19:40:14+00:00\",\"author\":{\"@id\":\"https:\/\/www.gaveanews.com\/#\/schema\/person\/bd08f00534b403119b92741a6d469ef0\"},\"breadcrumb\":{\"@id\":\"https:\/\/www.gaveanews.com\/index.php\/2024\/11\/05\/esse-e-o-valor-gasto-pelo-fluminense-com-marcelo-durante-sua-passagem\/#breadcrumb\"},\"inLanguage\":\"pt-BR\",\"potentialAction\":[{\"@type\":\"ReadAction\",\"target\":[\"https:\/\/www.gaveanews.com\/index.php\/2024\/11\/05\/esse-e-o-valor-gasto-pelo-fluminense-com-marcelo-durante-sua-passagem\/\"]}]},{\"@type\":\"ImageObject\",\"inLanguage\":\"pt-BR\",\"@id\":\"https:\/\/www.gaveanews.com\/index.php\/2024\/11\/05\/esse-e-o-valor-gasto-pelo-fluminense-com-marcelo-durante-sua-passagem\/#primaryimage\",\"url\":\"https:\/\/www.gaveanews.com\/wp-content\/uploads\/Marcelo-pelo-Fluminense.webp\",\"contentUrl\":\"https:\/\/www.gaveanews.com\/wp-content\/uploads\/Marcelo-pelo-Fluminense.webp\",\"width\":774,\"height\":436,\"caption\":\"Marcelo pelo Fluminense (Foto: Mailson Santana\/Fluminense)\"},{\"@type\":\"BreadcrumbList\",\"@id\":\"https:\/\/www.gaveanews.com\/index.php\/2024\/11\/05\/esse-e-o-valor-gasto-pelo-fluminense-com-marcelo-durante-sua-passagem\/#breadcrumb\",\"itemListElement\":[{\"@type\":\"ListItem\",\"position\":1,\"name\":\"Home\",\"item\":\"https:\/\/www.gaveanews.com\/\"},{\"@type\":\"ListItem\",\"position\":2,\"name\":\"Esse \u00e9 o valor gasto pelo Fluminense com Marcelo durante sua passagem\"}]},{\"@type\":\"WebSite\",\"@id\":\"https:\/\/www.gaveanews.com\/#website\",\"url\":\"https:\/\/www.gaveanews.com\/\",\"name\":\"G\u00e1vea News\",\"description\":\"Veja todas as not\u00edcias sobre o Flamengo: Contrata\u00e7\u00f5es, categorias de base, resultados das partidas, tabela de classifica\u00e7\u00e3o, pr\u00f3ximos jogos!\",\"potentialAction\":[{\"@type\":\"SearchAction\",\"target\":{\"@type\":\"EntryPoint\",\"urlTemplate\":\"https:\/\/www.gaveanews.com\/?s={search_term_string}\"},\"query-input\":{\"@type\":\"PropertyValueSpecification\",\"valueRequired\":true,\"valueName\":\"search_term_string\"}}],\"inLanguage\":\"pt-BR\"},{\"@type\":\"Person\",\"@id\":\"https:\/\/www.gaveanews.com\/#\/schema\/person\/bd08f00534b403119b92741a6d469ef0\",\"name\":\"Hudson Pereira\",\"image\":{\"@type\":\"ImageObject\",\"inLanguage\":\"pt-BR\",\"@id\":\"https:\/\/www.gaveanews.com\/#\/schema\/person\/image\/\",\"url\":\"https:\/\/secure.gravatar.com\/avatar\/ecc491b489e454e510efffc9b23c1052ce5fb4f2e05555768ba65819cd55f03e?s=96&d=mm&r=g\",\"contentUrl\":\"https:\/\/secure.gravatar.com\/avatar\/ecc491b489e454e510efffc9b23c1052ce5fb4f2e05555768ba65819cd55f03e?s=96&d=mm&r=g\",\"caption\":\"Hudson Pereira\"}}]}<\/script>\n<!-- \/ Yoast SEO Premium plugin. -->","yoast_head_json":{"title":"Esse \u00e9 o valor gasto pelo Fluminense com Marcelo durante sua passagem","robots":{"index":"index","follow":"follow","max-snippet":"max-snippet:-1","max-image-preview":"max-image-preview:large","max-video-preview":"max-video-preview:-1"},"canonical":"https:\/\/www.gaveanews.com\/index.php\/2024\/11\/05\/esse-e-o-valor-gasto-pelo-fluminense-com-marcelo-durante-sua-passagem\/","og_locale":"pt_BR","og_type":"article","og_title":"Esse \u00e9 o valor gasto pelo Fluminense com Marcelo durante sua passagem","og_description":"Fluminense e o lateral Marcelo oficializaram a rescis\u00e3o do contrato ap\u00f3s um desentendimento entre o jogador e o t\u00e9cnico Mano Menezes durante a partida contra o Gr\u00eamio, realizada na sexta-feira (1\u00ba). A situa\u00e7\u00e3o se desenvolveu rapidamente, resultando no fim do v\u00ednculo entre o atleta e o clube. Marcelo, formado nas categorias de base do Fluminense, [&hellip;]","og_url":"https:\/\/www.gaveanews.com\/index.php\/2024\/11\/05\/esse-e-o-valor-gasto-pelo-fluminense-com-marcelo-durante-sua-passagem\/","og_site_name":"G\u00e1vea News","article_publisher":"https:\/\/facebook.com\/gaveaNews\/","article_published_time":"2024-11-05T19:40:14+00:00","og_image":[{"width":774,"height":436,"url":"https:\/\/www.gaveanews.com\/wp-content\/uploads\/Marcelo-pelo-Fluminense.webp","type":"image\/jpeg"}],"author":"Hudson Pereira","twitter_card":"summary_large_image","twitter_misc":{"Escrito por":"Hudson Pereira","Est. tempo de leitura":"3 minutos"},"schema":{"@context":"https:\/\/schema.org","@graph":[{"@type":"NewsArticle","@id":"https:\/\/www.gaveanews.com\/index.php\/2024\/11\/05\/esse-e-o-valor-gasto-pelo-fluminense-com-marcelo-durante-sua-passagem\/#article","isPartOf":{"@id":"https:\/\/www.gaveanews.com\/index.php\/2024\/11\/05\/esse-e-o-valor-gasto-pelo-fluminense-com-marcelo-durante-sua-passagem\/"},"author":{"name":"Hudson Pereira","@id":"https:\/\/www.gaveanews.com\/#\/schema\/person\/bd08f00534b403119b92741a6d469ef0"},"headline":"Esse \u00e9 o valor gasto pelo Fluminense com Marcelo durante sua passagem","datePublished":"2024-11-05T19:40:14+00:00","mainEntityOfPage":{"@id":"https:\/\/www.gaveanews.com\/index.php\/2024\/11\/05\/esse-e-o-valor-gasto-pelo-fluminense-com-marcelo-durante-sua-passagem\/"},"wordCount":439,"commentCount":0,"image":{"@id":"https:\/\/www.gaveanews.com\/index.php\/2024\/11\/05\/esse-e-o-valor-gasto-pelo-fluminense-com-marcelo-durante-sua-passagem\/#primaryimage"},"thumbnailUrl":"https:\/\/www.gaveanews.com\/wp-content\/uploads\/Marcelo-pelo-Fluminense.webp","articleSection":["Fluminense"],"inLanguage":"pt-BR","potentialAction":[{"@type":"CommentAction","name":"Comment","target":["https:\/\/www.gaveanews.com\/index.php\/2024\/11\/05\/esse-e-o-valor-gasto-pelo-fluminense-com-marcelo-durante-sua-passagem\/#respond"]}],"copyrightYear":"2024","copyrightHolder":{"@id":"https:\/\/www.gaveanews.com\/#organization"}},{"@type":"WebPage","@id":"https:\/\/www.gaveanews.com\/index.php\/2024\/11\/05\/esse-e-o-valor-gasto-pelo-fluminense-com-marcelo-durante-sua-passagem\/","url":"https:\/\/www.gaveanews.com\/index.php\/2024\/11\/05\/esse-e-o-valor-gasto-pelo-fluminense-com-marcelo-durante-sua-passagem\/","name":"Esse \u00e9 o valor gasto pelo Fluminense com Marcelo durante sua passagem","isPartOf":{"@id":"https:\/\/www.gaveanews.com\/#website"},"primaryImageOfPage":{"@id":"https:\/\/www.gaveanews.com\/index.php\/2024\/11\/05\/esse-e-o-valor-gasto-pelo-fluminense-com-marcelo-durante-sua-passagem\/#primaryimage"},"image":{"@id":"https:\/\/www.gaveanews.com\/index.php\/2024\/11\/05\/esse-e-o-valor-gasto-pelo-fluminense-com-marcelo-durante-sua-passagem\/#primaryimage"},"thumbnailUrl":"https:\/\/www.gaveanews.com\/wp-content\/uploads\/Marcelo-pelo-Fluminense.webp","datePublished":"2024-11-05T19:40:14+00:00","author":{"@id":"https:\/\/www.gaveanews.com\/#\/schema\/person\/bd08f00534b403119b92741a6d469ef0"},"breadcrumb":{"@id":"https:\/\/www.gaveanews.com\/index.php\/2024\/11\/05\/esse-e-o-valor-gasto-pelo-fluminense-com-marcelo-durante-sua-passagem\/#breadcrumb"},"inLanguage":"pt-BR","potentialAction":[{"@type":"ReadAction","target":["https:\/\/www.gaveanews.com\/index.php\/2024\/11\/05\/esse-e-o-valor-gasto-pelo-fluminense-com-marcelo-durante-sua-passagem\/"]}]},{"@type":"ImageObject","inLanguage":"pt-BR","@id":"https:\/\/www.gaveanews.com\/index.php\/2024\/11\/05\/esse-e-o-valor-gasto-pelo-fluminense-com-marcelo-durante-sua-passagem\/#primaryimage","url":"https:\/\/www.gaveanews.com\/wp-content\/uploads\/Marcelo-pelo-Fluminense.webp","contentUrl":"https:\/\/www.gaveanews.com\/wp-content\/uploads\/Marcelo-pelo-Fluminense.webp","width":774,"height":436,"caption":"Marcelo pelo Fluminense (Foto: Mailson Santana\/Fluminense)"},{"@type":"BreadcrumbList","@id":"https:\/\/www.gaveanews.com\/index.php\/2024\/11\/05\/esse-e-o-valor-gasto-pelo-fluminense-com-marcelo-durante-sua-passagem\/#breadcrumb","itemListElement":[{"@type":"ListItem","position":1,"name":"Home","item":"https:\/\/www.gaveanews.com\/"},{"@type":"ListItem","position":2,"name":"Esse \u00e9 o valor gasto pelo Fluminense com Marcelo durante sua passagem"}]},{"@type":"WebSite","@id":"https:\/\/www.gaveanews.com\/#website","url":"https:\/\/www.gaveanews.com\/","name":"G\u00e1vea News","description":"Veja todas as not\u00edcias sobre o Flamengo: Contrata\u00e7\u00f5es, categorias de base, resultados das partidas, tabela de classifica\u00e7\u00e3o, pr\u00f3ximos jogos!","potentialAction":[{"@type":"SearchAction","target":{"@type":"EntryPoint","urlTemplate":"https:\/\/www.gaveanews.com\/?s={search_term_string}"},"query-input":{"@type":"PropertyValueSpecification","valueRequired":true,"valueName":"search_term_string"}}],"inLanguage":"pt-BR"},{"@type":"Person","@id":"https:\/\/www.gaveanews.com\/#\/schema\/person\/bd08f00534b403119b92741a6d469ef0","name":"Hudson Pereira","image":{"@type":"ImageObject","inLanguage":"pt-BR","@id":"https:\/\/www.gaveanews.com\/#\/schema\/person\/image\/","url":"https:\/\/secure.gravatar.com\/avatar\/ecc491b489e454e510efffc9b23c1052ce5fb4f2e05555768ba65819cd55f03e?s=96&d=mm&r=g","contentUrl":"https:\/\/secure.gravatar.com\/avatar\/ecc491b489e454e510efffc9b23c1052ce5fb4f2e05555768ba65819cd55f03e?s=96&d=mm&r=g","caption":"Hudson Pereira"}}]}},"_links":{"self":[{"href":"https:\/\/www.gaveanews.com\/index.php\/wp-json\/wp\/v2\/posts\/181320","targetHints":{"allow":["GET"]}}],"collection":[{"href":"https:\/\/www.gaveanews.com\/index.php\/wp-json\/wp\/v2\/posts"}],"about":[{"href":"https:\/\/www.gaveanews.com\/index.php\/wp-json\/wp\/v2\/types\/post"}],"author":[{"embeddable":true,"href":"https:\/\/www.gaveanews.com\/index.php\/wp-json\/wp\/v2\/users\/28"}],"replies":[{"embeddable":true,"href":"https:\/\/www.gaveanews.com\/index.php\/wp-json\/wp\/v2\/comments?post=181320"}],"version-history":[{"count":1,"href":"https:\/\/www.gaveanews.com\/index.php\/wp-json\/wp\/v2\/posts\/181320\/revisions"}],"predecessor-version":[{"id":181336,"href":"https:\/\/www.gaveanews.com\/index.php\/wp-json\/wp\/v2\/posts\/181320\/revisions\/181336"}],"wp:featuredmedia":[{"embeddable":true,"href":"https:\/\/www.gaveanews.com\/index.php\/wp-json\/wp\/v2\/media\/167658"}],"wp:attachment":[{"href":"https:\/\/www.gaveanews.com\/index.php\/wp-json\/wp\/v2\/media?parent=181320"}],"wp:term":[{"taxonomy":"category","embeddable":true,"href":"https:\/\/www.gaveanews.com\/index.php\/wp-json\/wp\/v2\/categories?post=181320"},{"taxonomy":"post_tag","embeddable":true,"href":"https:\/\/www.gaveanews.com\/index.php\/wp-json\/wp\/v2\/tags?post=181320"}],"curies":[{"name":"wp","href":"https:\/\/api.w.org\/{rel}","templated":true}]}}