{"id":181341,"date":"2024-11-05T12:30:00","date_gmt":"2024-11-05T15:30:00","guid":{"rendered":"https:\/\/www.gaveanews.com\/?p=181341"},"modified":"2024-11-05T11:30:03","modified_gmt":"2024-11-05T14:30:03","slug":"a-publicacao-de-vini-jr-direcionada-ao-flamengo-na-final-da-copa-do-brasil","status":"publish","type":"post","link":"https:\/\/www.gaveanews.com\/index.php\/2024\/11\/05\/a-publicacao-de-vini-jr-direcionada-ao-flamengo-na-final-da-copa-do-brasil\/","title":{"rendered":"A publica\u00e7\u00e3o de Vini Jr direcionada ao Flamengo na final da Copa do Brasil"},"content":{"rendered":"\n<p>Momentos antes do in\u00edcio da partida entre Flamengo e Atl\u00e9tico-MG, pelo jogo de ida da final da Copa do Brasil, no \u00faltimo domingo (3), no Maracan\u00e3, Vini Jr usou as redes sociais para enviar um recado de apoio ao Rubro-Negro.<\/p>\n\n\n\n<ul class=\"wp-block-list\">\n<li><strong><a href=\"https:\/\/www.gaveanews.com\/wp-admin\/post.php?post=181341&amp;action=edit\">V\u00eddeo: a declara\u00e7\u00e3o de Wesley envolvendo Gabigol<\/a><\/strong><\/li>\n\n\n\n<li><strong><a href=\"https:\/\/www.gaveanews.com\/index.php\/2024\/11\/04\/atletico-mg-x-flamengo-apenas-um-time-reverteu-desvantagem-similar-em-finais-da-copa-do-brasil\/?utm_source=terra_capa_parceiros&amp;utm_medium=referral\">Atl\u00e9tico-MG x Flamengo: apenas um time reverteu desvantagem similar em finais da Copa do Brasil<\/a><\/strong><\/li>\n<\/ul>\n\n\n\n<p>O atacante do Real Madrid, revelado nas categorias de base do Flamengo, mant\u00e9m viva a conex\u00e3o com o clube que o projetou e fez quest\u00e3o de demonstrar seu carinho. &#8220;Vamos, Flamengo!&#8221;, escreveu o jogador, em uma postagem que rapidamente conquistou milhares de curtidas e coment\u00e1rios dos torcedores.<\/p>\n\n\n\n<p>Vini Jr, que estreou pelo Flamengo em 2017, com apenas 16 anos, teve uma trajet\u00f3ria curta e intensa no clube carioca. Logo em seus primeiros jogos, mostrou o potencial que o levaria \u00e0 Europa, sendo pe\u00e7a importante na conquista do Campeonato Carioca daquele ano. Seu talento logo chamou a aten\u00e7\u00e3o do Real Madrid, que fechou a contrata\u00e7\u00e3o do atacante em 2018 por 45 milh\u00f5es de euros (cerca de R$ 274 milh\u00f5es na cota\u00e7\u00e3o atual), ainda quando ele era uma promessa da base.<\/p>\n\n\n\n<p>Desde sua chegada ao futebol espanhol, Vini Jr conquistou o cora\u00e7\u00e3o dos torcedores madrilenhos e se consolidou como um dos principais jogadores do elenco de Carlo Ancelotti. Com dribles r\u00e1pidos e presen\u00e7a ofensiva, o atacante se tornou decisivo nas principais competi\u00e7\u00f5es. Em 2022, foi crucial para o t\u00edtulo da Champions League, marcando o gol da vit\u00f3ria na final contra o Liverpool. J\u00e1 em 2024, voltou a brilhar na decis\u00e3o, repetindo o protagonismo e ajudando o Real Madrid a conquistar mais uma Champions.<\/p>\n\n\n\n<p>A rela\u00e7\u00e3o de Vini Jr com o Flamengo, no entanto, sempre foi especial. Mesmo distante, o jogador n\u00e3o esconde a torcida pelo Rubro-Negro e frequentemente publica mensagens de apoio em momentos importantes para o clube carioca. Essa liga\u00e7\u00e3o com a torcida e com o time que o revelou \u00e9 motivo de orgulho tanto para o atleta quanto para os flamenguistas, que veem em Vini Jr um exemplo de sucesso e uma representa\u00e7\u00e3o do potencial das categorias de base do clube.<\/p>\n\n\n\n<p>O Flamengo venceu o Atl\u00e9tico-MG pelo placar de 3 a 1, em um jogo empolgante e de muito dinamismo. A vit\u00f3ria deu vantagem ao Mais Querido que larga na frente rumo ao pentacampeonato. <\/p>\n\n\n\n<p>O confronto de volta est\u00e1 marcado para as 16h (de Bras\u00edlia) e ser\u00e1 transmitido pela TV Globo, SporTV e Prime Video. J\u00e1 o jogo de volta, que definir\u00e1 o campe\u00e3o, ser\u00e1 realizado no pr\u00f3ximo domingo (10), na Arena MRV, em Belo Horizonte.<\/p>\n","protected":false},"excerpt":{"rendered":"<p>Momentos antes do in\u00edcio da partida entre Flamengo e Atl\u00e9tico-MG, pelo jogo de ida da final da Copa do Brasil, no \u00faltimo domingo (3), no Maracan\u00e3, Vini Jr usou as redes sociais para enviar um recado de apoio ao Rubro-Negro. O atacante do Real Madrid, revelado nas categorias de base do Flamengo, mant\u00e9m viva a [&hellip;]<\/p>\n","protected":false},"author":23,"featured_media":151089,"comment_status":"open","ping_status":"closed","sticky":false,"template":"","format":"standard","meta":{"footnotes":""},"categories":[1],"tags":[],"class_list":["post-181341","post","type-post","status-publish","format-standard","has-post-thumbnail","hentry","category-flamengo"],"yoast_head":"<!-- This site is optimized with the Yoast SEO Premium plugin v24.2 (Yoast SEO v26.9) - https:\/\/yoast.com\/product\/yoast-seo-premium-wordpress\/ -->\n<title>A publica\u00e7\u00e3o de Vini Jr direcionada ao Flamengo na final da Copa do Brasil<\/title>\n<meta name=\"robots\" content=\"index, follow, max-snippet:-1, max-image-preview:large, max-video-preview:-1\" \/>\n<link rel=\"canonical\" href=\"https:\/\/www.gaveanews.com\/index.php\/2024\/11\/05\/a-publicacao-de-vini-jr-direcionada-ao-flamengo-na-final-da-copa-do-brasil\/\" \/>\n<meta property=\"og:locale\" content=\"pt_BR\" \/>\n<meta property=\"og:type\" content=\"article\" \/>\n<meta property=\"og:title\" content=\"A publica\u00e7\u00e3o de Vini Jr direcionada ao Flamengo na final da Copa do Brasil\" \/>\n<meta property=\"og:description\" content=\"Momentos antes do in\u00edcio da partida entre Flamengo e Atl\u00e9tico-MG, pelo jogo de ida da final da Copa do Brasil, no \u00faltimo domingo (3), no Maracan\u00e3, Vini Jr usou as redes sociais para enviar um recado de apoio ao Rubro-Negro. O atacante do Real Madrid, revelado nas categorias de base do Flamengo, mant\u00e9m viva a [&hellip;]\" \/>\n<meta property=\"og:url\" content=\"https:\/\/www.gaveanews.com\/index.php\/2024\/11\/05\/a-publicacao-de-vini-jr-direcionada-ao-flamengo-na-final-da-copa-do-brasil\/\" \/>\n<meta property=\"og:site_name\" content=\"G\u00e1vea News\" \/>\n<meta property=\"article:publisher\" content=\"https:\/\/facebook.com\/gaveaNews\/\" \/>\n<meta property=\"article:published_time\" content=\"2024-11-05T15:30:00+00:00\" \/>\n<meta property=\"og:image\" content=\"https:\/\/www.gaveanews.com\/wp-content\/uploads\/Torcida-do-Flamengo-no-estadio-do-Maracana.webp\" \/>\n\t<meta property=\"og:image:width\" content=\"1220\" \/>\n\t<meta property=\"og:image:height\" content=\"674\" \/>\n\t<meta property=\"og:image:type\" content=\"image\/jpeg\" \/>\n<meta name=\"author\" content=\"Leandro Azevedo\" \/>\n<meta name=\"twitter:card\" content=\"summary_large_image\" \/>\n<meta name=\"twitter:label1\" content=\"Escrito por\" \/>\n\t<meta name=\"twitter:data1\" content=\"Leandro Azevedo\" \/>\n\t<meta name=\"twitter:label2\" content=\"Est. tempo de leitura\" \/>\n\t<meta name=\"twitter:data2\" content=\"3 minutos\" \/>\n<script type=\"application\/ld+json\" class=\"yoast-schema-graph\">{\"@context\":\"https:\/\/schema.org\",\"@graph\":[{\"@type\":\"NewsArticle\",\"@id\":\"https:\/\/www.gaveanews.com\/index.php\/2024\/11\/05\/a-publicacao-de-vini-jr-direcionada-ao-flamengo-na-final-da-copa-do-brasil\/#article\",\"isPartOf\":{\"@id\":\"https:\/\/www.gaveanews.com\/index.php\/2024\/11\/05\/a-publicacao-de-vini-jr-direcionada-ao-flamengo-na-final-da-copa-do-brasil\/\"},\"author\":{\"name\":\"Leandro Azevedo\",\"@id\":\"https:\/\/www.gaveanews.com\/#\/schema\/person\/2877169f354c4596cf5aab74ea7c56a8\"},\"headline\":\"A publica\u00e7\u00e3o de Vini Jr direcionada ao Flamengo na final da Copa do Brasil\",\"datePublished\":\"2024-11-05T15:30:00+00:00\",\"mainEntityOfPage\":{\"@id\":\"https:\/\/www.gaveanews.com\/index.php\/2024\/11\/05\/a-publicacao-de-vini-jr-direcionada-ao-flamengo-na-final-da-copa-do-brasil\/\"},\"wordCount\":462,\"commentCount\":0,\"image\":{\"@id\":\"https:\/\/www.gaveanews.com\/index.php\/2024\/11\/05\/a-publicacao-de-vini-jr-direcionada-ao-flamengo-na-final-da-copa-do-brasil\/#primaryimage\"},\"thumbnailUrl\":\"https:\/\/www.gaveanews.com\/wp-content\/uploads\/Torcida-do-Flamengo-no-estadio-do-Maracana.webp\",\"articleSection\":[\"Flamengo\"],\"inLanguage\":\"pt-BR\",\"potentialAction\":[{\"@type\":\"CommentAction\",\"name\":\"Comment\",\"target\":[\"https:\/\/www.gaveanews.com\/index.php\/2024\/11\/05\/a-publicacao-de-vini-jr-direcionada-ao-flamengo-na-final-da-copa-do-brasil\/#respond\"]}],\"copyrightYear\":\"2024\",\"copyrightHolder\":{\"@id\":\"https:\/\/www.gaveanews.com\/#organization\"}},{\"@type\":\"WebPage\",\"@id\":\"https:\/\/www.gaveanews.com\/index.php\/2024\/11\/05\/a-publicacao-de-vini-jr-direcionada-ao-flamengo-na-final-da-copa-do-brasil\/\",\"url\":\"https:\/\/www.gaveanews.com\/index.php\/2024\/11\/05\/a-publicacao-de-vini-jr-direcionada-ao-flamengo-na-final-da-copa-do-brasil\/\",\"name\":\"A publica\u00e7\u00e3o de Vini Jr direcionada ao Flamengo na final da Copa do Brasil\",\"isPartOf\":{\"@id\":\"https:\/\/www.gaveanews.com\/#website\"},\"primaryImageOfPage\":{\"@id\":\"https:\/\/www.gaveanews.com\/index.php\/2024\/11\/05\/a-publicacao-de-vini-jr-direcionada-ao-flamengo-na-final-da-copa-do-brasil\/#primaryimage\"},\"image\":{\"@id\":\"https:\/\/www.gaveanews.com\/index.php\/2024\/11\/05\/a-publicacao-de-vini-jr-direcionada-ao-flamengo-na-final-da-copa-do-brasil\/#primaryimage\"},\"thumbnailUrl\":\"https:\/\/www.gaveanews.com\/wp-content\/uploads\/Torcida-do-Flamengo-no-estadio-do-Maracana.webp\",\"datePublished\":\"2024-11-05T15:30:00+00:00\",\"author\":{\"@id\":\"https:\/\/www.gaveanews.com\/#\/schema\/person\/2877169f354c4596cf5aab74ea7c56a8\"},\"breadcrumb\":{\"@id\":\"https:\/\/www.gaveanews.com\/index.php\/2024\/11\/05\/a-publicacao-de-vini-jr-direcionada-ao-flamengo-na-final-da-copa-do-brasil\/#breadcrumb\"},\"inLanguage\":\"pt-BR\",\"potentialAction\":[{\"@type\":\"ReadAction\",\"target\":[\"https:\/\/www.gaveanews.com\/index.php\/2024\/11\/05\/a-publicacao-de-vini-jr-direcionada-ao-flamengo-na-final-da-copa-do-brasil\/\"]}]},{\"@type\":\"ImageObject\",\"inLanguage\":\"pt-BR\",\"@id\":\"https:\/\/www.gaveanews.com\/index.php\/2024\/11\/05\/a-publicacao-de-vini-jr-direcionada-ao-flamengo-na-final-da-copa-do-brasil\/#primaryimage\",\"url\":\"https:\/\/www.gaveanews.com\/wp-content\/uploads\/Torcida-do-Flamengo-no-estadio-do-Maracana.webp\",\"contentUrl\":\"https:\/\/www.gaveanews.com\/wp-content\/uploads\/Torcida-do-Flamengo-no-estadio-do-Maracana.webp\",\"width\":1220,\"height\":674,\"caption\":\"Torcida do Flamengo no est\u00e1dio do Maracan\u00e3 (Foto: Paula Reis)\"},{\"@type\":\"BreadcrumbList\",\"@id\":\"https:\/\/www.gaveanews.com\/index.php\/2024\/11\/05\/a-publicacao-de-vini-jr-direcionada-ao-flamengo-na-final-da-copa-do-brasil\/#breadcrumb\",\"itemListElement\":[{\"@type\":\"ListItem\",\"position\":1,\"name\":\"Home\",\"item\":\"https:\/\/www.gaveanews.com\/\"},{\"@type\":\"ListItem\",\"position\":2,\"name\":\"A publica\u00e7\u00e3o de Vini Jr direcionada ao Flamengo na final da Copa do Brasil\"}]},{\"@type\":\"WebSite\",\"@id\":\"https:\/\/www.gaveanews.com\/#website\",\"url\":\"https:\/\/www.gaveanews.com\/\",\"name\":\"G\u00e1vea News\",\"description\":\"Veja todas as not\u00edcias sobre o Flamengo: Contrata\u00e7\u00f5es, categorias de base, resultados das partidas, tabela de classifica\u00e7\u00e3o, pr\u00f3ximos jogos!\",\"potentialAction\":[{\"@type\":\"SearchAction\",\"target\":{\"@type\":\"EntryPoint\",\"urlTemplate\":\"https:\/\/www.gaveanews.com\/?s={search_term_string}\"},\"query-input\":{\"@type\":\"PropertyValueSpecification\",\"valueRequired\":true,\"valueName\":\"search_term_string\"}}],\"inLanguage\":\"pt-BR\"},{\"@type\":\"Person\",\"@id\":\"https:\/\/www.gaveanews.com\/#\/schema\/person\/2877169f354c4596cf5aab74ea7c56a8\",\"name\":\"Leandro Azevedo\",\"image\":{\"@type\":\"ImageObject\",\"inLanguage\":\"pt-BR\",\"@id\":\"https:\/\/www.gaveanews.com\/#\/schema\/person\/image\/\",\"url\":\"https:\/\/secure.gravatar.com\/avatar\/e2f72eb6d986a41d592a85e4e36a6c6170e9ea8a1f433dfc29d0011a8968f89c?s=96&d=mm&r=g\",\"contentUrl\":\"https:\/\/secure.gravatar.com\/avatar\/e2f72eb6d986a41d592a85e4e36a6c6170e9ea8a1f433dfc29d0011a8968f89c?s=96&d=mm&r=g\",\"caption\":\"Leandro Azevedo\"}}]}<\/script>\n<!-- \/ Yoast SEO Premium plugin. -->","yoast_head_json":{"title":"A publica\u00e7\u00e3o de Vini Jr direcionada ao Flamengo na final da Copa do Brasil","robots":{"index":"index","follow":"follow","max-snippet":"max-snippet:-1","max-image-preview":"max-image-preview:large","max-video-preview":"max-video-preview:-1"},"canonical":"https:\/\/www.gaveanews.com\/index.php\/2024\/11\/05\/a-publicacao-de-vini-jr-direcionada-ao-flamengo-na-final-da-copa-do-brasil\/","og_locale":"pt_BR","og_type":"article","og_title":"A publica\u00e7\u00e3o de Vini Jr direcionada ao Flamengo na final da Copa do Brasil","og_description":"Momentos antes do in\u00edcio da partida entre Flamengo e Atl\u00e9tico-MG, pelo jogo de ida da final da Copa do Brasil, no \u00faltimo domingo (3), no Maracan\u00e3, Vini Jr usou as redes sociais para enviar um recado de apoio ao Rubro-Negro. O atacante do Real Madrid, revelado nas categorias de base do Flamengo, mant\u00e9m viva a [&hellip;]","og_url":"https:\/\/www.gaveanews.com\/index.php\/2024\/11\/05\/a-publicacao-de-vini-jr-direcionada-ao-flamengo-na-final-da-copa-do-brasil\/","og_site_name":"G\u00e1vea News","article_publisher":"https:\/\/facebook.com\/gaveaNews\/","article_published_time":"2024-11-05T15:30:00+00:00","og_image":[{"width":1220,"height":674,"url":"https:\/\/www.gaveanews.com\/wp-content\/uploads\/Torcida-do-Flamengo-no-estadio-do-Maracana.webp","type":"image\/jpeg"}],"author":"Leandro Azevedo","twitter_card":"summary_large_image","twitter_misc":{"Escrito por":"Leandro Azevedo","Est. tempo de leitura":"3 minutos"},"schema":{"@context":"https:\/\/schema.org","@graph":[{"@type":"NewsArticle","@id":"https:\/\/www.gaveanews.com\/index.php\/2024\/11\/05\/a-publicacao-de-vini-jr-direcionada-ao-flamengo-na-final-da-copa-do-brasil\/#article","isPartOf":{"@id":"https:\/\/www.gaveanews.com\/index.php\/2024\/11\/05\/a-publicacao-de-vini-jr-direcionada-ao-flamengo-na-final-da-copa-do-brasil\/"},"author":{"name":"Leandro Azevedo","@id":"https:\/\/www.gaveanews.com\/#\/schema\/person\/2877169f354c4596cf5aab74ea7c56a8"},"headline":"A publica\u00e7\u00e3o de Vini Jr direcionada ao Flamengo na final da Copa do Brasil","datePublished":"2024-11-05T15:30:00+00:00","mainEntityOfPage":{"@id":"https:\/\/www.gaveanews.com\/index.php\/2024\/11\/05\/a-publicacao-de-vini-jr-direcionada-ao-flamengo-na-final-da-copa-do-brasil\/"},"wordCount":462,"commentCount":0,"image":{"@id":"https:\/\/www.gaveanews.com\/index.php\/2024\/11\/05\/a-publicacao-de-vini-jr-direcionada-ao-flamengo-na-final-da-copa-do-brasil\/#primaryimage"},"thumbnailUrl":"https:\/\/www.gaveanews.com\/wp-content\/uploads\/Torcida-do-Flamengo-no-estadio-do-Maracana.webp","articleSection":["Flamengo"],"inLanguage":"pt-BR","potentialAction":[{"@type":"CommentAction","name":"Comment","target":["https:\/\/www.gaveanews.com\/index.php\/2024\/11\/05\/a-publicacao-de-vini-jr-direcionada-ao-flamengo-na-final-da-copa-do-brasil\/#respond"]}],"copyrightYear":"2024","copyrightHolder":{"@id":"https:\/\/www.gaveanews.com\/#organization"}},{"@type":"WebPage","@id":"https:\/\/www.gaveanews.com\/index.php\/2024\/11\/05\/a-publicacao-de-vini-jr-direcionada-ao-flamengo-na-final-da-copa-do-brasil\/","url":"https:\/\/www.gaveanews.com\/index.php\/2024\/11\/05\/a-publicacao-de-vini-jr-direcionada-ao-flamengo-na-final-da-copa-do-brasil\/","name":"A publica\u00e7\u00e3o de Vini Jr direcionada ao Flamengo na final da Copa do Brasil","isPartOf":{"@id":"https:\/\/www.gaveanews.com\/#website"},"primaryImageOfPage":{"@id":"https:\/\/www.gaveanews.com\/index.php\/2024\/11\/05\/a-publicacao-de-vini-jr-direcionada-ao-flamengo-na-final-da-copa-do-brasil\/#primaryimage"},"image":{"@id":"https:\/\/www.gaveanews.com\/index.php\/2024\/11\/05\/a-publicacao-de-vini-jr-direcionada-ao-flamengo-na-final-da-copa-do-brasil\/#primaryimage"},"thumbnailUrl":"https:\/\/www.gaveanews.com\/wp-content\/uploads\/Torcida-do-Flamengo-no-estadio-do-Maracana.webp","datePublished":"2024-11-05T15:30:00+00:00","author":{"@id":"https:\/\/www.gaveanews.com\/#\/schema\/person\/2877169f354c4596cf5aab74ea7c56a8"},"breadcrumb":{"@id":"https:\/\/www.gaveanews.com\/index.php\/2024\/11\/05\/a-publicacao-de-vini-jr-direcionada-ao-flamengo-na-final-da-copa-do-brasil\/#breadcrumb"},"inLanguage":"pt-BR","potentialAction":[{"@type":"ReadAction","target":["https:\/\/www.gaveanews.com\/index.php\/2024\/11\/05\/a-publicacao-de-vini-jr-direcionada-ao-flamengo-na-final-da-copa-do-brasil\/"]}]},{"@type":"ImageObject","inLanguage":"pt-BR","@id":"https:\/\/www.gaveanews.com\/index.php\/2024\/11\/05\/a-publicacao-de-vini-jr-direcionada-ao-flamengo-na-final-da-copa-do-brasil\/#primaryimage","url":"https:\/\/www.gaveanews.com\/wp-content\/uploads\/Torcida-do-Flamengo-no-estadio-do-Maracana.webp","contentUrl":"https:\/\/www.gaveanews.com\/wp-content\/uploads\/Torcida-do-Flamengo-no-estadio-do-Maracana.webp","width":1220,"height":674,"caption":"Torcida do Flamengo no est\u00e1dio do Maracan\u00e3 (Foto: Paula Reis)"},{"@type":"BreadcrumbList","@id":"https:\/\/www.gaveanews.com\/index.php\/2024\/11\/05\/a-publicacao-de-vini-jr-direcionada-ao-flamengo-na-final-da-copa-do-brasil\/#breadcrumb","itemListElement":[{"@type":"ListItem","position":1,"name":"Home","item":"https:\/\/www.gaveanews.com\/"},{"@type":"ListItem","position":2,"name":"A publica\u00e7\u00e3o de Vini Jr direcionada ao Flamengo na final da Copa do Brasil"}]},{"@type":"WebSite","@id":"https:\/\/www.gaveanews.com\/#website","url":"https:\/\/www.gaveanews.com\/","name":"G\u00e1vea News","description":"Veja todas as not\u00edcias sobre o Flamengo: Contrata\u00e7\u00f5es, categorias de base, resultados das partidas, tabela de classifica\u00e7\u00e3o, pr\u00f3ximos jogos!","potentialAction":[{"@type":"SearchAction","target":{"@type":"EntryPoint","urlTemplate":"https:\/\/www.gaveanews.com\/?s={search_term_string}"},"query-input":{"@type":"PropertyValueSpecification","valueRequired":true,"valueName":"search_term_string"}}],"inLanguage":"pt-BR"},{"@type":"Person","@id":"https:\/\/www.gaveanews.com\/#\/schema\/person\/2877169f354c4596cf5aab74ea7c56a8","name":"Leandro Azevedo","image":{"@type":"ImageObject","inLanguage":"pt-BR","@id":"https:\/\/www.gaveanews.com\/#\/schema\/person\/image\/","url":"https:\/\/secure.gravatar.com\/avatar\/e2f72eb6d986a41d592a85e4e36a6c6170e9ea8a1f433dfc29d0011a8968f89c?s=96&d=mm&r=g","contentUrl":"https:\/\/secure.gravatar.com\/avatar\/e2f72eb6d986a41d592a85e4e36a6c6170e9ea8a1f433dfc29d0011a8968f89c?s=96&d=mm&r=g","caption":"Leandro Azevedo"}}]}},"_links":{"self":[{"href":"https:\/\/www.gaveanews.com\/index.php\/wp-json\/wp\/v2\/posts\/181341","targetHints":{"allow":["GET"]}}],"collection":[{"href":"https:\/\/www.gaveanews.com\/index.php\/wp-json\/wp\/v2\/posts"}],"about":[{"href":"https:\/\/www.gaveanews.com\/index.php\/wp-json\/wp\/v2\/types\/post"}],"author":[{"embeddable":true,"href":"https:\/\/www.gaveanews.com\/index.php\/wp-json\/wp\/v2\/users\/23"}],"replies":[{"embeddable":true,"href":"https:\/\/www.gaveanews.com\/index.php\/wp-json\/wp\/v2\/comments?post=181341"}],"version-history":[{"count":2,"href":"https:\/\/www.gaveanews.com\/index.php\/wp-json\/wp\/v2\/posts\/181341\/revisions"}],"predecessor-version":[{"id":181501,"href":"https:\/\/www.gaveanews.com\/index.php\/wp-json\/wp\/v2\/posts\/181341\/revisions\/181501"}],"wp:featuredmedia":[{"embeddable":true,"href":"https:\/\/www.gaveanews.com\/index.php\/wp-json\/wp\/v2\/media\/151089"}],"wp:attachment":[{"href":"https:\/\/www.gaveanews.com\/index.php\/wp-json\/wp\/v2\/media?parent=181341"}],"wp:term":[{"taxonomy":"category","embeddable":true,"href":"https:\/\/www.gaveanews.com\/index.php\/wp-json\/wp\/v2\/categories?post=181341"},{"taxonomy":"post_tag","embeddable":true,"href":"https:\/\/www.gaveanews.com\/index.php\/wp-json\/wp\/v2\/tags?post=181341"}],"curies":[{"name":"wp","href":"https:\/\/api.w.org\/{rel}","templated":true}]}}