{"id":181408,"date":"2024-11-06T22:10:00","date_gmt":"2024-11-07T01:10:00","guid":{"rendered":"https:\/\/www.gaveanews.com\/?p=181408"},"modified":"2024-11-06T21:48:12","modified_gmt":"2024-11-07T00:48:12","slug":"treino-do-botafogo-e-marcado-por-dois-retornos","status":"publish","type":"post","link":"https:\/\/www.gaveanews.com\/index.php\/2024\/11\/06\/treino-do-botafogo-e-marcado-por-dois-retornos\/","title":{"rendered":"Treino do Botafogo \u00e9 marcado por dois retornos"},"content":{"rendered":"\n<h2 class=\"wp-block-heading\" id=\"h-botafogo-foca-no-brasileirao-com-reforcos-e-mudancas-no-time\">Botafogo foca no Brasileir\u00e3o com refor\u00e7os e mudan\u00e7as no time<\/h2>\n\n\n\n<p>Ap\u00f3s a classifica\u00e7\u00e3o para a final da Libertadores, o Botafogo concentra suas aten\u00e7\u00f5es na reta final do Campeonato Brasileiro. O pr\u00f3ximo desafio \u00e9 contra o Vasco, pela 32\u00aa rodada, marcado para quarta-feira, \u00e0s 21h30, no Est\u00e1dio Nilton Santos.<\/p>\n\n\n\n<ul class=\"wp-block-list\">\n<li><a href=\"https:\/\/www.gaveanews.com\/index.php\/2024\/11\/04\/ele-assinou-com-o-botafogo-ate-2027\/\">Ele assinou com o Botafogo at\u00e9 2027<\/a><\/li>\n\n\n\n<li><a href=\"https:\/\/www.gaveanews.com\/index.php\/2024\/11\/03\/tres-jogadores-do-botafogo-ja-disputaram-uma-final-da-copa-libertadores\/\">Tr\u00eas jogadores do Botafogo j\u00e1 disputaram uma final da Copa Libertadores<\/a><\/li>\n<\/ul>\n\n\n\n<p>Com 64 pontos e aproveitamento de 68%, o time lidera a competi\u00e7\u00e3o, seguido de perto pelo Palmeiras, que perdeu para o Corinthians e abriu a chance para o Botafogo aumentar a vantagem para seis pontos.<\/p>\n\n\n\n<p>Jeffinho e J\u00fanior Santos, recuperados de les\u00e3o, participaram dos treinos com o elenco, indicando que est\u00e3o pr\u00f3ximos do retorno. Jeffinho est\u00e1 afastado desde maio, quando marcou o gol que garantiu a classifica\u00e7\u00e3o na fase de grupos da Libertadores, contra o Universitario, no Peru. J\u00fanior Santos sofreu uma fratura na t\u00edbia em julho, voltou a atuar contra o Gr\u00eamio, mas precisou ser afastado novamente devido a dores. Agora, o atacante est\u00e1 pronto para contribuir nesta fase decisiva.<\/p>\n\n\n\n<p>Para o cl\u00e1ssico contra o Vasco, o t\u00e9cnico Artur Jorge n\u00e3o contar\u00e1 com o zagueiro Bastos, suspenso por ter recebido o terceiro cart\u00e3o amarelo. Adryelson dever\u00e1 substitu\u00ed-lo na defesa, atuando ao lado de Barboza. Com exce\u00e7\u00e3o dessa altera\u00e7\u00e3o, o treinador planeja escalar o time completo. No \u00faltimo confronto contra o Pe\u00f1arol, pela Libertadores, cinco jogadores foram poupados, entre eles Barboza, Gregore, Thiago Almada, Luiz Henrique e Igor Jesus, mas todos devem estar dispon\u00edveis para o pr\u00f3ximo jogo.<\/p>\n\n\n\n<p>A escala\u00e7\u00e3o prov\u00e1vel para enfrentar o Vasco \u00e9: John no gol; Vitinho, Adryelson, Barboza e Alex Telles formando a linha de defesa; Gregore e Marlon Freitas como volantes; Luiz Henrique, Savarino e Thiago Almada no meio-campo ofensivo; Igor Jesus no ataque.<\/p>\n\n\n\n<p>O Botafogo entra em campo com a possibilidade de consolidar sua lideran\u00e7a no Brasileiro, enquanto se prepara para a grande final da Libertadores. O momento \u00e9 decisivo, e o time busca garantir o t\u00edtulo nacional com o elenco refor\u00e7ado.<\/p>\n","protected":false},"excerpt":{"rendered":"<p>Botafogo foca no Brasileir\u00e3o com refor\u00e7os e mudan\u00e7as no time Ap\u00f3s a classifica\u00e7\u00e3o para a final da Libertadores, o Botafogo concentra suas aten\u00e7\u00f5es na reta final do Campeonato Brasileiro. O pr\u00f3ximo desafio \u00e9 contra o Vasco, pela 32\u00aa rodada, marcado para quarta-feira, \u00e0s 21h30, no Est\u00e1dio Nilton Santos. Com 64 pontos e aproveitamento de 68%, [&hellip;]<\/p>\n","protected":false},"author":20,"featured_media":154845,"comment_status":"open","ping_status":"closed","sticky":false,"template":"","format":"standard","meta":{"footnotes":""},"categories":[138],"tags":[],"class_list":["post-181408","post","type-post","status-publish","format-standard","has-post-thumbnail","hentry","category-botafogo"],"yoast_head":"<!-- This site is optimized with the Yoast SEO Premium plugin v24.2 (Yoast SEO v26.9) - https:\/\/yoast.com\/product\/yoast-seo-premium-wordpress\/ -->\n<title>Treino do Botafogo \u00e9 marcado por dois retornos<\/title>\n<meta name=\"robots\" content=\"index, follow, max-snippet:-1, max-image-preview:large, max-video-preview:-1\" \/>\n<link rel=\"canonical\" href=\"https:\/\/www.gaveanews.com\/index.php\/2024\/11\/06\/treino-do-botafogo-e-marcado-por-dois-retornos\/\" \/>\n<meta property=\"og:locale\" content=\"pt_BR\" \/>\n<meta property=\"og:type\" content=\"article\" \/>\n<meta property=\"og:title\" content=\"Treino do Botafogo \u00e9 marcado por dois retornos\" \/>\n<meta property=\"og:description\" content=\"Botafogo foca no Brasileir\u00e3o com refor\u00e7os e mudan\u00e7as no time Ap\u00f3s a classifica\u00e7\u00e3o para a final da Libertadores, o Botafogo concentra suas aten\u00e7\u00f5es na reta final do Campeonato Brasileiro. O pr\u00f3ximo desafio \u00e9 contra o Vasco, pela 32\u00aa rodada, marcado para quarta-feira, \u00e0s 21h30, no Est\u00e1dio Nilton Santos. Com 64 pontos e aproveitamento de 68%, [&hellip;]\" \/>\n<meta property=\"og:url\" content=\"https:\/\/www.gaveanews.com\/index.php\/2024\/11\/06\/treino-do-botafogo-e-marcado-por-dois-retornos\/\" \/>\n<meta property=\"og:site_name\" content=\"G\u00e1vea News\" \/>\n<meta property=\"article:publisher\" content=\"https:\/\/facebook.com\/gaveaNews\/\" \/>\n<meta property=\"article:published_time\" content=\"2024-11-07T01:10:00+00:00\" \/>\n<meta property=\"og:image\" content=\"https:\/\/www.gaveanews.com\/wp-content\/uploads\/Junior-Santos-com-a-camisa-do-Botafogo-em-2024.webp\" \/>\n\t<meta property=\"og:image:width\" content=\"1242\" \/>\n\t<meta property=\"og:image:height\" content=\"932\" \/>\n\t<meta property=\"og:image:type\" content=\"image\/webp\" \/>\n<meta name=\"author\" content=\"Lucas Barros\" \/>\n<meta name=\"twitter:card\" content=\"summary_large_image\" \/>\n<meta name=\"twitter:label1\" content=\"Escrito por\" \/>\n\t<meta name=\"twitter:data1\" content=\"Lucas Barros\" \/>\n\t<meta name=\"twitter:label2\" content=\"Est. tempo de leitura\" \/>\n\t<meta name=\"twitter:data2\" content=\"3 minutos\" \/>\n<script type=\"application\/ld+json\" class=\"yoast-schema-graph\">{\"@context\":\"https:\/\/schema.org\",\"@graph\":[{\"@type\":\"NewsArticle\",\"@id\":\"https:\/\/www.gaveanews.com\/index.php\/2024\/11\/06\/treino-do-botafogo-e-marcado-por-dois-retornos\/#article\",\"isPartOf\":{\"@id\":\"https:\/\/www.gaveanews.com\/index.php\/2024\/11\/06\/treino-do-botafogo-e-marcado-por-dois-retornos\/\"},\"author\":{\"name\":\"Lucas Barros\",\"@id\":\"https:\/\/www.gaveanews.com\/#\/schema\/person\/2abf0cfa878f5f899daa5f781e82264c\"},\"headline\":\"Treino do Botafogo \u00e9 marcado por dois retornos\",\"datePublished\":\"2024-11-07T01:10:00+00:00\",\"mainEntityOfPage\":{\"@id\":\"https:\/\/www.gaveanews.com\/index.php\/2024\/11\/06\/treino-do-botafogo-e-marcado-por-dois-retornos\/\"},\"wordCount\":367,\"commentCount\":0,\"image\":{\"@id\":\"https:\/\/www.gaveanews.com\/index.php\/2024\/11\/06\/treino-do-botafogo-e-marcado-por-dois-retornos\/#primaryimage\"},\"thumbnailUrl\":\"https:\/\/www.gaveanews.com\/wp-content\/uploads\/Junior-Santos-com-a-camisa-do-Botafogo-em-2024.webp\",\"articleSection\":[\"Botafogo\"],\"inLanguage\":\"pt-BR\",\"potentialAction\":[{\"@type\":\"CommentAction\",\"name\":\"Comment\",\"target\":[\"https:\/\/www.gaveanews.com\/index.php\/2024\/11\/06\/treino-do-botafogo-e-marcado-por-dois-retornos\/#respond\"]}],\"copyrightYear\":\"2024\",\"copyrightHolder\":{\"@id\":\"https:\/\/www.gaveanews.com\/#organization\"}},{\"@type\":\"WebPage\",\"@id\":\"https:\/\/www.gaveanews.com\/index.php\/2024\/11\/06\/treino-do-botafogo-e-marcado-por-dois-retornos\/\",\"url\":\"https:\/\/www.gaveanews.com\/index.php\/2024\/11\/06\/treino-do-botafogo-e-marcado-por-dois-retornos\/\",\"name\":\"Treino do Botafogo \u00e9 marcado por dois retornos\",\"isPartOf\":{\"@id\":\"https:\/\/www.gaveanews.com\/#website\"},\"primaryImageOfPage\":{\"@id\":\"https:\/\/www.gaveanews.com\/index.php\/2024\/11\/06\/treino-do-botafogo-e-marcado-por-dois-retornos\/#primaryimage\"},\"image\":{\"@id\":\"https:\/\/www.gaveanews.com\/index.php\/2024\/11\/06\/treino-do-botafogo-e-marcado-por-dois-retornos\/#primaryimage\"},\"thumbnailUrl\":\"https:\/\/www.gaveanews.com\/wp-content\/uploads\/Junior-Santos-com-a-camisa-do-Botafogo-em-2024.webp\",\"datePublished\":\"2024-11-07T01:10:00+00:00\",\"author\":{\"@id\":\"https:\/\/www.gaveanews.com\/#\/schema\/person\/2abf0cfa878f5f899daa5f781e82264c\"},\"breadcrumb\":{\"@id\":\"https:\/\/www.gaveanews.com\/index.php\/2024\/11\/06\/treino-do-botafogo-e-marcado-por-dois-retornos\/#breadcrumb\"},\"inLanguage\":\"pt-BR\",\"potentialAction\":[{\"@type\":\"ReadAction\",\"target\":[\"https:\/\/www.gaveanews.com\/index.php\/2024\/11\/06\/treino-do-botafogo-e-marcado-por-dois-retornos\/\"]}]},{\"@type\":\"ImageObject\",\"inLanguage\":\"pt-BR\",\"@id\":\"https:\/\/www.gaveanews.com\/index.php\/2024\/11\/06\/treino-do-botafogo-e-marcado-por-dois-retornos\/#primaryimage\",\"url\":\"https:\/\/www.gaveanews.com\/wp-content\/uploads\/Junior-Santos-com-a-camisa-do-Botafogo-em-2024.webp\",\"contentUrl\":\"https:\/\/www.gaveanews.com\/wp-content\/uploads\/Junior-Santos-com-a-camisa-do-Botafogo-em-2024.webp\",\"width\":1242,\"height\":932,\"caption\":\"Junior Santos com a camisa do Botafogo em 2024 (Foto: Reprodu\u00e7\u00e3o\/Instagram)\"},{\"@type\":\"BreadcrumbList\",\"@id\":\"https:\/\/www.gaveanews.com\/index.php\/2024\/11\/06\/treino-do-botafogo-e-marcado-por-dois-retornos\/#breadcrumb\",\"itemListElement\":[{\"@type\":\"ListItem\",\"position\":1,\"name\":\"Home\",\"item\":\"https:\/\/www.gaveanews.com\/\"},{\"@type\":\"ListItem\",\"position\":2,\"name\":\"Treino do Botafogo \u00e9 marcado por dois retornos\"}]},{\"@type\":\"WebSite\",\"@id\":\"https:\/\/www.gaveanews.com\/#website\",\"url\":\"https:\/\/www.gaveanews.com\/\",\"name\":\"G\u00e1vea News\",\"description\":\"Veja todas as not\u00edcias sobre o Flamengo: Contrata\u00e7\u00f5es, categorias de base, resultados das partidas, tabela de classifica\u00e7\u00e3o, pr\u00f3ximos jogos!\",\"potentialAction\":[{\"@type\":\"SearchAction\",\"target\":{\"@type\":\"EntryPoint\",\"urlTemplate\":\"https:\/\/www.gaveanews.com\/?s={search_term_string}\"},\"query-input\":{\"@type\":\"PropertyValueSpecification\",\"valueRequired\":true,\"valueName\":\"search_term_string\"}}],\"inLanguage\":\"pt-BR\"},{\"@type\":\"Person\",\"@id\":\"https:\/\/www.gaveanews.com\/#\/schema\/person\/2abf0cfa878f5f899daa5f781e82264c\",\"name\":\"Lucas Barros\",\"image\":{\"@type\":\"ImageObject\",\"inLanguage\":\"pt-BR\",\"@id\":\"https:\/\/www.gaveanews.com\/#\/schema\/person\/image\/\",\"url\":\"https:\/\/secure.gravatar.com\/avatar\/67a6069eba66bf6fd7c80b70e1331baa3dbc3d6df5012d5c22eff29c7d59e0b0?s=96&d=mm&r=g\",\"contentUrl\":\"https:\/\/secure.gravatar.com\/avatar\/67a6069eba66bf6fd7c80b70e1331baa3dbc3d6df5012d5c22eff29c7d59e0b0?s=96&d=mm&r=g\",\"caption\":\"Lucas Barros\"}}]}<\/script>\n<!-- \/ Yoast SEO Premium plugin. -->","yoast_head_json":{"title":"Treino do Botafogo \u00e9 marcado por dois retornos","robots":{"index":"index","follow":"follow","max-snippet":"max-snippet:-1","max-image-preview":"max-image-preview:large","max-video-preview":"max-video-preview:-1"},"canonical":"https:\/\/www.gaveanews.com\/index.php\/2024\/11\/06\/treino-do-botafogo-e-marcado-por-dois-retornos\/","og_locale":"pt_BR","og_type":"article","og_title":"Treino do Botafogo \u00e9 marcado por dois retornos","og_description":"Botafogo foca no Brasileir\u00e3o com refor\u00e7os e mudan\u00e7as no time Ap\u00f3s a classifica\u00e7\u00e3o para a final da Libertadores, o Botafogo concentra suas aten\u00e7\u00f5es na reta final do Campeonato Brasileiro. O pr\u00f3ximo desafio \u00e9 contra o Vasco, pela 32\u00aa rodada, marcado para quarta-feira, \u00e0s 21h30, no Est\u00e1dio Nilton Santos. Com 64 pontos e aproveitamento de 68%, [&hellip;]","og_url":"https:\/\/www.gaveanews.com\/index.php\/2024\/11\/06\/treino-do-botafogo-e-marcado-por-dois-retornos\/","og_site_name":"G\u00e1vea News","article_publisher":"https:\/\/facebook.com\/gaveaNews\/","article_published_time":"2024-11-07T01:10:00+00:00","og_image":[{"width":1242,"height":932,"url":"https:\/\/www.gaveanews.com\/wp-content\/uploads\/Junior-Santos-com-a-camisa-do-Botafogo-em-2024.webp","type":"image\/webp"}],"author":"Lucas Barros","twitter_card":"summary_large_image","twitter_misc":{"Escrito por":"Lucas Barros","Est. tempo de leitura":"3 minutos"},"schema":{"@context":"https:\/\/schema.org","@graph":[{"@type":"NewsArticle","@id":"https:\/\/www.gaveanews.com\/index.php\/2024\/11\/06\/treino-do-botafogo-e-marcado-por-dois-retornos\/#article","isPartOf":{"@id":"https:\/\/www.gaveanews.com\/index.php\/2024\/11\/06\/treino-do-botafogo-e-marcado-por-dois-retornos\/"},"author":{"name":"Lucas Barros","@id":"https:\/\/www.gaveanews.com\/#\/schema\/person\/2abf0cfa878f5f899daa5f781e82264c"},"headline":"Treino do Botafogo \u00e9 marcado por dois retornos","datePublished":"2024-11-07T01:10:00+00:00","mainEntityOfPage":{"@id":"https:\/\/www.gaveanews.com\/index.php\/2024\/11\/06\/treino-do-botafogo-e-marcado-por-dois-retornos\/"},"wordCount":367,"commentCount":0,"image":{"@id":"https:\/\/www.gaveanews.com\/index.php\/2024\/11\/06\/treino-do-botafogo-e-marcado-por-dois-retornos\/#primaryimage"},"thumbnailUrl":"https:\/\/www.gaveanews.com\/wp-content\/uploads\/Junior-Santos-com-a-camisa-do-Botafogo-em-2024.webp","articleSection":["Botafogo"],"inLanguage":"pt-BR","potentialAction":[{"@type":"CommentAction","name":"Comment","target":["https:\/\/www.gaveanews.com\/index.php\/2024\/11\/06\/treino-do-botafogo-e-marcado-por-dois-retornos\/#respond"]}],"copyrightYear":"2024","copyrightHolder":{"@id":"https:\/\/www.gaveanews.com\/#organization"}},{"@type":"WebPage","@id":"https:\/\/www.gaveanews.com\/index.php\/2024\/11\/06\/treino-do-botafogo-e-marcado-por-dois-retornos\/","url":"https:\/\/www.gaveanews.com\/index.php\/2024\/11\/06\/treino-do-botafogo-e-marcado-por-dois-retornos\/","name":"Treino do Botafogo \u00e9 marcado por dois retornos","isPartOf":{"@id":"https:\/\/www.gaveanews.com\/#website"},"primaryImageOfPage":{"@id":"https:\/\/www.gaveanews.com\/index.php\/2024\/11\/06\/treino-do-botafogo-e-marcado-por-dois-retornos\/#primaryimage"},"image":{"@id":"https:\/\/www.gaveanews.com\/index.php\/2024\/11\/06\/treino-do-botafogo-e-marcado-por-dois-retornos\/#primaryimage"},"thumbnailUrl":"https:\/\/www.gaveanews.com\/wp-content\/uploads\/Junior-Santos-com-a-camisa-do-Botafogo-em-2024.webp","datePublished":"2024-11-07T01:10:00+00:00","author":{"@id":"https:\/\/www.gaveanews.com\/#\/schema\/person\/2abf0cfa878f5f899daa5f781e82264c"},"breadcrumb":{"@id":"https:\/\/www.gaveanews.com\/index.php\/2024\/11\/06\/treino-do-botafogo-e-marcado-por-dois-retornos\/#breadcrumb"},"inLanguage":"pt-BR","potentialAction":[{"@type":"ReadAction","target":["https:\/\/www.gaveanews.com\/index.php\/2024\/11\/06\/treino-do-botafogo-e-marcado-por-dois-retornos\/"]}]},{"@type":"ImageObject","inLanguage":"pt-BR","@id":"https:\/\/www.gaveanews.com\/index.php\/2024\/11\/06\/treino-do-botafogo-e-marcado-por-dois-retornos\/#primaryimage","url":"https:\/\/www.gaveanews.com\/wp-content\/uploads\/Junior-Santos-com-a-camisa-do-Botafogo-em-2024.webp","contentUrl":"https:\/\/www.gaveanews.com\/wp-content\/uploads\/Junior-Santos-com-a-camisa-do-Botafogo-em-2024.webp","width":1242,"height":932,"caption":"Junior Santos com a camisa do Botafogo em 2024 (Foto: Reprodu\u00e7\u00e3o\/Instagram)"},{"@type":"BreadcrumbList","@id":"https:\/\/www.gaveanews.com\/index.php\/2024\/11\/06\/treino-do-botafogo-e-marcado-por-dois-retornos\/#breadcrumb","itemListElement":[{"@type":"ListItem","position":1,"name":"Home","item":"https:\/\/www.gaveanews.com\/"},{"@type":"ListItem","position":2,"name":"Treino do Botafogo \u00e9 marcado por dois retornos"}]},{"@type":"WebSite","@id":"https:\/\/www.gaveanews.com\/#website","url":"https:\/\/www.gaveanews.com\/","name":"G\u00e1vea News","description":"Veja todas as not\u00edcias sobre o Flamengo: Contrata\u00e7\u00f5es, categorias de base, resultados das partidas, tabela de classifica\u00e7\u00e3o, pr\u00f3ximos jogos!","potentialAction":[{"@type":"SearchAction","target":{"@type":"EntryPoint","urlTemplate":"https:\/\/www.gaveanews.com\/?s={search_term_string}"},"query-input":{"@type":"PropertyValueSpecification","valueRequired":true,"valueName":"search_term_string"}}],"inLanguage":"pt-BR"},{"@type":"Person","@id":"https:\/\/www.gaveanews.com\/#\/schema\/person\/2abf0cfa878f5f899daa5f781e82264c","name":"Lucas Barros","image":{"@type":"ImageObject","inLanguage":"pt-BR","@id":"https:\/\/www.gaveanews.com\/#\/schema\/person\/image\/","url":"https:\/\/secure.gravatar.com\/avatar\/67a6069eba66bf6fd7c80b70e1331baa3dbc3d6df5012d5c22eff29c7d59e0b0?s=96&d=mm&r=g","contentUrl":"https:\/\/secure.gravatar.com\/avatar\/67a6069eba66bf6fd7c80b70e1331baa3dbc3d6df5012d5c22eff29c7d59e0b0?s=96&d=mm&r=g","caption":"Lucas Barros"}}]}},"_links":{"self":[{"href":"https:\/\/www.gaveanews.com\/index.php\/wp-json\/wp\/v2\/posts\/181408","targetHints":{"allow":["GET"]}}],"collection":[{"href":"https:\/\/www.gaveanews.com\/index.php\/wp-json\/wp\/v2\/posts"}],"about":[{"href":"https:\/\/www.gaveanews.com\/index.php\/wp-json\/wp\/v2\/types\/post"}],"author":[{"embeddable":true,"href":"https:\/\/www.gaveanews.com\/index.php\/wp-json\/wp\/v2\/users\/20"}],"replies":[{"embeddable":true,"href":"https:\/\/www.gaveanews.com\/index.php\/wp-json\/wp\/v2\/comments?post=181408"}],"version-history":[{"count":1,"href":"https:\/\/www.gaveanews.com\/index.php\/wp-json\/wp\/v2\/posts\/181408\/revisions"}],"predecessor-version":[{"id":181409,"href":"https:\/\/www.gaveanews.com\/index.php\/wp-json\/wp\/v2\/posts\/181408\/revisions\/181409"}],"wp:featuredmedia":[{"embeddable":true,"href":"https:\/\/www.gaveanews.com\/index.php\/wp-json\/wp\/v2\/media\/154845"}],"wp:attachment":[{"href":"https:\/\/www.gaveanews.com\/index.php\/wp-json\/wp\/v2\/media?parent=181408"}],"wp:term":[{"taxonomy":"category","embeddable":true,"href":"https:\/\/www.gaveanews.com\/index.php\/wp-json\/wp\/v2\/categories?post=181408"},{"taxonomy":"post_tag","embeddable":true,"href":"https:\/\/www.gaveanews.com\/index.php\/wp-json\/wp\/v2\/tags?post=181408"}],"curies":[{"name":"wp","href":"https:\/\/api.w.org\/{rel}","templated":true}]}}