{"id":181552,"date":"2024-11-06T11:50:00","date_gmt":"2024-11-06T14:50:00","guid":{"rendered":"https:\/\/www.gaveanews.com\/?p=181552"},"modified":"2024-11-06T01:51:32","modified_gmt":"2024-11-06T04:51:32","slug":"bernabei-repercute-no-exterior-declaracao-de-baldasso-e-jogadores-com-mais-desarmes-as-ultimas-noticias-do-internacional","status":"publish","type":"post","link":"https:\/\/www.gaveanews.com\/index.php\/2024\/11\/06\/bernabei-repercute-no-exterior-declaracao-de-baldasso-e-jogadores-com-mais-desarmes-as-ultimas-noticias-do-internacional\/","title":{"rendered":"Bernabei repercute no exterior, declara\u00e7\u00e3o de Baldasso e jogadores com mais desarmes: as \u00faltimas not\u00edcias do Internacional"},"content":{"rendered":"\n<p>Nas \u00faltimas horas, o foco das not\u00edcias sobre o Internacional se concentram nos bastidores do clube, com destaques como a declara\u00e7\u00e3o de Baldasso e os jogadores com mais desarmes.<\/p>\n\n\n\n<p>Por conta deste contexto, leia abaixo um resumo preparado pela equipe do portal G\u00e1vea News para lhe manter muito bem informado!<\/p>\n\n\n\n<h2 class=\"wp-block-heading\" id=\"h-jogadores-com-mais-desarmes\">Jogadores com mais desarmes<\/h2>\n\n\n\n<p>No Brasileir\u00e3o, o Internacional se destacou com uma forte linha defensiva, liderada por jogadores que se sobressaem nos desarmes. Em d\u00e9cimo lugar, Gabriel Mercado registra 1.0 desarmes por partida em 17 jogos, sendo titular em 13. Bruno Henrique, meio-campista com a camisa 8, tem uma m\u00e9dia de 1.1 desarmes em 30 confrontos, iniciando 17 deles. Alan Patrick, outro meio-campista, compartilha a mesma m\u00e9dia, com 18 partidas e 15 como titular.<\/p>\n\n\n\n<figure class=\"wp-block-image size-full\"><img loading=\"lazy\" decoding=\"async\" width=\"984\" height=\"804\" src=\"https:\/\/www.gaveanews.com\/wp-content\/uploads\/Wesley-e-apresentado-pelo-Internacional.webp\" alt=\"\" class=\"wp-image-169846\" srcset=\"https:\/\/www.gaveanews.com\/wp-content\/uploads\/Wesley-e-apresentado-pelo-Internacional.webp 984w, https:\/\/www.gaveanews.com\/wp-content\/uploads\/Wesley-e-apresentado-pelo-Internacional-300x245.webp 300w, https:\/\/www.gaveanews.com\/wp-content\/uploads\/Wesley-e-apresentado-pelo-Internacional-768x628.webp 768w, https:\/\/www.gaveanews.com\/wp-content\/uploads\/Wesley-e-apresentado-pelo-Internacional-514x420.webp 514w, https:\/\/www.gaveanews.com\/wp-content\/uploads\/Wesley-e-apresentado-pelo-Internacional-640x523.webp 640w, https:\/\/www.gaveanews.com\/wp-content\/uploads\/Wesley-e-apresentado-pelo-Internacional-681x556.webp 681w, https:\/\/www.gaveanews.com\/wp-content\/uploads\/Wesley-e-apresentado-pelo-Internacional-100x82.webp 100w\" sizes=\"auto, (max-width: 984px) 100vw, 984px\" \/><figcaption class=\"wp-element-caption\">Wesley \u00e9 apresentado pelo Internacional (Foto: Divulga\u00e7\u00e3o\/Internacional)<\/figcaption><\/figure>\n\n\n\n<p>Dentre os jogadores de destaque, Wesley, atacante, alcan\u00e7a 1.2 desarmes por jogo em 28 participa\u00e7\u00f5es, sendo titular em 23 ocasi\u00f5es. Fernando, o volante n\u00famero 5, e Gabriel Carvalho, meia, t\u00eam ambos m\u00e9dia de 1.4 desarmes, com Fernando jogando 19 vezes (titular em 14) e Gabriel, 17 (titular em 15). J\u00e1 Thiago Maia, com 1.6 desarmes, participou de 24 jogos e foi titular em 23.<\/p>\n\n\n\n<p>R\u00f4mulo, que atua tanto no meio quanto na lateral-direita, est\u00e1 em terceiro lugar com 1.7 desarmes por jogo em 23 partidas (15 como titular). Bruno Gomes, com 1.9 desarmes em 24 jogos (18 como titular), ocupa a segunda posi\u00e7\u00e3o. No topo, Alexandro Bernabei, lateral-esquerdo, lidera com impressionantes 2.5 desarmes por confronto, titular em todos os 17 jogos disputados.<\/p>\n\n\n\n<h2 class=\"wp-block-heading\" id=\"h-declaracao-de-baldasso\">Declara\u00e7\u00e3o de Baldasso<\/h2>\n\n\n\n<p>A rescis\u00e3o contratual de Marcelo com o Fluminense, ap\u00f3s uma discuss\u00e3o com o t\u00e9cnico Mano Menezes, foi tema de cr\u00edticas na m\u00eddia esportiva, incluindo coment\u00e1rios do influencer colorado Fabiano Baldasso. Em uma de suas lives no YouTube, Baldasso criticou duramente o comportamento de Marcelo, chamando-o de &#8220;arrogante&#8221; e &#8220;prepotente&#8221;, e afirmou que esse tipo de atitude \u00e9 recorrente na carreira do jogador. Ele destacou que, em sua opini\u00e3o, jogadores com esse perfil podem desestabilizar o ambiente de vesti\u00e1rio e considerou acertada a decis\u00e3o do Fluminense de rescindir o contrato. <\/p>\n\n\n\n<figure class=\"wp-block-image size-full\"><img loading=\"lazy\" decoding=\"async\" width=\"1015\" height=\"677\" src=\"https:\/\/www.gaveanews.com\/wp-content\/uploads\/Jornalista-Fabiano-Baldasso.webp\" alt=\"\" class=\"wp-image-159508\" srcset=\"https:\/\/www.gaveanews.com\/wp-content\/uploads\/Jornalista-Fabiano-Baldasso.webp 1015w, https:\/\/www.gaveanews.com\/wp-content\/uploads\/Jornalista-Fabiano-Baldasso-300x200.webp 300w, https:\/\/www.gaveanews.com\/wp-content\/uploads\/Jornalista-Fabiano-Baldasso-768x512.webp 768w, https:\/\/www.gaveanews.com\/wp-content\/uploads\/Jornalista-Fabiano-Baldasso-630x420.webp 630w, https:\/\/www.gaveanews.com\/wp-content\/uploads\/Jornalista-Fabiano-Baldasso-640x427.webp 640w, https:\/\/www.gaveanews.com\/wp-content\/uploads\/Jornalista-Fabiano-Baldasso-681x454.webp 681w, https:\/\/www.gaveanews.com\/wp-content\/uploads\/Jornalista-Fabiano-Baldasso-100x67.webp 100w\" sizes=\"auto, (max-width: 1015px) 100vw, 1015px\" \/><figcaption class=\"wp-element-caption\">Jornalista Fabiano Baldasso (Foto: Reprodu\u00e7\u00e3o\/Band)<\/figcaption><\/figure>\n\n\n\n<p>O epis\u00f3dio ocorreu durante a 32\u00aa rodada do Campeonato Brasileiro, em que o Fluminense empatou em 2 a 2 com o Gr\u00eamio ap\u00f3s sofrer um gol de p\u00eanalti nos minutos finais. Marcelo, que estava prestes a entrar em campo, teria dito algo que desagradou Mano, levando o t\u00e9cnico a desistir da substitui\u00e7\u00e3o. Baldasso especulou que o descontentamento do jogador pode ter sido por ser acionado apenas aos 44 minutos do segundo tempo, quando j\u00e1 era reserva de Diogo Barbosa.<\/p>\n\n\n\n<p>Baldasso justificou a tentativa de Mano de colocar Marcelo em campo, apontando que o treinador buscava algu\u00e9m com boa capacidade de segurar a bola para garantir o resultado. Em sua an\u00e1lise, o influenciador concluiu que tanto Mano quanto o Fluminense agiram corretamente ao lidar com a situa\u00e7\u00e3o, mas Marcelo n\u00e3o.<\/p>\n\n\n\n<h2 class=\"wp-block-heading\" id=\"h-bernabei-repercute-no-exterior\">Bernabei repercute no exterior<\/h2>\n\n\n\n<p>Ap\u00f3s a gafe em que o comentarista Paulo C\u00e9sar Vasconcellos sugeriu a convoca\u00e7\u00e3o do argentino Alexandro Bernabei para a Sele\u00e7\u00e3o Brasileira, a situa\u00e7\u00e3o ganhou destaque na imprensa argentina. Ve\u00edculos como o \u201cDi\u00e1rio Ol\u00e9\u201d usaram o epis\u00f3dio para discutir a possibilidade de Bernabei integrar a sele\u00e7\u00e3o argentina, que atualmente \u00e9 a campe\u00e3 mundial e sul-americana. O lateral, que j\u00e1 foi convocado pela equipe sub-23 da Argentina em 2021, jogou sob o comando de Fernando Batista em amistosos contra o Jap\u00e3o, mas n\u00e3o recebeu muitas chances. <strong><a href=\"https:\/\/www.gaveanews.com\/index.php\/2024\/11\/05\/situacao-de-bernabei-ganha-repercussao-no-exterior\/\">(leia a mat\u00e9ria completa)<\/a><\/strong><\/p>\n\n\n\n<figure class=\"wp-block-image size-full\"><img loading=\"lazy\" decoding=\"async\" width=\"838\" height=\"549\" src=\"https:\/\/www.gaveanews.com\/wp-content\/uploads\/Alexandro-Bernabei-pelo-Internacional.webp\" alt=\"\" class=\"wp-image-173123\" srcset=\"https:\/\/www.gaveanews.com\/wp-content\/uploads\/Alexandro-Bernabei-pelo-Internacional.webp 838w, https:\/\/www.gaveanews.com\/wp-content\/uploads\/Alexandro-Bernabei-pelo-Internacional-300x197.webp 300w, https:\/\/www.gaveanews.com\/wp-content\/uploads\/Alexandro-Bernabei-pelo-Internacional-768x503.webp 768w, https:\/\/www.gaveanews.com\/wp-content\/uploads\/Alexandro-Bernabei-pelo-Internacional-641x420.webp 641w, https:\/\/www.gaveanews.com\/wp-content\/uploads\/Alexandro-Bernabei-pelo-Internacional-640x419.webp 640w, https:\/\/www.gaveanews.com\/wp-content\/uploads\/Alexandro-Bernabei-pelo-Internacional-681x446.webp 681w, https:\/\/www.gaveanews.com\/wp-content\/uploads\/Alexandro-Bernabei-pelo-Internacional-100x66.webp 100w\" sizes=\"auto, (max-width: 838px) 100vw, 838px\" \/><figcaption class=\"wp-element-caption\">Alexandro Bernabei pelo Internacional (Foto: Divulga\u00e7\u00e3o\/Internacional) \n<\/figcaption><\/figure>\n\n\n\n<p>Atualmente, Bernabei vive uma fase promissora no Internacional, com 19 partidas, tr\u00eas gols e quatro assist\u00eancias desde que chegou por empr\u00e9stimo do Celtic. Sob a dire\u00e7\u00e3o de Roger Machado, ele se tornou pe\u00e7a essencial do time. Apesar de ter concorrentes fortes como Tagliafico e o jovem J\u00falio Soler, Bernabei expressou seu desejo de representar a Argentina, descrevendo essa meta como um \u201csonho pendente\u201d.<\/p>\n\n\n\n<p>A repercuss\u00e3o da sugest\u00e3o feita no Brasil serviu para evidenciar o potencial do jogador e reacender a discuss\u00e3o sobre sua presen\u00e7a na sele\u00e7\u00e3o argentina, mostrando como um epis\u00f3dio inusitado pode trazer visibilidade positiva para um atleta.<\/p>\n","protected":false},"excerpt":{"rendered":"<p>Nas \u00faltimas horas, o foco das not\u00edcias sobre o Internacional se concentram nos bastidores do clube, com destaques como a declara\u00e7\u00e3o de Baldasso e os jogadores com mais desarmes. Por conta deste contexto, leia abaixo um resumo preparado pela equipe do portal G\u00e1vea News para lhe manter muito bem informado! Jogadores com mais desarmes No [&hellip;]<\/p>\n","protected":false},"author":27,"featured_media":181543,"comment_status":"open","ping_status":"closed","sticky":false,"template":"","format":"standard","meta":{"footnotes":""},"categories":[148],"tags":[],"class_list":["post-181552","post","type-post","status-publish","format-standard","has-post-thumbnail","hentry","category-internacional"],"yoast_head":"<!-- This site is optimized with the Yoast SEO Premium plugin v24.2 (Yoast SEO v26.9) - https:\/\/yoast.com\/product\/yoast-seo-premium-wordpress\/ -->\n<title>Bernabei repercute no exterior, declara\u00e7\u00e3o de Baldasso e jogadores com mais desarmes: as \u00faltimas not\u00edcias do Internacional<\/title>\n<meta name=\"robots\" content=\"index, follow, max-snippet:-1, max-image-preview:large, max-video-preview:-1\" \/>\n<link rel=\"canonical\" href=\"https:\/\/www.gaveanews.com\/index.php\/2024\/11\/06\/bernabei-repercute-no-exterior-declaracao-de-baldasso-e-jogadores-com-mais-desarmes-as-ultimas-noticias-do-internacional\/\" \/>\n<meta property=\"og:locale\" content=\"pt_BR\" \/>\n<meta property=\"og:type\" content=\"article\" \/>\n<meta property=\"og:title\" content=\"Bernabei repercute no exterior, declara\u00e7\u00e3o de Baldasso e jogadores com mais desarmes: as \u00faltimas not\u00edcias do Internacional\" \/>\n<meta property=\"og:description\" content=\"Nas \u00faltimas horas, o foco das not\u00edcias sobre o Internacional se concentram nos bastidores do clube, com destaques como a declara\u00e7\u00e3o de Baldasso e os jogadores com mais desarmes. Por conta deste contexto, leia abaixo um resumo preparado pela equipe do portal G\u00e1vea News para lhe manter muito bem informado! Jogadores com mais desarmes No [&hellip;]\" \/>\n<meta property=\"og:url\" content=\"https:\/\/www.gaveanews.com\/index.php\/2024\/11\/06\/bernabei-repercute-no-exterior-declaracao-de-baldasso-e-jogadores-com-mais-desarmes-as-ultimas-noticias-do-internacional\/\" \/>\n<meta property=\"og:site_name\" content=\"G\u00e1vea News\" \/>\n<meta property=\"article:publisher\" content=\"https:\/\/facebook.com\/gaveaNews\/\" \/>\n<meta property=\"article:published_time\" content=\"2024-11-06T14:50:00+00:00\" \/>\n<meta property=\"og:image\" content=\"https:\/\/www.gaveanews.com\/wp-content\/uploads\/Elenco-do-Internacional-em-2024.webp\" \/>\n\t<meta property=\"og:image:width\" content=\"1120\" \/>\n\t<meta property=\"og:image:height\" content=\"747\" \/>\n\t<meta property=\"og:image:type\" content=\"image\/webp\" \/>\n<meta name=\"author\" content=\"Matheus Felipe\" \/>\n<meta name=\"twitter:card\" content=\"summary_large_image\" \/>\n<meta name=\"twitter:label1\" content=\"Escrito por\" \/>\n\t<meta name=\"twitter:data1\" content=\"Matheus Felipe\" \/>\n\t<meta name=\"twitter:label2\" content=\"Est. tempo de leitura\" \/>\n\t<meta name=\"twitter:data2\" content=\"5 minutos\" \/>\n<script type=\"application\/ld+json\" class=\"yoast-schema-graph\">{\"@context\":\"https:\/\/schema.org\",\"@graph\":[{\"@type\":\"NewsArticle\",\"@id\":\"https:\/\/www.gaveanews.com\/index.php\/2024\/11\/06\/bernabei-repercute-no-exterior-declaracao-de-baldasso-e-jogadores-com-mais-desarmes-as-ultimas-noticias-do-internacional\/#article\",\"isPartOf\":{\"@id\":\"https:\/\/www.gaveanews.com\/index.php\/2024\/11\/06\/bernabei-repercute-no-exterior-declaracao-de-baldasso-e-jogadores-com-mais-desarmes-as-ultimas-noticias-do-internacional\/\"},\"author\":{\"name\":\"Matheus Felipe\",\"@id\":\"https:\/\/www.gaveanews.com\/#\/schema\/person\/8207cd4627f56151707418bfc835b2fb\"},\"headline\":\"Bernabei repercute no exterior, declara\u00e7\u00e3o de Baldasso e jogadores com mais desarmes: as \u00faltimas not\u00edcias do Internacional\",\"datePublished\":\"2024-11-06T14:50:00+00:00\",\"mainEntityOfPage\":{\"@id\":\"https:\/\/www.gaveanews.com\/index.php\/2024\/11\/06\/bernabei-repercute-no-exterior-declaracao-de-baldasso-e-jogadores-com-mais-desarmes-as-ultimas-noticias-do-internacional\/\"},\"wordCount\":723,\"commentCount\":0,\"image\":{\"@id\":\"https:\/\/www.gaveanews.com\/index.php\/2024\/11\/06\/bernabei-repercute-no-exterior-declaracao-de-baldasso-e-jogadores-com-mais-desarmes-as-ultimas-noticias-do-internacional\/#primaryimage\"},\"thumbnailUrl\":\"https:\/\/www.gaveanews.com\/wp-content\/uploads\/Elenco-do-Internacional-em-2024.webp\",\"articleSection\":[\"Internacional\"],\"inLanguage\":\"pt-BR\",\"potentialAction\":[{\"@type\":\"CommentAction\",\"name\":\"Comment\",\"target\":[\"https:\/\/www.gaveanews.com\/index.php\/2024\/11\/06\/bernabei-repercute-no-exterior-declaracao-de-baldasso-e-jogadores-com-mais-desarmes-as-ultimas-noticias-do-internacional\/#respond\"]}],\"copyrightYear\":\"2024\",\"copyrightHolder\":{\"@id\":\"https:\/\/www.gaveanews.com\/#organization\"}},{\"@type\":\"WebPage\",\"@id\":\"https:\/\/www.gaveanews.com\/index.php\/2024\/11\/06\/bernabei-repercute-no-exterior-declaracao-de-baldasso-e-jogadores-com-mais-desarmes-as-ultimas-noticias-do-internacional\/\",\"url\":\"https:\/\/www.gaveanews.com\/index.php\/2024\/11\/06\/bernabei-repercute-no-exterior-declaracao-de-baldasso-e-jogadores-com-mais-desarmes-as-ultimas-noticias-do-internacional\/\",\"name\":\"Bernabei repercute no exterior, declara\u00e7\u00e3o de Baldasso e jogadores com mais desarmes: as \u00faltimas not\u00edcias do Internacional\",\"isPartOf\":{\"@id\":\"https:\/\/www.gaveanews.com\/#website\"},\"primaryImageOfPage\":{\"@id\":\"https:\/\/www.gaveanews.com\/index.php\/2024\/11\/06\/bernabei-repercute-no-exterior-declaracao-de-baldasso-e-jogadores-com-mais-desarmes-as-ultimas-noticias-do-internacional\/#primaryimage\"},\"image\":{\"@id\":\"https:\/\/www.gaveanews.com\/index.php\/2024\/11\/06\/bernabei-repercute-no-exterior-declaracao-de-baldasso-e-jogadores-com-mais-desarmes-as-ultimas-noticias-do-internacional\/#primaryimage\"},\"thumbnailUrl\":\"https:\/\/www.gaveanews.com\/wp-content\/uploads\/Elenco-do-Internacional-em-2024.webp\",\"datePublished\":\"2024-11-06T14:50:00+00:00\",\"author\":{\"@id\":\"https:\/\/www.gaveanews.com\/#\/schema\/person\/8207cd4627f56151707418bfc835b2fb\"},\"breadcrumb\":{\"@id\":\"https:\/\/www.gaveanews.com\/index.php\/2024\/11\/06\/bernabei-repercute-no-exterior-declaracao-de-baldasso-e-jogadores-com-mais-desarmes-as-ultimas-noticias-do-internacional\/#breadcrumb\"},\"inLanguage\":\"pt-BR\",\"potentialAction\":[{\"@type\":\"ReadAction\",\"target\":[\"https:\/\/www.gaveanews.com\/index.php\/2024\/11\/06\/bernabei-repercute-no-exterior-declaracao-de-baldasso-e-jogadores-com-mais-desarmes-as-ultimas-noticias-do-internacional\/\"]}]},{\"@type\":\"ImageObject\",\"inLanguage\":\"pt-BR\",\"@id\":\"https:\/\/www.gaveanews.com\/index.php\/2024\/11\/06\/bernabei-repercute-no-exterior-declaracao-de-baldasso-e-jogadores-com-mais-desarmes-as-ultimas-noticias-do-internacional\/#primaryimage\",\"url\":\"https:\/\/www.gaveanews.com\/wp-content\/uploads\/Elenco-do-Internacional-em-2024.webp\",\"contentUrl\":\"https:\/\/www.gaveanews.com\/wp-content\/uploads\/Elenco-do-Internacional-em-2024.webp\",\"width\":1120,\"height\":747,\"caption\":\"Elenco do Internacional em 2024 (Foto: Reprodu\u00e7\u00e3o\/R Duarte)\"},{\"@type\":\"BreadcrumbList\",\"@id\":\"https:\/\/www.gaveanews.com\/index.php\/2024\/11\/06\/bernabei-repercute-no-exterior-declaracao-de-baldasso-e-jogadores-com-mais-desarmes-as-ultimas-noticias-do-internacional\/#breadcrumb\",\"itemListElement\":[{\"@type\":\"ListItem\",\"position\":1,\"name\":\"Home\",\"item\":\"https:\/\/www.gaveanews.com\/\"},{\"@type\":\"ListItem\",\"position\":2,\"name\":\"Bernabei repercute no exterior, declara\u00e7\u00e3o de Baldasso e jogadores com mais desarmes: as \u00faltimas not\u00edcias do Internacional\"}]},{\"@type\":\"WebSite\",\"@id\":\"https:\/\/www.gaveanews.com\/#website\",\"url\":\"https:\/\/www.gaveanews.com\/\",\"name\":\"G\u00e1vea News\",\"description\":\"Veja todas as not\u00edcias sobre o Flamengo: Contrata\u00e7\u00f5es, categorias de base, resultados das partidas, tabela de classifica\u00e7\u00e3o, pr\u00f3ximos jogos!\",\"potentialAction\":[{\"@type\":\"SearchAction\",\"target\":{\"@type\":\"EntryPoint\",\"urlTemplate\":\"https:\/\/www.gaveanews.com\/?s={search_term_string}\"},\"query-input\":{\"@type\":\"PropertyValueSpecification\",\"valueRequired\":true,\"valueName\":\"search_term_string\"}}],\"inLanguage\":\"pt-BR\"},{\"@type\":\"Person\",\"@id\":\"https:\/\/www.gaveanews.com\/#\/schema\/person\/8207cd4627f56151707418bfc835b2fb\",\"name\":\"Matheus Felipe\",\"image\":{\"@type\":\"ImageObject\",\"inLanguage\":\"pt-BR\",\"@id\":\"https:\/\/www.gaveanews.com\/#\/schema\/person\/image\/\",\"url\":\"https:\/\/secure.gravatar.com\/avatar\/a452ffbed9130f726358b298bb3a99ce4bd3c5338411f8440e87e14d74c7c087?s=96&d=mm&r=g\",\"contentUrl\":\"https:\/\/secure.gravatar.com\/avatar\/a452ffbed9130f726358b298bb3a99ce4bd3c5338411f8440e87e14d74c7c087?s=96&d=mm&r=g\",\"caption\":\"Matheus Felipe\"}}]}<\/script>\n<!-- \/ Yoast SEO Premium plugin. -->","yoast_head_json":{"title":"Bernabei repercute no exterior, declara\u00e7\u00e3o de Baldasso e jogadores com mais desarmes: as \u00faltimas not\u00edcias do Internacional","robots":{"index":"index","follow":"follow","max-snippet":"max-snippet:-1","max-image-preview":"max-image-preview:large","max-video-preview":"max-video-preview:-1"},"canonical":"https:\/\/www.gaveanews.com\/index.php\/2024\/11\/06\/bernabei-repercute-no-exterior-declaracao-de-baldasso-e-jogadores-com-mais-desarmes-as-ultimas-noticias-do-internacional\/","og_locale":"pt_BR","og_type":"article","og_title":"Bernabei repercute no exterior, declara\u00e7\u00e3o de Baldasso e jogadores com mais desarmes: as \u00faltimas not\u00edcias do Internacional","og_description":"Nas \u00faltimas horas, o foco das not\u00edcias sobre o Internacional se concentram nos bastidores do clube, com destaques como a declara\u00e7\u00e3o de Baldasso e os jogadores com mais desarmes. Por conta deste contexto, leia abaixo um resumo preparado pela equipe do portal G\u00e1vea News para lhe manter muito bem informado! Jogadores com mais desarmes No [&hellip;]","og_url":"https:\/\/www.gaveanews.com\/index.php\/2024\/11\/06\/bernabei-repercute-no-exterior-declaracao-de-baldasso-e-jogadores-com-mais-desarmes-as-ultimas-noticias-do-internacional\/","og_site_name":"G\u00e1vea News","article_publisher":"https:\/\/facebook.com\/gaveaNews\/","article_published_time":"2024-11-06T14:50:00+00:00","og_image":[{"width":1120,"height":747,"url":"https:\/\/www.gaveanews.com\/wp-content\/uploads\/Elenco-do-Internacional-em-2024.webp","type":"image\/webp"}],"author":"Matheus Felipe","twitter_card":"summary_large_image","twitter_misc":{"Escrito por":"Matheus Felipe","Est. tempo de leitura":"5 minutos"},"schema":{"@context":"https:\/\/schema.org","@graph":[{"@type":"NewsArticle","@id":"https:\/\/www.gaveanews.com\/index.php\/2024\/11\/06\/bernabei-repercute-no-exterior-declaracao-de-baldasso-e-jogadores-com-mais-desarmes-as-ultimas-noticias-do-internacional\/#article","isPartOf":{"@id":"https:\/\/www.gaveanews.com\/index.php\/2024\/11\/06\/bernabei-repercute-no-exterior-declaracao-de-baldasso-e-jogadores-com-mais-desarmes-as-ultimas-noticias-do-internacional\/"},"author":{"name":"Matheus Felipe","@id":"https:\/\/www.gaveanews.com\/#\/schema\/person\/8207cd4627f56151707418bfc835b2fb"},"headline":"Bernabei repercute no exterior, declara\u00e7\u00e3o de Baldasso e jogadores com mais desarmes: as \u00faltimas not\u00edcias do Internacional","datePublished":"2024-11-06T14:50:00+00:00","mainEntityOfPage":{"@id":"https:\/\/www.gaveanews.com\/index.php\/2024\/11\/06\/bernabei-repercute-no-exterior-declaracao-de-baldasso-e-jogadores-com-mais-desarmes-as-ultimas-noticias-do-internacional\/"},"wordCount":723,"commentCount":0,"image":{"@id":"https:\/\/www.gaveanews.com\/index.php\/2024\/11\/06\/bernabei-repercute-no-exterior-declaracao-de-baldasso-e-jogadores-com-mais-desarmes-as-ultimas-noticias-do-internacional\/#primaryimage"},"thumbnailUrl":"https:\/\/www.gaveanews.com\/wp-content\/uploads\/Elenco-do-Internacional-em-2024.webp","articleSection":["Internacional"],"inLanguage":"pt-BR","potentialAction":[{"@type":"CommentAction","name":"Comment","target":["https:\/\/www.gaveanews.com\/index.php\/2024\/11\/06\/bernabei-repercute-no-exterior-declaracao-de-baldasso-e-jogadores-com-mais-desarmes-as-ultimas-noticias-do-internacional\/#respond"]}],"copyrightYear":"2024","copyrightHolder":{"@id":"https:\/\/www.gaveanews.com\/#organization"}},{"@type":"WebPage","@id":"https:\/\/www.gaveanews.com\/index.php\/2024\/11\/06\/bernabei-repercute-no-exterior-declaracao-de-baldasso-e-jogadores-com-mais-desarmes-as-ultimas-noticias-do-internacional\/","url":"https:\/\/www.gaveanews.com\/index.php\/2024\/11\/06\/bernabei-repercute-no-exterior-declaracao-de-baldasso-e-jogadores-com-mais-desarmes-as-ultimas-noticias-do-internacional\/","name":"Bernabei repercute no exterior, declara\u00e7\u00e3o de Baldasso e jogadores com mais desarmes: as \u00faltimas not\u00edcias do Internacional","isPartOf":{"@id":"https:\/\/www.gaveanews.com\/#website"},"primaryImageOfPage":{"@id":"https:\/\/www.gaveanews.com\/index.php\/2024\/11\/06\/bernabei-repercute-no-exterior-declaracao-de-baldasso-e-jogadores-com-mais-desarmes-as-ultimas-noticias-do-internacional\/#primaryimage"},"image":{"@id":"https:\/\/www.gaveanews.com\/index.php\/2024\/11\/06\/bernabei-repercute-no-exterior-declaracao-de-baldasso-e-jogadores-com-mais-desarmes-as-ultimas-noticias-do-internacional\/#primaryimage"},"thumbnailUrl":"https:\/\/www.gaveanews.com\/wp-content\/uploads\/Elenco-do-Internacional-em-2024.webp","datePublished":"2024-11-06T14:50:00+00:00","author":{"@id":"https:\/\/www.gaveanews.com\/#\/schema\/person\/8207cd4627f56151707418bfc835b2fb"},"breadcrumb":{"@id":"https:\/\/www.gaveanews.com\/index.php\/2024\/11\/06\/bernabei-repercute-no-exterior-declaracao-de-baldasso-e-jogadores-com-mais-desarmes-as-ultimas-noticias-do-internacional\/#breadcrumb"},"inLanguage":"pt-BR","potentialAction":[{"@type":"ReadAction","target":["https:\/\/www.gaveanews.com\/index.php\/2024\/11\/06\/bernabei-repercute-no-exterior-declaracao-de-baldasso-e-jogadores-com-mais-desarmes-as-ultimas-noticias-do-internacional\/"]}]},{"@type":"ImageObject","inLanguage":"pt-BR","@id":"https:\/\/www.gaveanews.com\/index.php\/2024\/11\/06\/bernabei-repercute-no-exterior-declaracao-de-baldasso-e-jogadores-com-mais-desarmes-as-ultimas-noticias-do-internacional\/#primaryimage","url":"https:\/\/www.gaveanews.com\/wp-content\/uploads\/Elenco-do-Internacional-em-2024.webp","contentUrl":"https:\/\/www.gaveanews.com\/wp-content\/uploads\/Elenco-do-Internacional-em-2024.webp","width":1120,"height":747,"caption":"Elenco do Internacional em 2024 (Foto: Reprodu\u00e7\u00e3o\/R Duarte)"},{"@type":"BreadcrumbList","@id":"https:\/\/www.gaveanews.com\/index.php\/2024\/11\/06\/bernabei-repercute-no-exterior-declaracao-de-baldasso-e-jogadores-com-mais-desarmes-as-ultimas-noticias-do-internacional\/#breadcrumb","itemListElement":[{"@type":"ListItem","position":1,"name":"Home","item":"https:\/\/www.gaveanews.com\/"},{"@type":"ListItem","position":2,"name":"Bernabei repercute no exterior, declara\u00e7\u00e3o de Baldasso e jogadores com mais desarmes: as \u00faltimas not\u00edcias do Internacional"}]},{"@type":"WebSite","@id":"https:\/\/www.gaveanews.com\/#website","url":"https:\/\/www.gaveanews.com\/","name":"G\u00e1vea News","description":"Veja todas as not\u00edcias sobre o Flamengo: Contrata\u00e7\u00f5es, categorias de base, resultados das partidas, tabela de classifica\u00e7\u00e3o, pr\u00f3ximos jogos!","potentialAction":[{"@type":"SearchAction","target":{"@type":"EntryPoint","urlTemplate":"https:\/\/www.gaveanews.com\/?s={search_term_string}"},"query-input":{"@type":"PropertyValueSpecification","valueRequired":true,"valueName":"search_term_string"}}],"inLanguage":"pt-BR"},{"@type":"Person","@id":"https:\/\/www.gaveanews.com\/#\/schema\/person\/8207cd4627f56151707418bfc835b2fb","name":"Matheus Felipe","image":{"@type":"ImageObject","inLanguage":"pt-BR","@id":"https:\/\/www.gaveanews.com\/#\/schema\/person\/image\/","url":"https:\/\/secure.gravatar.com\/avatar\/a452ffbed9130f726358b298bb3a99ce4bd3c5338411f8440e87e14d74c7c087?s=96&d=mm&r=g","contentUrl":"https:\/\/secure.gravatar.com\/avatar\/a452ffbed9130f726358b298bb3a99ce4bd3c5338411f8440e87e14d74c7c087?s=96&d=mm&r=g","caption":"Matheus Felipe"}}]}},"_links":{"self":[{"href":"https:\/\/www.gaveanews.com\/index.php\/wp-json\/wp\/v2\/posts\/181552","targetHints":{"allow":["GET"]}}],"collection":[{"href":"https:\/\/www.gaveanews.com\/index.php\/wp-json\/wp\/v2\/posts"}],"about":[{"href":"https:\/\/www.gaveanews.com\/index.php\/wp-json\/wp\/v2\/types\/post"}],"author":[{"embeddable":true,"href":"https:\/\/www.gaveanews.com\/index.php\/wp-json\/wp\/v2\/users\/27"}],"replies":[{"embeddable":true,"href":"https:\/\/www.gaveanews.com\/index.php\/wp-json\/wp\/v2\/comments?post=181552"}],"version-history":[{"count":1,"href":"https:\/\/www.gaveanews.com\/index.php\/wp-json\/wp\/v2\/posts\/181552\/revisions"}],"predecessor-version":[{"id":181557,"href":"https:\/\/www.gaveanews.com\/index.php\/wp-json\/wp\/v2\/posts\/181552\/revisions\/181557"}],"wp:featuredmedia":[{"embeddable":true,"href":"https:\/\/www.gaveanews.com\/index.php\/wp-json\/wp\/v2\/media\/181543"}],"wp:attachment":[{"href":"https:\/\/www.gaveanews.com\/index.php\/wp-json\/wp\/v2\/media?parent=181552"}],"wp:term":[{"taxonomy":"category","embeddable":true,"href":"https:\/\/www.gaveanews.com\/index.php\/wp-json\/wp\/v2\/categories?post=181552"},{"taxonomy":"post_tag","embeddable":true,"href":"https:\/\/www.gaveanews.com\/index.php\/wp-json\/wp\/v2\/tags?post=181552"}],"curies":[{"name":"wp","href":"https:\/\/api.w.org\/{rel}","templated":true}]}}