{"id":181564,"date":"2024-11-06T06:10:00","date_gmt":"2024-11-06T09:10:00","guid":{"rendered":"https:\/\/www.gaveanews.com\/?p=181564"},"modified":"2024-11-06T01:23:16","modified_gmt":"2024-11-06T04:23:16","slug":"declaracao-de-garro-recado-de-matheuzinho-e-tecnico-do-vitoria-fala-sobre-confronto-as-ultimas-noticias-do-corinthians","status":"publish","type":"post","link":"https:\/\/www.gaveanews.com\/index.php\/2024\/11\/06\/declaracao-de-garro-recado-de-matheuzinho-e-tecnico-do-vitoria-fala-sobre-confronto-as-ultimas-noticias-do-corinthians\/","title":{"rendered":"Declara\u00e7\u00e3o de Garro, recado de Matheuzinho e t\u00e9cnico do Vit\u00f3ria fala sobre confronto: as \u00faltimas not\u00edcias do Corinthians"},"content":{"rendered":"\n<p>Nas \u00faltimas horas, o foco das not\u00edcias sobre o Corinthians se concentram nos bastidores do clube, com destaques como a declara\u00e7\u00e3o de Garro e recado de Matheuzinho.<\/p>\n\n\n\n<p>Por conta deste contexto, leia abaixo um resumo preparado pela equipe do portal G\u00e1vea News para lhe manter muito bem informado!<\/p>\n\n\n\n<h2 class=\"wp-block-heading\" id=\"h-tecnico-do-vitoria-fala-sobre-confronto\">T\u00e9cnico do Vit\u00f3ria fala sobre confronto<\/h2>\n\n\n\n<p>O t\u00e9cnico Thiago Carpini, do Vit\u00f3ria, comentou sobre a prepara\u00e7\u00e3o para o confronto contra o Corinthians, marcado para o pr\u00f3ximo s\u00e1bado, 9 de novembro, no Est\u00e1dio do Barrad\u00e3o. Ap\u00f3s a vit\u00f3ria por 2 a 1 contra o Athletico Paranaense na Ligga Arena, Carpini destacou a import\u00e2ncia desse triunfo para a equipe baiana, que agora soma 38 pontos e ocupa a 12\u00aa coloca\u00e7\u00e3o no Campeonato Brasileiro, quatro pontos acima da zona de rebaixamento<strong><a href=\"https:\/\/www.gaveanews.com\/index.php\/2024\/11\/04\/a-declaracao-de-carpini-direcionada-ao-corinthians\/\">. (leia a mat\u00e9ria completa)<\/a><\/strong><\/p>\n\n\n\n<figure class=\"wp-block-image size-large\"><img loading=\"lazy\" decoding=\"async\" width=\"1024\" height=\"576\" src=\"https:\/\/www.gaveanews.com\/wp-content\/uploads\/Thiago-Carpini-durante-um-jogo-do-Sao-Paulo-no-Morumbi-1024x576.webp\" alt=\"\" class=\"wp-image-138679\" srcset=\"https:\/\/www.gaveanews.com\/wp-content\/uploads\/Thiago-Carpini-durante-um-jogo-do-Sao-Paulo-no-Morumbi-1024x576.webp 1024w, https:\/\/www.gaveanews.com\/wp-content\/uploads\/Thiago-Carpini-durante-um-jogo-do-Sao-Paulo-no-Morumbi-300x169.webp 300w, https:\/\/www.gaveanews.com\/wp-content\/uploads\/Thiago-Carpini-durante-um-jogo-do-Sao-Paulo-no-Morumbi-768x432.webp 768w, https:\/\/www.gaveanews.com\/wp-content\/uploads\/Thiago-Carpini-durante-um-jogo-do-Sao-Paulo-no-Morumbi-747x420.webp 747w, https:\/\/www.gaveanews.com\/wp-content\/uploads\/Thiago-Carpini-durante-um-jogo-do-Sao-Paulo-no-Morumbi-640x360.webp 640w, https:\/\/www.gaveanews.com\/wp-content\/uploads\/Thiago-Carpini-durante-um-jogo-do-Sao-Paulo-no-Morumbi-681x383.webp 681w, https:\/\/www.gaveanews.com\/wp-content\/uploads\/Thiago-Carpini-durante-um-jogo-do-Sao-Paulo-no-Morumbi-100x56.webp 100w, https:\/\/www.gaveanews.com\/wp-content\/uploads\/Thiago-Carpini-durante-um-jogo-do-Sao-Paulo-no-Morumbi.webp 1200w\" sizes=\"auto, (max-width: 1024px) 100vw, 1024px\" \/><figcaption class=\"wp-element-caption\">Thiago Carpini durante um jogo do S\u00e3o Paulo no Morumbi (Foto: Reprodu\u00e7\u00e3o)<\/figcaption><\/figure>\n\n\n\n<p>Carpini enfatizou que a vit\u00f3ria trouxe mais tranquilidade \u00e0 equipe na luta contra o rebaixamento, mas reconheceu que os pontos conquistados ainda n\u00e3o garantem perman\u00eancia na s\u00e9rie A. <\/p>\n\n\n\n<p>Ele descreveu o pr\u00f3ximo jogo contra o Corinthians como um &#8220;jogo da nossa vida&#8221; e indicou que o time pode adotar uma estrat\u00e9gia diferente para o confronto.<\/p>\n\n\n\n<p>O treinador tamb\u00e9m mencionou o hist\u00f3rico recente positivo do Vit\u00f3ria, incluindo vit\u00f3rias importantes como contra o Fluminense no Maracan\u00e3. Essa experi\u00eancia, segundo ele, fortaleceu a equipe, que reconhece suas limita\u00e7\u00f5es, mas mant\u00e9m o foco e a resili\u00eancia em momentos decisivos da competi\u00e7\u00e3o.<\/p>\n\n\n\n<h2 class=\"wp-block-heading\" id=\"h-recado-de-matheuzinho\">Recado de Matheuzinho<\/h2>\n\n\n\n<p>No cl\u00e1ssico entre Corinthians e Palmeiras, a equipe alvinegra saiu na frente com um gol de Garro, resultado de um contra-ataque r\u00e1pido e assist\u00eancia de Matheuzinho. O Palmeiras come\u00e7ou pressionando, com Flaco L\u00f3pez levando perigo logo nos primeiros segundos. A equipe verde manteve uma postura ofensiva, explorando erros na sa\u00edda de bola do Corinthians e criando diversas oportunidades, incluindo tentativas de Raphael Veiga e Felipe Anderson.<strong><a href=\"https:\/\/www.gaveanews.com\/index.php\/2024\/11\/04\/a-declaracao-de-matheuzinho-sobre-o-jogo-entre-corinthians-x-palmeiras\/\"> (leia a mat\u00e9ria completa)<\/a><\/strong><\/p>\n\n\n\n<figure class=\"wp-block-image size-large\"><img loading=\"lazy\" decoding=\"async\" width=\"1024\" height=\"768\" src=\"https:\/\/www.gaveanews.com\/wp-content\/uploads\/Matheuzinho-em-acao-pelo-Corinthians-1024x768.webp\" alt=\"\" class=\"wp-image-148711\" srcset=\"https:\/\/www.gaveanews.com\/wp-content\/uploads\/Matheuzinho-em-acao-pelo-Corinthians-1024x768.webp 1024w, https:\/\/www.gaveanews.com\/wp-content\/uploads\/Matheuzinho-em-acao-pelo-Corinthians-300x225.webp 300w, https:\/\/www.gaveanews.com\/wp-content\/uploads\/Matheuzinho-em-acao-pelo-Corinthians-768x576.webp 768w, https:\/\/www.gaveanews.com\/wp-content\/uploads\/Matheuzinho-em-acao-pelo-Corinthians-560x420.webp 560w, https:\/\/www.gaveanews.com\/wp-content\/uploads\/Matheuzinho-em-acao-pelo-Corinthians-80x60.webp 80w, https:\/\/www.gaveanews.com\/wp-content\/uploads\/Matheuzinho-em-acao-pelo-Corinthians-160x120.webp 160w, https:\/\/www.gaveanews.com\/wp-content\/uploads\/Matheuzinho-em-acao-pelo-Corinthians-100x75.webp 100w, https:\/\/www.gaveanews.com\/wp-content\/uploads\/Matheuzinho-em-acao-pelo-Corinthians-200x150.webp 200w, https:\/\/www.gaveanews.com\/wp-content\/uploads\/Matheuzinho-em-acao-pelo-Corinthians-180x135.webp 180w, https:\/\/www.gaveanews.com\/wp-content\/uploads\/Matheuzinho-em-acao-pelo-Corinthians-360x270.webp 360w, https:\/\/www.gaveanews.com\/wp-content\/uploads\/Matheuzinho-em-acao-pelo-Corinthians-238x178.webp 238w, https:\/\/www.gaveanews.com\/wp-content\/uploads\/Matheuzinho-em-acao-pelo-Corinthians-476x356.webp 476w, https:\/\/www.gaveanews.com\/wp-content\/uploads\/Matheuzinho-em-acao-pelo-Corinthians-640x480.webp 640w, https:\/\/www.gaveanews.com\/wp-content\/uploads\/Matheuzinho-em-acao-pelo-Corinthians-681x511.webp 681w, https:\/\/www.gaveanews.com\/wp-content\/uploads\/Matheuzinho-em-acao-pelo-Corinthians.webp 1100w\" sizes=\"auto, (max-width: 1024px) 100vw, 1024px\" \/><figcaption class=\"wp-element-caption\">Matheuzinho em a\u00e7\u00e3o pelo Corinthians (Foto: Reprodu\u00e7\u00e3o\/Instagram)<\/figcaption><\/figure>\n\n\n\n<p>O Corinthians, no entanto, respondeu com contra-ataques \u00e1geis, destacando-se a defesa de Weverton em chute de Yuri Alberto. O gol corintiano surgiu aos 40 minutos, quando Caio Paulista errou ao tentar controlar um cruzamento, permitindo que Matheuzinho recuperasse a posse e assistisse Garro, que finalizou com precis\u00e3o. A equipe ainda teve chance de ampliar com Yuri Alberto, mas a defesa do Palmeiras bloqueou o chute.<\/p>\n\n\n\n<p>Matheuzinho expressou alegria pela assist\u00eancia e ressaltou a determina\u00e7\u00e3o de vencer o cl\u00e1ssico, afirmando que a vit\u00f3ria parcial n\u00e3o era o suficiente e que o time buscaria assegurar o triunfo na segunda etapa. Sua participa\u00e7\u00e3o foi crucial para a vantagem moment\u00e2nea do Corinthians no embate.<\/p>\n\n\n\n<h2 class=\"wp-block-heading\" id=\"h-declaracao-de-garro\">Declara\u00e7\u00e3o de Garro<\/h2>\n\n\n\n<p>O Corinthians quebrou um jejum de vit\u00f3rias no Derby ao vencer o Palmeiras por 2 a 0 na Neo Qu\u00edmica Arena, em partida v\u00e1lida pelo Campeonato Brasileiro. Os gols foram marcados por Rodrigo Garro e Yuri Alberto, consolidando uma importante vit\u00f3ria que afastou o time da zona de rebaixamento. O resultado tamb\u00e9m complicou as chances do Palmeiras de alcan\u00e7ar o t\u00edtulo, especialmente com a possibilidade do Botafogo abrir seis pontos de vantagem na lideran\u00e7a. <strong><a href=\"https:\/\/www.gaveanews.com\/index.php\/2024\/11\/04\/a-declaracao-de-rodrigo-garro-apos-a-vitoria-do-corinthians-contra-o-palmeiras\/\">(leia a mat\u00e9ria completa)<\/a><\/strong><\/p>\n\n\n\n<figure class=\"wp-block-image size-large\"><img loading=\"lazy\" decoding=\"async\" width=\"1024\" height=\"772\" src=\"https:\/\/www.gaveanews.com\/wp-content\/uploads\/Rodrigo-Garro-com-a-camisa-do-Corinthians-em-2024-1024x772.webp\" alt=\"\" class=\"wp-image-161268\" srcset=\"https:\/\/www.gaveanews.com\/wp-content\/uploads\/Rodrigo-Garro-com-a-camisa-do-Corinthians-em-2024-1024x772.webp 1024w, https:\/\/www.gaveanews.com\/wp-content\/uploads\/Rodrigo-Garro-com-a-camisa-do-Corinthians-em-2024-300x226.webp 300w, https:\/\/www.gaveanews.com\/wp-content\/uploads\/Rodrigo-Garro-com-a-camisa-do-Corinthians-em-2024-768x579.webp 768w, https:\/\/www.gaveanews.com\/wp-content\/uploads\/Rodrigo-Garro-com-a-camisa-do-Corinthians-em-2024-557x420.webp 557w, https:\/\/www.gaveanews.com\/wp-content\/uploads\/Rodrigo-Garro-com-a-camisa-do-Corinthians-em-2024-1115x840.webp 1115w, https:\/\/www.gaveanews.com\/wp-content\/uploads\/Rodrigo-Garro-com-a-camisa-do-Corinthians-em-2024-80x60.webp 80w, https:\/\/www.gaveanews.com\/wp-content\/uploads\/Rodrigo-Garro-com-a-camisa-do-Corinthians-em-2024-160x120.webp 160w, https:\/\/www.gaveanews.com\/wp-content\/uploads\/Rodrigo-Garro-com-a-camisa-do-Corinthians-em-2024-100x75.webp 100w, https:\/\/www.gaveanews.com\/wp-content\/uploads\/Rodrigo-Garro-com-a-camisa-do-Corinthians-em-2024-200x150.webp 200w, https:\/\/www.gaveanews.com\/wp-content\/uploads\/Rodrigo-Garro-com-a-camisa-do-Corinthians-em-2024-180x135.webp 180w, https:\/\/www.gaveanews.com\/wp-content\/uploads\/Rodrigo-Garro-com-a-camisa-do-Corinthians-em-2024-360x270.webp 360w, https:\/\/www.gaveanews.com\/wp-content\/uploads\/Rodrigo-Garro-com-a-camisa-do-Corinthians-em-2024-238x178.webp 238w, https:\/\/www.gaveanews.com\/wp-content\/uploads\/Rodrigo-Garro-com-a-camisa-do-Corinthians-em-2024-640x482.webp 640w, https:\/\/www.gaveanews.com\/wp-content\/uploads\/Rodrigo-Garro-com-a-camisa-do-Corinthians-em-2024-1280x964.webp 1280w, https:\/\/www.gaveanews.com\/wp-content\/uploads\/Rodrigo-Garro-com-a-camisa-do-Corinthians-em-2024-681x513.webp 681w, https:\/\/www.gaveanews.com\/wp-content\/uploads\/Rodrigo-Garro-com-a-camisa-do-Corinthians-em-2024-1362x1026.webp 1362w, https:\/\/www.gaveanews.com\/wp-content\/uploads\/Rodrigo-Garro-com-a-camisa-do-Corinthians-em-2024.webp 1440w\" sizes=\"auto, (max-width: 1024px) 100vw, 1024px\" \/><figcaption class=\"wp-element-caption\">Rodrigo Garro com a camisa do Corinthians em 2024 (Foto: Reprodu\u00e7\u00e3o\/Instagram)<\/figcaption><\/figure>\n\n\n\n<p>Durante o jogo, o Palmeiras come\u00e7ou pressionando e criando boas chances, mas foi o Corinthians que abriu o placar com um gol de Garro, aproveitando uma falha de Caio Paulista. No segundo tempo, o Palmeiras manteve uma postura ofensiva, mas deixou espa\u00e7os que o Corinthians soube explorar. O segundo gol veio ap\u00f3s um desarme de Ram\u00edrez e um passe de Garro para Yuri Alberto, que marcou contando com um erro de Weverton. O time corintiano administrou a vantagem e a torcida celebrou com gritos de &#8220;ol\u00e9&#8221;.<\/p>\n\n\n\n<p>Rodrigo Garro, protagonista da partida, ressaltou a relev\u00e2ncia da vit\u00f3ria e sua participa\u00e7\u00e3o nos gols, destacando o apoio de sua fam\u00edlia e a import\u00e2ncia de momentos como esse para sua carreira. Ele expressou alegria por fazer parte da hist\u00f3ria do clube, ainda mais em um jogo t\u00e3o significativo que encerrou a s\u00e9rie invicta do Palmeiras em cl\u00e1ssicos.<\/p>\n","protected":false},"excerpt":{"rendered":"<p>Nas \u00faltimas horas, o foco das not\u00edcias sobre o Corinthians se concentram nos bastidores do clube, com destaques como a declara\u00e7\u00e3o de Garro e recado de Matheuzinho. Por conta deste contexto, leia abaixo um resumo preparado pela equipe do portal G\u00e1vea News para lhe manter muito bem informado! T\u00e9cnico do Vit\u00f3ria fala sobre confronto O [&hellip;]<\/p>\n","protected":false},"author":27,"featured_media":146952,"comment_status":"open","ping_status":"closed","sticky":false,"template":"","format":"standard","meta":{"footnotes":""},"categories":[141],"tags":[],"class_list":["post-181564","post","type-post","status-publish","format-standard","has-post-thumbnail","hentry","category-corinthians"],"yoast_head":"<!-- This site is optimized with the Yoast SEO Premium plugin v24.2 (Yoast SEO v26.9) - https:\/\/yoast.com\/product\/yoast-seo-premium-wordpress\/ -->\n<title>Declara\u00e7\u00e3o de Garro, recado de Matheuzinho e t\u00e9cnico do Vit\u00f3ria fala sobre confronto: as \u00faltimas not\u00edcias do Corinthians<\/title>\n<meta name=\"robots\" content=\"index, follow, max-snippet:-1, max-image-preview:large, max-video-preview:-1\" \/>\n<link rel=\"canonical\" href=\"https:\/\/www.gaveanews.com\/index.php\/2024\/11\/06\/declaracao-de-garro-recado-de-matheuzinho-e-tecnico-do-vitoria-fala-sobre-confronto-as-ultimas-noticias-do-corinthians\/\" \/>\n<meta property=\"og:locale\" content=\"pt_BR\" \/>\n<meta property=\"og:type\" content=\"article\" \/>\n<meta property=\"og:title\" content=\"Declara\u00e7\u00e3o de Garro, recado de Matheuzinho e t\u00e9cnico do Vit\u00f3ria fala sobre confronto: as \u00faltimas not\u00edcias do Corinthians\" \/>\n<meta property=\"og:description\" content=\"Nas \u00faltimas horas, o foco das not\u00edcias sobre o Corinthians se concentram nos bastidores do clube, com destaques como a declara\u00e7\u00e3o de Garro e recado de Matheuzinho. Por conta deste contexto, leia abaixo um resumo preparado pela equipe do portal G\u00e1vea News para lhe manter muito bem informado! T\u00e9cnico do Vit\u00f3ria fala sobre confronto O [&hellip;]\" \/>\n<meta property=\"og:url\" content=\"https:\/\/www.gaveanews.com\/index.php\/2024\/11\/06\/declaracao-de-garro-recado-de-matheuzinho-e-tecnico-do-vitoria-fala-sobre-confronto-as-ultimas-noticias-do-corinthians\/\" \/>\n<meta property=\"og:site_name\" content=\"G\u00e1vea News\" \/>\n<meta property=\"article:publisher\" content=\"https:\/\/facebook.com\/gaveaNews\/\" \/>\n<meta property=\"article:published_time\" content=\"2024-11-06T09:10:00+00:00\" \/>\n<meta property=\"og:image\" content=\"https:\/\/www.gaveanews.com\/wp-content\/uploads\/Bandeira-do-Corinthians.webp\" \/>\n\t<meta property=\"og:image:width\" content=\"1048\" \/>\n\t<meta property=\"og:image:height\" content=\"699\" \/>\n\t<meta property=\"og:image:type\" content=\"image\/webp\" \/>\n<meta name=\"author\" content=\"Matheus Felipe\" \/>\n<meta name=\"twitter:card\" content=\"summary_large_image\" \/>\n<meta name=\"twitter:label1\" content=\"Escrito por\" \/>\n\t<meta name=\"twitter:data1\" content=\"Matheus Felipe\" \/>\n\t<meta name=\"twitter:label2\" content=\"Est. tempo de leitura\" \/>\n\t<meta name=\"twitter:data2\" content=\"5 minutos\" \/>\n<script type=\"application\/ld+json\" class=\"yoast-schema-graph\">{\"@context\":\"https:\/\/schema.org\",\"@graph\":[{\"@type\":\"NewsArticle\",\"@id\":\"https:\/\/www.gaveanews.com\/index.php\/2024\/11\/06\/declaracao-de-garro-recado-de-matheuzinho-e-tecnico-do-vitoria-fala-sobre-confronto-as-ultimas-noticias-do-corinthians\/#article\",\"isPartOf\":{\"@id\":\"https:\/\/www.gaveanews.com\/index.php\/2024\/11\/06\/declaracao-de-garro-recado-de-matheuzinho-e-tecnico-do-vitoria-fala-sobre-confronto-as-ultimas-noticias-do-corinthians\/\"},\"author\":{\"name\":\"Matheus Felipe\",\"@id\":\"https:\/\/www.gaveanews.com\/#\/schema\/person\/8207cd4627f56151707418bfc835b2fb\"},\"headline\":\"Declara\u00e7\u00e3o de Garro, recado de Matheuzinho e t\u00e9cnico do Vit\u00f3ria fala sobre confronto: as \u00faltimas not\u00edcias do Corinthians\",\"datePublished\":\"2024-11-06T09:10:00+00:00\",\"mainEntityOfPage\":{\"@id\":\"https:\/\/www.gaveanews.com\/index.php\/2024\/11\/06\/declaracao-de-garro-recado-de-matheuzinho-e-tecnico-do-vitoria-fala-sobre-confronto-as-ultimas-noticias-do-corinthians\/\"},\"wordCount\":753,\"commentCount\":0,\"image\":{\"@id\":\"https:\/\/www.gaveanews.com\/index.php\/2024\/11\/06\/declaracao-de-garro-recado-de-matheuzinho-e-tecnico-do-vitoria-fala-sobre-confronto-as-ultimas-noticias-do-corinthians\/#primaryimage\"},\"thumbnailUrl\":\"https:\/\/www.gaveanews.com\/wp-content\/uploads\/Bandeira-do-Corinthians.webp\",\"articleSection\":[\"Corinthians\"],\"inLanguage\":\"pt-BR\",\"potentialAction\":[{\"@type\":\"CommentAction\",\"name\":\"Comment\",\"target\":[\"https:\/\/www.gaveanews.com\/index.php\/2024\/11\/06\/declaracao-de-garro-recado-de-matheuzinho-e-tecnico-do-vitoria-fala-sobre-confronto-as-ultimas-noticias-do-corinthians\/#respond\"]}],\"copyrightYear\":\"2024\",\"copyrightHolder\":{\"@id\":\"https:\/\/www.gaveanews.com\/#organization\"}},{\"@type\":\"WebPage\",\"@id\":\"https:\/\/www.gaveanews.com\/index.php\/2024\/11\/06\/declaracao-de-garro-recado-de-matheuzinho-e-tecnico-do-vitoria-fala-sobre-confronto-as-ultimas-noticias-do-corinthians\/\",\"url\":\"https:\/\/www.gaveanews.com\/index.php\/2024\/11\/06\/declaracao-de-garro-recado-de-matheuzinho-e-tecnico-do-vitoria-fala-sobre-confronto-as-ultimas-noticias-do-corinthians\/\",\"name\":\"Declara\u00e7\u00e3o de Garro, recado de Matheuzinho e t\u00e9cnico do Vit\u00f3ria fala sobre confronto: as \u00faltimas not\u00edcias do Corinthians\",\"isPartOf\":{\"@id\":\"https:\/\/www.gaveanews.com\/#website\"},\"primaryImageOfPage\":{\"@id\":\"https:\/\/www.gaveanews.com\/index.php\/2024\/11\/06\/declaracao-de-garro-recado-de-matheuzinho-e-tecnico-do-vitoria-fala-sobre-confronto-as-ultimas-noticias-do-corinthians\/#primaryimage\"},\"image\":{\"@id\":\"https:\/\/www.gaveanews.com\/index.php\/2024\/11\/06\/declaracao-de-garro-recado-de-matheuzinho-e-tecnico-do-vitoria-fala-sobre-confronto-as-ultimas-noticias-do-corinthians\/#primaryimage\"},\"thumbnailUrl\":\"https:\/\/www.gaveanews.com\/wp-content\/uploads\/Bandeira-do-Corinthians.webp\",\"datePublished\":\"2024-11-06T09:10:00+00:00\",\"author\":{\"@id\":\"https:\/\/www.gaveanews.com\/#\/schema\/person\/8207cd4627f56151707418bfc835b2fb\"},\"breadcrumb\":{\"@id\":\"https:\/\/www.gaveanews.com\/index.php\/2024\/11\/06\/declaracao-de-garro-recado-de-matheuzinho-e-tecnico-do-vitoria-fala-sobre-confronto-as-ultimas-noticias-do-corinthians\/#breadcrumb\"},\"inLanguage\":\"pt-BR\",\"potentialAction\":[{\"@type\":\"ReadAction\",\"target\":[\"https:\/\/www.gaveanews.com\/index.php\/2024\/11\/06\/declaracao-de-garro-recado-de-matheuzinho-e-tecnico-do-vitoria-fala-sobre-confronto-as-ultimas-noticias-do-corinthians\/\"]}]},{\"@type\":\"ImageObject\",\"inLanguage\":\"pt-BR\",\"@id\":\"https:\/\/www.gaveanews.com\/index.php\/2024\/11\/06\/declaracao-de-garro-recado-de-matheuzinho-e-tecnico-do-vitoria-fala-sobre-confronto-as-ultimas-noticias-do-corinthians\/#primaryimage\",\"url\":\"https:\/\/www.gaveanews.com\/wp-content\/uploads\/Bandeira-do-Corinthians.webp\",\"contentUrl\":\"https:\/\/www.gaveanews.com\/wp-content\/uploads\/Bandeira-do-Corinthians.webp\",\"width\":1048,\"height\":699,\"caption\":\"Bandeira do Corinthians (Foto Reprodu\u00e7\u00e3o\/Instagram)\"},{\"@type\":\"BreadcrumbList\",\"@id\":\"https:\/\/www.gaveanews.com\/index.php\/2024\/11\/06\/declaracao-de-garro-recado-de-matheuzinho-e-tecnico-do-vitoria-fala-sobre-confronto-as-ultimas-noticias-do-corinthians\/#breadcrumb\",\"itemListElement\":[{\"@type\":\"ListItem\",\"position\":1,\"name\":\"Home\",\"item\":\"https:\/\/www.gaveanews.com\/\"},{\"@type\":\"ListItem\",\"position\":2,\"name\":\"Declara\u00e7\u00e3o de Garro, recado de Matheuzinho e t\u00e9cnico do Vit\u00f3ria fala sobre confronto: as \u00faltimas not\u00edcias do Corinthians\"}]},{\"@type\":\"WebSite\",\"@id\":\"https:\/\/www.gaveanews.com\/#website\",\"url\":\"https:\/\/www.gaveanews.com\/\",\"name\":\"G\u00e1vea News\",\"description\":\"Veja todas as not\u00edcias sobre o Flamengo: Contrata\u00e7\u00f5es, categorias de base, resultados das partidas, tabela de classifica\u00e7\u00e3o, pr\u00f3ximos jogos!\",\"potentialAction\":[{\"@type\":\"SearchAction\",\"target\":{\"@type\":\"EntryPoint\",\"urlTemplate\":\"https:\/\/www.gaveanews.com\/?s={search_term_string}\"},\"query-input\":{\"@type\":\"PropertyValueSpecification\",\"valueRequired\":true,\"valueName\":\"search_term_string\"}}],\"inLanguage\":\"pt-BR\"},{\"@type\":\"Person\",\"@id\":\"https:\/\/www.gaveanews.com\/#\/schema\/person\/8207cd4627f56151707418bfc835b2fb\",\"name\":\"Matheus Felipe\",\"image\":{\"@type\":\"ImageObject\",\"inLanguage\":\"pt-BR\",\"@id\":\"https:\/\/www.gaveanews.com\/#\/schema\/person\/image\/\",\"url\":\"https:\/\/secure.gravatar.com\/avatar\/a452ffbed9130f726358b298bb3a99ce4bd3c5338411f8440e87e14d74c7c087?s=96&d=mm&r=g\",\"contentUrl\":\"https:\/\/secure.gravatar.com\/avatar\/a452ffbed9130f726358b298bb3a99ce4bd3c5338411f8440e87e14d74c7c087?s=96&d=mm&r=g\",\"caption\":\"Matheus Felipe\"}}]}<\/script>\n<!-- \/ Yoast SEO Premium plugin. -->","yoast_head_json":{"title":"Declara\u00e7\u00e3o de Garro, recado de Matheuzinho e t\u00e9cnico do Vit\u00f3ria fala sobre confronto: as \u00faltimas not\u00edcias do Corinthians","robots":{"index":"index","follow":"follow","max-snippet":"max-snippet:-1","max-image-preview":"max-image-preview:large","max-video-preview":"max-video-preview:-1"},"canonical":"https:\/\/www.gaveanews.com\/index.php\/2024\/11\/06\/declaracao-de-garro-recado-de-matheuzinho-e-tecnico-do-vitoria-fala-sobre-confronto-as-ultimas-noticias-do-corinthians\/","og_locale":"pt_BR","og_type":"article","og_title":"Declara\u00e7\u00e3o de Garro, recado de Matheuzinho e t\u00e9cnico do Vit\u00f3ria fala sobre confronto: as \u00faltimas not\u00edcias do Corinthians","og_description":"Nas \u00faltimas horas, o foco das not\u00edcias sobre o Corinthians se concentram nos bastidores do clube, com destaques como a declara\u00e7\u00e3o de Garro e recado de Matheuzinho. Por conta deste contexto, leia abaixo um resumo preparado pela equipe do portal G\u00e1vea News para lhe manter muito bem informado! T\u00e9cnico do Vit\u00f3ria fala sobre confronto O [&hellip;]","og_url":"https:\/\/www.gaveanews.com\/index.php\/2024\/11\/06\/declaracao-de-garro-recado-de-matheuzinho-e-tecnico-do-vitoria-fala-sobre-confronto-as-ultimas-noticias-do-corinthians\/","og_site_name":"G\u00e1vea News","article_publisher":"https:\/\/facebook.com\/gaveaNews\/","article_published_time":"2024-11-06T09:10:00+00:00","og_image":[{"width":1048,"height":699,"url":"https:\/\/www.gaveanews.com\/wp-content\/uploads\/Bandeira-do-Corinthians.webp","type":"image\/webp"}],"author":"Matheus Felipe","twitter_card":"summary_large_image","twitter_misc":{"Escrito por":"Matheus Felipe","Est. tempo de leitura":"5 minutos"},"schema":{"@context":"https:\/\/schema.org","@graph":[{"@type":"NewsArticle","@id":"https:\/\/www.gaveanews.com\/index.php\/2024\/11\/06\/declaracao-de-garro-recado-de-matheuzinho-e-tecnico-do-vitoria-fala-sobre-confronto-as-ultimas-noticias-do-corinthians\/#article","isPartOf":{"@id":"https:\/\/www.gaveanews.com\/index.php\/2024\/11\/06\/declaracao-de-garro-recado-de-matheuzinho-e-tecnico-do-vitoria-fala-sobre-confronto-as-ultimas-noticias-do-corinthians\/"},"author":{"name":"Matheus Felipe","@id":"https:\/\/www.gaveanews.com\/#\/schema\/person\/8207cd4627f56151707418bfc835b2fb"},"headline":"Declara\u00e7\u00e3o de Garro, recado de Matheuzinho e t\u00e9cnico do Vit\u00f3ria fala sobre confronto: as \u00faltimas not\u00edcias do Corinthians","datePublished":"2024-11-06T09:10:00+00:00","mainEntityOfPage":{"@id":"https:\/\/www.gaveanews.com\/index.php\/2024\/11\/06\/declaracao-de-garro-recado-de-matheuzinho-e-tecnico-do-vitoria-fala-sobre-confronto-as-ultimas-noticias-do-corinthians\/"},"wordCount":753,"commentCount":0,"image":{"@id":"https:\/\/www.gaveanews.com\/index.php\/2024\/11\/06\/declaracao-de-garro-recado-de-matheuzinho-e-tecnico-do-vitoria-fala-sobre-confronto-as-ultimas-noticias-do-corinthians\/#primaryimage"},"thumbnailUrl":"https:\/\/www.gaveanews.com\/wp-content\/uploads\/Bandeira-do-Corinthians.webp","articleSection":["Corinthians"],"inLanguage":"pt-BR","potentialAction":[{"@type":"CommentAction","name":"Comment","target":["https:\/\/www.gaveanews.com\/index.php\/2024\/11\/06\/declaracao-de-garro-recado-de-matheuzinho-e-tecnico-do-vitoria-fala-sobre-confronto-as-ultimas-noticias-do-corinthians\/#respond"]}],"copyrightYear":"2024","copyrightHolder":{"@id":"https:\/\/www.gaveanews.com\/#organization"}},{"@type":"WebPage","@id":"https:\/\/www.gaveanews.com\/index.php\/2024\/11\/06\/declaracao-de-garro-recado-de-matheuzinho-e-tecnico-do-vitoria-fala-sobre-confronto-as-ultimas-noticias-do-corinthians\/","url":"https:\/\/www.gaveanews.com\/index.php\/2024\/11\/06\/declaracao-de-garro-recado-de-matheuzinho-e-tecnico-do-vitoria-fala-sobre-confronto-as-ultimas-noticias-do-corinthians\/","name":"Declara\u00e7\u00e3o de Garro, recado de Matheuzinho e t\u00e9cnico do Vit\u00f3ria fala sobre confronto: as \u00faltimas not\u00edcias do Corinthians","isPartOf":{"@id":"https:\/\/www.gaveanews.com\/#website"},"primaryImageOfPage":{"@id":"https:\/\/www.gaveanews.com\/index.php\/2024\/11\/06\/declaracao-de-garro-recado-de-matheuzinho-e-tecnico-do-vitoria-fala-sobre-confronto-as-ultimas-noticias-do-corinthians\/#primaryimage"},"image":{"@id":"https:\/\/www.gaveanews.com\/index.php\/2024\/11\/06\/declaracao-de-garro-recado-de-matheuzinho-e-tecnico-do-vitoria-fala-sobre-confronto-as-ultimas-noticias-do-corinthians\/#primaryimage"},"thumbnailUrl":"https:\/\/www.gaveanews.com\/wp-content\/uploads\/Bandeira-do-Corinthians.webp","datePublished":"2024-11-06T09:10:00+00:00","author":{"@id":"https:\/\/www.gaveanews.com\/#\/schema\/person\/8207cd4627f56151707418bfc835b2fb"},"breadcrumb":{"@id":"https:\/\/www.gaveanews.com\/index.php\/2024\/11\/06\/declaracao-de-garro-recado-de-matheuzinho-e-tecnico-do-vitoria-fala-sobre-confronto-as-ultimas-noticias-do-corinthians\/#breadcrumb"},"inLanguage":"pt-BR","potentialAction":[{"@type":"ReadAction","target":["https:\/\/www.gaveanews.com\/index.php\/2024\/11\/06\/declaracao-de-garro-recado-de-matheuzinho-e-tecnico-do-vitoria-fala-sobre-confronto-as-ultimas-noticias-do-corinthians\/"]}]},{"@type":"ImageObject","inLanguage":"pt-BR","@id":"https:\/\/www.gaveanews.com\/index.php\/2024\/11\/06\/declaracao-de-garro-recado-de-matheuzinho-e-tecnico-do-vitoria-fala-sobre-confronto-as-ultimas-noticias-do-corinthians\/#primaryimage","url":"https:\/\/www.gaveanews.com\/wp-content\/uploads\/Bandeira-do-Corinthians.webp","contentUrl":"https:\/\/www.gaveanews.com\/wp-content\/uploads\/Bandeira-do-Corinthians.webp","width":1048,"height":699,"caption":"Bandeira do Corinthians (Foto Reprodu\u00e7\u00e3o\/Instagram)"},{"@type":"BreadcrumbList","@id":"https:\/\/www.gaveanews.com\/index.php\/2024\/11\/06\/declaracao-de-garro-recado-de-matheuzinho-e-tecnico-do-vitoria-fala-sobre-confronto-as-ultimas-noticias-do-corinthians\/#breadcrumb","itemListElement":[{"@type":"ListItem","position":1,"name":"Home","item":"https:\/\/www.gaveanews.com\/"},{"@type":"ListItem","position":2,"name":"Declara\u00e7\u00e3o de Garro, recado de Matheuzinho e t\u00e9cnico do Vit\u00f3ria fala sobre confronto: as \u00faltimas not\u00edcias do Corinthians"}]},{"@type":"WebSite","@id":"https:\/\/www.gaveanews.com\/#website","url":"https:\/\/www.gaveanews.com\/","name":"G\u00e1vea News","description":"Veja todas as not\u00edcias sobre o Flamengo: Contrata\u00e7\u00f5es, categorias de base, resultados das partidas, tabela de classifica\u00e7\u00e3o, pr\u00f3ximos jogos!","potentialAction":[{"@type":"SearchAction","target":{"@type":"EntryPoint","urlTemplate":"https:\/\/www.gaveanews.com\/?s={search_term_string}"},"query-input":{"@type":"PropertyValueSpecification","valueRequired":true,"valueName":"search_term_string"}}],"inLanguage":"pt-BR"},{"@type":"Person","@id":"https:\/\/www.gaveanews.com\/#\/schema\/person\/8207cd4627f56151707418bfc835b2fb","name":"Matheus Felipe","image":{"@type":"ImageObject","inLanguage":"pt-BR","@id":"https:\/\/www.gaveanews.com\/#\/schema\/person\/image\/","url":"https:\/\/secure.gravatar.com\/avatar\/a452ffbed9130f726358b298bb3a99ce4bd3c5338411f8440e87e14d74c7c087?s=96&d=mm&r=g","contentUrl":"https:\/\/secure.gravatar.com\/avatar\/a452ffbed9130f726358b298bb3a99ce4bd3c5338411f8440e87e14d74c7c087?s=96&d=mm&r=g","caption":"Matheus Felipe"}}]}},"_links":{"self":[{"href":"https:\/\/www.gaveanews.com\/index.php\/wp-json\/wp\/v2\/posts\/181564","targetHints":{"allow":["GET"]}}],"collection":[{"href":"https:\/\/www.gaveanews.com\/index.php\/wp-json\/wp\/v2\/posts"}],"about":[{"href":"https:\/\/www.gaveanews.com\/index.php\/wp-json\/wp\/v2\/types\/post"}],"author":[{"embeddable":true,"href":"https:\/\/www.gaveanews.com\/index.php\/wp-json\/wp\/v2\/users\/27"}],"replies":[{"embeddable":true,"href":"https:\/\/www.gaveanews.com\/index.php\/wp-json\/wp\/v2\/comments?post=181564"}],"version-history":[{"count":1,"href":"https:\/\/www.gaveanews.com\/index.php\/wp-json\/wp\/v2\/posts\/181564\/revisions"}],"predecessor-version":[{"id":181565,"href":"https:\/\/www.gaveanews.com\/index.php\/wp-json\/wp\/v2\/posts\/181564\/revisions\/181565"}],"wp:featuredmedia":[{"embeddable":true,"href":"https:\/\/www.gaveanews.com\/index.php\/wp-json\/wp\/v2\/media\/146952"}],"wp:attachment":[{"href":"https:\/\/www.gaveanews.com\/index.php\/wp-json\/wp\/v2\/media?parent=181564"}],"wp:term":[{"taxonomy":"category","embeddable":true,"href":"https:\/\/www.gaveanews.com\/index.php\/wp-json\/wp\/v2\/categories?post=181564"},{"taxonomy":"post_tag","embeddable":true,"href":"https:\/\/www.gaveanews.com\/index.php\/wp-json\/wp\/v2\/tags?post=181564"}],"curies":[{"name":"wp","href":"https:\/\/api.w.org\/{rel}","templated":true}]}}