{"id":181674,"date":"2024-11-06T13:25:00","date_gmt":"2024-11-06T16:25:00","guid":{"rendered":"https:\/\/www.gaveanews.com\/?p=181674"},"modified":"2024-11-06T12:10:18","modified_gmt":"2024-11-06T15:10:18","slug":"a-declaracao-de-savarino-sobre-a-final-da-libertadores","status":"publish","type":"post","link":"https:\/\/www.gaveanews.com\/index.php\/2024\/11\/06\/a-declaracao-de-savarino-sobre-a-final-da-libertadores\/","title":{"rendered":"A declara\u00e7\u00e3o de Savarino sobre a final da Libertadores"},"content":{"rendered":"\n<h2 class=\"wp-block-heading\" id=\"h-botafogo-e-atletico-mg-duelam-na-grande-decisao\">Botafogo e Atl\u00e9tico-MG duelam na grande decis\u00e3o<\/h2>\n\n\n\n<p>A grande final da Conmebol Libertadores ser\u00e1 entre Botafogo e Atl\u00e9tico-MG, ainda neste m\u00eas de novembro. Jefferson Savarino j\u00e1 defendeu o Galo e hoje veste as cores do Glorioso, sendo inclusive o camisa 10 da equipe. O jogador comentou sobre o duelo entre os times brasileiros. <\/p>\n\n\n\n<ul class=\"wp-block-list\">\n<li><a href=\"https:\/\/www.gaveanews.com\/index.php\/2024\/11\/05\/r-225-milhoes-atacante-do-botafogo-desperta-interesse-no-exterior\/\">R$ 225 milh\u00f5es! Atacante do Botafogo desperta interesse no exterior<\/a><\/li>\n\n\n\n<li><a href=\"https:\/\/www.gaveanews.com\/index.php\/2024\/11\/05\/a-declaracao-de-marlon-freitas-antes-do-jogo-do-botafogo-no-uruguai\/\">A declara\u00e7\u00e3o de Marlon Freitas antes do jogo do Botafogo no Uruguai<\/a><\/li>\n<\/ul>\n\n\n\n<p>\u201cA verdade \u00e9 que para mim \u00e9 muito estranho. Na minha mente nunca passou que eu iria jogar uma final de Libertadores contra eles, contra um time que joguei dois anos e meio. Vai ser estranho, mas estou agora no Botafogo, defendo as cores do Botafogo, um clube no qual estou muito feliz, e espero muito dar essa felicidade ao torcedor, que merece muito\u201d, disse Savarino \u00e0 ESPN.<\/p>\n\n\n\n<p>Jefferson Savarino chegou ao Botafogo em janeiro deste ano ap\u00f3s o Botafogo pagar cerca de US$ 2,7 milh\u00f5es (R$13,2 milh\u00f5es) para o Real Salt Lake, dos Estados Unidos. Vestindo a camisa de n\u00famero 10, Savarino j\u00e1 anotou 10 gols e distribuiu 10 assist\u00eancias em 47 jogos disputados. S\u00f3 pela Libertadores, o venezuelano soma quatro gols e tr\u00eas assist\u00eancias.<\/p>\n\n\n\n<p>No Atl\u00e9tico-MG, Savarino atuou entre os anos de 2020 a 2022, antes de se transferir Real Salt Lake por aproximadamente R$ 12,4 milh\u00f5es. No Galo, o jogador entrou em campo 99 vezes, anotou 21 gols e contribuiu com 19 assist\u00eancias, al\u00e9m de ter conquistado o\u00a0Campeonato Mineiro (2020, 2021 e 2022), a Copa do Brasil (2021), o Brasileir\u00e3o (2021) e a Supercopa do Brasil (2022).<\/p>\n\n\n\n<p>Seu desempenho no Real Salt Lake, dos Estados Unidos tamb\u00e9m n\u00e3o foi ruim. Disputando a MLS (Major League Soccer), Jefferson Savarino foi as redes 11 vezes e deu quatro assist\u00eancias em 34 partidas disputadas. <\/p>\n\n\n\n<p>A grande decis\u00e3o da Conmebol Libertadores acontece no dia 30 de novembro (s\u00e1bado), no Est\u00e1dio Monumental de N\u00fa\u00f1ez, em Buenos Aires, na Argentina. A Conmebol ainda n\u00e3o confirmou o hor\u00e1rio da partida, mas dever\u00e1 ser marcado para \u00e0s 17h (hor\u00e1rio de Bras\u00edlia). <\/p>\n","protected":false},"excerpt":{"rendered":"<p>Botafogo e Atl\u00e9tico-MG duelam na grande decis\u00e3o A grande final da Conmebol Libertadores ser\u00e1 entre Botafogo e Atl\u00e9tico-MG, ainda neste m\u00eas de novembro. Jefferson Savarino j\u00e1 defendeu o Galo e hoje veste as cores do Glorioso, sendo inclusive o camisa 10 da equipe. O jogador comentou sobre o duelo entre os times brasileiros. \u201cA verdade [&hellip;]<\/p>\n","protected":false},"author":21,"featured_media":168197,"comment_status":"open","ping_status":"closed","sticky":false,"template":"","format":"standard","meta":{"footnotes":""},"categories":[136,138],"tags":[],"class_list":["post-181674","post","type-post","status-publish","format-standard","has-post-thumbnail","hentry","category-atletico-mg","category-botafogo"],"yoast_head":"<!-- This site is optimized with the Yoast SEO Premium plugin v24.2 (Yoast SEO v26.9) - https:\/\/yoast.com\/product\/yoast-seo-premium-wordpress\/ -->\n<title>A declara\u00e7\u00e3o de Savarino sobre a final da Libertadores<\/title>\n<meta name=\"robots\" content=\"index, follow, max-snippet:-1, max-image-preview:large, max-video-preview:-1\" \/>\n<link rel=\"canonical\" href=\"https:\/\/www.gaveanews.com\/index.php\/2024\/11\/06\/a-declaracao-de-savarino-sobre-a-final-da-libertadores\/\" \/>\n<meta property=\"og:locale\" content=\"pt_BR\" \/>\n<meta property=\"og:type\" content=\"article\" \/>\n<meta property=\"og:title\" content=\"A declara\u00e7\u00e3o de Savarino sobre a final da Libertadores\" \/>\n<meta property=\"og:description\" content=\"Botafogo e Atl\u00e9tico-MG duelam na grande decis\u00e3o A grande final da Conmebol Libertadores ser\u00e1 entre Botafogo e Atl\u00e9tico-MG, ainda neste m\u00eas de novembro. Jefferson Savarino j\u00e1 defendeu o Galo e hoje veste as cores do Glorioso, sendo inclusive o camisa 10 da equipe. O jogador comentou sobre o duelo entre os times brasileiros. \u201cA verdade [&hellip;]\" \/>\n<meta property=\"og:url\" content=\"https:\/\/www.gaveanews.com\/index.php\/2024\/11\/06\/a-declaracao-de-savarino-sobre-a-final-da-libertadores\/\" \/>\n<meta property=\"og:site_name\" content=\"G\u00e1vea News\" \/>\n<meta property=\"article:publisher\" content=\"https:\/\/facebook.com\/gaveaNews\/\" \/>\n<meta property=\"article:published_time\" content=\"2024-11-06T16:25:00+00:00\" \/>\n<meta property=\"og:image\" content=\"https:\/\/www.gaveanews.com\/wp-content\/uploads\/Savarino-Botafogo.webp\" \/>\n\t<meta property=\"og:image:width\" content=\"774\" \/>\n\t<meta property=\"og:image:height\" content=\"516\" \/>\n\t<meta property=\"og:image:type\" content=\"image\/jpeg\" \/>\n<meta name=\"author\" content=\"Andr\u00e9 Serra\" \/>\n<meta name=\"twitter:card\" content=\"summary_large_image\" \/>\n<meta name=\"twitter:label1\" content=\"Escrito por\" \/>\n\t<meta name=\"twitter:data1\" content=\"Andr\u00e9 Serra\" \/>\n\t<meta name=\"twitter:label2\" content=\"Est. tempo de leitura\" \/>\n\t<meta name=\"twitter:data2\" content=\"3 minutos\" \/>\n<script type=\"application\/ld+json\" class=\"yoast-schema-graph\">{\"@context\":\"https:\/\/schema.org\",\"@graph\":[{\"@type\":\"NewsArticle\",\"@id\":\"https:\/\/www.gaveanews.com\/index.php\/2024\/11\/06\/a-declaracao-de-savarino-sobre-a-final-da-libertadores\/#article\",\"isPartOf\":{\"@id\":\"https:\/\/www.gaveanews.com\/index.php\/2024\/11\/06\/a-declaracao-de-savarino-sobre-a-final-da-libertadores\/\"},\"author\":{\"name\":\"Andr\u00e9 Serra\",\"@id\":\"https:\/\/www.gaveanews.com\/#\/schema\/person\/0277a79a1289c451c281ec0411d84f0c\"},\"headline\":\"A declara\u00e7\u00e3o de Savarino sobre a final da Libertadores\",\"datePublished\":\"2024-11-06T16:25:00+00:00\",\"mainEntityOfPage\":{\"@id\":\"https:\/\/www.gaveanews.com\/index.php\/2024\/11\/06\/a-declaracao-de-savarino-sobre-a-final-da-libertadores\/\"},\"wordCount\":356,\"commentCount\":0,\"image\":{\"@id\":\"https:\/\/www.gaveanews.com\/index.php\/2024\/11\/06\/a-declaracao-de-savarino-sobre-a-final-da-libertadores\/#primaryimage\"},\"thumbnailUrl\":\"https:\/\/www.gaveanews.com\/wp-content\/uploads\/Savarino-Botafogo.webp\",\"articleSection\":[\"Atl\u00e9tico-MG\",\"Botafogo\"],\"inLanguage\":\"pt-BR\",\"potentialAction\":[{\"@type\":\"CommentAction\",\"name\":\"Comment\",\"target\":[\"https:\/\/www.gaveanews.com\/index.php\/2024\/11\/06\/a-declaracao-de-savarino-sobre-a-final-da-libertadores\/#respond\"]}],\"copyrightYear\":\"2024\",\"copyrightHolder\":{\"@id\":\"https:\/\/www.gaveanews.com\/#organization\"}},{\"@type\":\"WebPage\",\"@id\":\"https:\/\/www.gaveanews.com\/index.php\/2024\/11\/06\/a-declaracao-de-savarino-sobre-a-final-da-libertadores\/\",\"url\":\"https:\/\/www.gaveanews.com\/index.php\/2024\/11\/06\/a-declaracao-de-savarino-sobre-a-final-da-libertadores\/\",\"name\":\"A declara\u00e7\u00e3o de Savarino sobre a final da Libertadores\",\"isPartOf\":{\"@id\":\"https:\/\/www.gaveanews.com\/#website\"},\"primaryImageOfPage\":{\"@id\":\"https:\/\/www.gaveanews.com\/index.php\/2024\/11\/06\/a-declaracao-de-savarino-sobre-a-final-da-libertadores\/#primaryimage\"},\"image\":{\"@id\":\"https:\/\/www.gaveanews.com\/index.php\/2024\/11\/06\/a-declaracao-de-savarino-sobre-a-final-da-libertadores\/#primaryimage\"},\"thumbnailUrl\":\"https:\/\/www.gaveanews.com\/wp-content\/uploads\/Savarino-Botafogo.webp\",\"datePublished\":\"2024-11-06T16:25:00+00:00\",\"author\":{\"@id\":\"https:\/\/www.gaveanews.com\/#\/schema\/person\/0277a79a1289c451c281ec0411d84f0c\"},\"breadcrumb\":{\"@id\":\"https:\/\/www.gaveanews.com\/index.php\/2024\/11\/06\/a-declaracao-de-savarino-sobre-a-final-da-libertadores\/#breadcrumb\"},\"inLanguage\":\"pt-BR\",\"potentialAction\":[{\"@type\":\"ReadAction\",\"target\":[\"https:\/\/www.gaveanews.com\/index.php\/2024\/11\/06\/a-declaracao-de-savarino-sobre-a-final-da-libertadores\/\"]}]},{\"@type\":\"ImageObject\",\"inLanguage\":\"pt-BR\",\"@id\":\"https:\/\/www.gaveanews.com\/index.php\/2024\/11\/06\/a-declaracao-de-savarino-sobre-a-final-da-libertadores\/#primaryimage\",\"url\":\"https:\/\/www.gaveanews.com\/wp-content\/uploads\/Savarino-Botafogo.webp\",\"contentUrl\":\"https:\/\/www.gaveanews.com\/wp-content\/uploads\/Savarino-Botafogo.webp\",\"width\":774,\"height\":516,\"caption\":\"Savarino em a\u00e7\u00e3o pelo Botafogo (Foto: Vitor Silva\/Botafogo)\"},{\"@type\":\"BreadcrumbList\",\"@id\":\"https:\/\/www.gaveanews.com\/index.php\/2024\/11\/06\/a-declaracao-de-savarino-sobre-a-final-da-libertadores\/#breadcrumb\",\"itemListElement\":[{\"@type\":\"ListItem\",\"position\":1,\"name\":\"Home\",\"item\":\"https:\/\/www.gaveanews.com\/\"},{\"@type\":\"ListItem\",\"position\":2,\"name\":\"A declara\u00e7\u00e3o de Savarino sobre a final da Libertadores\"}]},{\"@type\":\"WebSite\",\"@id\":\"https:\/\/www.gaveanews.com\/#website\",\"url\":\"https:\/\/www.gaveanews.com\/\",\"name\":\"G\u00e1vea News\",\"description\":\"Veja todas as not\u00edcias sobre o Flamengo: Contrata\u00e7\u00f5es, categorias de base, resultados das partidas, tabela de classifica\u00e7\u00e3o, pr\u00f3ximos jogos!\",\"potentialAction\":[{\"@type\":\"SearchAction\",\"target\":{\"@type\":\"EntryPoint\",\"urlTemplate\":\"https:\/\/www.gaveanews.com\/?s={search_term_string}\"},\"query-input\":{\"@type\":\"PropertyValueSpecification\",\"valueRequired\":true,\"valueName\":\"search_term_string\"}}],\"inLanguage\":\"pt-BR\"},{\"@type\":\"Person\",\"@id\":\"https:\/\/www.gaveanews.com\/#\/schema\/person\/0277a79a1289c451c281ec0411d84f0c\",\"name\":\"Andr\u00e9 Serra\",\"image\":{\"@type\":\"ImageObject\",\"inLanguage\":\"pt-BR\",\"@id\":\"https:\/\/www.gaveanews.com\/#\/schema\/person\/image\/\",\"url\":\"https:\/\/secure.gravatar.com\/avatar\/d7231369fe48db93292b3e88eb2162dbd9a34a47a8437d9ef3bcaca2a86a83d7?s=96&d=mm&r=g\",\"contentUrl\":\"https:\/\/secure.gravatar.com\/avatar\/d7231369fe48db93292b3e88eb2162dbd9a34a47a8437d9ef3bcaca2a86a83d7?s=96&d=mm&r=g\",\"caption\":\"Andr\u00e9 Serra\"}}]}<\/script>\n<!-- \/ Yoast SEO Premium plugin. -->","yoast_head_json":{"title":"A declara\u00e7\u00e3o de Savarino sobre a final da Libertadores","robots":{"index":"index","follow":"follow","max-snippet":"max-snippet:-1","max-image-preview":"max-image-preview:large","max-video-preview":"max-video-preview:-1"},"canonical":"https:\/\/www.gaveanews.com\/index.php\/2024\/11\/06\/a-declaracao-de-savarino-sobre-a-final-da-libertadores\/","og_locale":"pt_BR","og_type":"article","og_title":"A declara\u00e7\u00e3o de Savarino sobre a final da Libertadores","og_description":"Botafogo e Atl\u00e9tico-MG duelam na grande decis\u00e3o A grande final da Conmebol Libertadores ser\u00e1 entre Botafogo e Atl\u00e9tico-MG, ainda neste m\u00eas de novembro. Jefferson Savarino j\u00e1 defendeu o Galo e hoje veste as cores do Glorioso, sendo inclusive o camisa 10 da equipe. O jogador comentou sobre o duelo entre os times brasileiros. \u201cA verdade [&hellip;]","og_url":"https:\/\/www.gaveanews.com\/index.php\/2024\/11\/06\/a-declaracao-de-savarino-sobre-a-final-da-libertadores\/","og_site_name":"G\u00e1vea News","article_publisher":"https:\/\/facebook.com\/gaveaNews\/","article_published_time":"2024-11-06T16:25:00+00:00","og_image":[{"width":774,"height":516,"url":"https:\/\/www.gaveanews.com\/wp-content\/uploads\/Savarino-Botafogo.webp","type":"image\/jpeg"}],"author":"Andr\u00e9 Serra","twitter_card":"summary_large_image","twitter_misc":{"Escrito por":"Andr\u00e9 Serra","Est. tempo de leitura":"3 minutos"},"schema":{"@context":"https:\/\/schema.org","@graph":[{"@type":"NewsArticle","@id":"https:\/\/www.gaveanews.com\/index.php\/2024\/11\/06\/a-declaracao-de-savarino-sobre-a-final-da-libertadores\/#article","isPartOf":{"@id":"https:\/\/www.gaveanews.com\/index.php\/2024\/11\/06\/a-declaracao-de-savarino-sobre-a-final-da-libertadores\/"},"author":{"name":"Andr\u00e9 Serra","@id":"https:\/\/www.gaveanews.com\/#\/schema\/person\/0277a79a1289c451c281ec0411d84f0c"},"headline":"A declara\u00e7\u00e3o de Savarino sobre a final da Libertadores","datePublished":"2024-11-06T16:25:00+00:00","mainEntityOfPage":{"@id":"https:\/\/www.gaveanews.com\/index.php\/2024\/11\/06\/a-declaracao-de-savarino-sobre-a-final-da-libertadores\/"},"wordCount":356,"commentCount":0,"image":{"@id":"https:\/\/www.gaveanews.com\/index.php\/2024\/11\/06\/a-declaracao-de-savarino-sobre-a-final-da-libertadores\/#primaryimage"},"thumbnailUrl":"https:\/\/www.gaveanews.com\/wp-content\/uploads\/Savarino-Botafogo.webp","articleSection":["Atl\u00e9tico-MG","Botafogo"],"inLanguage":"pt-BR","potentialAction":[{"@type":"CommentAction","name":"Comment","target":["https:\/\/www.gaveanews.com\/index.php\/2024\/11\/06\/a-declaracao-de-savarino-sobre-a-final-da-libertadores\/#respond"]}],"copyrightYear":"2024","copyrightHolder":{"@id":"https:\/\/www.gaveanews.com\/#organization"}},{"@type":"WebPage","@id":"https:\/\/www.gaveanews.com\/index.php\/2024\/11\/06\/a-declaracao-de-savarino-sobre-a-final-da-libertadores\/","url":"https:\/\/www.gaveanews.com\/index.php\/2024\/11\/06\/a-declaracao-de-savarino-sobre-a-final-da-libertadores\/","name":"A declara\u00e7\u00e3o de Savarino sobre a final da Libertadores","isPartOf":{"@id":"https:\/\/www.gaveanews.com\/#website"},"primaryImageOfPage":{"@id":"https:\/\/www.gaveanews.com\/index.php\/2024\/11\/06\/a-declaracao-de-savarino-sobre-a-final-da-libertadores\/#primaryimage"},"image":{"@id":"https:\/\/www.gaveanews.com\/index.php\/2024\/11\/06\/a-declaracao-de-savarino-sobre-a-final-da-libertadores\/#primaryimage"},"thumbnailUrl":"https:\/\/www.gaveanews.com\/wp-content\/uploads\/Savarino-Botafogo.webp","datePublished":"2024-11-06T16:25:00+00:00","author":{"@id":"https:\/\/www.gaveanews.com\/#\/schema\/person\/0277a79a1289c451c281ec0411d84f0c"},"breadcrumb":{"@id":"https:\/\/www.gaveanews.com\/index.php\/2024\/11\/06\/a-declaracao-de-savarino-sobre-a-final-da-libertadores\/#breadcrumb"},"inLanguage":"pt-BR","potentialAction":[{"@type":"ReadAction","target":["https:\/\/www.gaveanews.com\/index.php\/2024\/11\/06\/a-declaracao-de-savarino-sobre-a-final-da-libertadores\/"]}]},{"@type":"ImageObject","inLanguage":"pt-BR","@id":"https:\/\/www.gaveanews.com\/index.php\/2024\/11\/06\/a-declaracao-de-savarino-sobre-a-final-da-libertadores\/#primaryimage","url":"https:\/\/www.gaveanews.com\/wp-content\/uploads\/Savarino-Botafogo.webp","contentUrl":"https:\/\/www.gaveanews.com\/wp-content\/uploads\/Savarino-Botafogo.webp","width":774,"height":516,"caption":"Savarino em a\u00e7\u00e3o pelo Botafogo (Foto: Vitor Silva\/Botafogo)"},{"@type":"BreadcrumbList","@id":"https:\/\/www.gaveanews.com\/index.php\/2024\/11\/06\/a-declaracao-de-savarino-sobre-a-final-da-libertadores\/#breadcrumb","itemListElement":[{"@type":"ListItem","position":1,"name":"Home","item":"https:\/\/www.gaveanews.com\/"},{"@type":"ListItem","position":2,"name":"A declara\u00e7\u00e3o de Savarino sobre a final da Libertadores"}]},{"@type":"WebSite","@id":"https:\/\/www.gaveanews.com\/#website","url":"https:\/\/www.gaveanews.com\/","name":"G\u00e1vea News","description":"Veja todas as not\u00edcias sobre o Flamengo: Contrata\u00e7\u00f5es, categorias de base, resultados das partidas, tabela de classifica\u00e7\u00e3o, pr\u00f3ximos jogos!","potentialAction":[{"@type":"SearchAction","target":{"@type":"EntryPoint","urlTemplate":"https:\/\/www.gaveanews.com\/?s={search_term_string}"},"query-input":{"@type":"PropertyValueSpecification","valueRequired":true,"valueName":"search_term_string"}}],"inLanguage":"pt-BR"},{"@type":"Person","@id":"https:\/\/www.gaveanews.com\/#\/schema\/person\/0277a79a1289c451c281ec0411d84f0c","name":"Andr\u00e9 Serra","image":{"@type":"ImageObject","inLanguage":"pt-BR","@id":"https:\/\/www.gaveanews.com\/#\/schema\/person\/image\/","url":"https:\/\/secure.gravatar.com\/avatar\/d7231369fe48db93292b3e88eb2162dbd9a34a47a8437d9ef3bcaca2a86a83d7?s=96&d=mm&r=g","contentUrl":"https:\/\/secure.gravatar.com\/avatar\/d7231369fe48db93292b3e88eb2162dbd9a34a47a8437d9ef3bcaca2a86a83d7?s=96&d=mm&r=g","caption":"Andr\u00e9 Serra"}}]}},"_links":{"self":[{"href":"https:\/\/www.gaveanews.com\/index.php\/wp-json\/wp\/v2\/posts\/181674","targetHints":{"allow":["GET"]}}],"collection":[{"href":"https:\/\/www.gaveanews.com\/index.php\/wp-json\/wp\/v2\/posts"}],"about":[{"href":"https:\/\/www.gaveanews.com\/index.php\/wp-json\/wp\/v2\/types\/post"}],"author":[{"embeddable":true,"href":"https:\/\/www.gaveanews.com\/index.php\/wp-json\/wp\/v2\/users\/21"}],"replies":[{"embeddable":true,"href":"https:\/\/www.gaveanews.com\/index.php\/wp-json\/wp\/v2\/comments?post=181674"}],"version-history":[{"count":1,"href":"https:\/\/www.gaveanews.com\/index.php\/wp-json\/wp\/v2\/posts\/181674\/revisions"}],"predecessor-version":[{"id":181689,"href":"https:\/\/www.gaveanews.com\/index.php\/wp-json\/wp\/v2\/posts\/181674\/revisions\/181689"}],"wp:featuredmedia":[{"embeddable":true,"href":"https:\/\/www.gaveanews.com\/index.php\/wp-json\/wp\/v2\/media\/168197"}],"wp:attachment":[{"href":"https:\/\/www.gaveanews.com\/index.php\/wp-json\/wp\/v2\/media?parent=181674"}],"wp:term":[{"taxonomy":"category","embeddable":true,"href":"https:\/\/www.gaveanews.com\/index.php\/wp-json\/wp\/v2\/categories?post=181674"},{"taxonomy":"post_tag","embeddable":true,"href":"https:\/\/www.gaveanews.com\/index.php\/wp-json\/wp\/v2\/tags?post=181674"}],"curies":[{"name":"wp","href":"https:\/\/api.w.org\/{rel}","templated":true}]}}