{"id":181745,"date":"2024-11-06T06:50:00","date_gmt":"2024-11-06T09:50:00","guid":{"rendered":"https:\/\/www.gaveanews.com\/?p=181745"},"modified":"2024-11-06T01:39:36","modified_gmt":"2024-11-06T04:39:36","slug":"valor-por-willian-jose-situacao-com-morte-de-torcedor-e-jogadores-com-mais-desarmes-as-ultimas-noticias-do-palmeiras","status":"publish","type":"post","link":"https:\/\/www.gaveanews.com\/index.php\/2024\/11\/06\/valor-por-willian-jose-situacao-com-morte-de-torcedor-e-jogadores-com-mais-desarmes-as-ultimas-noticias-do-palmeiras\/","title":{"rendered":"Valor por Willian Jos\u00e9, situa\u00e7\u00e3o com morte de torcedor e jogadores com mais desarmes: as \u00faltimas not\u00edcias do Palmeiras"},"content":{"rendered":"\n<p>Nas \u00faltimas horas, o foco das not\u00edcias sobre o Palmeiras se concentram nos bastidores do clube, com destaques como a situa\u00e7\u00e3o com morte de torcedor e jogadores com mais desarmes.<\/p>\n\n\n\n<p>Por conta deste contexto, leia abaixo um resumo preparado pela equipe do portal G\u00e1vea News para lhe manter muito bem informado!<\/p>\n\n\n\n<h2 class=\"wp-block-heading\" id=\"h-jogadores-com-mais-desarmes\">Jogadores com mais desarmes<\/h2>\n\n\n\n<p>O Palmeiras conta com uma defesa s\u00f3lida, refletida nas estat\u00edsticas de desarmes de seus jogadores no Brasileir\u00e3o. Richard R\u00edos lidera com 2.4 desarmes por jogo, destacando-se entre os principais defensores do time. Em seguida, Marcos Rocha contribui com uma m\u00e9dia de 2.0 desarmes por partida, mostrando sua import\u00e2ncia na lateral direita. <strong><a href=\"https:\/\/www.gaveanews.com\/index.php\/2024\/11\/05\/anibal-moreno-caio-paulista-gabriel-menino-gustavo-gomez-marcos-rocha-mayke-murilo-piquerez-richard-rios-e-ze-rafael-os-jogadores-do-palmeiras-com-mais-desarmes-por-jogo-no-brasileirao\/\">(leia a mat\u00e9ria completa)<\/a><\/strong><\/p>\n\n\n\n<figure class=\"wp-block-image size-large\"><img loading=\"lazy\" decoding=\"async\" width=\"1024\" height=\"683\" src=\"https:\/\/www.gaveanews.com\/wp-content\/uploads\/Jogadores-do-Palmeiras-reunidos-durante-partida-da-Copa-do-Brasil-2024-1024x683.webp\" alt=\"\" class=\"wp-image-158317\" srcset=\"https:\/\/www.gaveanews.com\/wp-content\/uploads\/Jogadores-do-Palmeiras-reunidos-durante-partida-da-Copa-do-Brasil-2024-1024x683.webp 1024w, https:\/\/www.gaveanews.com\/wp-content\/uploads\/Jogadores-do-Palmeiras-reunidos-durante-partida-da-Copa-do-Brasil-2024-300x200.webp 300w, https:\/\/www.gaveanews.com\/wp-content\/uploads\/Jogadores-do-Palmeiras-reunidos-durante-partida-da-Copa-do-Brasil-2024-768x512.webp 768w, https:\/\/www.gaveanews.com\/wp-content\/uploads\/Jogadores-do-Palmeiras-reunidos-durante-partida-da-Copa-do-Brasil-2024-629x420.webp 629w, https:\/\/www.gaveanews.com\/wp-content\/uploads\/Jogadores-do-Palmeiras-reunidos-durante-partida-da-Copa-do-Brasil-2024-640x427.webp 640w, https:\/\/www.gaveanews.com\/wp-content\/uploads\/Jogadores-do-Palmeiras-reunidos-durante-partida-da-Copa-do-Brasil-2024-681x454.webp 681w, https:\/\/www.gaveanews.com\/wp-content\/uploads\/Jogadores-do-Palmeiras-reunidos-durante-partida-da-Copa-do-Brasil-2024-100x67.webp 100w, https:\/\/www.gaveanews.com\/wp-content\/uploads\/Jogadores-do-Palmeiras-reunidos-durante-partida-da-Copa-do-Brasil-2024.webp 1187w\" sizes=\"auto, (max-width: 1024px) 100vw, 1024px\" \/><figcaption class=\"wp-element-caption\">Jogadores do Palmeiras reunidos durante partida da Copa do Brasil 2024 (Foto: Reprodu\u00e7\u00e3o\/Palmeiras)<\/figcaption><\/figure>\n\n\n\n<p>Joaqu\u00edn Piquerez, lateral-esquerdo, aparece em terceiro lugar, com 1.7 desarmes por jogo em 16 partidas, das quais foi titular em 15. Outros nomes que se destacam s\u00e3o Mayke e Murilo, ambos com 1.6 desarmes por jogo, refor\u00e7ando a efici\u00eancia defensiva da equipe. O zagueiro paraguaio Gustavo G\u00f3mez, capit\u00e3o do time, mant\u00e9m uma m\u00e9dia de 1.3 desarmes, comprovando sua lideran\u00e7a e papel defensivo.<\/p>\n\n\n\n<p>A lista inclui ainda Gabriel Menino e Caio Paulista, cada um com 1.2 desarmes por jogo, evidenciando a consist\u00eancia do elenco. An\u00edbal Moreno e Z\u00e9 Rafael tamb\u00e9m figuram com desempenhos significativos, ambos com m\u00e9dias de 1.6 desarmes, contribuindo para a solidez do meio-campo e defesa do time.<\/p>\n\n\n\n<h2 class=\"wp-block-heading\" id=\"h-situacao-com-morte-de-torcedor\">Situa\u00e7\u00e3o com morte de torcedor<\/h2>\n\n\n\n<p>Jos\u00e9 Victor Miranda dos Santos, torcedor do Cruzeiro, enviou uma \u00faltima mensagem carinhosa \u00e0 m\u00e3e, Jaqueline Alves, antes de partir para Curitiba para assistir ao jogo contra o Athletico-PR. No retorno para Belo Horizonte, ocorreu uma trag\u00e9dia: os \u00f4nibus da torcida organizada M\u00e1fia Azul foram atacados por membros da Mancha Verde, do Palmeiras, em Mairipor\u00e3 (SP). <strong><a href=\"https:\/\/www.gaveanews.com\/index.php\/2024\/11\/04\/essa-foi-a-ultima-mensagem-que-ele-mandou-para-a-sua-mae-antes-da-tragedia-com-a-mancha-verde\/\">(leia a mat\u00e9ria completa)<\/a><\/strong><\/p>\n\n\n\n<figure class=\"wp-block-image size-full\"><img loading=\"lazy\" decoding=\"async\" width=\"1062\" height=\"708\" src=\"https:\/\/www.gaveanews.com\/wp-content\/uploads\/Bandeira-do-Cruzeiro.webp\" alt=\"\" class=\"wp-image-175601\" srcset=\"https:\/\/www.gaveanews.com\/wp-content\/uploads\/Bandeira-do-Cruzeiro.webp 1062w, https:\/\/www.gaveanews.com\/wp-content\/uploads\/Bandeira-do-Cruzeiro-300x200.webp 300w, https:\/\/www.gaveanews.com\/wp-content\/uploads\/Bandeira-do-Cruzeiro-1024x683.webp 1024w, https:\/\/www.gaveanews.com\/wp-content\/uploads\/Bandeira-do-Cruzeiro-768x512.webp 768w, https:\/\/www.gaveanews.com\/wp-content\/uploads\/Bandeira-do-Cruzeiro-630x420.webp 630w, https:\/\/www.gaveanews.com\/wp-content\/uploads\/Bandeira-do-Cruzeiro-640x427.webp 640w, https:\/\/www.gaveanews.com\/wp-content\/uploads\/Bandeira-do-Cruzeiro-681x454.webp 681w, https:\/\/www.gaveanews.com\/wp-content\/uploads\/Bandeira-do-Cruzeiro-100x67.webp 100w\" sizes=\"auto, (max-width: 1062px) 100vw, 1062px\" \/><figcaption class=\"wp-element-caption\">Bandeira do Cruzeiro (Foto: Reprodu\u00e7\u00e3o\/Cruzeiro)<\/figcaption><\/figure>\n\n\n\n<p>O ataque, que ocorreu ap\u00f3s os pneus dos ve\u00edculos serem perfurados com pregos na pista, envolveu fogos de artif\u00edcio e barras de ferro, resultando em queimaduras em 70% do corpo de Jos\u00e9 Victor.<\/p>\n\n\n\n<p>A m\u00e3e, Jaqueline, em entrevista, expressou sua dor e desejo por justi\u00e7a, ressaltando que n\u00e3o busca vingan\u00e7a, mas sim uma resposta justa para a brutalidade enfrentada. \u201cEles estavam dormindo. Isso d\u00f3i\u201d, declarou ela, destacando a viol\u00eancia covarde do ataque. A fam\u00edlia agora luta para que o caso seja levado a s\u00e9rio e n\u00e3o se torne apenas mais uma estat\u00edstica entre tantos incidentes similares.<\/p>\n\n\n\n<p>A Mancha Verde, em comunicado oficial, negou ter participado ou incentivado a a\u00e7\u00e3o contra os torcedores do Cruzeiro. O apelo por justi\u00e7a por parte da fam\u00edlia de Jos\u00e9 Victor refor\u00e7a a necessidade de medidas mais eficazes para combater a viol\u00eancia entre torcidas organizadas no pa\u00eds.<\/p>\n\n\n\n<h2 class=\"wp-block-heading\" id=\"h-valor-por-willian-jose\">Valor por Willian Jos\u00e9<\/h2>\n\n\n\n<p>O Palmeiras decidiu redirecionar suas aten\u00e7\u00f5es para o atacante Willian Jos\u00e9, atualmente no Spartak, ap\u00f3s desistir da contrata\u00e7\u00e3o de Gabriel Barbosa, do Flamengo. A busca por refor\u00e7os no ataque se intensificou com o interesse de clubes europeus no argentino Juan Manuel L\u00f3pez, cuja sa\u00edda pode impactar o setor ofensivo do time. Abel Ferreira, t\u00e9cnico da equipe, manifestou desejo de manter L\u00f3pez, mas a diretoria explora alternativas caso ele se transfira. <strong><a href=\"https:\/\/www.gaveanews.com\/index.php\/2024\/11\/03\/esse-e-o-valor-que-o-palmeiras-vai-ter-que-pagar-por-willian-jose\/\">(leia a mat\u00e9ria completa)<\/a><\/strong><\/p>\n\n\n\n<figure class=\"wp-block-image size-full is-resized\"><img loading=\"lazy\" decoding=\"async\" width=\"696\" height=\"385\" src=\"https:\/\/www.gaveanews.com\/wp-content\/uploads\/A-presidente-Leila-Pereira-da-SE-Palmeiras-durante-coletiva-de-imprensa-na-Academia-de-Futebol-2-696x385-1.webp\" alt=\"\" class=\"wp-image-142474\" style=\"width:726px;height:auto\" srcset=\"https:\/\/www.gaveanews.com\/wp-content\/uploads\/A-presidente-Leila-Pereira-da-SE-Palmeiras-durante-coletiva-de-imprensa-na-Academia-de-Futebol-2-696x385-1.webp 696w, https:\/\/www.gaveanews.com\/wp-content\/uploads\/A-presidente-Leila-Pereira-da-SE-Palmeiras-durante-coletiva-de-imprensa-na-Academia-de-Futebol-2-696x385-1-300x166.webp 300w, https:\/\/www.gaveanews.com\/wp-content\/uploads\/A-presidente-Leila-Pereira-da-SE-Palmeiras-durante-coletiva-de-imprensa-na-Academia-de-Futebol-2-696x385-1-640x354.webp 640w, https:\/\/www.gaveanews.com\/wp-content\/uploads\/A-presidente-Leila-Pereira-da-SE-Palmeiras-durante-coletiva-de-imprensa-na-Academia-de-Futebol-2-696x385-1-681x377.webp 681w, https:\/\/www.gaveanews.com\/wp-content\/uploads\/A-presidente-Leila-Pereira-da-SE-Palmeiras-durante-coletiva-de-imprensa-na-Academia-de-Futebol-2-696x385-1-100x55.webp 100w\" sizes=\"auto, (max-width: 696px) 100vw, 696px\" \/><figcaption class=\"wp-element-caption\">Foto: Cesar Greco\/Palmeiras<\/figcaption><\/figure>\n\n\n\n<p>Willian Jos\u00e9, monitorado desde sua passagem pelo Real Betis, recebe um sal\u00e1rio anual de 1,7 milh\u00e3o de euros (aproximadamente R$ 10,7 milh\u00f5es), valor que est\u00e1 dentro das possibilidades financeiras do Palmeiras. Contudo, a negocia\u00e7\u00e3o n\u00e3o seria simples, pois o contrato do jogador com o Spartak vai at\u00e9 junho de 2026, e sua multa rescis\u00f3ria \u00e9 de 30 milh\u00f5es de euros (cerca de R$ 190,1 milh\u00f5es). Para concretizar a transfer\u00eancia, um acordo precisaria ser feito para reduzir esse valor.<\/p>\n\n\n\n<p>Leila Pereira, presidente do Palmeiras, tem analisado com cautela essa poss\u00edvel aquisi\u00e7\u00e3o, considerando a necessidade de manter a sa\u00fade financeira do clube. A decis\u00e3o final depender\u00e1 da viabilidade de um acordo que beneficie todas as partes envolvidas.<\/p>\n","protected":false},"excerpt":{"rendered":"<p>Nas \u00faltimas horas, o foco das not\u00edcias sobre o Palmeiras se concentram nos bastidores do clube, com destaques como a situa\u00e7\u00e3o com morte de torcedor e jogadores com mais desarmes. Por conta deste contexto, leia abaixo um resumo preparado pela equipe do portal G\u00e1vea News para lhe manter muito bem informado! Jogadores com mais desarmes [&hellip;]<\/p>\n","protected":false},"author":27,"featured_media":171703,"comment_status":"open","ping_status":"closed","sticky":false,"template":"","format":"standard","meta":{"footnotes":""},"categories":[150],"tags":[],"class_list":["post-181745","post","type-post","status-publish","format-standard","has-post-thumbnail","hentry","category-palmeiras"],"yoast_head":"<!-- This site is optimized with the Yoast SEO Premium plugin v24.2 (Yoast SEO v26.9) - https:\/\/yoast.com\/product\/yoast-seo-premium-wordpress\/ -->\n<title>Valor por Willian Jos\u00e9, situa\u00e7\u00e3o com morte de torcedor e jogadores com mais desarmes: as \u00faltimas not\u00edcias do Palmeiras<\/title>\n<meta name=\"robots\" content=\"index, follow, max-snippet:-1, max-image-preview:large, max-video-preview:-1\" \/>\n<link rel=\"canonical\" href=\"https:\/\/www.gaveanews.com\/index.php\/2024\/11\/06\/valor-por-willian-jose-situacao-com-morte-de-torcedor-e-jogadores-com-mais-desarmes-as-ultimas-noticias-do-palmeiras\/\" \/>\n<meta property=\"og:locale\" content=\"pt_BR\" \/>\n<meta property=\"og:type\" content=\"article\" \/>\n<meta property=\"og:title\" content=\"Valor por Willian Jos\u00e9, situa\u00e7\u00e3o com morte de torcedor e jogadores com mais desarmes: as \u00faltimas not\u00edcias do Palmeiras\" \/>\n<meta property=\"og:description\" content=\"Nas \u00faltimas horas, o foco das not\u00edcias sobre o Palmeiras se concentram nos bastidores do clube, com destaques como a situa\u00e7\u00e3o com morte de torcedor e jogadores com mais desarmes. Por conta deste contexto, leia abaixo um resumo preparado pela equipe do portal G\u00e1vea News para lhe manter muito bem informado! Jogadores com mais desarmes [&hellip;]\" \/>\n<meta property=\"og:url\" content=\"https:\/\/www.gaveanews.com\/index.php\/2024\/11\/06\/valor-por-willian-jose-situacao-com-morte-de-torcedor-e-jogadores-com-mais-desarmes-as-ultimas-noticias-do-palmeiras\/\" \/>\n<meta property=\"og:site_name\" content=\"G\u00e1vea News\" \/>\n<meta property=\"article:publisher\" content=\"https:\/\/facebook.com\/gaveaNews\/\" \/>\n<meta property=\"article:published_time\" content=\"2024-11-06T09:50:00+00:00\" \/>\n<meta property=\"og:image\" content=\"https:\/\/www.gaveanews.com\/wp-content\/uploads\/Mayke-em-acao-pelo-Palmeiras.webp\" \/>\n\t<meta property=\"og:image:width\" content=\"1463\" \/>\n\t<meta property=\"og:image:height\" content=\"1000\" \/>\n\t<meta property=\"og:image:type\" content=\"image\/jpeg\" \/>\n<meta name=\"author\" content=\"Matheus Felipe\" \/>\n<meta name=\"twitter:card\" content=\"summary_large_image\" \/>\n<meta name=\"twitter:label1\" content=\"Escrito por\" \/>\n\t<meta name=\"twitter:data1\" content=\"Matheus Felipe\" \/>\n\t<meta name=\"twitter:label2\" content=\"Est. tempo de leitura\" \/>\n\t<meta name=\"twitter:data2\" content=\"5 minutos\" \/>\n<script type=\"application\/ld+json\" class=\"yoast-schema-graph\">{\"@context\":\"https:\/\/schema.org\",\"@graph\":[{\"@type\":\"NewsArticle\",\"@id\":\"https:\/\/www.gaveanews.com\/index.php\/2024\/11\/06\/valor-por-willian-jose-situacao-com-morte-de-torcedor-e-jogadores-com-mais-desarmes-as-ultimas-noticias-do-palmeiras\/#article\",\"isPartOf\":{\"@id\":\"https:\/\/www.gaveanews.com\/index.php\/2024\/11\/06\/valor-por-willian-jose-situacao-com-morte-de-torcedor-e-jogadores-com-mais-desarmes-as-ultimas-noticias-do-palmeiras\/\"},\"author\":{\"name\":\"Matheus Felipe\",\"@id\":\"https:\/\/www.gaveanews.com\/#\/schema\/person\/8207cd4627f56151707418bfc835b2fb\"},\"headline\":\"Valor por Willian Jos\u00e9, situa\u00e7\u00e3o com morte de torcedor e jogadores com mais desarmes: as \u00faltimas not\u00edcias do Palmeiras\",\"datePublished\":\"2024-11-06T09:50:00+00:00\",\"mainEntityOfPage\":{\"@id\":\"https:\/\/www.gaveanews.com\/index.php\/2024\/11\/06\/valor-por-willian-jose-situacao-com-morte-de-torcedor-e-jogadores-com-mais-desarmes-as-ultimas-noticias-do-palmeiras\/\"},\"wordCount\":716,\"commentCount\":0,\"image\":{\"@id\":\"https:\/\/www.gaveanews.com\/index.php\/2024\/11\/06\/valor-por-willian-jose-situacao-com-morte-de-torcedor-e-jogadores-com-mais-desarmes-as-ultimas-noticias-do-palmeiras\/#primaryimage\"},\"thumbnailUrl\":\"https:\/\/www.gaveanews.com\/wp-content\/uploads\/Mayke-em-acao-pelo-Palmeiras.webp\",\"articleSection\":[\"Palmeiras\"],\"inLanguage\":\"pt-BR\",\"potentialAction\":[{\"@type\":\"CommentAction\",\"name\":\"Comment\",\"target\":[\"https:\/\/www.gaveanews.com\/index.php\/2024\/11\/06\/valor-por-willian-jose-situacao-com-morte-de-torcedor-e-jogadores-com-mais-desarmes-as-ultimas-noticias-do-palmeiras\/#respond\"]}],\"copyrightYear\":\"2024\",\"copyrightHolder\":{\"@id\":\"https:\/\/www.gaveanews.com\/#organization\"}},{\"@type\":\"WebPage\",\"@id\":\"https:\/\/www.gaveanews.com\/index.php\/2024\/11\/06\/valor-por-willian-jose-situacao-com-morte-de-torcedor-e-jogadores-com-mais-desarmes-as-ultimas-noticias-do-palmeiras\/\",\"url\":\"https:\/\/www.gaveanews.com\/index.php\/2024\/11\/06\/valor-por-willian-jose-situacao-com-morte-de-torcedor-e-jogadores-com-mais-desarmes-as-ultimas-noticias-do-palmeiras\/\",\"name\":\"Valor por Willian Jos\u00e9, situa\u00e7\u00e3o com morte de torcedor e jogadores com mais desarmes: as \u00faltimas not\u00edcias do Palmeiras\",\"isPartOf\":{\"@id\":\"https:\/\/www.gaveanews.com\/#website\"},\"primaryImageOfPage\":{\"@id\":\"https:\/\/www.gaveanews.com\/index.php\/2024\/11\/06\/valor-por-willian-jose-situacao-com-morte-de-torcedor-e-jogadores-com-mais-desarmes-as-ultimas-noticias-do-palmeiras\/#primaryimage\"},\"image\":{\"@id\":\"https:\/\/www.gaveanews.com\/index.php\/2024\/11\/06\/valor-por-willian-jose-situacao-com-morte-de-torcedor-e-jogadores-com-mais-desarmes-as-ultimas-noticias-do-palmeiras\/#primaryimage\"},\"thumbnailUrl\":\"https:\/\/www.gaveanews.com\/wp-content\/uploads\/Mayke-em-acao-pelo-Palmeiras.webp\",\"datePublished\":\"2024-11-06T09:50:00+00:00\",\"author\":{\"@id\":\"https:\/\/www.gaveanews.com\/#\/schema\/person\/8207cd4627f56151707418bfc835b2fb\"},\"breadcrumb\":{\"@id\":\"https:\/\/www.gaveanews.com\/index.php\/2024\/11\/06\/valor-por-willian-jose-situacao-com-morte-de-torcedor-e-jogadores-com-mais-desarmes-as-ultimas-noticias-do-palmeiras\/#breadcrumb\"},\"inLanguage\":\"pt-BR\",\"potentialAction\":[{\"@type\":\"ReadAction\",\"target\":[\"https:\/\/www.gaveanews.com\/index.php\/2024\/11\/06\/valor-por-willian-jose-situacao-com-morte-de-torcedor-e-jogadores-com-mais-desarmes-as-ultimas-noticias-do-palmeiras\/\"]}]},{\"@type\":\"ImageObject\",\"inLanguage\":\"pt-BR\",\"@id\":\"https:\/\/www.gaveanews.com\/index.php\/2024\/11\/06\/valor-por-willian-jose-situacao-com-morte-de-torcedor-e-jogadores-com-mais-desarmes-as-ultimas-noticias-do-palmeiras\/#primaryimage\",\"url\":\"https:\/\/www.gaveanews.com\/wp-content\/uploads\/Mayke-em-acao-pelo-Palmeiras.webp\",\"contentUrl\":\"https:\/\/www.gaveanews.com\/wp-content\/uploads\/Mayke-em-acao-pelo-Palmeiras.webp\",\"width\":1463,\"height\":1000,\"caption\":\"Mayke em a\u00e7\u00e3o pelo Palmeiras (Foto: Cesar Greco\/Palmeiras)\"},{\"@type\":\"BreadcrumbList\",\"@id\":\"https:\/\/www.gaveanews.com\/index.php\/2024\/11\/06\/valor-por-willian-jose-situacao-com-morte-de-torcedor-e-jogadores-com-mais-desarmes-as-ultimas-noticias-do-palmeiras\/#breadcrumb\",\"itemListElement\":[{\"@type\":\"ListItem\",\"position\":1,\"name\":\"Home\",\"item\":\"https:\/\/www.gaveanews.com\/\"},{\"@type\":\"ListItem\",\"position\":2,\"name\":\"Valor por Willian Jos\u00e9, situa\u00e7\u00e3o com morte de torcedor e jogadores com mais desarmes: as \u00faltimas not\u00edcias do Palmeiras\"}]},{\"@type\":\"WebSite\",\"@id\":\"https:\/\/www.gaveanews.com\/#website\",\"url\":\"https:\/\/www.gaveanews.com\/\",\"name\":\"G\u00e1vea News\",\"description\":\"Veja todas as not\u00edcias sobre o Flamengo: Contrata\u00e7\u00f5es, categorias de base, resultados das partidas, tabela de classifica\u00e7\u00e3o, pr\u00f3ximos jogos!\",\"potentialAction\":[{\"@type\":\"SearchAction\",\"target\":{\"@type\":\"EntryPoint\",\"urlTemplate\":\"https:\/\/www.gaveanews.com\/?s={search_term_string}\"},\"query-input\":{\"@type\":\"PropertyValueSpecification\",\"valueRequired\":true,\"valueName\":\"search_term_string\"}}],\"inLanguage\":\"pt-BR\"},{\"@type\":\"Person\",\"@id\":\"https:\/\/www.gaveanews.com\/#\/schema\/person\/8207cd4627f56151707418bfc835b2fb\",\"name\":\"Matheus Felipe\",\"image\":{\"@type\":\"ImageObject\",\"inLanguage\":\"pt-BR\",\"@id\":\"https:\/\/www.gaveanews.com\/#\/schema\/person\/image\/\",\"url\":\"https:\/\/secure.gravatar.com\/avatar\/a452ffbed9130f726358b298bb3a99ce4bd3c5338411f8440e87e14d74c7c087?s=96&d=mm&r=g\",\"contentUrl\":\"https:\/\/secure.gravatar.com\/avatar\/a452ffbed9130f726358b298bb3a99ce4bd3c5338411f8440e87e14d74c7c087?s=96&d=mm&r=g\",\"caption\":\"Matheus Felipe\"}}]}<\/script>\n<!-- \/ Yoast SEO Premium plugin. -->","yoast_head_json":{"title":"Valor por Willian Jos\u00e9, situa\u00e7\u00e3o com morte de torcedor e jogadores com mais desarmes: as \u00faltimas not\u00edcias do Palmeiras","robots":{"index":"index","follow":"follow","max-snippet":"max-snippet:-1","max-image-preview":"max-image-preview:large","max-video-preview":"max-video-preview:-1"},"canonical":"https:\/\/www.gaveanews.com\/index.php\/2024\/11\/06\/valor-por-willian-jose-situacao-com-morte-de-torcedor-e-jogadores-com-mais-desarmes-as-ultimas-noticias-do-palmeiras\/","og_locale":"pt_BR","og_type":"article","og_title":"Valor por Willian Jos\u00e9, situa\u00e7\u00e3o com morte de torcedor e jogadores com mais desarmes: as \u00faltimas not\u00edcias do Palmeiras","og_description":"Nas \u00faltimas horas, o foco das not\u00edcias sobre o Palmeiras se concentram nos bastidores do clube, com destaques como a situa\u00e7\u00e3o com morte de torcedor e jogadores com mais desarmes. Por conta deste contexto, leia abaixo um resumo preparado pela equipe do portal G\u00e1vea News para lhe manter muito bem informado! Jogadores com mais desarmes [&hellip;]","og_url":"https:\/\/www.gaveanews.com\/index.php\/2024\/11\/06\/valor-por-willian-jose-situacao-com-morte-de-torcedor-e-jogadores-com-mais-desarmes-as-ultimas-noticias-do-palmeiras\/","og_site_name":"G\u00e1vea News","article_publisher":"https:\/\/facebook.com\/gaveaNews\/","article_published_time":"2024-11-06T09:50:00+00:00","og_image":[{"width":1463,"height":1000,"url":"https:\/\/www.gaveanews.com\/wp-content\/uploads\/Mayke-em-acao-pelo-Palmeiras.webp","type":"image\/jpeg"}],"author":"Matheus Felipe","twitter_card":"summary_large_image","twitter_misc":{"Escrito por":"Matheus Felipe","Est. tempo de leitura":"5 minutos"},"schema":{"@context":"https:\/\/schema.org","@graph":[{"@type":"NewsArticle","@id":"https:\/\/www.gaveanews.com\/index.php\/2024\/11\/06\/valor-por-willian-jose-situacao-com-morte-de-torcedor-e-jogadores-com-mais-desarmes-as-ultimas-noticias-do-palmeiras\/#article","isPartOf":{"@id":"https:\/\/www.gaveanews.com\/index.php\/2024\/11\/06\/valor-por-willian-jose-situacao-com-morte-de-torcedor-e-jogadores-com-mais-desarmes-as-ultimas-noticias-do-palmeiras\/"},"author":{"name":"Matheus Felipe","@id":"https:\/\/www.gaveanews.com\/#\/schema\/person\/8207cd4627f56151707418bfc835b2fb"},"headline":"Valor por Willian Jos\u00e9, situa\u00e7\u00e3o com morte de torcedor e jogadores com mais desarmes: as \u00faltimas not\u00edcias do Palmeiras","datePublished":"2024-11-06T09:50:00+00:00","mainEntityOfPage":{"@id":"https:\/\/www.gaveanews.com\/index.php\/2024\/11\/06\/valor-por-willian-jose-situacao-com-morte-de-torcedor-e-jogadores-com-mais-desarmes-as-ultimas-noticias-do-palmeiras\/"},"wordCount":716,"commentCount":0,"image":{"@id":"https:\/\/www.gaveanews.com\/index.php\/2024\/11\/06\/valor-por-willian-jose-situacao-com-morte-de-torcedor-e-jogadores-com-mais-desarmes-as-ultimas-noticias-do-palmeiras\/#primaryimage"},"thumbnailUrl":"https:\/\/www.gaveanews.com\/wp-content\/uploads\/Mayke-em-acao-pelo-Palmeiras.webp","articleSection":["Palmeiras"],"inLanguage":"pt-BR","potentialAction":[{"@type":"CommentAction","name":"Comment","target":["https:\/\/www.gaveanews.com\/index.php\/2024\/11\/06\/valor-por-willian-jose-situacao-com-morte-de-torcedor-e-jogadores-com-mais-desarmes-as-ultimas-noticias-do-palmeiras\/#respond"]}],"copyrightYear":"2024","copyrightHolder":{"@id":"https:\/\/www.gaveanews.com\/#organization"}},{"@type":"WebPage","@id":"https:\/\/www.gaveanews.com\/index.php\/2024\/11\/06\/valor-por-willian-jose-situacao-com-morte-de-torcedor-e-jogadores-com-mais-desarmes-as-ultimas-noticias-do-palmeiras\/","url":"https:\/\/www.gaveanews.com\/index.php\/2024\/11\/06\/valor-por-willian-jose-situacao-com-morte-de-torcedor-e-jogadores-com-mais-desarmes-as-ultimas-noticias-do-palmeiras\/","name":"Valor por Willian Jos\u00e9, situa\u00e7\u00e3o com morte de torcedor e jogadores com mais desarmes: as \u00faltimas not\u00edcias do Palmeiras","isPartOf":{"@id":"https:\/\/www.gaveanews.com\/#website"},"primaryImageOfPage":{"@id":"https:\/\/www.gaveanews.com\/index.php\/2024\/11\/06\/valor-por-willian-jose-situacao-com-morte-de-torcedor-e-jogadores-com-mais-desarmes-as-ultimas-noticias-do-palmeiras\/#primaryimage"},"image":{"@id":"https:\/\/www.gaveanews.com\/index.php\/2024\/11\/06\/valor-por-willian-jose-situacao-com-morte-de-torcedor-e-jogadores-com-mais-desarmes-as-ultimas-noticias-do-palmeiras\/#primaryimage"},"thumbnailUrl":"https:\/\/www.gaveanews.com\/wp-content\/uploads\/Mayke-em-acao-pelo-Palmeiras.webp","datePublished":"2024-11-06T09:50:00+00:00","author":{"@id":"https:\/\/www.gaveanews.com\/#\/schema\/person\/8207cd4627f56151707418bfc835b2fb"},"breadcrumb":{"@id":"https:\/\/www.gaveanews.com\/index.php\/2024\/11\/06\/valor-por-willian-jose-situacao-com-morte-de-torcedor-e-jogadores-com-mais-desarmes-as-ultimas-noticias-do-palmeiras\/#breadcrumb"},"inLanguage":"pt-BR","potentialAction":[{"@type":"ReadAction","target":["https:\/\/www.gaveanews.com\/index.php\/2024\/11\/06\/valor-por-willian-jose-situacao-com-morte-de-torcedor-e-jogadores-com-mais-desarmes-as-ultimas-noticias-do-palmeiras\/"]}]},{"@type":"ImageObject","inLanguage":"pt-BR","@id":"https:\/\/www.gaveanews.com\/index.php\/2024\/11\/06\/valor-por-willian-jose-situacao-com-morte-de-torcedor-e-jogadores-com-mais-desarmes-as-ultimas-noticias-do-palmeiras\/#primaryimage","url":"https:\/\/www.gaveanews.com\/wp-content\/uploads\/Mayke-em-acao-pelo-Palmeiras.webp","contentUrl":"https:\/\/www.gaveanews.com\/wp-content\/uploads\/Mayke-em-acao-pelo-Palmeiras.webp","width":1463,"height":1000,"caption":"Mayke em a\u00e7\u00e3o pelo Palmeiras (Foto: Cesar Greco\/Palmeiras)"},{"@type":"BreadcrumbList","@id":"https:\/\/www.gaveanews.com\/index.php\/2024\/11\/06\/valor-por-willian-jose-situacao-com-morte-de-torcedor-e-jogadores-com-mais-desarmes-as-ultimas-noticias-do-palmeiras\/#breadcrumb","itemListElement":[{"@type":"ListItem","position":1,"name":"Home","item":"https:\/\/www.gaveanews.com\/"},{"@type":"ListItem","position":2,"name":"Valor por Willian Jos\u00e9, situa\u00e7\u00e3o com morte de torcedor e jogadores com mais desarmes: as \u00faltimas not\u00edcias do Palmeiras"}]},{"@type":"WebSite","@id":"https:\/\/www.gaveanews.com\/#website","url":"https:\/\/www.gaveanews.com\/","name":"G\u00e1vea News","description":"Veja todas as not\u00edcias sobre o Flamengo: Contrata\u00e7\u00f5es, categorias de base, resultados das partidas, tabela de classifica\u00e7\u00e3o, pr\u00f3ximos jogos!","potentialAction":[{"@type":"SearchAction","target":{"@type":"EntryPoint","urlTemplate":"https:\/\/www.gaveanews.com\/?s={search_term_string}"},"query-input":{"@type":"PropertyValueSpecification","valueRequired":true,"valueName":"search_term_string"}}],"inLanguage":"pt-BR"},{"@type":"Person","@id":"https:\/\/www.gaveanews.com\/#\/schema\/person\/8207cd4627f56151707418bfc835b2fb","name":"Matheus Felipe","image":{"@type":"ImageObject","inLanguage":"pt-BR","@id":"https:\/\/www.gaveanews.com\/#\/schema\/person\/image\/","url":"https:\/\/secure.gravatar.com\/avatar\/a452ffbed9130f726358b298bb3a99ce4bd3c5338411f8440e87e14d74c7c087?s=96&d=mm&r=g","contentUrl":"https:\/\/secure.gravatar.com\/avatar\/a452ffbed9130f726358b298bb3a99ce4bd3c5338411f8440e87e14d74c7c087?s=96&d=mm&r=g","caption":"Matheus Felipe"}}]}},"_links":{"self":[{"href":"https:\/\/www.gaveanews.com\/index.php\/wp-json\/wp\/v2\/posts\/181745","targetHints":{"allow":["GET"]}}],"collection":[{"href":"https:\/\/www.gaveanews.com\/index.php\/wp-json\/wp\/v2\/posts"}],"about":[{"href":"https:\/\/www.gaveanews.com\/index.php\/wp-json\/wp\/v2\/types\/post"}],"author":[{"embeddable":true,"href":"https:\/\/www.gaveanews.com\/index.php\/wp-json\/wp\/v2\/users\/27"}],"replies":[{"embeddable":true,"href":"https:\/\/www.gaveanews.com\/index.php\/wp-json\/wp\/v2\/comments?post=181745"}],"version-history":[{"count":1,"href":"https:\/\/www.gaveanews.com\/index.php\/wp-json\/wp\/v2\/posts\/181745\/revisions"}],"predecessor-version":[{"id":181753,"href":"https:\/\/www.gaveanews.com\/index.php\/wp-json\/wp\/v2\/posts\/181745\/revisions\/181753"}],"wp:featuredmedia":[{"embeddable":true,"href":"https:\/\/www.gaveanews.com\/index.php\/wp-json\/wp\/v2\/media\/171703"}],"wp:attachment":[{"href":"https:\/\/www.gaveanews.com\/index.php\/wp-json\/wp\/v2\/media?parent=181745"}],"wp:term":[{"taxonomy":"category","embeddable":true,"href":"https:\/\/www.gaveanews.com\/index.php\/wp-json\/wp\/v2\/categories?post=181745"},{"taxonomy":"post_tag","embeddable":true,"href":"https:\/\/www.gaveanews.com\/index.php\/wp-json\/wp\/v2\/tags?post=181745"}],"curies":[{"name":"wp","href":"https:\/\/api.w.org\/{rel}","templated":true}]}}