{"id":181847,"date":"2024-11-06T08:50:00","date_gmt":"2024-11-06T11:50:00","guid":{"rendered":"https:\/\/www.gaveanews.com\/?p=181847"},"modified":"2024-11-06T01:42:18","modified_gmt":"2024-11-06T04:42:18","slug":"atitude-do-rival-contrato-ate-2025-e-boa-noticia-para-a-torcida-colorada-as-ultimas-noticias-do-internacional","status":"publish","type":"post","link":"https:\/\/www.gaveanews.com\/index.php\/2024\/11\/06\/atitude-do-rival-contrato-ate-2025-e-boa-noticia-para-a-torcida-colorada-as-ultimas-noticias-do-internacional\/","title":{"rendered":"Atitude do rival, contrato at\u00e9 2025 e boa not\u00edcia para a torcida Colorada: as \u00faltimas not\u00edcias do Internacional"},"content":{"rendered":"\n<p>Nas \u00faltimas horas, o foco das not\u00edcias sobre o Internacional se concentram nos bastidores do clube, com destaques como o contrato at\u00e9 2025 e a boa not\u00edcia para a torcida.<\/p>\n\n\n\n<p>Por conta deste contexto, leia abaixo um resumo preparado pela equipe do portal G\u00e1vea News para lhe manter muito bem informado!<\/p>\n\n\n\n<h2 class=\"wp-block-heading\" id=\"h-boa-noticia-para-a-torcida-do-colorada\">Boa not\u00edcia para a torcida do Colorada<\/h2>\n\n\n\n<p>O Internacional contar\u00e1 com for\u00e7a quase total para o confronto contra o Crici\u00fama, pela 32\u00aa rodada do Brasileir\u00e3o, hoje, no Est\u00e1dio Beira-Rio. A \u00fanica exce\u00e7\u00e3o \u00e9 o volante Fernando, ainda fora por les\u00e3o desde o Gre-Nal de 19 de outubro. Na zaga, a disputa pela titularidade entre Clayton Sampaio e Agust\u00edn Rogel permanece indefinida (leia a mat\u00e9ria completa).<\/p>\n\n\n\n<figure class=\"wp-block-image size-full\"><img loading=\"lazy\" decoding=\"async\" width=\"838\" height=\"549\" src=\"https:\/\/www.gaveanews.com\/wp-content\/uploads\/Alexandro-Bernabei-pelo-Internacional.webp\" alt=\"\" class=\"wp-image-173123\" srcset=\"https:\/\/www.gaveanews.com\/wp-content\/uploads\/Alexandro-Bernabei-pelo-Internacional.webp 838w, https:\/\/www.gaveanews.com\/wp-content\/uploads\/Alexandro-Bernabei-pelo-Internacional-300x197.webp 300w, https:\/\/www.gaveanews.com\/wp-content\/uploads\/Alexandro-Bernabei-pelo-Internacional-768x503.webp 768w, https:\/\/www.gaveanews.com\/wp-content\/uploads\/Alexandro-Bernabei-pelo-Internacional-641x420.webp 641w, https:\/\/www.gaveanews.com\/wp-content\/uploads\/Alexandro-Bernabei-pelo-Internacional-640x419.webp 640w, https:\/\/www.gaveanews.com\/wp-content\/uploads\/Alexandro-Bernabei-pelo-Internacional-681x446.webp 681w, https:\/\/www.gaveanews.com\/wp-content\/uploads\/Alexandro-Bernabei-pelo-Internacional-100x66.webp 100w\" sizes=\"auto, (max-width: 838px) 100vw, 838px\" \/><figcaption class=\"wp-element-caption\">Alexandro Bernabei pelo Internacional (Foto: Divulga\u00e7\u00e3o\/Internacional) \n<\/figcaption><\/figure>\n\n\n\n<p>O time, atualmente em 5\u00ba lugar, busca vencer para alcan\u00e7ar o G4, o que ampliaria sua sequ\u00eancia invicta de 12 jogos, desde a derrota para o Atl\u00e9tico-GO em 18 de agosto. <\/p>\n\n\n\n<p>O triunfo colocaria o Internacional \u00e0 frente do Flamengo, que jogar\u00e1 no dia seguinte contra o Cruzeiro com um elenco provavelmente alternativo, em prepara\u00e7\u00e3o para a final da Copa do Brasil.<\/p>\n\n\n\n<p>Al\u00e9m do elenco, o t\u00e9cnico Roger Machado tamb\u00e9m est\u00e1 pendurado com cart\u00f5es amarelos. Isso significa que uma advert\u00eancia na partida poderia tir\u00e1-lo do confronto seguinte, contra o Fluminense, assim como outros jogadores em situa\u00e7\u00e3o similar, como Rogel, Wesley e Borr\u00e9. A vit\u00f3ria \u00e9 vista como essencial para consolidar a posi\u00e7\u00e3o do clube na briga por uma vaga na pr\u00f3xima Libertadores.<\/p>\n\n\n\n<h2 class=\"wp-block-heading\" id=\"h-contrato-ate-2025\">Contrato at\u00e9 2025<\/h2>\n\n\n\n<p>O lateral-esquerdo Ren\u00ea, de 32 anos, recebeu uma proposta do Internacional para renovar seu contrato at\u00e9 o final de 2025. Inicialmente listado entre poss\u00edveis dispensas, Ren\u00ea foi considerado para perman\u00eancia a pedido do t\u00e9cnico Roger Machado. A oferta mant\u00e9m os termos atuais, incluindo sal\u00e1rio e cl\u00e1usulas de desempenho, sem ajustes financeiros, e ele tem at\u00e9 31 de dezembro para decidir.<strong><a href=\"https:\/\/www.gaveanews.com\/index.php\/2024\/11\/05\/ele-vai-assinar-com-o-internacional-ate-o-final-de-2025\/\"> (leia a mat\u00e9ria completa)<\/a><\/strong><\/p>\n\n\n\n<figure class=\"wp-block-image size-full\"><img loading=\"lazy\" decoding=\"async\" width=\"1024\" height=\"631\" src=\"https:\/\/www.gaveanews.com\/wp-content\/uploads\/Rene-em-acao-pelo-Internacional.webp\" alt=\"\" class=\"wp-image-166464\" srcset=\"https:\/\/www.gaveanews.com\/wp-content\/uploads\/Rene-em-acao-pelo-Internacional.webp 1024w, https:\/\/www.gaveanews.com\/wp-content\/uploads\/Rene-em-acao-pelo-Internacional-300x185.webp 300w, https:\/\/www.gaveanews.com\/wp-content\/uploads\/Rene-em-acao-pelo-Internacional-768x473.webp 768w, https:\/\/www.gaveanews.com\/wp-content\/uploads\/Rene-em-acao-pelo-Internacional-682x420.webp 682w, https:\/\/www.gaveanews.com\/wp-content\/uploads\/Rene-em-acao-pelo-Internacional-640x394.webp 640w, https:\/\/www.gaveanews.com\/wp-content\/uploads\/Rene-em-acao-pelo-Internacional-681x420.webp 681w, https:\/\/www.gaveanews.com\/wp-content\/uploads\/Rene-em-acao-pelo-Internacional-1022x631.webp 1022w, https:\/\/www.gaveanews.com\/wp-content\/uploads\/Rene-em-acao-pelo-Internacional-100x62.webp 100w\" sizes=\"auto, (max-width: 1024px) 100vw, 1024px\" \/><figcaption class=\"wp-element-caption\">Ren\u00ea em a\u00e7\u00e3o pelo Internacional (Foto: Ricardo Duarte\/Internacional)<\/figcaption><\/figure>\n\n\n\n<p>Ren\u00ea participou de 35 jogos na temporada, incluindo o Brasileir\u00e3o, Copa Sul-Americana, Copa do Brasil e Campeonato Ga\u00facho. Ele tamb\u00e9m atraiu interesse do Sport, mas a recep\u00e7\u00e3o negativa da torcida esfriou as negocia\u00e7\u00f5es. Dois clubes da S\u00e9rie B tamb\u00e9m se aproximaram, mas suas propostas foram rejeitadas.<\/p>\n\n\n\n<p>Em uma reuni\u00e3o recente com o presidente Alessandro Barcellos, Ren\u00ea discutiu os termos da renova\u00e7\u00e3o e agora deve decidir entre continuar no Internacional e disputar a posi\u00e7\u00e3o com Alexander Bernabei, ou considerar outras oportunidades.<\/p>\n\n\n\n<h2 class=\"wp-block-heading\" id=\"h-atitude-do-rival\">Atitude do rival<\/h2>\n\n\n\n<p>O Gr\u00eamio enfrenta um momento conturbado \u00e0s v\u00e9speras de seu confronto contra o Palmeiras, que acontecer\u00e1 no Allianz Parque. Em meio \u00e0s tens\u00f5es da luta contra o rebaixamento, a prepara\u00e7\u00e3o da equipe foi perturbada por um ato de vandalismo que gerou grande repercuss\u00e3o. Uma placa em homenagem a Roger Machado na cal\u00e7ada da fama do clube foi coberta de cimento, gesto de desrespeito que preocupou a diretoria, que agiu prontamente para restaurar o tributo e registrar o incidente na delegacia. <strong><a href=\"https:\/\/www.gaveanews.com\/index.php\/2024\/11\/05\/gremio-toma-atitude-apos-polemica-envolvendo-roger-machado\/\">(leia a mat\u00e9ria completa)<\/a><\/strong><\/p>\n\n\n\n<figure class=\"wp-block-image size-large\"><img loading=\"lazy\" decoding=\"async\" width=\"1024\" height=\"769\" src=\"https:\/\/www.gaveanews.com\/wp-content\/uploads\/Roger-Machado-durante-coletiva-pelo-Internacional-em-2024-1024x769.webp\" alt=\"\" class=\"wp-image-154272\" srcset=\"https:\/\/www.gaveanews.com\/wp-content\/uploads\/Roger-Machado-durante-coletiva-pelo-Internacional-em-2024-1024x769.webp 1024w, https:\/\/www.gaveanews.com\/wp-content\/uploads\/Roger-Machado-durante-coletiva-pelo-Internacional-em-2024-300x225.webp 300w, https:\/\/www.gaveanews.com\/wp-content\/uploads\/Roger-Machado-durante-coletiva-pelo-Internacional-em-2024-768x576.webp 768w, https:\/\/www.gaveanews.com\/wp-content\/uploads\/Roger-Machado-durante-coletiva-pelo-Internacional-em-2024-560x420.webp 560w, https:\/\/www.gaveanews.com\/wp-content\/uploads\/Roger-Machado-durante-coletiva-pelo-Internacional-em-2024-1119x840.webp 1119w, https:\/\/www.gaveanews.com\/wp-content\/uploads\/Roger-Machado-durante-coletiva-pelo-Internacional-em-2024-80x60.webp 80w, https:\/\/www.gaveanews.com\/wp-content\/uploads\/Roger-Machado-durante-coletiva-pelo-Internacional-em-2024-160x120.webp 160w, https:\/\/www.gaveanews.com\/wp-content\/uploads\/Roger-Machado-durante-coletiva-pelo-Internacional-em-2024-100x75.webp 100w, https:\/\/www.gaveanews.com\/wp-content\/uploads\/Roger-Machado-durante-coletiva-pelo-Internacional-em-2024-200x150.webp 200w, https:\/\/www.gaveanews.com\/wp-content\/uploads\/Roger-Machado-durante-coletiva-pelo-Internacional-em-2024-180x135.webp 180w, https:\/\/www.gaveanews.com\/wp-content\/uploads\/Roger-Machado-durante-coletiva-pelo-Internacional-em-2024-360x270.webp 360w, https:\/\/www.gaveanews.com\/wp-content\/uploads\/Roger-Machado-durante-coletiva-pelo-Internacional-em-2024-238x178.webp 238w, https:\/\/www.gaveanews.com\/wp-content\/uploads\/Roger-Machado-durante-coletiva-pelo-Internacional-em-2024-476x356.webp 476w, https:\/\/www.gaveanews.com\/wp-content\/uploads\/Roger-Machado-durante-coletiva-pelo-Internacional-em-2024-640x480.webp 640w, https:\/\/www.gaveanews.com\/wp-content\/uploads\/Roger-Machado-durante-coletiva-pelo-Internacional-em-2024-1280x961.webp 1280w, https:\/\/www.gaveanews.com\/wp-content\/uploads\/Roger-Machado-durante-coletiva-pelo-Internacional-em-2024-681x511.webp 681w, https:\/\/www.gaveanews.com\/wp-content\/uploads\/Roger-Machado-durante-coletiva-pelo-Internacional-em-2024-1362x1022.webp 1362w, https:\/\/www.gaveanews.com\/wp-content\/uploads\/Roger-Machado-durante-coletiva-pelo-Internacional-em-2024.webp 1419w\" sizes=\"auto, (max-width: 1024px) 100vw, 1024px\" \/><figcaption class=\"wp-element-caption\">Roger Machado durante coletiva pelo Internacional em 2024 (Foto: Reprodu\u00e7\u00e3o\/Internacional)<\/figcaption><\/figure>\n\n\n\n<p>A motiva\u00e7\u00e3o para o ato teria origem na recente contrata\u00e7\u00e3o de Roger Machado como t\u00e9cnico do Internacional e sua comemora\u00e7\u00e3o pol\u00eamica ap\u00f3s a vit\u00f3ria no \u00faltimo cl\u00e1ssico Gre-Nal, o que desagradou a parte da torcida gremista. Vale destacar que Machado, ex-jogador do Gr\u00eamio, teve uma carreira vitoriosa pelo clube, conquistando importantes t\u00edtulos como tr\u00eas Copas do Brasil e uma Libertadores. A homenagem \u00e9 um reconhecimento por suas contribui\u00e7\u00f5es ao time.<\/p>\n\n\n\n<p>Sem imagens diretas da \u00e1rea afetada, a administra\u00e7\u00e3o da Arena est\u00e1 analisando outras grava\u00e7\u00f5es de seguran\u00e7a para identificar os respons\u00e1veis. O clube espera que os culpados sejam em breve localizados e que medidas sejam tomadas para proteger o legado de ex-atletas que deixaram marcas significativas em sua hist\u00f3ria.<\/p>\n","protected":false},"excerpt":{"rendered":"<p>Nas \u00faltimas horas, o foco das not\u00edcias sobre o Internacional se concentram nos bastidores do clube, com destaques como o contrato at\u00e9 2025 e a boa not\u00edcia para a torcida. Por conta deste contexto, leia abaixo um resumo preparado pela equipe do portal G\u00e1vea News para lhe manter muito bem informado! Boa not\u00edcia para a [&hellip;]<\/p>\n","protected":false},"author":27,"featured_media":181543,"comment_status":"open","ping_status":"closed","sticky":false,"template":"","format":"standard","meta":{"footnotes":""},"categories":[148],"tags":[],"class_list":["post-181847","post","type-post","status-publish","format-standard","has-post-thumbnail","hentry","category-internacional"],"yoast_head":"<!-- This site is optimized with the Yoast SEO Premium plugin v24.2 (Yoast SEO v26.9) - https:\/\/yoast.com\/product\/yoast-seo-premium-wordpress\/ -->\n<title>Atitude do rival, contrato at\u00e9 2025 e boa not\u00edcia para a torcida Colorada: as \u00faltimas not\u00edcias do Internacional<\/title>\n<meta name=\"robots\" content=\"index, follow, max-snippet:-1, max-image-preview:large, max-video-preview:-1\" \/>\n<link rel=\"canonical\" href=\"https:\/\/www.gaveanews.com\/index.php\/2024\/11\/06\/atitude-do-rival-contrato-ate-2025-e-boa-noticia-para-a-torcida-colorada-as-ultimas-noticias-do-internacional\/\" \/>\n<meta property=\"og:locale\" content=\"pt_BR\" \/>\n<meta property=\"og:type\" content=\"article\" \/>\n<meta property=\"og:title\" content=\"Atitude do rival, contrato at\u00e9 2025 e boa not\u00edcia para a torcida Colorada: as \u00faltimas not\u00edcias do Internacional\" \/>\n<meta property=\"og:description\" content=\"Nas \u00faltimas horas, o foco das not\u00edcias sobre o Internacional se concentram nos bastidores do clube, com destaques como o contrato at\u00e9 2025 e a boa not\u00edcia para a torcida. Por conta deste contexto, leia abaixo um resumo preparado pela equipe do portal G\u00e1vea News para lhe manter muito bem informado! Boa not\u00edcia para a [&hellip;]\" \/>\n<meta property=\"og:url\" content=\"https:\/\/www.gaveanews.com\/index.php\/2024\/11\/06\/atitude-do-rival-contrato-ate-2025-e-boa-noticia-para-a-torcida-colorada-as-ultimas-noticias-do-internacional\/\" \/>\n<meta property=\"og:site_name\" content=\"G\u00e1vea News\" \/>\n<meta property=\"article:publisher\" content=\"https:\/\/facebook.com\/gaveaNews\/\" \/>\n<meta property=\"article:published_time\" content=\"2024-11-06T11:50:00+00:00\" \/>\n<meta property=\"og:image\" content=\"https:\/\/www.gaveanews.com\/wp-content\/uploads\/Elenco-do-Internacional-em-2024.webp\" \/>\n\t<meta property=\"og:image:width\" content=\"1120\" \/>\n\t<meta property=\"og:image:height\" content=\"747\" \/>\n\t<meta property=\"og:image:type\" content=\"image\/webp\" \/>\n<meta name=\"author\" content=\"Matheus Felipe\" \/>\n<meta name=\"twitter:card\" content=\"summary_large_image\" \/>\n<meta name=\"twitter:label1\" content=\"Escrito por\" \/>\n\t<meta name=\"twitter:data1\" content=\"Matheus Felipe\" \/>\n\t<meta name=\"twitter:label2\" content=\"Est. tempo de leitura\" \/>\n\t<meta name=\"twitter:data2\" content=\"5 minutos\" \/>\n<script type=\"application\/ld+json\" class=\"yoast-schema-graph\">{\"@context\":\"https:\/\/schema.org\",\"@graph\":[{\"@type\":\"NewsArticle\",\"@id\":\"https:\/\/www.gaveanews.com\/index.php\/2024\/11\/06\/atitude-do-rival-contrato-ate-2025-e-boa-noticia-para-a-torcida-colorada-as-ultimas-noticias-do-internacional\/#article\",\"isPartOf\":{\"@id\":\"https:\/\/www.gaveanews.com\/index.php\/2024\/11\/06\/atitude-do-rival-contrato-ate-2025-e-boa-noticia-para-a-torcida-colorada-as-ultimas-noticias-do-internacional\/\"},\"author\":{\"name\":\"Matheus Felipe\",\"@id\":\"https:\/\/www.gaveanews.com\/#\/schema\/person\/8207cd4627f56151707418bfc835b2fb\"},\"headline\":\"Atitude do rival, contrato at\u00e9 2025 e boa not\u00edcia para a torcida Colorada: as \u00faltimas not\u00edcias do Internacional\",\"datePublished\":\"2024-11-06T11:50:00+00:00\",\"mainEntityOfPage\":{\"@id\":\"https:\/\/www.gaveanews.com\/index.php\/2024\/11\/06\/atitude-do-rival-contrato-ate-2025-e-boa-noticia-para-a-torcida-colorada-as-ultimas-noticias-do-internacional\/\"},\"wordCount\":690,\"commentCount\":0,\"image\":{\"@id\":\"https:\/\/www.gaveanews.com\/index.php\/2024\/11\/06\/atitude-do-rival-contrato-ate-2025-e-boa-noticia-para-a-torcida-colorada-as-ultimas-noticias-do-internacional\/#primaryimage\"},\"thumbnailUrl\":\"https:\/\/www.gaveanews.com\/wp-content\/uploads\/Elenco-do-Internacional-em-2024.webp\",\"articleSection\":[\"Internacional\"],\"inLanguage\":\"pt-BR\",\"potentialAction\":[{\"@type\":\"CommentAction\",\"name\":\"Comment\",\"target\":[\"https:\/\/www.gaveanews.com\/index.php\/2024\/11\/06\/atitude-do-rival-contrato-ate-2025-e-boa-noticia-para-a-torcida-colorada-as-ultimas-noticias-do-internacional\/#respond\"]}],\"copyrightYear\":\"2024\",\"copyrightHolder\":{\"@id\":\"https:\/\/www.gaveanews.com\/#organization\"}},{\"@type\":\"WebPage\",\"@id\":\"https:\/\/www.gaveanews.com\/index.php\/2024\/11\/06\/atitude-do-rival-contrato-ate-2025-e-boa-noticia-para-a-torcida-colorada-as-ultimas-noticias-do-internacional\/\",\"url\":\"https:\/\/www.gaveanews.com\/index.php\/2024\/11\/06\/atitude-do-rival-contrato-ate-2025-e-boa-noticia-para-a-torcida-colorada-as-ultimas-noticias-do-internacional\/\",\"name\":\"Atitude do rival, contrato at\u00e9 2025 e boa not\u00edcia para a torcida Colorada: as \u00faltimas not\u00edcias do Internacional\",\"isPartOf\":{\"@id\":\"https:\/\/www.gaveanews.com\/#website\"},\"primaryImageOfPage\":{\"@id\":\"https:\/\/www.gaveanews.com\/index.php\/2024\/11\/06\/atitude-do-rival-contrato-ate-2025-e-boa-noticia-para-a-torcida-colorada-as-ultimas-noticias-do-internacional\/#primaryimage\"},\"image\":{\"@id\":\"https:\/\/www.gaveanews.com\/index.php\/2024\/11\/06\/atitude-do-rival-contrato-ate-2025-e-boa-noticia-para-a-torcida-colorada-as-ultimas-noticias-do-internacional\/#primaryimage\"},\"thumbnailUrl\":\"https:\/\/www.gaveanews.com\/wp-content\/uploads\/Elenco-do-Internacional-em-2024.webp\",\"datePublished\":\"2024-11-06T11:50:00+00:00\",\"author\":{\"@id\":\"https:\/\/www.gaveanews.com\/#\/schema\/person\/8207cd4627f56151707418bfc835b2fb\"},\"breadcrumb\":{\"@id\":\"https:\/\/www.gaveanews.com\/index.php\/2024\/11\/06\/atitude-do-rival-contrato-ate-2025-e-boa-noticia-para-a-torcida-colorada-as-ultimas-noticias-do-internacional\/#breadcrumb\"},\"inLanguage\":\"pt-BR\",\"potentialAction\":[{\"@type\":\"ReadAction\",\"target\":[\"https:\/\/www.gaveanews.com\/index.php\/2024\/11\/06\/atitude-do-rival-contrato-ate-2025-e-boa-noticia-para-a-torcida-colorada-as-ultimas-noticias-do-internacional\/\"]}]},{\"@type\":\"ImageObject\",\"inLanguage\":\"pt-BR\",\"@id\":\"https:\/\/www.gaveanews.com\/index.php\/2024\/11\/06\/atitude-do-rival-contrato-ate-2025-e-boa-noticia-para-a-torcida-colorada-as-ultimas-noticias-do-internacional\/#primaryimage\",\"url\":\"https:\/\/www.gaveanews.com\/wp-content\/uploads\/Elenco-do-Internacional-em-2024.webp\",\"contentUrl\":\"https:\/\/www.gaveanews.com\/wp-content\/uploads\/Elenco-do-Internacional-em-2024.webp\",\"width\":1120,\"height\":747,\"caption\":\"Elenco do Internacional em 2024 (Foto: Reprodu\u00e7\u00e3o\/R Duarte)\"},{\"@type\":\"BreadcrumbList\",\"@id\":\"https:\/\/www.gaveanews.com\/index.php\/2024\/11\/06\/atitude-do-rival-contrato-ate-2025-e-boa-noticia-para-a-torcida-colorada-as-ultimas-noticias-do-internacional\/#breadcrumb\",\"itemListElement\":[{\"@type\":\"ListItem\",\"position\":1,\"name\":\"Home\",\"item\":\"https:\/\/www.gaveanews.com\/\"},{\"@type\":\"ListItem\",\"position\":2,\"name\":\"Atitude do rival, contrato at\u00e9 2025 e boa not\u00edcia para a torcida Colorada: as \u00faltimas not\u00edcias do Internacional\"}]},{\"@type\":\"WebSite\",\"@id\":\"https:\/\/www.gaveanews.com\/#website\",\"url\":\"https:\/\/www.gaveanews.com\/\",\"name\":\"G\u00e1vea News\",\"description\":\"Veja todas as not\u00edcias sobre o Flamengo: Contrata\u00e7\u00f5es, categorias de base, resultados das partidas, tabela de classifica\u00e7\u00e3o, pr\u00f3ximos jogos!\",\"potentialAction\":[{\"@type\":\"SearchAction\",\"target\":{\"@type\":\"EntryPoint\",\"urlTemplate\":\"https:\/\/www.gaveanews.com\/?s={search_term_string}\"},\"query-input\":{\"@type\":\"PropertyValueSpecification\",\"valueRequired\":true,\"valueName\":\"search_term_string\"}}],\"inLanguage\":\"pt-BR\"},{\"@type\":\"Person\",\"@id\":\"https:\/\/www.gaveanews.com\/#\/schema\/person\/8207cd4627f56151707418bfc835b2fb\",\"name\":\"Matheus Felipe\",\"image\":{\"@type\":\"ImageObject\",\"inLanguage\":\"pt-BR\",\"@id\":\"https:\/\/www.gaveanews.com\/#\/schema\/person\/image\/\",\"url\":\"https:\/\/secure.gravatar.com\/avatar\/a452ffbed9130f726358b298bb3a99ce4bd3c5338411f8440e87e14d74c7c087?s=96&d=mm&r=g\",\"contentUrl\":\"https:\/\/secure.gravatar.com\/avatar\/a452ffbed9130f726358b298bb3a99ce4bd3c5338411f8440e87e14d74c7c087?s=96&d=mm&r=g\",\"caption\":\"Matheus Felipe\"}}]}<\/script>\n<!-- \/ Yoast SEO Premium plugin. -->","yoast_head_json":{"title":"Atitude do rival, contrato at\u00e9 2025 e boa not\u00edcia para a torcida Colorada: as \u00faltimas not\u00edcias do Internacional","robots":{"index":"index","follow":"follow","max-snippet":"max-snippet:-1","max-image-preview":"max-image-preview:large","max-video-preview":"max-video-preview:-1"},"canonical":"https:\/\/www.gaveanews.com\/index.php\/2024\/11\/06\/atitude-do-rival-contrato-ate-2025-e-boa-noticia-para-a-torcida-colorada-as-ultimas-noticias-do-internacional\/","og_locale":"pt_BR","og_type":"article","og_title":"Atitude do rival, contrato at\u00e9 2025 e boa not\u00edcia para a torcida Colorada: as \u00faltimas not\u00edcias do Internacional","og_description":"Nas \u00faltimas horas, o foco das not\u00edcias sobre o Internacional se concentram nos bastidores do clube, com destaques como o contrato at\u00e9 2025 e a boa not\u00edcia para a torcida. Por conta deste contexto, leia abaixo um resumo preparado pela equipe do portal G\u00e1vea News para lhe manter muito bem informado! Boa not\u00edcia para a [&hellip;]","og_url":"https:\/\/www.gaveanews.com\/index.php\/2024\/11\/06\/atitude-do-rival-contrato-ate-2025-e-boa-noticia-para-a-torcida-colorada-as-ultimas-noticias-do-internacional\/","og_site_name":"G\u00e1vea News","article_publisher":"https:\/\/facebook.com\/gaveaNews\/","article_published_time":"2024-11-06T11:50:00+00:00","og_image":[{"width":1120,"height":747,"url":"https:\/\/www.gaveanews.com\/wp-content\/uploads\/Elenco-do-Internacional-em-2024.webp","type":"image\/webp"}],"author":"Matheus Felipe","twitter_card":"summary_large_image","twitter_misc":{"Escrito por":"Matheus Felipe","Est. tempo de leitura":"5 minutos"},"schema":{"@context":"https:\/\/schema.org","@graph":[{"@type":"NewsArticle","@id":"https:\/\/www.gaveanews.com\/index.php\/2024\/11\/06\/atitude-do-rival-contrato-ate-2025-e-boa-noticia-para-a-torcida-colorada-as-ultimas-noticias-do-internacional\/#article","isPartOf":{"@id":"https:\/\/www.gaveanews.com\/index.php\/2024\/11\/06\/atitude-do-rival-contrato-ate-2025-e-boa-noticia-para-a-torcida-colorada-as-ultimas-noticias-do-internacional\/"},"author":{"name":"Matheus Felipe","@id":"https:\/\/www.gaveanews.com\/#\/schema\/person\/8207cd4627f56151707418bfc835b2fb"},"headline":"Atitude do rival, contrato at\u00e9 2025 e boa not\u00edcia para a torcida Colorada: as \u00faltimas not\u00edcias do Internacional","datePublished":"2024-11-06T11:50:00+00:00","mainEntityOfPage":{"@id":"https:\/\/www.gaveanews.com\/index.php\/2024\/11\/06\/atitude-do-rival-contrato-ate-2025-e-boa-noticia-para-a-torcida-colorada-as-ultimas-noticias-do-internacional\/"},"wordCount":690,"commentCount":0,"image":{"@id":"https:\/\/www.gaveanews.com\/index.php\/2024\/11\/06\/atitude-do-rival-contrato-ate-2025-e-boa-noticia-para-a-torcida-colorada-as-ultimas-noticias-do-internacional\/#primaryimage"},"thumbnailUrl":"https:\/\/www.gaveanews.com\/wp-content\/uploads\/Elenco-do-Internacional-em-2024.webp","articleSection":["Internacional"],"inLanguage":"pt-BR","potentialAction":[{"@type":"CommentAction","name":"Comment","target":["https:\/\/www.gaveanews.com\/index.php\/2024\/11\/06\/atitude-do-rival-contrato-ate-2025-e-boa-noticia-para-a-torcida-colorada-as-ultimas-noticias-do-internacional\/#respond"]}],"copyrightYear":"2024","copyrightHolder":{"@id":"https:\/\/www.gaveanews.com\/#organization"}},{"@type":"WebPage","@id":"https:\/\/www.gaveanews.com\/index.php\/2024\/11\/06\/atitude-do-rival-contrato-ate-2025-e-boa-noticia-para-a-torcida-colorada-as-ultimas-noticias-do-internacional\/","url":"https:\/\/www.gaveanews.com\/index.php\/2024\/11\/06\/atitude-do-rival-contrato-ate-2025-e-boa-noticia-para-a-torcida-colorada-as-ultimas-noticias-do-internacional\/","name":"Atitude do rival, contrato at\u00e9 2025 e boa not\u00edcia para a torcida Colorada: as \u00faltimas not\u00edcias do Internacional","isPartOf":{"@id":"https:\/\/www.gaveanews.com\/#website"},"primaryImageOfPage":{"@id":"https:\/\/www.gaveanews.com\/index.php\/2024\/11\/06\/atitude-do-rival-contrato-ate-2025-e-boa-noticia-para-a-torcida-colorada-as-ultimas-noticias-do-internacional\/#primaryimage"},"image":{"@id":"https:\/\/www.gaveanews.com\/index.php\/2024\/11\/06\/atitude-do-rival-contrato-ate-2025-e-boa-noticia-para-a-torcida-colorada-as-ultimas-noticias-do-internacional\/#primaryimage"},"thumbnailUrl":"https:\/\/www.gaveanews.com\/wp-content\/uploads\/Elenco-do-Internacional-em-2024.webp","datePublished":"2024-11-06T11:50:00+00:00","author":{"@id":"https:\/\/www.gaveanews.com\/#\/schema\/person\/8207cd4627f56151707418bfc835b2fb"},"breadcrumb":{"@id":"https:\/\/www.gaveanews.com\/index.php\/2024\/11\/06\/atitude-do-rival-contrato-ate-2025-e-boa-noticia-para-a-torcida-colorada-as-ultimas-noticias-do-internacional\/#breadcrumb"},"inLanguage":"pt-BR","potentialAction":[{"@type":"ReadAction","target":["https:\/\/www.gaveanews.com\/index.php\/2024\/11\/06\/atitude-do-rival-contrato-ate-2025-e-boa-noticia-para-a-torcida-colorada-as-ultimas-noticias-do-internacional\/"]}]},{"@type":"ImageObject","inLanguage":"pt-BR","@id":"https:\/\/www.gaveanews.com\/index.php\/2024\/11\/06\/atitude-do-rival-contrato-ate-2025-e-boa-noticia-para-a-torcida-colorada-as-ultimas-noticias-do-internacional\/#primaryimage","url":"https:\/\/www.gaveanews.com\/wp-content\/uploads\/Elenco-do-Internacional-em-2024.webp","contentUrl":"https:\/\/www.gaveanews.com\/wp-content\/uploads\/Elenco-do-Internacional-em-2024.webp","width":1120,"height":747,"caption":"Elenco do Internacional em 2024 (Foto: Reprodu\u00e7\u00e3o\/R Duarte)"},{"@type":"BreadcrumbList","@id":"https:\/\/www.gaveanews.com\/index.php\/2024\/11\/06\/atitude-do-rival-contrato-ate-2025-e-boa-noticia-para-a-torcida-colorada-as-ultimas-noticias-do-internacional\/#breadcrumb","itemListElement":[{"@type":"ListItem","position":1,"name":"Home","item":"https:\/\/www.gaveanews.com\/"},{"@type":"ListItem","position":2,"name":"Atitude do rival, contrato at\u00e9 2025 e boa not\u00edcia para a torcida Colorada: as \u00faltimas not\u00edcias do Internacional"}]},{"@type":"WebSite","@id":"https:\/\/www.gaveanews.com\/#website","url":"https:\/\/www.gaveanews.com\/","name":"G\u00e1vea News","description":"Veja todas as not\u00edcias sobre o Flamengo: Contrata\u00e7\u00f5es, categorias de base, resultados das partidas, tabela de classifica\u00e7\u00e3o, pr\u00f3ximos jogos!","potentialAction":[{"@type":"SearchAction","target":{"@type":"EntryPoint","urlTemplate":"https:\/\/www.gaveanews.com\/?s={search_term_string}"},"query-input":{"@type":"PropertyValueSpecification","valueRequired":true,"valueName":"search_term_string"}}],"inLanguage":"pt-BR"},{"@type":"Person","@id":"https:\/\/www.gaveanews.com\/#\/schema\/person\/8207cd4627f56151707418bfc835b2fb","name":"Matheus Felipe","image":{"@type":"ImageObject","inLanguage":"pt-BR","@id":"https:\/\/www.gaveanews.com\/#\/schema\/person\/image\/","url":"https:\/\/secure.gravatar.com\/avatar\/a452ffbed9130f726358b298bb3a99ce4bd3c5338411f8440e87e14d74c7c087?s=96&d=mm&r=g","contentUrl":"https:\/\/secure.gravatar.com\/avatar\/a452ffbed9130f726358b298bb3a99ce4bd3c5338411f8440e87e14d74c7c087?s=96&d=mm&r=g","caption":"Matheus Felipe"}}]}},"_links":{"self":[{"href":"https:\/\/www.gaveanews.com\/index.php\/wp-json\/wp\/v2\/posts\/181847","targetHints":{"allow":["GET"]}}],"collection":[{"href":"https:\/\/www.gaveanews.com\/index.php\/wp-json\/wp\/v2\/posts"}],"about":[{"href":"https:\/\/www.gaveanews.com\/index.php\/wp-json\/wp\/v2\/types\/post"}],"author":[{"embeddable":true,"href":"https:\/\/www.gaveanews.com\/index.php\/wp-json\/wp\/v2\/users\/27"}],"replies":[{"embeddable":true,"href":"https:\/\/www.gaveanews.com\/index.php\/wp-json\/wp\/v2\/comments?post=181847"}],"version-history":[{"count":1,"href":"https:\/\/www.gaveanews.com\/index.php\/wp-json\/wp\/v2\/posts\/181847\/revisions"}],"predecessor-version":[{"id":181853,"href":"https:\/\/www.gaveanews.com\/index.php\/wp-json\/wp\/v2\/posts\/181847\/revisions\/181853"}],"wp:featuredmedia":[{"embeddable":true,"href":"https:\/\/www.gaveanews.com\/index.php\/wp-json\/wp\/v2\/media\/181543"}],"wp:attachment":[{"href":"https:\/\/www.gaveanews.com\/index.php\/wp-json\/wp\/v2\/media?parent=181847"}],"wp:term":[{"taxonomy":"category","embeddable":true,"href":"https:\/\/www.gaveanews.com\/index.php\/wp-json\/wp\/v2\/categories?post=181847"},{"taxonomy":"post_tag","embeddable":true,"href":"https:\/\/www.gaveanews.com\/index.php\/wp-json\/wp\/v2\/tags?post=181847"}],"curies":[{"name":"wp","href":"https:\/\/api.w.org\/{rel}","templated":true}]}}