{"id":181943,"date":"2024-11-06T20:20:00","date_gmt":"2024-11-06T23:20:00","guid":{"rendered":"https:\/\/www.gaveanews.com\/?p=181943"},"modified":"2024-11-06T17:09:10","modified_gmt":"2024-11-06T20:09:10","slug":"corinthians-ganha-mais-um-desfalque-para-2024","status":"publish","type":"post","link":"https:\/\/www.gaveanews.com\/index.php\/2024\/11\/06\/corinthians-ganha-mais-um-desfalque-para-2024\/","title":{"rendered":"Corinthians ganha mais um desfalque para 2024"},"content":{"rendered":"\n<h2 class=\"wp-block-heading\" id=\"h-andre-ramalho-vira-desfalque-no-timao\">Andr\u00e9 Ramalho vira desfalque no Tim\u00e3o<\/h2>\n\n\n\n<p>O zagueiro Andr\u00e9 Ramalho, do Corinthians, foi diagnosticado com uma les\u00e3o muscular de grau dois na coxa direita. Com isso, o zagueiro ficar\u00e1 fora da partida contra o Vit\u00f3ria, que acontecer\u00e1 no s\u00e1bado pela 32\u00aa rodada do Brasileir\u00e3o, e s\u00f3 retornar\u00e1 aos gramados ap\u00f3s a Data Fifa, a informa\u00e7\u00e3o foi confirmada pelo clube.<\/p>\n\n\n\n<ul class=\"wp-block-list\">\n<li><a href=\"https:\/\/www.gaveanews.com\/index.php\/2024\/11\/06\/investigacao-tem-atualizacao-importante-novo-tecnico-para-2025-e-titular-absoluto-perde-espaco-com-ramon-diaz-as-ultimas-noticias-do-corinthians\/\">Investiga\u00e7\u00e3o tem atualiza\u00e7\u00e3o importante, novo t\u00e9cnico para 2025 e titular absoluto perde espa\u00e7o com Ram\u00f3n D\u00edaz: as \u00faltimas not\u00edcias do Corinthians<\/a><\/li>\n\n\n\n<li><a href=\"https:\/\/www.gaveanews.com\/index.php\/2024\/11\/06\/declaracao-de-garro-recado-de-matheuzinho-e-tecnico-do-vitoria-fala-sobre-confronto-as-ultimas-noticias-do-corinthians\/\">Declara\u00e7\u00e3o de Garro, recado de Matheuzinho e t\u00e9cnico do Vit\u00f3ria fala sobre confronto: as \u00faltimas not\u00edcias do Corinthians<\/a><\/li>\n<\/ul>\n\n\n\n<p>O pr\u00f3ximo jogo do Tim\u00e3o ap\u00f3s a pausa para as sele\u00e7\u00f5es est\u00e1 marcado para o dia 20, contra o Cruzeiro, em Itaquera. Entretanto, les\u00f5es desse tipo geralmente requerem uma m\u00e9dia de tr\u00eas semanas para recupera\u00e7\u00e3o. Dessa forma, Andr\u00e9 pode at\u00e9 n\u00e3o participar do confronto contra o Vasco, agendado para o dia 24.<\/p>\n\n\n\n<p>Ele se lesionou ainda no primeiro tempo do cl\u00e1ssico diante do Palmeiras. Mesmo sentindo dor, jogou alguns minutos a mais e foi substitu\u00eddo no intervalo.<\/p>\n\n\n\n<figure class=\"wp-block-image size-large\"><img loading=\"lazy\" decoding=\"async\" width=\"1024\" height=\"683\" src=\"https:\/\/www.gaveanews.com\/wp-content\/uploads\/Andre-Ramalho-com-a-camisa-do-Corinthians-em-2024-1024x683.webp\" alt=\"\" class=\"wp-image-153288\" srcset=\"https:\/\/www.gaveanews.com\/wp-content\/uploads\/Andre-Ramalho-com-a-camisa-do-Corinthians-em-2024-1024x683.webp 1024w, https:\/\/www.gaveanews.com\/wp-content\/uploads\/Andre-Ramalho-com-a-camisa-do-Corinthians-em-2024-300x200.webp 300w, https:\/\/www.gaveanews.com\/wp-content\/uploads\/Andre-Ramalho-com-a-camisa-do-Corinthians-em-2024-768x512.webp 768w, https:\/\/www.gaveanews.com\/wp-content\/uploads\/Andre-Ramalho-com-a-camisa-do-Corinthians-em-2024-630x420.webp 630w, https:\/\/www.gaveanews.com\/wp-content\/uploads\/Andre-Ramalho-com-a-camisa-do-Corinthians-em-2024-1260x840.webp 1260w, https:\/\/www.gaveanews.com\/wp-content\/uploads\/Andre-Ramalho-com-a-camisa-do-Corinthians-em-2024-640x427.webp 640w, https:\/\/www.gaveanews.com\/wp-content\/uploads\/Andre-Ramalho-com-a-camisa-do-Corinthians-em-2024-1280x853.webp 1280w, https:\/\/www.gaveanews.com\/wp-content\/uploads\/Andre-Ramalho-com-a-camisa-do-Corinthians-em-2024-681x454.webp 681w, https:\/\/www.gaveanews.com\/wp-content\/uploads\/Andre-Ramalho-com-a-camisa-do-Corinthians-em-2024-1362x908.webp 1362w, https:\/\/www.gaveanews.com\/wp-content\/uploads\/Andre-Ramalho-com-a-camisa-do-Corinthians-em-2024-100x67.webp 100w, https:\/\/www.gaveanews.com\/wp-content\/uploads\/Andre-Ramalho-com-a-camisa-do-Corinthians-em-2024.webp 1440w\" sizes=\"auto, (max-width: 1024px) 100vw, 1024px\" \/><figcaption class=\"wp-element-caption\">Andr\u00e9 Ramalho com a camisa do Corinthians em 2024 (Foto: Reprodu\u00e7\u00e3o\/Corinthinas)<\/figcaption><\/figure>\n\n\n\n<p>Al\u00e9m dele, o Corinthians tamb\u00e9m est\u00e1 sem o zagueiro Cac\u00e1, que se recupera de outra les\u00e3o no t\u00f3rax&nbsp;no jogo contra o Cuiab\u00e1. Para complicar ainda mais a situa\u00e7\u00e3o do t\u00e9cnico Ram\u00f3n D\u00edaz, Caetano n\u00e3o est\u00e1 \u00e0 disposi\u00e7\u00e3o pois foi barrado devido \u00e0 falta de acordo com o clube sobre a renova\u00e7\u00e3o de seu contrato.<\/p>\n\n\n\n<p>Diante disso, \u00e9 prov\u00e1vel que o Corinthians adote um esquema com dois zagueiros na partida contra o Vit\u00f3ria, escalando Gustavo Henrique e F\u00e9lix Torres como titulares, j\u00e1 que s\u00e3o as \u00fanicas alternativas para o t\u00e9cnico Ram\u00f3n D\u00edaz, esse confronto pode ser muito decisivo para o Tim\u00e3o contra o rebaixamento.<\/p>\n\n\n\n<p>Em julho, Andr\u00e9 Ramalho assumiu a posi\u00e7\u00e3o principal na defesa do Corinthians. Desde ent\u00e3o, o atleta participou de 24 jogos, sendo 20 como titular. O defensor anotou um gol pelo Corinthians na vit\u00f3ria por 3 a 1 sobre o Juventude, na  Neo Qu\u00edmica Arena, que garantiu a equipe na semifinal da Copa do Brasil.<\/p>\n\n\n\n<h2 class=\"wp-block-heading\">Pr\u00f3ximos jogos do Corinthians:<\/h2>\n\n\n\n<ul class=\"wp-block-list\">\n<li>Vit\u00f3ria&nbsp;(F) &#8211; 09\/11, 16h30 (de Bras\u00edlia) &#8211;&nbsp;Brasileir\u00e3o<\/li>\n\n\n\n<li>Cruzeiro&nbsp;(C) &#8211; a definir &#8211;&nbsp;Brasileir\u00e3o<\/li>\n\n\n\n<li>Vasco&nbsp;(C) &#8211; a definir &#8211;&nbsp;Brasileir\u00e3o<\/li>\n<\/ul>\n","protected":false},"excerpt":{"rendered":"<p>Andr\u00e9 Ramalho vira desfalque no Tim\u00e3o O zagueiro Andr\u00e9 Ramalho, do Corinthians, foi diagnosticado com uma les\u00e3o muscular de grau dois na coxa direita. Com isso, o zagueiro ficar\u00e1 fora da partida contra o Vit\u00f3ria, que acontecer\u00e1 no s\u00e1bado pela 32\u00aa rodada do Brasileir\u00e3o, e s\u00f3 retornar\u00e1 aos gramados ap\u00f3s a Data Fifa, a informa\u00e7\u00e3o [&hellip;]<\/p>\n","protected":false},"author":16,"featured_media":154473,"comment_status":"open","ping_status":"closed","sticky":false,"template":"","format":"standard","meta":{"footnotes":""},"categories":[141],"tags":[],"class_list":["post-181943","post","type-post","status-publish","format-standard","has-post-thumbnail","hentry","category-corinthians"],"yoast_head":"<!-- This site is optimized with the Yoast SEO Premium plugin v24.2 (Yoast SEO v26.9) - https:\/\/yoast.com\/product\/yoast-seo-premium-wordpress\/ -->\n<title>Corinthians ganha mais um desfalque para 2024<\/title>\n<meta name=\"description\" content=\"Corinthians ganha mais um desfalque para 2024\" \/>\n<meta name=\"robots\" content=\"index, follow, max-snippet:-1, max-image-preview:large, max-video-preview:-1\" \/>\n<link rel=\"canonical\" href=\"https:\/\/www.gaveanews.com\/index.php\/2024\/11\/06\/corinthians-ganha-mais-um-desfalque-para-2024\/\" \/>\n<meta property=\"og:locale\" content=\"pt_BR\" \/>\n<meta property=\"og:type\" content=\"article\" \/>\n<meta property=\"og:title\" content=\"Corinthians ganha mais um desfalque para 2024\" \/>\n<meta property=\"og:description\" content=\"Corinthians ganha mais um desfalque para 2024\" \/>\n<meta property=\"og:url\" content=\"https:\/\/www.gaveanews.com\/index.php\/2024\/11\/06\/corinthians-ganha-mais-um-desfalque-para-2024\/\" \/>\n<meta property=\"og:site_name\" content=\"G\u00e1vea News\" \/>\n<meta property=\"article:publisher\" content=\"https:\/\/facebook.com\/gaveaNews\/\" \/>\n<meta property=\"article:published_time\" content=\"2024-11-06T23:20:00+00:00\" \/>\n<meta property=\"og:image\" content=\"https:\/\/www.gaveanews.com\/wp-content\/uploads\/Escudo-do-Corinthians-na-Neo-Quimica-Arena.webp\" \/>\n\t<meta property=\"og:image:width\" content=\"1440\" \/>\n\t<meta property=\"og:image:height\" content=\"959\" \/>\n\t<meta property=\"og:image:type\" content=\"image\/jpeg\" \/>\n<meta name=\"author\" content=\"D\u00e9bora Figueiredo\" \/>\n<meta name=\"twitter:card\" content=\"summary_large_image\" \/>\n<meta name=\"twitter:label1\" content=\"Escrito por\" \/>\n\t<meta name=\"twitter:data1\" content=\"D\u00e9bora Figueiredo\" \/>\n\t<meta name=\"twitter:label2\" content=\"Est. tempo de leitura\" \/>\n\t<meta name=\"twitter:data2\" content=\"3 minutos\" \/>\n<script type=\"application\/ld+json\" class=\"yoast-schema-graph\">{\"@context\":\"https:\/\/schema.org\",\"@graph\":[{\"@type\":\"NewsArticle\",\"@id\":\"https:\/\/www.gaveanews.com\/index.php\/2024\/11\/06\/corinthians-ganha-mais-um-desfalque-para-2024\/#article\",\"isPartOf\":{\"@id\":\"https:\/\/www.gaveanews.com\/index.php\/2024\/11\/06\/corinthians-ganha-mais-um-desfalque-para-2024\/\"},\"author\":{\"name\":\"D\u00e9bora Figueiredo\",\"@id\":\"https:\/\/www.gaveanews.com\/#\/schema\/person\/37122681a8575a5c8db05a56f099a5e4\"},\"headline\":\"Corinthians ganha mais um desfalque para 2024\",\"datePublished\":\"2024-11-06T23:20:00+00:00\",\"mainEntityOfPage\":{\"@id\":\"https:\/\/www.gaveanews.com\/index.php\/2024\/11\/06\/corinthians-ganha-mais-um-desfalque-para-2024\/\"},\"wordCount\":431,\"commentCount\":0,\"image\":{\"@id\":\"https:\/\/www.gaveanews.com\/index.php\/2024\/11\/06\/corinthians-ganha-mais-um-desfalque-para-2024\/#primaryimage\"},\"thumbnailUrl\":\"https:\/\/www.gaveanews.com\/wp-content\/uploads\/Escudo-do-Corinthians-na-Neo-Quimica-Arena.webp\",\"articleSection\":[\"Corinthians\"],\"inLanguage\":\"pt-BR\",\"potentialAction\":[{\"@type\":\"CommentAction\",\"name\":\"Comment\",\"target\":[\"https:\/\/www.gaveanews.com\/index.php\/2024\/11\/06\/corinthians-ganha-mais-um-desfalque-para-2024\/#respond\"]}],\"copyrightYear\":\"2024\",\"copyrightHolder\":{\"@id\":\"https:\/\/www.gaveanews.com\/#organization\"}},{\"@type\":\"WebPage\",\"@id\":\"https:\/\/www.gaveanews.com\/index.php\/2024\/11\/06\/corinthians-ganha-mais-um-desfalque-para-2024\/\",\"url\":\"https:\/\/www.gaveanews.com\/index.php\/2024\/11\/06\/corinthians-ganha-mais-um-desfalque-para-2024\/\",\"name\":\"Corinthians ganha mais um desfalque para 2024\",\"isPartOf\":{\"@id\":\"https:\/\/www.gaveanews.com\/#website\"},\"primaryImageOfPage\":{\"@id\":\"https:\/\/www.gaveanews.com\/index.php\/2024\/11\/06\/corinthians-ganha-mais-um-desfalque-para-2024\/#primaryimage\"},\"image\":{\"@id\":\"https:\/\/www.gaveanews.com\/index.php\/2024\/11\/06\/corinthians-ganha-mais-um-desfalque-para-2024\/#primaryimage\"},\"thumbnailUrl\":\"https:\/\/www.gaveanews.com\/wp-content\/uploads\/Escudo-do-Corinthians-na-Neo-Quimica-Arena.webp\",\"datePublished\":\"2024-11-06T23:20:00+00:00\",\"author\":{\"@id\":\"https:\/\/www.gaveanews.com\/#\/schema\/person\/37122681a8575a5c8db05a56f099a5e4\"},\"description\":\"Corinthians ganha mais um desfalque para 2024\",\"breadcrumb\":{\"@id\":\"https:\/\/www.gaveanews.com\/index.php\/2024\/11\/06\/corinthians-ganha-mais-um-desfalque-para-2024\/#breadcrumb\"},\"inLanguage\":\"pt-BR\",\"potentialAction\":[{\"@type\":\"ReadAction\",\"target\":[\"https:\/\/www.gaveanews.com\/index.php\/2024\/11\/06\/corinthians-ganha-mais-um-desfalque-para-2024\/\"]}]},{\"@type\":\"ImageObject\",\"inLanguage\":\"pt-BR\",\"@id\":\"https:\/\/www.gaveanews.com\/index.php\/2024\/11\/06\/corinthians-ganha-mais-um-desfalque-para-2024\/#primaryimage\",\"url\":\"https:\/\/www.gaveanews.com\/wp-content\/uploads\/Escudo-do-Corinthians-na-Neo-Quimica-Arena.webp\",\"contentUrl\":\"https:\/\/www.gaveanews.com\/wp-content\/uploads\/Escudo-do-Corinthians-na-Neo-Quimica-Arena.webp\",\"width\":1440,\"height\":959,\"caption\":\"Escudo do Corinthians na N\u00e9o Qu\u00edmica Arena (Foto Reprodu\u00e7\u00e3o\/Instagram)\"},{\"@type\":\"BreadcrumbList\",\"@id\":\"https:\/\/www.gaveanews.com\/index.php\/2024\/11\/06\/corinthians-ganha-mais-um-desfalque-para-2024\/#breadcrumb\",\"itemListElement\":[{\"@type\":\"ListItem\",\"position\":1,\"name\":\"Home\",\"item\":\"https:\/\/www.gaveanews.com\/\"},{\"@type\":\"ListItem\",\"position\":2,\"name\":\"Corinthians ganha mais um desfalque para 2024\"}]},{\"@type\":\"WebSite\",\"@id\":\"https:\/\/www.gaveanews.com\/#website\",\"url\":\"https:\/\/www.gaveanews.com\/\",\"name\":\"G\u00e1vea News\",\"description\":\"Veja todas as not\u00edcias sobre o Flamengo: Contrata\u00e7\u00f5es, categorias de base, resultados das partidas, tabela de classifica\u00e7\u00e3o, pr\u00f3ximos jogos!\",\"potentialAction\":[{\"@type\":\"SearchAction\",\"target\":{\"@type\":\"EntryPoint\",\"urlTemplate\":\"https:\/\/www.gaveanews.com\/?s={search_term_string}\"},\"query-input\":{\"@type\":\"PropertyValueSpecification\",\"valueRequired\":true,\"valueName\":\"search_term_string\"}}],\"inLanguage\":\"pt-BR\"},{\"@type\":\"Person\",\"@id\":\"https:\/\/www.gaveanews.com\/#\/schema\/person\/37122681a8575a5c8db05a56f099a5e4\",\"name\":\"D\u00e9bora Figueiredo\",\"image\":{\"@type\":\"ImageObject\",\"inLanguage\":\"pt-BR\",\"@id\":\"https:\/\/www.gaveanews.com\/#\/schema\/person\/image\/\",\"url\":\"https:\/\/secure.gravatar.com\/avatar\/1f44802859351588499d26f52aed1d15796ce17e67602895b72837c08018868d?s=96&d=mm&r=g\",\"contentUrl\":\"https:\/\/secure.gravatar.com\/avatar\/1f44802859351588499d26f52aed1d15796ce17e67602895b72837c08018868d?s=96&d=mm&r=g\",\"caption\":\"D\u00e9bora Figueiredo\"}}]}<\/script>\n<!-- \/ Yoast SEO Premium plugin. -->","yoast_head_json":{"title":"Corinthians ganha mais um desfalque para 2024","description":"Corinthians ganha mais um desfalque para 2024","robots":{"index":"index","follow":"follow","max-snippet":"max-snippet:-1","max-image-preview":"max-image-preview:large","max-video-preview":"max-video-preview:-1"},"canonical":"https:\/\/www.gaveanews.com\/index.php\/2024\/11\/06\/corinthians-ganha-mais-um-desfalque-para-2024\/","og_locale":"pt_BR","og_type":"article","og_title":"Corinthians ganha mais um desfalque para 2024","og_description":"Corinthians ganha mais um desfalque para 2024","og_url":"https:\/\/www.gaveanews.com\/index.php\/2024\/11\/06\/corinthians-ganha-mais-um-desfalque-para-2024\/","og_site_name":"G\u00e1vea News","article_publisher":"https:\/\/facebook.com\/gaveaNews\/","article_published_time":"2024-11-06T23:20:00+00:00","og_image":[{"width":1440,"height":959,"url":"https:\/\/www.gaveanews.com\/wp-content\/uploads\/Escudo-do-Corinthians-na-Neo-Quimica-Arena.webp","type":"image\/jpeg"}],"author":"D\u00e9bora Figueiredo","twitter_card":"summary_large_image","twitter_misc":{"Escrito por":"D\u00e9bora Figueiredo","Est. tempo de leitura":"3 minutos"},"schema":{"@context":"https:\/\/schema.org","@graph":[{"@type":"NewsArticle","@id":"https:\/\/www.gaveanews.com\/index.php\/2024\/11\/06\/corinthians-ganha-mais-um-desfalque-para-2024\/#article","isPartOf":{"@id":"https:\/\/www.gaveanews.com\/index.php\/2024\/11\/06\/corinthians-ganha-mais-um-desfalque-para-2024\/"},"author":{"name":"D\u00e9bora Figueiredo","@id":"https:\/\/www.gaveanews.com\/#\/schema\/person\/37122681a8575a5c8db05a56f099a5e4"},"headline":"Corinthians ganha mais um desfalque para 2024","datePublished":"2024-11-06T23:20:00+00:00","mainEntityOfPage":{"@id":"https:\/\/www.gaveanews.com\/index.php\/2024\/11\/06\/corinthians-ganha-mais-um-desfalque-para-2024\/"},"wordCount":431,"commentCount":0,"image":{"@id":"https:\/\/www.gaveanews.com\/index.php\/2024\/11\/06\/corinthians-ganha-mais-um-desfalque-para-2024\/#primaryimage"},"thumbnailUrl":"https:\/\/www.gaveanews.com\/wp-content\/uploads\/Escudo-do-Corinthians-na-Neo-Quimica-Arena.webp","articleSection":["Corinthians"],"inLanguage":"pt-BR","potentialAction":[{"@type":"CommentAction","name":"Comment","target":["https:\/\/www.gaveanews.com\/index.php\/2024\/11\/06\/corinthians-ganha-mais-um-desfalque-para-2024\/#respond"]}],"copyrightYear":"2024","copyrightHolder":{"@id":"https:\/\/www.gaveanews.com\/#organization"}},{"@type":"WebPage","@id":"https:\/\/www.gaveanews.com\/index.php\/2024\/11\/06\/corinthians-ganha-mais-um-desfalque-para-2024\/","url":"https:\/\/www.gaveanews.com\/index.php\/2024\/11\/06\/corinthians-ganha-mais-um-desfalque-para-2024\/","name":"Corinthians ganha mais um desfalque para 2024","isPartOf":{"@id":"https:\/\/www.gaveanews.com\/#website"},"primaryImageOfPage":{"@id":"https:\/\/www.gaveanews.com\/index.php\/2024\/11\/06\/corinthians-ganha-mais-um-desfalque-para-2024\/#primaryimage"},"image":{"@id":"https:\/\/www.gaveanews.com\/index.php\/2024\/11\/06\/corinthians-ganha-mais-um-desfalque-para-2024\/#primaryimage"},"thumbnailUrl":"https:\/\/www.gaveanews.com\/wp-content\/uploads\/Escudo-do-Corinthians-na-Neo-Quimica-Arena.webp","datePublished":"2024-11-06T23:20:00+00:00","author":{"@id":"https:\/\/www.gaveanews.com\/#\/schema\/person\/37122681a8575a5c8db05a56f099a5e4"},"description":"Corinthians ganha mais um desfalque para 2024","breadcrumb":{"@id":"https:\/\/www.gaveanews.com\/index.php\/2024\/11\/06\/corinthians-ganha-mais-um-desfalque-para-2024\/#breadcrumb"},"inLanguage":"pt-BR","potentialAction":[{"@type":"ReadAction","target":["https:\/\/www.gaveanews.com\/index.php\/2024\/11\/06\/corinthians-ganha-mais-um-desfalque-para-2024\/"]}]},{"@type":"ImageObject","inLanguage":"pt-BR","@id":"https:\/\/www.gaveanews.com\/index.php\/2024\/11\/06\/corinthians-ganha-mais-um-desfalque-para-2024\/#primaryimage","url":"https:\/\/www.gaveanews.com\/wp-content\/uploads\/Escudo-do-Corinthians-na-Neo-Quimica-Arena.webp","contentUrl":"https:\/\/www.gaveanews.com\/wp-content\/uploads\/Escudo-do-Corinthians-na-Neo-Quimica-Arena.webp","width":1440,"height":959,"caption":"Escudo do Corinthians na N\u00e9o Qu\u00edmica Arena (Foto Reprodu\u00e7\u00e3o\/Instagram)"},{"@type":"BreadcrumbList","@id":"https:\/\/www.gaveanews.com\/index.php\/2024\/11\/06\/corinthians-ganha-mais-um-desfalque-para-2024\/#breadcrumb","itemListElement":[{"@type":"ListItem","position":1,"name":"Home","item":"https:\/\/www.gaveanews.com\/"},{"@type":"ListItem","position":2,"name":"Corinthians ganha mais um desfalque para 2024"}]},{"@type":"WebSite","@id":"https:\/\/www.gaveanews.com\/#website","url":"https:\/\/www.gaveanews.com\/","name":"G\u00e1vea News","description":"Veja todas as not\u00edcias sobre o Flamengo: Contrata\u00e7\u00f5es, categorias de base, resultados das partidas, tabela de classifica\u00e7\u00e3o, pr\u00f3ximos jogos!","potentialAction":[{"@type":"SearchAction","target":{"@type":"EntryPoint","urlTemplate":"https:\/\/www.gaveanews.com\/?s={search_term_string}"},"query-input":{"@type":"PropertyValueSpecification","valueRequired":true,"valueName":"search_term_string"}}],"inLanguage":"pt-BR"},{"@type":"Person","@id":"https:\/\/www.gaveanews.com\/#\/schema\/person\/37122681a8575a5c8db05a56f099a5e4","name":"D\u00e9bora Figueiredo","image":{"@type":"ImageObject","inLanguage":"pt-BR","@id":"https:\/\/www.gaveanews.com\/#\/schema\/person\/image\/","url":"https:\/\/secure.gravatar.com\/avatar\/1f44802859351588499d26f52aed1d15796ce17e67602895b72837c08018868d?s=96&d=mm&r=g","contentUrl":"https:\/\/secure.gravatar.com\/avatar\/1f44802859351588499d26f52aed1d15796ce17e67602895b72837c08018868d?s=96&d=mm&r=g","caption":"D\u00e9bora Figueiredo"}}]}},"_links":{"self":[{"href":"https:\/\/www.gaveanews.com\/index.php\/wp-json\/wp\/v2\/posts\/181943","targetHints":{"allow":["GET"]}}],"collection":[{"href":"https:\/\/www.gaveanews.com\/index.php\/wp-json\/wp\/v2\/posts"}],"about":[{"href":"https:\/\/www.gaveanews.com\/index.php\/wp-json\/wp\/v2\/types\/post"}],"author":[{"embeddable":true,"href":"https:\/\/www.gaveanews.com\/index.php\/wp-json\/wp\/v2\/users\/16"}],"replies":[{"embeddable":true,"href":"https:\/\/www.gaveanews.com\/index.php\/wp-json\/wp\/v2\/comments?post=181943"}],"version-history":[{"count":2,"href":"https:\/\/www.gaveanews.com\/index.php\/wp-json\/wp\/v2\/posts\/181943\/revisions"}],"predecessor-version":[{"id":182169,"href":"https:\/\/www.gaveanews.com\/index.php\/wp-json\/wp\/v2\/posts\/181943\/revisions\/182169"}],"wp:featuredmedia":[{"embeddable":true,"href":"https:\/\/www.gaveanews.com\/index.php\/wp-json\/wp\/v2\/media\/154473"}],"wp:attachment":[{"href":"https:\/\/www.gaveanews.com\/index.php\/wp-json\/wp\/v2\/media?parent=181943"}],"wp:term":[{"taxonomy":"category","embeddable":true,"href":"https:\/\/www.gaveanews.com\/index.php\/wp-json\/wp\/v2\/categories?post=181943"},{"taxonomy":"post_tag","embeddable":true,"href":"https:\/\/www.gaveanews.com\/index.php\/wp-json\/wp\/v2\/tags?post=181943"}],"curies":[{"name":"wp","href":"https:\/\/api.w.org\/{rel}","templated":true}]}}