{"id":182260,"date":"2024-11-07T00:55:00","date_gmt":"2024-11-07T03:55:00","guid":{"rendered":"https:\/\/www.gaveanews.com\/?p=182260"},"modified":"2024-11-06T23:32:23","modified_gmt":"2024-11-07T02:32:23","slug":"a-declaracao-de-paiva-direcionada-a-coutinho","status":"publish","type":"post","link":"https:\/\/www.gaveanews.com\/index.php\/2024\/11\/07\/a-declaracao-de-paiva-direcionada-a-coutinho\/","title":{"rendered":"A declara\u00e7\u00e3o de Paiva direcionada a Coutinho"},"content":{"rendered":"\n<h2 class=\"wp-block-heading\" id=\"h-vasco-enfrentou-botafogo-com-desfalques-importantes\">Vasco enfrentou Botafogo com desfalques importantes<\/h2>\n\n\n\n<p>O Vasco entrou em campo contra o Botafogo, na \u00faltima ter\u00e7a-feira (5), com uma s\u00e9rie de desfalques importantes. Al\u00e9m dos jogadores j\u00e1 conhecidos, como David, Adson, Estrella e Paulinho, o t\u00e9cnico Rafael Paiva tamb\u00e9m n\u00e3o p\u00f4de contar com dois nomes de peso: Emerson Rodr\u00edguez e Philippe Coutinho.<\/p>\n\n\n\n<ul class=\"wp-block-list\">\n<li><a href=\"https:\/\/www.gaveanews.com\/index.php\/2024\/11\/06\/os-proximos-jogos-do-palmeiras-e-botafogo-compare\/\">Os pr\u00f3ximos jogos do Palmeiras e Botafogo; compare<\/a><\/li>\n\n\n\n<li><a href=\"https:\/\/www.gaveanews.com\/index.php\/2024\/11\/06\/atacante-do-botafogo-assina-novo-contrato\/\">Atacante do Botafogo assina novo contrato<\/a><\/li>\n<\/ul>\n\n\n\n<p>O desfalque de Emerson Rodr\u00edguez foi uma surpresa de \u00faltima hora. O jogador n\u00e3o treinou no domingo (3) devido a um problema familiar e, como consequ\u00eancia, n\u00e3o foi relacionado para o cl\u00e1ssico contra o Botafogo. Em entrevista coletiva ap\u00f3s a partida, Paiva explicou a decis\u00e3o do clube.<\/p>\n\n\n\n<p>&#8220;O Emerson teve um problema familiar no domingo, e era um treino muito importante para a gente, onde \u00edamos definir a equipe. O Vasco, de forma institucional, optou por n\u00e3o relacionar o jogador. Acreditamos no profissionalismo do grupo, e \u00e9 importante mostrar isso nesses momentos&#8221;, afirmou o treinador.<\/p>\n\n\n\n<p>Na aus\u00eancia de Emerson, Jean David foi o substituto no time titular. Paiva fez uma avalia\u00e7\u00e3o do desempenho do jogador: &#8220;O Jean \u00e9 experiente, tem muitos anos na Liga Mexicana, que \u00e9 um bom campeonato. Quando perdemos um jogador, tivemos dificuldades, mas mesmo assim ele teve alguns lances interessantes. A ideia era que ele tivesse mais posse de bola, mas n\u00e3o conseguimos encaixar o jogo como planejado&#8221;, explicou.<\/p>\n\n\n\n<p>J\u00e1 em rela\u00e7\u00e3o a Philippe Coutinho, que ficou de fora pelo segundo jogo consecutivo, Paiva detalhou que a aus\u00eancia foi por quest\u00f5es de &#8220;controle de carga&#8221;. O t\u00e9cnico pediu paci\u00eancia com o jogador, lembrando dos desafios que Coutinho enfrentou ao longo de sua carreira, com les\u00f5es significativas.<\/p>\n\n\n\n<p>&#8220;Temos que ter paci\u00eancia com o Coutinho. Ele passou por muitas les\u00f5es que o afastaram de situa\u00e7\u00f5es importantes. Quando est\u00e1 bem, ele ajuda muito, \u00e9 um jogador diferente, uma refer\u00eancia t\u00e9cnica. N\u00e3o podemos ultrapassar os limites do corpo dele, e precisamos ter cuidado. Ele jogou duas vezes seguidas em condi\u00e7\u00f5es pesadas, com chuva. Nosso setor de performance \u00e9 muito profissional e conseguimos gerenciar bem isso&#8221;, explicou Paiva.<\/p>\n","protected":false},"excerpt":{"rendered":"<p>Vasco enfrentou Botafogo com desfalques importantes O Vasco entrou em campo contra o Botafogo, na \u00faltima ter\u00e7a-feira (5), com uma s\u00e9rie de desfalques importantes. Al\u00e9m dos jogadores j\u00e1 conhecidos, como David, Adson, Estrella e Paulinho, o t\u00e9cnico Rafael Paiva tamb\u00e9m n\u00e3o p\u00f4de contar com dois nomes de peso: Emerson Rodr\u00edguez e Philippe Coutinho. O desfalque [&hellip;]<\/p>\n","protected":false},"author":17,"featured_media":151729,"comment_status":"open","ping_status":"closed","sticky":false,"template":"","format":"standard","meta":{"footnotes":""},"categories":[138],"tags":[],"class_list":["post-182260","post","type-post","status-publish","format-standard","has-post-thumbnail","hentry","category-botafogo"],"yoast_head":"<!-- This site is optimized with the Yoast SEO Premium plugin v24.2 (Yoast SEO v26.9) - https:\/\/yoast.com\/product\/yoast-seo-premium-wordpress\/ -->\n<title>A declara\u00e7\u00e3o de Paiva direcionada a Coutinho<\/title>\n<meta name=\"robots\" content=\"index, follow, max-snippet:-1, max-image-preview:large, max-video-preview:-1\" \/>\n<link rel=\"canonical\" href=\"https:\/\/www.gaveanews.com\/index.php\/2024\/11\/07\/a-declaracao-de-paiva-direcionada-a-coutinho\/\" \/>\n<meta property=\"og:locale\" content=\"pt_BR\" \/>\n<meta property=\"og:type\" content=\"article\" \/>\n<meta property=\"og:title\" content=\"A declara\u00e7\u00e3o de Paiva direcionada a Coutinho\" \/>\n<meta property=\"og:description\" content=\"Vasco enfrentou Botafogo com desfalques importantes O Vasco entrou em campo contra o Botafogo, na \u00faltima ter\u00e7a-feira (5), com uma s\u00e9rie de desfalques importantes. Al\u00e9m dos jogadores j\u00e1 conhecidos, como David, Adson, Estrella e Paulinho, o t\u00e9cnico Rafael Paiva tamb\u00e9m n\u00e3o p\u00f4de contar com dois nomes de peso: Emerson Rodr\u00edguez e Philippe Coutinho. O desfalque [&hellip;]\" \/>\n<meta property=\"og:url\" content=\"https:\/\/www.gaveanews.com\/index.php\/2024\/11\/07\/a-declaracao-de-paiva-direcionada-a-coutinho\/\" \/>\n<meta property=\"og:site_name\" content=\"G\u00e1vea News\" \/>\n<meta property=\"article:publisher\" content=\"https:\/\/facebook.com\/gaveaNews\/\" \/>\n<meta property=\"article:published_time\" content=\"2024-11-07T03:55:00+00:00\" \/>\n<meta property=\"og:image\" content=\"https:\/\/www.gaveanews.com\/wp-content\/uploads\/Philippe-Coutinho-em-acao-pelo-Vasco.webp\" \/>\n\t<meta property=\"og:image:width\" content=\"1080\" \/>\n\t<meta property=\"og:image:height\" content=\"810\" \/>\n\t<meta property=\"og:image:type\" content=\"image\/webp\" \/>\n<meta name=\"author\" content=\"Geovanna Thomaz\" \/>\n<meta name=\"twitter:card\" content=\"summary_large_image\" \/>\n<meta name=\"twitter:label1\" content=\"Escrito por\" \/>\n\t<meta name=\"twitter:data1\" content=\"Geovanna Thomaz\" \/>\n\t<meta name=\"twitter:label2\" content=\"Est. tempo de leitura\" \/>\n\t<meta name=\"twitter:data2\" content=\"3 minutos\" \/>\n<script type=\"application\/ld+json\" class=\"yoast-schema-graph\">{\"@context\":\"https:\/\/schema.org\",\"@graph\":[{\"@type\":\"NewsArticle\",\"@id\":\"https:\/\/www.gaveanews.com\/index.php\/2024\/11\/07\/a-declaracao-de-paiva-direcionada-a-coutinho\/#article\",\"isPartOf\":{\"@id\":\"https:\/\/www.gaveanews.com\/index.php\/2024\/11\/07\/a-declaracao-de-paiva-direcionada-a-coutinho\/\"},\"author\":{\"name\":\"Geovanna Thomaz\",\"@id\":\"https:\/\/www.gaveanews.com\/#\/schema\/person\/f42654babcd2b2014a1a65af82b081f1\"},\"headline\":\"A declara\u00e7\u00e3o de Paiva direcionada a Coutinho\",\"datePublished\":\"2024-11-07T03:55:00+00:00\",\"mainEntityOfPage\":{\"@id\":\"https:\/\/www.gaveanews.com\/index.php\/2024\/11\/07\/a-declaracao-de-paiva-direcionada-a-coutinho\/\"},\"wordCount\":378,\"commentCount\":0,\"image\":{\"@id\":\"https:\/\/www.gaveanews.com\/index.php\/2024\/11\/07\/a-declaracao-de-paiva-direcionada-a-coutinho\/#primaryimage\"},\"thumbnailUrl\":\"https:\/\/www.gaveanews.com\/wp-content\/uploads\/Philippe-Coutinho-em-acao-pelo-Vasco.webp\",\"articleSection\":[\"Botafogo\"],\"inLanguage\":\"pt-BR\",\"potentialAction\":[{\"@type\":\"CommentAction\",\"name\":\"Comment\",\"target\":[\"https:\/\/www.gaveanews.com\/index.php\/2024\/11\/07\/a-declaracao-de-paiva-direcionada-a-coutinho\/#respond\"]}],\"copyrightYear\":\"2024\",\"copyrightHolder\":{\"@id\":\"https:\/\/www.gaveanews.com\/#organization\"}},{\"@type\":\"WebPage\",\"@id\":\"https:\/\/www.gaveanews.com\/index.php\/2024\/11\/07\/a-declaracao-de-paiva-direcionada-a-coutinho\/\",\"url\":\"https:\/\/www.gaveanews.com\/index.php\/2024\/11\/07\/a-declaracao-de-paiva-direcionada-a-coutinho\/\",\"name\":\"A declara\u00e7\u00e3o de Paiva direcionada a Coutinho\",\"isPartOf\":{\"@id\":\"https:\/\/www.gaveanews.com\/#website\"},\"primaryImageOfPage\":{\"@id\":\"https:\/\/www.gaveanews.com\/index.php\/2024\/11\/07\/a-declaracao-de-paiva-direcionada-a-coutinho\/#primaryimage\"},\"image\":{\"@id\":\"https:\/\/www.gaveanews.com\/index.php\/2024\/11\/07\/a-declaracao-de-paiva-direcionada-a-coutinho\/#primaryimage\"},\"thumbnailUrl\":\"https:\/\/www.gaveanews.com\/wp-content\/uploads\/Philippe-Coutinho-em-acao-pelo-Vasco.webp\",\"datePublished\":\"2024-11-07T03:55:00+00:00\",\"author\":{\"@id\":\"https:\/\/www.gaveanews.com\/#\/schema\/person\/f42654babcd2b2014a1a65af82b081f1\"},\"breadcrumb\":{\"@id\":\"https:\/\/www.gaveanews.com\/index.php\/2024\/11\/07\/a-declaracao-de-paiva-direcionada-a-coutinho\/#breadcrumb\"},\"inLanguage\":\"pt-BR\",\"potentialAction\":[{\"@type\":\"ReadAction\",\"target\":[\"https:\/\/www.gaveanews.com\/index.php\/2024\/11\/07\/a-declaracao-de-paiva-direcionada-a-coutinho\/\"]}]},{\"@type\":\"ImageObject\",\"inLanguage\":\"pt-BR\",\"@id\":\"https:\/\/www.gaveanews.com\/index.php\/2024\/11\/07\/a-declaracao-de-paiva-direcionada-a-coutinho\/#primaryimage\",\"url\":\"https:\/\/www.gaveanews.com\/wp-content\/uploads\/Philippe-Coutinho-em-acao-pelo-Vasco.webp\",\"contentUrl\":\"https:\/\/www.gaveanews.com\/wp-content\/uploads\/Philippe-Coutinho-em-acao-pelo-Vasco.webp\",\"width\":1080,\"height\":810,\"caption\":\"Philippe Coutinho em a\u00e7\u00e3o pelo Vasco (Foto: Reprodu\u00e7\u00e3o\/Vasco)\"},{\"@type\":\"BreadcrumbList\",\"@id\":\"https:\/\/www.gaveanews.com\/index.php\/2024\/11\/07\/a-declaracao-de-paiva-direcionada-a-coutinho\/#breadcrumb\",\"itemListElement\":[{\"@type\":\"ListItem\",\"position\":1,\"name\":\"Home\",\"item\":\"https:\/\/www.gaveanews.com\/\"},{\"@type\":\"ListItem\",\"position\":2,\"name\":\"A declara\u00e7\u00e3o de Paiva direcionada a Coutinho\"}]},{\"@type\":\"WebSite\",\"@id\":\"https:\/\/www.gaveanews.com\/#website\",\"url\":\"https:\/\/www.gaveanews.com\/\",\"name\":\"G\u00e1vea News\",\"description\":\"Veja todas as not\u00edcias sobre o Flamengo: Contrata\u00e7\u00f5es, categorias de base, resultados das partidas, tabela de classifica\u00e7\u00e3o, pr\u00f3ximos jogos!\",\"potentialAction\":[{\"@type\":\"SearchAction\",\"target\":{\"@type\":\"EntryPoint\",\"urlTemplate\":\"https:\/\/www.gaveanews.com\/?s={search_term_string}\"},\"query-input\":{\"@type\":\"PropertyValueSpecification\",\"valueRequired\":true,\"valueName\":\"search_term_string\"}}],\"inLanguage\":\"pt-BR\"},{\"@type\":\"Person\",\"@id\":\"https:\/\/www.gaveanews.com\/#\/schema\/person\/f42654babcd2b2014a1a65af82b081f1\",\"name\":\"Geovanna Thomaz\",\"image\":{\"@type\":\"ImageObject\",\"inLanguage\":\"pt-BR\",\"@id\":\"https:\/\/www.gaveanews.com\/#\/schema\/person\/image\/\",\"url\":\"https:\/\/secure.gravatar.com\/avatar\/4092073255489533afb558984b49b64268c47198af8623cc82a925ae9fb7118a?s=96&d=mm&r=g\",\"contentUrl\":\"https:\/\/secure.gravatar.com\/avatar\/4092073255489533afb558984b49b64268c47198af8623cc82a925ae9fb7118a?s=96&d=mm&r=g\",\"caption\":\"Geovanna Thomaz\"}}]}<\/script>\n<!-- \/ Yoast SEO Premium plugin. -->","yoast_head_json":{"title":"A declara\u00e7\u00e3o de Paiva direcionada a Coutinho","robots":{"index":"index","follow":"follow","max-snippet":"max-snippet:-1","max-image-preview":"max-image-preview:large","max-video-preview":"max-video-preview:-1"},"canonical":"https:\/\/www.gaveanews.com\/index.php\/2024\/11\/07\/a-declaracao-de-paiva-direcionada-a-coutinho\/","og_locale":"pt_BR","og_type":"article","og_title":"A declara\u00e7\u00e3o de Paiva direcionada a Coutinho","og_description":"Vasco enfrentou Botafogo com desfalques importantes O Vasco entrou em campo contra o Botafogo, na \u00faltima ter\u00e7a-feira (5), com uma s\u00e9rie de desfalques importantes. Al\u00e9m dos jogadores j\u00e1 conhecidos, como David, Adson, Estrella e Paulinho, o t\u00e9cnico Rafael Paiva tamb\u00e9m n\u00e3o p\u00f4de contar com dois nomes de peso: Emerson Rodr\u00edguez e Philippe Coutinho. O desfalque [&hellip;]","og_url":"https:\/\/www.gaveanews.com\/index.php\/2024\/11\/07\/a-declaracao-de-paiva-direcionada-a-coutinho\/","og_site_name":"G\u00e1vea News","article_publisher":"https:\/\/facebook.com\/gaveaNews\/","article_published_time":"2024-11-07T03:55:00+00:00","og_image":[{"width":1080,"height":810,"url":"https:\/\/www.gaveanews.com\/wp-content\/uploads\/Philippe-Coutinho-em-acao-pelo-Vasco.webp","type":"image\/webp"}],"author":"Geovanna Thomaz","twitter_card":"summary_large_image","twitter_misc":{"Escrito por":"Geovanna Thomaz","Est. tempo de leitura":"3 minutos"},"schema":{"@context":"https:\/\/schema.org","@graph":[{"@type":"NewsArticle","@id":"https:\/\/www.gaveanews.com\/index.php\/2024\/11\/07\/a-declaracao-de-paiva-direcionada-a-coutinho\/#article","isPartOf":{"@id":"https:\/\/www.gaveanews.com\/index.php\/2024\/11\/07\/a-declaracao-de-paiva-direcionada-a-coutinho\/"},"author":{"name":"Geovanna Thomaz","@id":"https:\/\/www.gaveanews.com\/#\/schema\/person\/f42654babcd2b2014a1a65af82b081f1"},"headline":"A declara\u00e7\u00e3o de Paiva direcionada a Coutinho","datePublished":"2024-11-07T03:55:00+00:00","mainEntityOfPage":{"@id":"https:\/\/www.gaveanews.com\/index.php\/2024\/11\/07\/a-declaracao-de-paiva-direcionada-a-coutinho\/"},"wordCount":378,"commentCount":0,"image":{"@id":"https:\/\/www.gaveanews.com\/index.php\/2024\/11\/07\/a-declaracao-de-paiva-direcionada-a-coutinho\/#primaryimage"},"thumbnailUrl":"https:\/\/www.gaveanews.com\/wp-content\/uploads\/Philippe-Coutinho-em-acao-pelo-Vasco.webp","articleSection":["Botafogo"],"inLanguage":"pt-BR","potentialAction":[{"@type":"CommentAction","name":"Comment","target":["https:\/\/www.gaveanews.com\/index.php\/2024\/11\/07\/a-declaracao-de-paiva-direcionada-a-coutinho\/#respond"]}],"copyrightYear":"2024","copyrightHolder":{"@id":"https:\/\/www.gaveanews.com\/#organization"}},{"@type":"WebPage","@id":"https:\/\/www.gaveanews.com\/index.php\/2024\/11\/07\/a-declaracao-de-paiva-direcionada-a-coutinho\/","url":"https:\/\/www.gaveanews.com\/index.php\/2024\/11\/07\/a-declaracao-de-paiva-direcionada-a-coutinho\/","name":"A declara\u00e7\u00e3o de Paiva direcionada a Coutinho","isPartOf":{"@id":"https:\/\/www.gaveanews.com\/#website"},"primaryImageOfPage":{"@id":"https:\/\/www.gaveanews.com\/index.php\/2024\/11\/07\/a-declaracao-de-paiva-direcionada-a-coutinho\/#primaryimage"},"image":{"@id":"https:\/\/www.gaveanews.com\/index.php\/2024\/11\/07\/a-declaracao-de-paiva-direcionada-a-coutinho\/#primaryimage"},"thumbnailUrl":"https:\/\/www.gaveanews.com\/wp-content\/uploads\/Philippe-Coutinho-em-acao-pelo-Vasco.webp","datePublished":"2024-11-07T03:55:00+00:00","author":{"@id":"https:\/\/www.gaveanews.com\/#\/schema\/person\/f42654babcd2b2014a1a65af82b081f1"},"breadcrumb":{"@id":"https:\/\/www.gaveanews.com\/index.php\/2024\/11\/07\/a-declaracao-de-paiva-direcionada-a-coutinho\/#breadcrumb"},"inLanguage":"pt-BR","potentialAction":[{"@type":"ReadAction","target":["https:\/\/www.gaveanews.com\/index.php\/2024\/11\/07\/a-declaracao-de-paiva-direcionada-a-coutinho\/"]}]},{"@type":"ImageObject","inLanguage":"pt-BR","@id":"https:\/\/www.gaveanews.com\/index.php\/2024\/11\/07\/a-declaracao-de-paiva-direcionada-a-coutinho\/#primaryimage","url":"https:\/\/www.gaveanews.com\/wp-content\/uploads\/Philippe-Coutinho-em-acao-pelo-Vasco.webp","contentUrl":"https:\/\/www.gaveanews.com\/wp-content\/uploads\/Philippe-Coutinho-em-acao-pelo-Vasco.webp","width":1080,"height":810,"caption":"Philippe Coutinho em a\u00e7\u00e3o pelo Vasco (Foto: Reprodu\u00e7\u00e3o\/Vasco)"},{"@type":"BreadcrumbList","@id":"https:\/\/www.gaveanews.com\/index.php\/2024\/11\/07\/a-declaracao-de-paiva-direcionada-a-coutinho\/#breadcrumb","itemListElement":[{"@type":"ListItem","position":1,"name":"Home","item":"https:\/\/www.gaveanews.com\/"},{"@type":"ListItem","position":2,"name":"A declara\u00e7\u00e3o de Paiva direcionada a Coutinho"}]},{"@type":"WebSite","@id":"https:\/\/www.gaveanews.com\/#website","url":"https:\/\/www.gaveanews.com\/","name":"G\u00e1vea News","description":"Veja todas as not\u00edcias sobre o Flamengo: Contrata\u00e7\u00f5es, categorias de base, resultados das partidas, tabela de classifica\u00e7\u00e3o, pr\u00f3ximos jogos!","potentialAction":[{"@type":"SearchAction","target":{"@type":"EntryPoint","urlTemplate":"https:\/\/www.gaveanews.com\/?s={search_term_string}"},"query-input":{"@type":"PropertyValueSpecification","valueRequired":true,"valueName":"search_term_string"}}],"inLanguage":"pt-BR"},{"@type":"Person","@id":"https:\/\/www.gaveanews.com\/#\/schema\/person\/f42654babcd2b2014a1a65af82b081f1","name":"Geovanna Thomaz","image":{"@type":"ImageObject","inLanguage":"pt-BR","@id":"https:\/\/www.gaveanews.com\/#\/schema\/person\/image\/","url":"https:\/\/secure.gravatar.com\/avatar\/4092073255489533afb558984b49b64268c47198af8623cc82a925ae9fb7118a?s=96&d=mm&r=g","contentUrl":"https:\/\/secure.gravatar.com\/avatar\/4092073255489533afb558984b49b64268c47198af8623cc82a925ae9fb7118a?s=96&d=mm&r=g","caption":"Geovanna Thomaz"}}]}},"_links":{"self":[{"href":"https:\/\/www.gaveanews.com\/index.php\/wp-json\/wp\/v2\/posts\/182260","targetHints":{"allow":["GET"]}}],"collection":[{"href":"https:\/\/www.gaveanews.com\/index.php\/wp-json\/wp\/v2\/posts"}],"about":[{"href":"https:\/\/www.gaveanews.com\/index.php\/wp-json\/wp\/v2\/types\/post"}],"author":[{"embeddable":true,"href":"https:\/\/www.gaveanews.com\/index.php\/wp-json\/wp\/v2\/users\/17"}],"replies":[{"embeddable":true,"href":"https:\/\/www.gaveanews.com\/index.php\/wp-json\/wp\/v2\/comments?post=182260"}],"version-history":[{"count":1,"href":"https:\/\/www.gaveanews.com\/index.php\/wp-json\/wp\/v2\/posts\/182260\/revisions"}],"predecessor-version":[{"id":182261,"href":"https:\/\/www.gaveanews.com\/index.php\/wp-json\/wp\/v2\/posts\/182260\/revisions\/182261"}],"wp:featuredmedia":[{"embeddable":true,"href":"https:\/\/www.gaveanews.com\/index.php\/wp-json\/wp\/v2\/media\/151729"}],"wp:attachment":[{"href":"https:\/\/www.gaveanews.com\/index.php\/wp-json\/wp\/v2\/media?parent=182260"}],"wp:term":[{"taxonomy":"category","embeddable":true,"href":"https:\/\/www.gaveanews.com\/index.php\/wp-json\/wp\/v2\/categories?post=182260"},{"taxonomy":"post_tag","embeddable":true,"href":"https:\/\/www.gaveanews.com\/index.php\/wp-json\/wp\/v2\/tags?post=182260"}],"curies":[{"name":"wp","href":"https:\/\/api.w.org\/{rel}","templated":true}]}}