{"id":182319,"date":"2024-11-07T12:45:00","date_gmt":"2024-11-07T15:45:00","guid":{"rendered":"https:\/\/www.gaveanews.com\/?p=182319"},"modified":"2024-11-07T12:10:39","modified_gmt":"2024-11-07T15:10:39","slug":"magnata-da-europa-quer-comprar-o-vasco","status":"publish","type":"post","link":"https:\/\/www.gaveanews.com\/index.php\/2024\/11\/07\/magnata-da-europa-quer-comprar-o-vasco\/","title":{"rendered":"Magnata da Europa quer comprar o Vasco"},"content":{"rendered":"\n<p>N\u00e3o \u00e9 segredo que o Vasco da Gama procura outro investidor para assumir o controle da SAF, desde a liminar que destituiu a 777 Partners da posi\u00e7\u00e3o. A bola da vez \u00e9 o magnata grego, Evangelos Marinakis, que \u00e9 dono de alguns clubes europeus e tem interesse em adquirir um time no Brasil.<\/p>\n\n\n\n<ul class=\"wp-block-list\">\n<li><a href=\"https:\/\/www.gaveanews.com\/index.php\/2024\/11\/06\/botafogo-x-vasco-a-declaracao-de-lucas-piton\/\">Botafogo x Vasco: a declara\u00e7\u00e3o de Lucas Piton<\/a><\/li>\n\n\n\n<li><a href=\"https:\/\/www.gaveanews.com\/index.php\/2024\/11\/06\/titulo-do-flamengo-pode-ser-excelente-para-o-vasco\/\">T\u00edtulo do Flamengo pode ser excelente para o Vasco<\/a><\/li>\n<\/ul>\n\n\n\n<p>O Vasco vive um imbr\u00f3glio jur\u00eddico por conta da administra\u00e7\u00e3o da SAF desde maio deste ano. A 777 Partners foi destitu\u00edda da posi\u00e7\u00e3o de s\u00f3cia-majorit\u00e1ria por meio de uma liminar judicial que entendia que o Vasco passava por inseguran\u00e7a fiscal, gra\u00e7as aos acontecimentos no entorno da empresa estadunidense.<\/p>\n\n\n\n<p>Com o controle nas m\u00e3os do associativo, o presidente Pedrinho nunca escondeu a vontade encontrar outro parceiro que investisse no clube, mas de uma maneira que agradasse os vasca\u00ednos. Havia uma insatisfa\u00e7\u00e3o com os antigos donos, que eram distantes da gest\u00e3o e que viam o Vasco apenas como um neg\u00f3cio.<\/p>\n\n\n\n<figure class=\"wp-block-embed is-type-photo is-provider-flickr wp-block-embed-flickr\"><div class=\"wp-block-embed__wrapper\">\n<a href=\"https:\/\/www.flickr.com\/photos\/201155970@N03\/54123558450\/in\/dateposted-public\/\"><img loading=\"lazy\" decoding=\"async\" src=\"https:\/\/live.staticflickr.com\/65535\/54123558450_8965b79714_z.webp\" alt=\"imagem_2024-11-07_121016228\" width=\"640\" height=\"403\" \/><\/a>\n<\/div><\/figure>\n\n\n\n<p>Quem pode preencher essa lacuna \u00e9 o magnata grego, Evangelos Marinakis.&nbsp; Ele, que \u00e9 dono do Olympiacos, da Gr\u00e9cia, do Nottingham Forest, da Inglaterra, e do Rio Ave, de Portugal, contratou o brasileiro Edu Gaspar com a miss\u00e3o de encontrar um time no Brasil para investir.<\/p>\n\n\n\n<p>Edu, que j\u00e1 foi coordenador da Sele\u00e7\u00e3o Brasileira, ocupava o cargo de diretor esportivo do Arsenal desde 2019 e recebeu uma oferta para ser o CEO internacional do grupo de futebol do empres\u00e1rio grego.<\/p>\n\n\n\n<p>Com isso, os ind\u00edcios de que o Vasco da Gama possa ser o alvo deles s\u00e3o cada vez maiores. O site GE apurou, no entanto, que apesar do interesse em investir no Brasil, nem Marinakis ou Edu Gaspar fizeram uma proposta oficial ao Cruz-Maltino.<\/p>\n","protected":false},"excerpt":{"rendered":"<p>N\u00e3o \u00e9 segredo que o Vasco da Gama procura outro investidor para assumir o controle da SAF, desde a liminar que destituiu a 777 Partners da posi\u00e7\u00e3o. A bola da vez \u00e9 o magnata grego, Evangelos Marinakis, que \u00e9 dono de alguns clubes europeus e tem interesse em adquirir um time no Brasil. O Vasco [&hellip;]<\/p>\n","protected":false},"author":29,"featured_media":152090,"comment_status":"open","ping_status":"closed","sticky":false,"template":"","format":"standard","meta":{"footnotes":""},"categories":[152],"tags":[],"class_list":["post-182319","post","type-post","status-publish","format-standard","has-post-thumbnail","hentry","category-vasco"],"yoast_head":"<!-- This site is optimized with the Yoast SEO Premium plugin v24.2 (Yoast SEO v26.9) - https:\/\/yoast.com\/product\/yoast-seo-premium-wordpress\/ -->\n<title>Magnata da Europa quer comprar o Vasco<\/title>\n<meta name=\"robots\" content=\"index, follow, max-snippet:-1, max-image-preview:large, max-video-preview:-1\" \/>\n<link rel=\"canonical\" href=\"https:\/\/www.gaveanews.com\/index.php\/2024\/11\/07\/magnata-da-europa-quer-comprar-o-vasco\/\" \/>\n<meta property=\"og:locale\" content=\"pt_BR\" \/>\n<meta property=\"og:type\" content=\"article\" \/>\n<meta property=\"og:title\" content=\"Magnata da Europa quer comprar o Vasco\" \/>\n<meta property=\"og:description\" content=\"N\u00e3o \u00e9 segredo que o Vasco da Gama procura outro investidor para assumir o controle da SAF, desde a liminar que destituiu a 777 Partners da posi\u00e7\u00e3o. A bola da vez \u00e9 o magnata grego, Evangelos Marinakis, que \u00e9 dono de alguns clubes europeus e tem interesse em adquirir um time no Brasil. O Vasco [&hellip;]\" \/>\n<meta property=\"og:url\" content=\"https:\/\/www.gaveanews.com\/index.php\/2024\/11\/07\/magnata-da-europa-quer-comprar-o-vasco\/\" \/>\n<meta property=\"og:site_name\" content=\"G\u00e1vea News\" \/>\n<meta property=\"article:publisher\" content=\"https:\/\/facebook.com\/gaveaNews\/\" \/>\n<meta property=\"article:published_time\" content=\"2024-11-07T15:45:00+00:00\" \/>\n<meta property=\"og:image\" content=\"https:\/\/www.gaveanews.com\/wp-content\/uploads\/Bandeira-do-Vasco-da-Gama.webp\" \/>\n\t<meta property=\"og:image:width\" content=\"1159\" \/>\n\t<meta property=\"og:image:height\" content=\"772\" \/>\n\t<meta property=\"og:image:type\" content=\"image\/webp\" \/>\n<meta name=\"author\" content=\"Marco Menezes\" \/>\n<meta name=\"twitter:card\" content=\"summary_large_image\" \/>\n<meta name=\"twitter:label1\" content=\"Escrito por\" \/>\n\t<meta name=\"twitter:data1\" content=\"Marco Menezes\" \/>\n\t<meta name=\"twitter:label2\" content=\"Est. tempo de leitura\" \/>\n\t<meta name=\"twitter:data2\" content=\"2 minutos\" \/>\n<script type=\"application\/ld+json\" class=\"yoast-schema-graph\">{\"@context\":\"https:\/\/schema.org\",\"@graph\":[{\"@type\":\"NewsArticle\",\"@id\":\"https:\/\/www.gaveanews.com\/index.php\/2024\/11\/07\/magnata-da-europa-quer-comprar-o-vasco\/#article\",\"isPartOf\":{\"@id\":\"https:\/\/www.gaveanews.com\/index.php\/2024\/11\/07\/magnata-da-europa-quer-comprar-o-vasco\/\"},\"author\":{\"name\":\"Marco Menezes\",\"@id\":\"https:\/\/www.gaveanews.com\/#\/schema\/person\/a9f62fe75380c6bada1b2fc49bc23d69\"},\"headline\":\"Magnata da Europa quer comprar o Vasco\",\"datePublished\":\"2024-11-07T15:45:00+00:00\",\"mainEntityOfPage\":{\"@id\":\"https:\/\/www.gaveanews.com\/index.php\/2024\/11\/07\/magnata-da-europa-quer-comprar-o-vasco\/\"},\"wordCount\":324,\"commentCount\":0,\"image\":{\"@id\":\"https:\/\/www.gaveanews.com\/index.php\/2024\/11\/07\/magnata-da-europa-quer-comprar-o-vasco\/#primaryimage\"},\"thumbnailUrl\":\"https:\/\/www.gaveanews.com\/wp-content\/uploads\/Bandeira-do-Vasco-da-Gama.webp\",\"articleSection\":[\"Vasco\"],\"inLanguage\":\"pt-BR\",\"potentialAction\":[{\"@type\":\"CommentAction\",\"name\":\"Comment\",\"target\":[\"https:\/\/www.gaveanews.com\/index.php\/2024\/11\/07\/magnata-da-europa-quer-comprar-o-vasco\/#respond\"]}],\"copyrightYear\":\"2024\",\"copyrightHolder\":{\"@id\":\"https:\/\/www.gaveanews.com\/#organization\"}},{\"@type\":\"WebPage\",\"@id\":\"https:\/\/www.gaveanews.com\/index.php\/2024\/11\/07\/magnata-da-europa-quer-comprar-o-vasco\/\",\"url\":\"https:\/\/www.gaveanews.com\/index.php\/2024\/11\/07\/magnata-da-europa-quer-comprar-o-vasco\/\",\"name\":\"Magnata da Europa quer comprar o Vasco\",\"isPartOf\":{\"@id\":\"https:\/\/www.gaveanews.com\/#website\"},\"primaryImageOfPage\":{\"@id\":\"https:\/\/www.gaveanews.com\/index.php\/2024\/11\/07\/magnata-da-europa-quer-comprar-o-vasco\/#primaryimage\"},\"image\":{\"@id\":\"https:\/\/www.gaveanews.com\/index.php\/2024\/11\/07\/magnata-da-europa-quer-comprar-o-vasco\/#primaryimage\"},\"thumbnailUrl\":\"https:\/\/www.gaveanews.com\/wp-content\/uploads\/Bandeira-do-Vasco-da-Gama.webp\",\"datePublished\":\"2024-11-07T15:45:00+00:00\",\"author\":{\"@id\":\"https:\/\/www.gaveanews.com\/#\/schema\/person\/a9f62fe75380c6bada1b2fc49bc23d69\"},\"breadcrumb\":{\"@id\":\"https:\/\/www.gaveanews.com\/index.php\/2024\/11\/07\/magnata-da-europa-quer-comprar-o-vasco\/#breadcrumb\"},\"inLanguage\":\"pt-BR\",\"potentialAction\":[{\"@type\":\"ReadAction\",\"target\":[\"https:\/\/www.gaveanews.com\/index.php\/2024\/11\/07\/magnata-da-europa-quer-comprar-o-vasco\/\"]}]},{\"@type\":\"ImageObject\",\"inLanguage\":\"pt-BR\",\"@id\":\"https:\/\/www.gaveanews.com\/index.php\/2024\/11\/07\/magnata-da-europa-quer-comprar-o-vasco\/#primaryimage\",\"url\":\"https:\/\/www.gaveanews.com\/wp-content\/uploads\/Bandeira-do-Vasco-da-Gama.webp\",\"contentUrl\":\"https:\/\/www.gaveanews.com\/wp-content\/uploads\/Bandeira-do-Vasco-da-Gama.webp\",\"width\":1159,\"height\":772,\"caption\":\"Bandeira do Vasco da Gama (Foto: Reprodu\u00e7\u00e3o\/Vasco)\"},{\"@type\":\"BreadcrumbList\",\"@id\":\"https:\/\/www.gaveanews.com\/index.php\/2024\/11\/07\/magnata-da-europa-quer-comprar-o-vasco\/#breadcrumb\",\"itemListElement\":[{\"@type\":\"ListItem\",\"position\":1,\"name\":\"Home\",\"item\":\"https:\/\/www.gaveanews.com\/\"},{\"@type\":\"ListItem\",\"position\":2,\"name\":\"Magnata da Europa quer comprar o Vasco\"}]},{\"@type\":\"WebSite\",\"@id\":\"https:\/\/www.gaveanews.com\/#website\",\"url\":\"https:\/\/www.gaveanews.com\/\",\"name\":\"G\u00e1vea News\",\"description\":\"Veja todas as not\u00edcias sobre o Flamengo: Contrata\u00e7\u00f5es, categorias de base, resultados das partidas, tabela de classifica\u00e7\u00e3o, pr\u00f3ximos jogos!\",\"potentialAction\":[{\"@type\":\"SearchAction\",\"target\":{\"@type\":\"EntryPoint\",\"urlTemplate\":\"https:\/\/www.gaveanews.com\/?s={search_term_string}\"},\"query-input\":{\"@type\":\"PropertyValueSpecification\",\"valueRequired\":true,\"valueName\":\"search_term_string\"}}],\"inLanguage\":\"pt-BR\"},{\"@type\":\"Person\",\"@id\":\"https:\/\/www.gaveanews.com\/#\/schema\/person\/a9f62fe75380c6bada1b2fc49bc23d69\",\"name\":\"Marco Menezes\",\"image\":{\"@type\":\"ImageObject\",\"inLanguage\":\"pt-BR\",\"@id\":\"https:\/\/www.gaveanews.com\/#\/schema\/person\/image\/\",\"url\":\"https:\/\/secure.gravatar.com\/avatar\/a1d148ae17fc8bfc5dbccffd07979e8bd2c9ba494221779de86ec2c7907b71ec?s=96&d=mm&r=g\",\"contentUrl\":\"https:\/\/secure.gravatar.com\/avatar\/a1d148ae17fc8bfc5dbccffd07979e8bd2c9ba494221779de86ec2c7907b71ec?s=96&d=mm&r=g\",\"caption\":\"Marco Menezes\"}}]}<\/script>\n<!-- \/ Yoast SEO Premium plugin. -->","yoast_head_json":{"title":"Magnata da Europa quer comprar o Vasco","robots":{"index":"index","follow":"follow","max-snippet":"max-snippet:-1","max-image-preview":"max-image-preview:large","max-video-preview":"max-video-preview:-1"},"canonical":"https:\/\/www.gaveanews.com\/index.php\/2024\/11\/07\/magnata-da-europa-quer-comprar-o-vasco\/","og_locale":"pt_BR","og_type":"article","og_title":"Magnata da Europa quer comprar o Vasco","og_description":"N\u00e3o \u00e9 segredo que o Vasco da Gama procura outro investidor para assumir o controle da SAF, desde a liminar que destituiu a 777 Partners da posi\u00e7\u00e3o. A bola da vez \u00e9 o magnata grego, Evangelos Marinakis, que \u00e9 dono de alguns clubes europeus e tem interesse em adquirir um time no Brasil. O Vasco [&hellip;]","og_url":"https:\/\/www.gaveanews.com\/index.php\/2024\/11\/07\/magnata-da-europa-quer-comprar-o-vasco\/","og_site_name":"G\u00e1vea News","article_publisher":"https:\/\/facebook.com\/gaveaNews\/","article_published_time":"2024-11-07T15:45:00+00:00","og_image":[{"width":1159,"height":772,"url":"https:\/\/www.gaveanews.com\/wp-content\/uploads\/Bandeira-do-Vasco-da-Gama.webp","type":"image\/webp"}],"author":"Marco Menezes","twitter_card":"summary_large_image","twitter_misc":{"Escrito por":"Marco Menezes","Est. tempo de leitura":"2 minutos"},"schema":{"@context":"https:\/\/schema.org","@graph":[{"@type":"NewsArticle","@id":"https:\/\/www.gaveanews.com\/index.php\/2024\/11\/07\/magnata-da-europa-quer-comprar-o-vasco\/#article","isPartOf":{"@id":"https:\/\/www.gaveanews.com\/index.php\/2024\/11\/07\/magnata-da-europa-quer-comprar-o-vasco\/"},"author":{"name":"Marco Menezes","@id":"https:\/\/www.gaveanews.com\/#\/schema\/person\/a9f62fe75380c6bada1b2fc49bc23d69"},"headline":"Magnata da Europa quer comprar o Vasco","datePublished":"2024-11-07T15:45:00+00:00","mainEntityOfPage":{"@id":"https:\/\/www.gaveanews.com\/index.php\/2024\/11\/07\/magnata-da-europa-quer-comprar-o-vasco\/"},"wordCount":324,"commentCount":0,"image":{"@id":"https:\/\/www.gaveanews.com\/index.php\/2024\/11\/07\/magnata-da-europa-quer-comprar-o-vasco\/#primaryimage"},"thumbnailUrl":"https:\/\/www.gaveanews.com\/wp-content\/uploads\/Bandeira-do-Vasco-da-Gama.webp","articleSection":["Vasco"],"inLanguage":"pt-BR","potentialAction":[{"@type":"CommentAction","name":"Comment","target":["https:\/\/www.gaveanews.com\/index.php\/2024\/11\/07\/magnata-da-europa-quer-comprar-o-vasco\/#respond"]}],"copyrightYear":"2024","copyrightHolder":{"@id":"https:\/\/www.gaveanews.com\/#organization"}},{"@type":"WebPage","@id":"https:\/\/www.gaveanews.com\/index.php\/2024\/11\/07\/magnata-da-europa-quer-comprar-o-vasco\/","url":"https:\/\/www.gaveanews.com\/index.php\/2024\/11\/07\/magnata-da-europa-quer-comprar-o-vasco\/","name":"Magnata da Europa quer comprar o Vasco","isPartOf":{"@id":"https:\/\/www.gaveanews.com\/#website"},"primaryImageOfPage":{"@id":"https:\/\/www.gaveanews.com\/index.php\/2024\/11\/07\/magnata-da-europa-quer-comprar-o-vasco\/#primaryimage"},"image":{"@id":"https:\/\/www.gaveanews.com\/index.php\/2024\/11\/07\/magnata-da-europa-quer-comprar-o-vasco\/#primaryimage"},"thumbnailUrl":"https:\/\/www.gaveanews.com\/wp-content\/uploads\/Bandeira-do-Vasco-da-Gama.webp","datePublished":"2024-11-07T15:45:00+00:00","author":{"@id":"https:\/\/www.gaveanews.com\/#\/schema\/person\/a9f62fe75380c6bada1b2fc49bc23d69"},"breadcrumb":{"@id":"https:\/\/www.gaveanews.com\/index.php\/2024\/11\/07\/magnata-da-europa-quer-comprar-o-vasco\/#breadcrumb"},"inLanguage":"pt-BR","potentialAction":[{"@type":"ReadAction","target":["https:\/\/www.gaveanews.com\/index.php\/2024\/11\/07\/magnata-da-europa-quer-comprar-o-vasco\/"]}]},{"@type":"ImageObject","inLanguage":"pt-BR","@id":"https:\/\/www.gaveanews.com\/index.php\/2024\/11\/07\/magnata-da-europa-quer-comprar-o-vasco\/#primaryimage","url":"https:\/\/www.gaveanews.com\/wp-content\/uploads\/Bandeira-do-Vasco-da-Gama.webp","contentUrl":"https:\/\/www.gaveanews.com\/wp-content\/uploads\/Bandeira-do-Vasco-da-Gama.webp","width":1159,"height":772,"caption":"Bandeira do Vasco da Gama (Foto: Reprodu\u00e7\u00e3o\/Vasco)"},{"@type":"BreadcrumbList","@id":"https:\/\/www.gaveanews.com\/index.php\/2024\/11\/07\/magnata-da-europa-quer-comprar-o-vasco\/#breadcrumb","itemListElement":[{"@type":"ListItem","position":1,"name":"Home","item":"https:\/\/www.gaveanews.com\/"},{"@type":"ListItem","position":2,"name":"Magnata da Europa quer comprar o Vasco"}]},{"@type":"WebSite","@id":"https:\/\/www.gaveanews.com\/#website","url":"https:\/\/www.gaveanews.com\/","name":"G\u00e1vea News","description":"Veja todas as not\u00edcias sobre o Flamengo: Contrata\u00e7\u00f5es, categorias de base, resultados das partidas, tabela de classifica\u00e7\u00e3o, pr\u00f3ximos jogos!","potentialAction":[{"@type":"SearchAction","target":{"@type":"EntryPoint","urlTemplate":"https:\/\/www.gaveanews.com\/?s={search_term_string}"},"query-input":{"@type":"PropertyValueSpecification","valueRequired":true,"valueName":"search_term_string"}}],"inLanguage":"pt-BR"},{"@type":"Person","@id":"https:\/\/www.gaveanews.com\/#\/schema\/person\/a9f62fe75380c6bada1b2fc49bc23d69","name":"Marco Menezes","image":{"@type":"ImageObject","inLanguage":"pt-BR","@id":"https:\/\/www.gaveanews.com\/#\/schema\/person\/image\/","url":"https:\/\/secure.gravatar.com\/avatar\/a1d148ae17fc8bfc5dbccffd07979e8bd2c9ba494221779de86ec2c7907b71ec?s=96&d=mm&r=g","contentUrl":"https:\/\/secure.gravatar.com\/avatar\/a1d148ae17fc8bfc5dbccffd07979e8bd2c9ba494221779de86ec2c7907b71ec?s=96&d=mm&r=g","caption":"Marco Menezes"}}]}},"_links":{"self":[{"href":"https:\/\/www.gaveanews.com\/index.php\/wp-json\/wp\/v2\/posts\/182319","targetHints":{"allow":["GET"]}}],"collection":[{"href":"https:\/\/www.gaveanews.com\/index.php\/wp-json\/wp\/v2\/posts"}],"about":[{"href":"https:\/\/www.gaveanews.com\/index.php\/wp-json\/wp\/v2\/types\/post"}],"author":[{"embeddable":true,"href":"https:\/\/www.gaveanews.com\/index.php\/wp-json\/wp\/v2\/users\/29"}],"replies":[{"embeddable":true,"href":"https:\/\/www.gaveanews.com\/index.php\/wp-json\/wp\/v2\/comments?post=182319"}],"version-history":[{"count":2,"href":"https:\/\/www.gaveanews.com\/index.php\/wp-json\/wp\/v2\/posts\/182319\/revisions"}],"predecessor-version":[{"id":182503,"href":"https:\/\/www.gaveanews.com\/index.php\/wp-json\/wp\/v2\/posts\/182319\/revisions\/182503"}],"wp:featuredmedia":[{"embeddable":true,"href":"https:\/\/www.gaveanews.com\/index.php\/wp-json\/wp\/v2\/media\/152090"}],"wp:attachment":[{"href":"https:\/\/www.gaveanews.com\/index.php\/wp-json\/wp\/v2\/media?parent=182319"}],"wp:term":[{"taxonomy":"category","embeddable":true,"href":"https:\/\/www.gaveanews.com\/index.php\/wp-json\/wp\/v2\/categories?post=182319"},{"taxonomy":"post_tag","embeddable":true,"href":"https:\/\/www.gaveanews.com\/index.php\/wp-json\/wp\/v2\/tags?post=182319"}],"curies":[{"name":"wp","href":"https:\/\/api.w.org\/{rel}","templated":true}]}}