{"id":182348,"date":"2024-11-07T00:41:53","date_gmt":"2024-11-07T03:41:53","guid":{"rendered":"https:\/\/www.gaveanews.com\/?p=182348"},"modified":"2024-11-07T00:41:56","modified_gmt":"2024-11-07T03:41:56","slug":"a-declaracao-de-filipe-luis-sobre-a-possibilidade-de-o-flamengo-ser-campeao-brasileiro","status":"publish","type":"post","link":"https:\/\/www.gaveanews.com\/index.php\/2024\/11\/07\/a-declaracao-de-filipe-luis-sobre-a-possibilidade-de-o-flamengo-ser-campeao-brasileiro\/","title":{"rendered":"A declara\u00e7\u00e3o de Filipe Lu\u00eds sobre a possibilidade de o Flamengo ser campe\u00e3o brasileiro"},"content":{"rendered":"\n<p>O Flamengo venceu o Cruzeiro por 1 a 0, com gol de falta de David Luiz, no Est\u00e1dio Independ\u00eancia, nesta quarta-feira (6). A partida, v\u00e1lida pela 32\u00aa rodada do Brasileir\u00e3o, garantiu mais tr\u00eas pontos na conta do Rubro-Negro pelo topo da tabela, e o tema &#8216;chance de t\u00edtulo&#8217; voltou \u00e0 tona. <\/p>\n\n\n\n<ul class=\"wp-block-list\">\n<li><a href=\"https:\/\/www.gaveanews.com\/index.php\/2024\/11\/07\/a-declaracao-de-filipe-luis-sobre-david-luiz-no-flamengo\/\">A declara\u00e7\u00e3o de Filipe Lu\u00eds sobre David Luiz no Flamengo<\/a><\/li>\n\n\n\n<li><a href=\"https:\/\/www.gaveanews.com\/index.php\/2024\/11\/07\/a-declaracao-de-filipe-luis-sobre-a-final-da-copa-do-brasil-entre-flamengo-e-atletico-mg\/\">A declara\u00e7\u00e3o de Filipe Lu\u00eds sobre a final da Copa do Brasil, entre Flamengo e Atl\u00e9tico-MG<\/a><\/li>\n<\/ul>\n\n\n\n<p>Como de praxe, ao final dos jogos, o t\u00e9cnico concede entrevista coletiva, e desta vez, n\u00e3o foi diferente. Entre muitos temas abordados, perguntaram se o Flamengo ainda pode sonhar com o t\u00edtulo do Brasileir\u00e3o, e Filipe manteve os p\u00e9s no ch\u00e3o.<\/p>\n\n\n\n<p>\u2014 <em>D\u00e1 para dormir hoje \u00e0 noite e preparar para a final. Para voc\u00ea ter no\u00e7\u00e3o, n\u00e3o sei contra quem \u00e9 o pr\u00f3ximo jogo (do Brasileiro). S\u00f3 para voc\u00eas verem, estou meio cego. Na minha vis\u00e3o, eu vou jogo a jogo. Essa camiseta pede &#8220;ganhar, ganhar e ganhar&#8221;. \u00c9 acostumar a ganhar, \u00e9 isso que eu quero. S\u00e3o jogadores grandes que buscam isso, se incomodam quando n\u00e3o ganham. \u00c9 um grupo que fica machucado se sofremos um empate no fim do jogo. Isso prova a grandeza que \u00e9 o\u00a0Flamengo<\/em> -, disse.<\/p>\n\n\n\n<p>Apesar do questionamento, a chance de t\u00edtulo do Brasileir\u00e3o \u00e9 muito remota, e o Flamengo est\u00e1 em uma situa\u00e7\u00e3o bem complicada para brigar por trof\u00e9u. Isso porque o Rubro-Negro ocupa a quarta posi\u00e7\u00e3o na tabela, com 58 pontos, nove a menos que o l\u00edder Botafogo.<\/p>\n\n\n\n<p>Se o Botafogo est\u00e1 bem distante na classifica\u00e7\u00e3o, o Flamengo pode sonhar, sim, com uma melhor posi\u00e7\u00e3o na tabela, visto que a situa\u00e7\u00e3o entre o Mengo, Palmeiras e Fortaleza est\u00e1 embolada. O alviverde ocupa a segunda coloca\u00e7\u00e3o, com 61 pontos, enquanto o Le\u00e3o do Pici tem 60 e est\u00e1 em terceiro lugar.<\/p>\n\n\n\n<p>Ap\u00f3s 32 rodadas, de acordo com as probabilidades de futebol da UFMG, o Flamengo tem 0,25% de chance de t\u00edtulo, contra 85,3% do l\u00edder Botafogo. Palmeiras e Fortaleza, nas segunda e terceira posi\u00e7\u00f5es, t\u00eam 10,6% e 3,6%, respectivamente.<\/p>\n\n\n\n<p>De passo em passo, o pr\u00f3ximo compromisso do Fla pelo Brasileir\u00e3o \u00e9 contra o Atl\u00e9tico-MG, no dia 13 de novembro. As equipes v\u00e3o se enfrentar no Maracan\u00e3, \u00e0s 20h (de Bras\u00edlia). Antes disso, os times duelam novamente, no dia 10, domingo, pela grande final da Copa do Brasil.<\/p>\n\n\n\n<p>O Fla venceu o primeiro jogo por 3 a 1, no Maracan\u00e3, e tem vantagem. O Atl\u00e9tico-MG vai jogar em casa e tentar reverter o resultado em busca do trof\u00e9u. A bola rola na Arena MRV, \u00e0s 16h (de Bras\u00edlia).<\/p>\n","protected":false},"excerpt":{"rendered":"<p>O Flamengo venceu o Cruzeiro por 1 a 0, com gol de falta de David Luiz, no Est\u00e1dio Independ\u00eancia, nesta quarta-feira (6). A partida, v\u00e1lida pela 32\u00aa rodada do Brasileir\u00e3o, garantiu mais tr\u00eas pontos na conta do Rubro-Negro pelo topo da tabela, e o tema &#8216;chance de t\u00edtulo&#8217; voltou \u00e0 tona. Como de praxe, ao [&hellip;]<\/p>\n","protected":false},"author":18,"featured_media":171213,"comment_status":"open","ping_status":"closed","sticky":false,"template":"","format":"standard","meta":{"footnotes":""},"categories":[1],"tags":[],"class_list":["post-182348","post","type-post","status-publish","format-standard","has-post-thumbnail","hentry","category-flamengo"],"yoast_head":"<!-- This site is optimized with the Yoast SEO Premium plugin v24.2 (Yoast SEO v26.9) - https:\/\/yoast.com\/product\/yoast-seo-premium-wordpress\/ -->\n<title>A declara\u00e7\u00e3o de Filipe Lu\u00eds sobre a possibilidade de o Flamengo ser campe\u00e3o brasileiro<\/title>\n<meta name=\"robots\" content=\"index, follow, max-snippet:-1, max-image-preview:large, max-video-preview:-1\" \/>\n<link rel=\"canonical\" href=\"https:\/\/www.gaveanews.com\/index.php\/2024\/11\/07\/a-declaracao-de-filipe-luis-sobre-a-possibilidade-de-o-flamengo-ser-campeao-brasileiro\/\" \/>\n<meta property=\"og:locale\" content=\"pt_BR\" \/>\n<meta property=\"og:type\" content=\"article\" \/>\n<meta property=\"og:title\" content=\"A declara\u00e7\u00e3o de Filipe Lu\u00eds sobre a possibilidade de o Flamengo ser campe\u00e3o brasileiro\" \/>\n<meta property=\"og:description\" content=\"O Flamengo venceu o Cruzeiro por 1 a 0, com gol de falta de David Luiz, no Est\u00e1dio Independ\u00eancia, nesta quarta-feira (6). A partida, v\u00e1lida pela 32\u00aa rodada do Brasileir\u00e3o, garantiu mais tr\u00eas pontos na conta do Rubro-Negro pelo topo da tabela, e o tema &#8216;chance de t\u00edtulo&#8217; voltou \u00e0 tona. Como de praxe, ao [&hellip;]\" \/>\n<meta property=\"og:url\" content=\"https:\/\/www.gaveanews.com\/index.php\/2024\/11\/07\/a-declaracao-de-filipe-luis-sobre-a-possibilidade-de-o-flamengo-ser-campeao-brasileiro\/\" \/>\n<meta property=\"og:site_name\" content=\"G\u00e1vea News\" \/>\n<meta property=\"article:publisher\" content=\"https:\/\/facebook.com\/gaveaNews\/\" \/>\n<meta property=\"article:published_time\" content=\"2024-11-07T03:41:53+00:00\" \/>\n<meta property=\"article:modified_time\" content=\"2024-11-07T03:41:56+00:00\" \/>\n<meta property=\"og:image\" content=\"https:\/\/www.gaveanews.com\/wp-content\/uploads\/Filipe-Luis-como-tecnico-do-Flamengo-em-2024.webp\" \/>\n\t<meta property=\"og:image:width\" content=\"1065\" \/>\n\t<meta property=\"og:image:height\" content=\"710\" \/>\n\t<meta property=\"og:image:type\" content=\"image\/webp\" \/>\n<meta name=\"author\" content=\"Paula Silva\" \/>\n<meta name=\"twitter:card\" content=\"summary_large_image\" \/>\n<meta name=\"twitter:label1\" content=\"Escrito por\" \/>\n\t<meta name=\"twitter:data1\" content=\"Paula Silva\" \/>\n\t<meta name=\"twitter:label2\" content=\"Est. tempo de leitura\" \/>\n\t<meta name=\"twitter:data2\" content=\"3 minutos\" \/>\n<script type=\"application\/ld+json\" class=\"yoast-schema-graph\">{\"@context\":\"https:\/\/schema.org\",\"@graph\":[{\"@type\":\"NewsArticle\",\"@id\":\"https:\/\/www.gaveanews.com\/index.php\/2024\/11\/07\/a-declaracao-de-filipe-luis-sobre-a-possibilidade-de-o-flamengo-ser-campeao-brasileiro\/#article\",\"isPartOf\":{\"@id\":\"https:\/\/www.gaveanews.com\/index.php\/2024\/11\/07\/a-declaracao-de-filipe-luis-sobre-a-possibilidade-de-o-flamengo-ser-campeao-brasileiro\/\"},\"author\":{\"name\":\"Paula Silva\",\"@id\":\"https:\/\/www.gaveanews.com\/#\/schema\/person\/daf63eec72e1164eb13dc35096c2b8da\"},\"headline\":\"A declara\u00e7\u00e3o de Filipe Lu\u00eds sobre a possibilidade de o Flamengo ser campe\u00e3o brasileiro\",\"datePublished\":\"2024-11-07T03:41:53+00:00\",\"dateModified\":\"2024-11-07T03:41:56+00:00\",\"mainEntityOfPage\":{\"@id\":\"https:\/\/www.gaveanews.com\/index.php\/2024\/11\/07\/a-declaracao-de-filipe-luis-sobre-a-possibilidade-de-o-flamengo-ser-campeao-brasileiro\/\"},\"wordCount\":472,\"commentCount\":0,\"image\":{\"@id\":\"https:\/\/www.gaveanews.com\/index.php\/2024\/11\/07\/a-declaracao-de-filipe-luis-sobre-a-possibilidade-de-o-flamengo-ser-campeao-brasileiro\/#primaryimage\"},\"thumbnailUrl\":\"https:\/\/www.gaveanews.com\/wp-content\/uploads\/Filipe-Luis-como-tecnico-do-Flamengo-em-2024.webp\",\"articleSection\":[\"Flamengo\"],\"inLanguage\":\"pt-BR\",\"potentialAction\":[{\"@type\":\"CommentAction\",\"name\":\"Comment\",\"target\":[\"https:\/\/www.gaveanews.com\/index.php\/2024\/11\/07\/a-declaracao-de-filipe-luis-sobre-a-possibilidade-de-o-flamengo-ser-campeao-brasileiro\/#respond\"]}],\"copyrightYear\":\"2024\",\"copyrightHolder\":{\"@id\":\"https:\/\/www.gaveanews.com\/#organization\"}},{\"@type\":\"WebPage\",\"@id\":\"https:\/\/www.gaveanews.com\/index.php\/2024\/11\/07\/a-declaracao-de-filipe-luis-sobre-a-possibilidade-de-o-flamengo-ser-campeao-brasileiro\/\",\"url\":\"https:\/\/www.gaveanews.com\/index.php\/2024\/11\/07\/a-declaracao-de-filipe-luis-sobre-a-possibilidade-de-o-flamengo-ser-campeao-brasileiro\/\",\"name\":\"A declara\u00e7\u00e3o de Filipe Lu\u00eds sobre a possibilidade de o Flamengo ser campe\u00e3o brasileiro\",\"isPartOf\":{\"@id\":\"https:\/\/www.gaveanews.com\/#website\"},\"primaryImageOfPage\":{\"@id\":\"https:\/\/www.gaveanews.com\/index.php\/2024\/11\/07\/a-declaracao-de-filipe-luis-sobre-a-possibilidade-de-o-flamengo-ser-campeao-brasileiro\/#primaryimage\"},\"image\":{\"@id\":\"https:\/\/www.gaveanews.com\/index.php\/2024\/11\/07\/a-declaracao-de-filipe-luis-sobre-a-possibilidade-de-o-flamengo-ser-campeao-brasileiro\/#primaryimage\"},\"thumbnailUrl\":\"https:\/\/www.gaveanews.com\/wp-content\/uploads\/Filipe-Luis-como-tecnico-do-Flamengo-em-2024.webp\",\"datePublished\":\"2024-11-07T03:41:53+00:00\",\"dateModified\":\"2024-11-07T03:41:56+00:00\",\"author\":{\"@id\":\"https:\/\/www.gaveanews.com\/#\/schema\/person\/daf63eec72e1164eb13dc35096c2b8da\"},\"breadcrumb\":{\"@id\":\"https:\/\/www.gaveanews.com\/index.php\/2024\/11\/07\/a-declaracao-de-filipe-luis-sobre-a-possibilidade-de-o-flamengo-ser-campeao-brasileiro\/#breadcrumb\"},\"inLanguage\":\"pt-BR\",\"potentialAction\":[{\"@type\":\"ReadAction\",\"target\":[\"https:\/\/www.gaveanews.com\/index.php\/2024\/11\/07\/a-declaracao-de-filipe-luis-sobre-a-possibilidade-de-o-flamengo-ser-campeao-brasileiro\/\"]}]},{\"@type\":\"ImageObject\",\"inLanguage\":\"pt-BR\",\"@id\":\"https:\/\/www.gaveanews.com\/index.php\/2024\/11\/07\/a-declaracao-de-filipe-luis-sobre-a-possibilidade-de-o-flamengo-ser-campeao-brasileiro\/#primaryimage\",\"url\":\"https:\/\/www.gaveanews.com\/wp-content\/uploads\/Filipe-Luis-como-tecnico-do-Flamengo-em-2024.webp\",\"contentUrl\":\"https:\/\/www.gaveanews.com\/wp-content\/uploads\/Filipe-Luis-como-tecnico-do-Flamengo-em-2024.webp\",\"width\":1065,\"height\":710,\"caption\":\"Filipe Lu\u00eds como t\u00e9cnico do Flamengo em (Foto: Gilvan de Souza e Marcelo Cortes \/ CRF)\"},{\"@type\":\"BreadcrumbList\",\"@id\":\"https:\/\/www.gaveanews.com\/index.php\/2024\/11\/07\/a-declaracao-de-filipe-luis-sobre-a-possibilidade-de-o-flamengo-ser-campeao-brasileiro\/#breadcrumb\",\"itemListElement\":[{\"@type\":\"ListItem\",\"position\":1,\"name\":\"Home\",\"item\":\"https:\/\/www.gaveanews.com\/\"},{\"@type\":\"ListItem\",\"position\":2,\"name\":\"A declara\u00e7\u00e3o de Filipe Lu\u00eds sobre a possibilidade de o Flamengo ser campe\u00e3o brasileiro\"}]},{\"@type\":\"WebSite\",\"@id\":\"https:\/\/www.gaveanews.com\/#website\",\"url\":\"https:\/\/www.gaveanews.com\/\",\"name\":\"G\u00e1vea News\",\"description\":\"Veja todas as not\u00edcias sobre o Flamengo: Contrata\u00e7\u00f5es, categorias de base, resultados das partidas, tabela de classifica\u00e7\u00e3o, pr\u00f3ximos jogos!\",\"potentialAction\":[{\"@type\":\"SearchAction\",\"target\":{\"@type\":\"EntryPoint\",\"urlTemplate\":\"https:\/\/www.gaveanews.com\/?s={search_term_string}\"},\"query-input\":{\"@type\":\"PropertyValueSpecification\",\"valueRequired\":true,\"valueName\":\"search_term_string\"}}],\"inLanguage\":\"pt-BR\"},{\"@type\":\"Person\",\"@id\":\"https:\/\/www.gaveanews.com\/#\/schema\/person\/daf63eec72e1164eb13dc35096c2b8da\",\"name\":\"Paula Silva\",\"image\":{\"@type\":\"ImageObject\",\"inLanguage\":\"pt-BR\",\"@id\":\"https:\/\/www.gaveanews.com\/#\/schema\/person\/image\/\",\"url\":\"https:\/\/secure.gravatar.com\/avatar\/eda381c845527cc5d64c13b901833cda29d97500ba040d3e6461f76f51d163bb?s=96&d=mm&r=g\",\"contentUrl\":\"https:\/\/secure.gravatar.com\/avatar\/eda381c845527cc5d64c13b901833cda29d97500ba040d3e6461f76f51d163bb?s=96&d=mm&r=g\",\"caption\":\"Paula Silva\"}}]}<\/script>\n<!-- \/ Yoast SEO Premium plugin. -->","yoast_head_json":{"title":"A declara\u00e7\u00e3o de Filipe Lu\u00eds sobre a possibilidade de o Flamengo ser campe\u00e3o brasileiro","robots":{"index":"index","follow":"follow","max-snippet":"max-snippet:-1","max-image-preview":"max-image-preview:large","max-video-preview":"max-video-preview:-1"},"canonical":"https:\/\/www.gaveanews.com\/index.php\/2024\/11\/07\/a-declaracao-de-filipe-luis-sobre-a-possibilidade-de-o-flamengo-ser-campeao-brasileiro\/","og_locale":"pt_BR","og_type":"article","og_title":"A declara\u00e7\u00e3o de Filipe Lu\u00eds sobre a possibilidade de o Flamengo ser campe\u00e3o brasileiro","og_description":"O Flamengo venceu o Cruzeiro por 1 a 0, com gol de falta de David Luiz, no Est\u00e1dio Independ\u00eancia, nesta quarta-feira (6). A partida, v\u00e1lida pela 32\u00aa rodada do Brasileir\u00e3o, garantiu mais tr\u00eas pontos na conta do Rubro-Negro pelo topo da tabela, e o tema &#8216;chance de t\u00edtulo&#8217; voltou \u00e0 tona. Como de praxe, ao [&hellip;]","og_url":"https:\/\/www.gaveanews.com\/index.php\/2024\/11\/07\/a-declaracao-de-filipe-luis-sobre-a-possibilidade-de-o-flamengo-ser-campeao-brasileiro\/","og_site_name":"G\u00e1vea News","article_publisher":"https:\/\/facebook.com\/gaveaNews\/","article_published_time":"2024-11-07T03:41:53+00:00","article_modified_time":"2024-11-07T03:41:56+00:00","og_image":[{"width":1065,"height":710,"url":"https:\/\/www.gaveanews.com\/wp-content\/uploads\/Filipe-Luis-como-tecnico-do-Flamengo-em-2024.webp","type":"image\/webp"}],"author":"Paula Silva","twitter_card":"summary_large_image","twitter_misc":{"Escrito por":"Paula Silva","Est. tempo de leitura":"3 minutos"},"schema":{"@context":"https:\/\/schema.org","@graph":[{"@type":"NewsArticle","@id":"https:\/\/www.gaveanews.com\/index.php\/2024\/11\/07\/a-declaracao-de-filipe-luis-sobre-a-possibilidade-de-o-flamengo-ser-campeao-brasileiro\/#article","isPartOf":{"@id":"https:\/\/www.gaveanews.com\/index.php\/2024\/11\/07\/a-declaracao-de-filipe-luis-sobre-a-possibilidade-de-o-flamengo-ser-campeao-brasileiro\/"},"author":{"name":"Paula Silva","@id":"https:\/\/www.gaveanews.com\/#\/schema\/person\/daf63eec72e1164eb13dc35096c2b8da"},"headline":"A declara\u00e7\u00e3o de Filipe Lu\u00eds sobre a possibilidade de o Flamengo ser campe\u00e3o brasileiro","datePublished":"2024-11-07T03:41:53+00:00","dateModified":"2024-11-07T03:41:56+00:00","mainEntityOfPage":{"@id":"https:\/\/www.gaveanews.com\/index.php\/2024\/11\/07\/a-declaracao-de-filipe-luis-sobre-a-possibilidade-de-o-flamengo-ser-campeao-brasileiro\/"},"wordCount":472,"commentCount":0,"image":{"@id":"https:\/\/www.gaveanews.com\/index.php\/2024\/11\/07\/a-declaracao-de-filipe-luis-sobre-a-possibilidade-de-o-flamengo-ser-campeao-brasileiro\/#primaryimage"},"thumbnailUrl":"https:\/\/www.gaveanews.com\/wp-content\/uploads\/Filipe-Luis-como-tecnico-do-Flamengo-em-2024.webp","articleSection":["Flamengo"],"inLanguage":"pt-BR","potentialAction":[{"@type":"CommentAction","name":"Comment","target":["https:\/\/www.gaveanews.com\/index.php\/2024\/11\/07\/a-declaracao-de-filipe-luis-sobre-a-possibilidade-de-o-flamengo-ser-campeao-brasileiro\/#respond"]}],"copyrightYear":"2024","copyrightHolder":{"@id":"https:\/\/www.gaveanews.com\/#organization"}},{"@type":"WebPage","@id":"https:\/\/www.gaveanews.com\/index.php\/2024\/11\/07\/a-declaracao-de-filipe-luis-sobre-a-possibilidade-de-o-flamengo-ser-campeao-brasileiro\/","url":"https:\/\/www.gaveanews.com\/index.php\/2024\/11\/07\/a-declaracao-de-filipe-luis-sobre-a-possibilidade-de-o-flamengo-ser-campeao-brasileiro\/","name":"A declara\u00e7\u00e3o de Filipe Lu\u00eds sobre a possibilidade de o Flamengo ser campe\u00e3o brasileiro","isPartOf":{"@id":"https:\/\/www.gaveanews.com\/#website"},"primaryImageOfPage":{"@id":"https:\/\/www.gaveanews.com\/index.php\/2024\/11\/07\/a-declaracao-de-filipe-luis-sobre-a-possibilidade-de-o-flamengo-ser-campeao-brasileiro\/#primaryimage"},"image":{"@id":"https:\/\/www.gaveanews.com\/index.php\/2024\/11\/07\/a-declaracao-de-filipe-luis-sobre-a-possibilidade-de-o-flamengo-ser-campeao-brasileiro\/#primaryimage"},"thumbnailUrl":"https:\/\/www.gaveanews.com\/wp-content\/uploads\/Filipe-Luis-como-tecnico-do-Flamengo-em-2024.webp","datePublished":"2024-11-07T03:41:53+00:00","dateModified":"2024-11-07T03:41:56+00:00","author":{"@id":"https:\/\/www.gaveanews.com\/#\/schema\/person\/daf63eec72e1164eb13dc35096c2b8da"},"breadcrumb":{"@id":"https:\/\/www.gaveanews.com\/index.php\/2024\/11\/07\/a-declaracao-de-filipe-luis-sobre-a-possibilidade-de-o-flamengo-ser-campeao-brasileiro\/#breadcrumb"},"inLanguage":"pt-BR","potentialAction":[{"@type":"ReadAction","target":["https:\/\/www.gaveanews.com\/index.php\/2024\/11\/07\/a-declaracao-de-filipe-luis-sobre-a-possibilidade-de-o-flamengo-ser-campeao-brasileiro\/"]}]},{"@type":"ImageObject","inLanguage":"pt-BR","@id":"https:\/\/www.gaveanews.com\/index.php\/2024\/11\/07\/a-declaracao-de-filipe-luis-sobre-a-possibilidade-de-o-flamengo-ser-campeao-brasileiro\/#primaryimage","url":"https:\/\/www.gaveanews.com\/wp-content\/uploads\/Filipe-Luis-como-tecnico-do-Flamengo-em-2024.webp","contentUrl":"https:\/\/www.gaveanews.com\/wp-content\/uploads\/Filipe-Luis-como-tecnico-do-Flamengo-em-2024.webp","width":1065,"height":710,"caption":"Filipe Lu\u00eds como t\u00e9cnico do Flamengo em (Foto: Gilvan de Souza e Marcelo Cortes \/ CRF)"},{"@type":"BreadcrumbList","@id":"https:\/\/www.gaveanews.com\/index.php\/2024\/11\/07\/a-declaracao-de-filipe-luis-sobre-a-possibilidade-de-o-flamengo-ser-campeao-brasileiro\/#breadcrumb","itemListElement":[{"@type":"ListItem","position":1,"name":"Home","item":"https:\/\/www.gaveanews.com\/"},{"@type":"ListItem","position":2,"name":"A declara\u00e7\u00e3o de Filipe Lu\u00eds sobre a possibilidade de o Flamengo ser campe\u00e3o brasileiro"}]},{"@type":"WebSite","@id":"https:\/\/www.gaveanews.com\/#website","url":"https:\/\/www.gaveanews.com\/","name":"G\u00e1vea News","description":"Veja todas as not\u00edcias sobre o Flamengo: Contrata\u00e7\u00f5es, categorias de base, resultados das partidas, tabela de classifica\u00e7\u00e3o, pr\u00f3ximos jogos!","potentialAction":[{"@type":"SearchAction","target":{"@type":"EntryPoint","urlTemplate":"https:\/\/www.gaveanews.com\/?s={search_term_string}"},"query-input":{"@type":"PropertyValueSpecification","valueRequired":true,"valueName":"search_term_string"}}],"inLanguage":"pt-BR"},{"@type":"Person","@id":"https:\/\/www.gaveanews.com\/#\/schema\/person\/daf63eec72e1164eb13dc35096c2b8da","name":"Paula Silva","image":{"@type":"ImageObject","inLanguage":"pt-BR","@id":"https:\/\/www.gaveanews.com\/#\/schema\/person\/image\/","url":"https:\/\/secure.gravatar.com\/avatar\/eda381c845527cc5d64c13b901833cda29d97500ba040d3e6461f76f51d163bb?s=96&d=mm&r=g","contentUrl":"https:\/\/secure.gravatar.com\/avatar\/eda381c845527cc5d64c13b901833cda29d97500ba040d3e6461f76f51d163bb?s=96&d=mm&r=g","caption":"Paula Silva"}}]}},"_links":{"self":[{"href":"https:\/\/www.gaveanews.com\/index.php\/wp-json\/wp\/v2\/posts\/182348","targetHints":{"allow":["GET"]}}],"collection":[{"href":"https:\/\/www.gaveanews.com\/index.php\/wp-json\/wp\/v2\/posts"}],"about":[{"href":"https:\/\/www.gaveanews.com\/index.php\/wp-json\/wp\/v2\/types\/post"}],"author":[{"embeddable":true,"href":"https:\/\/www.gaveanews.com\/index.php\/wp-json\/wp\/v2\/users\/18"}],"replies":[{"embeddable":true,"href":"https:\/\/www.gaveanews.com\/index.php\/wp-json\/wp\/v2\/comments?post=182348"}],"version-history":[{"count":1,"href":"https:\/\/www.gaveanews.com\/index.php\/wp-json\/wp\/v2\/posts\/182348\/revisions"}],"predecessor-version":[{"id":182351,"href":"https:\/\/www.gaveanews.com\/index.php\/wp-json\/wp\/v2\/posts\/182348\/revisions\/182351"}],"wp:featuredmedia":[{"embeddable":true,"href":"https:\/\/www.gaveanews.com\/index.php\/wp-json\/wp\/v2\/media\/171213"}],"wp:attachment":[{"href":"https:\/\/www.gaveanews.com\/index.php\/wp-json\/wp\/v2\/media?parent=182348"}],"wp:term":[{"taxonomy":"category","embeddable":true,"href":"https:\/\/www.gaveanews.com\/index.php\/wp-json\/wp\/v2\/categories?post=182348"},{"taxonomy":"post_tag","embeddable":true,"href":"https:\/\/www.gaveanews.com\/index.php\/wp-json\/wp\/v2\/tags?post=182348"}],"curies":[{"name":"wp","href":"https:\/\/api.w.org\/{rel}","templated":true}]}}